{"id":11910,"date":"2022-01-04T13:20:15","date_gmt":"2022-01-04T13:20:15","guid":{"rendered":"https:\/\/cvinoticias.com\/v3\/?p=11910"},"modified":"2022-01-04T14:34:16","modified_gmt":"2022-01-04T14:34:16","slug":"brasil-confirmo-los-primeros-casos-de-flurona-en-america-latina","status":"publish","type":"post","link":"https:\/\/cvinoticias.com\/v3\/brasil-confirmo-los-primeros-casos-de-flurona-en-america-latina\/","title":{"rendered":"Brasil confirm\u00f3 los primeros casos de flurona en Am\u00e9rica Latina"},"content":{"rendered":"\n<p><strong><em>Las autoridades sanitarias detectaron la infecci\u00f3n de coronavirus y gripe a la vez en dos beb\u00e9s y en un hombre de 52 a\u00f1os<\/em><\/strong><\/p>\n\n\n\n<p>Las autoridades de Brasil han confirmado este lunes los primeros casos de flurona, una infecci\u00f3n de coronavirus y gripe a la vez, con lo que se convierte en el primer pa\u00eds de Am\u00e9rica en notificar este tipo de doble contagios en el marco de la pandemia.<\/p>\n\n\n\n<p>As\u00ed, un total de tres casos han sido confirmados en la ciudad de Fortaleza, situada en la regi\u00f3n de Cear\u00e1, seg\u00fan ha recogido el diario Folha de S. Paulo. Se trata de dos beb\u00e9s de un a\u00f1o y un hombre de 52 a\u00f1os.<\/p>\n\n\n\n<p>La Secretar\u00eda de Salud del estado ha se\u00f1alado que por ahora no se sabe qu\u00e9 variante del coronavirus est\u00e1 detr\u00e1s de los contagios, antes de detallar que en el caso de la gripe se trata de la H3N2.<\/p>\n\n\n\n<p>Por su parte, una adolescente de 16 a\u00f1os ha dado positivo por coronavirus y gripe en R\u00edo de Janeiro, seg\u00fan las pruebas publicadas por su madre, si bien las autoridades han dicho que no est\u00e1 a\u00fan confirmada.<\/p>\n\n\n\n<p>La madre de la adolescente ha publicado los resultados en redes sociales, si bien la Secretar\u00eda de Estado ha dicho que en general se notifica la enfermedad de mayor gravedad, en este caso la COVID-19.<\/p>\n\n\n\n<p>\u201cEs importante resaltar que por ahora no hay estudios cient\u00edficos publicados que confirmen las implicaciones cl\u00ednicas o inmunol\u00f3gicas de la infecci\u00f3n conjunta\u201d, ha se\u00f1alado el organismo, antes de hacer hincapi\u00e9 en que \u201cseguir\u00e1 cualquier caso notificado en el estado\u201d.<\/p>\n\n\n\n<p><\/p>\n","protected":false},"excerpt":{"rendered":"<p>Las autoridades sanitarias detectaron la infecci\u00f3n de coronavirus y gripe a la vez en dos beb\u00e9s y en un hombre de 52 a\u00f1os Las autoridades de Brasil han confirmado este lunes los primeros casos de flurona, una infecci\u00f3n de coronavirus y gripe a la vez, con lo que se convierte en el primer pa\u00eds de [&hellip;]<\/p>\n","protected":false},"author":2,"featured_media":11911,"comment_status":"open","ping_status":"open","sticky":false,"template":"","format":"standard","meta":{"footnotes":""},"categories":[23],"tags":[],"class_list":["post-11910","post","type-post","status-publish","format-standard","has-post-thumbnail","hentry","category-covid-19"],"yoast_head":"<!-- This site is optimized with the Yoast SEO plugin v27.5 - https:\/\/yoast.com\/product\/yoast-seo-wordpress\/ -->\n<title>Brasil confirm\u00f3 los primeros casos de flurona en Am\u00e9rica Latina | CVI NOTICIAS<\/title>\n<meta name=\"robots\" content=\"index, follow, max-snippet:-1, max-image-preview:large, max-video-preview:-1\" \/>\n<link rel=\"canonical\" href=\"https:\/\/cvinoticias.com\/v3\/brasil-confirmo-los-primeros-casos-de-flurona-en-america-latina\/\" \/>\n<meta property=\"og:locale\" content=\"es_ES\" \/>\n<meta property=\"og:type\" content=\"article\" \/>\n<meta property=\"og:title\" content=\"Brasil confirm\u00f3 los primeros casos de flurona en Am\u00e9rica Latina | CVI NOTICIAS\" \/>\n<meta property=\"og:description\" content=\"Las autoridades sanitarias detectaron la infecci\u00f3n de coronavirus y gripe a la vez en dos beb\u00e9s y en un hombre de 52 a\u00f1os Las autoridades de Brasil han confirmado este lunes los primeros casos de flurona, una infecci\u00f3n de coronavirus y gripe a la vez, con lo que se convierte en el primer pa\u00eds de [&hellip;]\" \/>\n<meta property=\"og:url\" content=\"https:\/\/cvinoticias.com\/v3\/brasil-confirmo-los-primeros-casos-de-flurona-en-america-latina\/\" \/>\n<meta property=\"og:site_name\" content=\"CVI NOTICIAS\" \/>\n<meta property=\"article:publisher\" content=\"https:\/\/www.facebook.com\/cvinoticias\" \/>\n<meta property=\"article:published_time\" content=\"2022-01-04T13:20:15+00:00\" \/>\n<meta property=\"article:modified_time\" content=\"2022-01-04T14:34:16+00:00\" \/>\n<meta property=\"og:image\" content=\"https:\/\/cvinoticias.com\/wp-content\/uploads\/2022\/01\/lka-covid-results-2.jpg\" \/>\n\t<meta property=\"og:image:width\" content=\"780\" \/>\n\t<meta property=\"og:image:height\" content=\"439\" \/>\n\t<meta property=\"og:image:type\" content=\"image\/jpeg\" \/>\n<meta name=\"author\" content=\"f1000024\" \/>\n<meta name=\"twitter:card\" content=\"summary_large_image\" \/>\n<meta name=\"twitter:label1\" content=\"Escrito por\" \/>\n\t<meta name=\"twitter:data1\" content=\"f1000024\" \/>\n\t<meta name=\"twitter:label2\" content=\"Tiempo de lectura\" \/>\n\t<meta name=\"twitter:data2\" content=\"1 minuto\" \/>\n<script type=\"application\/ld+json\" class=\"yoast-schema-graph\">{\"@context\":\"https:\\\/\\\/schema.org\",\"@graph\":[{\"@type\":\"Article\",\"@id\":\"https:\\\/\\\/cvinoticias.com\\\/v3\\\/brasil-confirmo-los-primeros-casos-de-flurona-en-america-latina\\\/#article\",\"isPartOf\":{\"@id\":\"https:\\\/\\\/cvinoticias.com\\\/v3\\\/brasil-confirmo-los-primeros-casos-de-flurona-en-america-latina\\\/\"},\"author\":{\"name\":\"f1000024\",\"@id\":\"https:\\\/\\\/cvinoticias.com\\\/v3\\\/#\\\/schema\\\/person\\\/2db77e3c6bc03c538495d7b2b8be9b66\"},\"headline\":\"Brasil confirm\u00f3 los primeros casos de flurona en Am\u00e9rica Latina\",\"datePublished\":\"2022-01-04T13:20:15+00:00\",\"dateModified\":\"2022-01-04T14:34:16+00:00\",\"mainEntityOfPage\":{\"@id\":\"https:\\\/\\\/cvinoticias.com\\\/v3\\\/brasil-confirmo-los-primeros-casos-de-flurona-en-america-latina\\\/\"},\"wordCount\":294,\"commentCount\":0,\"publisher\":{\"@id\":\"https:\\\/\\\/cvinoticias.com\\\/v3\\\/#organization\"},\"image\":{\"@id\":\"https:\\\/\\\/cvinoticias.com\\\/v3\\\/brasil-confirmo-los-primeros-casos-de-flurona-en-america-latina\\\/#primaryimage\"},\"thumbnailUrl\":\"https:\\\/\\\/cvinoticias.com\\\/wp-content\\\/uploads\\\/2022\\\/01\\\/lka-covid-results-2.jpg\",\"articleSection\":[\"Covid-19\"],\"inLanguage\":\"es\",\"potentialAction\":[{\"@type\":\"CommentAction\",\"name\":\"Comment\",\"target\":[\"https:\\\/\\\/cvinoticias.com\\\/v3\\\/brasil-confirmo-los-primeros-casos-de-flurona-en-america-latina\\\/#respond\"]}]},{\"@type\":\"WebPage\",\"@id\":\"https:\\\/\\\/cvinoticias.com\\\/v3\\\/brasil-confirmo-los-primeros-casos-de-flurona-en-america-latina\\\/\",\"url\":\"https:\\\/\\\/cvinoticias.com\\\/v3\\\/brasil-confirmo-los-primeros-casos-de-flurona-en-america-latina\\\/\",\"name\":\"Brasil confirm\u00f3 los primeros casos de flurona en Am\u00e9rica Latina | CVI NOTICIAS\",\"isPartOf\":{\"@id\":\"https:\\\/\\\/cvinoticias.com\\\/v3\\\/#website\"},\"primaryImageOfPage\":{\"@id\":\"https:\\\/\\\/cvinoticias.com\\\/v3\\\/brasil-confirmo-los-primeros-casos-de-flurona-en-america-latina\\\/#primaryimage\"},\"image\":{\"@id\":\"https:\\\/\\\/cvinoticias.com\\\/v3\\\/brasil-confirmo-los-primeros-casos-de-flurona-en-america-latina\\\/#primaryimage\"},\"thumbnailUrl\":\"https:\\\/\\\/cvinoticias.com\\\/wp-content\\\/uploads\\\/2022\\\/01\\\/lka-covid-results-2.jpg\",\"datePublished\":\"2022-01-04T13:20:15+00:00\",\"dateModified\":\"2022-01-04T14:34:16+00:00\",\"breadcrumb\":{\"@id\":\"https:\\\/\\\/cvinoticias.com\\\/v3\\\/brasil-confirmo-los-primeros-casos-de-flurona-en-america-latina\\\/#breadcrumb\"},\"inLanguage\":\"es\",\"potentialAction\":[{\"@type\":\"ReadAction\",\"target\":[\"https:\\\/\\\/cvinoticias.com\\\/v3\\\/brasil-confirmo-los-primeros-casos-de-flurona-en-america-latina\\\/\"]}]},{\"@type\":\"ImageObject\",\"inLanguage\":\"es\",\"@id\":\"https:\\\/\\\/cvinoticias.com\\\/v3\\\/brasil-confirmo-los-primeros-casos-de-flurona-en-america-latina\\\/#primaryimage\",\"url\":\"https:\\\/\\\/cvinoticias.com\\\/wp-content\\\/uploads\\\/2022\\\/01\\\/lka-covid-results-2.jpg\",\"contentUrl\":\"https:\\\/\\\/cvinoticias.com\\\/wp-content\\\/uploads\\\/2022\\\/01\\\/lka-covid-results-2.jpg\",\"width\":780,\"height\":439},{\"@type\":\"BreadcrumbList\",\"@id\":\"https:\\\/\\\/cvinoticias.com\\\/v3\\\/brasil-confirmo-los-primeros-casos-de-flurona-en-america-latina\\\/#breadcrumb\",\"itemListElement\":[{\"@type\":\"ListItem\",\"position\":1,\"name\":\"Portada\",\"item\":\"https:\\\/\\\/cvinoticias.com\\\/v3\\\/\"},{\"@type\":\"ListItem\",\"position\":2,\"name\":\"Brasil confirm\u00f3 los primeros casos de flurona en Am\u00e9rica Latina\"}]},{\"@type\":\"WebSite\",\"@id\":\"https:\\\/\\\/cvinoticias.com\\\/v3\\\/#website\",\"url\":\"https:\\\/\\\/cvinoticias.com\\\/v3\\\/\",\"name\":\"CVI NOTICIAS\",\"description\":\"\",\"publisher\":{\"@id\":\"https:\\\/\\\/cvinoticias.com\\\/v3\\\/#organization\"},\"alternateName\":\"CVI\",\"potentialAction\":[{\"@type\":\"SearchAction\",\"target\":{\"@type\":\"EntryPoint\",\"urlTemplate\":\"https:\\\/\\\/cvinoticias.com\\\/v3\\\/?s={search_term_string}\"},\"query-input\":{\"@type\":\"PropertyValueSpecification\",\"valueRequired\":true,\"valueName\":\"search_term_string\"}}],\"inLanguage\":\"es\"},{\"@type\":\"Organization\",\"@id\":\"https:\\\/\\\/cvinoticias.com\\\/v3\\\/#organization\",\"name\":\"CVI NOTICIAS\",\"url\":\"https:\\\/\\\/cvinoticias.com\\\/v3\\\/\",\"logo\":{\"@type\":\"ImageObject\",\"inLanguage\":\"es\",\"@id\":\"https:\\\/\\\/cvinoticias.com\\\/v3\\\/#\\\/schema\\\/logo\\\/image\\\/\",\"url\":\"https:\\\/\\\/cvinoticias.com\\\/wp-content\\\/uploads\\\/2023\\\/04\\\/cropped-cropped-cropped-cropped-cropped-3-1.png\",\"contentUrl\":\"https:\\\/\\\/cvinoticias.com\\\/wp-content\\\/uploads\\\/2023\\\/04\\\/cropped-cropped-cropped-cropped-cropped-3-1.png\",\"width\":95,\"height\":122,\"caption\":\"CVI NOTICIAS\"},\"image\":{\"@id\":\"https:\\\/\\\/cvinoticias.com\\\/v3\\\/#\\\/schema\\\/logo\\\/image\\\/\"},\"sameAs\":[\"https:\\\/\\\/www.facebook.com\\\/cvinoticias\",\"https:\\\/\\\/www.instagram.com\\\/cvinoticias\\\/\",\"https:\\\/\\\/www.youtube.com\\\/@CVINOTICIAS\"]},{\"@type\":\"Person\",\"@id\":\"https:\\\/\\\/cvinoticias.com\\\/v3\\\/#\\\/schema\\\/person\\\/2db77e3c6bc03c538495d7b2b8be9b66\",\"name\":\"f1000024\",\"image\":{\"@type\":\"ImageObject\",\"inLanguage\":\"es\",\"@id\":\"https:\\\/\\\/secure.gravatar.com\\\/avatar\\\/d4fe7459cfc51ff5129ce1a732bbef5928568b8092d412ef95611616376bbeed?s=96&d=mm&r=g\",\"url\":\"https:\\\/\\\/secure.gravatar.com\\\/avatar\\\/d4fe7459cfc51ff5129ce1a732bbef5928568b8092d412ef95611616376bbeed?s=96&d=mm&r=g\",\"contentUrl\":\"https:\\\/\\\/secure.gravatar.com\\\/avatar\\\/d4fe7459cfc51ff5129ce1a732bbef5928568b8092d412ef95611616376bbeed?s=96&d=mm&r=g\",\"caption\":\"f1000024\"},\"url\":\"https:\\\/\\\/cvinoticias.com\\\/v3\\\/author\\\/f1000024\\\/\"}]}<\/script>\n<!-- \/ Yoast SEO plugin. -->","yoast_head_json":{"title":"Brasil confirm\u00f3 los primeros casos de flurona en Am\u00e9rica Latina | CVI NOTICIAS","robots":{"index":"index","follow":"follow","max-snippet":"max-snippet:-1","max-image-preview":"max-image-preview:large","max-video-preview":"max-video-preview:-1"},"canonical":"https:\/\/cvinoticias.com\/v3\/brasil-confirmo-los-primeros-casos-de-flurona-en-america-latina\/","og_locale":"es_ES","og_type":"article","og_title":"Brasil confirm\u00f3 los primeros casos de flurona en Am\u00e9rica Latina | CVI NOTICIAS","og_description":"Las autoridades sanitarias detectaron la infecci\u00f3n de coronavirus y gripe a la vez en dos beb\u00e9s y en un hombre de 52 a\u00f1os Las autoridades de Brasil han confirmado este lunes los primeros casos de flurona, una infecci\u00f3n de coronavirus y gripe a la vez, con lo que se convierte en el primer pa\u00eds de [&hellip;]","og_url":"https:\/\/cvinoticias.com\/v3\/brasil-confirmo-los-primeros-casos-de-flurona-en-america-latina\/","og_site_name":"CVI NOTICIAS","article_publisher":"https:\/\/www.facebook.com\/cvinoticias","article_published_time":"2022-01-04T13:20:15+00:00","article_modified_time":"2022-01-04T14:34:16+00:00","og_image":[{"width":780,"height":439,"url":"https:\/\/cvinoticias.com\/wp-content\/uploads\/2022\/01\/lka-covid-results-2.jpg","type":"image\/jpeg"}],"author":"f1000024","twitter_card":"summary_large_image","twitter_misc":{"Escrito por":"f1000024","Tiempo de lectura":"1 minuto"},"schema":{"@context":"https:\/\/schema.org","@graph":[{"@type":"Article","@id":"https:\/\/cvinoticias.com\/v3\/brasil-confirmo-los-primeros-casos-de-flurona-en-america-latina\/#article","isPartOf":{"@id":"https:\/\/cvinoticias.com\/v3\/brasil-confirmo-los-primeros-casos-de-flurona-en-america-latina\/"},"author":{"name":"f1000024","@id":"https:\/\/cvinoticias.com\/v3\/#\/schema\/person\/2db77e3c6bc03c538495d7b2b8be9b66"},"headline":"Brasil confirm\u00f3 los primeros casos de flurona en Am\u00e9rica Latina","datePublished":"2022-01-04T13:20:15+00:00","dateModified":"2022-01-04T14:34:16+00:00","mainEntityOfPage":{"@id":"https:\/\/cvinoticias.com\/v3\/brasil-confirmo-los-primeros-casos-de-flurona-en-america-latina\/"},"wordCount":294,"commentCount":0,"publisher":{"@id":"https:\/\/cvinoticias.com\/v3\/#organization"},"image":{"@id":"https:\/\/cvinoticias.com\/v3\/brasil-confirmo-los-primeros-casos-de-flurona-en-america-latina\/#primaryimage"},"thumbnailUrl":"https:\/\/cvinoticias.com\/wp-content\/uploads\/2022\/01\/lka-covid-results-2.jpg","articleSection":["Covid-19"],"inLanguage":"es","potentialAction":[{"@type":"CommentAction","name":"Comment","target":["https:\/\/cvinoticias.com\/v3\/brasil-confirmo-los-primeros-casos-de-flurona-en-america-latina\/#respond"]}]},{"@type":"WebPage","@id":"https:\/\/cvinoticias.com\/v3\/brasil-confirmo-los-primeros-casos-de-flurona-en-america-latina\/","url":"https:\/\/cvinoticias.com\/v3\/brasil-confirmo-los-primeros-casos-de-flurona-en-america-latina\/","name":"Brasil confirm\u00f3 los primeros casos de flurona en Am\u00e9rica Latina | CVI NOTICIAS","isPartOf":{"@id":"https:\/\/cvinoticias.com\/v3\/#website"},"primaryImageOfPage":{"@id":"https:\/\/cvinoticias.com\/v3\/brasil-confirmo-los-primeros-casos-de-flurona-en-america-latina\/#primaryimage"},"image":{"@id":"https:\/\/cvinoticias.com\/v3\/brasil-confirmo-los-primeros-casos-de-flurona-en-america-latina\/#primaryimage"},"thumbnailUrl":"https:\/\/cvinoticias.com\/wp-content\/uploads\/2022\/01\/lka-covid-results-2.jpg","datePublished":"2022-01-04T13:20:15+00:00","dateModified":"2022-01-04T14:34:16+00:00","breadcrumb":{"@id":"https:\/\/cvinoticias.com\/v3\/brasil-confirmo-los-primeros-casos-de-flurona-en-america-latina\/#breadcrumb"},"inLanguage":"es","potentialAction":[{"@type":"ReadAction","target":["https:\/\/cvinoticias.com\/v3\/brasil-confirmo-los-primeros-casos-de-flurona-en-america-latina\/"]}]},{"@type":"ImageObject","inLanguage":"es","@id":"https:\/\/cvinoticias.com\/v3\/brasil-confirmo-los-primeros-casos-de-flurona-en-america-latina\/#primaryimage","url":"https:\/\/cvinoticias.com\/wp-content\/uploads\/2022\/01\/lka-covid-results-2.jpg","contentUrl":"https:\/\/cvinoticias.com\/wp-content\/uploads\/2022\/01\/lka-covid-results-2.jpg","width":780,"height":439},{"@type":"BreadcrumbList","@id":"https:\/\/cvinoticias.com\/v3\/brasil-confirmo-los-primeros-casos-de-flurona-en-america-latina\/#breadcrumb","itemListElement":[{"@type":"ListItem","position":1,"name":"Portada","item":"https:\/\/cvinoticias.com\/v3\/"},{"@type":"ListItem","position":2,"name":"Brasil confirm\u00f3 los primeros casos de flurona en Am\u00e9rica Latina"}]},{"@type":"WebSite","@id":"https:\/\/cvinoticias.com\/v3\/#website","url":"https:\/\/cvinoticias.com\/v3\/","name":"CVI NOTICIAS","description":"","publisher":{"@id":"https:\/\/cvinoticias.com\/v3\/#organization"},"alternateName":"CVI","potentialAction":[{"@type":"SearchAction","target":{"@type":"EntryPoint","urlTemplate":"https:\/\/cvinoticias.com\/v3\/?s={search_term_string}"},"query-input":{"@type":"PropertyValueSpecification","valueRequired":true,"valueName":"search_term_string"}}],"inLanguage":"es"},{"@type":"Organization","@id":"https:\/\/cvinoticias.com\/v3\/#organization","name":"CVI NOTICIAS","url":"https:\/\/cvinoticias.com\/v3\/","logo":{"@type":"ImageObject","inLanguage":"es","@id":"https:\/\/cvinoticias.com\/v3\/#\/schema\/logo\/image\/","url":"https:\/\/cvinoticias.com\/wp-content\/uploads\/2023\/04\/cropped-cropped-cropped-cropped-cropped-3-1.png","contentUrl":"https:\/\/cvinoticias.com\/wp-content\/uploads\/2023\/04\/cropped-cropped-cropped-cropped-cropped-3-1.png","width":95,"height":122,"caption":"CVI NOTICIAS"},"image":{"@id":"https:\/\/cvinoticias.com\/v3\/#\/schema\/logo\/image\/"},"sameAs":["https:\/\/www.facebook.com\/cvinoticias","https:\/\/www.instagram.com\/cvinoticias\/","https:\/\/www.youtube.com\/@CVINOTICIAS"]},{"@type":"Person","@id":"https:\/\/cvinoticias.com\/v3\/#\/schema\/person\/2db77e3c6bc03c538495d7b2b8be9b66","name":"f1000024","image":{"@type":"ImageObject","inLanguage":"es","@id":"https:\/\/secure.gravatar.com\/avatar\/d4fe7459cfc51ff5129ce1a732bbef5928568b8092d412ef95611616376bbeed?s=96&d=mm&r=g","url":"https:\/\/secure.gravatar.com\/avatar\/d4fe7459cfc51ff5129ce1a732bbef5928568b8092d412ef95611616376bbeed?s=96&d=mm&r=g","contentUrl":"https:\/\/secure.gravatar.com\/avatar\/d4fe7459cfc51ff5129ce1a732bbef5928568b8092d412ef95611616376bbeed?s=96&d=mm&r=g","caption":"f1000024"},"url":"https:\/\/cvinoticias.com\/v3\/author\/f1000024\/"}]}},"_links":{"self":[{"href":"https:\/\/cvinoticias.com\/v3\/wp-json\/wp\/v2\/posts\/11910","targetHints":{"allow":["GET"]}}],"collection":[{"href":"https:\/\/cvinoticias.com\/v3\/wp-json\/wp\/v2\/posts"}],"about":[{"href":"https:\/\/cvinoticias.com\/v3\/wp-json\/wp\/v2\/types\/post"}],"author":[{"embeddable":true,"href":"https:\/\/cvinoticias.com\/v3\/wp-json\/wp\/v2\/users\/2"}],"replies":[{"embeddable":true,"href":"https:\/\/cvinoticias.com\/v3\/wp-json\/wp\/v2\/comments?post=11910"}],"version-history":[{"count":3,"href":"https:\/\/cvinoticias.com\/v3\/wp-json\/wp\/v2\/posts\/11910\/revisions"}],"predecessor-version":[{"id":11926,"href":"https:\/\/cvinoticias.com\/v3\/wp-json\/wp\/v2\/posts\/11910\/revisions\/11926"}],"wp:featuredmedia":[{"embeddable":true,"href":"https:\/\/cvinoticias.com\/v3\/wp-json\/wp\/v2\/media\/11911"}],"wp:attachment":[{"href":"https:\/\/cvinoticias.com\/v3\/wp-json\/wp\/v2\/media?parent=11910"}],"wp:term":[{"taxonomy":"category","embeddable":true,"href":"https:\/\/cvinoticias.com\/v3\/wp-json\/wp\/v2\/categories?post=11910"},{"taxonomy":"post_tag","embeddable":true,"href":"https:\/\/cvinoticias.com\/v3\/wp-json\/wp\/v2\/tags?post=11910"}],"curies":[{"name":"wp","href":"https:\/\/api.w.org\/{rel}","templated":true}]}}