{"id":11883,"date":"2022-01-03T07:07:49","date_gmt":"2022-01-03T07:07:49","guid":{"rendered":"https:\/\/cvinoticias.com\/v3\/?p=11883"},"modified":"2022-01-03T07:07:49","modified_gmt":"2022-01-03T07:07:49","slug":"se-dio-a-conocer-la-lista-de-pasajeros-y-fallecidos-en-el-choque-ocurrido-sobre-la-ruta-nacional-n-12","status":"publish","type":"post","link":"https:\/\/cvinoticias.com\/v3\/se-dio-a-conocer-la-lista-de-pasajeros-y-fallecidos-en-el-choque-ocurrido-sobre-la-ruta-nacional-n-12\/","title":{"rendered":"Se di\u00f3 a conocer la lista de pasajeros y fallecidos en el choque ocurrido sobre la Ruta Nacional N 12"},"content":{"rendered":"\n<p><strong>La polic\u00eda dio a conocer la lista de los pasajeros del micro y los fallecidos tras el choque entre un colectivo de la empresa Horianski y una camioneta en Puerto Leoni<\/strong>.<\/p>\n\n\n\n<p><strong>Heridos y fallecidos<\/strong><\/p>\n\n\n\n<p>Fueron derivados al Hospital de \u00c1rea de Jard\u00edn Am\u00e9rica 2 personas mayores y 3 menores.<br>Ch\u00f3fer del colectivo fallecido: Benicio Ben\u00edtez.<br>Guarda: Rodolfo Villalba, trasladado al Hospital<\/p>\n\n\n\n<p>En el Hospital de \u00e1rea falleci\u00f3 un ocupante de la camioneta Chevrolet S10, identificado como V\u00edctor Ernesto Ravasio, de 40 a\u00f1os, Argentino (Capiov\u00ed).<\/p>\n\n\n\n<p>\u00a0<br><strong>La lista de pasajeros del colectivo que fueron identificados:<\/strong><\/p>\n\n\n\n<p>1) VERA JUAN ANGEL, 49 a\u00f1os<br>2) LEIVA NICESFORO, 67 a\u00f1os<br>3) VAZQUEZ NAIARA VIRGINIA BELEN, 16 a\u00f1os<br>4) VAZQUEZ IVANA NAZARET, 22 a\u00f1os<br>5) GRAINSKI RAMONA<br>6) GOMEZ DE OLIVERA ANA, 53 a\u00f1os,<br>7) GOMEZ DE OLIVERA HERMINIA ANGELA, 49 a\u00f1os<br>8) MARQUEZ ANTONELA MICHEL, 18 a\u00f1os,                                                                                               9) GOMEZ DE OLIVERA TIHAGO MISAEL, 11 a\u00f1os,<br>10) FRANCO DAMIAN ARTURO de 7 a\u00f1os<br>11) TEX DORF CARINA, 23 a\u00f1os<br>12) PAPATOLIOS DAMIAN ARIEL, 37 a\u00f1os<br>13) TAIE MIRON MACARENA AYELEN, 27 a\u00f1os<br>14) CARDOZO EDUARDO MAURICIO NICOLAS, 25 a\u00f1os<br>15) COLMAN SOFIA ALEJANDRA, 29 a\u00f1os<br>16) BRECHER MAURICIO, 33 a\u00f1os<br>17) FLORES MARIELA, 47 a\u00f1os<br>18) FLORES MALENA ITATI, 14 a\u00f1os.<br>19) BORDON SANCHEZ DEL ROSARIO, 43 a\u00f1os.<br>20) RAMOS TAMARA EUGENIA, 30 a\u00f1os.<br>21) CLERMONT CORINA, 45 a\u00f1os.                                                                                                             22) SCHRANK LEONEL GONZALO, de 29 a\u00f1os.<br>23) GONZ\u00c1LEZ ROC\u00cdO BELEN, 22 a\u00f1os.<br>24) CURA VICTOR HUGO, 27 a\u00f1os.<br>25) DA NATIVIDADE ROCHA SILVIA, 33 a\u00f1os.<br>26) ROJAS SEBASTIAN IGNACIO, 36 a\u00f1os.<br>27) BRAANTY LUZ MARIBE, 19 a\u00f1os.<br>28) MORINIGO SONIA ALBERTA, 35 a\u00f1os.<br>29) CABRERA GABRIEL LEONARDO, 24 a\u00f1os.<br>30) KAGERER SANTIAGO MAXIMILIANO, 32 a\u00f1os.<br>31) RAMIREZ ZULMA PATRICIA, 33 a\u00f1os.<br>32) RAMIREZ ESMERALDA, 3 meses de edad.<br>33) RAMIREZ GUSTAVO ALBERTO, 27 a\u00f1os.<br>34) VERA HECTOR BENJAMIN, 38 a\u00f1os.<br>35) OLIVERA CARLOS ANDRES, de 21 a\u00f1os.<br>36) TABAREZ HAASIS AGUSTIN E. ANTONIO, 26 a\u00f1os.<br>37) VILLALBA IVAN ARNALDO, 26 a\u00f1os.<br>38) DA SILVA MELISA JAEL, 21 a\u00f1os.<br>39) MORA LUAKAGERER, de 5 a\u00f1os.<\/p>\n\n\n\n<p><br><strong>Todos estos pasajeros resultaron sin lesiones f\u00edsicas visibles, seg\u00fan el informe de la Polic\u00eda de Misiones<\/strong><\/p>\n","protected":false},"excerpt":{"rendered":"<p>La polic\u00eda dio a conocer la lista de los pasajeros del micro y los fallecidos tras el choque entre un colectivo de la empresa Horianski y una camioneta en Puerto Leoni. Heridos y fallecidos Fueron derivados al Hospital de \u00c1rea de Jard\u00edn Am\u00e9rica 2 personas mayores y 3 menores.Ch\u00f3fer del colectivo fallecido: Benicio Ben\u00edtez.Guarda: Rodolfo [&hellip;]<\/p>\n","protected":false},"author":2,"featured_media":11884,"comment_status":"open","ping_status":"open","sticky":false,"template":"","format":"standard","meta":{"footnotes":""},"categories":[35],"tags":[],"class_list":["post-11883","post","type-post","status-publish","format-standard","has-post-thumbnail","hentry","category-informacion-general"],"yoast_head":"<!-- This site is optimized with the Yoast SEO plugin v27.5 - https:\/\/yoast.com\/product\/yoast-seo-wordpress\/ -->\n<title>Se di\u00f3 a conocer la lista de pasajeros y fallecidos en el choque ocurrido sobre la Ruta Nacional N 12 | CVI NOTICIAS<\/title>\n<meta name=\"robots\" content=\"index, follow, max-snippet:-1, max-image-preview:large, max-video-preview:-1\" \/>\n<link rel=\"canonical\" href=\"https:\/\/cvinoticias.com\/v3\/se-dio-a-conocer-la-lista-de-pasajeros-y-fallecidos-en-el-choque-ocurrido-sobre-la-ruta-nacional-n-12\/\" \/>\n<meta property=\"og:locale\" content=\"es_ES\" \/>\n<meta property=\"og:type\" content=\"article\" \/>\n<meta property=\"og:title\" content=\"Se di\u00f3 a conocer la lista de pasajeros y fallecidos en el choque ocurrido sobre la Ruta Nacional N 12 | CVI NOTICIAS\" \/>\n<meta property=\"og:description\" content=\"La polic\u00eda dio a conocer la lista de los pasajeros del micro y los fallecidos tras el choque entre un colectivo de la empresa Horianski y una camioneta en Puerto Leoni. Heridos y fallecidos Fueron derivados al Hospital de \u00c1rea de Jard\u00edn Am\u00e9rica 2 personas mayores y 3 menores.Ch\u00f3fer del colectivo fallecido: Benicio Ben\u00edtez.Guarda: Rodolfo [&hellip;]\" \/>\n<meta property=\"og:url\" content=\"https:\/\/cvinoticias.com\/v3\/se-dio-a-conocer-la-lista-de-pasajeros-y-fallecidos-en-el-choque-ocurrido-sobre-la-ruta-nacional-n-12\/\" \/>\n<meta property=\"og:site_name\" content=\"CVI NOTICIAS\" \/>\n<meta property=\"article:publisher\" content=\"https:\/\/www.facebook.com\/cvinoticias\" \/>\n<meta property=\"article:published_time\" content=\"2022-01-03T07:07:49+00:00\" \/>\n<meta property=\"og:image\" content=\"https:\/\/cvinoticias.com\/wp-content\/uploads\/2022\/01\/Screenshot_20220103-040702_Facebook.jpg\" \/>\n\t<meta property=\"og:image:width\" content=\"1080\" \/>\n\t<meta property=\"og:image:height\" content=\"597\" \/>\n\t<meta property=\"og:image:type\" content=\"image\/jpeg\" \/>\n<meta name=\"author\" content=\"f1000024\" \/>\n<meta name=\"twitter:card\" content=\"summary_large_image\" \/>\n<meta name=\"twitter:label1\" content=\"Escrito por\" \/>\n\t<meta name=\"twitter:data1\" content=\"f1000024\" \/>\n\t<meta name=\"twitter:label2\" content=\"Tiempo de lectura\" \/>\n\t<meta name=\"twitter:data2\" content=\"2 minutos\" \/>\n<script type=\"application\/ld+json\" class=\"yoast-schema-graph\">{\"@context\":\"https:\\\/\\\/schema.org\",\"@graph\":[{\"@type\":\"Article\",\"@id\":\"https:\\\/\\\/cvinoticias.com\\\/v3\\\/se-dio-a-conocer-la-lista-de-pasajeros-y-fallecidos-en-el-choque-ocurrido-sobre-la-ruta-nacional-n-12\\\/#article\",\"isPartOf\":{\"@id\":\"https:\\\/\\\/cvinoticias.com\\\/v3\\\/se-dio-a-conocer-la-lista-de-pasajeros-y-fallecidos-en-el-choque-ocurrido-sobre-la-ruta-nacional-n-12\\\/\"},\"author\":{\"name\":\"f1000024\",\"@id\":\"https:\\\/\\\/cvinoticias.com\\\/v3\\\/#\\\/schema\\\/person\\\/2db77e3c6bc03c538495d7b2b8be9b66\"},\"headline\":\"Se di\u00f3 a conocer la lista de pasajeros y fallecidos en el choque ocurrido sobre la Ruta Nacional N 12\",\"datePublished\":\"2022-01-03T07:07:49+00:00\",\"mainEntityOfPage\":{\"@id\":\"https:\\\/\\\/cvinoticias.com\\\/v3\\\/se-dio-a-conocer-la-lista-de-pasajeros-y-fallecidos-en-el-choque-ocurrido-sobre-la-ruta-nacional-n-12\\\/\"},\"wordCount\":341,\"commentCount\":0,\"publisher\":{\"@id\":\"https:\\\/\\\/cvinoticias.com\\\/v3\\\/#organization\"},\"image\":{\"@id\":\"https:\\\/\\\/cvinoticias.com\\\/v3\\\/se-dio-a-conocer-la-lista-de-pasajeros-y-fallecidos-en-el-choque-ocurrido-sobre-la-ruta-nacional-n-12\\\/#primaryimage\"},\"thumbnailUrl\":\"https:\\\/\\\/cvinoticias.com\\\/wp-content\\\/uploads\\\/2022\\\/01\\\/Screenshot_20220103-040702_Facebook.jpg\",\"articleSection\":[\"Informaci\u00f3n General\"],\"inLanguage\":\"es\",\"potentialAction\":[{\"@type\":\"CommentAction\",\"name\":\"Comment\",\"target\":[\"https:\\\/\\\/cvinoticias.com\\\/v3\\\/se-dio-a-conocer-la-lista-de-pasajeros-y-fallecidos-en-el-choque-ocurrido-sobre-la-ruta-nacional-n-12\\\/#respond\"]}]},{\"@type\":\"WebPage\",\"@id\":\"https:\\\/\\\/cvinoticias.com\\\/v3\\\/se-dio-a-conocer-la-lista-de-pasajeros-y-fallecidos-en-el-choque-ocurrido-sobre-la-ruta-nacional-n-12\\\/\",\"url\":\"https:\\\/\\\/cvinoticias.com\\\/v3\\\/se-dio-a-conocer-la-lista-de-pasajeros-y-fallecidos-en-el-choque-ocurrido-sobre-la-ruta-nacional-n-12\\\/\",\"name\":\"Se di\u00f3 a conocer la lista de pasajeros y fallecidos en el choque ocurrido sobre la Ruta Nacional N 12 | CVI NOTICIAS\",\"isPartOf\":{\"@id\":\"https:\\\/\\\/cvinoticias.com\\\/v3\\\/#website\"},\"primaryImageOfPage\":{\"@id\":\"https:\\\/\\\/cvinoticias.com\\\/v3\\\/se-dio-a-conocer-la-lista-de-pasajeros-y-fallecidos-en-el-choque-ocurrido-sobre-la-ruta-nacional-n-12\\\/#primaryimage\"},\"image\":{\"@id\":\"https:\\\/\\\/cvinoticias.com\\\/v3\\\/se-dio-a-conocer-la-lista-de-pasajeros-y-fallecidos-en-el-choque-ocurrido-sobre-la-ruta-nacional-n-12\\\/#primaryimage\"},\"thumbnailUrl\":\"https:\\\/\\\/cvinoticias.com\\\/wp-content\\\/uploads\\\/2022\\\/01\\\/Screenshot_20220103-040702_Facebook.jpg\",\"datePublished\":\"2022-01-03T07:07:49+00:00\",\"breadcrumb\":{\"@id\":\"https:\\\/\\\/cvinoticias.com\\\/v3\\\/se-dio-a-conocer-la-lista-de-pasajeros-y-fallecidos-en-el-choque-ocurrido-sobre-la-ruta-nacional-n-12\\\/#breadcrumb\"},\"inLanguage\":\"es\",\"potentialAction\":[{\"@type\":\"ReadAction\",\"target\":[\"https:\\\/\\\/cvinoticias.com\\\/v3\\\/se-dio-a-conocer-la-lista-de-pasajeros-y-fallecidos-en-el-choque-ocurrido-sobre-la-ruta-nacional-n-12\\\/\"]}]},{\"@type\":\"ImageObject\",\"inLanguage\":\"es\",\"@id\":\"https:\\\/\\\/cvinoticias.com\\\/v3\\\/se-dio-a-conocer-la-lista-de-pasajeros-y-fallecidos-en-el-choque-ocurrido-sobre-la-ruta-nacional-n-12\\\/#primaryimage\",\"url\":\"https:\\\/\\\/cvinoticias.com\\\/wp-content\\\/uploads\\\/2022\\\/01\\\/Screenshot_20220103-040702_Facebook.jpg\",\"contentUrl\":\"https:\\\/\\\/cvinoticias.com\\\/wp-content\\\/uploads\\\/2022\\\/01\\\/Screenshot_20220103-040702_Facebook.jpg\",\"width\":1080,\"height\":597},{\"@type\":\"BreadcrumbList\",\"@id\":\"https:\\\/\\\/cvinoticias.com\\\/v3\\\/se-dio-a-conocer-la-lista-de-pasajeros-y-fallecidos-en-el-choque-ocurrido-sobre-la-ruta-nacional-n-12\\\/#breadcrumb\",\"itemListElement\":[{\"@type\":\"ListItem\",\"position\":1,\"name\":\"Portada\",\"item\":\"https:\\\/\\\/cvinoticias.com\\\/v3\\\/\"},{\"@type\":\"ListItem\",\"position\":2,\"name\":\"Se di\u00f3 a conocer la lista de pasajeros y fallecidos en el choque ocurrido sobre la Ruta Nacional N 12\"}]},{\"@type\":\"WebSite\",\"@id\":\"https:\\\/\\\/cvinoticias.com\\\/v3\\\/#website\",\"url\":\"https:\\\/\\\/cvinoticias.com\\\/v3\\\/\",\"name\":\"CVI NOTICIAS\",\"description\":\"\",\"publisher\":{\"@id\":\"https:\\\/\\\/cvinoticias.com\\\/v3\\\/#organization\"},\"alternateName\":\"CVI\",\"potentialAction\":[{\"@type\":\"SearchAction\",\"target\":{\"@type\":\"EntryPoint\",\"urlTemplate\":\"https:\\\/\\\/cvinoticias.com\\\/v3\\\/?s={search_term_string}\"},\"query-input\":{\"@type\":\"PropertyValueSpecification\",\"valueRequired\":true,\"valueName\":\"search_term_string\"}}],\"inLanguage\":\"es\"},{\"@type\":\"Organization\",\"@id\":\"https:\\\/\\\/cvinoticias.com\\\/v3\\\/#organization\",\"name\":\"CVI NOTICIAS\",\"url\":\"https:\\\/\\\/cvinoticias.com\\\/v3\\\/\",\"logo\":{\"@type\":\"ImageObject\",\"inLanguage\":\"es\",\"@id\":\"https:\\\/\\\/cvinoticias.com\\\/v3\\\/#\\\/schema\\\/logo\\\/image\\\/\",\"url\":\"https:\\\/\\\/cvinoticias.com\\\/wp-content\\\/uploads\\\/2023\\\/04\\\/cropped-cropped-cropped-cropped-cropped-3-1.png\",\"contentUrl\":\"https:\\\/\\\/cvinoticias.com\\\/wp-content\\\/uploads\\\/2023\\\/04\\\/cropped-cropped-cropped-cropped-cropped-3-1.png\",\"width\":95,\"height\":122,\"caption\":\"CVI NOTICIAS\"},\"image\":{\"@id\":\"https:\\\/\\\/cvinoticias.com\\\/v3\\\/#\\\/schema\\\/logo\\\/image\\\/\"},\"sameAs\":[\"https:\\\/\\\/www.facebook.com\\\/cvinoticias\",\"https:\\\/\\\/www.instagram.com\\\/cvinoticias\\\/\",\"https:\\\/\\\/www.youtube.com\\\/@CVINOTICIAS\"]},{\"@type\":\"Person\",\"@id\":\"https:\\\/\\\/cvinoticias.com\\\/v3\\\/#\\\/schema\\\/person\\\/2db77e3c6bc03c538495d7b2b8be9b66\",\"name\":\"f1000024\",\"image\":{\"@type\":\"ImageObject\",\"inLanguage\":\"es\",\"@id\":\"https:\\\/\\\/secure.gravatar.com\\\/avatar\\\/d4fe7459cfc51ff5129ce1a732bbef5928568b8092d412ef95611616376bbeed?s=96&d=mm&r=g\",\"url\":\"https:\\\/\\\/secure.gravatar.com\\\/avatar\\\/d4fe7459cfc51ff5129ce1a732bbef5928568b8092d412ef95611616376bbeed?s=96&d=mm&r=g\",\"contentUrl\":\"https:\\\/\\\/secure.gravatar.com\\\/avatar\\\/d4fe7459cfc51ff5129ce1a732bbef5928568b8092d412ef95611616376bbeed?s=96&d=mm&r=g\",\"caption\":\"f1000024\"},\"url\":\"https:\\\/\\\/cvinoticias.com\\\/v3\\\/author\\\/f1000024\\\/\"}]}<\/script>\n<!-- \/ Yoast SEO plugin. -->","yoast_head_json":{"title":"Se di\u00f3 a conocer la lista de pasajeros y fallecidos en el choque ocurrido sobre la Ruta Nacional N 12 | CVI NOTICIAS","robots":{"index":"index","follow":"follow","max-snippet":"max-snippet:-1","max-image-preview":"max-image-preview:large","max-video-preview":"max-video-preview:-1"},"canonical":"https:\/\/cvinoticias.com\/v3\/se-dio-a-conocer-la-lista-de-pasajeros-y-fallecidos-en-el-choque-ocurrido-sobre-la-ruta-nacional-n-12\/","og_locale":"es_ES","og_type":"article","og_title":"Se di\u00f3 a conocer la lista de pasajeros y fallecidos en el choque ocurrido sobre la Ruta Nacional N 12 | CVI NOTICIAS","og_description":"La polic\u00eda dio a conocer la lista de los pasajeros del micro y los fallecidos tras el choque entre un colectivo de la empresa Horianski y una camioneta en Puerto Leoni. Heridos y fallecidos Fueron derivados al Hospital de \u00c1rea de Jard\u00edn Am\u00e9rica 2 personas mayores y 3 menores.Ch\u00f3fer del colectivo fallecido: Benicio Ben\u00edtez.Guarda: Rodolfo [&hellip;]","og_url":"https:\/\/cvinoticias.com\/v3\/se-dio-a-conocer-la-lista-de-pasajeros-y-fallecidos-en-el-choque-ocurrido-sobre-la-ruta-nacional-n-12\/","og_site_name":"CVI NOTICIAS","article_publisher":"https:\/\/www.facebook.com\/cvinoticias","article_published_time":"2022-01-03T07:07:49+00:00","og_image":[{"width":1080,"height":597,"url":"https:\/\/cvinoticias.com\/wp-content\/uploads\/2022\/01\/Screenshot_20220103-040702_Facebook.jpg","type":"image\/jpeg"}],"author":"f1000024","twitter_card":"summary_large_image","twitter_misc":{"Escrito por":"f1000024","Tiempo de lectura":"2 minutos"},"schema":{"@context":"https:\/\/schema.org","@graph":[{"@type":"Article","@id":"https:\/\/cvinoticias.com\/v3\/se-dio-a-conocer-la-lista-de-pasajeros-y-fallecidos-en-el-choque-ocurrido-sobre-la-ruta-nacional-n-12\/#article","isPartOf":{"@id":"https:\/\/cvinoticias.com\/v3\/se-dio-a-conocer-la-lista-de-pasajeros-y-fallecidos-en-el-choque-ocurrido-sobre-la-ruta-nacional-n-12\/"},"author":{"name":"f1000024","@id":"https:\/\/cvinoticias.com\/v3\/#\/schema\/person\/2db77e3c6bc03c538495d7b2b8be9b66"},"headline":"Se di\u00f3 a conocer la lista de pasajeros y fallecidos en el choque ocurrido sobre la Ruta Nacional N 12","datePublished":"2022-01-03T07:07:49+00:00","mainEntityOfPage":{"@id":"https:\/\/cvinoticias.com\/v3\/se-dio-a-conocer-la-lista-de-pasajeros-y-fallecidos-en-el-choque-ocurrido-sobre-la-ruta-nacional-n-12\/"},"wordCount":341,"commentCount":0,"publisher":{"@id":"https:\/\/cvinoticias.com\/v3\/#organization"},"image":{"@id":"https:\/\/cvinoticias.com\/v3\/se-dio-a-conocer-la-lista-de-pasajeros-y-fallecidos-en-el-choque-ocurrido-sobre-la-ruta-nacional-n-12\/#primaryimage"},"thumbnailUrl":"https:\/\/cvinoticias.com\/wp-content\/uploads\/2022\/01\/Screenshot_20220103-040702_Facebook.jpg","articleSection":["Informaci\u00f3n General"],"inLanguage":"es","potentialAction":[{"@type":"CommentAction","name":"Comment","target":["https:\/\/cvinoticias.com\/v3\/se-dio-a-conocer-la-lista-de-pasajeros-y-fallecidos-en-el-choque-ocurrido-sobre-la-ruta-nacional-n-12\/#respond"]}]},{"@type":"WebPage","@id":"https:\/\/cvinoticias.com\/v3\/se-dio-a-conocer-la-lista-de-pasajeros-y-fallecidos-en-el-choque-ocurrido-sobre-la-ruta-nacional-n-12\/","url":"https:\/\/cvinoticias.com\/v3\/se-dio-a-conocer-la-lista-de-pasajeros-y-fallecidos-en-el-choque-ocurrido-sobre-la-ruta-nacional-n-12\/","name":"Se di\u00f3 a conocer la lista de pasajeros y fallecidos en el choque ocurrido sobre la Ruta Nacional N 12 | CVI NOTICIAS","isPartOf":{"@id":"https:\/\/cvinoticias.com\/v3\/#website"},"primaryImageOfPage":{"@id":"https:\/\/cvinoticias.com\/v3\/se-dio-a-conocer-la-lista-de-pasajeros-y-fallecidos-en-el-choque-ocurrido-sobre-la-ruta-nacional-n-12\/#primaryimage"},"image":{"@id":"https:\/\/cvinoticias.com\/v3\/se-dio-a-conocer-la-lista-de-pasajeros-y-fallecidos-en-el-choque-ocurrido-sobre-la-ruta-nacional-n-12\/#primaryimage"},"thumbnailUrl":"https:\/\/cvinoticias.com\/wp-content\/uploads\/2022\/01\/Screenshot_20220103-040702_Facebook.jpg","datePublished":"2022-01-03T07:07:49+00:00","breadcrumb":{"@id":"https:\/\/cvinoticias.com\/v3\/se-dio-a-conocer-la-lista-de-pasajeros-y-fallecidos-en-el-choque-ocurrido-sobre-la-ruta-nacional-n-12\/#breadcrumb"},"inLanguage":"es","potentialAction":[{"@type":"ReadAction","target":["https:\/\/cvinoticias.com\/v3\/se-dio-a-conocer-la-lista-de-pasajeros-y-fallecidos-en-el-choque-ocurrido-sobre-la-ruta-nacional-n-12\/"]}]},{"@type":"ImageObject","inLanguage":"es","@id":"https:\/\/cvinoticias.com\/v3\/se-dio-a-conocer-la-lista-de-pasajeros-y-fallecidos-en-el-choque-ocurrido-sobre-la-ruta-nacional-n-12\/#primaryimage","url":"https:\/\/cvinoticias.com\/wp-content\/uploads\/2022\/01\/Screenshot_20220103-040702_Facebook.jpg","contentUrl":"https:\/\/cvinoticias.com\/wp-content\/uploads\/2022\/01\/Screenshot_20220103-040702_Facebook.jpg","width":1080,"height":597},{"@type":"BreadcrumbList","@id":"https:\/\/cvinoticias.com\/v3\/se-dio-a-conocer-la-lista-de-pasajeros-y-fallecidos-en-el-choque-ocurrido-sobre-la-ruta-nacional-n-12\/#breadcrumb","itemListElement":[{"@type":"ListItem","position":1,"name":"Portada","item":"https:\/\/cvinoticias.com\/v3\/"},{"@type":"ListItem","position":2,"name":"Se di\u00f3 a conocer la lista de pasajeros y fallecidos en el choque ocurrido sobre la Ruta Nacional N 12"}]},{"@type":"WebSite","@id":"https:\/\/cvinoticias.com\/v3\/#website","url":"https:\/\/cvinoticias.com\/v3\/","name":"CVI NOTICIAS","description":"","publisher":{"@id":"https:\/\/cvinoticias.com\/v3\/#organization"},"alternateName":"CVI","potentialAction":[{"@type":"SearchAction","target":{"@type":"EntryPoint","urlTemplate":"https:\/\/cvinoticias.com\/v3\/?s={search_term_string}"},"query-input":{"@type":"PropertyValueSpecification","valueRequired":true,"valueName":"search_term_string"}}],"inLanguage":"es"},{"@type":"Organization","@id":"https:\/\/cvinoticias.com\/v3\/#organization","name":"CVI NOTICIAS","url":"https:\/\/cvinoticias.com\/v3\/","logo":{"@type":"ImageObject","inLanguage":"es","@id":"https:\/\/cvinoticias.com\/v3\/#\/schema\/logo\/image\/","url":"https:\/\/cvinoticias.com\/wp-content\/uploads\/2023\/04\/cropped-cropped-cropped-cropped-cropped-3-1.png","contentUrl":"https:\/\/cvinoticias.com\/wp-content\/uploads\/2023\/04\/cropped-cropped-cropped-cropped-cropped-3-1.png","width":95,"height":122,"caption":"CVI NOTICIAS"},"image":{"@id":"https:\/\/cvinoticias.com\/v3\/#\/schema\/logo\/image\/"},"sameAs":["https:\/\/www.facebook.com\/cvinoticias","https:\/\/www.instagram.com\/cvinoticias\/","https:\/\/www.youtube.com\/@CVINOTICIAS"]},{"@type":"Person","@id":"https:\/\/cvinoticias.com\/v3\/#\/schema\/person\/2db77e3c6bc03c538495d7b2b8be9b66","name":"f1000024","image":{"@type":"ImageObject","inLanguage":"es","@id":"https:\/\/secure.gravatar.com\/avatar\/d4fe7459cfc51ff5129ce1a732bbef5928568b8092d412ef95611616376bbeed?s=96&d=mm&r=g","url":"https:\/\/secure.gravatar.com\/avatar\/d4fe7459cfc51ff5129ce1a732bbef5928568b8092d412ef95611616376bbeed?s=96&d=mm&r=g","contentUrl":"https:\/\/secure.gravatar.com\/avatar\/d4fe7459cfc51ff5129ce1a732bbef5928568b8092d412ef95611616376bbeed?s=96&d=mm&r=g","caption":"f1000024"},"url":"https:\/\/cvinoticias.com\/v3\/author\/f1000024\/"}]}},"_links":{"self":[{"href":"https:\/\/cvinoticias.com\/v3\/wp-json\/wp\/v2\/posts\/11883","targetHints":{"allow":["GET"]}}],"collection":[{"href":"https:\/\/cvinoticias.com\/v3\/wp-json\/wp\/v2\/posts"}],"about":[{"href":"https:\/\/cvinoticias.com\/v3\/wp-json\/wp\/v2\/types\/post"}],"author":[{"embeddable":true,"href":"https:\/\/cvinoticias.com\/v3\/wp-json\/wp\/v2\/users\/2"}],"replies":[{"embeddable":true,"href":"https:\/\/cvinoticias.com\/v3\/wp-json\/wp\/v2\/comments?post=11883"}],"version-history":[{"count":1,"href":"https:\/\/cvinoticias.com\/v3\/wp-json\/wp\/v2\/posts\/11883\/revisions"}],"predecessor-version":[{"id":11885,"href":"https:\/\/cvinoticias.com\/v3\/wp-json\/wp\/v2\/posts\/11883\/revisions\/11885"}],"wp:featuredmedia":[{"embeddable":true,"href":"https:\/\/cvinoticias.com\/v3\/wp-json\/wp\/v2\/media\/11884"}],"wp:attachment":[{"href":"https:\/\/cvinoticias.com\/v3\/wp-json\/wp\/v2\/media?parent=11883"}],"wp:term":[{"taxonomy":"category","embeddable":true,"href":"https:\/\/cvinoticias.com\/v3\/wp-json\/wp\/v2\/categories?post=11883"},{"taxonomy":"post_tag","embeddable":true,"href":"https:\/\/cvinoticias.com\/v3\/wp-json\/wp\/v2\/tags?post=11883"}],"curies":[{"name":"wp","href":"https:\/\/api.w.org\/{rel}","templated":true}]}}