{"id":11880,"date":"2022-01-03T00:50:40","date_gmt":"2022-01-03T00:50:40","guid":{"rendered":"https:\/\/cvinoticias.com\/v3\/?p=11880"},"modified":"2022-01-03T00:50:40","modified_gmt":"2022-01-03T00:50:40","slug":"puerto-piray-hallaron-el-cuerpo-sin-vida-de-un-adolescente-en-la-costa-del-rio-parana","status":"publish","type":"post","link":"https:\/\/cvinoticias.com\/v3\/puerto-piray-hallaron-el-cuerpo-sin-vida-de-un-adolescente-en-la-costa-del-rio-parana\/","title":{"rendered":"Puerto Piray: Hallaron el cuerpo sin vida de un adolescente en la costa del R\u00edo Paran\u00e1"},"content":{"rendered":"\n<p><strong><em>El hecho se registr\u00f3 pasadas las 16 horas, cuando los efectivos recibieron un llamado telef\u00f3nico donde un hombre manifest\u00f3 que se ba\u00f1aba en las aguas del R\u00edo Paran\u00e1 junto a su hijo identificado como Vera Rody A. de 16 a\u00f1os, quien se sumergi\u00f3 en el cauce del r\u00edo a la altura del barrio Moreno de Puerto Piray y no volvi\u00f3 a salir a la superficie.<\/em><\/strong><\/p>\n\n\n\n<p>Los efectivos de la comisar\u00eda local en conjunto con la Prefectura Naval Argentina comenzaron con la b\u00fasqueda del adolescente y, momentos despu\u00e9s unos pescadores de la zona hallaron el cuerpo sin vida a metros de la costa de donde hab\u00eda desaparecido.<\/p>\n\n\n\n<p>En el lugar trabaj\u00f3 el personal de la Comisar\u00eda, la Polic\u00eda Cient\u00edfica y el M\u00e9dico Policial de la Unidad Regional III.<\/p>\n","protected":false},"excerpt":{"rendered":"<p>El hecho se registr\u00f3 pasadas las 16 horas, cuando los efectivos recibieron un llamado telef\u00f3nico donde un hombre manifest\u00f3 que se ba\u00f1aba en las aguas del R\u00edo Paran\u00e1 junto a su hijo identificado como Vera Rody A. de 16 a\u00f1os, quien se sumergi\u00f3 en el cauce del r\u00edo a la altura del barrio Moreno de [&hellip;]<\/p>\n","protected":false},"author":2,"featured_media":11881,"comment_status":"open","ping_status":"open","sticky":false,"template":"","format":"standard","meta":{"footnotes":""},"categories":[41],"tags":[],"class_list":["post-11880","post","type-post","status-publish","format-standard","has-post-thumbnail","hentry","category-policiales"],"yoast_head":"<!-- This site is optimized with the Yoast SEO plugin v27.4 - https:\/\/yoast.com\/product\/yoast-seo-wordpress\/ -->\n<title>Puerto Piray: Hallaron el cuerpo sin vida de un adolescente en la costa del R\u00edo Paran\u00e1 | CVI NOTICIAS<\/title>\n<meta name=\"robots\" content=\"index, follow, max-snippet:-1, max-image-preview:large, max-video-preview:-1\" \/>\n<link rel=\"canonical\" href=\"https:\/\/cvinoticias.com\/v3\/puerto-piray-hallaron-el-cuerpo-sin-vida-de-un-adolescente-en-la-costa-del-rio-parana\/\" \/>\n<meta property=\"og:locale\" content=\"es_ES\" \/>\n<meta property=\"og:type\" content=\"article\" \/>\n<meta property=\"og:title\" content=\"Puerto Piray: Hallaron el cuerpo sin vida de un adolescente en la costa del R\u00edo Paran\u00e1 | CVI NOTICIAS\" \/>\n<meta property=\"og:description\" content=\"El hecho se registr\u00f3 pasadas las 16 horas, cuando los efectivos recibieron un llamado telef\u00f3nico donde un hombre manifest\u00f3 que se ba\u00f1aba en las aguas del R\u00edo Paran\u00e1 junto a su hijo identificado como Vera Rody A. de 16 a\u00f1os, quien se sumergi\u00f3 en el cauce del r\u00edo a la altura del barrio Moreno de [&hellip;]\" \/>\n<meta property=\"og:url\" content=\"https:\/\/cvinoticias.com\/v3\/puerto-piray-hallaron-el-cuerpo-sin-vida-de-un-adolescente-en-la-costa-del-rio-parana\/\" \/>\n<meta property=\"og:site_name\" content=\"CVI NOTICIAS\" \/>\n<meta property=\"article:publisher\" content=\"https:\/\/www.facebook.com\/cvinoticias\" \/>\n<meta property=\"article:published_time\" content=\"2022-01-03T00:50:40+00:00\" \/>\n<meta property=\"og:image\" content=\"https:\/\/cvinoticias.com\/wp-content\/uploads\/2022\/01\/IMG-20220102-WA0069.jpg\" \/>\n\t<meta property=\"og:image:width\" content=\"322\" \/>\n\t<meta property=\"og:image:height\" content=\"571\" \/>\n\t<meta property=\"og:image:type\" content=\"image\/jpeg\" \/>\n<meta name=\"author\" content=\"f1000024\" \/>\n<meta name=\"twitter:card\" content=\"summary_large_image\" \/>\n<meta name=\"twitter:label1\" content=\"Escrito por\" \/>\n\t<meta name=\"twitter:data1\" content=\"f1000024\" \/>\n\t<meta name=\"twitter:label2\" content=\"Tiempo de lectura\" \/>\n\t<meta name=\"twitter:data2\" content=\"1 minuto\" \/>\n<script type=\"application\/ld+json\" class=\"yoast-schema-graph\">{\"@context\":\"https:\\\/\\\/schema.org\",\"@graph\":[{\"@type\":\"Article\",\"@id\":\"https:\\\/\\\/cvinoticias.com\\\/v3\\\/puerto-piray-hallaron-el-cuerpo-sin-vida-de-un-adolescente-en-la-costa-del-rio-parana\\\/#article\",\"isPartOf\":{\"@id\":\"https:\\\/\\\/cvinoticias.com\\\/v3\\\/puerto-piray-hallaron-el-cuerpo-sin-vida-de-un-adolescente-en-la-costa-del-rio-parana\\\/\"},\"author\":{\"name\":\"f1000024\",\"@id\":\"https:\\\/\\\/cvinoticias.com\\\/v3\\\/#\\\/schema\\\/person\\\/2db77e3c6bc03c538495d7b2b8be9b66\"},\"headline\":\"Puerto Piray: Hallaron el cuerpo sin vida de un adolescente en la costa del R\u00edo Paran\u00e1\",\"datePublished\":\"2022-01-03T00:50:40+00:00\",\"mainEntityOfPage\":{\"@id\":\"https:\\\/\\\/cvinoticias.com\\\/v3\\\/puerto-piray-hallaron-el-cuerpo-sin-vida-de-un-adolescente-en-la-costa-del-rio-parana\\\/\"},\"wordCount\":155,\"commentCount\":0,\"publisher\":{\"@id\":\"https:\\\/\\\/cvinoticias.com\\\/v3\\\/#organization\"},\"image\":{\"@id\":\"https:\\\/\\\/cvinoticias.com\\\/v3\\\/puerto-piray-hallaron-el-cuerpo-sin-vida-de-un-adolescente-en-la-costa-del-rio-parana\\\/#primaryimage\"},\"thumbnailUrl\":\"https:\\\/\\\/cvinoticias.com\\\/wp-content\\\/uploads\\\/2022\\\/01\\\/IMG-20220102-WA0069.jpg\",\"articleSection\":[\"Policiales\"],\"inLanguage\":\"es\",\"potentialAction\":[{\"@type\":\"CommentAction\",\"name\":\"Comment\",\"target\":[\"https:\\\/\\\/cvinoticias.com\\\/v3\\\/puerto-piray-hallaron-el-cuerpo-sin-vida-de-un-adolescente-en-la-costa-del-rio-parana\\\/#respond\"]}]},{\"@type\":\"WebPage\",\"@id\":\"https:\\\/\\\/cvinoticias.com\\\/v3\\\/puerto-piray-hallaron-el-cuerpo-sin-vida-de-un-adolescente-en-la-costa-del-rio-parana\\\/\",\"url\":\"https:\\\/\\\/cvinoticias.com\\\/v3\\\/puerto-piray-hallaron-el-cuerpo-sin-vida-de-un-adolescente-en-la-costa-del-rio-parana\\\/\",\"name\":\"Puerto Piray: Hallaron el cuerpo sin vida de un adolescente en la costa del R\u00edo Paran\u00e1 | CVI NOTICIAS\",\"isPartOf\":{\"@id\":\"https:\\\/\\\/cvinoticias.com\\\/v3\\\/#website\"},\"primaryImageOfPage\":{\"@id\":\"https:\\\/\\\/cvinoticias.com\\\/v3\\\/puerto-piray-hallaron-el-cuerpo-sin-vida-de-un-adolescente-en-la-costa-del-rio-parana\\\/#primaryimage\"},\"image\":{\"@id\":\"https:\\\/\\\/cvinoticias.com\\\/v3\\\/puerto-piray-hallaron-el-cuerpo-sin-vida-de-un-adolescente-en-la-costa-del-rio-parana\\\/#primaryimage\"},\"thumbnailUrl\":\"https:\\\/\\\/cvinoticias.com\\\/wp-content\\\/uploads\\\/2022\\\/01\\\/IMG-20220102-WA0069.jpg\",\"datePublished\":\"2022-01-03T00:50:40+00:00\",\"breadcrumb\":{\"@id\":\"https:\\\/\\\/cvinoticias.com\\\/v3\\\/puerto-piray-hallaron-el-cuerpo-sin-vida-de-un-adolescente-en-la-costa-del-rio-parana\\\/#breadcrumb\"},\"inLanguage\":\"es\",\"potentialAction\":[{\"@type\":\"ReadAction\",\"target\":[\"https:\\\/\\\/cvinoticias.com\\\/v3\\\/puerto-piray-hallaron-el-cuerpo-sin-vida-de-un-adolescente-en-la-costa-del-rio-parana\\\/\"]}]},{\"@type\":\"ImageObject\",\"inLanguage\":\"es\",\"@id\":\"https:\\\/\\\/cvinoticias.com\\\/v3\\\/puerto-piray-hallaron-el-cuerpo-sin-vida-de-un-adolescente-en-la-costa-del-rio-parana\\\/#primaryimage\",\"url\":\"https:\\\/\\\/cvinoticias.com\\\/wp-content\\\/uploads\\\/2022\\\/01\\\/IMG-20220102-WA0069.jpg\",\"contentUrl\":\"https:\\\/\\\/cvinoticias.com\\\/wp-content\\\/uploads\\\/2022\\\/01\\\/IMG-20220102-WA0069.jpg\",\"width\":322,\"height\":571},{\"@type\":\"BreadcrumbList\",\"@id\":\"https:\\\/\\\/cvinoticias.com\\\/v3\\\/puerto-piray-hallaron-el-cuerpo-sin-vida-de-un-adolescente-en-la-costa-del-rio-parana\\\/#breadcrumb\",\"itemListElement\":[{\"@type\":\"ListItem\",\"position\":1,\"name\":\"Portada\",\"item\":\"https:\\\/\\\/cvinoticias.com\\\/v3\\\/\"},{\"@type\":\"ListItem\",\"position\":2,\"name\":\"Puerto Piray: Hallaron el cuerpo sin vida de un adolescente en la costa del R\u00edo Paran\u00e1\"}]},{\"@type\":\"WebSite\",\"@id\":\"https:\\\/\\\/cvinoticias.com\\\/v3\\\/#website\",\"url\":\"https:\\\/\\\/cvinoticias.com\\\/v3\\\/\",\"name\":\"CVI NOTICIAS\",\"description\":\"\",\"publisher\":{\"@id\":\"https:\\\/\\\/cvinoticias.com\\\/v3\\\/#organization\"},\"alternateName\":\"CVI\",\"potentialAction\":[{\"@type\":\"SearchAction\",\"target\":{\"@type\":\"EntryPoint\",\"urlTemplate\":\"https:\\\/\\\/cvinoticias.com\\\/v3\\\/?s={search_term_string}\"},\"query-input\":{\"@type\":\"PropertyValueSpecification\",\"valueRequired\":true,\"valueName\":\"search_term_string\"}}],\"inLanguage\":\"es\"},{\"@type\":\"Organization\",\"@id\":\"https:\\\/\\\/cvinoticias.com\\\/v3\\\/#organization\",\"name\":\"CVI NOTICIAS\",\"url\":\"https:\\\/\\\/cvinoticias.com\\\/v3\\\/\",\"logo\":{\"@type\":\"ImageObject\",\"inLanguage\":\"es\",\"@id\":\"https:\\\/\\\/cvinoticias.com\\\/v3\\\/#\\\/schema\\\/logo\\\/image\\\/\",\"url\":\"https:\\\/\\\/cvinoticias.com\\\/wp-content\\\/uploads\\\/2023\\\/04\\\/cropped-cropped-cropped-cropped-cropped-3-1.png\",\"contentUrl\":\"https:\\\/\\\/cvinoticias.com\\\/wp-content\\\/uploads\\\/2023\\\/04\\\/cropped-cropped-cropped-cropped-cropped-3-1.png\",\"width\":95,\"height\":122,\"caption\":\"CVI NOTICIAS\"},\"image\":{\"@id\":\"https:\\\/\\\/cvinoticias.com\\\/v3\\\/#\\\/schema\\\/logo\\\/image\\\/\"},\"sameAs\":[\"https:\\\/\\\/www.facebook.com\\\/cvinoticias\",\"https:\\\/\\\/www.instagram.com\\\/cvinoticias\\\/\",\"https:\\\/\\\/www.youtube.com\\\/@CVINOTICIAS\"]},{\"@type\":\"Person\",\"@id\":\"https:\\\/\\\/cvinoticias.com\\\/v3\\\/#\\\/schema\\\/person\\\/2db77e3c6bc03c538495d7b2b8be9b66\",\"name\":\"f1000024\",\"image\":{\"@type\":\"ImageObject\",\"inLanguage\":\"es\",\"@id\":\"https:\\\/\\\/secure.gravatar.com\\\/avatar\\\/d4fe7459cfc51ff5129ce1a732bbef5928568b8092d412ef95611616376bbeed?s=96&d=mm&r=g\",\"url\":\"https:\\\/\\\/secure.gravatar.com\\\/avatar\\\/d4fe7459cfc51ff5129ce1a732bbef5928568b8092d412ef95611616376bbeed?s=96&d=mm&r=g\",\"contentUrl\":\"https:\\\/\\\/secure.gravatar.com\\\/avatar\\\/d4fe7459cfc51ff5129ce1a732bbef5928568b8092d412ef95611616376bbeed?s=96&d=mm&r=g\",\"caption\":\"f1000024\"},\"url\":\"https:\\\/\\\/cvinoticias.com\\\/v3\\\/author\\\/f1000024\\\/\"}]}<\/script>\n<!-- \/ Yoast SEO plugin. -->","yoast_head_json":{"title":"Puerto Piray: Hallaron el cuerpo sin vida de un adolescente en la costa del R\u00edo Paran\u00e1 | CVI NOTICIAS","robots":{"index":"index","follow":"follow","max-snippet":"max-snippet:-1","max-image-preview":"max-image-preview:large","max-video-preview":"max-video-preview:-1"},"canonical":"https:\/\/cvinoticias.com\/v3\/puerto-piray-hallaron-el-cuerpo-sin-vida-de-un-adolescente-en-la-costa-del-rio-parana\/","og_locale":"es_ES","og_type":"article","og_title":"Puerto Piray: Hallaron el cuerpo sin vida de un adolescente en la costa del R\u00edo Paran\u00e1 | CVI NOTICIAS","og_description":"El hecho se registr\u00f3 pasadas las 16 horas, cuando los efectivos recibieron un llamado telef\u00f3nico donde un hombre manifest\u00f3 que se ba\u00f1aba en las aguas del R\u00edo Paran\u00e1 junto a su hijo identificado como Vera Rody A. de 16 a\u00f1os, quien se sumergi\u00f3 en el cauce del r\u00edo a la altura del barrio Moreno de [&hellip;]","og_url":"https:\/\/cvinoticias.com\/v3\/puerto-piray-hallaron-el-cuerpo-sin-vida-de-un-adolescente-en-la-costa-del-rio-parana\/","og_site_name":"CVI NOTICIAS","article_publisher":"https:\/\/www.facebook.com\/cvinoticias","article_published_time":"2022-01-03T00:50:40+00:00","og_image":[{"width":322,"height":571,"url":"https:\/\/cvinoticias.com\/wp-content\/uploads\/2022\/01\/IMG-20220102-WA0069.jpg","type":"image\/jpeg"}],"author":"f1000024","twitter_card":"summary_large_image","twitter_misc":{"Escrito por":"f1000024","Tiempo de lectura":"1 minuto"},"schema":{"@context":"https:\/\/schema.org","@graph":[{"@type":"Article","@id":"https:\/\/cvinoticias.com\/v3\/puerto-piray-hallaron-el-cuerpo-sin-vida-de-un-adolescente-en-la-costa-del-rio-parana\/#article","isPartOf":{"@id":"https:\/\/cvinoticias.com\/v3\/puerto-piray-hallaron-el-cuerpo-sin-vida-de-un-adolescente-en-la-costa-del-rio-parana\/"},"author":{"name":"f1000024","@id":"https:\/\/cvinoticias.com\/v3\/#\/schema\/person\/2db77e3c6bc03c538495d7b2b8be9b66"},"headline":"Puerto Piray: Hallaron el cuerpo sin vida de un adolescente en la costa del R\u00edo Paran\u00e1","datePublished":"2022-01-03T00:50:40+00:00","mainEntityOfPage":{"@id":"https:\/\/cvinoticias.com\/v3\/puerto-piray-hallaron-el-cuerpo-sin-vida-de-un-adolescente-en-la-costa-del-rio-parana\/"},"wordCount":155,"commentCount":0,"publisher":{"@id":"https:\/\/cvinoticias.com\/v3\/#organization"},"image":{"@id":"https:\/\/cvinoticias.com\/v3\/puerto-piray-hallaron-el-cuerpo-sin-vida-de-un-adolescente-en-la-costa-del-rio-parana\/#primaryimage"},"thumbnailUrl":"https:\/\/cvinoticias.com\/wp-content\/uploads\/2022\/01\/IMG-20220102-WA0069.jpg","articleSection":["Policiales"],"inLanguage":"es","potentialAction":[{"@type":"CommentAction","name":"Comment","target":["https:\/\/cvinoticias.com\/v3\/puerto-piray-hallaron-el-cuerpo-sin-vida-de-un-adolescente-en-la-costa-del-rio-parana\/#respond"]}]},{"@type":"WebPage","@id":"https:\/\/cvinoticias.com\/v3\/puerto-piray-hallaron-el-cuerpo-sin-vida-de-un-adolescente-en-la-costa-del-rio-parana\/","url":"https:\/\/cvinoticias.com\/v3\/puerto-piray-hallaron-el-cuerpo-sin-vida-de-un-adolescente-en-la-costa-del-rio-parana\/","name":"Puerto Piray: Hallaron el cuerpo sin vida de un adolescente en la costa del R\u00edo Paran\u00e1 | CVI NOTICIAS","isPartOf":{"@id":"https:\/\/cvinoticias.com\/v3\/#website"},"primaryImageOfPage":{"@id":"https:\/\/cvinoticias.com\/v3\/puerto-piray-hallaron-el-cuerpo-sin-vida-de-un-adolescente-en-la-costa-del-rio-parana\/#primaryimage"},"image":{"@id":"https:\/\/cvinoticias.com\/v3\/puerto-piray-hallaron-el-cuerpo-sin-vida-de-un-adolescente-en-la-costa-del-rio-parana\/#primaryimage"},"thumbnailUrl":"https:\/\/cvinoticias.com\/wp-content\/uploads\/2022\/01\/IMG-20220102-WA0069.jpg","datePublished":"2022-01-03T00:50:40+00:00","breadcrumb":{"@id":"https:\/\/cvinoticias.com\/v3\/puerto-piray-hallaron-el-cuerpo-sin-vida-de-un-adolescente-en-la-costa-del-rio-parana\/#breadcrumb"},"inLanguage":"es","potentialAction":[{"@type":"ReadAction","target":["https:\/\/cvinoticias.com\/v3\/puerto-piray-hallaron-el-cuerpo-sin-vida-de-un-adolescente-en-la-costa-del-rio-parana\/"]}]},{"@type":"ImageObject","inLanguage":"es","@id":"https:\/\/cvinoticias.com\/v3\/puerto-piray-hallaron-el-cuerpo-sin-vida-de-un-adolescente-en-la-costa-del-rio-parana\/#primaryimage","url":"https:\/\/cvinoticias.com\/wp-content\/uploads\/2022\/01\/IMG-20220102-WA0069.jpg","contentUrl":"https:\/\/cvinoticias.com\/wp-content\/uploads\/2022\/01\/IMG-20220102-WA0069.jpg","width":322,"height":571},{"@type":"BreadcrumbList","@id":"https:\/\/cvinoticias.com\/v3\/puerto-piray-hallaron-el-cuerpo-sin-vida-de-un-adolescente-en-la-costa-del-rio-parana\/#breadcrumb","itemListElement":[{"@type":"ListItem","position":1,"name":"Portada","item":"https:\/\/cvinoticias.com\/v3\/"},{"@type":"ListItem","position":2,"name":"Puerto Piray: Hallaron el cuerpo sin vida de un adolescente en la costa del R\u00edo Paran\u00e1"}]},{"@type":"WebSite","@id":"https:\/\/cvinoticias.com\/v3\/#website","url":"https:\/\/cvinoticias.com\/v3\/","name":"CVI NOTICIAS","description":"","publisher":{"@id":"https:\/\/cvinoticias.com\/v3\/#organization"},"alternateName":"CVI","potentialAction":[{"@type":"SearchAction","target":{"@type":"EntryPoint","urlTemplate":"https:\/\/cvinoticias.com\/v3\/?s={search_term_string}"},"query-input":{"@type":"PropertyValueSpecification","valueRequired":true,"valueName":"search_term_string"}}],"inLanguage":"es"},{"@type":"Organization","@id":"https:\/\/cvinoticias.com\/v3\/#organization","name":"CVI NOTICIAS","url":"https:\/\/cvinoticias.com\/v3\/","logo":{"@type":"ImageObject","inLanguage":"es","@id":"https:\/\/cvinoticias.com\/v3\/#\/schema\/logo\/image\/","url":"https:\/\/cvinoticias.com\/wp-content\/uploads\/2023\/04\/cropped-cropped-cropped-cropped-cropped-3-1.png","contentUrl":"https:\/\/cvinoticias.com\/wp-content\/uploads\/2023\/04\/cropped-cropped-cropped-cropped-cropped-3-1.png","width":95,"height":122,"caption":"CVI NOTICIAS"},"image":{"@id":"https:\/\/cvinoticias.com\/v3\/#\/schema\/logo\/image\/"},"sameAs":["https:\/\/www.facebook.com\/cvinoticias","https:\/\/www.instagram.com\/cvinoticias\/","https:\/\/www.youtube.com\/@CVINOTICIAS"]},{"@type":"Person","@id":"https:\/\/cvinoticias.com\/v3\/#\/schema\/person\/2db77e3c6bc03c538495d7b2b8be9b66","name":"f1000024","image":{"@type":"ImageObject","inLanguage":"es","@id":"https:\/\/secure.gravatar.com\/avatar\/d4fe7459cfc51ff5129ce1a732bbef5928568b8092d412ef95611616376bbeed?s=96&d=mm&r=g","url":"https:\/\/secure.gravatar.com\/avatar\/d4fe7459cfc51ff5129ce1a732bbef5928568b8092d412ef95611616376bbeed?s=96&d=mm&r=g","contentUrl":"https:\/\/secure.gravatar.com\/avatar\/d4fe7459cfc51ff5129ce1a732bbef5928568b8092d412ef95611616376bbeed?s=96&d=mm&r=g","caption":"f1000024"},"url":"https:\/\/cvinoticias.com\/v3\/author\/f1000024\/"}]}},"_links":{"self":[{"href":"https:\/\/cvinoticias.com\/v3\/wp-json\/wp\/v2\/posts\/11880","targetHints":{"allow":["GET"]}}],"collection":[{"href":"https:\/\/cvinoticias.com\/v3\/wp-json\/wp\/v2\/posts"}],"about":[{"href":"https:\/\/cvinoticias.com\/v3\/wp-json\/wp\/v2\/types\/post"}],"author":[{"embeddable":true,"href":"https:\/\/cvinoticias.com\/v3\/wp-json\/wp\/v2\/users\/2"}],"replies":[{"embeddable":true,"href":"https:\/\/cvinoticias.com\/v3\/wp-json\/wp\/v2\/comments?post=11880"}],"version-history":[{"count":1,"href":"https:\/\/cvinoticias.com\/v3\/wp-json\/wp\/v2\/posts\/11880\/revisions"}],"predecessor-version":[{"id":11882,"href":"https:\/\/cvinoticias.com\/v3\/wp-json\/wp\/v2\/posts\/11880\/revisions\/11882"}],"wp:featuredmedia":[{"embeddable":true,"href":"https:\/\/cvinoticias.com\/v3\/wp-json\/wp\/v2\/media\/11881"}],"wp:attachment":[{"href":"https:\/\/cvinoticias.com\/v3\/wp-json\/wp\/v2\/media?parent=11880"}],"wp:term":[{"taxonomy":"category","embeddable":true,"href":"https:\/\/cvinoticias.com\/v3\/wp-json\/wp\/v2\/categories?post=11880"},{"taxonomy":"post_tag","embeddable":true,"href":"https:\/\/cvinoticias.com\/v3\/wp-json\/wp\/v2\/tags?post=11880"}],"curies":[{"name":"wp","href":"https:\/\/api.w.org\/{rel}","templated":true}]}}