{"id":11877,"date":"2022-01-02T23:11:46","date_gmt":"2022-01-02T23:11:46","guid":{"rendered":"https:\/\/cvinoticias.com\/v3\/?p=11877"},"modified":"2022-01-02T23:11:46","modified_gmt":"2022-01-02T23:11:46","slug":"francisco-envio-un-mensaje-de-aliento-a-perez-esquivel-quien-sigue-internado","status":"publish","type":"post","link":"https:\/\/cvinoticias.com\/v3\/francisco-envio-un-mensaje-de-aliento-a-perez-esquivel-quien-sigue-internado\/","title":{"rendered":"Francisco envi\u00f3 un mensaje de aliento a P\u00e9rez Esquivel, quien sigue internado"},"content":{"rendered":"\n<p><strong><em>El Pont\u00edfice hizo llegar sus palabras a trav\u00e9s del obispo marplatense, Gabriel Mestre, quien a su vez se las acerc\u00f3 al Premio Nobel de la Paz argentino (90) al hospital en el que fue internado y donde permanecer\u00e1 alojado al menos hasta este lunes en observaci\u00f3n.<\/em><\/strong><\/p>\n\n\n\n<p>El Papa\u00a0Francisco\u00a0envi\u00f3 este domingo un mensaje de aliento al Premio Nobel de la Paz argentino\u00a0Adolfo P\u00e9rez Esquivel, quien debi\u00f3 ser internado en la ciudad de Mar del Plata a ra\u00edz de una descompensaci\u00f3n, y le dese\u00f3 un \u00abpronto restablecimiento\u00bb.<\/p>\n\n\n\n<p>\u00abQuerido hermano: Mons. Mestre me avis\u00f3 de tu problema de salud. Por medio de estas l\u00edneas te aseguro mi cercan\u00eda y mi oraci\u00f3n por tu\u00a0pronto restablecimiento. Saludos a tu esposa.\u00a0Que Jes\u00fas te bendiga y la Virgen Santa te cuide. Fraternalmente\u00bb, expres\u00f3 Francisco en un mensaje manuscrito.<\/p>\n\n\n\n<p>Mestre hab\u00eda visitado el s\u00e1bado a P\u00e9rez Esquivel luego de su internaci\u00f3n en el Hospital Privado de Comunidad de la localidad balnearia, y tras recibir este domingo el mensaje para \u00e9l de parte del Papa, lo imprimi\u00f3 y se lo llev\u00f3 personalmente al centro de salud.<\/p>\n\n\n\n<p>El Premio Nobel de la Paz argentino sufri\u00f3 una descompensaci\u00f3n mientras estaba junto a su familia en una casa del balneario de Chapadmalal, y tras ser internado permanec\u00eda \u00abestable\u00bb, aunque se dispusieron estudios para determinar qu\u00e9 afecci\u00f3n sufri\u00f3, seg\u00fan inform\u00f3 el Servicio de Paz y Justicia (Serpaj), sus allegados y fuentes sanitarias.<\/p>\n\n\n\n<p>Tras su internaci\u00f3n, le practicaron una tomograf\u00eda y otros estudios y se descart\u00f3 que haya sido un accidente cerebro vascular (ACV), como se crey\u00f3 inicialmente.<\/p>\n\n\n\n<p>\u00abAdolfo durmi\u00f3 bien. Le tomaron la presi\u00f3n, le midieron glucosa y le dieron medicaci\u00f3n; est\u00e1 estable. La tomograf\u00eda sali\u00f3 bien, los m\u00e9dicos descartan que se trate de un ACV, de todos modos le realizar\u00e1n una resonancia. Una vez que est\u00e9n los resultados les estaremos haciendo saber\u00bb, indic\u00f3 el Serpaj en un comunicado.<\/p>\n\n\n\n<p>Sus familiares informaron esta tarde que \u00abse encuentra bien de \u00e1nimo, estuvo caminando y almorz\u00f3\u00bb, y que \u00ablos estudios realizados hasta ahora\u00a0dieron buenos resultados\u00bb.<\/p>\n\n\n\n<p>Fuentes sanitarias indicaron que permanecer\u00e1 internado en observaci\u00f3n, en el servicio de Neurolog\u00eda del HPC, donde se le practicar\u00e1n \u00aban\u00e1lisis complementarios para ver su evoluci\u00f3n\u00bb.<\/p>\n\n\n\n<p>P\u00e9rez Esquivel recibi\u00f3 el Premio Nobel de la Paz en 1980, por su lucha por los derechos humanos durante la dictadura c\u00edvico-militar argentina.<\/p>\n","protected":false},"excerpt":{"rendered":"<p>El Pont\u00edfice hizo llegar sus palabras a trav\u00e9s del obispo marplatense, Gabriel Mestre, quien a su vez se las acerc\u00f3 al Premio Nobel de la Paz argentino (90) al hospital en el que fue internado y donde permanecer\u00e1 alojado al menos hasta este lunes en observaci\u00f3n. El Papa\u00a0Francisco\u00a0envi\u00f3 este domingo un mensaje de aliento al [&hellip;]<\/p>\n","protected":false},"author":2,"featured_media":11878,"comment_status":"open","ping_status":"open","sticky":false,"template":"","format":"standard","meta":{"footnotes":""},"categories":[47],"tags":[],"class_list":["post-11877","post","type-post","status-publish","format-standard","has-post-thumbnail","hentry","category-sociedad"],"yoast_head":"<!-- This site is optimized with the Yoast SEO plugin v27.4 - https:\/\/yoast.com\/product\/yoast-seo-wordpress\/ -->\n<title>Francisco envi\u00f3 un mensaje de aliento a P\u00e9rez Esquivel, quien sigue internado | CVI NOTICIAS<\/title>\n<meta name=\"robots\" content=\"index, follow, max-snippet:-1, max-image-preview:large, max-video-preview:-1\" \/>\n<link rel=\"canonical\" href=\"https:\/\/cvinoticias.com\/v3\/francisco-envio-un-mensaje-de-aliento-a-perez-esquivel-quien-sigue-internado\/\" \/>\n<meta property=\"og:locale\" content=\"es_ES\" \/>\n<meta property=\"og:type\" content=\"article\" \/>\n<meta property=\"og:title\" content=\"Francisco envi\u00f3 un mensaje de aliento a P\u00e9rez Esquivel, quien sigue internado | CVI NOTICIAS\" \/>\n<meta property=\"og:description\" content=\"El Pont\u00edfice hizo llegar sus palabras a trav\u00e9s del obispo marplatense, Gabriel Mestre, quien a su vez se las acerc\u00f3 al Premio Nobel de la Paz argentino (90) al hospital en el que fue internado y donde permanecer\u00e1 alojado al menos hasta este lunes en observaci\u00f3n. El Papa\u00a0Francisco\u00a0envi\u00f3 este domingo un mensaje de aliento al [&hellip;]\" \/>\n<meta property=\"og:url\" content=\"https:\/\/cvinoticias.com\/v3\/francisco-envio-un-mensaje-de-aliento-a-perez-esquivel-quien-sigue-internado\/\" \/>\n<meta property=\"og:site_name\" content=\"CVI NOTICIAS\" \/>\n<meta property=\"article:publisher\" content=\"https:\/\/www.facebook.com\/cvinoticias\" \/>\n<meta property=\"article:published_time\" content=\"2022-01-02T23:11:46+00:00\" \/>\n<meta property=\"og:image\" content=\"https:\/\/cvinoticias.com\/wp-content\/uploads\/2022\/01\/Screenshot_20220102-200228_Facebook.jpg\" \/>\n\t<meta property=\"og:image:width\" content=\"1079\" \/>\n\t<meta property=\"og:image:height\" content=\"1383\" \/>\n\t<meta property=\"og:image:type\" content=\"image\/jpeg\" \/>\n<meta name=\"author\" content=\"f1000024\" \/>\n<meta name=\"twitter:card\" content=\"summary_large_image\" \/>\n<meta name=\"twitter:label1\" content=\"Escrito por\" \/>\n\t<meta name=\"twitter:data1\" content=\"f1000024\" \/>\n\t<meta name=\"twitter:label2\" content=\"Tiempo de lectura\" \/>\n\t<meta name=\"twitter:data2\" content=\"2 minutos\" \/>\n<script type=\"application\/ld+json\" class=\"yoast-schema-graph\">{\"@context\":\"https:\\\/\\\/schema.org\",\"@graph\":[{\"@type\":\"Article\",\"@id\":\"https:\\\/\\\/cvinoticias.com\\\/v3\\\/francisco-envio-un-mensaje-de-aliento-a-perez-esquivel-quien-sigue-internado\\\/#article\",\"isPartOf\":{\"@id\":\"https:\\\/\\\/cvinoticias.com\\\/v3\\\/francisco-envio-un-mensaje-de-aliento-a-perez-esquivel-quien-sigue-internado\\\/\"},\"author\":{\"name\":\"f1000024\",\"@id\":\"https:\\\/\\\/cvinoticias.com\\\/v3\\\/#\\\/schema\\\/person\\\/2db77e3c6bc03c538495d7b2b8be9b66\"},\"headline\":\"Francisco envi\u00f3 un mensaje de aliento a P\u00e9rez Esquivel, quien sigue internado\",\"datePublished\":\"2022-01-02T23:11:46+00:00\",\"mainEntityOfPage\":{\"@id\":\"https:\\\/\\\/cvinoticias.com\\\/v3\\\/francisco-envio-un-mensaje-de-aliento-a-perez-esquivel-quien-sigue-internado\\\/\"},\"wordCount\":428,\"commentCount\":0,\"publisher\":{\"@id\":\"https:\\\/\\\/cvinoticias.com\\\/v3\\\/#organization\"},\"image\":{\"@id\":\"https:\\\/\\\/cvinoticias.com\\\/v3\\\/francisco-envio-un-mensaje-de-aliento-a-perez-esquivel-quien-sigue-internado\\\/#primaryimage\"},\"thumbnailUrl\":\"https:\\\/\\\/cvinoticias.com\\\/wp-content\\\/uploads\\\/2022\\\/01\\\/Screenshot_20220102-200228_Facebook.jpg\",\"articleSection\":[\"Sociedad\"],\"inLanguage\":\"es\",\"potentialAction\":[{\"@type\":\"CommentAction\",\"name\":\"Comment\",\"target\":[\"https:\\\/\\\/cvinoticias.com\\\/v3\\\/francisco-envio-un-mensaje-de-aliento-a-perez-esquivel-quien-sigue-internado\\\/#respond\"]}]},{\"@type\":\"WebPage\",\"@id\":\"https:\\\/\\\/cvinoticias.com\\\/v3\\\/francisco-envio-un-mensaje-de-aliento-a-perez-esquivel-quien-sigue-internado\\\/\",\"url\":\"https:\\\/\\\/cvinoticias.com\\\/v3\\\/francisco-envio-un-mensaje-de-aliento-a-perez-esquivel-quien-sigue-internado\\\/\",\"name\":\"Francisco envi\u00f3 un mensaje de aliento a P\u00e9rez Esquivel, quien sigue internado | CVI NOTICIAS\",\"isPartOf\":{\"@id\":\"https:\\\/\\\/cvinoticias.com\\\/v3\\\/#website\"},\"primaryImageOfPage\":{\"@id\":\"https:\\\/\\\/cvinoticias.com\\\/v3\\\/francisco-envio-un-mensaje-de-aliento-a-perez-esquivel-quien-sigue-internado\\\/#primaryimage\"},\"image\":{\"@id\":\"https:\\\/\\\/cvinoticias.com\\\/v3\\\/francisco-envio-un-mensaje-de-aliento-a-perez-esquivel-quien-sigue-internado\\\/#primaryimage\"},\"thumbnailUrl\":\"https:\\\/\\\/cvinoticias.com\\\/wp-content\\\/uploads\\\/2022\\\/01\\\/Screenshot_20220102-200228_Facebook.jpg\",\"datePublished\":\"2022-01-02T23:11:46+00:00\",\"breadcrumb\":{\"@id\":\"https:\\\/\\\/cvinoticias.com\\\/v3\\\/francisco-envio-un-mensaje-de-aliento-a-perez-esquivel-quien-sigue-internado\\\/#breadcrumb\"},\"inLanguage\":\"es\",\"potentialAction\":[{\"@type\":\"ReadAction\",\"target\":[\"https:\\\/\\\/cvinoticias.com\\\/v3\\\/francisco-envio-un-mensaje-de-aliento-a-perez-esquivel-quien-sigue-internado\\\/\"]}]},{\"@type\":\"ImageObject\",\"inLanguage\":\"es\",\"@id\":\"https:\\\/\\\/cvinoticias.com\\\/v3\\\/francisco-envio-un-mensaje-de-aliento-a-perez-esquivel-quien-sigue-internado\\\/#primaryimage\",\"url\":\"https:\\\/\\\/cvinoticias.com\\\/wp-content\\\/uploads\\\/2022\\\/01\\\/Screenshot_20220102-200228_Facebook.jpg\",\"contentUrl\":\"https:\\\/\\\/cvinoticias.com\\\/wp-content\\\/uploads\\\/2022\\\/01\\\/Screenshot_20220102-200228_Facebook.jpg\",\"width\":1079,\"height\":1383},{\"@type\":\"BreadcrumbList\",\"@id\":\"https:\\\/\\\/cvinoticias.com\\\/v3\\\/francisco-envio-un-mensaje-de-aliento-a-perez-esquivel-quien-sigue-internado\\\/#breadcrumb\",\"itemListElement\":[{\"@type\":\"ListItem\",\"position\":1,\"name\":\"Portada\",\"item\":\"https:\\\/\\\/cvinoticias.com\\\/v3\\\/\"},{\"@type\":\"ListItem\",\"position\":2,\"name\":\"Francisco envi\u00f3 un mensaje de aliento a P\u00e9rez Esquivel, quien sigue internado\"}]},{\"@type\":\"WebSite\",\"@id\":\"https:\\\/\\\/cvinoticias.com\\\/v3\\\/#website\",\"url\":\"https:\\\/\\\/cvinoticias.com\\\/v3\\\/\",\"name\":\"CVI NOTICIAS\",\"description\":\"\",\"publisher\":{\"@id\":\"https:\\\/\\\/cvinoticias.com\\\/v3\\\/#organization\"},\"alternateName\":\"CVI\",\"potentialAction\":[{\"@type\":\"SearchAction\",\"target\":{\"@type\":\"EntryPoint\",\"urlTemplate\":\"https:\\\/\\\/cvinoticias.com\\\/v3\\\/?s={search_term_string}\"},\"query-input\":{\"@type\":\"PropertyValueSpecification\",\"valueRequired\":true,\"valueName\":\"search_term_string\"}}],\"inLanguage\":\"es\"},{\"@type\":\"Organization\",\"@id\":\"https:\\\/\\\/cvinoticias.com\\\/v3\\\/#organization\",\"name\":\"CVI NOTICIAS\",\"url\":\"https:\\\/\\\/cvinoticias.com\\\/v3\\\/\",\"logo\":{\"@type\":\"ImageObject\",\"inLanguage\":\"es\",\"@id\":\"https:\\\/\\\/cvinoticias.com\\\/v3\\\/#\\\/schema\\\/logo\\\/image\\\/\",\"url\":\"https:\\\/\\\/cvinoticias.com\\\/wp-content\\\/uploads\\\/2023\\\/04\\\/cropped-cropped-cropped-cropped-cropped-3-1.png\",\"contentUrl\":\"https:\\\/\\\/cvinoticias.com\\\/wp-content\\\/uploads\\\/2023\\\/04\\\/cropped-cropped-cropped-cropped-cropped-3-1.png\",\"width\":95,\"height\":122,\"caption\":\"CVI NOTICIAS\"},\"image\":{\"@id\":\"https:\\\/\\\/cvinoticias.com\\\/v3\\\/#\\\/schema\\\/logo\\\/image\\\/\"},\"sameAs\":[\"https:\\\/\\\/www.facebook.com\\\/cvinoticias\",\"https:\\\/\\\/www.instagram.com\\\/cvinoticias\\\/\",\"https:\\\/\\\/www.youtube.com\\\/@CVINOTICIAS\"]},{\"@type\":\"Person\",\"@id\":\"https:\\\/\\\/cvinoticias.com\\\/v3\\\/#\\\/schema\\\/person\\\/2db77e3c6bc03c538495d7b2b8be9b66\",\"name\":\"f1000024\",\"image\":{\"@type\":\"ImageObject\",\"inLanguage\":\"es\",\"@id\":\"https:\\\/\\\/secure.gravatar.com\\\/avatar\\\/d4fe7459cfc51ff5129ce1a732bbef5928568b8092d412ef95611616376bbeed?s=96&d=mm&r=g\",\"url\":\"https:\\\/\\\/secure.gravatar.com\\\/avatar\\\/d4fe7459cfc51ff5129ce1a732bbef5928568b8092d412ef95611616376bbeed?s=96&d=mm&r=g\",\"contentUrl\":\"https:\\\/\\\/secure.gravatar.com\\\/avatar\\\/d4fe7459cfc51ff5129ce1a732bbef5928568b8092d412ef95611616376bbeed?s=96&d=mm&r=g\",\"caption\":\"f1000024\"},\"url\":\"https:\\\/\\\/cvinoticias.com\\\/v3\\\/author\\\/f1000024\\\/\"}]}<\/script>\n<!-- \/ Yoast SEO plugin. -->","yoast_head_json":{"title":"Francisco envi\u00f3 un mensaje de aliento a P\u00e9rez Esquivel, quien sigue internado | CVI NOTICIAS","robots":{"index":"index","follow":"follow","max-snippet":"max-snippet:-1","max-image-preview":"max-image-preview:large","max-video-preview":"max-video-preview:-1"},"canonical":"https:\/\/cvinoticias.com\/v3\/francisco-envio-un-mensaje-de-aliento-a-perez-esquivel-quien-sigue-internado\/","og_locale":"es_ES","og_type":"article","og_title":"Francisco envi\u00f3 un mensaje de aliento a P\u00e9rez Esquivel, quien sigue internado | CVI NOTICIAS","og_description":"El Pont\u00edfice hizo llegar sus palabras a trav\u00e9s del obispo marplatense, Gabriel Mestre, quien a su vez se las acerc\u00f3 al Premio Nobel de la Paz argentino (90) al hospital en el que fue internado y donde permanecer\u00e1 alojado al menos hasta este lunes en observaci\u00f3n. El Papa\u00a0Francisco\u00a0envi\u00f3 este domingo un mensaje de aliento al [&hellip;]","og_url":"https:\/\/cvinoticias.com\/v3\/francisco-envio-un-mensaje-de-aliento-a-perez-esquivel-quien-sigue-internado\/","og_site_name":"CVI NOTICIAS","article_publisher":"https:\/\/www.facebook.com\/cvinoticias","article_published_time":"2022-01-02T23:11:46+00:00","og_image":[{"width":1079,"height":1383,"url":"https:\/\/cvinoticias.com\/wp-content\/uploads\/2022\/01\/Screenshot_20220102-200228_Facebook.jpg","type":"image\/jpeg"}],"author":"f1000024","twitter_card":"summary_large_image","twitter_misc":{"Escrito por":"f1000024","Tiempo de lectura":"2 minutos"},"schema":{"@context":"https:\/\/schema.org","@graph":[{"@type":"Article","@id":"https:\/\/cvinoticias.com\/v3\/francisco-envio-un-mensaje-de-aliento-a-perez-esquivel-quien-sigue-internado\/#article","isPartOf":{"@id":"https:\/\/cvinoticias.com\/v3\/francisco-envio-un-mensaje-de-aliento-a-perez-esquivel-quien-sigue-internado\/"},"author":{"name":"f1000024","@id":"https:\/\/cvinoticias.com\/v3\/#\/schema\/person\/2db77e3c6bc03c538495d7b2b8be9b66"},"headline":"Francisco envi\u00f3 un mensaje de aliento a P\u00e9rez Esquivel, quien sigue internado","datePublished":"2022-01-02T23:11:46+00:00","mainEntityOfPage":{"@id":"https:\/\/cvinoticias.com\/v3\/francisco-envio-un-mensaje-de-aliento-a-perez-esquivel-quien-sigue-internado\/"},"wordCount":428,"commentCount":0,"publisher":{"@id":"https:\/\/cvinoticias.com\/v3\/#organization"},"image":{"@id":"https:\/\/cvinoticias.com\/v3\/francisco-envio-un-mensaje-de-aliento-a-perez-esquivel-quien-sigue-internado\/#primaryimage"},"thumbnailUrl":"https:\/\/cvinoticias.com\/wp-content\/uploads\/2022\/01\/Screenshot_20220102-200228_Facebook.jpg","articleSection":["Sociedad"],"inLanguage":"es","potentialAction":[{"@type":"CommentAction","name":"Comment","target":["https:\/\/cvinoticias.com\/v3\/francisco-envio-un-mensaje-de-aliento-a-perez-esquivel-quien-sigue-internado\/#respond"]}]},{"@type":"WebPage","@id":"https:\/\/cvinoticias.com\/v3\/francisco-envio-un-mensaje-de-aliento-a-perez-esquivel-quien-sigue-internado\/","url":"https:\/\/cvinoticias.com\/v3\/francisco-envio-un-mensaje-de-aliento-a-perez-esquivel-quien-sigue-internado\/","name":"Francisco envi\u00f3 un mensaje de aliento a P\u00e9rez Esquivel, quien sigue internado | CVI NOTICIAS","isPartOf":{"@id":"https:\/\/cvinoticias.com\/v3\/#website"},"primaryImageOfPage":{"@id":"https:\/\/cvinoticias.com\/v3\/francisco-envio-un-mensaje-de-aliento-a-perez-esquivel-quien-sigue-internado\/#primaryimage"},"image":{"@id":"https:\/\/cvinoticias.com\/v3\/francisco-envio-un-mensaje-de-aliento-a-perez-esquivel-quien-sigue-internado\/#primaryimage"},"thumbnailUrl":"https:\/\/cvinoticias.com\/wp-content\/uploads\/2022\/01\/Screenshot_20220102-200228_Facebook.jpg","datePublished":"2022-01-02T23:11:46+00:00","breadcrumb":{"@id":"https:\/\/cvinoticias.com\/v3\/francisco-envio-un-mensaje-de-aliento-a-perez-esquivel-quien-sigue-internado\/#breadcrumb"},"inLanguage":"es","potentialAction":[{"@type":"ReadAction","target":["https:\/\/cvinoticias.com\/v3\/francisco-envio-un-mensaje-de-aliento-a-perez-esquivel-quien-sigue-internado\/"]}]},{"@type":"ImageObject","inLanguage":"es","@id":"https:\/\/cvinoticias.com\/v3\/francisco-envio-un-mensaje-de-aliento-a-perez-esquivel-quien-sigue-internado\/#primaryimage","url":"https:\/\/cvinoticias.com\/wp-content\/uploads\/2022\/01\/Screenshot_20220102-200228_Facebook.jpg","contentUrl":"https:\/\/cvinoticias.com\/wp-content\/uploads\/2022\/01\/Screenshot_20220102-200228_Facebook.jpg","width":1079,"height":1383},{"@type":"BreadcrumbList","@id":"https:\/\/cvinoticias.com\/v3\/francisco-envio-un-mensaje-de-aliento-a-perez-esquivel-quien-sigue-internado\/#breadcrumb","itemListElement":[{"@type":"ListItem","position":1,"name":"Portada","item":"https:\/\/cvinoticias.com\/v3\/"},{"@type":"ListItem","position":2,"name":"Francisco envi\u00f3 un mensaje de aliento a P\u00e9rez Esquivel, quien sigue internado"}]},{"@type":"WebSite","@id":"https:\/\/cvinoticias.com\/v3\/#website","url":"https:\/\/cvinoticias.com\/v3\/","name":"CVI NOTICIAS","description":"","publisher":{"@id":"https:\/\/cvinoticias.com\/v3\/#organization"},"alternateName":"CVI","potentialAction":[{"@type":"SearchAction","target":{"@type":"EntryPoint","urlTemplate":"https:\/\/cvinoticias.com\/v3\/?s={search_term_string}"},"query-input":{"@type":"PropertyValueSpecification","valueRequired":true,"valueName":"search_term_string"}}],"inLanguage":"es"},{"@type":"Organization","@id":"https:\/\/cvinoticias.com\/v3\/#organization","name":"CVI NOTICIAS","url":"https:\/\/cvinoticias.com\/v3\/","logo":{"@type":"ImageObject","inLanguage":"es","@id":"https:\/\/cvinoticias.com\/v3\/#\/schema\/logo\/image\/","url":"https:\/\/cvinoticias.com\/wp-content\/uploads\/2023\/04\/cropped-cropped-cropped-cropped-cropped-3-1.png","contentUrl":"https:\/\/cvinoticias.com\/wp-content\/uploads\/2023\/04\/cropped-cropped-cropped-cropped-cropped-3-1.png","width":95,"height":122,"caption":"CVI NOTICIAS"},"image":{"@id":"https:\/\/cvinoticias.com\/v3\/#\/schema\/logo\/image\/"},"sameAs":["https:\/\/www.facebook.com\/cvinoticias","https:\/\/www.instagram.com\/cvinoticias\/","https:\/\/www.youtube.com\/@CVINOTICIAS"]},{"@type":"Person","@id":"https:\/\/cvinoticias.com\/v3\/#\/schema\/person\/2db77e3c6bc03c538495d7b2b8be9b66","name":"f1000024","image":{"@type":"ImageObject","inLanguage":"es","@id":"https:\/\/secure.gravatar.com\/avatar\/d4fe7459cfc51ff5129ce1a732bbef5928568b8092d412ef95611616376bbeed?s=96&d=mm&r=g","url":"https:\/\/secure.gravatar.com\/avatar\/d4fe7459cfc51ff5129ce1a732bbef5928568b8092d412ef95611616376bbeed?s=96&d=mm&r=g","contentUrl":"https:\/\/secure.gravatar.com\/avatar\/d4fe7459cfc51ff5129ce1a732bbef5928568b8092d412ef95611616376bbeed?s=96&d=mm&r=g","caption":"f1000024"},"url":"https:\/\/cvinoticias.com\/v3\/author\/f1000024\/"}]}},"_links":{"self":[{"href":"https:\/\/cvinoticias.com\/v3\/wp-json\/wp\/v2\/posts\/11877","targetHints":{"allow":["GET"]}}],"collection":[{"href":"https:\/\/cvinoticias.com\/v3\/wp-json\/wp\/v2\/posts"}],"about":[{"href":"https:\/\/cvinoticias.com\/v3\/wp-json\/wp\/v2\/types\/post"}],"author":[{"embeddable":true,"href":"https:\/\/cvinoticias.com\/v3\/wp-json\/wp\/v2\/users\/2"}],"replies":[{"embeddable":true,"href":"https:\/\/cvinoticias.com\/v3\/wp-json\/wp\/v2\/comments?post=11877"}],"version-history":[{"count":1,"href":"https:\/\/cvinoticias.com\/v3\/wp-json\/wp\/v2\/posts\/11877\/revisions"}],"predecessor-version":[{"id":11879,"href":"https:\/\/cvinoticias.com\/v3\/wp-json\/wp\/v2\/posts\/11877\/revisions\/11879"}],"wp:featuredmedia":[{"embeddable":true,"href":"https:\/\/cvinoticias.com\/v3\/wp-json\/wp\/v2\/media\/11878"}],"wp:attachment":[{"href":"https:\/\/cvinoticias.com\/v3\/wp-json\/wp\/v2\/media?parent=11877"}],"wp:term":[{"taxonomy":"category","embeddable":true,"href":"https:\/\/cvinoticias.com\/v3\/wp-json\/wp\/v2\/categories?post=11877"},{"taxonomy":"post_tag","embeddable":true,"href":"https:\/\/cvinoticias.com\/v3\/wp-json\/wp\/v2\/tags?post=11877"}],"curies":[{"name":"wp","href":"https:\/\/api.w.org\/{rel}","templated":true}]}}