{"id":11870,"date":"2022-01-02T21:28:19","date_gmt":"2022-01-02T21:28:19","guid":{"rendered":"https:\/\/cvinoticias.com\/v3\/?p=11870"},"modified":"2022-01-02T21:28:19","modified_gmt":"2022-01-02T21:28:19","slug":"analisis-periodistico-gobierno-resiliente","status":"publish","type":"post","link":"https:\/\/cvinoticias.com\/v3\/analisis-periodistico-gobierno-resiliente\/","title":{"rendered":"Analisis Period\u00edstico: \u00abGobierno Resiliente\u00bb"},"content":{"rendered":"\n<p><strong><em>La capacidad de gesti\u00f3n del Gobierno Misionerista frente a la Naci\u00f3n, en el contexto de adversidad generado por la desaprobaci\u00f3n del Presupuesto Nacional 2022 que condenaba a la provincia a la procastinaci\u00f3n.<\/em><\/strong><\/p>\n\n\n\n<p>Las instituciones representativas bajo las cuales vivimos hoy evolucionaron a partir de una idea revolucionaria que conmovi\u00f3 al mundo en la segunda mitad del siglo XVIII, a saber, la de un pueblo que deber\u00eda gobernarse a s\u00ed mismo. S\u00f3lo cuando ciudadanos iguales determinaban las leyes bajo las cuales viv\u00edan eran libres. Y la libertad era el valor pol\u00edtico definitivo, \u201ctodo\u201d, seg\u00fan el decir de muchos. Sin embargo, si juzgamos las democracias contempor\u00e1neas por los ideales de autogobierno, igualdad y libertad, encontramos que la democracia no es lo que se so\u00f1aba que era.<\/p>\n\n\n\n<p>En la actualidad, hay una marcada tendencia a confundir los ideales de los fundadores con descripciones de instituciones existentes en la realidad. Ese velo ideol\u00f3gico deforma nuestra comprensi\u00f3n y nuestras evaluaciones. Es pol\u00edticamente pernicioso porque, a la vez, alimenta esperanzas irracionales, incluyendo proyectos alucinatorios, y nos ciega a las reformas factibles.<\/p>\n\n\n\n<p>De acuerdo con la concepci\u00f3n cl\u00e1sica, el papel de los representantes consist\u00eda en encontrar el verdadero inter\u00e9s com\u00fan. Como lo describe correctamente el c\u00e9lebre economista austro-estadounidense Joseph Schumpeter: \u201cla filosof\u00eda de la democracia del siglo XVIII cre\u00eda que existe un bien com\u00fan, evidente faro orientador de la pol\u00edtica. No hay excusa para no verlo y de hecho no hay explicaci\u00f3n para la presencia de personas que no lo ven, salvo la ignorancia -que se puede eliminar-, la estupidez y el inter\u00e9s antisocial\u201d.<\/p>\n\n\n\n<p>Bajo el t\u00edtulo La tiran\u00eda de las minor\u00edas en la era de la tecnolog\u00eda, el influyente economista y pensador brit\u00e1nico John Kay intent\u00f3 desarrollar una descripci\u00f3n de la democracia de estos tiempos y lo ejemplific\u00f3 con pol\u00edticos que, ante una petici\u00f3n respaldada por una minor\u00eda, se lanzan como tromba a defenderla, porque eso da votos, gana aprobaci\u00f3n, roba titulares en la prensa o, simplemente, le cae bien a un sector de la ciudadan\u00eda.<\/p>\n\n\n\n<p>Esboza Kay que \u201ccomo la mayor parte de la gente no tiene tiempo o energ\u00eda para dedicarse a la pol\u00edtica, peque\u00f1os grupos con una fuerte motivaci\u00f3n comercial, personal o ideol\u00f3gica ejercen una influencia desproporcionada. Este da riendas sueltas a los lobbystas pagados y a los individuos y organizaciones obsesionados con un tema \u00fanico\u201d.<\/p>\n\n\n\n<p>Claro est\u00e1 que a la clase pol\u00edtica le corresponde defender el inter\u00e9s p\u00fablico, pero \u201cel inter\u00e9s p\u00fablico es difuso y no tiene recursos ni liderazgo, mientras que el inter\u00e9s privado est\u00e1 enfocado y bien financiado\u201d.<\/p>\n\n\n\n<p>Concluye categ\u00f3ricamente Kay diciendo que \u201cBurke afirmaba que el parlamento no es un congreso de abogados de intereses en competencia, sino una asamblea deliberativa que busca identificar un inter\u00e9s com\u00fan. Pero los modernos pol\u00edticos, vulnerables a las exigencias de la financiaci\u00f3n de los partidos, asediados por los grupos lobbystas y obsesionados por los titulares de los peri\u00f3dicos, se han desviado mucho de aquel ideal\u201d.<\/p>\n\n\n\n<hr class=\"wp-block-separator\"\/>\n\n\n\n<p>El Presupuesto es la principal herramienta de gesti\u00f3n del Estado, en \u00e9l se proyectan los c\u00e1lculos de los gastos y los recursos para un ejercicio financiero, as\u00ed como tambi\u00e9n se hace la correspondiente proyecci\u00f3n de su ejecuci\u00f3n por \u00e1reas y programas.<\/p>\n\n\n\n<p>La desaprobaci\u00f3n del Presupuesto General del Estado Nacional para el Ejercicio 2022, gener\u00f3 un fuerte cimbronazo multinivel. La dirigencia pol\u00edtica, tanto oficialista como opositora y tambi\u00e9n aquella que se encuentra fuera de la visi\u00f3n maniquea del poder influenciada por el fen\u00f3meno de La Grieta, ensay\u00f3 diferentes apreciaciones acerca de este acto de irresponsabilidad institucional perpetrado por la alianza opositora Juntos por el Cambio, cuyo conglomerado cont\u00f3 con el aporte tres diputados misioneros de esa facci\u00f3n pol\u00edtica: Alfredo Schiavoni y los debutantes Mart\u00edn Arjol y Florencia Klipauka Lewtak.<\/p>\n\n\n\n<p>El propio Presidente de la Uni\u00f3n C\u00edvica Radical (integrante de la alianza opositora) Gerardo Morales, repudi\u00f3 la acci\u00f3n del espacio al que pertenece al considerar que \u201cno se puede dejar sin presupuesto a un Gobierno\u201d, en consonancia con la Coalici\u00f3n C\u00edvica (tambi\u00e9n integrante de JxC), referenciada en Elisa Carri\u00f3, que en un comunicado sostuvo que \u201cvoltear el presupuesto no era una opci\u00f3n\u201d y al mismo tiempo cuestionaron la ausencia de una posici\u00f3n m\u00e1s inteligente y responsable de los diputados de su espacio. En consecuencia, el sector tal vez m\u00e1s racional de la coalici\u00f3n opositora es consciente del grave perjuicio que ocasiona una acci\u00f3n como la que llevaron a cabo desde ese espacio.<br>Lejos de la grieta, y desde el interior olvidado que busca una reivindicaci\u00f3n y una reparaci\u00f3n hist\u00f3rica, el Ing. Carlos Rovira, conductor del Frente Renovador de la Concordia Social fue categ\u00f3rico al considerar que \u201cse le hizo un da\u00f1o irreparable a la Rep\u00fablica neg\u00e1ndole un presupuesto\u201d al considerar que \u00e9ste es una \u201cherramienta de vital importancia para desarrollar un Gobierno y brindar soluciones al pueblo\u201d.<\/p>\n\n\n\n<p>Rovira fue contundente al manifestar que \u201cdesde el Congreso no se gobierna sino que se ayuda a gobernar a quien est\u00e1 en el Ejecutivo, porque el lugar que tiene cada uno lo decidi\u00f3 la gente\u201d.<\/p>\n\n\n\n<p>Gestionar incansablemente para Misiones<br>Lejos de quedarse de brazos cruzados y a\u00fan convaleciente de una reciente intervenci\u00f3n quir\u00fargica del sistema auditivo, el Gobernador Herrera Ahuad acompa\u00f1ado del Ministro Coordinador de Gabinete Ricardo Wellbach y del Ministro de Hacienda Adolfo Safr\u00e1n, particip\u00f3 de una importante reuni\u00f3n con el Jefe de Gabinete de la Naci\u00f3n, Juan Manzur.<\/p>\n\n\n\n<p>La reuni\u00f3n sirvi\u00f3 para comenzar a planificar las obras de infraestructura y los fondos educativos que estaban destinados a Misiones en el Presupuesto 2022 y quedaron bloqueados tras el voto en contra de la oposici\u00f3n en la C\u00e1mara de Diputados; ya que el Jefe de Gabinete, aunque con ciertas limitaciones, por decisi\u00f3n administrativa puede avanzar en acciones que reparen este escenario tan negativo para la provincia.<\/p>\n\n\n\n<p>Los recursos e inversiones estrat\u00e9gicas que los misioneros hab\u00edan perdido tras el rechazo en bloque los diputados nucleados en la alianza de Juntos por el Cambio (incluidos los 3 diputados misioneros de esa facci\u00f3n pol\u00edtica), con la pr\u00f3rroga del Presupuesto 2021 decretada por el Gobierno Nacional, dependen ahora de las gestiones del Gobernador misionero y el compromiso de Manzur de asignar las partidas presupuestarias necesarias para poder llevar adelante los proyectos que son vitales para el desarrollo de la provincia en tiempos en donde se comienza a transitar la salida de la pandemia.<\/p>\n\n\n\n<p>Dentro de las prioridades fijadas por Herrera Ahuad se encuentra la necesidad de recuperar la asignaci\u00f3n de los montos destinados a trav\u00e9s de la Ley de Financiamiento Educativo y la Ley de Incentivo Docente, fuente de financiamiento del FONID. En materia energ\u00e9tica, insisti\u00f3 con la necesidad imperiosa de avanzar con las obras de las l\u00edneas de 132kvs de los tramos San Isidro \u2013 Alem \u2013 Ober\u00e1 y el tramo Eldorado \u2013 San Pedro, obras de gran envergadura que implican una inversi\u00f3n de 4.300 millones de pesos y de 434 millones de pesos, respectivamente.<\/p>\n\n\n\n<p>La reuni\u00f3n dej\u00f3 como saldo positivo el compromiso del Gobierno Nacional para otorgar previsibilidad a la Provincia de Misiones y gestionar los fondos necesarios para que estos y otros aspectos del Presupuesto que deben ser resueltos a trav\u00e9s de decisiones administrativas, tales como el resto de las obras y recursos destinados a la infraestructura vial, h\u00eddrica, sanitaria, educativa y productiva, se puedan concretar pese al rechazo del Presupuesto 2022 perpetrado por la alianza opositora de Juntos por el Cambio en connivencia con otras fuerzas minoritarias.<\/p>\n\n\n\n<p>De esta forma, frente a la despreocupaci\u00f3n de los diputados misioneros cambiemitas que votaron en obediencia a las agendas fijadas desde Buenos Aires por quienes conducen la alianza a la que pertenecen, el Gobierno de la Provincia se ha encargado de manera r\u00e1pida de gestionar la asignaci\u00f3n de recursos y obras destinadas al desarrollo de la provincia, lo que han decidido procastinar los legisladores mencionados. Las acciones del Gobierno que se condicen con lo expresado por Rovira en la sesi\u00f3n especial del 10 de diciembre en la C\u00e1mara de Representantes: \u201cMisiones es una provincia din\u00e1mica, imposible de atajarla y seguiremos brindando herramientas de transformaci\u00f3n\u201d.<\/p>\n\n\n\n<p>Cuando buscamos una definici\u00f3n acerca de la palabra eficacia, encontramos que ser eficaz es ser asertivo, dar en el blanco, obtener resultados. El Gobierno de Misiones ha demostrado siempre que en situaciones dif\u00edciles y en contextos desfavorables ha sido eficaz.<\/p>\n\n\n\n<p><\/p>\n\n\n\n<p><strong>Fuente: (*) NICOLAS MARCHIORI &#8211; Abogado. Diplomado en Manejo de Crisis y en An\u00e1lisis de Procesos Electorales. Posgrado de Especializaci\u00f3n en Comunicaci\u00f3n de Gobierno y Electoral. Becario de la Fundaci\u00f3n Konrad Adenauer y del Centro de An\u00e1lisis y Entrenamiento Pol\u00edtico &#8211; CAEP (Colombia).-<\/strong><\/p>\n","protected":false},"excerpt":{"rendered":"<p>La capacidad de gesti\u00f3n del Gobierno Misionerista frente a la Naci\u00f3n, en el contexto de adversidad generado por la desaprobaci\u00f3n del Presupuesto Nacional 2022 que condenaba a la provincia a la procastinaci\u00f3n. Las instituciones representativas bajo las cuales vivimos hoy evolucionaron a partir de una idea revolucionaria que conmovi\u00f3 al mundo en la segunda mitad [&hellip;]<\/p>\n","protected":false},"author":2,"featured_media":11871,"comment_status":"open","ping_status":"open","sticky":false,"template":"","format":"standard","meta":{"footnotes":""},"categories":[42],"tags":[],"class_list":["post-11870","post","type-post","status-publish","format-standard","has-post-thumbnail","hentry","category-politica"],"yoast_head":"<!-- This site is optimized with the Yoast SEO plugin v27.4 - https:\/\/yoast.com\/product\/yoast-seo-wordpress\/ -->\n<title>Analisis Period\u00edstico: &quot;Gobierno Resiliente&quot; | CVI NOTICIAS<\/title>\n<meta name=\"robots\" content=\"index, follow, max-snippet:-1, max-image-preview:large, max-video-preview:-1\" \/>\n<link rel=\"canonical\" href=\"https:\/\/cvinoticias.com\/v3\/analisis-periodistico-gobierno-resiliente\/\" \/>\n<meta property=\"og:locale\" content=\"es_ES\" \/>\n<meta property=\"og:type\" content=\"article\" \/>\n<meta property=\"og:title\" content=\"Analisis Period\u00edstico: &quot;Gobierno Resiliente&quot; | CVI NOTICIAS\" \/>\n<meta property=\"og:description\" content=\"La capacidad de gesti\u00f3n del Gobierno Misionerista frente a la Naci\u00f3n, en el contexto de adversidad generado por la desaprobaci\u00f3n del Presupuesto Nacional 2022 que condenaba a la provincia a la procastinaci\u00f3n. Las instituciones representativas bajo las cuales vivimos hoy evolucionaron a partir de una idea revolucionaria que conmovi\u00f3 al mundo en la segunda mitad [&hellip;]\" \/>\n<meta property=\"og:url\" content=\"https:\/\/cvinoticias.com\/v3\/analisis-periodistico-gobierno-resiliente\/\" \/>\n<meta property=\"og:site_name\" content=\"CVI NOTICIAS\" \/>\n<meta property=\"article:publisher\" content=\"https:\/\/www.facebook.com\/cvinoticias\" \/>\n<meta property=\"article:published_time\" content=\"2022-01-02T21:28:19+00:00\" \/>\n<meta property=\"og:image\" content=\"https:\/\/cvinoticias.com\/wp-content\/uploads\/2022\/01\/IMG-20220102-WA0016.jpg\" \/>\n\t<meta property=\"og:image:width\" content=\"679\" \/>\n\t<meta property=\"og:image:height\" content=\"453\" \/>\n\t<meta property=\"og:image:type\" content=\"image\/jpeg\" \/>\n<meta name=\"author\" content=\"f1000024\" \/>\n<meta name=\"twitter:card\" content=\"summary_large_image\" \/>\n<meta name=\"twitter:label1\" content=\"Escrito por\" \/>\n\t<meta name=\"twitter:data1\" content=\"f1000024\" \/>\n\t<meta name=\"twitter:label2\" content=\"Tiempo de lectura\" \/>\n\t<meta name=\"twitter:data2\" content=\"8 minutos\" \/>\n<script type=\"application\/ld+json\" class=\"yoast-schema-graph\">{\"@context\":\"https:\\\/\\\/schema.org\",\"@graph\":[{\"@type\":\"Article\",\"@id\":\"https:\\\/\\\/cvinoticias.com\\\/v3\\\/analisis-periodistico-gobierno-resiliente\\\/#article\",\"isPartOf\":{\"@id\":\"https:\\\/\\\/cvinoticias.com\\\/v3\\\/analisis-periodistico-gobierno-resiliente\\\/\"},\"author\":{\"name\":\"f1000024\",\"@id\":\"https:\\\/\\\/cvinoticias.com\\\/v3\\\/#\\\/schema\\\/person\\\/2db77e3c6bc03c538495d7b2b8be9b66\"},\"headline\":\"Analisis Period\u00edstico: \u00abGobierno Resiliente\u00bb\",\"datePublished\":\"2022-01-02T21:28:19+00:00\",\"mainEntityOfPage\":{\"@id\":\"https:\\\/\\\/cvinoticias.com\\\/v3\\\/analisis-periodistico-gobierno-resiliente\\\/\"},\"wordCount\":1517,\"commentCount\":0,\"publisher\":{\"@id\":\"https:\\\/\\\/cvinoticias.com\\\/v3\\\/#organization\"},\"image\":{\"@id\":\"https:\\\/\\\/cvinoticias.com\\\/v3\\\/analisis-periodistico-gobierno-resiliente\\\/#primaryimage\"},\"thumbnailUrl\":\"https:\\\/\\\/cvinoticias.com\\\/wp-content\\\/uploads\\\/2022\\\/01\\\/IMG-20220102-WA0016.jpg\",\"articleSection\":[\"Politica\"],\"inLanguage\":\"es\",\"potentialAction\":[{\"@type\":\"CommentAction\",\"name\":\"Comment\",\"target\":[\"https:\\\/\\\/cvinoticias.com\\\/v3\\\/analisis-periodistico-gobierno-resiliente\\\/#respond\"]}]},{\"@type\":\"WebPage\",\"@id\":\"https:\\\/\\\/cvinoticias.com\\\/v3\\\/analisis-periodistico-gobierno-resiliente\\\/\",\"url\":\"https:\\\/\\\/cvinoticias.com\\\/v3\\\/analisis-periodistico-gobierno-resiliente\\\/\",\"name\":\"Analisis Period\u00edstico: \\\"Gobierno Resiliente\\\" | CVI NOTICIAS\",\"isPartOf\":{\"@id\":\"https:\\\/\\\/cvinoticias.com\\\/v3\\\/#website\"},\"primaryImageOfPage\":{\"@id\":\"https:\\\/\\\/cvinoticias.com\\\/v3\\\/analisis-periodistico-gobierno-resiliente\\\/#primaryimage\"},\"image\":{\"@id\":\"https:\\\/\\\/cvinoticias.com\\\/v3\\\/analisis-periodistico-gobierno-resiliente\\\/#primaryimage\"},\"thumbnailUrl\":\"https:\\\/\\\/cvinoticias.com\\\/wp-content\\\/uploads\\\/2022\\\/01\\\/IMG-20220102-WA0016.jpg\",\"datePublished\":\"2022-01-02T21:28:19+00:00\",\"breadcrumb\":{\"@id\":\"https:\\\/\\\/cvinoticias.com\\\/v3\\\/analisis-periodistico-gobierno-resiliente\\\/#breadcrumb\"},\"inLanguage\":\"es\",\"potentialAction\":[{\"@type\":\"ReadAction\",\"target\":[\"https:\\\/\\\/cvinoticias.com\\\/v3\\\/analisis-periodistico-gobierno-resiliente\\\/\"]}]},{\"@type\":\"ImageObject\",\"inLanguage\":\"es\",\"@id\":\"https:\\\/\\\/cvinoticias.com\\\/v3\\\/analisis-periodistico-gobierno-resiliente\\\/#primaryimage\",\"url\":\"https:\\\/\\\/cvinoticias.com\\\/wp-content\\\/uploads\\\/2022\\\/01\\\/IMG-20220102-WA0016.jpg\",\"contentUrl\":\"https:\\\/\\\/cvinoticias.com\\\/wp-content\\\/uploads\\\/2022\\\/01\\\/IMG-20220102-WA0016.jpg\",\"width\":679,\"height\":453},{\"@type\":\"BreadcrumbList\",\"@id\":\"https:\\\/\\\/cvinoticias.com\\\/v3\\\/analisis-periodistico-gobierno-resiliente\\\/#breadcrumb\",\"itemListElement\":[{\"@type\":\"ListItem\",\"position\":1,\"name\":\"Portada\",\"item\":\"https:\\\/\\\/cvinoticias.com\\\/v3\\\/\"},{\"@type\":\"ListItem\",\"position\":2,\"name\":\"Analisis Period\u00edstico: \u00abGobierno Resiliente\u00bb\"}]},{\"@type\":\"WebSite\",\"@id\":\"https:\\\/\\\/cvinoticias.com\\\/v3\\\/#website\",\"url\":\"https:\\\/\\\/cvinoticias.com\\\/v3\\\/\",\"name\":\"CVI NOTICIAS\",\"description\":\"\",\"publisher\":{\"@id\":\"https:\\\/\\\/cvinoticias.com\\\/v3\\\/#organization\"},\"alternateName\":\"CVI\",\"potentialAction\":[{\"@type\":\"SearchAction\",\"target\":{\"@type\":\"EntryPoint\",\"urlTemplate\":\"https:\\\/\\\/cvinoticias.com\\\/v3\\\/?s={search_term_string}\"},\"query-input\":{\"@type\":\"PropertyValueSpecification\",\"valueRequired\":true,\"valueName\":\"search_term_string\"}}],\"inLanguage\":\"es\"},{\"@type\":\"Organization\",\"@id\":\"https:\\\/\\\/cvinoticias.com\\\/v3\\\/#organization\",\"name\":\"CVI NOTICIAS\",\"url\":\"https:\\\/\\\/cvinoticias.com\\\/v3\\\/\",\"logo\":{\"@type\":\"ImageObject\",\"inLanguage\":\"es\",\"@id\":\"https:\\\/\\\/cvinoticias.com\\\/v3\\\/#\\\/schema\\\/logo\\\/image\\\/\",\"url\":\"https:\\\/\\\/cvinoticias.com\\\/wp-content\\\/uploads\\\/2023\\\/04\\\/cropped-cropped-cropped-cropped-cropped-3-1.png\",\"contentUrl\":\"https:\\\/\\\/cvinoticias.com\\\/wp-content\\\/uploads\\\/2023\\\/04\\\/cropped-cropped-cropped-cropped-cropped-3-1.png\",\"width\":95,\"height\":122,\"caption\":\"CVI NOTICIAS\"},\"image\":{\"@id\":\"https:\\\/\\\/cvinoticias.com\\\/v3\\\/#\\\/schema\\\/logo\\\/image\\\/\"},\"sameAs\":[\"https:\\\/\\\/www.facebook.com\\\/cvinoticias\",\"https:\\\/\\\/www.instagram.com\\\/cvinoticias\\\/\",\"https:\\\/\\\/www.youtube.com\\\/@CVINOTICIAS\"]},{\"@type\":\"Person\",\"@id\":\"https:\\\/\\\/cvinoticias.com\\\/v3\\\/#\\\/schema\\\/person\\\/2db77e3c6bc03c538495d7b2b8be9b66\",\"name\":\"f1000024\",\"image\":{\"@type\":\"ImageObject\",\"inLanguage\":\"es\",\"@id\":\"https:\\\/\\\/secure.gravatar.com\\\/avatar\\\/d4fe7459cfc51ff5129ce1a732bbef5928568b8092d412ef95611616376bbeed?s=96&d=mm&r=g\",\"url\":\"https:\\\/\\\/secure.gravatar.com\\\/avatar\\\/d4fe7459cfc51ff5129ce1a732bbef5928568b8092d412ef95611616376bbeed?s=96&d=mm&r=g\",\"contentUrl\":\"https:\\\/\\\/secure.gravatar.com\\\/avatar\\\/d4fe7459cfc51ff5129ce1a732bbef5928568b8092d412ef95611616376bbeed?s=96&d=mm&r=g\",\"caption\":\"f1000024\"},\"url\":\"https:\\\/\\\/cvinoticias.com\\\/v3\\\/author\\\/f1000024\\\/\"}]}<\/script>\n<!-- \/ Yoast SEO plugin. -->","yoast_head_json":{"title":"Analisis Period\u00edstico: \"Gobierno Resiliente\" | CVI NOTICIAS","robots":{"index":"index","follow":"follow","max-snippet":"max-snippet:-1","max-image-preview":"max-image-preview:large","max-video-preview":"max-video-preview:-1"},"canonical":"https:\/\/cvinoticias.com\/v3\/analisis-periodistico-gobierno-resiliente\/","og_locale":"es_ES","og_type":"article","og_title":"Analisis Period\u00edstico: \"Gobierno Resiliente\" | CVI NOTICIAS","og_description":"La capacidad de gesti\u00f3n del Gobierno Misionerista frente a la Naci\u00f3n, en el contexto de adversidad generado por la desaprobaci\u00f3n del Presupuesto Nacional 2022 que condenaba a la provincia a la procastinaci\u00f3n. Las instituciones representativas bajo las cuales vivimos hoy evolucionaron a partir de una idea revolucionaria que conmovi\u00f3 al mundo en la segunda mitad [&hellip;]","og_url":"https:\/\/cvinoticias.com\/v3\/analisis-periodistico-gobierno-resiliente\/","og_site_name":"CVI NOTICIAS","article_publisher":"https:\/\/www.facebook.com\/cvinoticias","article_published_time":"2022-01-02T21:28:19+00:00","og_image":[{"width":679,"height":453,"url":"https:\/\/cvinoticias.com\/wp-content\/uploads\/2022\/01\/IMG-20220102-WA0016.jpg","type":"image\/jpeg"}],"author":"f1000024","twitter_card":"summary_large_image","twitter_misc":{"Escrito por":"f1000024","Tiempo de lectura":"8 minutos"},"schema":{"@context":"https:\/\/schema.org","@graph":[{"@type":"Article","@id":"https:\/\/cvinoticias.com\/v3\/analisis-periodistico-gobierno-resiliente\/#article","isPartOf":{"@id":"https:\/\/cvinoticias.com\/v3\/analisis-periodistico-gobierno-resiliente\/"},"author":{"name":"f1000024","@id":"https:\/\/cvinoticias.com\/v3\/#\/schema\/person\/2db77e3c6bc03c538495d7b2b8be9b66"},"headline":"Analisis Period\u00edstico: \u00abGobierno Resiliente\u00bb","datePublished":"2022-01-02T21:28:19+00:00","mainEntityOfPage":{"@id":"https:\/\/cvinoticias.com\/v3\/analisis-periodistico-gobierno-resiliente\/"},"wordCount":1517,"commentCount":0,"publisher":{"@id":"https:\/\/cvinoticias.com\/v3\/#organization"},"image":{"@id":"https:\/\/cvinoticias.com\/v3\/analisis-periodistico-gobierno-resiliente\/#primaryimage"},"thumbnailUrl":"https:\/\/cvinoticias.com\/wp-content\/uploads\/2022\/01\/IMG-20220102-WA0016.jpg","articleSection":["Politica"],"inLanguage":"es","potentialAction":[{"@type":"CommentAction","name":"Comment","target":["https:\/\/cvinoticias.com\/v3\/analisis-periodistico-gobierno-resiliente\/#respond"]}]},{"@type":"WebPage","@id":"https:\/\/cvinoticias.com\/v3\/analisis-periodistico-gobierno-resiliente\/","url":"https:\/\/cvinoticias.com\/v3\/analisis-periodistico-gobierno-resiliente\/","name":"Analisis Period\u00edstico: \"Gobierno Resiliente\" | CVI NOTICIAS","isPartOf":{"@id":"https:\/\/cvinoticias.com\/v3\/#website"},"primaryImageOfPage":{"@id":"https:\/\/cvinoticias.com\/v3\/analisis-periodistico-gobierno-resiliente\/#primaryimage"},"image":{"@id":"https:\/\/cvinoticias.com\/v3\/analisis-periodistico-gobierno-resiliente\/#primaryimage"},"thumbnailUrl":"https:\/\/cvinoticias.com\/wp-content\/uploads\/2022\/01\/IMG-20220102-WA0016.jpg","datePublished":"2022-01-02T21:28:19+00:00","breadcrumb":{"@id":"https:\/\/cvinoticias.com\/v3\/analisis-periodistico-gobierno-resiliente\/#breadcrumb"},"inLanguage":"es","potentialAction":[{"@type":"ReadAction","target":["https:\/\/cvinoticias.com\/v3\/analisis-periodistico-gobierno-resiliente\/"]}]},{"@type":"ImageObject","inLanguage":"es","@id":"https:\/\/cvinoticias.com\/v3\/analisis-periodistico-gobierno-resiliente\/#primaryimage","url":"https:\/\/cvinoticias.com\/wp-content\/uploads\/2022\/01\/IMG-20220102-WA0016.jpg","contentUrl":"https:\/\/cvinoticias.com\/wp-content\/uploads\/2022\/01\/IMG-20220102-WA0016.jpg","width":679,"height":453},{"@type":"BreadcrumbList","@id":"https:\/\/cvinoticias.com\/v3\/analisis-periodistico-gobierno-resiliente\/#breadcrumb","itemListElement":[{"@type":"ListItem","position":1,"name":"Portada","item":"https:\/\/cvinoticias.com\/v3\/"},{"@type":"ListItem","position":2,"name":"Analisis Period\u00edstico: \u00abGobierno Resiliente\u00bb"}]},{"@type":"WebSite","@id":"https:\/\/cvinoticias.com\/v3\/#website","url":"https:\/\/cvinoticias.com\/v3\/","name":"CVI NOTICIAS","description":"","publisher":{"@id":"https:\/\/cvinoticias.com\/v3\/#organization"},"alternateName":"CVI","potentialAction":[{"@type":"SearchAction","target":{"@type":"EntryPoint","urlTemplate":"https:\/\/cvinoticias.com\/v3\/?s={search_term_string}"},"query-input":{"@type":"PropertyValueSpecification","valueRequired":true,"valueName":"search_term_string"}}],"inLanguage":"es"},{"@type":"Organization","@id":"https:\/\/cvinoticias.com\/v3\/#organization","name":"CVI NOTICIAS","url":"https:\/\/cvinoticias.com\/v3\/","logo":{"@type":"ImageObject","inLanguage":"es","@id":"https:\/\/cvinoticias.com\/v3\/#\/schema\/logo\/image\/","url":"https:\/\/cvinoticias.com\/wp-content\/uploads\/2023\/04\/cropped-cropped-cropped-cropped-cropped-3-1.png","contentUrl":"https:\/\/cvinoticias.com\/wp-content\/uploads\/2023\/04\/cropped-cropped-cropped-cropped-cropped-3-1.png","width":95,"height":122,"caption":"CVI NOTICIAS"},"image":{"@id":"https:\/\/cvinoticias.com\/v3\/#\/schema\/logo\/image\/"},"sameAs":["https:\/\/www.facebook.com\/cvinoticias","https:\/\/www.instagram.com\/cvinoticias\/","https:\/\/www.youtube.com\/@CVINOTICIAS"]},{"@type":"Person","@id":"https:\/\/cvinoticias.com\/v3\/#\/schema\/person\/2db77e3c6bc03c538495d7b2b8be9b66","name":"f1000024","image":{"@type":"ImageObject","inLanguage":"es","@id":"https:\/\/secure.gravatar.com\/avatar\/d4fe7459cfc51ff5129ce1a732bbef5928568b8092d412ef95611616376bbeed?s=96&d=mm&r=g","url":"https:\/\/secure.gravatar.com\/avatar\/d4fe7459cfc51ff5129ce1a732bbef5928568b8092d412ef95611616376bbeed?s=96&d=mm&r=g","contentUrl":"https:\/\/secure.gravatar.com\/avatar\/d4fe7459cfc51ff5129ce1a732bbef5928568b8092d412ef95611616376bbeed?s=96&d=mm&r=g","caption":"f1000024"},"url":"https:\/\/cvinoticias.com\/v3\/author\/f1000024\/"}]}},"_links":{"self":[{"href":"https:\/\/cvinoticias.com\/v3\/wp-json\/wp\/v2\/posts\/11870","targetHints":{"allow":["GET"]}}],"collection":[{"href":"https:\/\/cvinoticias.com\/v3\/wp-json\/wp\/v2\/posts"}],"about":[{"href":"https:\/\/cvinoticias.com\/v3\/wp-json\/wp\/v2\/types\/post"}],"author":[{"embeddable":true,"href":"https:\/\/cvinoticias.com\/v3\/wp-json\/wp\/v2\/users\/2"}],"replies":[{"embeddable":true,"href":"https:\/\/cvinoticias.com\/v3\/wp-json\/wp\/v2\/comments?post=11870"}],"version-history":[{"count":1,"href":"https:\/\/cvinoticias.com\/v3\/wp-json\/wp\/v2\/posts\/11870\/revisions"}],"predecessor-version":[{"id":11872,"href":"https:\/\/cvinoticias.com\/v3\/wp-json\/wp\/v2\/posts\/11870\/revisions\/11872"}],"wp:featuredmedia":[{"embeddable":true,"href":"https:\/\/cvinoticias.com\/v3\/wp-json\/wp\/v2\/media\/11871"}],"wp:attachment":[{"href":"https:\/\/cvinoticias.com\/v3\/wp-json\/wp\/v2\/media?parent=11870"}],"wp:term":[{"taxonomy":"category","embeddable":true,"href":"https:\/\/cvinoticias.com\/v3\/wp-json\/wp\/v2\/categories?post=11870"},{"taxonomy":"post_tag","embeddable":true,"href":"https:\/\/cvinoticias.com\/v3\/wp-json\/wp\/v2\/tags?post=11870"}],"curies":[{"name":"wp","href":"https:\/\/api.w.org\/{rel}","templated":true}]}}