{"id":11838,"date":"2022-01-01T23:26:00","date_gmt":"2022-01-01T23:26:00","guid":{"rendered":"https:\/\/cvinoticias.com\/v3\/?p=11838"},"modified":"2022-01-04T14:36:38","modified_gmt":"2022-01-04T14:36:38","slug":"alerta-mundial-por-la-aparicion-de-florona-una-combinacion-de-coronavirus-y-gripe","status":"publish","type":"post","link":"https:\/\/cvinoticias.com\/v3\/alerta-mundial-por-la-aparicion-de-florona-una-combinacion-de-coronavirus-y-gripe\/","title":{"rendered":"Alerta mundial por la aparici\u00f3n de \u00abFlurona\u00bb, una combinaci\u00f3n de coronavirus y gripe"},"content":{"rendered":"\n<p><strong><em>El primer caso fue registrado en Israel, donde una mujer embarazada lleg\u00f3 a dar a luz con ambas enfermedades. La paciente no estaba vacunada contra ninguno de los dos virus.<\/em><\/strong><\/p>\n\n\n\n<p>Mientras la variante \u00d3micron contin\u00faa ganando espacio a nivel mundial, la aparici\u00f3n de Florona, una combinaci\u00f3n de Coronavirus y gripe, pone en alerta al planeta, que cada vez ve m\u00e1s lejos la salida de la pandemia.<\/p>\n\n\n\n<p>El primer contagio con este doble virus se registr\u00f3 este fin de semana en Israel, donde una mujer embarazada ingres\u00f3 al hospital Beilinson -de la ciudad de Petaj Tikva- para dar a luz: la paciente, de 30 a\u00f1os, no estaba vacunada contra el coronavirus, ni contra la influeza. La mujer fue dada de alta y se encuentra en buen estado de salud.<\/p>\n\n\n\n<p>\u00abSe le diagnosticaron gripe y coronavirus apenas lleg\u00f3. Ambas pruebas dieron positivo, incluso despu\u00e9s de que repetimos el test\u00bb, se\u00f1alaron los m\u00e9dicos que la atendieron en declaraciones a medios locales.<\/p>\n\n\n\n<p>El jefe del Departamento de Obstetricia y Ginecolog\u00eda del hospital israel\u00ed, Arnon Viznitzer, explic\u00f3 que la paciente fue \u00abtratada con una combinaci\u00f3n de medicamentos que ataca tanto al coronavirus como a la gripe\u00bb.<\/p>\n\n\n\n<p>\u00abEstamos viendo m\u00e1s y m\u00e1s enfermedades similares a la gripe entre la poblaci\u00f3n de maternidad, junto con casos de coronavirus que ocurren principalmente en mujeres que no est\u00e1n vacunadas contra el Covid-19 y la influenza. La enfermedad es b\u00e1sicamente la misma: es algo v\u00edrico que provoca problemas respiratorios en las v\u00edas respiratorias superiores\u00bb, advirti\u00f3 el especialista.<\/p>\n\n\n\n<p><strong>\u00bfQu\u00e9 es Flurona?<\/strong><\/p>\n\n\n\n<p>La Organizaci\u00f3n Mundial de la Salud indic\u00f3 que es \u00abposible contraer ambas enfermedades al mismo tiempo\u00bb, ante lo cual subray\u00f3 que \u00abla forma m\u00e1s eficaz de prevenir la hospitalizaci\u00f3n por el Covid-19 grave y la influenza es la vacunaci\u00f3n\u00bb contra ambas enfermedades, que se esparcen de manera similar.<\/p>\n\n\n\n<p>Las personas no vacunadas que contraigan ambas enfermedades pueden sufrir complicaciones severas como neumon\u00eda, s\u00edndrome de dificultad respiratoria aguda, insuficiencia org\u00e1nica, ataques card\u00edacos, inflamaci\u00f3n del coraz\u00f3n o del cerebro, derrames cerebrales e incluso la muerte.<\/p>\n","protected":false},"excerpt":{"rendered":"<p>El primer caso fue registrado en Israel, donde una mujer embarazada lleg\u00f3 a dar a luz con ambas enfermedades. La paciente no estaba vacunada contra ninguno de los dos virus. Mientras la variante \u00d3micron contin\u00faa ganando espacio a nivel mundial, la aparici\u00f3n de Florona, una combinaci\u00f3n de Coronavirus y gripe, pone en alerta al planeta, [&hellip;]<\/p>\n","protected":false},"author":2,"featured_media":11839,"comment_status":"open","ping_status":"open","sticky":false,"template":"","format":"standard","meta":{"footnotes":""},"categories":[23,22],"tags":[],"class_list":["post-11838","post","type-post","status-publish","format-standard","has-post-thumbnail","hentry","category-covid-19","category-salud"],"yoast_head":"<!-- This site is optimized with the Yoast SEO plugin v27.4 - https:\/\/yoast.com\/product\/yoast-seo-wordpress\/ -->\n<title>Alerta mundial por la aparici\u00f3n de &quot;Flurona&quot;, una combinaci\u00f3n de coronavirus y gripe | CVI NOTICIAS<\/title>\n<meta name=\"robots\" content=\"index, follow, max-snippet:-1, max-image-preview:large, max-video-preview:-1\" \/>\n<link rel=\"canonical\" href=\"https:\/\/cvinoticias.com\/v3\/alerta-mundial-por-la-aparicion-de-florona-una-combinacion-de-coronavirus-y-gripe\/\" \/>\n<meta property=\"og:locale\" content=\"es_ES\" \/>\n<meta property=\"og:type\" content=\"article\" \/>\n<meta property=\"og:title\" content=\"Alerta mundial por la aparici\u00f3n de &quot;Flurona&quot;, una combinaci\u00f3n de coronavirus y gripe | CVI NOTICIAS\" \/>\n<meta property=\"og:description\" content=\"El primer caso fue registrado en Israel, donde una mujer embarazada lleg\u00f3 a dar a luz con ambas enfermedades. La paciente no estaba vacunada contra ninguno de los dos virus. Mientras la variante \u00d3micron contin\u00faa ganando espacio a nivel mundial, la aparici\u00f3n de Florona, una combinaci\u00f3n de Coronavirus y gripe, pone en alerta al planeta, [&hellip;]\" \/>\n<meta property=\"og:url\" content=\"https:\/\/cvinoticias.com\/v3\/alerta-mundial-por-la-aparicion-de-florona-una-combinacion-de-coronavirus-y-gripe\/\" \/>\n<meta property=\"og:site_name\" content=\"CVI NOTICIAS\" \/>\n<meta property=\"article:publisher\" content=\"https:\/\/www.facebook.com\/cvinoticias\" \/>\n<meta property=\"article:published_time\" content=\"2022-01-01T23:26:00+00:00\" \/>\n<meta property=\"article:modified_time\" content=\"2022-01-04T14:36:38+00:00\" \/>\n<meta property=\"og:image\" content=\"https:\/\/cvinoticias.com\/wp-content\/uploads\/2022\/01\/Picsart_22-01-01_20-20-47-183-scaled.jpg\" \/>\n\t<meta property=\"og:image:width\" content=\"2560\" \/>\n\t<meta property=\"og:image:height\" content=\"2560\" \/>\n\t<meta property=\"og:image:type\" content=\"image\/jpeg\" \/>\n<meta name=\"author\" content=\"f1000024\" \/>\n<meta name=\"twitter:card\" content=\"summary_large_image\" \/>\n<meta name=\"twitter:label1\" content=\"Escrito por\" \/>\n\t<meta name=\"twitter:data1\" content=\"f1000024\" \/>\n\t<meta name=\"twitter:label2\" content=\"Tiempo de lectura\" \/>\n\t<meta name=\"twitter:data2\" content=\"2 minutos\" \/>\n<script type=\"application\/ld+json\" class=\"yoast-schema-graph\">{\"@context\":\"https:\\\/\\\/schema.org\",\"@graph\":[{\"@type\":\"Article\",\"@id\":\"https:\\\/\\\/cvinoticias.com\\\/v3\\\/alerta-mundial-por-la-aparicion-de-florona-una-combinacion-de-coronavirus-y-gripe\\\/#article\",\"isPartOf\":{\"@id\":\"https:\\\/\\\/cvinoticias.com\\\/v3\\\/alerta-mundial-por-la-aparicion-de-florona-una-combinacion-de-coronavirus-y-gripe\\\/\"},\"author\":{\"name\":\"f1000024\",\"@id\":\"https:\\\/\\\/cvinoticias.com\\\/v3\\\/#\\\/schema\\\/person\\\/2db77e3c6bc03c538495d7b2b8be9b66\"},\"headline\":\"Alerta mundial por la aparici\u00f3n de \u00abFlurona\u00bb, una combinaci\u00f3n de coronavirus y gripe\",\"datePublished\":\"2022-01-01T23:26:00+00:00\",\"dateModified\":\"2022-01-04T14:36:38+00:00\",\"mainEntityOfPage\":{\"@id\":\"https:\\\/\\\/cvinoticias.com\\\/v3\\\/alerta-mundial-por-la-aparicion-de-florona-una-combinacion-de-coronavirus-y-gripe\\\/\"},\"wordCount\":374,\"commentCount\":0,\"publisher\":{\"@id\":\"https:\\\/\\\/cvinoticias.com\\\/v3\\\/#organization\"},\"image\":{\"@id\":\"https:\\\/\\\/cvinoticias.com\\\/v3\\\/alerta-mundial-por-la-aparicion-de-florona-una-combinacion-de-coronavirus-y-gripe\\\/#primaryimage\"},\"thumbnailUrl\":\"https:\\\/\\\/cvinoticias.com\\\/wp-content\\\/uploads\\\/2022\\\/01\\\/Picsart_22-01-01_20-20-47-183-scaled.jpg\",\"articleSection\":[\"Covid-19\",\"Salud\"],\"inLanguage\":\"es\",\"potentialAction\":[{\"@type\":\"CommentAction\",\"name\":\"Comment\",\"target\":[\"https:\\\/\\\/cvinoticias.com\\\/v3\\\/alerta-mundial-por-la-aparicion-de-florona-una-combinacion-de-coronavirus-y-gripe\\\/#respond\"]}]},{\"@type\":\"WebPage\",\"@id\":\"https:\\\/\\\/cvinoticias.com\\\/v3\\\/alerta-mundial-por-la-aparicion-de-florona-una-combinacion-de-coronavirus-y-gripe\\\/\",\"url\":\"https:\\\/\\\/cvinoticias.com\\\/v3\\\/alerta-mundial-por-la-aparicion-de-florona-una-combinacion-de-coronavirus-y-gripe\\\/\",\"name\":\"Alerta mundial por la aparici\u00f3n de \\\"Flurona\\\", una combinaci\u00f3n de coronavirus y gripe | CVI NOTICIAS\",\"isPartOf\":{\"@id\":\"https:\\\/\\\/cvinoticias.com\\\/v3\\\/#website\"},\"primaryImageOfPage\":{\"@id\":\"https:\\\/\\\/cvinoticias.com\\\/v3\\\/alerta-mundial-por-la-aparicion-de-florona-una-combinacion-de-coronavirus-y-gripe\\\/#primaryimage\"},\"image\":{\"@id\":\"https:\\\/\\\/cvinoticias.com\\\/v3\\\/alerta-mundial-por-la-aparicion-de-florona-una-combinacion-de-coronavirus-y-gripe\\\/#primaryimage\"},\"thumbnailUrl\":\"https:\\\/\\\/cvinoticias.com\\\/wp-content\\\/uploads\\\/2022\\\/01\\\/Picsart_22-01-01_20-20-47-183-scaled.jpg\",\"datePublished\":\"2022-01-01T23:26:00+00:00\",\"dateModified\":\"2022-01-04T14:36:38+00:00\",\"breadcrumb\":{\"@id\":\"https:\\\/\\\/cvinoticias.com\\\/v3\\\/alerta-mundial-por-la-aparicion-de-florona-una-combinacion-de-coronavirus-y-gripe\\\/#breadcrumb\"},\"inLanguage\":\"es\",\"potentialAction\":[{\"@type\":\"ReadAction\",\"target\":[\"https:\\\/\\\/cvinoticias.com\\\/v3\\\/alerta-mundial-por-la-aparicion-de-florona-una-combinacion-de-coronavirus-y-gripe\\\/\"]}]},{\"@type\":\"ImageObject\",\"inLanguage\":\"es\",\"@id\":\"https:\\\/\\\/cvinoticias.com\\\/v3\\\/alerta-mundial-por-la-aparicion-de-florona-una-combinacion-de-coronavirus-y-gripe\\\/#primaryimage\",\"url\":\"https:\\\/\\\/cvinoticias.com\\\/wp-content\\\/uploads\\\/2022\\\/01\\\/Picsart_22-01-01_20-20-47-183-scaled.jpg\",\"contentUrl\":\"https:\\\/\\\/cvinoticias.com\\\/wp-content\\\/uploads\\\/2022\\\/01\\\/Picsart_22-01-01_20-20-47-183-scaled.jpg\",\"width\":2560,\"height\":2560},{\"@type\":\"BreadcrumbList\",\"@id\":\"https:\\\/\\\/cvinoticias.com\\\/v3\\\/alerta-mundial-por-la-aparicion-de-florona-una-combinacion-de-coronavirus-y-gripe\\\/#breadcrumb\",\"itemListElement\":[{\"@type\":\"ListItem\",\"position\":1,\"name\":\"Portada\",\"item\":\"https:\\\/\\\/cvinoticias.com\\\/v3\\\/\"},{\"@type\":\"ListItem\",\"position\":2,\"name\":\"Alerta mundial por la aparici\u00f3n de \u00abFlurona\u00bb, una combinaci\u00f3n de coronavirus y gripe\"}]},{\"@type\":\"WebSite\",\"@id\":\"https:\\\/\\\/cvinoticias.com\\\/v3\\\/#website\",\"url\":\"https:\\\/\\\/cvinoticias.com\\\/v3\\\/\",\"name\":\"CVI NOTICIAS\",\"description\":\"\",\"publisher\":{\"@id\":\"https:\\\/\\\/cvinoticias.com\\\/v3\\\/#organization\"},\"alternateName\":\"CVI\",\"potentialAction\":[{\"@type\":\"SearchAction\",\"target\":{\"@type\":\"EntryPoint\",\"urlTemplate\":\"https:\\\/\\\/cvinoticias.com\\\/v3\\\/?s={search_term_string}\"},\"query-input\":{\"@type\":\"PropertyValueSpecification\",\"valueRequired\":true,\"valueName\":\"search_term_string\"}}],\"inLanguage\":\"es\"},{\"@type\":\"Organization\",\"@id\":\"https:\\\/\\\/cvinoticias.com\\\/v3\\\/#organization\",\"name\":\"CVI NOTICIAS\",\"url\":\"https:\\\/\\\/cvinoticias.com\\\/v3\\\/\",\"logo\":{\"@type\":\"ImageObject\",\"inLanguage\":\"es\",\"@id\":\"https:\\\/\\\/cvinoticias.com\\\/v3\\\/#\\\/schema\\\/logo\\\/image\\\/\",\"url\":\"https:\\\/\\\/cvinoticias.com\\\/wp-content\\\/uploads\\\/2023\\\/04\\\/cropped-cropped-cropped-cropped-cropped-3-1.png\",\"contentUrl\":\"https:\\\/\\\/cvinoticias.com\\\/wp-content\\\/uploads\\\/2023\\\/04\\\/cropped-cropped-cropped-cropped-cropped-3-1.png\",\"width\":95,\"height\":122,\"caption\":\"CVI NOTICIAS\"},\"image\":{\"@id\":\"https:\\\/\\\/cvinoticias.com\\\/v3\\\/#\\\/schema\\\/logo\\\/image\\\/\"},\"sameAs\":[\"https:\\\/\\\/www.facebook.com\\\/cvinoticias\",\"https:\\\/\\\/www.instagram.com\\\/cvinoticias\\\/\",\"https:\\\/\\\/www.youtube.com\\\/@CVINOTICIAS\"]},{\"@type\":\"Person\",\"@id\":\"https:\\\/\\\/cvinoticias.com\\\/v3\\\/#\\\/schema\\\/person\\\/2db77e3c6bc03c538495d7b2b8be9b66\",\"name\":\"f1000024\",\"image\":{\"@type\":\"ImageObject\",\"inLanguage\":\"es\",\"@id\":\"https:\\\/\\\/secure.gravatar.com\\\/avatar\\\/d4fe7459cfc51ff5129ce1a732bbef5928568b8092d412ef95611616376bbeed?s=96&d=mm&r=g\",\"url\":\"https:\\\/\\\/secure.gravatar.com\\\/avatar\\\/d4fe7459cfc51ff5129ce1a732bbef5928568b8092d412ef95611616376bbeed?s=96&d=mm&r=g\",\"contentUrl\":\"https:\\\/\\\/secure.gravatar.com\\\/avatar\\\/d4fe7459cfc51ff5129ce1a732bbef5928568b8092d412ef95611616376bbeed?s=96&d=mm&r=g\",\"caption\":\"f1000024\"},\"url\":\"https:\\\/\\\/cvinoticias.com\\\/v3\\\/author\\\/f1000024\\\/\"}]}<\/script>\n<!-- \/ Yoast SEO plugin. -->","yoast_head_json":{"title":"Alerta mundial por la aparici\u00f3n de \"Flurona\", una combinaci\u00f3n de coronavirus y gripe | CVI NOTICIAS","robots":{"index":"index","follow":"follow","max-snippet":"max-snippet:-1","max-image-preview":"max-image-preview:large","max-video-preview":"max-video-preview:-1"},"canonical":"https:\/\/cvinoticias.com\/v3\/alerta-mundial-por-la-aparicion-de-florona-una-combinacion-de-coronavirus-y-gripe\/","og_locale":"es_ES","og_type":"article","og_title":"Alerta mundial por la aparici\u00f3n de \"Flurona\", una combinaci\u00f3n de coronavirus y gripe | CVI NOTICIAS","og_description":"El primer caso fue registrado en Israel, donde una mujer embarazada lleg\u00f3 a dar a luz con ambas enfermedades. La paciente no estaba vacunada contra ninguno de los dos virus. Mientras la variante \u00d3micron contin\u00faa ganando espacio a nivel mundial, la aparici\u00f3n de Florona, una combinaci\u00f3n de Coronavirus y gripe, pone en alerta al planeta, [&hellip;]","og_url":"https:\/\/cvinoticias.com\/v3\/alerta-mundial-por-la-aparicion-de-florona-una-combinacion-de-coronavirus-y-gripe\/","og_site_name":"CVI NOTICIAS","article_publisher":"https:\/\/www.facebook.com\/cvinoticias","article_published_time":"2022-01-01T23:26:00+00:00","article_modified_time":"2022-01-04T14:36:38+00:00","og_image":[{"width":2560,"height":2560,"url":"https:\/\/cvinoticias.com\/wp-content\/uploads\/2022\/01\/Picsart_22-01-01_20-20-47-183-scaled.jpg","type":"image\/jpeg"}],"author":"f1000024","twitter_card":"summary_large_image","twitter_misc":{"Escrito por":"f1000024","Tiempo de lectura":"2 minutos"},"schema":{"@context":"https:\/\/schema.org","@graph":[{"@type":"Article","@id":"https:\/\/cvinoticias.com\/v3\/alerta-mundial-por-la-aparicion-de-florona-una-combinacion-de-coronavirus-y-gripe\/#article","isPartOf":{"@id":"https:\/\/cvinoticias.com\/v3\/alerta-mundial-por-la-aparicion-de-florona-una-combinacion-de-coronavirus-y-gripe\/"},"author":{"name":"f1000024","@id":"https:\/\/cvinoticias.com\/v3\/#\/schema\/person\/2db77e3c6bc03c538495d7b2b8be9b66"},"headline":"Alerta mundial por la aparici\u00f3n de \u00abFlurona\u00bb, una combinaci\u00f3n de coronavirus y gripe","datePublished":"2022-01-01T23:26:00+00:00","dateModified":"2022-01-04T14:36:38+00:00","mainEntityOfPage":{"@id":"https:\/\/cvinoticias.com\/v3\/alerta-mundial-por-la-aparicion-de-florona-una-combinacion-de-coronavirus-y-gripe\/"},"wordCount":374,"commentCount":0,"publisher":{"@id":"https:\/\/cvinoticias.com\/v3\/#organization"},"image":{"@id":"https:\/\/cvinoticias.com\/v3\/alerta-mundial-por-la-aparicion-de-florona-una-combinacion-de-coronavirus-y-gripe\/#primaryimage"},"thumbnailUrl":"https:\/\/cvinoticias.com\/wp-content\/uploads\/2022\/01\/Picsart_22-01-01_20-20-47-183-scaled.jpg","articleSection":["Covid-19","Salud"],"inLanguage":"es","potentialAction":[{"@type":"CommentAction","name":"Comment","target":["https:\/\/cvinoticias.com\/v3\/alerta-mundial-por-la-aparicion-de-florona-una-combinacion-de-coronavirus-y-gripe\/#respond"]}]},{"@type":"WebPage","@id":"https:\/\/cvinoticias.com\/v3\/alerta-mundial-por-la-aparicion-de-florona-una-combinacion-de-coronavirus-y-gripe\/","url":"https:\/\/cvinoticias.com\/v3\/alerta-mundial-por-la-aparicion-de-florona-una-combinacion-de-coronavirus-y-gripe\/","name":"Alerta mundial por la aparici\u00f3n de \"Flurona\", una combinaci\u00f3n de coronavirus y gripe | CVI NOTICIAS","isPartOf":{"@id":"https:\/\/cvinoticias.com\/v3\/#website"},"primaryImageOfPage":{"@id":"https:\/\/cvinoticias.com\/v3\/alerta-mundial-por-la-aparicion-de-florona-una-combinacion-de-coronavirus-y-gripe\/#primaryimage"},"image":{"@id":"https:\/\/cvinoticias.com\/v3\/alerta-mundial-por-la-aparicion-de-florona-una-combinacion-de-coronavirus-y-gripe\/#primaryimage"},"thumbnailUrl":"https:\/\/cvinoticias.com\/wp-content\/uploads\/2022\/01\/Picsart_22-01-01_20-20-47-183-scaled.jpg","datePublished":"2022-01-01T23:26:00+00:00","dateModified":"2022-01-04T14:36:38+00:00","breadcrumb":{"@id":"https:\/\/cvinoticias.com\/v3\/alerta-mundial-por-la-aparicion-de-florona-una-combinacion-de-coronavirus-y-gripe\/#breadcrumb"},"inLanguage":"es","potentialAction":[{"@type":"ReadAction","target":["https:\/\/cvinoticias.com\/v3\/alerta-mundial-por-la-aparicion-de-florona-una-combinacion-de-coronavirus-y-gripe\/"]}]},{"@type":"ImageObject","inLanguage":"es","@id":"https:\/\/cvinoticias.com\/v3\/alerta-mundial-por-la-aparicion-de-florona-una-combinacion-de-coronavirus-y-gripe\/#primaryimage","url":"https:\/\/cvinoticias.com\/wp-content\/uploads\/2022\/01\/Picsart_22-01-01_20-20-47-183-scaled.jpg","contentUrl":"https:\/\/cvinoticias.com\/wp-content\/uploads\/2022\/01\/Picsart_22-01-01_20-20-47-183-scaled.jpg","width":2560,"height":2560},{"@type":"BreadcrumbList","@id":"https:\/\/cvinoticias.com\/v3\/alerta-mundial-por-la-aparicion-de-florona-una-combinacion-de-coronavirus-y-gripe\/#breadcrumb","itemListElement":[{"@type":"ListItem","position":1,"name":"Portada","item":"https:\/\/cvinoticias.com\/v3\/"},{"@type":"ListItem","position":2,"name":"Alerta mundial por la aparici\u00f3n de \u00abFlurona\u00bb, una combinaci\u00f3n de coronavirus y gripe"}]},{"@type":"WebSite","@id":"https:\/\/cvinoticias.com\/v3\/#website","url":"https:\/\/cvinoticias.com\/v3\/","name":"CVI NOTICIAS","description":"","publisher":{"@id":"https:\/\/cvinoticias.com\/v3\/#organization"},"alternateName":"CVI","potentialAction":[{"@type":"SearchAction","target":{"@type":"EntryPoint","urlTemplate":"https:\/\/cvinoticias.com\/v3\/?s={search_term_string}"},"query-input":{"@type":"PropertyValueSpecification","valueRequired":true,"valueName":"search_term_string"}}],"inLanguage":"es"},{"@type":"Organization","@id":"https:\/\/cvinoticias.com\/v3\/#organization","name":"CVI NOTICIAS","url":"https:\/\/cvinoticias.com\/v3\/","logo":{"@type":"ImageObject","inLanguage":"es","@id":"https:\/\/cvinoticias.com\/v3\/#\/schema\/logo\/image\/","url":"https:\/\/cvinoticias.com\/wp-content\/uploads\/2023\/04\/cropped-cropped-cropped-cropped-cropped-3-1.png","contentUrl":"https:\/\/cvinoticias.com\/wp-content\/uploads\/2023\/04\/cropped-cropped-cropped-cropped-cropped-3-1.png","width":95,"height":122,"caption":"CVI NOTICIAS"},"image":{"@id":"https:\/\/cvinoticias.com\/v3\/#\/schema\/logo\/image\/"},"sameAs":["https:\/\/www.facebook.com\/cvinoticias","https:\/\/www.instagram.com\/cvinoticias\/","https:\/\/www.youtube.com\/@CVINOTICIAS"]},{"@type":"Person","@id":"https:\/\/cvinoticias.com\/v3\/#\/schema\/person\/2db77e3c6bc03c538495d7b2b8be9b66","name":"f1000024","image":{"@type":"ImageObject","inLanguage":"es","@id":"https:\/\/secure.gravatar.com\/avatar\/d4fe7459cfc51ff5129ce1a732bbef5928568b8092d412ef95611616376bbeed?s=96&d=mm&r=g","url":"https:\/\/secure.gravatar.com\/avatar\/d4fe7459cfc51ff5129ce1a732bbef5928568b8092d412ef95611616376bbeed?s=96&d=mm&r=g","contentUrl":"https:\/\/secure.gravatar.com\/avatar\/d4fe7459cfc51ff5129ce1a732bbef5928568b8092d412ef95611616376bbeed?s=96&d=mm&r=g","caption":"f1000024"},"url":"https:\/\/cvinoticias.com\/v3\/author\/f1000024\/"}]}},"_links":{"self":[{"href":"https:\/\/cvinoticias.com\/v3\/wp-json\/wp\/v2\/posts\/11838","targetHints":{"allow":["GET"]}}],"collection":[{"href":"https:\/\/cvinoticias.com\/v3\/wp-json\/wp\/v2\/posts"}],"about":[{"href":"https:\/\/cvinoticias.com\/v3\/wp-json\/wp\/v2\/types\/post"}],"author":[{"embeddable":true,"href":"https:\/\/cvinoticias.com\/v3\/wp-json\/wp\/v2\/users\/2"}],"replies":[{"embeddable":true,"href":"https:\/\/cvinoticias.com\/v3\/wp-json\/wp\/v2\/comments?post=11838"}],"version-history":[{"count":2,"href":"https:\/\/cvinoticias.com\/v3\/wp-json\/wp\/v2\/posts\/11838\/revisions"}],"predecessor-version":[{"id":11927,"href":"https:\/\/cvinoticias.com\/v3\/wp-json\/wp\/v2\/posts\/11838\/revisions\/11927"}],"wp:featuredmedia":[{"embeddable":true,"href":"https:\/\/cvinoticias.com\/v3\/wp-json\/wp\/v2\/media\/11839"}],"wp:attachment":[{"href":"https:\/\/cvinoticias.com\/v3\/wp-json\/wp\/v2\/media?parent=11838"}],"wp:term":[{"taxonomy":"category","embeddable":true,"href":"https:\/\/cvinoticias.com\/v3\/wp-json\/wp\/v2\/categories?post=11838"},{"taxonomy":"post_tag","embeddable":true,"href":"https:\/\/cvinoticias.com\/v3\/wp-json\/wp\/v2\/tags?post=11838"}],"curies":[{"name":"wp","href":"https:\/\/api.w.org\/{rel}","templated":true}]}}