{"id":11832,"date":"2021-12-31T20:33:54","date_gmt":"2021-12-31T20:33:54","guid":{"rendered":"https:\/\/cvinoticias.com\/v3\/?p=11832"},"modified":"2021-12-31T20:33:54","modified_gmt":"2021-12-31T20:33:54","slug":"iguazu-una-joven-perdio-la-vida-tras-recibir-una-descarga-electrica","status":"publish","type":"post","link":"https:\/\/cvinoticias.com\/v3\/iguazu-una-joven-perdio-la-vida-tras-recibir-una-descarga-electrica\/","title":{"rendered":"Iguaz\u00fa: Una joven perdi\u00f3 la vida tras recibir una descarga el\u00e9ctrica"},"content":{"rendered":"\n<p><strong><em>El hecho fatal tuvo lugar alrededor de las 15.45 horas, en el barrio San Lucas de esta ciudad. All\u00ed, dejo de existir quien en vida fuera Carolina Soledad La fuente de 30 a\u00f1os de edad, luego de recibir una descarga el\u00e9ctrica en su domicilio.<\/em><\/strong><\/p>\n\n\n\n<p>Seg\u00fan las primeras averiguaciones la joven se encontraba utilizando el lavarropas y por causas que todav\u00eda se investigan termin\u00f3 electrocutada. Igualmente, el m\u00e9dico policial que examin\u00f3 sus restos determin\u00f3 la causa de muerte: \u201cmuerte por electrocuci\u00f3n\u201d.<\/p>\n\n\n\n<p>El Magistrado interviniente dispuso que se haga entrega del cuerpo a sus familiares para su velatorio y posterior inhumaci\u00f3n, como as\u00ed tambi\u00e9n que se realicen todas las diligencias de rigor.<\/p>\n","protected":false},"excerpt":{"rendered":"<p>El hecho fatal tuvo lugar alrededor de las 15.45 horas, en el barrio San Lucas de esta ciudad. All\u00ed, dejo de existir quien en vida fuera Carolina Soledad La fuente de 30 a\u00f1os de edad, luego de recibir una descarga el\u00e9ctrica en su domicilio. Seg\u00fan las primeras averiguaciones la joven se encontraba utilizando el lavarropas [&hellip;]<\/p>\n","protected":false},"author":2,"featured_media":11833,"comment_status":"open","ping_status":"open","sticky":false,"template":"","format":"standard","meta":{"footnotes":""},"categories":[41],"tags":[],"class_list":["post-11832","post","type-post","status-publish","format-standard","has-post-thumbnail","hentry","category-policiales"],"yoast_head":"<!-- This site is optimized with the Yoast SEO plugin v27.5 - https:\/\/yoast.com\/product\/yoast-seo-wordpress\/ -->\n<title>Iguaz\u00fa: Una joven perdi\u00f3 la vida tras recibir una descarga el\u00e9ctrica | CVI NOTICIAS<\/title>\n<meta name=\"robots\" content=\"index, follow, max-snippet:-1, max-image-preview:large, max-video-preview:-1\" \/>\n<link rel=\"canonical\" href=\"https:\/\/cvinoticias.com\/v3\/iguazu-una-joven-perdio-la-vida-tras-recibir-una-descarga-electrica\/\" \/>\n<meta property=\"og:locale\" content=\"es_ES\" \/>\n<meta property=\"og:type\" content=\"article\" \/>\n<meta property=\"og:title\" content=\"Iguaz\u00fa: Una joven perdi\u00f3 la vida tras recibir una descarga el\u00e9ctrica | CVI NOTICIAS\" \/>\n<meta property=\"og:description\" content=\"El hecho fatal tuvo lugar alrededor de las 15.45 horas, en el barrio San Lucas de esta ciudad. All\u00ed, dejo de existir quien en vida fuera Carolina Soledad La fuente de 30 a\u00f1os de edad, luego de recibir una descarga el\u00e9ctrica en su domicilio. Seg\u00fan las primeras averiguaciones la joven se encontraba utilizando el lavarropas [&hellip;]\" \/>\n<meta property=\"og:url\" content=\"https:\/\/cvinoticias.com\/v3\/iguazu-una-joven-perdio-la-vida-tras-recibir-una-descarga-electrica\/\" \/>\n<meta property=\"og:site_name\" content=\"CVI NOTICIAS\" \/>\n<meta property=\"article:publisher\" content=\"https:\/\/www.facebook.com\/cvinoticias\" \/>\n<meta property=\"article:published_time\" content=\"2021-12-31T20:33:54+00:00\" \/>\n<meta property=\"og:image\" content=\"https:\/\/cvinoticias.com\/wp-content\/uploads\/2021\/12\/FB_IMG_1640982692608.jpg\" \/>\n\t<meta property=\"og:image:width\" content=\"1080\" \/>\n\t<meta property=\"og:image:height\" content=\"855\" \/>\n\t<meta property=\"og:image:type\" content=\"image\/jpeg\" \/>\n<meta name=\"author\" content=\"f1000024\" \/>\n<meta name=\"twitter:card\" content=\"summary_large_image\" \/>\n<meta name=\"twitter:label1\" content=\"Escrito por\" \/>\n\t<meta name=\"twitter:data1\" content=\"f1000024\" \/>\n\t<meta name=\"twitter:label2\" content=\"Tiempo de lectura\" \/>\n\t<meta name=\"twitter:data2\" content=\"1 minuto\" \/>\n<script type=\"application\/ld+json\" class=\"yoast-schema-graph\">{\"@context\":\"https:\\\/\\\/schema.org\",\"@graph\":[{\"@type\":\"Article\",\"@id\":\"https:\\\/\\\/cvinoticias.com\\\/v3\\\/iguazu-una-joven-perdio-la-vida-tras-recibir-una-descarga-electrica\\\/#article\",\"isPartOf\":{\"@id\":\"https:\\\/\\\/cvinoticias.com\\\/v3\\\/iguazu-una-joven-perdio-la-vida-tras-recibir-una-descarga-electrica\\\/\"},\"author\":{\"name\":\"f1000024\",\"@id\":\"https:\\\/\\\/cvinoticias.com\\\/v3\\\/#\\\/schema\\\/person\\\/2db77e3c6bc03c538495d7b2b8be9b66\"},\"headline\":\"Iguaz\u00fa: Una joven perdi\u00f3 la vida tras recibir una descarga el\u00e9ctrica\",\"datePublished\":\"2021-12-31T20:33:54+00:00\",\"mainEntityOfPage\":{\"@id\":\"https:\\\/\\\/cvinoticias.com\\\/v3\\\/iguazu-una-joven-perdio-la-vida-tras-recibir-una-descarga-electrica\\\/\"},\"wordCount\":128,\"commentCount\":0,\"publisher\":{\"@id\":\"https:\\\/\\\/cvinoticias.com\\\/v3\\\/#organization\"},\"image\":{\"@id\":\"https:\\\/\\\/cvinoticias.com\\\/v3\\\/iguazu-una-joven-perdio-la-vida-tras-recibir-una-descarga-electrica\\\/#primaryimage\"},\"thumbnailUrl\":\"https:\\\/\\\/cvinoticias.com\\\/wp-content\\\/uploads\\\/2021\\\/12\\\/FB_IMG_1640982692608.jpg\",\"articleSection\":[\"Policiales\"],\"inLanguage\":\"es\",\"potentialAction\":[{\"@type\":\"CommentAction\",\"name\":\"Comment\",\"target\":[\"https:\\\/\\\/cvinoticias.com\\\/v3\\\/iguazu-una-joven-perdio-la-vida-tras-recibir-una-descarga-electrica\\\/#respond\"]}]},{\"@type\":\"WebPage\",\"@id\":\"https:\\\/\\\/cvinoticias.com\\\/v3\\\/iguazu-una-joven-perdio-la-vida-tras-recibir-una-descarga-electrica\\\/\",\"url\":\"https:\\\/\\\/cvinoticias.com\\\/v3\\\/iguazu-una-joven-perdio-la-vida-tras-recibir-una-descarga-electrica\\\/\",\"name\":\"Iguaz\u00fa: Una joven perdi\u00f3 la vida tras recibir una descarga el\u00e9ctrica | CVI NOTICIAS\",\"isPartOf\":{\"@id\":\"https:\\\/\\\/cvinoticias.com\\\/v3\\\/#website\"},\"primaryImageOfPage\":{\"@id\":\"https:\\\/\\\/cvinoticias.com\\\/v3\\\/iguazu-una-joven-perdio-la-vida-tras-recibir-una-descarga-electrica\\\/#primaryimage\"},\"image\":{\"@id\":\"https:\\\/\\\/cvinoticias.com\\\/v3\\\/iguazu-una-joven-perdio-la-vida-tras-recibir-una-descarga-electrica\\\/#primaryimage\"},\"thumbnailUrl\":\"https:\\\/\\\/cvinoticias.com\\\/wp-content\\\/uploads\\\/2021\\\/12\\\/FB_IMG_1640982692608.jpg\",\"datePublished\":\"2021-12-31T20:33:54+00:00\",\"breadcrumb\":{\"@id\":\"https:\\\/\\\/cvinoticias.com\\\/v3\\\/iguazu-una-joven-perdio-la-vida-tras-recibir-una-descarga-electrica\\\/#breadcrumb\"},\"inLanguage\":\"es\",\"potentialAction\":[{\"@type\":\"ReadAction\",\"target\":[\"https:\\\/\\\/cvinoticias.com\\\/v3\\\/iguazu-una-joven-perdio-la-vida-tras-recibir-una-descarga-electrica\\\/\"]}]},{\"@type\":\"ImageObject\",\"inLanguage\":\"es\",\"@id\":\"https:\\\/\\\/cvinoticias.com\\\/v3\\\/iguazu-una-joven-perdio-la-vida-tras-recibir-una-descarga-electrica\\\/#primaryimage\",\"url\":\"https:\\\/\\\/cvinoticias.com\\\/wp-content\\\/uploads\\\/2021\\\/12\\\/FB_IMG_1640982692608.jpg\",\"contentUrl\":\"https:\\\/\\\/cvinoticias.com\\\/wp-content\\\/uploads\\\/2021\\\/12\\\/FB_IMG_1640982692608.jpg\",\"width\":1080,\"height\":855},{\"@type\":\"BreadcrumbList\",\"@id\":\"https:\\\/\\\/cvinoticias.com\\\/v3\\\/iguazu-una-joven-perdio-la-vida-tras-recibir-una-descarga-electrica\\\/#breadcrumb\",\"itemListElement\":[{\"@type\":\"ListItem\",\"position\":1,\"name\":\"Portada\",\"item\":\"https:\\\/\\\/cvinoticias.com\\\/v3\\\/\"},{\"@type\":\"ListItem\",\"position\":2,\"name\":\"Iguaz\u00fa: Una joven perdi\u00f3 la vida tras recibir una descarga el\u00e9ctrica\"}]},{\"@type\":\"WebSite\",\"@id\":\"https:\\\/\\\/cvinoticias.com\\\/v3\\\/#website\",\"url\":\"https:\\\/\\\/cvinoticias.com\\\/v3\\\/\",\"name\":\"CVI NOTICIAS\",\"description\":\"\",\"publisher\":{\"@id\":\"https:\\\/\\\/cvinoticias.com\\\/v3\\\/#organization\"},\"alternateName\":\"CVI\",\"potentialAction\":[{\"@type\":\"SearchAction\",\"target\":{\"@type\":\"EntryPoint\",\"urlTemplate\":\"https:\\\/\\\/cvinoticias.com\\\/v3\\\/?s={search_term_string}\"},\"query-input\":{\"@type\":\"PropertyValueSpecification\",\"valueRequired\":true,\"valueName\":\"search_term_string\"}}],\"inLanguage\":\"es\"},{\"@type\":\"Organization\",\"@id\":\"https:\\\/\\\/cvinoticias.com\\\/v3\\\/#organization\",\"name\":\"CVI NOTICIAS\",\"url\":\"https:\\\/\\\/cvinoticias.com\\\/v3\\\/\",\"logo\":{\"@type\":\"ImageObject\",\"inLanguage\":\"es\",\"@id\":\"https:\\\/\\\/cvinoticias.com\\\/v3\\\/#\\\/schema\\\/logo\\\/image\\\/\",\"url\":\"https:\\\/\\\/cvinoticias.com\\\/wp-content\\\/uploads\\\/2023\\\/04\\\/cropped-cropped-cropped-cropped-cropped-3-1.png\",\"contentUrl\":\"https:\\\/\\\/cvinoticias.com\\\/wp-content\\\/uploads\\\/2023\\\/04\\\/cropped-cropped-cropped-cropped-cropped-3-1.png\",\"width\":95,\"height\":122,\"caption\":\"CVI NOTICIAS\"},\"image\":{\"@id\":\"https:\\\/\\\/cvinoticias.com\\\/v3\\\/#\\\/schema\\\/logo\\\/image\\\/\"},\"sameAs\":[\"https:\\\/\\\/www.facebook.com\\\/cvinoticias\",\"https:\\\/\\\/www.instagram.com\\\/cvinoticias\\\/\",\"https:\\\/\\\/www.youtube.com\\\/@CVINOTICIAS\"]},{\"@type\":\"Person\",\"@id\":\"https:\\\/\\\/cvinoticias.com\\\/v3\\\/#\\\/schema\\\/person\\\/2db77e3c6bc03c538495d7b2b8be9b66\",\"name\":\"f1000024\",\"image\":{\"@type\":\"ImageObject\",\"inLanguage\":\"es\",\"@id\":\"https:\\\/\\\/secure.gravatar.com\\\/avatar\\\/d4fe7459cfc51ff5129ce1a732bbef5928568b8092d412ef95611616376bbeed?s=96&d=mm&r=g\",\"url\":\"https:\\\/\\\/secure.gravatar.com\\\/avatar\\\/d4fe7459cfc51ff5129ce1a732bbef5928568b8092d412ef95611616376bbeed?s=96&d=mm&r=g\",\"contentUrl\":\"https:\\\/\\\/secure.gravatar.com\\\/avatar\\\/d4fe7459cfc51ff5129ce1a732bbef5928568b8092d412ef95611616376bbeed?s=96&d=mm&r=g\",\"caption\":\"f1000024\"},\"url\":\"https:\\\/\\\/cvinoticias.com\\\/v3\\\/author\\\/f1000024\\\/\"}]}<\/script>\n<!-- \/ Yoast SEO plugin. -->","yoast_head_json":{"title":"Iguaz\u00fa: Una joven perdi\u00f3 la vida tras recibir una descarga el\u00e9ctrica | CVI NOTICIAS","robots":{"index":"index","follow":"follow","max-snippet":"max-snippet:-1","max-image-preview":"max-image-preview:large","max-video-preview":"max-video-preview:-1"},"canonical":"https:\/\/cvinoticias.com\/v3\/iguazu-una-joven-perdio-la-vida-tras-recibir-una-descarga-electrica\/","og_locale":"es_ES","og_type":"article","og_title":"Iguaz\u00fa: Una joven perdi\u00f3 la vida tras recibir una descarga el\u00e9ctrica | CVI NOTICIAS","og_description":"El hecho fatal tuvo lugar alrededor de las 15.45 horas, en el barrio San Lucas de esta ciudad. All\u00ed, dejo de existir quien en vida fuera Carolina Soledad La fuente de 30 a\u00f1os de edad, luego de recibir una descarga el\u00e9ctrica en su domicilio. Seg\u00fan las primeras averiguaciones la joven se encontraba utilizando el lavarropas [&hellip;]","og_url":"https:\/\/cvinoticias.com\/v3\/iguazu-una-joven-perdio-la-vida-tras-recibir-una-descarga-electrica\/","og_site_name":"CVI NOTICIAS","article_publisher":"https:\/\/www.facebook.com\/cvinoticias","article_published_time":"2021-12-31T20:33:54+00:00","og_image":[{"width":1080,"height":855,"url":"https:\/\/cvinoticias.com\/wp-content\/uploads\/2021\/12\/FB_IMG_1640982692608.jpg","type":"image\/jpeg"}],"author":"f1000024","twitter_card":"summary_large_image","twitter_misc":{"Escrito por":"f1000024","Tiempo de lectura":"1 minuto"},"schema":{"@context":"https:\/\/schema.org","@graph":[{"@type":"Article","@id":"https:\/\/cvinoticias.com\/v3\/iguazu-una-joven-perdio-la-vida-tras-recibir-una-descarga-electrica\/#article","isPartOf":{"@id":"https:\/\/cvinoticias.com\/v3\/iguazu-una-joven-perdio-la-vida-tras-recibir-una-descarga-electrica\/"},"author":{"name":"f1000024","@id":"https:\/\/cvinoticias.com\/v3\/#\/schema\/person\/2db77e3c6bc03c538495d7b2b8be9b66"},"headline":"Iguaz\u00fa: Una joven perdi\u00f3 la vida tras recibir una descarga el\u00e9ctrica","datePublished":"2021-12-31T20:33:54+00:00","mainEntityOfPage":{"@id":"https:\/\/cvinoticias.com\/v3\/iguazu-una-joven-perdio-la-vida-tras-recibir-una-descarga-electrica\/"},"wordCount":128,"commentCount":0,"publisher":{"@id":"https:\/\/cvinoticias.com\/v3\/#organization"},"image":{"@id":"https:\/\/cvinoticias.com\/v3\/iguazu-una-joven-perdio-la-vida-tras-recibir-una-descarga-electrica\/#primaryimage"},"thumbnailUrl":"https:\/\/cvinoticias.com\/wp-content\/uploads\/2021\/12\/FB_IMG_1640982692608.jpg","articleSection":["Policiales"],"inLanguage":"es","potentialAction":[{"@type":"CommentAction","name":"Comment","target":["https:\/\/cvinoticias.com\/v3\/iguazu-una-joven-perdio-la-vida-tras-recibir-una-descarga-electrica\/#respond"]}]},{"@type":"WebPage","@id":"https:\/\/cvinoticias.com\/v3\/iguazu-una-joven-perdio-la-vida-tras-recibir-una-descarga-electrica\/","url":"https:\/\/cvinoticias.com\/v3\/iguazu-una-joven-perdio-la-vida-tras-recibir-una-descarga-electrica\/","name":"Iguaz\u00fa: Una joven perdi\u00f3 la vida tras recibir una descarga el\u00e9ctrica | CVI NOTICIAS","isPartOf":{"@id":"https:\/\/cvinoticias.com\/v3\/#website"},"primaryImageOfPage":{"@id":"https:\/\/cvinoticias.com\/v3\/iguazu-una-joven-perdio-la-vida-tras-recibir-una-descarga-electrica\/#primaryimage"},"image":{"@id":"https:\/\/cvinoticias.com\/v3\/iguazu-una-joven-perdio-la-vida-tras-recibir-una-descarga-electrica\/#primaryimage"},"thumbnailUrl":"https:\/\/cvinoticias.com\/wp-content\/uploads\/2021\/12\/FB_IMG_1640982692608.jpg","datePublished":"2021-12-31T20:33:54+00:00","breadcrumb":{"@id":"https:\/\/cvinoticias.com\/v3\/iguazu-una-joven-perdio-la-vida-tras-recibir-una-descarga-electrica\/#breadcrumb"},"inLanguage":"es","potentialAction":[{"@type":"ReadAction","target":["https:\/\/cvinoticias.com\/v3\/iguazu-una-joven-perdio-la-vida-tras-recibir-una-descarga-electrica\/"]}]},{"@type":"ImageObject","inLanguage":"es","@id":"https:\/\/cvinoticias.com\/v3\/iguazu-una-joven-perdio-la-vida-tras-recibir-una-descarga-electrica\/#primaryimage","url":"https:\/\/cvinoticias.com\/wp-content\/uploads\/2021\/12\/FB_IMG_1640982692608.jpg","contentUrl":"https:\/\/cvinoticias.com\/wp-content\/uploads\/2021\/12\/FB_IMG_1640982692608.jpg","width":1080,"height":855},{"@type":"BreadcrumbList","@id":"https:\/\/cvinoticias.com\/v3\/iguazu-una-joven-perdio-la-vida-tras-recibir-una-descarga-electrica\/#breadcrumb","itemListElement":[{"@type":"ListItem","position":1,"name":"Portada","item":"https:\/\/cvinoticias.com\/v3\/"},{"@type":"ListItem","position":2,"name":"Iguaz\u00fa: Una joven perdi\u00f3 la vida tras recibir una descarga el\u00e9ctrica"}]},{"@type":"WebSite","@id":"https:\/\/cvinoticias.com\/v3\/#website","url":"https:\/\/cvinoticias.com\/v3\/","name":"CVI NOTICIAS","description":"","publisher":{"@id":"https:\/\/cvinoticias.com\/v3\/#organization"},"alternateName":"CVI","potentialAction":[{"@type":"SearchAction","target":{"@type":"EntryPoint","urlTemplate":"https:\/\/cvinoticias.com\/v3\/?s={search_term_string}"},"query-input":{"@type":"PropertyValueSpecification","valueRequired":true,"valueName":"search_term_string"}}],"inLanguage":"es"},{"@type":"Organization","@id":"https:\/\/cvinoticias.com\/v3\/#organization","name":"CVI NOTICIAS","url":"https:\/\/cvinoticias.com\/v3\/","logo":{"@type":"ImageObject","inLanguage":"es","@id":"https:\/\/cvinoticias.com\/v3\/#\/schema\/logo\/image\/","url":"https:\/\/cvinoticias.com\/wp-content\/uploads\/2023\/04\/cropped-cropped-cropped-cropped-cropped-3-1.png","contentUrl":"https:\/\/cvinoticias.com\/wp-content\/uploads\/2023\/04\/cropped-cropped-cropped-cropped-cropped-3-1.png","width":95,"height":122,"caption":"CVI NOTICIAS"},"image":{"@id":"https:\/\/cvinoticias.com\/v3\/#\/schema\/logo\/image\/"},"sameAs":["https:\/\/www.facebook.com\/cvinoticias","https:\/\/www.instagram.com\/cvinoticias\/","https:\/\/www.youtube.com\/@CVINOTICIAS"]},{"@type":"Person","@id":"https:\/\/cvinoticias.com\/v3\/#\/schema\/person\/2db77e3c6bc03c538495d7b2b8be9b66","name":"f1000024","image":{"@type":"ImageObject","inLanguage":"es","@id":"https:\/\/secure.gravatar.com\/avatar\/d4fe7459cfc51ff5129ce1a732bbef5928568b8092d412ef95611616376bbeed?s=96&d=mm&r=g","url":"https:\/\/secure.gravatar.com\/avatar\/d4fe7459cfc51ff5129ce1a732bbef5928568b8092d412ef95611616376bbeed?s=96&d=mm&r=g","contentUrl":"https:\/\/secure.gravatar.com\/avatar\/d4fe7459cfc51ff5129ce1a732bbef5928568b8092d412ef95611616376bbeed?s=96&d=mm&r=g","caption":"f1000024"},"url":"https:\/\/cvinoticias.com\/v3\/author\/f1000024\/"}]}},"_links":{"self":[{"href":"https:\/\/cvinoticias.com\/v3\/wp-json\/wp\/v2\/posts\/11832","targetHints":{"allow":["GET"]}}],"collection":[{"href":"https:\/\/cvinoticias.com\/v3\/wp-json\/wp\/v2\/posts"}],"about":[{"href":"https:\/\/cvinoticias.com\/v3\/wp-json\/wp\/v2\/types\/post"}],"author":[{"embeddable":true,"href":"https:\/\/cvinoticias.com\/v3\/wp-json\/wp\/v2\/users\/2"}],"replies":[{"embeddable":true,"href":"https:\/\/cvinoticias.com\/v3\/wp-json\/wp\/v2\/comments?post=11832"}],"version-history":[{"count":1,"href":"https:\/\/cvinoticias.com\/v3\/wp-json\/wp\/v2\/posts\/11832\/revisions"}],"predecessor-version":[{"id":11834,"href":"https:\/\/cvinoticias.com\/v3\/wp-json\/wp\/v2\/posts\/11832\/revisions\/11834"}],"wp:featuredmedia":[{"embeddable":true,"href":"https:\/\/cvinoticias.com\/v3\/wp-json\/wp\/v2\/media\/11833"}],"wp:attachment":[{"href":"https:\/\/cvinoticias.com\/v3\/wp-json\/wp\/v2\/media?parent=11832"}],"wp:term":[{"taxonomy":"category","embeddable":true,"href":"https:\/\/cvinoticias.com\/v3\/wp-json\/wp\/v2\/categories?post=11832"},{"taxonomy":"post_tag","embeddable":true,"href":"https:\/\/cvinoticias.com\/v3\/wp-json\/wp\/v2\/tags?post=11832"}],"curies":[{"name":"wp","href":"https:\/\/api.w.org\/{rel}","templated":true}]}}