{"id":11818,"date":"2021-12-30T20:14:58","date_gmt":"2021-12-30T20:14:58","guid":{"rendered":"https:\/\/cvinoticias.com\/v3\/?p=11818"},"modified":"2021-12-30T20:14:58","modified_gmt":"2021-12-30T20:14:58","slug":"un-bebe-de-un-ano-murio-tras-caer-de-un-cuarto-piso-mientras-su-mama-dormia-la-siesta","status":"publish","type":"post","link":"https:\/\/cvinoticias.com\/v3\/un-bebe-de-un-ano-murio-tras-caer-de-un-cuarto-piso-mientras-su-mama-dormia-la-siesta\/","title":{"rendered":"Un beb\u00e9 de un a\u00f1o muri\u00f3 tras caer de un cuarto piso mientras su mam\u00e1 dorm\u00eda la siesta"},"content":{"rendered":"\n<h2 class=\"wp-block-heading\">Ocurri\u00f3 en Puerto Madryn. Cuando llegaron los Bomberos y la Polic\u00eda al lugar, el nene ya no presentaba signos vitales.<\/h2>\n\n\n\n<p>Por la tarde del mi\u00e9rcoles muri\u00f3 un\u00a0beb\u00e9 de un a\u00f1o y siete meses\u00a0en\u00a0Puerto Madryn,\u00a0Chubut, al caer desde la ventana del\u00a0cuarto piso\u00a0de un edificio. Todav\u00eda no se conocen detalles, pero, seg\u00fan los primeros datos, ocurri\u00f3\u00a0mientras la madre dorm\u00eda la siesta.<\/p>\n\n\n\n<p>Cuando llegaron los Bomberos y la Polic\u00eda al lugar, el nene no presentaba signos vitales. En el\u00a0Hospital Isola\u00a0constataron la muerte.<\/p>\n\n\n\n<p>Todo ocurri\u00f3 en el edificio ubicado en la intersecci\u00f3n de la Avenida Julio Argentino Roca y Lugones. En circunstancias que todav\u00eda no se determinaron, el menor cay\u00f3 desde una\u00a0altura de nueve metros\u00a0hacia el techo de la casa lindera.<\/p>\n\n\n\n<p>Seg\u00fan publicaron medios locales, los primeros en llegar tras la tragedia fueron\u00a0dos efectivos policiales\u00a0y comenzaron a realizarle tareas de reanimaci\u00f3n. Poco despu\u00e9s lleg\u00f3 personal del cuerpo de Bomberos y constat\u00f3 que el beb\u00e9 no presentaba signos vitales.<\/p>\n\n\n\n<p>Fue trasladado de inmediato al\u00a0Hospital Isola, sin esperar a la llegada de la ambulancia, pero, a pesar de los esfuerzos, los m\u00e9dicos no pudieron reanimarlo.<\/p>\n\n\n\n<p>Tras averiguar en d\u00f3nde viv\u00eda exactamente el nene, las autoridades se pusieron en contacto con la madre para darle la noticia. Ya que, al parecer,\u00a0estaba durmiendo la siesta\u00a0y no se hab\u00eda enterado de lo sucedido con su hijo. Luego la llevaron directamente al centro de salud.<\/p>\n","protected":false},"excerpt":{"rendered":"<p>Ocurri\u00f3 en Puerto Madryn. Cuando llegaron los Bomberos y la Polic\u00eda al lugar, el nene ya no presentaba signos vitales. Por la tarde del mi\u00e9rcoles muri\u00f3 un\u00a0beb\u00e9 de un a\u00f1o y siete meses\u00a0en\u00a0Puerto Madryn,\u00a0Chubut, al caer desde la ventana del\u00a0cuarto piso\u00a0de un edificio. Todav\u00eda no se conocen detalles, pero, seg\u00fan los primeros datos, ocurri\u00f3\u00a0mientras la [&hellip;]<\/p>\n","protected":false},"author":2,"featured_media":11819,"comment_status":"open","ping_status":"open","sticky":false,"template":"","format":"standard","meta":{"footnotes":""},"categories":[39],"tags":[],"class_list":["post-11818","post","type-post","status-publish","format-standard","has-post-thumbnail","hentry","category-nacionales"],"yoast_head":"<!-- This site is optimized with the Yoast SEO plugin v27.5 - https:\/\/yoast.com\/product\/yoast-seo-wordpress\/ -->\n<title>Un beb\u00e9 de un a\u00f1o muri\u00f3 tras caer de un cuarto piso mientras su mam\u00e1 dorm\u00eda la siesta | CVI NOTICIAS<\/title>\n<meta name=\"robots\" content=\"index, follow, max-snippet:-1, max-image-preview:large, max-video-preview:-1\" \/>\n<link rel=\"canonical\" href=\"https:\/\/cvinoticias.com\/v3\/un-bebe-de-un-ano-murio-tras-caer-de-un-cuarto-piso-mientras-su-mama-dormia-la-siesta\/\" \/>\n<meta property=\"og:locale\" content=\"es_ES\" \/>\n<meta property=\"og:type\" content=\"article\" \/>\n<meta property=\"og:title\" content=\"Un beb\u00e9 de un a\u00f1o muri\u00f3 tras caer de un cuarto piso mientras su mam\u00e1 dorm\u00eda la siesta | CVI NOTICIAS\" \/>\n<meta property=\"og:description\" content=\"Ocurri\u00f3 en Puerto Madryn. Cuando llegaron los Bomberos y la Polic\u00eda al lugar, el nene ya no presentaba signos vitales. Por la tarde del mi\u00e9rcoles muri\u00f3 un\u00a0beb\u00e9 de un a\u00f1o y siete meses\u00a0en\u00a0Puerto Madryn,\u00a0Chubut, al caer desde la ventana del\u00a0cuarto piso\u00a0de un edificio. Todav\u00eda no se conocen detalles, pero, seg\u00fan los primeros datos, ocurri\u00f3\u00a0mientras la [&hellip;]\" \/>\n<meta property=\"og:url\" content=\"https:\/\/cvinoticias.com\/v3\/un-bebe-de-un-ano-murio-tras-caer-de-un-cuarto-piso-mientras-su-mama-dormia-la-siesta\/\" \/>\n<meta property=\"og:site_name\" content=\"CVI NOTICIAS\" \/>\n<meta property=\"article:publisher\" content=\"https:\/\/www.facebook.com\/cvinoticias\" \/>\n<meta property=\"article:published_time\" content=\"2021-12-30T20:14:58+00:00\" \/>\n<meta property=\"og:image\" content=\"https:\/\/cvinoticias.com\/wp-content\/uploads\/2021\/12\/Screenshot_20211230-171401_Facebook.jpg\" \/>\n\t<meta property=\"og:image:width\" content=\"968\" \/>\n\t<meta property=\"og:image:height\" content=\"513\" \/>\n\t<meta property=\"og:image:type\" content=\"image\/jpeg\" \/>\n<meta name=\"author\" content=\"f1000024\" \/>\n<meta name=\"twitter:card\" content=\"summary_large_image\" \/>\n<meta name=\"twitter:label1\" content=\"Escrito por\" \/>\n\t<meta name=\"twitter:data1\" content=\"f1000024\" \/>\n\t<meta name=\"twitter:label2\" content=\"Tiempo de lectura\" \/>\n\t<meta name=\"twitter:data2\" content=\"1 minuto\" \/>\n<script type=\"application\/ld+json\" class=\"yoast-schema-graph\">{\"@context\":\"https:\\\/\\\/schema.org\",\"@graph\":[{\"@type\":\"Article\",\"@id\":\"https:\\\/\\\/cvinoticias.com\\\/v3\\\/un-bebe-de-un-ano-murio-tras-caer-de-un-cuarto-piso-mientras-su-mama-dormia-la-siesta\\\/#article\",\"isPartOf\":{\"@id\":\"https:\\\/\\\/cvinoticias.com\\\/v3\\\/un-bebe-de-un-ano-murio-tras-caer-de-un-cuarto-piso-mientras-su-mama-dormia-la-siesta\\\/\"},\"author\":{\"name\":\"f1000024\",\"@id\":\"https:\\\/\\\/cvinoticias.com\\\/v3\\\/#\\\/schema\\\/person\\\/2db77e3c6bc03c538495d7b2b8be9b66\"},\"headline\":\"Un beb\u00e9 de un a\u00f1o muri\u00f3 tras caer de un cuarto piso mientras su mam\u00e1 dorm\u00eda la siesta\",\"datePublished\":\"2021-12-30T20:14:58+00:00\",\"mainEntityOfPage\":{\"@id\":\"https:\\\/\\\/cvinoticias.com\\\/v3\\\/un-bebe-de-un-ano-murio-tras-caer-de-un-cuarto-piso-mientras-su-mama-dormia-la-siesta\\\/\"},\"wordCount\":277,\"commentCount\":0,\"publisher\":{\"@id\":\"https:\\\/\\\/cvinoticias.com\\\/v3\\\/#organization\"},\"image\":{\"@id\":\"https:\\\/\\\/cvinoticias.com\\\/v3\\\/un-bebe-de-un-ano-murio-tras-caer-de-un-cuarto-piso-mientras-su-mama-dormia-la-siesta\\\/#primaryimage\"},\"thumbnailUrl\":\"https:\\\/\\\/cvinoticias.com\\\/wp-content\\\/uploads\\\/2021\\\/12\\\/Screenshot_20211230-171401_Facebook.jpg\",\"articleSection\":[\"Nacionales\"],\"inLanguage\":\"es\",\"potentialAction\":[{\"@type\":\"CommentAction\",\"name\":\"Comment\",\"target\":[\"https:\\\/\\\/cvinoticias.com\\\/v3\\\/un-bebe-de-un-ano-murio-tras-caer-de-un-cuarto-piso-mientras-su-mama-dormia-la-siesta\\\/#respond\"]}]},{\"@type\":\"WebPage\",\"@id\":\"https:\\\/\\\/cvinoticias.com\\\/v3\\\/un-bebe-de-un-ano-murio-tras-caer-de-un-cuarto-piso-mientras-su-mama-dormia-la-siesta\\\/\",\"url\":\"https:\\\/\\\/cvinoticias.com\\\/v3\\\/un-bebe-de-un-ano-murio-tras-caer-de-un-cuarto-piso-mientras-su-mama-dormia-la-siesta\\\/\",\"name\":\"Un beb\u00e9 de un a\u00f1o muri\u00f3 tras caer de un cuarto piso mientras su mam\u00e1 dorm\u00eda la siesta | CVI NOTICIAS\",\"isPartOf\":{\"@id\":\"https:\\\/\\\/cvinoticias.com\\\/v3\\\/#website\"},\"primaryImageOfPage\":{\"@id\":\"https:\\\/\\\/cvinoticias.com\\\/v3\\\/un-bebe-de-un-ano-murio-tras-caer-de-un-cuarto-piso-mientras-su-mama-dormia-la-siesta\\\/#primaryimage\"},\"image\":{\"@id\":\"https:\\\/\\\/cvinoticias.com\\\/v3\\\/un-bebe-de-un-ano-murio-tras-caer-de-un-cuarto-piso-mientras-su-mama-dormia-la-siesta\\\/#primaryimage\"},\"thumbnailUrl\":\"https:\\\/\\\/cvinoticias.com\\\/wp-content\\\/uploads\\\/2021\\\/12\\\/Screenshot_20211230-171401_Facebook.jpg\",\"datePublished\":\"2021-12-30T20:14:58+00:00\",\"breadcrumb\":{\"@id\":\"https:\\\/\\\/cvinoticias.com\\\/v3\\\/un-bebe-de-un-ano-murio-tras-caer-de-un-cuarto-piso-mientras-su-mama-dormia-la-siesta\\\/#breadcrumb\"},\"inLanguage\":\"es\",\"potentialAction\":[{\"@type\":\"ReadAction\",\"target\":[\"https:\\\/\\\/cvinoticias.com\\\/v3\\\/un-bebe-de-un-ano-murio-tras-caer-de-un-cuarto-piso-mientras-su-mama-dormia-la-siesta\\\/\"]}]},{\"@type\":\"ImageObject\",\"inLanguage\":\"es\",\"@id\":\"https:\\\/\\\/cvinoticias.com\\\/v3\\\/un-bebe-de-un-ano-murio-tras-caer-de-un-cuarto-piso-mientras-su-mama-dormia-la-siesta\\\/#primaryimage\",\"url\":\"https:\\\/\\\/cvinoticias.com\\\/wp-content\\\/uploads\\\/2021\\\/12\\\/Screenshot_20211230-171401_Facebook.jpg\",\"contentUrl\":\"https:\\\/\\\/cvinoticias.com\\\/wp-content\\\/uploads\\\/2021\\\/12\\\/Screenshot_20211230-171401_Facebook.jpg\",\"width\":968,\"height\":513},{\"@type\":\"BreadcrumbList\",\"@id\":\"https:\\\/\\\/cvinoticias.com\\\/v3\\\/un-bebe-de-un-ano-murio-tras-caer-de-un-cuarto-piso-mientras-su-mama-dormia-la-siesta\\\/#breadcrumb\",\"itemListElement\":[{\"@type\":\"ListItem\",\"position\":1,\"name\":\"Portada\",\"item\":\"https:\\\/\\\/cvinoticias.com\\\/v3\\\/\"},{\"@type\":\"ListItem\",\"position\":2,\"name\":\"Un beb\u00e9 de un a\u00f1o muri\u00f3 tras caer de un cuarto piso mientras su mam\u00e1 dorm\u00eda la siesta\"}]},{\"@type\":\"WebSite\",\"@id\":\"https:\\\/\\\/cvinoticias.com\\\/v3\\\/#website\",\"url\":\"https:\\\/\\\/cvinoticias.com\\\/v3\\\/\",\"name\":\"CVI NOTICIAS\",\"description\":\"\",\"publisher\":{\"@id\":\"https:\\\/\\\/cvinoticias.com\\\/v3\\\/#organization\"},\"alternateName\":\"CVI\",\"potentialAction\":[{\"@type\":\"SearchAction\",\"target\":{\"@type\":\"EntryPoint\",\"urlTemplate\":\"https:\\\/\\\/cvinoticias.com\\\/v3\\\/?s={search_term_string}\"},\"query-input\":{\"@type\":\"PropertyValueSpecification\",\"valueRequired\":true,\"valueName\":\"search_term_string\"}}],\"inLanguage\":\"es\"},{\"@type\":\"Organization\",\"@id\":\"https:\\\/\\\/cvinoticias.com\\\/v3\\\/#organization\",\"name\":\"CVI NOTICIAS\",\"url\":\"https:\\\/\\\/cvinoticias.com\\\/v3\\\/\",\"logo\":{\"@type\":\"ImageObject\",\"inLanguage\":\"es\",\"@id\":\"https:\\\/\\\/cvinoticias.com\\\/v3\\\/#\\\/schema\\\/logo\\\/image\\\/\",\"url\":\"https:\\\/\\\/cvinoticias.com\\\/wp-content\\\/uploads\\\/2023\\\/04\\\/cropped-cropped-cropped-cropped-cropped-3-1.png\",\"contentUrl\":\"https:\\\/\\\/cvinoticias.com\\\/wp-content\\\/uploads\\\/2023\\\/04\\\/cropped-cropped-cropped-cropped-cropped-3-1.png\",\"width\":95,\"height\":122,\"caption\":\"CVI NOTICIAS\"},\"image\":{\"@id\":\"https:\\\/\\\/cvinoticias.com\\\/v3\\\/#\\\/schema\\\/logo\\\/image\\\/\"},\"sameAs\":[\"https:\\\/\\\/www.facebook.com\\\/cvinoticias\",\"https:\\\/\\\/www.instagram.com\\\/cvinoticias\\\/\",\"https:\\\/\\\/www.youtube.com\\\/@CVINOTICIAS\"]},{\"@type\":\"Person\",\"@id\":\"https:\\\/\\\/cvinoticias.com\\\/v3\\\/#\\\/schema\\\/person\\\/2db77e3c6bc03c538495d7b2b8be9b66\",\"name\":\"f1000024\",\"image\":{\"@type\":\"ImageObject\",\"inLanguage\":\"es\",\"@id\":\"https:\\\/\\\/secure.gravatar.com\\\/avatar\\\/d4fe7459cfc51ff5129ce1a732bbef5928568b8092d412ef95611616376bbeed?s=96&d=mm&r=g\",\"url\":\"https:\\\/\\\/secure.gravatar.com\\\/avatar\\\/d4fe7459cfc51ff5129ce1a732bbef5928568b8092d412ef95611616376bbeed?s=96&d=mm&r=g\",\"contentUrl\":\"https:\\\/\\\/secure.gravatar.com\\\/avatar\\\/d4fe7459cfc51ff5129ce1a732bbef5928568b8092d412ef95611616376bbeed?s=96&d=mm&r=g\",\"caption\":\"f1000024\"},\"url\":\"https:\\\/\\\/cvinoticias.com\\\/v3\\\/author\\\/f1000024\\\/\"}]}<\/script>\n<!-- \/ Yoast SEO plugin. -->","yoast_head_json":{"title":"Un beb\u00e9 de un a\u00f1o muri\u00f3 tras caer de un cuarto piso mientras su mam\u00e1 dorm\u00eda la siesta | CVI NOTICIAS","robots":{"index":"index","follow":"follow","max-snippet":"max-snippet:-1","max-image-preview":"max-image-preview:large","max-video-preview":"max-video-preview:-1"},"canonical":"https:\/\/cvinoticias.com\/v3\/un-bebe-de-un-ano-murio-tras-caer-de-un-cuarto-piso-mientras-su-mama-dormia-la-siesta\/","og_locale":"es_ES","og_type":"article","og_title":"Un beb\u00e9 de un a\u00f1o muri\u00f3 tras caer de un cuarto piso mientras su mam\u00e1 dorm\u00eda la siesta | CVI NOTICIAS","og_description":"Ocurri\u00f3 en Puerto Madryn. Cuando llegaron los Bomberos y la Polic\u00eda al lugar, el nene ya no presentaba signos vitales. Por la tarde del mi\u00e9rcoles muri\u00f3 un\u00a0beb\u00e9 de un a\u00f1o y siete meses\u00a0en\u00a0Puerto Madryn,\u00a0Chubut, al caer desde la ventana del\u00a0cuarto piso\u00a0de un edificio. Todav\u00eda no se conocen detalles, pero, seg\u00fan los primeros datos, ocurri\u00f3\u00a0mientras la [&hellip;]","og_url":"https:\/\/cvinoticias.com\/v3\/un-bebe-de-un-ano-murio-tras-caer-de-un-cuarto-piso-mientras-su-mama-dormia-la-siesta\/","og_site_name":"CVI NOTICIAS","article_publisher":"https:\/\/www.facebook.com\/cvinoticias","article_published_time":"2021-12-30T20:14:58+00:00","og_image":[{"width":968,"height":513,"url":"https:\/\/cvinoticias.com\/wp-content\/uploads\/2021\/12\/Screenshot_20211230-171401_Facebook.jpg","type":"image\/jpeg"}],"author":"f1000024","twitter_card":"summary_large_image","twitter_misc":{"Escrito por":"f1000024","Tiempo de lectura":"1 minuto"},"schema":{"@context":"https:\/\/schema.org","@graph":[{"@type":"Article","@id":"https:\/\/cvinoticias.com\/v3\/un-bebe-de-un-ano-murio-tras-caer-de-un-cuarto-piso-mientras-su-mama-dormia-la-siesta\/#article","isPartOf":{"@id":"https:\/\/cvinoticias.com\/v3\/un-bebe-de-un-ano-murio-tras-caer-de-un-cuarto-piso-mientras-su-mama-dormia-la-siesta\/"},"author":{"name":"f1000024","@id":"https:\/\/cvinoticias.com\/v3\/#\/schema\/person\/2db77e3c6bc03c538495d7b2b8be9b66"},"headline":"Un beb\u00e9 de un a\u00f1o muri\u00f3 tras caer de un cuarto piso mientras su mam\u00e1 dorm\u00eda la siesta","datePublished":"2021-12-30T20:14:58+00:00","mainEntityOfPage":{"@id":"https:\/\/cvinoticias.com\/v3\/un-bebe-de-un-ano-murio-tras-caer-de-un-cuarto-piso-mientras-su-mama-dormia-la-siesta\/"},"wordCount":277,"commentCount":0,"publisher":{"@id":"https:\/\/cvinoticias.com\/v3\/#organization"},"image":{"@id":"https:\/\/cvinoticias.com\/v3\/un-bebe-de-un-ano-murio-tras-caer-de-un-cuarto-piso-mientras-su-mama-dormia-la-siesta\/#primaryimage"},"thumbnailUrl":"https:\/\/cvinoticias.com\/wp-content\/uploads\/2021\/12\/Screenshot_20211230-171401_Facebook.jpg","articleSection":["Nacionales"],"inLanguage":"es","potentialAction":[{"@type":"CommentAction","name":"Comment","target":["https:\/\/cvinoticias.com\/v3\/un-bebe-de-un-ano-murio-tras-caer-de-un-cuarto-piso-mientras-su-mama-dormia-la-siesta\/#respond"]}]},{"@type":"WebPage","@id":"https:\/\/cvinoticias.com\/v3\/un-bebe-de-un-ano-murio-tras-caer-de-un-cuarto-piso-mientras-su-mama-dormia-la-siesta\/","url":"https:\/\/cvinoticias.com\/v3\/un-bebe-de-un-ano-murio-tras-caer-de-un-cuarto-piso-mientras-su-mama-dormia-la-siesta\/","name":"Un beb\u00e9 de un a\u00f1o muri\u00f3 tras caer de un cuarto piso mientras su mam\u00e1 dorm\u00eda la siesta | CVI NOTICIAS","isPartOf":{"@id":"https:\/\/cvinoticias.com\/v3\/#website"},"primaryImageOfPage":{"@id":"https:\/\/cvinoticias.com\/v3\/un-bebe-de-un-ano-murio-tras-caer-de-un-cuarto-piso-mientras-su-mama-dormia-la-siesta\/#primaryimage"},"image":{"@id":"https:\/\/cvinoticias.com\/v3\/un-bebe-de-un-ano-murio-tras-caer-de-un-cuarto-piso-mientras-su-mama-dormia-la-siesta\/#primaryimage"},"thumbnailUrl":"https:\/\/cvinoticias.com\/wp-content\/uploads\/2021\/12\/Screenshot_20211230-171401_Facebook.jpg","datePublished":"2021-12-30T20:14:58+00:00","breadcrumb":{"@id":"https:\/\/cvinoticias.com\/v3\/un-bebe-de-un-ano-murio-tras-caer-de-un-cuarto-piso-mientras-su-mama-dormia-la-siesta\/#breadcrumb"},"inLanguage":"es","potentialAction":[{"@type":"ReadAction","target":["https:\/\/cvinoticias.com\/v3\/un-bebe-de-un-ano-murio-tras-caer-de-un-cuarto-piso-mientras-su-mama-dormia-la-siesta\/"]}]},{"@type":"ImageObject","inLanguage":"es","@id":"https:\/\/cvinoticias.com\/v3\/un-bebe-de-un-ano-murio-tras-caer-de-un-cuarto-piso-mientras-su-mama-dormia-la-siesta\/#primaryimage","url":"https:\/\/cvinoticias.com\/wp-content\/uploads\/2021\/12\/Screenshot_20211230-171401_Facebook.jpg","contentUrl":"https:\/\/cvinoticias.com\/wp-content\/uploads\/2021\/12\/Screenshot_20211230-171401_Facebook.jpg","width":968,"height":513},{"@type":"BreadcrumbList","@id":"https:\/\/cvinoticias.com\/v3\/un-bebe-de-un-ano-murio-tras-caer-de-un-cuarto-piso-mientras-su-mama-dormia-la-siesta\/#breadcrumb","itemListElement":[{"@type":"ListItem","position":1,"name":"Portada","item":"https:\/\/cvinoticias.com\/v3\/"},{"@type":"ListItem","position":2,"name":"Un beb\u00e9 de un a\u00f1o muri\u00f3 tras caer de un cuarto piso mientras su mam\u00e1 dorm\u00eda la siesta"}]},{"@type":"WebSite","@id":"https:\/\/cvinoticias.com\/v3\/#website","url":"https:\/\/cvinoticias.com\/v3\/","name":"CVI NOTICIAS","description":"","publisher":{"@id":"https:\/\/cvinoticias.com\/v3\/#organization"},"alternateName":"CVI","potentialAction":[{"@type":"SearchAction","target":{"@type":"EntryPoint","urlTemplate":"https:\/\/cvinoticias.com\/v3\/?s={search_term_string}"},"query-input":{"@type":"PropertyValueSpecification","valueRequired":true,"valueName":"search_term_string"}}],"inLanguage":"es"},{"@type":"Organization","@id":"https:\/\/cvinoticias.com\/v3\/#organization","name":"CVI NOTICIAS","url":"https:\/\/cvinoticias.com\/v3\/","logo":{"@type":"ImageObject","inLanguage":"es","@id":"https:\/\/cvinoticias.com\/v3\/#\/schema\/logo\/image\/","url":"https:\/\/cvinoticias.com\/wp-content\/uploads\/2023\/04\/cropped-cropped-cropped-cropped-cropped-3-1.png","contentUrl":"https:\/\/cvinoticias.com\/wp-content\/uploads\/2023\/04\/cropped-cropped-cropped-cropped-cropped-3-1.png","width":95,"height":122,"caption":"CVI NOTICIAS"},"image":{"@id":"https:\/\/cvinoticias.com\/v3\/#\/schema\/logo\/image\/"},"sameAs":["https:\/\/www.facebook.com\/cvinoticias","https:\/\/www.instagram.com\/cvinoticias\/","https:\/\/www.youtube.com\/@CVINOTICIAS"]},{"@type":"Person","@id":"https:\/\/cvinoticias.com\/v3\/#\/schema\/person\/2db77e3c6bc03c538495d7b2b8be9b66","name":"f1000024","image":{"@type":"ImageObject","inLanguage":"es","@id":"https:\/\/secure.gravatar.com\/avatar\/d4fe7459cfc51ff5129ce1a732bbef5928568b8092d412ef95611616376bbeed?s=96&d=mm&r=g","url":"https:\/\/secure.gravatar.com\/avatar\/d4fe7459cfc51ff5129ce1a732bbef5928568b8092d412ef95611616376bbeed?s=96&d=mm&r=g","contentUrl":"https:\/\/secure.gravatar.com\/avatar\/d4fe7459cfc51ff5129ce1a732bbef5928568b8092d412ef95611616376bbeed?s=96&d=mm&r=g","caption":"f1000024"},"url":"https:\/\/cvinoticias.com\/v3\/author\/f1000024\/"}]}},"_links":{"self":[{"href":"https:\/\/cvinoticias.com\/v3\/wp-json\/wp\/v2\/posts\/11818","targetHints":{"allow":["GET"]}}],"collection":[{"href":"https:\/\/cvinoticias.com\/v3\/wp-json\/wp\/v2\/posts"}],"about":[{"href":"https:\/\/cvinoticias.com\/v3\/wp-json\/wp\/v2\/types\/post"}],"author":[{"embeddable":true,"href":"https:\/\/cvinoticias.com\/v3\/wp-json\/wp\/v2\/users\/2"}],"replies":[{"embeddable":true,"href":"https:\/\/cvinoticias.com\/v3\/wp-json\/wp\/v2\/comments?post=11818"}],"version-history":[{"count":1,"href":"https:\/\/cvinoticias.com\/v3\/wp-json\/wp\/v2\/posts\/11818\/revisions"}],"predecessor-version":[{"id":11820,"href":"https:\/\/cvinoticias.com\/v3\/wp-json\/wp\/v2\/posts\/11818\/revisions\/11820"}],"wp:featuredmedia":[{"embeddable":true,"href":"https:\/\/cvinoticias.com\/v3\/wp-json\/wp\/v2\/media\/11819"}],"wp:attachment":[{"href":"https:\/\/cvinoticias.com\/v3\/wp-json\/wp\/v2\/media?parent=11818"}],"wp:term":[{"taxonomy":"category","embeddable":true,"href":"https:\/\/cvinoticias.com\/v3\/wp-json\/wp\/v2\/categories?post=11818"},{"taxonomy":"post_tag","embeddable":true,"href":"https:\/\/cvinoticias.com\/v3\/wp-json\/wp\/v2\/tags?post=11818"}],"curies":[{"name":"wp","href":"https:\/\/api.w.org\/{rel}","templated":true}]}}