{"id":11815,"date":"2021-12-30T17:32:23","date_gmt":"2021-12-30T17:32:23","guid":{"rendered":"https:\/\/cvinoticias.com\/v3\/?p=11815"},"modified":"2021-12-30T17:32:23","modified_gmt":"2021-12-30T17:32:23","slug":"se-dispuso-una-veda-total-de-pesca-en-el-rio-parana-hasta-el-31-de-enero","status":"publish","type":"post","link":"https:\/\/cvinoticias.com\/v3\/se-dispuso-una-veda-total-de-pesca-en-el-rio-parana-hasta-el-31-de-enero\/","title":{"rendered":"Se dispuso una veda total de pesca en el r\u00edo Paran\u00e1 hasta el 31 de enero"},"content":{"rendered":"\n<p><strong><em>El Ministerio de Ecolog\u00eda y Recursos Naturales Renovables de Misiones dispuso una veda total de pesca en el r\u00edo Paran\u00e1, entre el 29 de diciembre del corriente y el 31 de enero de 2022<\/em><\/strong>.<\/p>\n\n\n\n<p>La medida tiene como objetivo la preservaci\u00f3n de las especies que habitan ese curso de agua y sus afluentes y el r\u00edo Iguaz\u00fa.<\/p>\n\n\n\n<p>\u201cLa situaci\u00f3n es consecuencia del cambio clim\u00e1tico que estamos sintiendo en los \u00faltimos a\u00f1os. La escasez de agua, la bajante de los r\u00edos, hace que los peces tengan un cambio de h\u00e1bitos.<\/p>\n\n\n\n<p>Cuando no llueve, el agua no enturbia, tampoco sube el caudal de arroyos y riachos (afluentes) que es donde entran los peces a desovar\u201d, explic\u00f3 el Subsecretario de Ecolog\u00eda, Alan Ben\u00edtez Vortisch.<br>Detall\u00f3 que \u201cla altura de los r\u00edos est\u00e1 baja. Se han detectado distintas especies que no han desovado. Hay que darles la posibilidad de que lo hagan, que los peces puedan cumplir con su ciclo biol\u00f3gico. Es nuestra obligaci\u00f3n desde el Ministerio de Ecolog\u00eda tutelar la preservaci\u00f3n y conservaci\u00f3n de los recursos h\u00eddricos\u201d.<\/p>\n\n\n\n<p>Inform\u00f3 que se estableci\u00f3 \u201cuna veda extraordinaria total, del 29 de diciembre al 31 de enero (inclusive). Est\u00e1 prohibida la pesca con devoluci\u00f3n y solo quedan exceptuados los pescadores de subsistencia. Son aquellos que viven en la ribera y lo hacen para consumo personal. De todos modos, hay restricciones, porque s\u00f3lo pueden pescar con l\u00ednea de mano y desde la costa pueden hacerlo. No pueden comercializar lo que pescan\u201d.<\/p>\n","protected":false},"excerpt":{"rendered":"<p>El Ministerio de Ecolog\u00eda y Recursos Naturales Renovables de Misiones dispuso una veda total de pesca en el r\u00edo Paran\u00e1, entre el 29 de diciembre del corriente y el 31 de enero de 2022. La medida tiene como objetivo la preservaci\u00f3n de las especies que habitan ese curso de agua y sus afluentes y el [&hellip;]<\/p>\n","protected":false},"author":2,"featured_media":11816,"comment_status":"open","ping_status":"open","sticky":false,"template":"","format":"standard","meta":{"footnotes":""},"categories":[35],"tags":[],"class_list":["post-11815","post","type-post","status-publish","format-standard","has-post-thumbnail","hentry","category-informacion-general"],"yoast_head":"<!-- This site is optimized with the Yoast SEO plugin v27.4 - https:\/\/yoast.com\/product\/yoast-seo-wordpress\/ -->\n<title>Se dispuso una veda total de pesca en el r\u00edo Paran\u00e1 hasta el 31 de enero | CVI NOTICIAS<\/title>\n<meta name=\"robots\" content=\"index, follow, max-snippet:-1, max-image-preview:large, max-video-preview:-1\" \/>\n<link rel=\"canonical\" href=\"https:\/\/cvinoticias.com\/v3\/se-dispuso-una-veda-total-de-pesca-en-el-rio-parana-hasta-el-31-de-enero\/\" \/>\n<meta property=\"og:locale\" content=\"es_ES\" \/>\n<meta property=\"og:type\" content=\"article\" \/>\n<meta property=\"og:title\" content=\"Se dispuso una veda total de pesca en el r\u00edo Paran\u00e1 hasta el 31 de enero | CVI NOTICIAS\" \/>\n<meta property=\"og:description\" content=\"El Ministerio de Ecolog\u00eda y Recursos Naturales Renovables de Misiones dispuso una veda total de pesca en el r\u00edo Paran\u00e1, entre el 29 de diciembre del corriente y el 31 de enero de 2022. La medida tiene como objetivo la preservaci\u00f3n de las especies que habitan ese curso de agua y sus afluentes y el [&hellip;]\" \/>\n<meta property=\"og:url\" content=\"https:\/\/cvinoticias.com\/v3\/se-dispuso-una-veda-total-de-pesca-en-el-rio-parana-hasta-el-31-de-enero\/\" \/>\n<meta property=\"og:site_name\" content=\"CVI NOTICIAS\" \/>\n<meta property=\"article:publisher\" content=\"https:\/\/www.facebook.com\/cvinoticias\" \/>\n<meta property=\"article:published_time\" content=\"2021-12-30T17:32:23+00:00\" \/>\n<meta property=\"og:image\" content=\"https:\/\/cvinoticias.com\/wp-content\/uploads\/2021\/12\/FB_IMG_1640885351551.jpg\" \/>\n\t<meta property=\"og:image:width\" content=\"1080\" \/>\n\t<meta property=\"og:image:height\" content=\"608\" \/>\n\t<meta property=\"og:image:type\" content=\"image\/jpeg\" \/>\n<meta name=\"author\" content=\"f1000024\" \/>\n<meta name=\"twitter:card\" content=\"summary_large_image\" \/>\n<meta name=\"twitter:label1\" content=\"Escrito por\" \/>\n\t<meta name=\"twitter:data1\" content=\"f1000024\" \/>\n\t<meta name=\"twitter:label2\" content=\"Tiempo de lectura\" \/>\n\t<meta name=\"twitter:data2\" content=\"1 minuto\" \/>\n<script type=\"application\/ld+json\" class=\"yoast-schema-graph\">{\"@context\":\"https:\\\/\\\/schema.org\",\"@graph\":[{\"@type\":\"Article\",\"@id\":\"https:\\\/\\\/cvinoticias.com\\\/v3\\\/se-dispuso-una-veda-total-de-pesca-en-el-rio-parana-hasta-el-31-de-enero\\\/#article\",\"isPartOf\":{\"@id\":\"https:\\\/\\\/cvinoticias.com\\\/v3\\\/se-dispuso-una-veda-total-de-pesca-en-el-rio-parana-hasta-el-31-de-enero\\\/\"},\"author\":{\"name\":\"f1000024\",\"@id\":\"https:\\\/\\\/cvinoticias.com\\\/v3\\\/#\\\/schema\\\/person\\\/2db77e3c6bc03c538495d7b2b8be9b66\"},\"headline\":\"Se dispuso una veda total de pesca en el r\u00edo Paran\u00e1 hasta el 31 de enero\",\"datePublished\":\"2021-12-30T17:32:23+00:00\",\"mainEntityOfPage\":{\"@id\":\"https:\\\/\\\/cvinoticias.com\\\/v3\\\/se-dispuso-una-veda-total-de-pesca-en-el-rio-parana-hasta-el-31-de-enero\\\/\"},\"wordCount\":275,\"commentCount\":0,\"publisher\":{\"@id\":\"https:\\\/\\\/cvinoticias.com\\\/v3\\\/#organization\"},\"image\":{\"@id\":\"https:\\\/\\\/cvinoticias.com\\\/v3\\\/se-dispuso-una-veda-total-de-pesca-en-el-rio-parana-hasta-el-31-de-enero\\\/#primaryimage\"},\"thumbnailUrl\":\"https:\\\/\\\/cvinoticias.com\\\/wp-content\\\/uploads\\\/2021\\\/12\\\/FB_IMG_1640885351551.jpg\",\"articleSection\":[\"Informaci\u00f3n General\"],\"inLanguage\":\"es\",\"potentialAction\":[{\"@type\":\"CommentAction\",\"name\":\"Comment\",\"target\":[\"https:\\\/\\\/cvinoticias.com\\\/v3\\\/se-dispuso-una-veda-total-de-pesca-en-el-rio-parana-hasta-el-31-de-enero\\\/#respond\"]}]},{\"@type\":\"WebPage\",\"@id\":\"https:\\\/\\\/cvinoticias.com\\\/v3\\\/se-dispuso-una-veda-total-de-pesca-en-el-rio-parana-hasta-el-31-de-enero\\\/\",\"url\":\"https:\\\/\\\/cvinoticias.com\\\/v3\\\/se-dispuso-una-veda-total-de-pesca-en-el-rio-parana-hasta-el-31-de-enero\\\/\",\"name\":\"Se dispuso una veda total de pesca en el r\u00edo Paran\u00e1 hasta el 31 de enero | CVI NOTICIAS\",\"isPartOf\":{\"@id\":\"https:\\\/\\\/cvinoticias.com\\\/v3\\\/#website\"},\"primaryImageOfPage\":{\"@id\":\"https:\\\/\\\/cvinoticias.com\\\/v3\\\/se-dispuso-una-veda-total-de-pesca-en-el-rio-parana-hasta-el-31-de-enero\\\/#primaryimage\"},\"image\":{\"@id\":\"https:\\\/\\\/cvinoticias.com\\\/v3\\\/se-dispuso-una-veda-total-de-pesca-en-el-rio-parana-hasta-el-31-de-enero\\\/#primaryimage\"},\"thumbnailUrl\":\"https:\\\/\\\/cvinoticias.com\\\/wp-content\\\/uploads\\\/2021\\\/12\\\/FB_IMG_1640885351551.jpg\",\"datePublished\":\"2021-12-30T17:32:23+00:00\",\"breadcrumb\":{\"@id\":\"https:\\\/\\\/cvinoticias.com\\\/v3\\\/se-dispuso-una-veda-total-de-pesca-en-el-rio-parana-hasta-el-31-de-enero\\\/#breadcrumb\"},\"inLanguage\":\"es\",\"potentialAction\":[{\"@type\":\"ReadAction\",\"target\":[\"https:\\\/\\\/cvinoticias.com\\\/v3\\\/se-dispuso-una-veda-total-de-pesca-en-el-rio-parana-hasta-el-31-de-enero\\\/\"]}]},{\"@type\":\"ImageObject\",\"inLanguage\":\"es\",\"@id\":\"https:\\\/\\\/cvinoticias.com\\\/v3\\\/se-dispuso-una-veda-total-de-pesca-en-el-rio-parana-hasta-el-31-de-enero\\\/#primaryimage\",\"url\":\"https:\\\/\\\/cvinoticias.com\\\/wp-content\\\/uploads\\\/2021\\\/12\\\/FB_IMG_1640885351551.jpg\",\"contentUrl\":\"https:\\\/\\\/cvinoticias.com\\\/wp-content\\\/uploads\\\/2021\\\/12\\\/FB_IMG_1640885351551.jpg\",\"width\":1080,\"height\":608},{\"@type\":\"BreadcrumbList\",\"@id\":\"https:\\\/\\\/cvinoticias.com\\\/v3\\\/se-dispuso-una-veda-total-de-pesca-en-el-rio-parana-hasta-el-31-de-enero\\\/#breadcrumb\",\"itemListElement\":[{\"@type\":\"ListItem\",\"position\":1,\"name\":\"Portada\",\"item\":\"https:\\\/\\\/cvinoticias.com\\\/v3\\\/\"},{\"@type\":\"ListItem\",\"position\":2,\"name\":\"Se dispuso una veda total de pesca en el r\u00edo Paran\u00e1 hasta el 31 de enero\"}]},{\"@type\":\"WebSite\",\"@id\":\"https:\\\/\\\/cvinoticias.com\\\/v3\\\/#website\",\"url\":\"https:\\\/\\\/cvinoticias.com\\\/v3\\\/\",\"name\":\"CVI NOTICIAS\",\"description\":\"\",\"publisher\":{\"@id\":\"https:\\\/\\\/cvinoticias.com\\\/v3\\\/#organization\"},\"alternateName\":\"CVI\",\"potentialAction\":[{\"@type\":\"SearchAction\",\"target\":{\"@type\":\"EntryPoint\",\"urlTemplate\":\"https:\\\/\\\/cvinoticias.com\\\/v3\\\/?s={search_term_string}\"},\"query-input\":{\"@type\":\"PropertyValueSpecification\",\"valueRequired\":true,\"valueName\":\"search_term_string\"}}],\"inLanguage\":\"es\"},{\"@type\":\"Organization\",\"@id\":\"https:\\\/\\\/cvinoticias.com\\\/v3\\\/#organization\",\"name\":\"CVI NOTICIAS\",\"url\":\"https:\\\/\\\/cvinoticias.com\\\/v3\\\/\",\"logo\":{\"@type\":\"ImageObject\",\"inLanguage\":\"es\",\"@id\":\"https:\\\/\\\/cvinoticias.com\\\/v3\\\/#\\\/schema\\\/logo\\\/image\\\/\",\"url\":\"https:\\\/\\\/cvinoticias.com\\\/wp-content\\\/uploads\\\/2023\\\/04\\\/cropped-cropped-cropped-cropped-cropped-3-1.png\",\"contentUrl\":\"https:\\\/\\\/cvinoticias.com\\\/wp-content\\\/uploads\\\/2023\\\/04\\\/cropped-cropped-cropped-cropped-cropped-3-1.png\",\"width\":95,\"height\":122,\"caption\":\"CVI NOTICIAS\"},\"image\":{\"@id\":\"https:\\\/\\\/cvinoticias.com\\\/v3\\\/#\\\/schema\\\/logo\\\/image\\\/\"},\"sameAs\":[\"https:\\\/\\\/www.facebook.com\\\/cvinoticias\",\"https:\\\/\\\/www.instagram.com\\\/cvinoticias\\\/\",\"https:\\\/\\\/www.youtube.com\\\/@CVINOTICIAS\"]},{\"@type\":\"Person\",\"@id\":\"https:\\\/\\\/cvinoticias.com\\\/v3\\\/#\\\/schema\\\/person\\\/2db77e3c6bc03c538495d7b2b8be9b66\",\"name\":\"f1000024\",\"image\":{\"@type\":\"ImageObject\",\"inLanguage\":\"es\",\"@id\":\"https:\\\/\\\/secure.gravatar.com\\\/avatar\\\/d4fe7459cfc51ff5129ce1a732bbef5928568b8092d412ef95611616376bbeed?s=96&d=mm&r=g\",\"url\":\"https:\\\/\\\/secure.gravatar.com\\\/avatar\\\/d4fe7459cfc51ff5129ce1a732bbef5928568b8092d412ef95611616376bbeed?s=96&d=mm&r=g\",\"contentUrl\":\"https:\\\/\\\/secure.gravatar.com\\\/avatar\\\/d4fe7459cfc51ff5129ce1a732bbef5928568b8092d412ef95611616376bbeed?s=96&d=mm&r=g\",\"caption\":\"f1000024\"},\"url\":\"https:\\\/\\\/cvinoticias.com\\\/v3\\\/author\\\/f1000024\\\/\"}]}<\/script>\n<!-- \/ Yoast SEO plugin. -->","yoast_head_json":{"title":"Se dispuso una veda total de pesca en el r\u00edo Paran\u00e1 hasta el 31 de enero | CVI NOTICIAS","robots":{"index":"index","follow":"follow","max-snippet":"max-snippet:-1","max-image-preview":"max-image-preview:large","max-video-preview":"max-video-preview:-1"},"canonical":"https:\/\/cvinoticias.com\/v3\/se-dispuso-una-veda-total-de-pesca-en-el-rio-parana-hasta-el-31-de-enero\/","og_locale":"es_ES","og_type":"article","og_title":"Se dispuso una veda total de pesca en el r\u00edo Paran\u00e1 hasta el 31 de enero | CVI NOTICIAS","og_description":"El Ministerio de Ecolog\u00eda y Recursos Naturales Renovables de Misiones dispuso una veda total de pesca en el r\u00edo Paran\u00e1, entre el 29 de diciembre del corriente y el 31 de enero de 2022. La medida tiene como objetivo la preservaci\u00f3n de las especies que habitan ese curso de agua y sus afluentes y el [&hellip;]","og_url":"https:\/\/cvinoticias.com\/v3\/se-dispuso-una-veda-total-de-pesca-en-el-rio-parana-hasta-el-31-de-enero\/","og_site_name":"CVI NOTICIAS","article_publisher":"https:\/\/www.facebook.com\/cvinoticias","article_published_time":"2021-12-30T17:32:23+00:00","og_image":[{"width":1080,"height":608,"url":"https:\/\/cvinoticias.com\/wp-content\/uploads\/2021\/12\/FB_IMG_1640885351551.jpg","type":"image\/jpeg"}],"author":"f1000024","twitter_card":"summary_large_image","twitter_misc":{"Escrito por":"f1000024","Tiempo de lectura":"1 minuto"},"schema":{"@context":"https:\/\/schema.org","@graph":[{"@type":"Article","@id":"https:\/\/cvinoticias.com\/v3\/se-dispuso-una-veda-total-de-pesca-en-el-rio-parana-hasta-el-31-de-enero\/#article","isPartOf":{"@id":"https:\/\/cvinoticias.com\/v3\/se-dispuso-una-veda-total-de-pesca-en-el-rio-parana-hasta-el-31-de-enero\/"},"author":{"name":"f1000024","@id":"https:\/\/cvinoticias.com\/v3\/#\/schema\/person\/2db77e3c6bc03c538495d7b2b8be9b66"},"headline":"Se dispuso una veda total de pesca en el r\u00edo Paran\u00e1 hasta el 31 de enero","datePublished":"2021-12-30T17:32:23+00:00","mainEntityOfPage":{"@id":"https:\/\/cvinoticias.com\/v3\/se-dispuso-una-veda-total-de-pesca-en-el-rio-parana-hasta-el-31-de-enero\/"},"wordCount":275,"commentCount":0,"publisher":{"@id":"https:\/\/cvinoticias.com\/v3\/#organization"},"image":{"@id":"https:\/\/cvinoticias.com\/v3\/se-dispuso-una-veda-total-de-pesca-en-el-rio-parana-hasta-el-31-de-enero\/#primaryimage"},"thumbnailUrl":"https:\/\/cvinoticias.com\/wp-content\/uploads\/2021\/12\/FB_IMG_1640885351551.jpg","articleSection":["Informaci\u00f3n General"],"inLanguage":"es","potentialAction":[{"@type":"CommentAction","name":"Comment","target":["https:\/\/cvinoticias.com\/v3\/se-dispuso-una-veda-total-de-pesca-en-el-rio-parana-hasta-el-31-de-enero\/#respond"]}]},{"@type":"WebPage","@id":"https:\/\/cvinoticias.com\/v3\/se-dispuso-una-veda-total-de-pesca-en-el-rio-parana-hasta-el-31-de-enero\/","url":"https:\/\/cvinoticias.com\/v3\/se-dispuso-una-veda-total-de-pesca-en-el-rio-parana-hasta-el-31-de-enero\/","name":"Se dispuso una veda total de pesca en el r\u00edo Paran\u00e1 hasta el 31 de enero | CVI NOTICIAS","isPartOf":{"@id":"https:\/\/cvinoticias.com\/v3\/#website"},"primaryImageOfPage":{"@id":"https:\/\/cvinoticias.com\/v3\/se-dispuso-una-veda-total-de-pesca-en-el-rio-parana-hasta-el-31-de-enero\/#primaryimage"},"image":{"@id":"https:\/\/cvinoticias.com\/v3\/se-dispuso-una-veda-total-de-pesca-en-el-rio-parana-hasta-el-31-de-enero\/#primaryimage"},"thumbnailUrl":"https:\/\/cvinoticias.com\/wp-content\/uploads\/2021\/12\/FB_IMG_1640885351551.jpg","datePublished":"2021-12-30T17:32:23+00:00","breadcrumb":{"@id":"https:\/\/cvinoticias.com\/v3\/se-dispuso-una-veda-total-de-pesca-en-el-rio-parana-hasta-el-31-de-enero\/#breadcrumb"},"inLanguage":"es","potentialAction":[{"@type":"ReadAction","target":["https:\/\/cvinoticias.com\/v3\/se-dispuso-una-veda-total-de-pesca-en-el-rio-parana-hasta-el-31-de-enero\/"]}]},{"@type":"ImageObject","inLanguage":"es","@id":"https:\/\/cvinoticias.com\/v3\/se-dispuso-una-veda-total-de-pesca-en-el-rio-parana-hasta-el-31-de-enero\/#primaryimage","url":"https:\/\/cvinoticias.com\/wp-content\/uploads\/2021\/12\/FB_IMG_1640885351551.jpg","contentUrl":"https:\/\/cvinoticias.com\/wp-content\/uploads\/2021\/12\/FB_IMG_1640885351551.jpg","width":1080,"height":608},{"@type":"BreadcrumbList","@id":"https:\/\/cvinoticias.com\/v3\/se-dispuso-una-veda-total-de-pesca-en-el-rio-parana-hasta-el-31-de-enero\/#breadcrumb","itemListElement":[{"@type":"ListItem","position":1,"name":"Portada","item":"https:\/\/cvinoticias.com\/v3\/"},{"@type":"ListItem","position":2,"name":"Se dispuso una veda total de pesca en el r\u00edo Paran\u00e1 hasta el 31 de enero"}]},{"@type":"WebSite","@id":"https:\/\/cvinoticias.com\/v3\/#website","url":"https:\/\/cvinoticias.com\/v3\/","name":"CVI NOTICIAS","description":"","publisher":{"@id":"https:\/\/cvinoticias.com\/v3\/#organization"},"alternateName":"CVI","potentialAction":[{"@type":"SearchAction","target":{"@type":"EntryPoint","urlTemplate":"https:\/\/cvinoticias.com\/v3\/?s={search_term_string}"},"query-input":{"@type":"PropertyValueSpecification","valueRequired":true,"valueName":"search_term_string"}}],"inLanguage":"es"},{"@type":"Organization","@id":"https:\/\/cvinoticias.com\/v3\/#organization","name":"CVI NOTICIAS","url":"https:\/\/cvinoticias.com\/v3\/","logo":{"@type":"ImageObject","inLanguage":"es","@id":"https:\/\/cvinoticias.com\/v3\/#\/schema\/logo\/image\/","url":"https:\/\/cvinoticias.com\/wp-content\/uploads\/2023\/04\/cropped-cropped-cropped-cropped-cropped-3-1.png","contentUrl":"https:\/\/cvinoticias.com\/wp-content\/uploads\/2023\/04\/cropped-cropped-cropped-cropped-cropped-3-1.png","width":95,"height":122,"caption":"CVI NOTICIAS"},"image":{"@id":"https:\/\/cvinoticias.com\/v3\/#\/schema\/logo\/image\/"},"sameAs":["https:\/\/www.facebook.com\/cvinoticias","https:\/\/www.instagram.com\/cvinoticias\/","https:\/\/www.youtube.com\/@CVINOTICIAS"]},{"@type":"Person","@id":"https:\/\/cvinoticias.com\/v3\/#\/schema\/person\/2db77e3c6bc03c538495d7b2b8be9b66","name":"f1000024","image":{"@type":"ImageObject","inLanguage":"es","@id":"https:\/\/secure.gravatar.com\/avatar\/d4fe7459cfc51ff5129ce1a732bbef5928568b8092d412ef95611616376bbeed?s=96&d=mm&r=g","url":"https:\/\/secure.gravatar.com\/avatar\/d4fe7459cfc51ff5129ce1a732bbef5928568b8092d412ef95611616376bbeed?s=96&d=mm&r=g","contentUrl":"https:\/\/secure.gravatar.com\/avatar\/d4fe7459cfc51ff5129ce1a732bbef5928568b8092d412ef95611616376bbeed?s=96&d=mm&r=g","caption":"f1000024"},"url":"https:\/\/cvinoticias.com\/v3\/author\/f1000024\/"}]}},"_links":{"self":[{"href":"https:\/\/cvinoticias.com\/v3\/wp-json\/wp\/v2\/posts\/11815","targetHints":{"allow":["GET"]}}],"collection":[{"href":"https:\/\/cvinoticias.com\/v3\/wp-json\/wp\/v2\/posts"}],"about":[{"href":"https:\/\/cvinoticias.com\/v3\/wp-json\/wp\/v2\/types\/post"}],"author":[{"embeddable":true,"href":"https:\/\/cvinoticias.com\/v3\/wp-json\/wp\/v2\/users\/2"}],"replies":[{"embeddable":true,"href":"https:\/\/cvinoticias.com\/v3\/wp-json\/wp\/v2\/comments?post=11815"}],"version-history":[{"count":1,"href":"https:\/\/cvinoticias.com\/v3\/wp-json\/wp\/v2\/posts\/11815\/revisions"}],"predecessor-version":[{"id":11817,"href":"https:\/\/cvinoticias.com\/v3\/wp-json\/wp\/v2\/posts\/11815\/revisions\/11817"}],"wp:featuredmedia":[{"embeddable":true,"href":"https:\/\/cvinoticias.com\/v3\/wp-json\/wp\/v2\/media\/11816"}],"wp:attachment":[{"href":"https:\/\/cvinoticias.com\/v3\/wp-json\/wp\/v2\/media?parent=11815"}],"wp:term":[{"taxonomy":"category","embeddable":true,"href":"https:\/\/cvinoticias.com\/v3\/wp-json\/wp\/v2\/categories?post=11815"},{"taxonomy":"post_tag","embeddable":true,"href":"https:\/\/cvinoticias.com\/v3\/wp-json\/wp\/v2\/tags?post=11815"}],"curies":[{"name":"wp","href":"https:\/\/api.w.org\/{rel}","templated":true}]}}