{"id":11791,"date":"2021-12-30T12:30:00","date_gmt":"2021-12-30T12:30:00","guid":{"rendered":"https:\/\/cvinoticias.com\/v3\/?p=11791"},"modified":"2021-12-30T12:30:00","modified_gmt":"2021-12-30T12:30:00","slug":"aerolineas-es-una-herramienta-fundamental-en-esta-etapa-de-la-recuperacion-de-la-economia","status":"publish","type":"post","link":"https:\/\/cvinoticias.com\/v3\/aerolineas-es-una-herramienta-fundamental-en-esta-etapa-de-la-recuperacion-de-la-economia\/","title":{"rendered":"\u00abAerol\u00edneas es una herramienta fundamental en esta etapa de la recuperaci\u00f3n de la econom\u00eda\u00bb"},"content":{"rendered":"\n<p><strong><em>El presidente de Aerol\u00edneas Argentinas, Pablo Ceriani fue recibido en la Casa Patria por la presidenta de la misma y diputada nacional Cristina Britez, en el marco del plan de reactivaci\u00f3n tur\u00edstica que lleva adelante el Gobierno Nacional.<\/em><\/strong><\/p>\n\n\n\n<p>La Diputada celebr\u00f3 el anuncio que unir\u00e1n a la tierra colorada con 24 ciudades y que tiene como objetivo continuar federalizando las conexiones a\u00e9reas en el Pa\u00eds. En ese sentido destac\u00f3, \u201cestas medidas adoptadas como el Pre Viaje dentro del plan de reactivaci\u00f3n, son medidas certeras que demostraron en un corto lapso y en este contexto un impacto positivo en provincias como la nuestra que se alimentan y viven en gran escala del turismo, ver esta reactivaci\u00f3n, que Misiones se siga recuperando, potenciando y a la vez, potencie a otros destinos, es lo que queremos. Seguimos cumpliendo con el compromiso asumido de afianzar los recursos de cada regi\u00f3n viendo las necesidades y acercando soluciones y eso solo se logra a trav\u00e9s de un Estado Nacional presente en cada rinc\u00f3n, que sabe c\u00f3mo responder generando m\u00e1s posibilidades, potenciando el turismo interno y cuidando las fuentes de trabajo\u201d.<\/p>\n\n\n\n<p>Por su parte, Ceriani expres\u00f3. \u201cEstamos muy contentos de venir a anunciar esto. Es una vuelta a la actividad, mejorar el empleo, darle desarrollo econ\u00f3mico al pa\u00eds y darle felicidad al pueblo para que pueda usar de su tiempo libre despu\u00e9s de tanto sufrimiento\u201d.<\/p>\n\n\n\n<p>Asimismo, el titular de la l\u00ednea de bandera se manifest\u00f3 en coincidencia con el primer aniversario del inicio del plan de vacunaci\u00f3n en la Argentina. Sostuvo que. \u201cPara nosotros fue una enorme satisfacci\u00f3n, un honor inmenso y tambi\u00e9n un enorme trabajo y desaf\u00edo traer m\u00e1s de la mitad de las vacunas en lo que fue este a\u00f1o, fue una parte muy importante del plan de vacunaci\u00f3n y este a la vez fundamental para la reactivaci\u00f3n de la actividad y de todo lo que estamos viviendo que es un \u00e9xito del Gobierno Nacional, un \u00e9xito de toda la sociedad\u201d.<\/p>\n\n\n\n<p>De esta manera, ser\u00e1n 14 las ciudades conectadas con Posadas v\u00eda a\u00e9rea; Bah\u00eda Blanca, San Carlos de Bariloche, Chapelco, Comodoro Rivadavia, C\u00f3rdoba, Formosa, Puerto Iguaz\u00fa, Mar Del Plata, Resistencia, Rio Grande, Salta, San Rafael, Santiago del Estero y Tucum\u00e1n.<\/p>\n\n\n\n<p>En tanto desde Puerto Iguaz\u00fa y Buenos Aires, junto con variadas propuestas de intertramos dom\u00e9sticos, se espera llegar entre enero y marzo a 23 vuelos semanales con un seguimiento constante evoluci\u00f3n de la demanda.<\/p>\n\n\n\n<p>Se aguarda que en abril y julio aumenta progresivamente llegando a 42 vuelos semanales.<\/p>\n\n\n\n<p>Puerto Iguaz\u00fa contar\u00e1 con conexiones desde enero con Bah\u00eda Blanca; San Carlos de Bariloche; Calafate: Chapelco; Comodoro Rivadavia; C\u00f3rdoba; Esquel; Jujuy; La Rioja; Mar del Plata; Mendoza; Neuqu\u00e9n; Posadas; Resistencia; Rio Gallegos; Rio Grande; Rosario; Salta; San Juan; San Luis. San Rafael; Tucum\u00e1n; Ushuaia.<\/p>\n\n\n\n<figure class=\"wp-block-image size-large\"><a href=\"https:\/\/cvinoticias.com\/wp-content\/uploads\/2021\/12\/IMG-20211230-WA0084.jpg\"><img decoding=\"async\" width=\"1024\" height=\"702\" data-src=\"https:\/\/cvinoticias.com\/wp-content\/uploads\/2021\/12\/IMG-20211230-WA0084-1024x702.jpg\" alt=\"\" class=\"wp-image-11792 lazyload\" data-srcset=\"https:\/\/cvinoticias.com\/wp-content\/uploads\/2021\/12\/IMG-20211230-WA0084-1024x702.jpg 1024w, https:\/\/cvinoticias.com\/wp-content\/uploads\/2021\/12\/IMG-20211230-WA0084-300x206.jpg 300w, https:\/\/cvinoticias.com\/wp-content\/uploads\/2021\/12\/IMG-20211230-WA0084-768x527.jpg 768w, https:\/\/cvinoticias.com\/wp-content\/uploads\/2021\/12\/IMG-20211230-WA0084.jpg 1280w\" data-sizes=\"(max-width: 1024px) 100vw, 1024px\" src=\"data:image\/svg+xml;base64,PHN2ZyB3aWR0aD0iMSIgaGVpZ2h0PSIxIiB4bWxucz0iaHR0cDovL3d3dy53My5vcmcvMjAwMC9zdmciPjwvc3ZnPg==\" style=\"--smush-placeholder-width: 1024px; --smush-placeholder-aspect-ratio: 1024\/702;\" \/><\/a><\/figure>\n\n\n\n<figure class=\"wp-block-image size-large\"><a href=\"https:\/\/cvinoticias.com\/wp-content\/uploads\/2021\/12\/IMG-20211230-WA0085.jpg\"><img decoding=\"async\" width=\"1024\" height=\"737\" data-src=\"https:\/\/cvinoticias.com\/wp-content\/uploads\/2021\/12\/IMG-20211230-WA0085-1024x737.jpg\" alt=\"\" class=\"wp-image-11793 lazyload\" data-srcset=\"https:\/\/cvinoticias.com\/wp-content\/uploads\/2021\/12\/IMG-20211230-WA0085-1024x737.jpg 1024w, https:\/\/cvinoticias.com\/wp-content\/uploads\/2021\/12\/IMG-20211230-WA0085-300x216.jpg 300w, https:\/\/cvinoticias.com\/wp-content\/uploads\/2021\/12\/IMG-20211230-WA0085-768x553.jpg 768w, https:\/\/cvinoticias.com\/wp-content\/uploads\/2021\/12\/IMG-20211230-WA0085.jpg 1280w\" data-sizes=\"(max-width: 1024px) 100vw, 1024px\" src=\"data:image\/svg+xml;base64,PHN2ZyB3aWR0aD0iMSIgaGVpZ2h0PSIxIiB4bWxucz0iaHR0cDovL3d3dy53My5vcmcvMjAwMC9zdmciPjwvc3ZnPg==\" style=\"--smush-placeholder-width: 1024px; --smush-placeholder-aspect-ratio: 1024\/737;\" \/><\/a><\/figure>\n","protected":false},"excerpt":{"rendered":"<p>El presidente de Aerol\u00edneas Argentinas, Pablo Ceriani fue recibido en la Casa Patria por la presidenta de la misma y diputada nacional Cristina Britez, en el marco del plan de reactivaci\u00f3n tur\u00edstica que lleva adelante el Gobierno Nacional. La Diputada celebr\u00f3 el anuncio que unir\u00e1n a la tierra colorada con 24 ciudades y que tiene [&hellip;]<\/p>\n","protected":false},"author":2,"featured_media":11794,"comment_status":"open","ping_status":"open","sticky":false,"template":"","format":"standard","meta":{"footnotes":""},"categories":[98],"tags":[],"class_list":["post-11791","post","type-post","status-publish","format-standard","has-post-thumbnail","hentry","category-conectividad"],"yoast_head":"<!-- This site is optimized with the Yoast SEO plugin v27.5 - https:\/\/yoast.com\/product\/yoast-seo-wordpress\/ -->\n<title>&quot;Aerol\u00edneas es una herramienta fundamental en esta etapa de la recuperaci\u00f3n de la econom\u00eda&quot; | CVI NOTICIAS<\/title>\n<meta name=\"robots\" content=\"index, follow, max-snippet:-1, max-image-preview:large, max-video-preview:-1\" \/>\n<link rel=\"canonical\" href=\"https:\/\/cvinoticias.com\/v3\/aerolineas-es-una-herramienta-fundamental-en-esta-etapa-de-la-recuperacion-de-la-economia\/\" \/>\n<meta property=\"og:locale\" content=\"es_ES\" \/>\n<meta property=\"og:type\" content=\"article\" \/>\n<meta property=\"og:title\" content=\"&quot;Aerol\u00edneas es una herramienta fundamental en esta etapa de la recuperaci\u00f3n de la econom\u00eda&quot; | CVI NOTICIAS\" \/>\n<meta property=\"og:description\" content=\"El presidente de Aerol\u00edneas Argentinas, Pablo Ceriani fue recibido en la Casa Patria por la presidenta de la misma y diputada nacional Cristina Britez, en el marco del plan de reactivaci\u00f3n tur\u00edstica que lleva adelante el Gobierno Nacional. La Diputada celebr\u00f3 el anuncio que unir\u00e1n a la tierra colorada con 24 ciudades y que tiene [&hellip;]\" \/>\n<meta property=\"og:url\" content=\"https:\/\/cvinoticias.com\/v3\/aerolineas-es-una-herramienta-fundamental-en-esta-etapa-de-la-recuperacion-de-la-economia\/\" \/>\n<meta property=\"og:site_name\" content=\"CVI NOTICIAS\" \/>\n<meta property=\"article:publisher\" content=\"https:\/\/www.facebook.com\/cvinoticias\" \/>\n<meta property=\"article:published_time\" content=\"2021-12-30T12:30:00+00:00\" \/>\n<meta property=\"og:image\" content=\"https:\/\/cvinoticias.com\/wp-content\/uploads\/2021\/12\/IMG-20211230-WA0086.jpg\" \/>\n\t<meta property=\"og:image:width\" content=\"1280\" \/>\n\t<meta property=\"og:image:height\" content=\"853\" \/>\n\t<meta property=\"og:image:type\" content=\"image\/jpeg\" \/>\n<meta name=\"author\" content=\"f1000024\" \/>\n<meta name=\"twitter:card\" content=\"summary_large_image\" \/>\n<meta name=\"twitter:label1\" content=\"Escrito por\" \/>\n\t<meta name=\"twitter:data1\" content=\"f1000024\" \/>\n\t<meta name=\"twitter:label2\" content=\"Tiempo de lectura\" \/>\n\t<meta name=\"twitter:data2\" content=\"2 minutos\" \/>\n<script type=\"application\/ld+json\" class=\"yoast-schema-graph\">{\"@context\":\"https:\\\/\\\/schema.org\",\"@graph\":[{\"@type\":\"Article\",\"@id\":\"https:\\\/\\\/cvinoticias.com\\\/v3\\\/aerolineas-es-una-herramienta-fundamental-en-esta-etapa-de-la-recuperacion-de-la-economia\\\/#article\",\"isPartOf\":{\"@id\":\"https:\\\/\\\/cvinoticias.com\\\/v3\\\/aerolineas-es-una-herramienta-fundamental-en-esta-etapa-de-la-recuperacion-de-la-economia\\\/\"},\"author\":{\"name\":\"f1000024\",\"@id\":\"https:\\\/\\\/cvinoticias.com\\\/v3\\\/#\\\/schema\\\/person\\\/2db77e3c6bc03c538495d7b2b8be9b66\"},\"headline\":\"\u00abAerol\u00edneas es una herramienta fundamental en esta etapa de la recuperaci\u00f3n de la econom\u00eda\u00bb\",\"datePublished\":\"2021-12-30T12:30:00+00:00\",\"mainEntityOfPage\":{\"@id\":\"https:\\\/\\\/cvinoticias.com\\\/v3\\\/aerolineas-es-una-herramienta-fundamental-en-esta-etapa-de-la-recuperacion-de-la-economia\\\/\"},\"wordCount\":507,\"commentCount\":0,\"publisher\":{\"@id\":\"https:\\\/\\\/cvinoticias.com\\\/v3\\\/#organization\"},\"image\":{\"@id\":\"https:\\\/\\\/cvinoticias.com\\\/v3\\\/aerolineas-es-una-herramienta-fundamental-en-esta-etapa-de-la-recuperacion-de-la-economia\\\/#primaryimage\"},\"thumbnailUrl\":\"https:\\\/\\\/cvinoticias.com\\\/wp-content\\\/uploads\\\/2021\\\/12\\\/IMG-20211230-WA0086.jpg\",\"articleSection\":[\"Conectividad\"],\"inLanguage\":\"es\",\"potentialAction\":[{\"@type\":\"CommentAction\",\"name\":\"Comment\",\"target\":[\"https:\\\/\\\/cvinoticias.com\\\/v3\\\/aerolineas-es-una-herramienta-fundamental-en-esta-etapa-de-la-recuperacion-de-la-economia\\\/#respond\"]}]},{\"@type\":\"WebPage\",\"@id\":\"https:\\\/\\\/cvinoticias.com\\\/v3\\\/aerolineas-es-una-herramienta-fundamental-en-esta-etapa-de-la-recuperacion-de-la-economia\\\/\",\"url\":\"https:\\\/\\\/cvinoticias.com\\\/v3\\\/aerolineas-es-una-herramienta-fundamental-en-esta-etapa-de-la-recuperacion-de-la-economia\\\/\",\"name\":\"\\\"Aerol\u00edneas es una herramienta fundamental en esta etapa de la recuperaci\u00f3n de la econom\u00eda\\\" | CVI NOTICIAS\",\"isPartOf\":{\"@id\":\"https:\\\/\\\/cvinoticias.com\\\/v3\\\/#website\"},\"primaryImageOfPage\":{\"@id\":\"https:\\\/\\\/cvinoticias.com\\\/v3\\\/aerolineas-es-una-herramienta-fundamental-en-esta-etapa-de-la-recuperacion-de-la-economia\\\/#primaryimage\"},\"image\":{\"@id\":\"https:\\\/\\\/cvinoticias.com\\\/v3\\\/aerolineas-es-una-herramienta-fundamental-en-esta-etapa-de-la-recuperacion-de-la-economia\\\/#primaryimage\"},\"thumbnailUrl\":\"https:\\\/\\\/cvinoticias.com\\\/wp-content\\\/uploads\\\/2021\\\/12\\\/IMG-20211230-WA0086.jpg\",\"datePublished\":\"2021-12-30T12:30:00+00:00\",\"breadcrumb\":{\"@id\":\"https:\\\/\\\/cvinoticias.com\\\/v3\\\/aerolineas-es-una-herramienta-fundamental-en-esta-etapa-de-la-recuperacion-de-la-economia\\\/#breadcrumb\"},\"inLanguage\":\"es\",\"potentialAction\":[{\"@type\":\"ReadAction\",\"target\":[\"https:\\\/\\\/cvinoticias.com\\\/v3\\\/aerolineas-es-una-herramienta-fundamental-en-esta-etapa-de-la-recuperacion-de-la-economia\\\/\"]}]},{\"@type\":\"ImageObject\",\"inLanguage\":\"es\",\"@id\":\"https:\\\/\\\/cvinoticias.com\\\/v3\\\/aerolineas-es-una-herramienta-fundamental-en-esta-etapa-de-la-recuperacion-de-la-economia\\\/#primaryimage\",\"url\":\"https:\\\/\\\/cvinoticias.com\\\/wp-content\\\/uploads\\\/2021\\\/12\\\/IMG-20211230-WA0086.jpg\",\"contentUrl\":\"https:\\\/\\\/cvinoticias.com\\\/wp-content\\\/uploads\\\/2021\\\/12\\\/IMG-20211230-WA0086.jpg\",\"width\":1280,\"height\":853},{\"@type\":\"BreadcrumbList\",\"@id\":\"https:\\\/\\\/cvinoticias.com\\\/v3\\\/aerolineas-es-una-herramienta-fundamental-en-esta-etapa-de-la-recuperacion-de-la-economia\\\/#breadcrumb\",\"itemListElement\":[{\"@type\":\"ListItem\",\"position\":1,\"name\":\"Portada\",\"item\":\"https:\\\/\\\/cvinoticias.com\\\/v3\\\/\"},{\"@type\":\"ListItem\",\"position\":2,\"name\":\"\u00abAerol\u00edneas es una herramienta fundamental en esta etapa de la recuperaci\u00f3n de la econom\u00eda\u00bb\"}]},{\"@type\":\"WebSite\",\"@id\":\"https:\\\/\\\/cvinoticias.com\\\/v3\\\/#website\",\"url\":\"https:\\\/\\\/cvinoticias.com\\\/v3\\\/\",\"name\":\"CVI NOTICIAS\",\"description\":\"\",\"publisher\":{\"@id\":\"https:\\\/\\\/cvinoticias.com\\\/v3\\\/#organization\"},\"alternateName\":\"CVI\",\"potentialAction\":[{\"@type\":\"SearchAction\",\"target\":{\"@type\":\"EntryPoint\",\"urlTemplate\":\"https:\\\/\\\/cvinoticias.com\\\/v3\\\/?s={search_term_string}\"},\"query-input\":{\"@type\":\"PropertyValueSpecification\",\"valueRequired\":true,\"valueName\":\"search_term_string\"}}],\"inLanguage\":\"es\"},{\"@type\":\"Organization\",\"@id\":\"https:\\\/\\\/cvinoticias.com\\\/v3\\\/#organization\",\"name\":\"CVI NOTICIAS\",\"url\":\"https:\\\/\\\/cvinoticias.com\\\/v3\\\/\",\"logo\":{\"@type\":\"ImageObject\",\"inLanguage\":\"es\",\"@id\":\"https:\\\/\\\/cvinoticias.com\\\/v3\\\/#\\\/schema\\\/logo\\\/image\\\/\",\"url\":\"https:\\\/\\\/cvinoticias.com\\\/wp-content\\\/uploads\\\/2023\\\/04\\\/cropped-cropped-cropped-cropped-cropped-3-1.png\",\"contentUrl\":\"https:\\\/\\\/cvinoticias.com\\\/wp-content\\\/uploads\\\/2023\\\/04\\\/cropped-cropped-cropped-cropped-cropped-3-1.png\",\"width\":95,\"height\":122,\"caption\":\"CVI NOTICIAS\"},\"image\":{\"@id\":\"https:\\\/\\\/cvinoticias.com\\\/v3\\\/#\\\/schema\\\/logo\\\/image\\\/\"},\"sameAs\":[\"https:\\\/\\\/www.facebook.com\\\/cvinoticias\",\"https:\\\/\\\/www.instagram.com\\\/cvinoticias\\\/\",\"https:\\\/\\\/www.youtube.com\\\/@CVINOTICIAS\"]},{\"@type\":\"Person\",\"@id\":\"https:\\\/\\\/cvinoticias.com\\\/v3\\\/#\\\/schema\\\/person\\\/2db77e3c6bc03c538495d7b2b8be9b66\",\"name\":\"f1000024\",\"image\":{\"@type\":\"ImageObject\",\"inLanguage\":\"es\",\"@id\":\"https:\\\/\\\/secure.gravatar.com\\\/avatar\\\/d4fe7459cfc51ff5129ce1a732bbef5928568b8092d412ef95611616376bbeed?s=96&d=mm&r=g\",\"url\":\"https:\\\/\\\/secure.gravatar.com\\\/avatar\\\/d4fe7459cfc51ff5129ce1a732bbef5928568b8092d412ef95611616376bbeed?s=96&d=mm&r=g\",\"contentUrl\":\"https:\\\/\\\/secure.gravatar.com\\\/avatar\\\/d4fe7459cfc51ff5129ce1a732bbef5928568b8092d412ef95611616376bbeed?s=96&d=mm&r=g\",\"caption\":\"f1000024\"},\"url\":\"https:\\\/\\\/cvinoticias.com\\\/v3\\\/author\\\/f1000024\\\/\"}]}<\/script>\n<!-- \/ Yoast SEO plugin. -->","yoast_head_json":{"title":"\"Aerol\u00edneas es una herramienta fundamental en esta etapa de la recuperaci\u00f3n de la econom\u00eda\" | CVI NOTICIAS","robots":{"index":"index","follow":"follow","max-snippet":"max-snippet:-1","max-image-preview":"max-image-preview:large","max-video-preview":"max-video-preview:-1"},"canonical":"https:\/\/cvinoticias.com\/v3\/aerolineas-es-una-herramienta-fundamental-en-esta-etapa-de-la-recuperacion-de-la-economia\/","og_locale":"es_ES","og_type":"article","og_title":"\"Aerol\u00edneas es una herramienta fundamental en esta etapa de la recuperaci\u00f3n de la econom\u00eda\" | CVI NOTICIAS","og_description":"El presidente de Aerol\u00edneas Argentinas, Pablo Ceriani fue recibido en la Casa Patria por la presidenta de la misma y diputada nacional Cristina Britez, en el marco del plan de reactivaci\u00f3n tur\u00edstica que lleva adelante el Gobierno Nacional. La Diputada celebr\u00f3 el anuncio que unir\u00e1n a la tierra colorada con 24 ciudades y que tiene [&hellip;]","og_url":"https:\/\/cvinoticias.com\/v3\/aerolineas-es-una-herramienta-fundamental-en-esta-etapa-de-la-recuperacion-de-la-economia\/","og_site_name":"CVI NOTICIAS","article_publisher":"https:\/\/www.facebook.com\/cvinoticias","article_published_time":"2021-12-30T12:30:00+00:00","og_image":[{"width":1280,"height":853,"url":"https:\/\/cvinoticias.com\/wp-content\/uploads\/2021\/12\/IMG-20211230-WA0086.jpg","type":"image\/jpeg"}],"author":"f1000024","twitter_card":"summary_large_image","twitter_misc":{"Escrito por":"f1000024","Tiempo de lectura":"2 minutos"},"schema":{"@context":"https:\/\/schema.org","@graph":[{"@type":"Article","@id":"https:\/\/cvinoticias.com\/v3\/aerolineas-es-una-herramienta-fundamental-en-esta-etapa-de-la-recuperacion-de-la-economia\/#article","isPartOf":{"@id":"https:\/\/cvinoticias.com\/v3\/aerolineas-es-una-herramienta-fundamental-en-esta-etapa-de-la-recuperacion-de-la-economia\/"},"author":{"name":"f1000024","@id":"https:\/\/cvinoticias.com\/v3\/#\/schema\/person\/2db77e3c6bc03c538495d7b2b8be9b66"},"headline":"\u00abAerol\u00edneas es una herramienta fundamental en esta etapa de la recuperaci\u00f3n de la econom\u00eda\u00bb","datePublished":"2021-12-30T12:30:00+00:00","mainEntityOfPage":{"@id":"https:\/\/cvinoticias.com\/v3\/aerolineas-es-una-herramienta-fundamental-en-esta-etapa-de-la-recuperacion-de-la-economia\/"},"wordCount":507,"commentCount":0,"publisher":{"@id":"https:\/\/cvinoticias.com\/v3\/#organization"},"image":{"@id":"https:\/\/cvinoticias.com\/v3\/aerolineas-es-una-herramienta-fundamental-en-esta-etapa-de-la-recuperacion-de-la-economia\/#primaryimage"},"thumbnailUrl":"https:\/\/cvinoticias.com\/wp-content\/uploads\/2021\/12\/IMG-20211230-WA0086.jpg","articleSection":["Conectividad"],"inLanguage":"es","potentialAction":[{"@type":"CommentAction","name":"Comment","target":["https:\/\/cvinoticias.com\/v3\/aerolineas-es-una-herramienta-fundamental-en-esta-etapa-de-la-recuperacion-de-la-economia\/#respond"]}]},{"@type":"WebPage","@id":"https:\/\/cvinoticias.com\/v3\/aerolineas-es-una-herramienta-fundamental-en-esta-etapa-de-la-recuperacion-de-la-economia\/","url":"https:\/\/cvinoticias.com\/v3\/aerolineas-es-una-herramienta-fundamental-en-esta-etapa-de-la-recuperacion-de-la-economia\/","name":"\"Aerol\u00edneas es una herramienta fundamental en esta etapa de la recuperaci\u00f3n de la econom\u00eda\" | CVI NOTICIAS","isPartOf":{"@id":"https:\/\/cvinoticias.com\/v3\/#website"},"primaryImageOfPage":{"@id":"https:\/\/cvinoticias.com\/v3\/aerolineas-es-una-herramienta-fundamental-en-esta-etapa-de-la-recuperacion-de-la-economia\/#primaryimage"},"image":{"@id":"https:\/\/cvinoticias.com\/v3\/aerolineas-es-una-herramienta-fundamental-en-esta-etapa-de-la-recuperacion-de-la-economia\/#primaryimage"},"thumbnailUrl":"https:\/\/cvinoticias.com\/wp-content\/uploads\/2021\/12\/IMG-20211230-WA0086.jpg","datePublished":"2021-12-30T12:30:00+00:00","breadcrumb":{"@id":"https:\/\/cvinoticias.com\/v3\/aerolineas-es-una-herramienta-fundamental-en-esta-etapa-de-la-recuperacion-de-la-economia\/#breadcrumb"},"inLanguage":"es","potentialAction":[{"@type":"ReadAction","target":["https:\/\/cvinoticias.com\/v3\/aerolineas-es-una-herramienta-fundamental-en-esta-etapa-de-la-recuperacion-de-la-economia\/"]}]},{"@type":"ImageObject","inLanguage":"es","@id":"https:\/\/cvinoticias.com\/v3\/aerolineas-es-una-herramienta-fundamental-en-esta-etapa-de-la-recuperacion-de-la-economia\/#primaryimage","url":"https:\/\/cvinoticias.com\/wp-content\/uploads\/2021\/12\/IMG-20211230-WA0086.jpg","contentUrl":"https:\/\/cvinoticias.com\/wp-content\/uploads\/2021\/12\/IMG-20211230-WA0086.jpg","width":1280,"height":853},{"@type":"BreadcrumbList","@id":"https:\/\/cvinoticias.com\/v3\/aerolineas-es-una-herramienta-fundamental-en-esta-etapa-de-la-recuperacion-de-la-economia\/#breadcrumb","itemListElement":[{"@type":"ListItem","position":1,"name":"Portada","item":"https:\/\/cvinoticias.com\/v3\/"},{"@type":"ListItem","position":2,"name":"\u00abAerol\u00edneas es una herramienta fundamental en esta etapa de la recuperaci\u00f3n de la econom\u00eda\u00bb"}]},{"@type":"WebSite","@id":"https:\/\/cvinoticias.com\/v3\/#website","url":"https:\/\/cvinoticias.com\/v3\/","name":"CVI NOTICIAS","description":"","publisher":{"@id":"https:\/\/cvinoticias.com\/v3\/#organization"},"alternateName":"CVI","potentialAction":[{"@type":"SearchAction","target":{"@type":"EntryPoint","urlTemplate":"https:\/\/cvinoticias.com\/v3\/?s={search_term_string}"},"query-input":{"@type":"PropertyValueSpecification","valueRequired":true,"valueName":"search_term_string"}}],"inLanguage":"es"},{"@type":"Organization","@id":"https:\/\/cvinoticias.com\/v3\/#organization","name":"CVI NOTICIAS","url":"https:\/\/cvinoticias.com\/v3\/","logo":{"@type":"ImageObject","inLanguage":"es","@id":"https:\/\/cvinoticias.com\/v3\/#\/schema\/logo\/image\/","url":"https:\/\/cvinoticias.com\/wp-content\/uploads\/2023\/04\/cropped-cropped-cropped-cropped-cropped-3-1.png","contentUrl":"https:\/\/cvinoticias.com\/wp-content\/uploads\/2023\/04\/cropped-cropped-cropped-cropped-cropped-3-1.png","width":95,"height":122,"caption":"CVI NOTICIAS"},"image":{"@id":"https:\/\/cvinoticias.com\/v3\/#\/schema\/logo\/image\/"},"sameAs":["https:\/\/www.facebook.com\/cvinoticias","https:\/\/www.instagram.com\/cvinoticias\/","https:\/\/www.youtube.com\/@CVINOTICIAS"]},{"@type":"Person","@id":"https:\/\/cvinoticias.com\/v3\/#\/schema\/person\/2db77e3c6bc03c538495d7b2b8be9b66","name":"f1000024","image":{"@type":"ImageObject","inLanguage":"es","@id":"https:\/\/secure.gravatar.com\/avatar\/d4fe7459cfc51ff5129ce1a732bbef5928568b8092d412ef95611616376bbeed?s=96&d=mm&r=g","url":"https:\/\/secure.gravatar.com\/avatar\/d4fe7459cfc51ff5129ce1a732bbef5928568b8092d412ef95611616376bbeed?s=96&d=mm&r=g","contentUrl":"https:\/\/secure.gravatar.com\/avatar\/d4fe7459cfc51ff5129ce1a732bbef5928568b8092d412ef95611616376bbeed?s=96&d=mm&r=g","caption":"f1000024"},"url":"https:\/\/cvinoticias.com\/v3\/author\/f1000024\/"}]}},"_links":{"self":[{"href":"https:\/\/cvinoticias.com\/v3\/wp-json\/wp\/v2\/posts\/11791","targetHints":{"allow":["GET"]}}],"collection":[{"href":"https:\/\/cvinoticias.com\/v3\/wp-json\/wp\/v2\/posts"}],"about":[{"href":"https:\/\/cvinoticias.com\/v3\/wp-json\/wp\/v2\/types\/post"}],"author":[{"embeddable":true,"href":"https:\/\/cvinoticias.com\/v3\/wp-json\/wp\/v2\/users\/2"}],"replies":[{"embeddable":true,"href":"https:\/\/cvinoticias.com\/v3\/wp-json\/wp\/v2\/comments?post=11791"}],"version-history":[{"count":1,"href":"https:\/\/cvinoticias.com\/v3\/wp-json\/wp\/v2\/posts\/11791\/revisions"}],"predecessor-version":[{"id":11795,"href":"https:\/\/cvinoticias.com\/v3\/wp-json\/wp\/v2\/posts\/11791\/revisions\/11795"}],"wp:featuredmedia":[{"embeddable":true,"href":"https:\/\/cvinoticias.com\/v3\/wp-json\/wp\/v2\/media\/11794"}],"wp:attachment":[{"href":"https:\/\/cvinoticias.com\/v3\/wp-json\/wp\/v2\/media?parent=11791"}],"wp:term":[{"taxonomy":"category","embeddable":true,"href":"https:\/\/cvinoticias.com\/v3\/wp-json\/wp\/v2\/categories?post=11791"},{"taxonomy":"post_tag","embeddable":true,"href":"https:\/\/cvinoticias.com\/v3\/wp-json\/wp\/v2\/tags?post=11791"}],"curies":[{"name":"wp","href":"https:\/\/api.w.org\/{rel}","templated":true}]}}