{"id":11785,"date":"2021-12-30T12:11:39","date_gmt":"2021-12-30T12:11:39","guid":{"rendered":"https:\/\/cvinoticias.com\/v3\/?p=11785"},"modified":"2021-12-30T12:11:39","modified_gmt":"2021-12-30T12:11:39","slug":"nueva-ola-de-covid-misiones-no-aplicara-restricciones-es-una-provincia-segura","status":"publish","type":"post","link":"https:\/\/cvinoticias.com\/v3\/nueva-ola-de-covid-misiones-no-aplicara-restricciones-es-una-provincia-segura\/","title":{"rendered":"Nueva ola de Covid: Misiones no aplicar\u00e1 restricciones, \u201ces una provincia segura\u201d"},"content":{"rendered":"\n<p><strong>As\u00ed lo expres\u00f3 el gobernador, Oscar Herrera Ahuad. Indic\u00f3 que las internaciones y la ocupaci\u00f3n de las camas cr\u00edticas son bajas en comparaci\u00f3n a la ola anterior.<\/strong><\/p>\n\n\n\n<p>El gobernador de la provincia, Oscar Herrera Ahuad, descart\u00f3 la posibilidad de aplicar restricciones ante la nueva ola de COVID-19 y destac\u00f3 que \u201cMisiones es una provincia segura\u201d.<\/p>\n\n\n\n<p>As\u00ed lo expres\u00f3 ayer en el marco de la videoconferencia donde se presentaron los nuevos vuelos que conectar\u00e1n a Misiones con otras provincias.<\/p>\n\n\n\n<p>\u201cDebemos seguir creciendo, desarroll\u00e1ndonos y seguir comport\u00e1ndonos como hasta el d\u00eda de hoy, como una provincia segura para el turismo. Misiones es una provincia segura\u201d, remarc\u00f3 el mandatario provincial, al tiempo que destac\u00f3 el estatus epidemiol\u00f3gico y el desarrollo de distintas actividades, \u201csiempre con los controles pertinentes para que haya la seguridad sanitaria que pregonamos todos los d\u00edas\u201d.<\/p>\n\n\n\n<p>Asimismo, dijo que el incremento del n\u00famero de casos que se da en todo el mundo \u201ctiene que ver con una cuesti\u00f3n l\u00f3gica de las pandemias, por las mutaciones virales\u201d. Plante\u00f3 tambi\u00e9n que \u201csi hacemos una comparativa con la anterior ola de COVID, que tuvimos entre febrero y junio, la totalidad de las internaciones es muy baja al igual que la ocupaci\u00f3n de las camas cr\u00edticas. Eso nos da tranquilidad, al igual que la vacunaci\u00f3n\u201d.<\/p>\n\n\n\n<p>El Gobernador se\u00f1al\u00f3 que \u201clos destinos tur\u00edsticos tambi\u00e9n asumieron con mucha responsabilidad las campa\u00f1as de vacunaci\u00f3n y los modelos de prevenci\u00f3n, el claro ejemplo es Iguaz\u00fa que tuvo m\u00e1s del 85 por ciento de ocupaci\u00f3n durante el fin de semana\u201d.<\/p>\n","protected":false},"excerpt":{"rendered":"<p>As\u00ed lo expres\u00f3 el gobernador, Oscar Herrera Ahuad. Indic\u00f3 que las internaciones y la ocupaci\u00f3n de las camas cr\u00edticas son bajas en comparaci\u00f3n a la ola anterior. El gobernador de la provincia, Oscar Herrera Ahuad, descart\u00f3 la posibilidad de aplicar restricciones ante la nueva ola de COVID-19 y destac\u00f3 que \u201cMisiones es una provincia segura\u201d. [&hellip;]<\/p>\n","protected":false},"author":2,"featured_media":11786,"comment_status":"open","ping_status":"open","sticky":false,"template":"","format":"standard","meta":{"footnotes":""},"categories":[23,22],"tags":[],"class_list":["post-11785","post","type-post","status-publish","format-standard","has-post-thumbnail","hentry","category-covid-19","category-salud"],"yoast_head":"<!-- This site is optimized with the Yoast SEO plugin v27.4 - https:\/\/yoast.com\/product\/yoast-seo-wordpress\/ -->\n<title>Nueva ola de Covid: Misiones no aplicar\u00e1 restricciones, \u201ces una provincia segura\u201d | CVI NOTICIAS<\/title>\n<meta name=\"robots\" content=\"index, follow, max-snippet:-1, max-image-preview:large, max-video-preview:-1\" \/>\n<link rel=\"canonical\" href=\"https:\/\/cvinoticias.com\/v3\/nueva-ola-de-covid-misiones-no-aplicara-restricciones-es-una-provincia-segura\/\" \/>\n<meta property=\"og:locale\" content=\"es_ES\" \/>\n<meta property=\"og:type\" content=\"article\" \/>\n<meta property=\"og:title\" content=\"Nueva ola de Covid: Misiones no aplicar\u00e1 restricciones, \u201ces una provincia segura\u201d | CVI NOTICIAS\" \/>\n<meta property=\"og:description\" content=\"As\u00ed lo expres\u00f3 el gobernador, Oscar Herrera Ahuad. Indic\u00f3 que las internaciones y la ocupaci\u00f3n de las camas cr\u00edticas son bajas en comparaci\u00f3n a la ola anterior. El gobernador de la provincia, Oscar Herrera Ahuad, descart\u00f3 la posibilidad de aplicar restricciones ante la nueva ola de COVID-19 y destac\u00f3 que \u201cMisiones es una provincia segura\u201d. [&hellip;]\" \/>\n<meta property=\"og:url\" content=\"https:\/\/cvinoticias.com\/v3\/nueva-ola-de-covid-misiones-no-aplicara-restricciones-es-una-provincia-segura\/\" \/>\n<meta property=\"og:site_name\" content=\"CVI NOTICIAS\" \/>\n<meta property=\"article:publisher\" content=\"https:\/\/www.facebook.com\/cvinoticias\" \/>\n<meta property=\"article:published_time\" content=\"2021-12-30T12:11:39+00:00\" \/>\n<meta property=\"og:image\" content=\"https:\/\/cvinoticias.com\/wp-content\/uploads\/2021\/12\/4cb61a-vacunatorios1.jpeg\" \/>\n\t<meta property=\"og:image:width\" content=\"870\" \/>\n\t<meta property=\"og:image:height\" content=\"652\" \/>\n\t<meta property=\"og:image:type\" content=\"image\/jpeg\" \/>\n<meta name=\"author\" content=\"f1000024\" \/>\n<meta name=\"twitter:card\" content=\"summary_large_image\" \/>\n<meta name=\"twitter:label1\" content=\"Escrito por\" \/>\n\t<meta name=\"twitter:data1\" content=\"f1000024\" \/>\n\t<meta name=\"twitter:label2\" content=\"Tiempo de lectura\" \/>\n\t<meta name=\"twitter:data2\" content=\"1 minuto\" \/>\n<script type=\"application\/ld+json\" class=\"yoast-schema-graph\">{\"@context\":\"https:\\\/\\\/schema.org\",\"@graph\":[{\"@type\":\"Article\",\"@id\":\"https:\\\/\\\/cvinoticias.com\\\/v3\\\/nueva-ola-de-covid-misiones-no-aplicara-restricciones-es-una-provincia-segura\\\/#article\",\"isPartOf\":{\"@id\":\"https:\\\/\\\/cvinoticias.com\\\/v3\\\/nueva-ola-de-covid-misiones-no-aplicara-restricciones-es-una-provincia-segura\\\/\"},\"author\":{\"name\":\"f1000024\",\"@id\":\"https:\\\/\\\/cvinoticias.com\\\/v3\\\/#\\\/schema\\\/person\\\/2db77e3c6bc03c538495d7b2b8be9b66\"},\"headline\":\"Nueva ola de Covid: Misiones no aplicar\u00e1 restricciones, \u201ces una provincia segura\u201d\",\"datePublished\":\"2021-12-30T12:11:39+00:00\",\"mainEntityOfPage\":{\"@id\":\"https:\\\/\\\/cvinoticias.com\\\/v3\\\/nueva-ola-de-covid-misiones-no-aplicara-restricciones-es-una-provincia-segura\\\/\"},\"wordCount\":286,\"commentCount\":0,\"publisher\":{\"@id\":\"https:\\\/\\\/cvinoticias.com\\\/v3\\\/#organization\"},\"image\":{\"@id\":\"https:\\\/\\\/cvinoticias.com\\\/v3\\\/nueva-ola-de-covid-misiones-no-aplicara-restricciones-es-una-provincia-segura\\\/#primaryimage\"},\"thumbnailUrl\":\"https:\\\/\\\/cvinoticias.com\\\/wp-content\\\/uploads\\\/2021\\\/12\\\/4cb61a-vacunatorios1.jpeg\",\"articleSection\":[\"Covid-19\",\"Salud\"],\"inLanguage\":\"es\",\"potentialAction\":[{\"@type\":\"CommentAction\",\"name\":\"Comment\",\"target\":[\"https:\\\/\\\/cvinoticias.com\\\/v3\\\/nueva-ola-de-covid-misiones-no-aplicara-restricciones-es-una-provincia-segura\\\/#respond\"]}]},{\"@type\":\"WebPage\",\"@id\":\"https:\\\/\\\/cvinoticias.com\\\/v3\\\/nueva-ola-de-covid-misiones-no-aplicara-restricciones-es-una-provincia-segura\\\/\",\"url\":\"https:\\\/\\\/cvinoticias.com\\\/v3\\\/nueva-ola-de-covid-misiones-no-aplicara-restricciones-es-una-provincia-segura\\\/\",\"name\":\"Nueva ola de Covid: Misiones no aplicar\u00e1 restricciones, \u201ces una provincia segura\u201d | CVI NOTICIAS\",\"isPartOf\":{\"@id\":\"https:\\\/\\\/cvinoticias.com\\\/v3\\\/#website\"},\"primaryImageOfPage\":{\"@id\":\"https:\\\/\\\/cvinoticias.com\\\/v3\\\/nueva-ola-de-covid-misiones-no-aplicara-restricciones-es-una-provincia-segura\\\/#primaryimage\"},\"image\":{\"@id\":\"https:\\\/\\\/cvinoticias.com\\\/v3\\\/nueva-ola-de-covid-misiones-no-aplicara-restricciones-es-una-provincia-segura\\\/#primaryimage\"},\"thumbnailUrl\":\"https:\\\/\\\/cvinoticias.com\\\/wp-content\\\/uploads\\\/2021\\\/12\\\/4cb61a-vacunatorios1.jpeg\",\"datePublished\":\"2021-12-30T12:11:39+00:00\",\"breadcrumb\":{\"@id\":\"https:\\\/\\\/cvinoticias.com\\\/v3\\\/nueva-ola-de-covid-misiones-no-aplicara-restricciones-es-una-provincia-segura\\\/#breadcrumb\"},\"inLanguage\":\"es\",\"potentialAction\":[{\"@type\":\"ReadAction\",\"target\":[\"https:\\\/\\\/cvinoticias.com\\\/v3\\\/nueva-ola-de-covid-misiones-no-aplicara-restricciones-es-una-provincia-segura\\\/\"]}]},{\"@type\":\"ImageObject\",\"inLanguage\":\"es\",\"@id\":\"https:\\\/\\\/cvinoticias.com\\\/v3\\\/nueva-ola-de-covid-misiones-no-aplicara-restricciones-es-una-provincia-segura\\\/#primaryimage\",\"url\":\"https:\\\/\\\/cvinoticias.com\\\/wp-content\\\/uploads\\\/2021\\\/12\\\/4cb61a-vacunatorios1.jpeg\",\"contentUrl\":\"https:\\\/\\\/cvinoticias.com\\\/wp-content\\\/uploads\\\/2021\\\/12\\\/4cb61a-vacunatorios1.jpeg\",\"width\":870,\"height\":652},{\"@type\":\"BreadcrumbList\",\"@id\":\"https:\\\/\\\/cvinoticias.com\\\/v3\\\/nueva-ola-de-covid-misiones-no-aplicara-restricciones-es-una-provincia-segura\\\/#breadcrumb\",\"itemListElement\":[{\"@type\":\"ListItem\",\"position\":1,\"name\":\"Portada\",\"item\":\"https:\\\/\\\/cvinoticias.com\\\/v3\\\/\"},{\"@type\":\"ListItem\",\"position\":2,\"name\":\"Nueva ola de Covid: Misiones no aplicar\u00e1 restricciones, \u201ces una provincia segura\u201d\"}]},{\"@type\":\"WebSite\",\"@id\":\"https:\\\/\\\/cvinoticias.com\\\/v3\\\/#website\",\"url\":\"https:\\\/\\\/cvinoticias.com\\\/v3\\\/\",\"name\":\"CVI NOTICIAS\",\"description\":\"\",\"publisher\":{\"@id\":\"https:\\\/\\\/cvinoticias.com\\\/v3\\\/#organization\"},\"alternateName\":\"CVI\",\"potentialAction\":[{\"@type\":\"SearchAction\",\"target\":{\"@type\":\"EntryPoint\",\"urlTemplate\":\"https:\\\/\\\/cvinoticias.com\\\/v3\\\/?s={search_term_string}\"},\"query-input\":{\"@type\":\"PropertyValueSpecification\",\"valueRequired\":true,\"valueName\":\"search_term_string\"}}],\"inLanguage\":\"es\"},{\"@type\":\"Organization\",\"@id\":\"https:\\\/\\\/cvinoticias.com\\\/v3\\\/#organization\",\"name\":\"CVI NOTICIAS\",\"url\":\"https:\\\/\\\/cvinoticias.com\\\/v3\\\/\",\"logo\":{\"@type\":\"ImageObject\",\"inLanguage\":\"es\",\"@id\":\"https:\\\/\\\/cvinoticias.com\\\/v3\\\/#\\\/schema\\\/logo\\\/image\\\/\",\"url\":\"https:\\\/\\\/cvinoticias.com\\\/wp-content\\\/uploads\\\/2023\\\/04\\\/cropped-cropped-cropped-cropped-cropped-3-1.png\",\"contentUrl\":\"https:\\\/\\\/cvinoticias.com\\\/wp-content\\\/uploads\\\/2023\\\/04\\\/cropped-cropped-cropped-cropped-cropped-3-1.png\",\"width\":95,\"height\":122,\"caption\":\"CVI NOTICIAS\"},\"image\":{\"@id\":\"https:\\\/\\\/cvinoticias.com\\\/v3\\\/#\\\/schema\\\/logo\\\/image\\\/\"},\"sameAs\":[\"https:\\\/\\\/www.facebook.com\\\/cvinoticias\",\"https:\\\/\\\/www.instagram.com\\\/cvinoticias\\\/\",\"https:\\\/\\\/www.youtube.com\\\/@CVINOTICIAS\"]},{\"@type\":\"Person\",\"@id\":\"https:\\\/\\\/cvinoticias.com\\\/v3\\\/#\\\/schema\\\/person\\\/2db77e3c6bc03c538495d7b2b8be9b66\",\"name\":\"f1000024\",\"image\":{\"@type\":\"ImageObject\",\"inLanguage\":\"es\",\"@id\":\"https:\\\/\\\/secure.gravatar.com\\\/avatar\\\/d4fe7459cfc51ff5129ce1a732bbef5928568b8092d412ef95611616376bbeed?s=96&d=mm&r=g\",\"url\":\"https:\\\/\\\/secure.gravatar.com\\\/avatar\\\/d4fe7459cfc51ff5129ce1a732bbef5928568b8092d412ef95611616376bbeed?s=96&d=mm&r=g\",\"contentUrl\":\"https:\\\/\\\/secure.gravatar.com\\\/avatar\\\/d4fe7459cfc51ff5129ce1a732bbef5928568b8092d412ef95611616376bbeed?s=96&d=mm&r=g\",\"caption\":\"f1000024\"},\"url\":\"https:\\\/\\\/cvinoticias.com\\\/v3\\\/author\\\/f1000024\\\/\"}]}<\/script>\n<!-- \/ Yoast SEO plugin. -->","yoast_head_json":{"title":"Nueva ola de Covid: Misiones no aplicar\u00e1 restricciones, \u201ces una provincia segura\u201d | CVI NOTICIAS","robots":{"index":"index","follow":"follow","max-snippet":"max-snippet:-1","max-image-preview":"max-image-preview:large","max-video-preview":"max-video-preview:-1"},"canonical":"https:\/\/cvinoticias.com\/v3\/nueva-ola-de-covid-misiones-no-aplicara-restricciones-es-una-provincia-segura\/","og_locale":"es_ES","og_type":"article","og_title":"Nueva ola de Covid: Misiones no aplicar\u00e1 restricciones, \u201ces una provincia segura\u201d | CVI NOTICIAS","og_description":"As\u00ed lo expres\u00f3 el gobernador, Oscar Herrera Ahuad. Indic\u00f3 que las internaciones y la ocupaci\u00f3n de las camas cr\u00edticas son bajas en comparaci\u00f3n a la ola anterior. El gobernador de la provincia, Oscar Herrera Ahuad, descart\u00f3 la posibilidad de aplicar restricciones ante la nueva ola de COVID-19 y destac\u00f3 que \u201cMisiones es una provincia segura\u201d. [&hellip;]","og_url":"https:\/\/cvinoticias.com\/v3\/nueva-ola-de-covid-misiones-no-aplicara-restricciones-es-una-provincia-segura\/","og_site_name":"CVI NOTICIAS","article_publisher":"https:\/\/www.facebook.com\/cvinoticias","article_published_time":"2021-12-30T12:11:39+00:00","og_image":[{"width":870,"height":652,"url":"https:\/\/cvinoticias.com\/wp-content\/uploads\/2021\/12\/4cb61a-vacunatorios1.jpeg","type":"image\/jpeg"}],"author":"f1000024","twitter_card":"summary_large_image","twitter_misc":{"Escrito por":"f1000024","Tiempo de lectura":"1 minuto"},"schema":{"@context":"https:\/\/schema.org","@graph":[{"@type":"Article","@id":"https:\/\/cvinoticias.com\/v3\/nueva-ola-de-covid-misiones-no-aplicara-restricciones-es-una-provincia-segura\/#article","isPartOf":{"@id":"https:\/\/cvinoticias.com\/v3\/nueva-ola-de-covid-misiones-no-aplicara-restricciones-es-una-provincia-segura\/"},"author":{"name":"f1000024","@id":"https:\/\/cvinoticias.com\/v3\/#\/schema\/person\/2db77e3c6bc03c538495d7b2b8be9b66"},"headline":"Nueva ola de Covid: Misiones no aplicar\u00e1 restricciones, \u201ces una provincia segura\u201d","datePublished":"2021-12-30T12:11:39+00:00","mainEntityOfPage":{"@id":"https:\/\/cvinoticias.com\/v3\/nueva-ola-de-covid-misiones-no-aplicara-restricciones-es-una-provincia-segura\/"},"wordCount":286,"commentCount":0,"publisher":{"@id":"https:\/\/cvinoticias.com\/v3\/#organization"},"image":{"@id":"https:\/\/cvinoticias.com\/v3\/nueva-ola-de-covid-misiones-no-aplicara-restricciones-es-una-provincia-segura\/#primaryimage"},"thumbnailUrl":"https:\/\/cvinoticias.com\/wp-content\/uploads\/2021\/12\/4cb61a-vacunatorios1.jpeg","articleSection":["Covid-19","Salud"],"inLanguage":"es","potentialAction":[{"@type":"CommentAction","name":"Comment","target":["https:\/\/cvinoticias.com\/v3\/nueva-ola-de-covid-misiones-no-aplicara-restricciones-es-una-provincia-segura\/#respond"]}]},{"@type":"WebPage","@id":"https:\/\/cvinoticias.com\/v3\/nueva-ola-de-covid-misiones-no-aplicara-restricciones-es-una-provincia-segura\/","url":"https:\/\/cvinoticias.com\/v3\/nueva-ola-de-covid-misiones-no-aplicara-restricciones-es-una-provincia-segura\/","name":"Nueva ola de Covid: Misiones no aplicar\u00e1 restricciones, \u201ces una provincia segura\u201d | CVI NOTICIAS","isPartOf":{"@id":"https:\/\/cvinoticias.com\/v3\/#website"},"primaryImageOfPage":{"@id":"https:\/\/cvinoticias.com\/v3\/nueva-ola-de-covid-misiones-no-aplicara-restricciones-es-una-provincia-segura\/#primaryimage"},"image":{"@id":"https:\/\/cvinoticias.com\/v3\/nueva-ola-de-covid-misiones-no-aplicara-restricciones-es-una-provincia-segura\/#primaryimage"},"thumbnailUrl":"https:\/\/cvinoticias.com\/wp-content\/uploads\/2021\/12\/4cb61a-vacunatorios1.jpeg","datePublished":"2021-12-30T12:11:39+00:00","breadcrumb":{"@id":"https:\/\/cvinoticias.com\/v3\/nueva-ola-de-covid-misiones-no-aplicara-restricciones-es-una-provincia-segura\/#breadcrumb"},"inLanguage":"es","potentialAction":[{"@type":"ReadAction","target":["https:\/\/cvinoticias.com\/v3\/nueva-ola-de-covid-misiones-no-aplicara-restricciones-es-una-provincia-segura\/"]}]},{"@type":"ImageObject","inLanguage":"es","@id":"https:\/\/cvinoticias.com\/v3\/nueva-ola-de-covid-misiones-no-aplicara-restricciones-es-una-provincia-segura\/#primaryimage","url":"https:\/\/cvinoticias.com\/wp-content\/uploads\/2021\/12\/4cb61a-vacunatorios1.jpeg","contentUrl":"https:\/\/cvinoticias.com\/wp-content\/uploads\/2021\/12\/4cb61a-vacunatorios1.jpeg","width":870,"height":652},{"@type":"BreadcrumbList","@id":"https:\/\/cvinoticias.com\/v3\/nueva-ola-de-covid-misiones-no-aplicara-restricciones-es-una-provincia-segura\/#breadcrumb","itemListElement":[{"@type":"ListItem","position":1,"name":"Portada","item":"https:\/\/cvinoticias.com\/v3\/"},{"@type":"ListItem","position":2,"name":"Nueva ola de Covid: Misiones no aplicar\u00e1 restricciones, \u201ces una provincia segura\u201d"}]},{"@type":"WebSite","@id":"https:\/\/cvinoticias.com\/v3\/#website","url":"https:\/\/cvinoticias.com\/v3\/","name":"CVI NOTICIAS","description":"","publisher":{"@id":"https:\/\/cvinoticias.com\/v3\/#organization"},"alternateName":"CVI","potentialAction":[{"@type":"SearchAction","target":{"@type":"EntryPoint","urlTemplate":"https:\/\/cvinoticias.com\/v3\/?s={search_term_string}"},"query-input":{"@type":"PropertyValueSpecification","valueRequired":true,"valueName":"search_term_string"}}],"inLanguage":"es"},{"@type":"Organization","@id":"https:\/\/cvinoticias.com\/v3\/#organization","name":"CVI NOTICIAS","url":"https:\/\/cvinoticias.com\/v3\/","logo":{"@type":"ImageObject","inLanguage":"es","@id":"https:\/\/cvinoticias.com\/v3\/#\/schema\/logo\/image\/","url":"https:\/\/cvinoticias.com\/wp-content\/uploads\/2023\/04\/cropped-cropped-cropped-cropped-cropped-3-1.png","contentUrl":"https:\/\/cvinoticias.com\/wp-content\/uploads\/2023\/04\/cropped-cropped-cropped-cropped-cropped-3-1.png","width":95,"height":122,"caption":"CVI NOTICIAS"},"image":{"@id":"https:\/\/cvinoticias.com\/v3\/#\/schema\/logo\/image\/"},"sameAs":["https:\/\/www.facebook.com\/cvinoticias","https:\/\/www.instagram.com\/cvinoticias\/","https:\/\/www.youtube.com\/@CVINOTICIAS"]},{"@type":"Person","@id":"https:\/\/cvinoticias.com\/v3\/#\/schema\/person\/2db77e3c6bc03c538495d7b2b8be9b66","name":"f1000024","image":{"@type":"ImageObject","inLanguage":"es","@id":"https:\/\/secure.gravatar.com\/avatar\/d4fe7459cfc51ff5129ce1a732bbef5928568b8092d412ef95611616376bbeed?s=96&d=mm&r=g","url":"https:\/\/secure.gravatar.com\/avatar\/d4fe7459cfc51ff5129ce1a732bbef5928568b8092d412ef95611616376bbeed?s=96&d=mm&r=g","contentUrl":"https:\/\/secure.gravatar.com\/avatar\/d4fe7459cfc51ff5129ce1a732bbef5928568b8092d412ef95611616376bbeed?s=96&d=mm&r=g","caption":"f1000024"},"url":"https:\/\/cvinoticias.com\/v3\/author\/f1000024\/"}]}},"_links":{"self":[{"href":"https:\/\/cvinoticias.com\/v3\/wp-json\/wp\/v2\/posts\/11785","targetHints":{"allow":["GET"]}}],"collection":[{"href":"https:\/\/cvinoticias.com\/v3\/wp-json\/wp\/v2\/posts"}],"about":[{"href":"https:\/\/cvinoticias.com\/v3\/wp-json\/wp\/v2\/types\/post"}],"author":[{"embeddable":true,"href":"https:\/\/cvinoticias.com\/v3\/wp-json\/wp\/v2\/users\/2"}],"replies":[{"embeddable":true,"href":"https:\/\/cvinoticias.com\/v3\/wp-json\/wp\/v2\/comments?post=11785"}],"version-history":[{"count":1,"href":"https:\/\/cvinoticias.com\/v3\/wp-json\/wp\/v2\/posts\/11785\/revisions"}],"predecessor-version":[{"id":11787,"href":"https:\/\/cvinoticias.com\/v3\/wp-json\/wp\/v2\/posts\/11785\/revisions\/11787"}],"wp:featuredmedia":[{"embeddable":true,"href":"https:\/\/cvinoticias.com\/v3\/wp-json\/wp\/v2\/media\/11786"}],"wp:attachment":[{"href":"https:\/\/cvinoticias.com\/v3\/wp-json\/wp\/v2\/media?parent=11785"}],"wp:term":[{"taxonomy":"category","embeddable":true,"href":"https:\/\/cvinoticias.com\/v3\/wp-json\/wp\/v2\/categories?post=11785"},{"taxonomy":"post_tag","embeddable":true,"href":"https:\/\/cvinoticias.com\/v3\/wp-json\/wp\/v2\/tags?post=11785"}],"curies":[{"name":"wp","href":"https:\/\/api.w.org\/{rel}","templated":true}]}}