{"id":11780,"date":"2021-12-30T05:23:59","date_gmt":"2021-12-30T05:23:59","guid":{"rendered":"https:\/\/cvinoticias.com\/v3\/?p=11780"},"modified":"2021-12-30T05:23:59","modified_gmt":"2021-12-30T05:23:59","slug":"se-presentaron-las-nuevas-rutas-aereas-para-misioneros","status":"publish","type":"post","link":"https:\/\/cvinoticias.com\/v3\/se-presentaron-las-nuevas-rutas-aereas-para-misioneros\/","title":{"rendered":"Se presentaron las nuevas rutas a\u00e9reas para Misioneros"},"content":{"rendered":"\n<p><strong><em>El gobernador Oscar Herrera Ahuad present\u00f3 hoy las nuevas rutas a\u00e9reas de Aerol\u00edneas Argentinas que benefician a Misiones conectando a Posadas con 14 ciudades y a Puerto Iguaz\u00fa con 23. A la presentaci\u00f3n asisti\u00f3 el ministro de la cartera de Turismo y Deporte de Naci\u00f3n.<\/em><\/strong><\/p>\n\n\n\n<p>Esta tarde, se presentaron las nuevas rutas a\u00e9reas que ofrecer\u00e1 Aerol\u00edneas Argentinas de forma progresiva entre enero y abril del 2022. As\u00ed, el gobernador Oscar Herrera Ahuad junto al ministro de Turismo y de Deporte de Naci\u00f3n, Mat\u00edas Lammens, participaron en la presentaci\u00f3n de estas nuevas conexiones que beneficiar\u00e1n al turismo conectando a Posadas con 14 ciudades argentinas y a Puerto Iguaz\u00fa con 23.<\/p>\n\n\n\n<p>El mandatario asegur\u00f3 que no solo es un gran d\u00eda en materia de conexiones y servicios, sino una fecha en la que se dio un paso fundamental que permitir\u00e1 \u201cseguir consolidando las pol\u00edticas p\u00fablicas\u201d. Remarc\u00f3 adem\u00e1s que las frecuencias presentadas son producto del esfuerzo de una gesti\u00f3n de un a\u00f1o y medio. Asimismo, destac\u00f3 que pocas veces \u201cse dio el caso que tantas rutas se abran en la Argentina, que los aviones vayan directo a otros destinos y que la provincia de Misiones deje de pasar por la Capital Federal\u201d.<\/p>\n\n\n\n<p>Adem\u00e1s, enfatiz\u00f3 que este tiempo ha sido un momento de oportunidades en el que Misiones se convirti\u00f3 en uno de los destinos m\u00e1s elegidos del programa Previaje. En ese aspecto, el mandatario valor\u00f3 el alcance del programa.<\/p>\n\n\n\n<p>Por otro lado, inform\u00f3 que el aeropuerto de la ciudad de Posadas va a tener una inversi\u00f3n muy importante en su estaci\u00f3n a\u00e9rea y en su pista para ponerse a la altura de los otros aeropuertos de la Argentina, \u201cno tengo dudas que con estas obras complementarias de infraestructura nos va permitir solicitar m\u00e1s vuelos\u201d.<\/p>\n\n\n\n<figure class=\"wp-block-image size-large\"><a href=\"https:\/\/cvinoticias.com\/wp-content\/uploads\/2021\/12\/FB_IMG_1640841544952.jpg\"><img decoding=\"async\" width=\"1024\" height=\"683\" data-src=\"https:\/\/cvinoticias.com\/wp-content\/uploads\/2021\/12\/FB_IMG_1640841544952-1024x683.jpg\" alt=\"\" class=\"wp-image-11781 lazyload\" data-srcset=\"https:\/\/cvinoticias.com\/wp-content\/uploads\/2021\/12\/FB_IMG_1640841544952-1024x683.jpg 1024w, https:\/\/cvinoticias.com\/wp-content\/uploads\/2021\/12\/FB_IMG_1640841544952-300x200.jpg 300w, https:\/\/cvinoticias.com\/wp-content\/uploads\/2021\/12\/FB_IMG_1640841544952-768x512.jpg 768w, https:\/\/cvinoticias.com\/wp-content\/uploads\/2021\/12\/FB_IMG_1640841544952.jpg 1080w\" data-sizes=\"(max-width: 1024px) 100vw, 1024px\" src=\"data:image\/svg+xml;base64,PHN2ZyB3aWR0aD0iMSIgaGVpZ2h0PSIxIiB4bWxucz0iaHR0cDovL3d3dy53My5vcmcvMjAwMC9zdmciPjwvc3ZnPg==\" style=\"--smush-placeholder-width: 1024px; --smush-placeholder-aspect-ratio: 1024\/683;\" \/><\/a><\/figure>\n\n\n\n<p>En ese sentido, sostuvo que las 14 ciudades que van a estar conectadas con Posadas abren una expectativa muy importante en el desarrollo de las \u00e1reas productivas empresariales de la capital provincial. Tambi\u00e9n da la oportunidad para que la urbe siga posicion\u00e1ndose como una ciudad de los grandes eventos a nivel nacional e internacional. Por \u00faltimo, expres\u00f3 su agradecimiento a todos los actores involucrados en la puesta en marcha de la totalidad de la propuesta a\u00e9rea.<\/p>\n\n\n\n<p>El ministro de Turismo, Jos\u00e9 Mar\u00eda Arr\u00faa; el Presidente de Aerol\u00edneas Argentinas, Pablo Ceriani y el intendente de Posadas, Leonardo Stelatto, coincidieron que la medida traer\u00e1 un gran desarrollo tur\u00edstico y de negocios a la regi\u00f3n. Adem\u00e1s, en la conferencia estuvieron presentes el ministro Coordinador de Gabinete, Ricardo Wellbach; inclusive acompa\u00f1aron de forma online funcionarios, miembros de las c\u00e1maras de turismo de la provincia de Misiones y empresarios del sector.<\/p>\n\n\n\n<p>Las nuevas rutas<\/p>\n\n\n\n<p>Esta iniciativa tuvo en cuenta la alta demanda de reservas hoteleras y de vuelos que se registraron en la provincia de Misiones. Al respecto de la conexi\u00f3n de oferta troncal entre Posadas y Buenos Aires se duplica con un aumento progresivo de las l\u00edneas, ya que se pasa de 9 vuelos semanales en diciembre 2021 y enero 2022 a un total de 18 vuelos semanales para el pr\u00f3ximo abril. Tambi\u00e9n se relanz\u00f3 la ruta C\u00f3rdoba-Posadas que para mayo tendr\u00e1 4 vuelos semanales.<\/p>\n\n\n\n<p>Mientras que las 14 ciudades conectadas con Posadas v\u00eda a\u00e9rea ser\u00e1n Bah\u00eda Blanca, San Carlos de Bariloche, Chapelco, Comodoro Rivadavia, C\u00f3rdoba, Formosa, Puerto Iguaz\u00fa, Mar Del Plata, Resistencia, Rio Grande, Salta, San Rafael, Santiago del Estero y Tucum\u00e1n.<\/p>\n\n\n\n<p>En cambio la oferta Troncal de Puerto Iguaz\u00fa y Buenos Aires, junto con variadas propuestas de intertramos dom\u00e9sticos, espera llegar entre enero y marzo a 23 vuelos semanales con un seguimiento constante evoluci\u00f3n de la demanda. Mientras que en abril y julio aumenta progresivamente llegando a 42 vuelos semanales De misma manera, Puerto Iguaz\u00fa contar\u00e1 con conexiones desde enero con Bah\u00eda Blanca; San Carlos de Bariloche; Calafate: Chapelco; Comodoro Rivadavia; C\u00f3rdoba; Esquel; Jujuy; La Rioja; Mar del Plata; Mendoza; Neuqu\u00e9n; Posadas; Resistencia; Rio Gallegos; Rio Grande; Rosario; Salta; San Juan; San Luis. San Rafael; Tucum\u00e1n; Ushuaia.<\/p>\n\n\n\n<figure class=\"wp-block-image size-large\"><a href=\"https:\/\/cvinoticias.com\/wp-content\/uploads\/2021\/12\/FB_IMG_1640841551730.jpg\"><img decoding=\"async\" width=\"1024\" height=\"683\" data-src=\"https:\/\/cvinoticias.com\/wp-content\/uploads\/2021\/12\/FB_IMG_1640841551730-1024x683.jpg\" alt=\"\" class=\"wp-image-11782 lazyload\" data-srcset=\"https:\/\/cvinoticias.com\/wp-content\/uploads\/2021\/12\/FB_IMG_1640841551730-1024x683.jpg 1024w, https:\/\/cvinoticias.com\/wp-content\/uploads\/2021\/12\/FB_IMG_1640841551730-300x200.jpg 300w, https:\/\/cvinoticias.com\/wp-content\/uploads\/2021\/12\/FB_IMG_1640841551730-768x512.jpg 768w, https:\/\/cvinoticias.com\/wp-content\/uploads\/2021\/12\/FB_IMG_1640841551730.jpg 1080w\" data-sizes=\"(max-width: 1024px) 100vw, 1024px\" src=\"data:image\/svg+xml;base64,PHN2ZyB3aWR0aD0iMSIgaGVpZ2h0PSIxIiB4bWxucz0iaHR0cDovL3d3dy53My5vcmcvMjAwMC9zdmciPjwvc3ZnPg==\" style=\"--smush-placeholder-width: 1024px; --smush-placeholder-aspect-ratio: 1024\/683;\" \/><\/a><\/figure>\n","protected":false},"excerpt":{"rendered":"<p>El gobernador Oscar Herrera Ahuad present\u00f3 hoy las nuevas rutas a\u00e9reas de Aerol\u00edneas Argentinas que benefician a Misiones conectando a Posadas con 14 ciudades y a Puerto Iguaz\u00fa con 23. A la presentaci\u00f3n asisti\u00f3 el ministro de la cartera de Turismo y Deporte de Naci\u00f3n. Esta tarde, se presentaron las nuevas rutas a\u00e9reas que ofrecer\u00e1 [&hellip;]<\/p>\n","protected":false},"author":2,"featured_media":11783,"comment_status":"open","ping_status":"open","sticky":false,"template":"","format":"standard","meta":{"footnotes":""},"categories":[98],"tags":[],"class_list":["post-11780","post","type-post","status-publish","format-standard","has-post-thumbnail","hentry","category-conectividad"],"yoast_head":"<!-- This site is optimized with the Yoast SEO plugin v27.5 - https:\/\/yoast.com\/product\/yoast-seo-wordpress\/ -->\n<title>Se presentaron las nuevas rutas a\u00e9reas para Misioneros | CVI NOTICIAS<\/title>\n<meta name=\"robots\" content=\"index, follow, max-snippet:-1, max-image-preview:large, max-video-preview:-1\" \/>\n<link rel=\"canonical\" href=\"https:\/\/cvinoticias.com\/v3\/se-presentaron-las-nuevas-rutas-aereas-para-misioneros\/\" \/>\n<meta property=\"og:locale\" content=\"es_ES\" \/>\n<meta property=\"og:type\" content=\"article\" \/>\n<meta property=\"og:title\" content=\"Se presentaron las nuevas rutas a\u00e9reas para Misioneros | CVI NOTICIAS\" \/>\n<meta property=\"og:description\" content=\"El gobernador Oscar Herrera Ahuad present\u00f3 hoy las nuevas rutas a\u00e9reas de Aerol\u00edneas Argentinas que benefician a Misiones conectando a Posadas con 14 ciudades y a Puerto Iguaz\u00fa con 23. A la presentaci\u00f3n asisti\u00f3 el ministro de la cartera de Turismo y Deporte de Naci\u00f3n. Esta tarde, se presentaron las nuevas rutas a\u00e9reas que ofrecer\u00e1 [&hellip;]\" \/>\n<meta property=\"og:url\" content=\"https:\/\/cvinoticias.com\/v3\/se-presentaron-las-nuevas-rutas-aereas-para-misioneros\/\" \/>\n<meta property=\"og:site_name\" content=\"CVI NOTICIAS\" \/>\n<meta property=\"article:publisher\" content=\"https:\/\/www.facebook.com\/cvinoticias\" \/>\n<meta property=\"article:published_time\" content=\"2021-12-30T05:23:59+00:00\" \/>\n<meta property=\"og:image\" content=\"https:\/\/cvinoticias.com\/wp-content\/uploads\/2021\/12\/FB_IMG_1640841528758.jpg\" \/>\n\t<meta property=\"og:image:width\" content=\"960\" \/>\n\t<meta property=\"og:image:height\" content=\"640\" \/>\n\t<meta property=\"og:image:type\" content=\"image\/jpeg\" \/>\n<meta name=\"author\" content=\"f1000024\" \/>\n<meta name=\"twitter:card\" content=\"summary_large_image\" \/>\n<meta name=\"twitter:label1\" content=\"Escrito por\" \/>\n\t<meta name=\"twitter:data1\" content=\"f1000024\" \/>\n\t<meta name=\"twitter:label2\" content=\"Tiempo de lectura\" \/>\n\t<meta name=\"twitter:data2\" content=\"3 minutos\" \/>\n<script type=\"application\/ld+json\" class=\"yoast-schema-graph\">{\"@context\":\"https:\\\/\\\/schema.org\",\"@graph\":[{\"@type\":\"Article\",\"@id\":\"https:\\\/\\\/cvinoticias.com\\\/v3\\\/se-presentaron-las-nuevas-rutas-aereas-para-misioneros\\\/#article\",\"isPartOf\":{\"@id\":\"https:\\\/\\\/cvinoticias.com\\\/v3\\\/se-presentaron-las-nuevas-rutas-aereas-para-misioneros\\\/\"},\"author\":{\"name\":\"f1000024\",\"@id\":\"https:\\\/\\\/cvinoticias.com\\\/v3\\\/#\\\/schema\\\/person\\\/2db77e3c6bc03c538495d7b2b8be9b66\"},\"headline\":\"Se presentaron las nuevas rutas a\u00e9reas para Misioneros\",\"datePublished\":\"2021-12-30T05:23:59+00:00\",\"mainEntityOfPage\":{\"@id\":\"https:\\\/\\\/cvinoticias.com\\\/v3\\\/se-presentaron-las-nuevas-rutas-aereas-para-misioneros\\\/\"},\"wordCount\":701,\"commentCount\":0,\"publisher\":{\"@id\":\"https:\\\/\\\/cvinoticias.com\\\/v3\\\/#organization\"},\"image\":{\"@id\":\"https:\\\/\\\/cvinoticias.com\\\/v3\\\/se-presentaron-las-nuevas-rutas-aereas-para-misioneros\\\/#primaryimage\"},\"thumbnailUrl\":\"https:\\\/\\\/cvinoticias.com\\\/wp-content\\\/uploads\\\/2021\\\/12\\\/FB_IMG_1640841528758.jpg\",\"articleSection\":[\"Conectividad\"],\"inLanguage\":\"es\",\"potentialAction\":[{\"@type\":\"CommentAction\",\"name\":\"Comment\",\"target\":[\"https:\\\/\\\/cvinoticias.com\\\/v3\\\/se-presentaron-las-nuevas-rutas-aereas-para-misioneros\\\/#respond\"]}]},{\"@type\":\"WebPage\",\"@id\":\"https:\\\/\\\/cvinoticias.com\\\/v3\\\/se-presentaron-las-nuevas-rutas-aereas-para-misioneros\\\/\",\"url\":\"https:\\\/\\\/cvinoticias.com\\\/v3\\\/se-presentaron-las-nuevas-rutas-aereas-para-misioneros\\\/\",\"name\":\"Se presentaron las nuevas rutas a\u00e9reas para Misioneros | CVI NOTICIAS\",\"isPartOf\":{\"@id\":\"https:\\\/\\\/cvinoticias.com\\\/v3\\\/#website\"},\"primaryImageOfPage\":{\"@id\":\"https:\\\/\\\/cvinoticias.com\\\/v3\\\/se-presentaron-las-nuevas-rutas-aereas-para-misioneros\\\/#primaryimage\"},\"image\":{\"@id\":\"https:\\\/\\\/cvinoticias.com\\\/v3\\\/se-presentaron-las-nuevas-rutas-aereas-para-misioneros\\\/#primaryimage\"},\"thumbnailUrl\":\"https:\\\/\\\/cvinoticias.com\\\/wp-content\\\/uploads\\\/2021\\\/12\\\/FB_IMG_1640841528758.jpg\",\"datePublished\":\"2021-12-30T05:23:59+00:00\",\"breadcrumb\":{\"@id\":\"https:\\\/\\\/cvinoticias.com\\\/v3\\\/se-presentaron-las-nuevas-rutas-aereas-para-misioneros\\\/#breadcrumb\"},\"inLanguage\":\"es\",\"potentialAction\":[{\"@type\":\"ReadAction\",\"target\":[\"https:\\\/\\\/cvinoticias.com\\\/v3\\\/se-presentaron-las-nuevas-rutas-aereas-para-misioneros\\\/\"]}]},{\"@type\":\"ImageObject\",\"inLanguage\":\"es\",\"@id\":\"https:\\\/\\\/cvinoticias.com\\\/v3\\\/se-presentaron-las-nuevas-rutas-aereas-para-misioneros\\\/#primaryimage\",\"url\":\"https:\\\/\\\/cvinoticias.com\\\/wp-content\\\/uploads\\\/2021\\\/12\\\/FB_IMG_1640841528758.jpg\",\"contentUrl\":\"https:\\\/\\\/cvinoticias.com\\\/wp-content\\\/uploads\\\/2021\\\/12\\\/FB_IMG_1640841528758.jpg\",\"width\":960,\"height\":640},{\"@type\":\"BreadcrumbList\",\"@id\":\"https:\\\/\\\/cvinoticias.com\\\/v3\\\/se-presentaron-las-nuevas-rutas-aereas-para-misioneros\\\/#breadcrumb\",\"itemListElement\":[{\"@type\":\"ListItem\",\"position\":1,\"name\":\"Portada\",\"item\":\"https:\\\/\\\/cvinoticias.com\\\/v3\\\/\"},{\"@type\":\"ListItem\",\"position\":2,\"name\":\"Se presentaron las nuevas rutas a\u00e9reas para Misioneros\"}]},{\"@type\":\"WebSite\",\"@id\":\"https:\\\/\\\/cvinoticias.com\\\/v3\\\/#website\",\"url\":\"https:\\\/\\\/cvinoticias.com\\\/v3\\\/\",\"name\":\"CVI NOTICIAS\",\"description\":\"\",\"publisher\":{\"@id\":\"https:\\\/\\\/cvinoticias.com\\\/v3\\\/#organization\"},\"alternateName\":\"CVI\",\"potentialAction\":[{\"@type\":\"SearchAction\",\"target\":{\"@type\":\"EntryPoint\",\"urlTemplate\":\"https:\\\/\\\/cvinoticias.com\\\/v3\\\/?s={search_term_string}\"},\"query-input\":{\"@type\":\"PropertyValueSpecification\",\"valueRequired\":true,\"valueName\":\"search_term_string\"}}],\"inLanguage\":\"es\"},{\"@type\":\"Organization\",\"@id\":\"https:\\\/\\\/cvinoticias.com\\\/v3\\\/#organization\",\"name\":\"CVI NOTICIAS\",\"url\":\"https:\\\/\\\/cvinoticias.com\\\/v3\\\/\",\"logo\":{\"@type\":\"ImageObject\",\"inLanguage\":\"es\",\"@id\":\"https:\\\/\\\/cvinoticias.com\\\/v3\\\/#\\\/schema\\\/logo\\\/image\\\/\",\"url\":\"https:\\\/\\\/cvinoticias.com\\\/wp-content\\\/uploads\\\/2023\\\/04\\\/cropped-cropped-cropped-cropped-cropped-3-1.png\",\"contentUrl\":\"https:\\\/\\\/cvinoticias.com\\\/wp-content\\\/uploads\\\/2023\\\/04\\\/cropped-cropped-cropped-cropped-cropped-3-1.png\",\"width\":95,\"height\":122,\"caption\":\"CVI NOTICIAS\"},\"image\":{\"@id\":\"https:\\\/\\\/cvinoticias.com\\\/v3\\\/#\\\/schema\\\/logo\\\/image\\\/\"},\"sameAs\":[\"https:\\\/\\\/www.facebook.com\\\/cvinoticias\",\"https:\\\/\\\/www.instagram.com\\\/cvinoticias\\\/\",\"https:\\\/\\\/www.youtube.com\\\/@CVINOTICIAS\"]},{\"@type\":\"Person\",\"@id\":\"https:\\\/\\\/cvinoticias.com\\\/v3\\\/#\\\/schema\\\/person\\\/2db77e3c6bc03c538495d7b2b8be9b66\",\"name\":\"f1000024\",\"image\":{\"@type\":\"ImageObject\",\"inLanguage\":\"es\",\"@id\":\"https:\\\/\\\/secure.gravatar.com\\\/avatar\\\/d4fe7459cfc51ff5129ce1a732bbef5928568b8092d412ef95611616376bbeed?s=96&d=mm&r=g\",\"url\":\"https:\\\/\\\/secure.gravatar.com\\\/avatar\\\/d4fe7459cfc51ff5129ce1a732bbef5928568b8092d412ef95611616376bbeed?s=96&d=mm&r=g\",\"contentUrl\":\"https:\\\/\\\/secure.gravatar.com\\\/avatar\\\/d4fe7459cfc51ff5129ce1a732bbef5928568b8092d412ef95611616376bbeed?s=96&d=mm&r=g\",\"caption\":\"f1000024\"},\"url\":\"https:\\\/\\\/cvinoticias.com\\\/v3\\\/author\\\/f1000024\\\/\"}]}<\/script>\n<!-- \/ Yoast SEO plugin. -->","yoast_head_json":{"title":"Se presentaron las nuevas rutas a\u00e9reas para Misioneros | CVI NOTICIAS","robots":{"index":"index","follow":"follow","max-snippet":"max-snippet:-1","max-image-preview":"max-image-preview:large","max-video-preview":"max-video-preview:-1"},"canonical":"https:\/\/cvinoticias.com\/v3\/se-presentaron-las-nuevas-rutas-aereas-para-misioneros\/","og_locale":"es_ES","og_type":"article","og_title":"Se presentaron las nuevas rutas a\u00e9reas para Misioneros | CVI NOTICIAS","og_description":"El gobernador Oscar Herrera Ahuad present\u00f3 hoy las nuevas rutas a\u00e9reas de Aerol\u00edneas Argentinas que benefician a Misiones conectando a Posadas con 14 ciudades y a Puerto Iguaz\u00fa con 23. A la presentaci\u00f3n asisti\u00f3 el ministro de la cartera de Turismo y Deporte de Naci\u00f3n. Esta tarde, se presentaron las nuevas rutas a\u00e9reas que ofrecer\u00e1 [&hellip;]","og_url":"https:\/\/cvinoticias.com\/v3\/se-presentaron-las-nuevas-rutas-aereas-para-misioneros\/","og_site_name":"CVI NOTICIAS","article_publisher":"https:\/\/www.facebook.com\/cvinoticias","article_published_time":"2021-12-30T05:23:59+00:00","og_image":[{"width":960,"height":640,"url":"https:\/\/cvinoticias.com\/wp-content\/uploads\/2021\/12\/FB_IMG_1640841528758.jpg","type":"image\/jpeg"}],"author":"f1000024","twitter_card":"summary_large_image","twitter_misc":{"Escrito por":"f1000024","Tiempo de lectura":"3 minutos"},"schema":{"@context":"https:\/\/schema.org","@graph":[{"@type":"Article","@id":"https:\/\/cvinoticias.com\/v3\/se-presentaron-las-nuevas-rutas-aereas-para-misioneros\/#article","isPartOf":{"@id":"https:\/\/cvinoticias.com\/v3\/se-presentaron-las-nuevas-rutas-aereas-para-misioneros\/"},"author":{"name":"f1000024","@id":"https:\/\/cvinoticias.com\/v3\/#\/schema\/person\/2db77e3c6bc03c538495d7b2b8be9b66"},"headline":"Se presentaron las nuevas rutas a\u00e9reas para Misioneros","datePublished":"2021-12-30T05:23:59+00:00","mainEntityOfPage":{"@id":"https:\/\/cvinoticias.com\/v3\/se-presentaron-las-nuevas-rutas-aereas-para-misioneros\/"},"wordCount":701,"commentCount":0,"publisher":{"@id":"https:\/\/cvinoticias.com\/v3\/#organization"},"image":{"@id":"https:\/\/cvinoticias.com\/v3\/se-presentaron-las-nuevas-rutas-aereas-para-misioneros\/#primaryimage"},"thumbnailUrl":"https:\/\/cvinoticias.com\/wp-content\/uploads\/2021\/12\/FB_IMG_1640841528758.jpg","articleSection":["Conectividad"],"inLanguage":"es","potentialAction":[{"@type":"CommentAction","name":"Comment","target":["https:\/\/cvinoticias.com\/v3\/se-presentaron-las-nuevas-rutas-aereas-para-misioneros\/#respond"]}]},{"@type":"WebPage","@id":"https:\/\/cvinoticias.com\/v3\/se-presentaron-las-nuevas-rutas-aereas-para-misioneros\/","url":"https:\/\/cvinoticias.com\/v3\/se-presentaron-las-nuevas-rutas-aereas-para-misioneros\/","name":"Se presentaron las nuevas rutas a\u00e9reas para Misioneros | CVI NOTICIAS","isPartOf":{"@id":"https:\/\/cvinoticias.com\/v3\/#website"},"primaryImageOfPage":{"@id":"https:\/\/cvinoticias.com\/v3\/se-presentaron-las-nuevas-rutas-aereas-para-misioneros\/#primaryimage"},"image":{"@id":"https:\/\/cvinoticias.com\/v3\/se-presentaron-las-nuevas-rutas-aereas-para-misioneros\/#primaryimage"},"thumbnailUrl":"https:\/\/cvinoticias.com\/wp-content\/uploads\/2021\/12\/FB_IMG_1640841528758.jpg","datePublished":"2021-12-30T05:23:59+00:00","breadcrumb":{"@id":"https:\/\/cvinoticias.com\/v3\/se-presentaron-las-nuevas-rutas-aereas-para-misioneros\/#breadcrumb"},"inLanguage":"es","potentialAction":[{"@type":"ReadAction","target":["https:\/\/cvinoticias.com\/v3\/se-presentaron-las-nuevas-rutas-aereas-para-misioneros\/"]}]},{"@type":"ImageObject","inLanguage":"es","@id":"https:\/\/cvinoticias.com\/v3\/se-presentaron-las-nuevas-rutas-aereas-para-misioneros\/#primaryimage","url":"https:\/\/cvinoticias.com\/wp-content\/uploads\/2021\/12\/FB_IMG_1640841528758.jpg","contentUrl":"https:\/\/cvinoticias.com\/wp-content\/uploads\/2021\/12\/FB_IMG_1640841528758.jpg","width":960,"height":640},{"@type":"BreadcrumbList","@id":"https:\/\/cvinoticias.com\/v3\/se-presentaron-las-nuevas-rutas-aereas-para-misioneros\/#breadcrumb","itemListElement":[{"@type":"ListItem","position":1,"name":"Portada","item":"https:\/\/cvinoticias.com\/v3\/"},{"@type":"ListItem","position":2,"name":"Se presentaron las nuevas rutas a\u00e9reas para Misioneros"}]},{"@type":"WebSite","@id":"https:\/\/cvinoticias.com\/v3\/#website","url":"https:\/\/cvinoticias.com\/v3\/","name":"CVI NOTICIAS","description":"","publisher":{"@id":"https:\/\/cvinoticias.com\/v3\/#organization"},"alternateName":"CVI","potentialAction":[{"@type":"SearchAction","target":{"@type":"EntryPoint","urlTemplate":"https:\/\/cvinoticias.com\/v3\/?s={search_term_string}"},"query-input":{"@type":"PropertyValueSpecification","valueRequired":true,"valueName":"search_term_string"}}],"inLanguage":"es"},{"@type":"Organization","@id":"https:\/\/cvinoticias.com\/v3\/#organization","name":"CVI NOTICIAS","url":"https:\/\/cvinoticias.com\/v3\/","logo":{"@type":"ImageObject","inLanguage":"es","@id":"https:\/\/cvinoticias.com\/v3\/#\/schema\/logo\/image\/","url":"https:\/\/cvinoticias.com\/wp-content\/uploads\/2023\/04\/cropped-cropped-cropped-cropped-cropped-3-1.png","contentUrl":"https:\/\/cvinoticias.com\/wp-content\/uploads\/2023\/04\/cropped-cropped-cropped-cropped-cropped-3-1.png","width":95,"height":122,"caption":"CVI NOTICIAS"},"image":{"@id":"https:\/\/cvinoticias.com\/v3\/#\/schema\/logo\/image\/"},"sameAs":["https:\/\/www.facebook.com\/cvinoticias","https:\/\/www.instagram.com\/cvinoticias\/","https:\/\/www.youtube.com\/@CVINOTICIAS"]},{"@type":"Person","@id":"https:\/\/cvinoticias.com\/v3\/#\/schema\/person\/2db77e3c6bc03c538495d7b2b8be9b66","name":"f1000024","image":{"@type":"ImageObject","inLanguage":"es","@id":"https:\/\/secure.gravatar.com\/avatar\/d4fe7459cfc51ff5129ce1a732bbef5928568b8092d412ef95611616376bbeed?s=96&d=mm&r=g","url":"https:\/\/secure.gravatar.com\/avatar\/d4fe7459cfc51ff5129ce1a732bbef5928568b8092d412ef95611616376bbeed?s=96&d=mm&r=g","contentUrl":"https:\/\/secure.gravatar.com\/avatar\/d4fe7459cfc51ff5129ce1a732bbef5928568b8092d412ef95611616376bbeed?s=96&d=mm&r=g","caption":"f1000024"},"url":"https:\/\/cvinoticias.com\/v3\/author\/f1000024\/"}]}},"_links":{"self":[{"href":"https:\/\/cvinoticias.com\/v3\/wp-json\/wp\/v2\/posts\/11780","targetHints":{"allow":["GET"]}}],"collection":[{"href":"https:\/\/cvinoticias.com\/v3\/wp-json\/wp\/v2\/posts"}],"about":[{"href":"https:\/\/cvinoticias.com\/v3\/wp-json\/wp\/v2\/types\/post"}],"author":[{"embeddable":true,"href":"https:\/\/cvinoticias.com\/v3\/wp-json\/wp\/v2\/users\/2"}],"replies":[{"embeddable":true,"href":"https:\/\/cvinoticias.com\/v3\/wp-json\/wp\/v2\/comments?post=11780"}],"version-history":[{"count":1,"href":"https:\/\/cvinoticias.com\/v3\/wp-json\/wp\/v2\/posts\/11780\/revisions"}],"predecessor-version":[{"id":11784,"href":"https:\/\/cvinoticias.com\/v3\/wp-json\/wp\/v2\/posts\/11780\/revisions\/11784"}],"wp:featuredmedia":[{"embeddable":true,"href":"https:\/\/cvinoticias.com\/v3\/wp-json\/wp\/v2\/media\/11783"}],"wp:attachment":[{"href":"https:\/\/cvinoticias.com\/v3\/wp-json\/wp\/v2\/media?parent=11780"}],"wp:term":[{"taxonomy":"category","embeddable":true,"href":"https:\/\/cvinoticias.com\/v3\/wp-json\/wp\/v2\/categories?post=11780"},{"taxonomy":"post_tag","embeddable":true,"href":"https:\/\/cvinoticias.com\/v3\/wp-json\/wp\/v2\/tags?post=11780"}],"curies":[{"name":"wp","href":"https:\/\/api.w.org\/{rel}","templated":true}]}}