{"id":11777,"date":"2021-12-30T05:06:40","date_gmt":"2021-12-30T05:06:40","guid":{"rendered":"https:\/\/cvinoticias.com\/v3\/?p=11777"},"modified":"2021-12-30T05:06:40","modified_gmt":"2021-12-30T05:06:40","slug":"el-senado-convirtio-en-ley-los-cambios-de-bienes-personales","status":"publish","type":"post","link":"https:\/\/cvinoticias.com\/v3\/el-senado-convirtio-en-ley-los-cambios-de-bienes-personales\/","title":{"rendered":"El Senado convirti\u00f3 en ley los cambios de Bienes Personales"},"content":{"rendered":"\n<p><strong><em>En una pol\u00e9mica sesi\u00f3n, el Frente de Todos logr\u00f3 el qu\u00f3rum con apoyo de dos aliados y una opositora. Juntos por el Cambio pidi\u00f3 anular el debate.<\/em><\/strong><\/p>\n\n\n\n<p>El Frente de Todos pas\u00f3 su primer test parlamentario en el Senado sin qu\u00f3rum propio, en la sesi\u00f3n de este mi\u00e9rcoles por los cambios en Bienes Personales.<\/p>\n\n\n\n<p>El oficialismo alcanz\u00f3 los 37 legisladores necesarios para habilitar el debate sumando a dos aliados y a una senadora opositora, y logr\u00f3 sancionar las modificaciones al gravamen.<\/p>\n\n\n\n<p>Los 33 senadores que integran Juntos por el Cambio no aportaron al quorum, abandonaron el recinto y pidieron anular la sesi\u00f3n.\u00a0La coalici\u00f3n opositora acus\u00f3 al oficialismo de haber conseguido el qu\u00f3rum fuera de horario.<\/p>\n\n\n\n<p>La norma fue sancionada con 37 votos a favor y un voto en contra.\u00a0Con Juntos por el Cambio fuera del recinto, la \u00fanica senadora vot\u00f3 en contra \u201cen general\u201d fue la cordobesa Alejandra Vigo.<\/p>\n\n\n\n<p>Para el quorum el oficialismo consigui\u00f3 el apoyo de la senadora riojana Mar\u00eda Clara del Valle Vega, que hasta ahora se hab\u00eda movido en l\u00ednea con Juntos por el Cambio, y lleg\u00f3 a los 37 senadores necesarios al inicio de la sesi\u00f3n.<\/p>\n\n\n\n<h3 class=\"wp-block-heading\">LA OPOSICI\u00d3N PIDI\u00d3 ANULAR LA SESI\u00d3N<\/h3>\n\n\n\n<p>Juntos por el Cambio reclam\u00f3 este martes anular la sesi\u00f3n en el Senado que trata la modificaci\u00f3n de Bienes Personales, porque el oficialismo no lleg\u00f3 a alcanzar el quorum dentro del horario permitido.<\/p>\n\n\n\n<p>El Frente de Todos, con la ayuda de dos aliados y una senadora opositora, alcanz\u00f3 el qu\u00f3rum de 37 legisladores exactamente a las 15.39. La sesi\u00f3n estaba convocada para las 15.00.<\/p>\n\n\n\n<p>La coalici\u00f3n opositora record\u00f3 que el reglamento de la C\u00e1mara Alta se\u00f1ala que si no se alcanza el quorum 30 minutos despu\u00e9s de la hora fijada para el inicio de la sesi\u00f3n, esta se levantar\u00e1 \u201cde inmediato\u201d.<\/p>\n\n\n\n<p>\u00abCristina Kirchner no cumpli\u00f3 con el reglamento. Esta sesi\u00f3n es literalmente nula. Hacemos responsables al Gobierno y al Frente de Todos de aprobar una ley sin el procedimiento que la Constituci\u00f3n, las leyes y el reglamento lo indican\u201d, se\u00f1al\u00f3 Alfredo Cornejo, jefe del interbloque de Juntos por el Cambio.<\/p>\n\n\n\n<p>El titular de la bancada radical, Luis Naidenoff, ya advirti\u00f3 que la aprobaci\u00f3n de la ley en estas condiciones generar\u00e1 reclamos en la Justicia.<\/p>\n\n\n\n<p><\/p>\n","protected":false},"excerpt":{"rendered":"<p>En una pol\u00e9mica sesi\u00f3n, el Frente de Todos logr\u00f3 el qu\u00f3rum con apoyo de dos aliados y una opositora. Juntos por el Cambio pidi\u00f3 anular el debate. El Frente de Todos pas\u00f3 su primer test parlamentario en el Senado sin qu\u00f3rum propio, en la sesi\u00f3n de este mi\u00e9rcoles por los cambios en Bienes Personales. El [&hellip;]<\/p>\n","protected":false},"author":2,"featured_media":11778,"comment_status":"open","ping_status":"open","sticky":false,"template":"","format":"standard","meta":{"footnotes":""},"categories":[42],"tags":[],"class_list":["post-11777","post","type-post","status-publish","format-standard","has-post-thumbnail","hentry","category-politica"],"yoast_head":"<!-- This site is optimized with the Yoast SEO plugin v27.4 - https:\/\/yoast.com\/product\/yoast-seo-wordpress\/ -->\n<title>El Senado convirti\u00f3 en ley los cambios de Bienes Personales | CVI NOTICIAS<\/title>\n<meta name=\"robots\" content=\"index, follow, max-snippet:-1, max-image-preview:large, max-video-preview:-1\" \/>\n<link rel=\"canonical\" href=\"https:\/\/cvinoticias.com\/v3\/el-senado-convirtio-en-ley-los-cambios-de-bienes-personales\/\" \/>\n<meta property=\"og:locale\" content=\"es_ES\" \/>\n<meta property=\"og:type\" content=\"article\" \/>\n<meta property=\"og:title\" content=\"El Senado convirti\u00f3 en ley los cambios de Bienes Personales | CVI NOTICIAS\" \/>\n<meta property=\"og:description\" content=\"En una pol\u00e9mica sesi\u00f3n, el Frente de Todos logr\u00f3 el qu\u00f3rum con apoyo de dos aliados y una opositora. Juntos por el Cambio pidi\u00f3 anular el debate. El Frente de Todos pas\u00f3 su primer test parlamentario en el Senado sin qu\u00f3rum propio, en la sesi\u00f3n de este mi\u00e9rcoles por los cambios en Bienes Personales. El [&hellip;]\" \/>\n<meta property=\"og:url\" content=\"https:\/\/cvinoticias.com\/v3\/el-senado-convirtio-en-ley-los-cambios-de-bienes-personales\/\" \/>\n<meta property=\"og:site_name\" content=\"CVI NOTICIAS\" \/>\n<meta property=\"article:publisher\" content=\"https:\/\/www.facebook.com\/cvinoticias\" \/>\n<meta property=\"article:published_time\" content=\"2021-12-30T05:06:40+00:00\" \/>\n<meta property=\"og:image\" content=\"https:\/\/cvinoticias.com\/wp-content\/uploads\/2021\/12\/301071-whatsapp-20image-202021-12-29-20at-2017-34-17.jpeg\" \/>\n\t<meta property=\"og:image:width\" content=\"960\" \/>\n\t<meta property=\"og:image:height\" content=\"540\" \/>\n\t<meta property=\"og:image:type\" content=\"image\/jpeg\" \/>\n<meta name=\"author\" content=\"f1000024\" \/>\n<meta name=\"twitter:card\" content=\"summary_large_image\" \/>\n<meta name=\"twitter:label1\" content=\"Escrito por\" \/>\n\t<meta name=\"twitter:data1\" content=\"f1000024\" \/>\n\t<meta name=\"twitter:label2\" content=\"Tiempo de lectura\" \/>\n\t<meta name=\"twitter:data2\" content=\"2 minutos\" \/>\n<script type=\"application\/ld+json\" class=\"yoast-schema-graph\">{\"@context\":\"https:\\\/\\\/schema.org\",\"@graph\":[{\"@type\":\"Article\",\"@id\":\"https:\\\/\\\/cvinoticias.com\\\/v3\\\/el-senado-convirtio-en-ley-los-cambios-de-bienes-personales\\\/#article\",\"isPartOf\":{\"@id\":\"https:\\\/\\\/cvinoticias.com\\\/v3\\\/el-senado-convirtio-en-ley-los-cambios-de-bienes-personales\\\/\"},\"author\":{\"name\":\"f1000024\",\"@id\":\"https:\\\/\\\/cvinoticias.com\\\/v3\\\/#\\\/schema\\\/person\\\/2db77e3c6bc03c538495d7b2b8be9b66\"},\"headline\":\"El Senado convirti\u00f3 en ley los cambios de Bienes Personales\",\"datePublished\":\"2021-12-30T05:06:40+00:00\",\"mainEntityOfPage\":{\"@id\":\"https:\\\/\\\/cvinoticias.com\\\/v3\\\/el-senado-convirtio-en-ley-los-cambios-de-bienes-personales\\\/\"},\"wordCount\":403,\"commentCount\":0,\"publisher\":{\"@id\":\"https:\\\/\\\/cvinoticias.com\\\/v3\\\/#organization\"},\"image\":{\"@id\":\"https:\\\/\\\/cvinoticias.com\\\/v3\\\/el-senado-convirtio-en-ley-los-cambios-de-bienes-personales\\\/#primaryimage\"},\"thumbnailUrl\":\"https:\\\/\\\/cvinoticias.com\\\/wp-content\\\/uploads\\\/2021\\\/12\\\/301071-whatsapp-20image-202021-12-29-20at-2017-34-17.jpeg\",\"articleSection\":[\"Politica\"],\"inLanguage\":\"es\",\"potentialAction\":[{\"@type\":\"CommentAction\",\"name\":\"Comment\",\"target\":[\"https:\\\/\\\/cvinoticias.com\\\/v3\\\/el-senado-convirtio-en-ley-los-cambios-de-bienes-personales\\\/#respond\"]}]},{\"@type\":\"WebPage\",\"@id\":\"https:\\\/\\\/cvinoticias.com\\\/v3\\\/el-senado-convirtio-en-ley-los-cambios-de-bienes-personales\\\/\",\"url\":\"https:\\\/\\\/cvinoticias.com\\\/v3\\\/el-senado-convirtio-en-ley-los-cambios-de-bienes-personales\\\/\",\"name\":\"El Senado convirti\u00f3 en ley los cambios de Bienes Personales | CVI NOTICIAS\",\"isPartOf\":{\"@id\":\"https:\\\/\\\/cvinoticias.com\\\/v3\\\/#website\"},\"primaryImageOfPage\":{\"@id\":\"https:\\\/\\\/cvinoticias.com\\\/v3\\\/el-senado-convirtio-en-ley-los-cambios-de-bienes-personales\\\/#primaryimage\"},\"image\":{\"@id\":\"https:\\\/\\\/cvinoticias.com\\\/v3\\\/el-senado-convirtio-en-ley-los-cambios-de-bienes-personales\\\/#primaryimage\"},\"thumbnailUrl\":\"https:\\\/\\\/cvinoticias.com\\\/wp-content\\\/uploads\\\/2021\\\/12\\\/301071-whatsapp-20image-202021-12-29-20at-2017-34-17.jpeg\",\"datePublished\":\"2021-12-30T05:06:40+00:00\",\"breadcrumb\":{\"@id\":\"https:\\\/\\\/cvinoticias.com\\\/v3\\\/el-senado-convirtio-en-ley-los-cambios-de-bienes-personales\\\/#breadcrumb\"},\"inLanguage\":\"es\",\"potentialAction\":[{\"@type\":\"ReadAction\",\"target\":[\"https:\\\/\\\/cvinoticias.com\\\/v3\\\/el-senado-convirtio-en-ley-los-cambios-de-bienes-personales\\\/\"]}]},{\"@type\":\"ImageObject\",\"inLanguage\":\"es\",\"@id\":\"https:\\\/\\\/cvinoticias.com\\\/v3\\\/el-senado-convirtio-en-ley-los-cambios-de-bienes-personales\\\/#primaryimage\",\"url\":\"https:\\\/\\\/cvinoticias.com\\\/wp-content\\\/uploads\\\/2021\\\/12\\\/301071-whatsapp-20image-202021-12-29-20at-2017-34-17.jpeg\",\"contentUrl\":\"https:\\\/\\\/cvinoticias.com\\\/wp-content\\\/uploads\\\/2021\\\/12\\\/301071-whatsapp-20image-202021-12-29-20at-2017-34-17.jpeg\",\"width\":960,\"height\":540},{\"@type\":\"BreadcrumbList\",\"@id\":\"https:\\\/\\\/cvinoticias.com\\\/v3\\\/el-senado-convirtio-en-ley-los-cambios-de-bienes-personales\\\/#breadcrumb\",\"itemListElement\":[{\"@type\":\"ListItem\",\"position\":1,\"name\":\"Portada\",\"item\":\"https:\\\/\\\/cvinoticias.com\\\/v3\\\/\"},{\"@type\":\"ListItem\",\"position\":2,\"name\":\"El Senado convirti\u00f3 en ley los cambios de Bienes Personales\"}]},{\"@type\":\"WebSite\",\"@id\":\"https:\\\/\\\/cvinoticias.com\\\/v3\\\/#website\",\"url\":\"https:\\\/\\\/cvinoticias.com\\\/v3\\\/\",\"name\":\"CVI NOTICIAS\",\"description\":\"\",\"publisher\":{\"@id\":\"https:\\\/\\\/cvinoticias.com\\\/v3\\\/#organization\"},\"alternateName\":\"CVI\",\"potentialAction\":[{\"@type\":\"SearchAction\",\"target\":{\"@type\":\"EntryPoint\",\"urlTemplate\":\"https:\\\/\\\/cvinoticias.com\\\/v3\\\/?s={search_term_string}\"},\"query-input\":{\"@type\":\"PropertyValueSpecification\",\"valueRequired\":true,\"valueName\":\"search_term_string\"}}],\"inLanguage\":\"es\"},{\"@type\":\"Organization\",\"@id\":\"https:\\\/\\\/cvinoticias.com\\\/v3\\\/#organization\",\"name\":\"CVI NOTICIAS\",\"url\":\"https:\\\/\\\/cvinoticias.com\\\/v3\\\/\",\"logo\":{\"@type\":\"ImageObject\",\"inLanguage\":\"es\",\"@id\":\"https:\\\/\\\/cvinoticias.com\\\/v3\\\/#\\\/schema\\\/logo\\\/image\\\/\",\"url\":\"https:\\\/\\\/cvinoticias.com\\\/wp-content\\\/uploads\\\/2023\\\/04\\\/cropped-cropped-cropped-cropped-cropped-3-1.png\",\"contentUrl\":\"https:\\\/\\\/cvinoticias.com\\\/wp-content\\\/uploads\\\/2023\\\/04\\\/cropped-cropped-cropped-cropped-cropped-3-1.png\",\"width\":95,\"height\":122,\"caption\":\"CVI NOTICIAS\"},\"image\":{\"@id\":\"https:\\\/\\\/cvinoticias.com\\\/v3\\\/#\\\/schema\\\/logo\\\/image\\\/\"},\"sameAs\":[\"https:\\\/\\\/www.facebook.com\\\/cvinoticias\",\"https:\\\/\\\/www.instagram.com\\\/cvinoticias\\\/\",\"https:\\\/\\\/www.youtube.com\\\/@CVINOTICIAS\"]},{\"@type\":\"Person\",\"@id\":\"https:\\\/\\\/cvinoticias.com\\\/v3\\\/#\\\/schema\\\/person\\\/2db77e3c6bc03c538495d7b2b8be9b66\",\"name\":\"f1000024\",\"image\":{\"@type\":\"ImageObject\",\"inLanguage\":\"es\",\"@id\":\"https:\\\/\\\/secure.gravatar.com\\\/avatar\\\/d4fe7459cfc51ff5129ce1a732bbef5928568b8092d412ef95611616376bbeed?s=96&d=mm&r=g\",\"url\":\"https:\\\/\\\/secure.gravatar.com\\\/avatar\\\/d4fe7459cfc51ff5129ce1a732bbef5928568b8092d412ef95611616376bbeed?s=96&d=mm&r=g\",\"contentUrl\":\"https:\\\/\\\/secure.gravatar.com\\\/avatar\\\/d4fe7459cfc51ff5129ce1a732bbef5928568b8092d412ef95611616376bbeed?s=96&d=mm&r=g\",\"caption\":\"f1000024\"},\"url\":\"https:\\\/\\\/cvinoticias.com\\\/v3\\\/author\\\/f1000024\\\/\"}]}<\/script>\n<!-- \/ Yoast SEO plugin. -->","yoast_head_json":{"title":"El Senado convirti\u00f3 en ley los cambios de Bienes Personales | CVI NOTICIAS","robots":{"index":"index","follow":"follow","max-snippet":"max-snippet:-1","max-image-preview":"max-image-preview:large","max-video-preview":"max-video-preview:-1"},"canonical":"https:\/\/cvinoticias.com\/v3\/el-senado-convirtio-en-ley-los-cambios-de-bienes-personales\/","og_locale":"es_ES","og_type":"article","og_title":"El Senado convirti\u00f3 en ley los cambios de Bienes Personales | CVI NOTICIAS","og_description":"En una pol\u00e9mica sesi\u00f3n, el Frente de Todos logr\u00f3 el qu\u00f3rum con apoyo de dos aliados y una opositora. Juntos por el Cambio pidi\u00f3 anular el debate. El Frente de Todos pas\u00f3 su primer test parlamentario en el Senado sin qu\u00f3rum propio, en la sesi\u00f3n de este mi\u00e9rcoles por los cambios en Bienes Personales. El [&hellip;]","og_url":"https:\/\/cvinoticias.com\/v3\/el-senado-convirtio-en-ley-los-cambios-de-bienes-personales\/","og_site_name":"CVI NOTICIAS","article_publisher":"https:\/\/www.facebook.com\/cvinoticias","article_published_time":"2021-12-30T05:06:40+00:00","og_image":[{"width":960,"height":540,"url":"https:\/\/cvinoticias.com\/wp-content\/uploads\/2021\/12\/301071-whatsapp-20image-202021-12-29-20at-2017-34-17.jpeg","type":"image\/jpeg"}],"author":"f1000024","twitter_card":"summary_large_image","twitter_misc":{"Escrito por":"f1000024","Tiempo de lectura":"2 minutos"},"schema":{"@context":"https:\/\/schema.org","@graph":[{"@type":"Article","@id":"https:\/\/cvinoticias.com\/v3\/el-senado-convirtio-en-ley-los-cambios-de-bienes-personales\/#article","isPartOf":{"@id":"https:\/\/cvinoticias.com\/v3\/el-senado-convirtio-en-ley-los-cambios-de-bienes-personales\/"},"author":{"name":"f1000024","@id":"https:\/\/cvinoticias.com\/v3\/#\/schema\/person\/2db77e3c6bc03c538495d7b2b8be9b66"},"headline":"El Senado convirti\u00f3 en ley los cambios de Bienes Personales","datePublished":"2021-12-30T05:06:40+00:00","mainEntityOfPage":{"@id":"https:\/\/cvinoticias.com\/v3\/el-senado-convirtio-en-ley-los-cambios-de-bienes-personales\/"},"wordCount":403,"commentCount":0,"publisher":{"@id":"https:\/\/cvinoticias.com\/v3\/#organization"},"image":{"@id":"https:\/\/cvinoticias.com\/v3\/el-senado-convirtio-en-ley-los-cambios-de-bienes-personales\/#primaryimage"},"thumbnailUrl":"https:\/\/cvinoticias.com\/wp-content\/uploads\/2021\/12\/301071-whatsapp-20image-202021-12-29-20at-2017-34-17.jpeg","articleSection":["Politica"],"inLanguage":"es","potentialAction":[{"@type":"CommentAction","name":"Comment","target":["https:\/\/cvinoticias.com\/v3\/el-senado-convirtio-en-ley-los-cambios-de-bienes-personales\/#respond"]}]},{"@type":"WebPage","@id":"https:\/\/cvinoticias.com\/v3\/el-senado-convirtio-en-ley-los-cambios-de-bienes-personales\/","url":"https:\/\/cvinoticias.com\/v3\/el-senado-convirtio-en-ley-los-cambios-de-bienes-personales\/","name":"El Senado convirti\u00f3 en ley los cambios de Bienes Personales | CVI NOTICIAS","isPartOf":{"@id":"https:\/\/cvinoticias.com\/v3\/#website"},"primaryImageOfPage":{"@id":"https:\/\/cvinoticias.com\/v3\/el-senado-convirtio-en-ley-los-cambios-de-bienes-personales\/#primaryimage"},"image":{"@id":"https:\/\/cvinoticias.com\/v3\/el-senado-convirtio-en-ley-los-cambios-de-bienes-personales\/#primaryimage"},"thumbnailUrl":"https:\/\/cvinoticias.com\/wp-content\/uploads\/2021\/12\/301071-whatsapp-20image-202021-12-29-20at-2017-34-17.jpeg","datePublished":"2021-12-30T05:06:40+00:00","breadcrumb":{"@id":"https:\/\/cvinoticias.com\/v3\/el-senado-convirtio-en-ley-los-cambios-de-bienes-personales\/#breadcrumb"},"inLanguage":"es","potentialAction":[{"@type":"ReadAction","target":["https:\/\/cvinoticias.com\/v3\/el-senado-convirtio-en-ley-los-cambios-de-bienes-personales\/"]}]},{"@type":"ImageObject","inLanguage":"es","@id":"https:\/\/cvinoticias.com\/v3\/el-senado-convirtio-en-ley-los-cambios-de-bienes-personales\/#primaryimage","url":"https:\/\/cvinoticias.com\/wp-content\/uploads\/2021\/12\/301071-whatsapp-20image-202021-12-29-20at-2017-34-17.jpeg","contentUrl":"https:\/\/cvinoticias.com\/wp-content\/uploads\/2021\/12\/301071-whatsapp-20image-202021-12-29-20at-2017-34-17.jpeg","width":960,"height":540},{"@type":"BreadcrumbList","@id":"https:\/\/cvinoticias.com\/v3\/el-senado-convirtio-en-ley-los-cambios-de-bienes-personales\/#breadcrumb","itemListElement":[{"@type":"ListItem","position":1,"name":"Portada","item":"https:\/\/cvinoticias.com\/v3\/"},{"@type":"ListItem","position":2,"name":"El Senado convirti\u00f3 en ley los cambios de Bienes Personales"}]},{"@type":"WebSite","@id":"https:\/\/cvinoticias.com\/v3\/#website","url":"https:\/\/cvinoticias.com\/v3\/","name":"CVI NOTICIAS","description":"","publisher":{"@id":"https:\/\/cvinoticias.com\/v3\/#organization"},"alternateName":"CVI","potentialAction":[{"@type":"SearchAction","target":{"@type":"EntryPoint","urlTemplate":"https:\/\/cvinoticias.com\/v3\/?s={search_term_string}"},"query-input":{"@type":"PropertyValueSpecification","valueRequired":true,"valueName":"search_term_string"}}],"inLanguage":"es"},{"@type":"Organization","@id":"https:\/\/cvinoticias.com\/v3\/#organization","name":"CVI NOTICIAS","url":"https:\/\/cvinoticias.com\/v3\/","logo":{"@type":"ImageObject","inLanguage":"es","@id":"https:\/\/cvinoticias.com\/v3\/#\/schema\/logo\/image\/","url":"https:\/\/cvinoticias.com\/wp-content\/uploads\/2023\/04\/cropped-cropped-cropped-cropped-cropped-3-1.png","contentUrl":"https:\/\/cvinoticias.com\/wp-content\/uploads\/2023\/04\/cropped-cropped-cropped-cropped-cropped-3-1.png","width":95,"height":122,"caption":"CVI NOTICIAS"},"image":{"@id":"https:\/\/cvinoticias.com\/v3\/#\/schema\/logo\/image\/"},"sameAs":["https:\/\/www.facebook.com\/cvinoticias","https:\/\/www.instagram.com\/cvinoticias\/","https:\/\/www.youtube.com\/@CVINOTICIAS"]},{"@type":"Person","@id":"https:\/\/cvinoticias.com\/v3\/#\/schema\/person\/2db77e3c6bc03c538495d7b2b8be9b66","name":"f1000024","image":{"@type":"ImageObject","inLanguage":"es","@id":"https:\/\/secure.gravatar.com\/avatar\/d4fe7459cfc51ff5129ce1a732bbef5928568b8092d412ef95611616376bbeed?s=96&d=mm&r=g","url":"https:\/\/secure.gravatar.com\/avatar\/d4fe7459cfc51ff5129ce1a732bbef5928568b8092d412ef95611616376bbeed?s=96&d=mm&r=g","contentUrl":"https:\/\/secure.gravatar.com\/avatar\/d4fe7459cfc51ff5129ce1a732bbef5928568b8092d412ef95611616376bbeed?s=96&d=mm&r=g","caption":"f1000024"},"url":"https:\/\/cvinoticias.com\/v3\/author\/f1000024\/"}]}},"_links":{"self":[{"href":"https:\/\/cvinoticias.com\/v3\/wp-json\/wp\/v2\/posts\/11777","targetHints":{"allow":["GET"]}}],"collection":[{"href":"https:\/\/cvinoticias.com\/v3\/wp-json\/wp\/v2\/posts"}],"about":[{"href":"https:\/\/cvinoticias.com\/v3\/wp-json\/wp\/v2\/types\/post"}],"author":[{"embeddable":true,"href":"https:\/\/cvinoticias.com\/v3\/wp-json\/wp\/v2\/users\/2"}],"replies":[{"embeddable":true,"href":"https:\/\/cvinoticias.com\/v3\/wp-json\/wp\/v2\/comments?post=11777"}],"version-history":[{"count":1,"href":"https:\/\/cvinoticias.com\/v3\/wp-json\/wp\/v2\/posts\/11777\/revisions"}],"predecessor-version":[{"id":11779,"href":"https:\/\/cvinoticias.com\/v3\/wp-json\/wp\/v2\/posts\/11777\/revisions\/11779"}],"wp:featuredmedia":[{"embeddable":true,"href":"https:\/\/cvinoticias.com\/v3\/wp-json\/wp\/v2\/media\/11778"}],"wp:attachment":[{"href":"https:\/\/cvinoticias.com\/v3\/wp-json\/wp\/v2\/media?parent=11777"}],"wp:term":[{"taxonomy":"category","embeddable":true,"href":"https:\/\/cvinoticias.com\/v3\/wp-json\/wp\/v2\/categories?post=11777"},{"taxonomy":"post_tag","embeddable":true,"href":"https:\/\/cvinoticias.com\/v3\/wp-json\/wp\/v2\/tags?post=11777"}],"curies":[{"name":"wp","href":"https:\/\/api.w.org\/{rel}","templated":true}]}}