{"id":11772,"date":"2021-12-30T04:01:08","date_gmt":"2021-12-30T04:01:08","guid":{"rendered":"https:\/\/cvinoticias.com\/v3\/?p=11772"},"modified":"2021-12-30T04:01:08","modified_gmt":"2021-12-30T04:01:08","slug":"rehabilitaron-el-paso-provisorio-sobre-el-arroyo-pindayti","status":"publish","type":"post","link":"https:\/\/cvinoticias.com\/v3\/rehabilitaron-el-paso-provisorio-sobre-el-arroyo-pindayti\/","title":{"rendered":"Rehabilitaron el paso provisorio sobre el arroyo Pindayt\u00ed"},"content":{"rendered":"\n<p><strong><em>La Direcci\u00f3n Provincial de Vialidad (DPV) comunic\u00f3 que el puente provisorio sobre el Arroyo Pindayt\u00ed en la Ruta Provincial N\u00b0 2 fue puesto nuevamente a disposici\u00f3n de los usuarios desde las 14 horas del mi\u00e9rcoles 29 de diciembre de 2021, luego de los trabajos de limpieza del cauce de dicho curso de agua.<\/em><\/strong><\/p>\n\n\n\n<p>Adem\u00e1s, t\u00e9cnicos de la entidad inspeccionaron el estado de la estructura para constatar las adecuadas condiciones de seguridad y transitabilidad del mismo. Luego de los estudios de rigor se procedi\u00f3 a habilitar la circulaci\u00f3n al tr\u00e1nsito por el paso provisorio y se reiter\u00f3 que es solo para veh\u00edculos que no superen las 10 toneladas de peso.<\/p>\n\n\n\n<p>El presidente de Vialidad Provincial, Ingeniero Sebasti\u00e1n Macias, supervis\u00f3 el trabajo en el lugar acompa\u00f1ado de los intendentes de Colonia Aurora, Carlos Goring, y de Alba Posse, Lucas Gerhardt, el Jefe de la polic\u00eda local, Comisario Glansik y la Coordinadora de la Regional Santa Rita de la DPV, Soledad Hauschild.<\/p>\n\n\n\n<figure class=\"wp-block-image size-large\"><a href=\"https:\/\/cvinoticias.com\/wp-content\/uploads\/2021\/12\/IMG-20211229-WA0107.jpg\"><img decoding=\"async\" width=\"1024\" height=\"683\" data-src=\"https:\/\/cvinoticias.com\/wp-content\/uploads\/2021\/12\/IMG-20211229-WA0107-1024x683.jpg\" alt=\"\" class=\"wp-image-11773 lazyload\" data-srcset=\"https:\/\/cvinoticias.com\/wp-content\/uploads\/2021\/12\/IMG-20211229-WA0107-1024x683.jpg 1024w, https:\/\/cvinoticias.com\/wp-content\/uploads\/2021\/12\/IMG-20211229-WA0107-300x200.jpg 300w, https:\/\/cvinoticias.com\/wp-content\/uploads\/2021\/12\/IMG-20211229-WA0107-768x512.jpg 768w, https:\/\/cvinoticias.com\/wp-content\/uploads\/2021\/12\/IMG-20211229-WA0107.jpg 1080w\" data-sizes=\"(max-width: 1024px) 100vw, 1024px\" src=\"data:image\/svg+xml;base64,PHN2ZyB3aWR0aD0iMSIgaGVpZ2h0PSIxIiB4bWxucz0iaHR0cDovL3d3dy53My5vcmcvMjAwMC9zdmciPjwvc3ZnPg==\" style=\"--smush-placeholder-width: 1024px; --smush-placeholder-aspect-ratio: 1024\/683;\" \/><\/a><\/figure>\n\n\n\n<p>Al mismo tiempo, la DPV record\u00f3 que actualmente se est\u00e1 trabajando en tareas preliminares para la construcci\u00f3n del nuevo puente que ser\u00e1 emplazado en el mismo sitio, y en las primeras semanas del 2022 se comenzar\u00e1 con la obra. La entidad vial hab\u00eda inhabilitado el tr\u00e1nsito de los veh\u00edculos sobre el antiguo puente de la Ruta Provincial N\u00b0 2 de forma preventiva y con todas las medidas de seguridad necesarias.<\/p>\n\n\n\n<p><strong>Desv\u00edos para veh\u00edculos pesados<\/strong><\/p>\n\n\n\n<p>Mientras est\u00e9 en uso el paso provisorio, todos los veh\u00edculos con peso superior a las 10 toneladas deben utilizar los desv\u00edos previstos, que se encuentran en correcto estado. Quienes circulen por la Ruta Provincial N\u00b0 2 en sentido Colonia Aurora \u2013 Santa Rita deber\u00e1n tomar la Ruta Provincial N\u00b0 219 en direcci\u00f3n a Salto Encantado y tras recorrer poco m\u00e1s de 5 kil\u00f3metros, a la altura del paraje El Tej\u00f3n, tomar el camino vecinal denominado \u201cKil\u00f3metro 12\u201d en direcci\u00f3n Oeste -izquierda- y tras recorrer unos 11,8 kil\u00f3metros se llega hasta la Ruta Provincial N\u00b0 8 en el paraje Libertad. Por Ruta Provincial N\u00b0 8 se debe tomar hacia el sur -izquierda- hasta volver a la Ruta Provincial N\u00b0 2 a la altura de la localidad de Santa Rita. Todo el desv\u00edo tiene una extensi\u00f3n de 29,5 kil\u00f3metros.<\/p>\n\n\n\n<figure class=\"wp-block-image size-large\"><a href=\"https:\/\/cvinoticias.com\/wp-content\/uploads\/2021\/12\/IMG-20211229-WA0106.jpg\"><img decoding=\"async\" width=\"1024\" height=\"683\" data-src=\"https:\/\/cvinoticias.com\/wp-content\/uploads\/2021\/12\/IMG-20211229-WA0106-1024x683.jpg\" alt=\"\" class=\"wp-image-11774 lazyload\" data-srcset=\"https:\/\/cvinoticias.com\/wp-content\/uploads\/2021\/12\/IMG-20211229-WA0106-1024x683.jpg 1024w, https:\/\/cvinoticias.com\/wp-content\/uploads\/2021\/12\/IMG-20211229-WA0106-300x200.jpg 300w, https:\/\/cvinoticias.com\/wp-content\/uploads\/2021\/12\/IMG-20211229-WA0106-768x512.jpg 768w, https:\/\/cvinoticias.com\/wp-content\/uploads\/2021\/12\/IMG-20211229-WA0106.jpg 1080w\" data-sizes=\"(max-width: 1024px) 100vw, 1024px\" src=\"data:image\/svg+xml;base64,PHN2ZyB3aWR0aD0iMSIgaGVpZ2h0PSIxIiB4bWxucz0iaHR0cDovL3d3dy53My5vcmcvMjAwMC9zdmciPjwvc3ZnPg==\" style=\"--smush-placeholder-width: 1024px; --smush-placeholder-aspect-ratio: 1024\/683;\" \/><\/a><\/figure>\n","protected":false},"excerpt":{"rendered":"<p>La Direcci\u00f3n Provincial de Vialidad (DPV) comunic\u00f3 que el puente provisorio sobre el Arroyo Pindayt\u00ed en la Ruta Provincial N\u00b0 2 fue puesto nuevamente a disposici\u00f3n de los usuarios desde las 14 horas del mi\u00e9rcoles 29 de diciembre de 2021, luego de los trabajos de limpieza del cauce de dicho curso de agua. Adem\u00e1s, t\u00e9cnicos [&hellip;]<\/p>\n","protected":false},"author":2,"featured_media":11775,"comment_status":"open","ping_status":"open","sticky":false,"template":"","format":"standard","meta":{"footnotes":""},"categories":[35],"tags":[],"class_list":["post-11772","post","type-post","status-publish","format-standard","has-post-thumbnail","hentry","category-informacion-general"],"yoast_head":"<!-- This site is optimized with the Yoast SEO plugin v27.5 - https:\/\/yoast.com\/product\/yoast-seo-wordpress\/ -->\n<title>Rehabilitaron el paso provisorio sobre el arroyo Pindayt\u00ed | CVI NOTICIAS<\/title>\n<meta name=\"robots\" content=\"index, follow, max-snippet:-1, max-image-preview:large, max-video-preview:-1\" \/>\n<link rel=\"canonical\" href=\"https:\/\/cvinoticias.com\/v3\/rehabilitaron-el-paso-provisorio-sobre-el-arroyo-pindayti\/\" \/>\n<meta property=\"og:locale\" content=\"es_ES\" \/>\n<meta property=\"og:type\" content=\"article\" \/>\n<meta property=\"og:title\" content=\"Rehabilitaron el paso provisorio sobre el arroyo Pindayt\u00ed | CVI NOTICIAS\" \/>\n<meta property=\"og:description\" content=\"La Direcci\u00f3n Provincial de Vialidad (DPV) comunic\u00f3 que el puente provisorio sobre el Arroyo Pindayt\u00ed en la Ruta Provincial N\u00b0 2 fue puesto nuevamente a disposici\u00f3n de los usuarios desde las 14 horas del mi\u00e9rcoles 29 de diciembre de 2021, luego de los trabajos de limpieza del cauce de dicho curso de agua. Adem\u00e1s, t\u00e9cnicos [&hellip;]\" \/>\n<meta property=\"og:url\" content=\"https:\/\/cvinoticias.com\/v3\/rehabilitaron-el-paso-provisorio-sobre-el-arroyo-pindayti\/\" \/>\n<meta property=\"og:site_name\" content=\"CVI NOTICIAS\" \/>\n<meta property=\"article:publisher\" content=\"https:\/\/www.facebook.com\/cvinoticias\" \/>\n<meta property=\"article:published_time\" content=\"2021-12-30T04:01:08+00:00\" \/>\n<meta property=\"og:image\" content=\"https:\/\/cvinoticias.com\/wp-content\/uploads\/2021\/12\/IMG-20211229-WA0108-1000x600-1.jpg\" \/>\n\t<meta property=\"og:image:width\" content=\"1000\" \/>\n\t<meta property=\"og:image:height\" content=\"600\" \/>\n\t<meta property=\"og:image:type\" content=\"image\/jpeg\" \/>\n<meta name=\"author\" content=\"f1000024\" \/>\n<meta name=\"twitter:card\" content=\"summary_large_image\" \/>\n<meta name=\"twitter:label1\" content=\"Escrito por\" \/>\n\t<meta name=\"twitter:data1\" content=\"f1000024\" \/>\n\t<meta name=\"twitter:label2\" content=\"Tiempo de lectura\" \/>\n\t<meta name=\"twitter:data2\" content=\"2 minutos\" \/>\n<script type=\"application\/ld+json\" class=\"yoast-schema-graph\">{\"@context\":\"https:\\\/\\\/schema.org\",\"@graph\":[{\"@type\":\"Article\",\"@id\":\"https:\\\/\\\/cvinoticias.com\\\/v3\\\/rehabilitaron-el-paso-provisorio-sobre-el-arroyo-pindayti\\\/#article\",\"isPartOf\":{\"@id\":\"https:\\\/\\\/cvinoticias.com\\\/v3\\\/rehabilitaron-el-paso-provisorio-sobre-el-arroyo-pindayti\\\/\"},\"author\":{\"name\":\"f1000024\",\"@id\":\"https:\\\/\\\/cvinoticias.com\\\/v3\\\/#\\\/schema\\\/person\\\/2db77e3c6bc03c538495d7b2b8be9b66\"},\"headline\":\"Rehabilitaron el paso provisorio sobre el arroyo Pindayt\u00ed\",\"datePublished\":\"2021-12-30T04:01:08+00:00\",\"mainEntityOfPage\":{\"@id\":\"https:\\\/\\\/cvinoticias.com\\\/v3\\\/rehabilitaron-el-paso-provisorio-sobre-el-arroyo-pindayti\\\/\"},\"wordCount\":390,\"commentCount\":0,\"publisher\":{\"@id\":\"https:\\\/\\\/cvinoticias.com\\\/v3\\\/#organization\"},\"image\":{\"@id\":\"https:\\\/\\\/cvinoticias.com\\\/v3\\\/rehabilitaron-el-paso-provisorio-sobre-el-arroyo-pindayti\\\/#primaryimage\"},\"thumbnailUrl\":\"https:\\\/\\\/cvinoticias.com\\\/wp-content\\\/uploads\\\/2021\\\/12\\\/IMG-20211229-WA0108-1000x600-1.jpg\",\"articleSection\":[\"Informaci\u00f3n General\"],\"inLanguage\":\"es\",\"potentialAction\":[{\"@type\":\"CommentAction\",\"name\":\"Comment\",\"target\":[\"https:\\\/\\\/cvinoticias.com\\\/v3\\\/rehabilitaron-el-paso-provisorio-sobre-el-arroyo-pindayti\\\/#respond\"]}]},{\"@type\":\"WebPage\",\"@id\":\"https:\\\/\\\/cvinoticias.com\\\/v3\\\/rehabilitaron-el-paso-provisorio-sobre-el-arroyo-pindayti\\\/\",\"url\":\"https:\\\/\\\/cvinoticias.com\\\/v3\\\/rehabilitaron-el-paso-provisorio-sobre-el-arroyo-pindayti\\\/\",\"name\":\"Rehabilitaron el paso provisorio sobre el arroyo Pindayt\u00ed | CVI NOTICIAS\",\"isPartOf\":{\"@id\":\"https:\\\/\\\/cvinoticias.com\\\/v3\\\/#website\"},\"primaryImageOfPage\":{\"@id\":\"https:\\\/\\\/cvinoticias.com\\\/v3\\\/rehabilitaron-el-paso-provisorio-sobre-el-arroyo-pindayti\\\/#primaryimage\"},\"image\":{\"@id\":\"https:\\\/\\\/cvinoticias.com\\\/v3\\\/rehabilitaron-el-paso-provisorio-sobre-el-arroyo-pindayti\\\/#primaryimage\"},\"thumbnailUrl\":\"https:\\\/\\\/cvinoticias.com\\\/wp-content\\\/uploads\\\/2021\\\/12\\\/IMG-20211229-WA0108-1000x600-1.jpg\",\"datePublished\":\"2021-12-30T04:01:08+00:00\",\"breadcrumb\":{\"@id\":\"https:\\\/\\\/cvinoticias.com\\\/v3\\\/rehabilitaron-el-paso-provisorio-sobre-el-arroyo-pindayti\\\/#breadcrumb\"},\"inLanguage\":\"es\",\"potentialAction\":[{\"@type\":\"ReadAction\",\"target\":[\"https:\\\/\\\/cvinoticias.com\\\/v3\\\/rehabilitaron-el-paso-provisorio-sobre-el-arroyo-pindayti\\\/\"]}]},{\"@type\":\"ImageObject\",\"inLanguage\":\"es\",\"@id\":\"https:\\\/\\\/cvinoticias.com\\\/v3\\\/rehabilitaron-el-paso-provisorio-sobre-el-arroyo-pindayti\\\/#primaryimage\",\"url\":\"https:\\\/\\\/cvinoticias.com\\\/wp-content\\\/uploads\\\/2021\\\/12\\\/IMG-20211229-WA0108-1000x600-1.jpg\",\"contentUrl\":\"https:\\\/\\\/cvinoticias.com\\\/wp-content\\\/uploads\\\/2021\\\/12\\\/IMG-20211229-WA0108-1000x600-1.jpg\",\"width\":1000,\"height\":600},{\"@type\":\"BreadcrumbList\",\"@id\":\"https:\\\/\\\/cvinoticias.com\\\/v3\\\/rehabilitaron-el-paso-provisorio-sobre-el-arroyo-pindayti\\\/#breadcrumb\",\"itemListElement\":[{\"@type\":\"ListItem\",\"position\":1,\"name\":\"Portada\",\"item\":\"https:\\\/\\\/cvinoticias.com\\\/v3\\\/\"},{\"@type\":\"ListItem\",\"position\":2,\"name\":\"Rehabilitaron el paso provisorio sobre el arroyo Pindayt\u00ed\"}]},{\"@type\":\"WebSite\",\"@id\":\"https:\\\/\\\/cvinoticias.com\\\/v3\\\/#website\",\"url\":\"https:\\\/\\\/cvinoticias.com\\\/v3\\\/\",\"name\":\"CVI NOTICIAS\",\"description\":\"\",\"publisher\":{\"@id\":\"https:\\\/\\\/cvinoticias.com\\\/v3\\\/#organization\"},\"alternateName\":\"CVI\",\"potentialAction\":[{\"@type\":\"SearchAction\",\"target\":{\"@type\":\"EntryPoint\",\"urlTemplate\":\"https:\\\/\\\/cvinoticias.com\\\/v3\\\/?s={search_term_string}\"},\"query-input\":{\"@type\":\"PropertyValueSpecification\",\"valueRequired\":true,\"valueName\":\"search_term_string\"}}],\"inLanguage\":\"es\"},{\"@type\":\"Organization\",\"@id\":\"https:\\\/\\\/cvinoticias.com\\\/v3\\\/#organization\",\"name\":\"CVI NOTICIAS\",\"url\":\"https:\\\/\\\/cvinoticias.com\\\/v3\\\/\",\"logo\":{\"@type\":\"ImageObject\",\"inLanguage\":\"es\",\"@id\":\"https:\\\/\\\/cvinoticias.com\\\/v3\\\/#\\\/schema\\\/logo\\\/image\\\/\",\"url\":\"https:\\\/\\\/cvinoticias.com\\\/wp-content\\\/uploads\\\/2023\\\/04\\\/cropped-cropped-cropped-cropped-cropped-3-1.png\",\"contentUrl\":\"https:\\\/\\\/cvinoticias.com\\\/wp-content\\\/uploads\\\/2023\\\/04\\\/cropped-cropped-cropped-cropped-cropped-3-1.png\",\"width\":95,\"height\":122,\"caption\":\"CVI NOTICIAS\"},\"image\":{\"@id\":\"https:\\\/\\\/cvinoticias.com\\\/v3\\\/#\\\/schema\\\/logo\\\/image\\\/\"},\"sameAs\":[\"https:\\\/\\\/www.facebook.com\\\/cvinoticias\",\"https:\\\/\\\/www.instagram.com\\\/cvinoticias\\\/\",\"https:\\\/\\\/www.youtube.com\\\/@CVINOTICIAS\"]},{\"@type\":\"Person\",\"@id\":\"https:\\\/\\\/cvinoticias.com\\\/v3\\\/#\\\/schema\\\/person\\\/2db77e3c6bc03c538495d7b2b8be9b66\",\"name\":\"f1000024\",\"image\":{\"@type\":\"ImageObject\",\"inLanguage\":\"es\",\"@id\":\"https:\\\/\\\/secure.gravatar.com\\\/avatar\\\/d4fe7459cfc51ff5129ce1a732bbef5928568b8092d412ef95611616376bbeed?s=96&d=mm&r=g\",\"url\":\"https:\\\/\\\/secure.gravatar.com\\\/avatar\\\/d4fe7459cfc51ff5129ce1a732bbef5928568b8092d412ef95611616376bbeed?s=96&d=mm&r=g\",\"contentUrl\":\"https:\\\/\\\/secure.gravatar.com\\\/avatar\\\/d4fe7459cfc51ff5129ce1a732bbef5928568b8092d412ef95611616376bbeed?s=96&d=mm&r=g\",\"caption\":\"f1000024\"},\"url\":\"https:\\\/\\\/cvinoticias.com\\\/v3\\\/author\\\/f1000024\\\/\"}]}<\/script>\n<!-- \/ Yoast SEO plugin. -->","yoast_head_json":{"title":"Rehabilitaron el paso provisorio sobre el arroyo Pindayt\u00ed | CVI NOTICIAS","robots":{"index":"index","follow":"follow","max-snippet":"max-snippet:-1","max-image-preview":"max-image-preview:large","max-video-preview":"max-video-preview:-1"},"canonical":"https:\/\/cvinoticias.com\/v3\/rehabilitaron-el-paso-provisorio-sobre-el-arroyo-pindayti\/","og_locale":"es_ES","og_type":"article","og_title":"Rehabilitaron el paso provisorio sobre el arroyo Pindayt\u00ed | CVI NOTICIAS","og_description":"La Direcci\u00f3n Provincial de Vialidad (DPV) comunic\u00f3 que el puente provisorio sobre el Arroyo Pindayt\u00ed en la Ruta Provincial N\u00b0 2 fue puesto nuevamente a disposici\u00f3n de los usuarios desde las 14 horas del mi\u00e9rcoles 29 de diciembre de 2021, luego de los trabajos de limpieza del cauce de dicho curso de agua. Adem\u00e1s, t\u00e9cnicos [&hellip;]","og_url":"https:\/\/cvinoticias.com\/v3\/rehabilitaron-el-paso-provisorio-sobre-el-arroyo-pindayti\/","og_site_name":"CVI NOTICIAS","article_publisher":"https:\/\/www.facebook.com\/cvinoticias","article_published_time":"2021-12-30T04:01:08+00:00","og_image":[{"width":1000,"height":600,"url":"https:\/\/cvinoticias.com\/wp-content\/uploads\/2021\/12\/IMG-20211229-WA0108-1000x600-1.jpg","type":"image\/jpeg"}],"author":"f1000024","twitter_card":"summary_large_image","twitter_misc":{"Escrito por":"f1000024","Tiempo de lectura":"2 minutos"},"schema":{"@context":"https:\/\/schema.org","@graph":[{"@type":"Article","@id":"https:\/\/cvinoticias.com\/v3\/rehabilitaron-el-paso-provisorio-sobre-el-arroyo-pindayti\/#article","isPartOf":{"@id":"https:\/\/cvinoticias.com\/v3\/rehabilitaron-el-paso-provisorio-sobre-el-arroyo-pindayti\/"},"author":{"name":"f1000024","@id":"https:\/\/cvinoticias.com\/v3\/#\/schema\/person\/2db77e3c6bc03c538495d7b2b8be9b66"},"headline":"Rehabilitaron el paso provisorio sobre el arroyo Pindayt\u00ed","datePublished":"2021-12-30T04:01:08+00:00","mainEntityOfPage":{"@id":"https:\/\/cvinoticias.com\/v3\/rehabilitaron-el-paso-provisorio-sobre-el-arroyo-pindayti\/"},"wordCount":390,"commentCount":0,"publisher":{"@id":"https:\/\/cvinoticias.com\/v3\/#organization"},"image":{"@id":"https:\/\/cvinoticias.com\/v3\/rehabilitaron-el-paso-provisorio-sobre-el-arroyo-pindayti\/#primaryimage"},"thumbnailUrl":"https:\/\/cvinoticias.com\/wp-content\/uploads\/2021\/12\/IMG-20211229-WA0108-1000x600-1.jpg","articleSection":["Informaci\u00f3n General"],"inLanguage":"es","potentialAction":[{"@type":"CommentAction","name":"Comment","target":["https:\/\/cvinoticias.com\/v3\/rehabilitaron-el-paso-provisorio-sobre-el-arroyo-pindayti\/#respond"]}]},{"@type":"WebPage","@id":"https:\/\/cvinoticias.com\/v3\/rehabilitaron-el-paso-provisorio-sobre-el-arroyo-pindayti\/","url":"https:\/\/cvinoticias.com\/v3\/rehabilitaron-el-paso-provisorio-sobre-el-arroyo-pindayti\/","name":"Rehabilitaron el paso provisorio sobre el arroyo Pindayt\u00ed | CVI NOTICIAS","isPartOf":{"@id":"https:\/\/cvinoticias.com\/v3\/#website"},"primaryImageOfPage":{"@id":"https:\/\/cvinoticias.com\/v3\/rehabilitaron-el-paso-provisorio-sobre-el-arroyo-pindayti\/#primaryimage"},"image":{"@id":"https:\/\/cvinoticias.com\/v3\/rehabilitaron-el-paso-provisorio-sobre-el-arroyo-pindayti\/#primaryimage"},"thumbnailUrl":"https:\/\/cvinoticias.com\/wp-content\/uploads\/2021\/12\/IMG-20211229-WA0108-1000x600-1.jpg","datePublished":"2021-12-30T04:01:08+00:00","breadcrumb":{"@id":"https:\/\/cvinoticias.com\/v3\/rehabilitaron-el-paso-provisorio-sobre-el-arroyo-pindayti\/#breadcrumb"},"inLanguage":"es","potentialAction":[{"@type":"ReadAction","target":["https:\/\/cvinoticias.com\/v3\/rehabilitaron-el-paso-provisorio-sobre-el-arroyo-pindayti\/"]}]},{"@type":"ImageObject","inLanguage":"es","@id":"https:\/\/cvinoticias.com\/v3\/rehabilitaron-el-paso-provisorio-sobre-el-arroyo-pindayti\/#primaryimage","url":"https:\/\/cvinoticias.com\/wp-content\/uploads\/2021\/12\/IMG-20211229-WA0108-1000x600-1.jpg","contentUrl":"https:\/\/cvinoticias.com\/wp-content\/uploads\/2021\/12\/IMG-20211229-WA0108-1000x600-1.jpg","width":1000,"height":600},{"@type":"BreadcrumbList","@id":"https:\/\/cvinoticias.com\/v3\/rehabilitaron-el-paso-provisorio-sobre-el-arroyo-pindayti\/#breadcrumb","itemListElement":[{"@type":"ListItem","position":1,"name":"Portada","item":"https:\/\/cvinoticias.com\/v3\/"},{"@type":"ListItem","position":2,"name":"Rehabilitaron el paso provisorio sobre el arroyo Pindayt\u00ed"}]},{"@type":"WebSite","@id":"https:\/\/cvinoticias.com\/v3\/#website","url":"https:\/\/cvinoticias.com\/v3\/","name":"CVI NOTICIAS","description":"","publisher":{"@id":"https:\/\/cvinoticias.com\/v3\/#organization"},"alternateName":"CVI","potentialAction":[{"@type":"SearchAction","target":{"@type":"EntryPoint","urlTemplate":"https:\/\/cvinoticias.com\/v3\/?s={search_term_string}"},"query-input":{"@type":"PropertyValueSpecification","valueRequired":true,"valueName":"search_term_string"}}],"inLanguage":"es"},{"@type":"Organization","@id":"https:\/\/cvinoticias.com\/v3\/#organization","name":"CVI NOTICIAS","url":"https:\/\/cvinoticias.com\/v3\/","logo":{"@type":"ImageObject","inLanguage":"es","@id":"https:\/\/cvinoticias.com\/v3\/#\/schema\/logo\/image\/","url":"https:\/\/cvinoticias.com\/wp-content\/uploads\/2023\/04\/cropped-cropped-cropped-cropped-cropped-3-1.png","contentUrl":"https:\/\/cvinoticias.com\/wp-content\/uploads\/2023\/04\/cropped-cropped-cropped-cropped-cropped-3-1.png","width":95,"height":122,"caption":"CVI NOTICIAS"},"image":{"@id":"https:\/\/cvinoticias.com\/v3\/#\/schema\/logo\/image\/"},"sameAs":["https:\/\/www.facebook.com\/cvinoticias","https:\/\/www.instagram.com\/cvinoticias\/","https:\/\/www.youtube.com\/@CVINOTICIAS"]},{"@type":"Person","@id":"https:\/\/cvinoticias.com\/v3\/#\/schema\/person\/2db77e3c6bc03c538495d7b2b8be9b66","name":"f1000024","image":{"@type":"ImageObject","inLanguage":"es","@id":"https:\/\/secure.gravatar.com\/avatar\/d4fe7459cfc51ff5129ce1a732bbef5928568b8092d412ef95611616376bbeed?s=96&d=mm&r=g","url":"https:\/\/secure.gravatar.com\/avatar\/d4fe7459cfc51ff5129ce1a732bbef5928568b8092d412ef95611616376bbeed?s=96&d=mm&r=g","contentUrl":"https:\/\/secure.gravatar.com\/avatar\/d4fe7459cfc51ff5129ce1a732bbef5928568b8092d412ef95611616376bbeed?s=96&d=mm&r=g","caption":"f1000024"},"url":"https:\/\/cvinoticias.com\/v3\/author\/f1000024\/"}]}},"_links":{"self":[{"href":"https:\/\/cvinoticias.com\/v3\/wp-json\/wp\/v2\/posts\/11772","targetHints":{"allow":["GET"]}}],"collection":[{"href":"https:\/\/cvinoticias.com\/v3\/wp-json\/wp\/v2\/posts"}],"about":[{"href":"https:\/\/cvinoticias.com\/v3\/wp-json\/wp\/v2\/types\/post"}],"author":[{"embeddable":true,"href":"https:\/\/cvinoticias.com\/v3\/wp-json\/wp\/v2\/users\/2"}],"replies":[{"embeddable":true,"href":"https:\/\/cvinoticias.com\/v3\/wp-json\/wp\/v2\/comments?post=11772"}],"version-history":[{"count":1,"href":"https:\/\/cvinoticias.com\/v3\/wp-json\/wp\/v2\/posts\/11772\/revisions"}],"predecessor-version":[{"id":11776,"href":"https:\/\/cvinoticias.com\/v3\/wp-json\/wp\/v2\/posts\/11772\/revisions\/11776"}],"wp:featuredmedia":[{"embeddable":true,"href":"https:\/\/cvinoticias.com\/v3\/wp-json\/wp\/v2\/media\/11775"}],"wp:attachment":[{"href":"https:\/\/cvinoticias.com\/v3\/wp-json\/wp\/v2\/media?parent=11772"}],"wp:term":[{"taxonomy":"category","embeddable":true,"href":"https:\/\/cvinoticias.com\/v3\/wp-json\/wp\/v2\/categories?post=11772"},{"taxonomy":"post_tag","embeddable":true,"href":"https:\/\/cvinoticias.com\/v3\/wp-json\/wp\/v2\/tags?post=11772"}],"curies":[{"name":"wp","href":"https:\/\/api.w.org\/{rel}","templated":true}]}}