{"id":11765,"date":"2021-12-29T21:17:49","date_gmt":"2021-12-29T21:17:49","guid":{"rendered":"https:\/\/cvinoticias.com\/v3\/?p=11765"},"modified":"2021-12-29T21:17:49","modified_gmt":"2021-12-29T21:17:49","slug":"reducen-a-cinco-dias-el-aislamiento-por-contacto-estrecho-asintomatico-y-con-esquema-completo","status":"publish","type":"post","link":"https:\/\/cvinoticias.com\/v3\/reducen-a-cinco-dias-el-aislamiento-por-contacto-estrecho-asintomatico-y-con-esquema-completo\/","title":{"rendered":"Reducen a cinco d\u00edas el aislamiento por contacto estrecho, asintom\u00e1tico y con esquema completo"},"content":{"rendered":"\n<p><strong><em>La ministra de Salud, Carla Vizzotti, anunci\u00f3 este mi\u00e9rcoles que consensu\u00f3 con sus pares de todas las provincias del pa\u00eds bajar de 10 a 5 d\u00edas el aislamiento para contactos estrechos de casos positivos asintom\u00e1ticos, siempre que tengan el esquema completo de vacunaci\u00f3n, mientras que aquellos que sean positivos con s\u00edntomas leves deber\u00e1n resguardarse durante 7 d\u00edas.<\/em><\/strong><\/p>\n\n\n\n<p>Tras la reuni\u00f3n del Consejo Federal de Salud (Cofesa), que se realiz\u00f3 por videoconferencia, la ministra especific\u00f3 que para contactos estrechos asintom\u00e1ticos sin vacunarse o con el esquema incompleto, el aislamiento se reducir\u00e1 a 7 d\u00edas con un test PCR negativo o, si no se cuenta con el examen, se mantendr\u00e1n los actuales 10 d\u00edas, al igual que para aquellos que resulten positivo y no se hayan vacunado.<\/p>\n\n\n\n<p>Durante una conferencia de prensa en Casa Rosada tras la reuni\u00f3n del Cofesa, la titular de la cartera sanitaria confirm\u00f3, adem\u00e1s, que se considerar\u00e1 casos positivos a las personas que sean contacto estrecho de un caso confirmado de Covid-19 y tengan s\u00edntomas, sin necesidad de examen de laboratorio porque \u00abpierde sentido el testeo al 100 por ciento de las personas cuando hay una alt\u00edsima circulaci\u00f3n\u00bb, como en los \u00faltimos d\u00edas.<\/p>\n\n\n\n<p>Asimismo, afirm\u00f3 que \u00aben los pr\u00f3ximos d\u00edas en consenso con Cofesa vamos a tener m\u00e1s novedades sobre el autotest\u00bb e indic\u00f3 que \u00abla Argentina est\u00e1 capacitada\u00bb para utilizar esa herramienta y que la Anmat eval\u00faa la informaci\u00f3n que presentaron tres laboratorios para comercializar esos m\u00e9todos de diagn\u00f3stico.<\/p>\n\n\n\n<p>Adem\u00e1s, se\u00f1al\u00f3 que \u00abtrabajamos con las provincias y c\u00e1maras farmac\u00e9uticas para (evaluar) formas de notificaci\u00f3n desde el punto de vista de la trazabilidad y que los casos negativos sean cargados (al sistema de informaci\u00f3n) porque tienen un rol importante en porcentajes de positividad\u00bb.<\/p>\n\n\n\n<p>Respecto a la variante \u00d3micron, Vizzotti advirti\u00f3 que \u201cno podemos decir que en todo el pa\u00eds est\u00e9 circulando\u201d, pero dijo que s\u00ed ocurre en \u201clas provincias que tuvieron aumento exponencial de casos\u201d y se estudia en otros distritos donde todav\u00eda \u201cno se dispararon los casos\u201d.<\/p>\n\n\n\n<p>El \u00faltimo informe del Ministerio de Salud indic\u00f3 que, en las \u00faltimas 24 horas, murieron otras 20 personas por Covid-19 y que se reportaron 33.902 nuevos casos, con lo que suman 117.085 los fallecidos registrados oficialmente a nivel nacional y 5.514.207 los contagiados desde el inicio de la pandemia.<\/p>\n\n\n\n<p>La funcionario destac\u00f3 que \u00abretrasamos tanto la llegada de Delta y el n\u00famero de casos que hemos evitado una ola; podemos decir que Argentina evit\u00f3 una ola y en este momento (atravesamos) la tercera ola\u00bb, al remarcar la importancia de la vacunaci\u00f3n.<\/p>\n\n\n\n<p>Finalmente, la ministra asever\u00f3 que la posibilidad de cobrar el tratamiento de Covid-19 a aquellos pacientes que no est\u00e1n vacunados, como se evalu\u00f3 en Catamarca, \u201cno es algo que se est\u00e9 pensando a nivel nacional ni se ha tratado en la reuni\u00f3n del Cofesa)\u201d.<\/p>\n\n\n\n<p><strong>Fuente: T\u00e9lam<\/strong><\/p>\n","protected":false},"excerpt":{"rendered":"<p>La ministra de Salud, Carla Vizzotti, anunci\u00f3 este mi\u00e9rcoles que consensu\u00f3 con sus pares de todas las provincias del pa\u00eds bajar de 10 a 5 d\u00edas el aislamiento para contactos estrechos de casos positivos asintom\u00e1ticos, siempre que tengan el esquema completo de vacunaci\u00f3n, mientras que aquellos que sean positivos con s\u00edntomas leves deber\u00e1n resguardarse durante [&hellip;]<\/p>\n","protected":false},"author":2,"featured_media":11766,"comment_status":"open","ping_status":"open","sticky":false,"template":"","format":"standard","meta":{"footnotes":""},"categories":[23,22],"tags":[],"class_list":["post-11765","post","type-post","status-publish","format-standard","has-post-thumbnail","hentry","category-covid-19","category-salud"],"yoast_head":"<!-- This site is optimized with the Yoast SEO plugin v27.4 - https:\/\/yoast.com\/product\/yoast-seo-wordpress\/ -->\n<title>Reducen a cinco d\u00edas el aislamiento por contacto estrecho, asintom\u00e1tico y con esquema completo | CVI NOTICIAS<\/title>\n<meta name=\"robots\" content=\"index, follow, max-snippet:-1, max-image-preview:large, max-video-preview:-1\" \/>\n<link rel=\"canonical\" href=\"https:\/\/cvinoticias.com\/v3\/reducen-a-cinco-dias-el-aislamiento-por-contacto-estrecho-asintomatico-y-con-esquema-completo\/\" \/>\n<meta property=\"og:locale\" content=\"es_ES\" \/>\n<meta property=\"og:type\" content=\"article\" \/>\n<meta property=\"og:title\" content=\"Reducen a cinco d\u00edas el aislamiento por contacto estrecho, asintom\u00e1tico y con esquema completo | CVI NOTICIAS\" \/>\n<meta property=\"og:description\" content=\"La ministra de Salud, Carla Vizzotti, anunci\u00f3 este mi\u00e9rcoles que consensu\u00f3 con sus pares de todas las provincias del pa\u00eds bajar de 10 a 5 d\u00edas el aislamiento para contactos estrechos de casos positivos asintom\u00e1ticos, siempre que tengan el esquema completo de vacunaci\u00f3n, mientras que aquellos que sean positivos con s\u00edntomas leves deber\u00e1n resguardarse durante [&hellip;]\" \/>\n<meta property=\"og:url\" content=\"https:\/\/cvinoticias.com\/v3\/reducen-a-cinco-dias-el-aislamiento-por-contacto-estrecho-asintomatico-y-con-esquema-completo\/\" \/>\n<meta property=\"og:site_name\" content=\"CVI NOTICIAS\" \/>\n<meta property=\"article:publisher\" content=\"https:\/\/www.facebook.com\/cvinoticias\" \/>\n<meta property=\"article:published_time\" content=\"2021-12-29T21:17:49+00:00\" \/>\n<meta property=\"og:image\" content=\"https:\/\/cvinoticias.com\/wp-content\/uploads\/2021\/12\/images-8.jpeg\" \/>\n\t<meta property=\"og:image:width\" content=\"299\" \/>\n\t<meta property=\"og:image:height\" content=\"168\" \/>\n\t<meta property=\"og:image:type\" content=\"image\/jpeg\" \/>\n<meta name=\"author\" content=\"f1000024\" \/>\n<meta name=\"twitter:card\" content=\"summary_large_image\" \/>\n<meta name=\"twitter:label1\" content=\"Escrito por\" \/>\n\t<meta name=\"twitter:data1\" content=\"f1000024\" \/>\n\t<meta name=\"twitter:label2\" content=\"Tiempo de lectura\" \/>\n\t<meta name=\"twitter:data2\" content=\"2 minutos\" \/>\n<script type=\"application\/ld+json\" class=\"yoast-schema-graph\">{\"@context\":\"https:\\\/\\\/schema.org\",\"@graph\":[{\"@type\":\"Article\",\"@id\":\"https:\\\/\\\/cvinoticias.com\\\/v3\\\/reducen-a-cinco-dias-el-aislamiento-por-contacto-estrecho-asintomatico-y-con-esquema-completo\\\/#article\",\"isPartOf\":{\"@id\":\"https:\\\/\\\/cvinoticias.com\\\/v3\\\/reducen-a-cinco-dias-el-aislamiento-por-contacto-estrecho-asintomatico-y-con-esquema-completo\\\/\"},\"author\":{\"name\":\"f1000024\",\"@id\":\"https:\\\/\\\/cvinoticias.com\\\/v3\\\/#\\\/schema\\\/person\\\/2db77e3c6bc03c538495d7b2b8be9b66\"},\"headline\":\"Reducen a cinco d\u00edas el aislamiento por contacto estrecho, asintom\u00e1tico y con esquema completo\",\"datePublished\":\"2021-12-29T21:17:49+00:00\",\"mainEntityOfPage\":{\"@id\":\"https:\\\/\\\/cvinoticias.com\\\/v3\\\/reducen-a-cinco-dias-el-aislamiento-por-contacto-estrecho-asintomatico-y-con-esquema-completo\\\/\"},\"wordCount\":511,\"commentCount\":0,\"publisher\":{\"@id\":\"https:\\\/\\\/cvinoticias.com\\\/v3\\\/#organization\"},\"image\":{\"@id\":\"https:\\\/\\\/cvinoticias.com\\\/v3\\\/reducen-a-cinco-dias-el-aislamiento-por-contacto-estrecho-asintomatico-y-con-esquema-completo\\\/#primaryimage\"},\"thumbnailUrl\":\"https:\\\/\\\/cvinoticias.com\\\/wp-content\\\/uploads\\\/2021\\\/12\\\/images-8.jpeg\",\"articleSection\":[\"Covid-19\",\"Salud\"],\"inLanguage\":\"es\",\"potentialAction\":[{\"@type\":\"CommentAction\",\"name\":\"Comment\",\"target\":[\"https:\\\/\\\/cvinoticias.com\\\/v3\\\/reducen-a-cinco-dias-el-aislamiento-por-contacto-estrecho-asintomatico-y-con-esquema-completo\\\/#respond\"]}]},{\"@type\":\"WebPage\",\"@id\":\"https:\\\/\\\/cvinoticias.com\\\/v3\\\/reducen-a-cinco-dias-el-aislamiento-por-contacto-estrecho-asintomatico-y-con-esquema-completo\\\/\",\"url\":\"https:\\\/\\\/cvinoticias.com\\\/v3\\\/reducen-a-cinco-dias-el-aislamiento-por-contacto-estrecho-asintomatico-y-con-esquema-completo\\\/\",\"name\":\"Reducen a cinco d\u00edas el aislamiento por contacto estrecho, asintom\u00e1tico y con esquema completo | CVI NOTICIAS\",\"isPartOf\":{\"@id\":\"https:\\\/\\\/cvinoticias.com\\\/v3\\\/#website\"},\"primaryImageOfPage\":{\"@id\":\"https:\\\/\\\/cvinoticias.com\\\/v3\\\/reducen-a-cinco-dias-el-aislamiento-por-contacto-estrecho-asintomatico-y-con-esquema-completo\\\/#primaryimage\"},\"image\":{\"@id\":\"https:\\\/\\\/cvinoticias.com\\\/v3\\\/reducen-a-cinco-dias-el-aislamiento-por-contacto-estrecho-asintomatico-y-con-esquema-completo\\\/#primaryimage\"},\"thumbnailUrl\":\"https:\\\/\\\/cvinoticias.com\\\/wp-content\\\/uploads\\\/2021\\\/12\\\/images-8.jpeg\",\"datePublished\":\"2021-12-29T21:17:49+00:00\",\"breadcrumb\":{\"@id\":\"https:\\\/\\\/cvinoticias.com\\\/v3\\\/reducen-a-cinco-dias-el-aislamiento-por-contacto-estrecho-asintomatico-y-con-esquema-completo\\\/#breadcrumb\"},\"inLanguage\":\"es\",\"potentialAction\":[{\"@type\":\"ReadAction\",\"target\":[\"https:\\\/\\\/cvinoticias.com\\\/v3\\\/reducen-a-cinco-dias-el-aislamiento-por-contacto-estrecho-asintomatico-y-con-esquema-completo\\\/\"]}]},{\"@type\":\"ImageObject\",\"inLanguage\":\"es\",\"@id\":\"https:\\\/\\\/cvinoticias.com\\\/v3\\\/reducen-a-cinco-dias-el-aislamiento-por-contacto-estrecho-asintomatico-y-con-esquema-completo\\\/#primaryimage\",\"url\":\"https:\\\/\\\/cvinoticias.com\\\/wp-content\\\/uploads\\\/2021\\\/12\\\/images-8.jpeg\",\"contentUrl\":\"https:\\\/\\\/cvinoticias.com\\\/wp-content\\\/uploads\\\/2021\\\/12\\\/images-8.jpeg\",\"width\":299,\"height\":168},{\"@type\":\"BreadcrumbList\",\"@id\":\"https:\\\/\\\/cvinoticias.com\\\/v3\\\/reducen-a-cinco-dias-el-aislamiento-por-contacto-estrecho-asintomatico-y-con-esquema-completo\\\/#breadcrumb\",\"itemListElement\":[{\"@type\":\"ListItem\",\"position\":1,\"name\":\"Portada\",\"item\":\"https:\\\/\\\/cvinoticias.com\\\/v3\\\/\"},{\"@type\":\"ListItem\",\"position\":2,\"name\":\"Reducen a cinco d\u00edas el aislamiento por contacto estrecho, asintom\u00e1tico y con esquema completo\"}]},{\"@type\":\"WebSite\",\"@id\":\"https:\\\/\\\/cvinoticias.com\\\/v3\\\/#website\",\"url\":\"https:\\\/\\\/cvinoticias.com\\\/v3\\\/\",\"name\":\"CVI NOTICIAS\",\"description\":\"\",\"publisher\":{\"@id\":\"https:\\\/\\\/cvinoticias.com\\\/v3\\\/#organization\"},\"alternateName\":\"CVI\",\"potentialAction\":[{\"@type\":\"SearchAction\",\"target\":{\"@type\":\"EntryPoint\",\"urlTemplate\":\"https:\\\/\\\/cvinoticias.com\\\/v3\\\/?s={search_term_string}\"},\"query-input\":{\"@type\":\"PropertyValueSpecification\",\"valueRequired\":true,\"valueName\":\"search_term_string\"}}],\"inLanguage\":\"es\"},{\"@type\":\"Organization\",\"@id\":\"https:\\\/\\\/cvinoticias.com\\\/v3\\\/#organization\",\"name\":\"CVI NOTICIAS\",\"url\":\"https:\\\/\\\/cvinoticias.com\\\/v3\\\/\",\"logo\":{\"@type\":\"ImageObject\",\"inLanguage\":\"es\",\"@id\":\"https:\\\/\\\/cvinoticias.com\\\/v3\\\/#\\\/schema\\\/logo\\\/image\\\/\",\"url\":\"https:\\\/\\\/cvinoticias.com\\\/wp-content\\\/uploads\\\/2023\\\/04\\\/cropped-cropped-cropped-cropped-cropped-3-1.png\",\"contentUrl\":\"https:\\\/\\\/cvinoticias.com\\\/wp-content\\\/uploads\\\/2023\\\/04\\\/cropped-cropped-cropped-cropped-cropped-3-1.png\",\"width\":95,\"height\":122,\"caption\":\"CVI NOTICIAS\"},\"image\":{\"@id\":\"https:\\\/\\\/cvinoticias.com\\\/v3\\\/#\\\/schema\\\/logo\\\/image\\\/\"},\"sameAs\":[\"https:\\\/\\\/www.facebook.com\\\/cvinoticias\",\"https:\\\/\\\/www.instagram.com\\\/cvinoticias\\\/\",\"https:\\\/\\\/www.youtube.com\\\/@CVINOTICIAS\"]},{\"@type\":\"Person\",\"@id\":\"https:\\\/\\\/cvinoticias.com\\\/v3\\\/#\\\/schema\\\/person\\\/2db77e3c6bc03c538495d7b2b8be9b66\",\"name\":\"f1000024\",\"image\":{\"@type\":\"ImageObject\",\"inLanguage\":\"es\",\"@id\":\"https:\\\/\\\/secure.gravatar.com\\\/avatar\\\/d4fe7459cfc51ff5129ce1a732bbef5928568b8092d412ef95611616376bbeed?s=96&d=mm&r=g\",\"url\":\"https:\\\/\\\/secure.gravatar.com\\\/avatar\\\/d4fe7459cfc51ff5129ce1a732bbef5928568b8092d412ef95611616376bbeed?s=96&d=mm&r=g\",\"contentUrl\":\"https:\\\/\\\/secure.gravatar.com\\\/avatar\\\/d4fe7459cfc51ff5129ce1a732bbef5928568b8092d412ef95611616376bbeed?s=96&d=mm&r=g\",\"caption\":\"f1000024\"},\"url\":\"https:\\\/\\\/cvinoticias.com\\\/v3\\\/author\\\/f1000024\\\/\"}]}<\/script>\n<!-- \/ Yoast SEO plugin. -->","yoast_head_json":{"title":"Reducen a cinco d\u00edas el aislamiento por contacto estrecho, asintom\u00e1tico y con esquema completo | CVI NOTICIAS","robots":{"index":"index","follow":"follow","max-snippet":"max-snippet:-1","max-image-preview":"max-image-preview:large","max-video-preview":"max-video-preview:-1"},"canonical":"https:\/\/cvinoticias.com\/v3\/reducen-a-cinco-dias-el-aislamiento-por-contacto-estrecho-asintomatico-y-con-esquema-completo\/","og_locale":"es_ES","og_type":"article","og_title":"Reducen a cinco d\u00edas el aislamiento por contacto estrecho, asintom\u00e1tico y con esquema completo | CVI NOTICIAS","og_description":"La ministra de Salud, Carla Vizzotti, anunci\u00f3 este mi\u00e9rcoles que consensu\u00f3 con sus pares de todas las provincias del pa\u00eds bajar de 10 a 5 d\u00edas el aislamiento para contactos estrechos de casos positivos asintom\u00e1ticos, siempre que tengan el esquema completo de vacunaci\u00f3n, mientras que aquellos que sean positivos con s\u00edntomas leves deber\u00e1n resguardarse durante [&hellip;]","og_url":"https:\/\/cvinoticias.com\/v3\/reducen-a-cinco-dias-el-aislamiento-por-contacto-estrecho-asintomatico-y-con-esquema-completo\/","og_site_name":"CVI NOTICIAS","article_publisher":"https:\/\/www.facebook.com\/cvinoticias","article_published_time":"2021-12-29T21:17:49+00:00","og_image":[{"width":299,"height":168,"url":"https:\/\/cvinoticias.com\/wp-content\/uploads\/2021\/12\/images-8.jpeg","type":"image\/jpeg"}],"author":"f1000024","twitter_card":"summary_large_image","twitter_misc":{"Escrito por":"f1000024","Tiempo de lectura":"2 minutos"},"schema":{"@context":"https:\/\/schema.org","@graph":[{"@type":"Article","@id":"https:\/\/cvinoticias.com\/v3\/reducen-a-cinco-dias-el-aislamiento-por-contacto-estrecho-asintomatico-y-con-esquema-completo\/#article","isPartOf":{"@id":"https:\/\/cvinoticias.com\/v3\/reducen-a-cinco-dias-el-aislamiento-por-contacto-estrecho-asintomatico-y-con-esquema-completo\/"},"author":{"name":"f1000024","@id":"https:\/\/cvinoticias.com\/v3\/#\/schema\/person\/2db77e3c6bc03c538495d7b2b8be9b66"},"headline":"Reducen a cinco d\u00edas el aislamiento por contacto estrecho, asintom\u00e1tico y con esquema completo","datePublished":"2021-12-29T21:17:49+00:00","mainEntityOfPage":{"@id":"https:\/\/cvinoticias.com\/v3\/reducen-a-cinco-dias-el-aislamiento-por-contacto-estrecho-asintomatico-y-con-esquema-completo\/"},"wordCount":511,"commentCount":0,"publisher":{"@id":"https:\/\/cvinoticias.com\/v3\/#organization"},"image":{"@id":"https:\/\/cvinoticias.com\/v3\/reducen-a-cinco-dias-el-aislamiento-por-contacto-estrecho-asintomatico-y-con-esquema-completo\/#primaryimage"},"thumbnailUrl":"https:\/\/cvinoticias.com\/wp-content\/uploads\/2021\/12\/images-8.jpeg","articleSection":["Covid-19","Salud"],"inLanguage":"es","potentialAction":[{"@type":"CommentAction","name":"Comment","target":["https:\/\/cvinoticias.com\/v3\/reducen-a-cinco-dias-el-aislamiento-por-contacto-estrecho-asintomatico-y-con-esquema-completo\/#respond"]}]},{"@type":"WebPage","@id":"https:\/\/cvinoticias.com\/v3\/reducen-a-cinco-dias-el-aislamiento-por-contacto-estrecho-asintomatico-y-con-esquema-completo\/","url":"https:\/\/cvinoticias.com\/v3\/reducen-a-cinco-dias-el-aislamiento-por-contacto-estrecho-asintomatico-y-con-esquema-completo\/","name":"Reducen a cinco d\u00edas el aislamiento por contacto estrecho, asintom\u00e1tico y con esquema completo | CVI NOTICIAS","isPartOf":{"@id":"https:\/\/cvinoticias.com\/v3\/#website"},"primaryImageOfPage":{"@id":"https:\/\/cvinoticias.com\/v3\/reducen-a-cinco-dias-el-aislamiento-por-contacto-estrecho-asintomatico-y-con-esquema-completo\/#primaryimage"},"image":{"@id":"https:\/\/cvinoticias.com\/v3\/reducen-a-cinco-dias-el-aislamiento-por-contacto-estrecho-asintomatico-y-con-esquema-completo\/#primaryimage"},"thumbnailUrl":"https:\/\/cvinoticias.com\/wp-content\/uploads\/2021\/12\/images-8.jpeg","datePublished":"2021-12-29T21:17:49+00:00","breadcrumb":{"@id":"https:\/\/cvinoticias.com\/v3\/reducen-a-cinco-dias-el-aislamiento-por-contacto-estrecho-asintomatico-y-con-esquema-completo\/#breadcrumb"},"inLanguage":"es","potentialAction":[{"@type":"ReadAction","target":["https:\/\/cvinoticias.com\/v3\/reducen-a-cinco-dias-el-aislamiento-por-contacto-estrecho-asintomatico-y-con-esquema-completo\/"]}]},{"@type":"ImageObject","inLanguage":"es","@id":"https:\/\/cvinoticias.com\/v3\/reducen-a-cinco-dias-el-aislamiento-por-contacto-estrecho-asintomatico-y-con-esquema-completo\/#primaryimage","url":"https:\/\/cvinoticias.com\/wp-content\/uploads\/2021\/12\/images-8.jpeg","contentUrl":"https:\/\/cvinoticias.com\/wp-content\/uploads\/2021\/12\/images-8.jpeg","width":299,"height":168},{"@type":"BreadcrumbList","@id":"https:\/\/cvinoticias.com\/v3\/reducen-a-cinco-dias-el-aislamiento-por-contacto-estrecho-asintomatico-y-con-esquema-completo\/#breadcrumb","itemListElement":[{"@type":"ListItem","position":1,"name":"Portada","item":"https:\/\/cvinoticias.com\/v3\/"},{"@type":"ListItem","position":2,"name":"Reducen a cinco d\u00edas el aislamiento por contacto estrecho, asintom\u00e1tico y con esquema completo"}]},{"@type":"WebSite","@id":"https:\/\/cvinoticias.com\/v3\/#website","url":"https:\/\/cvinoticias.com\/v3\/","name":"CVI NOTICIAS","description":"","publisher":{"@id":"https:\/\/cvinoticias.com\/v3\/#organization"},"alternateName":"CVI","potentialAction":[{"@type":"SearchAction","target":{"@type":"EntryPoint","urlTemplate":"https:\/\/cvinoticias.com\/v3\/?s={search_term_string}"},"query-input":{"@type":"PropertyValueSpecification","valueRequired":true,"valueName":"search_term_string"}}],"inLanguage":"es"},{"@type":"Organization","@id":"https:\/\/cvinoticias.com\/v3\/#organization","name":"CVI NOTICIAS","url":"https:\/\/cvinoticias.com\/v3\/","logo":{"@type":"ImageObject","inLanguage":"es","@id":"https:\/\/cvinoticias.com\/v3\/#\/schema\/logo\/image\/","url":"https:\/\/cvinoticias.com\/wp-content\/uploads\/2023\/04\/cropped-cropped-cropped-cropped-cropped-3-1.png","contentUrl":"https:\/\/cvinoticias.com\/wp-content\/uploads\/2023\/04\/cropped-cropped-cropped-cropped-cropped-3-1.png","width":95,"height":122,"caption":"CVI NOTICIAS"},"image":{"@id":"https:\/\/cvinoticias.com\/v3\/#\/schema\/logo\/image\/"},"sameAs":["https:\/\/www.facebook.com\/cvinoticias","https:\/\/www.instagram.com\/cvinoticias\/","https:\/\/www.youtube.com\/@CVINOTICIAS"]},{"@type":"Person","@id":"https:\/\/cvinoticias.com\/v3\/#\/schema\/person\/2db77e3c6bc03c538495d7b2b8be9b66","name":"f1000024","image":{"@type":"ImageObject","inLanguage":"es","@id":"https:\/\/secure.gravatar.com\/avatar\/d4fe7459cfc51ff5129ce1a732bbef5928568b8092d412ef95611616376bbeed?s=96&d=mm&r=g","url":"https:\/\/secure.gravatar.com\/avatar\/d4fe7459cfc51ff5129ce1a732bbef5928568b8092d412ef95611616376bbeed?s=96&d=mm&r=g","contentUrl":"https:\/\/secure.gravatar.com\/avatar\/d4fe7459cfc51ff5129ce1a732bbef5928568b8092d412ef95611616376bbeed?s=96&d=mm&r=g","caption":"f1000024"},"url":"https:\/\/cvinoticias.com\/v3\/author\/f1000024\/"}]}},"_links":{"self":[{"href":"https:\/\/cvinoticias.com\/v3\/wp-json\/wp\/v2\/posts\/11765","targetHints":{"allow":["GET"]}}],"collection":[{"href":"https:\/\/cvinoticias.com\/v3\/wp-json\/wp\/v2\/posts"}],"about":[{"href":"https:\/\/cvinoticias.com\/v3\/wp-json\/wp\/v2\/types\/post"}],"author":[{"embeddable":true,"href":"https:\/\/cvinoticias.com\/v3\/wp-json\/wp\/v2\/users\/2"}],"replies":[{"embeddable":true,"href":"https:\/\/cvinoticias.com\/v3\/wp-json\/wp\/v2\/comments?post=11765"}],"version-history":[{"count":1,"href":"https:\/\/cvinoticias.com\/v3\/wp-json\/wp\/v2\/posts\/11765\/revisions"}],"predecessor-version":[{"id":11767,"href":"https:\/\/cvinoticias.com\/v3\/wp-json\/wp\/v2\/posts\/11765\/revisions\/11767"}],"wp:featuredmedia":[{"embeddable":true,"href":"https:\/\/cvinoticias.com\/v3\/wp-json\/wp\/v2\/media\/11766"}],"wp:attachment":[{"href":"https:\/\/cvinoticias.com\/v3\/wp-json\/wp\/v2\/media?parent=11765"}],"wp:term":[{"taxonomy":"category","embeddable":true,"href":"https:\/\/cvinoticias.com\/v3\/wp-json\/wp\/v2\/categories?post=11765"},{"taxonomy":"post_tag","embeddable":true,"href":"https:\/\/cvinoticias.com\/v3\/wp-json\/wp\/v2\/tags?post=11765"}],"curies":[{"name":"wp","href":"https:\/\/api.w.org\/{rel}","templated":true}]}}