{"id":11757,"date":"2021-12-29T17:00:09","date_gmt":"2021-12-29T17:00:09","guid":{"rendered":"https:\/\/cvinoticias.com\/v3\/?p=11757"},"modified":"2021-12-29T17:00:09","modified_gmt":"2021-12-29T17:00:09","slug":"detuvieron-a-dos-jovenes-en-iguazu-y-demoraron-a-dos-menores-en-obera-sospechados-de-actos-delictivos","status":"publish","type":"post","link":"https:\/\/cvinoticias.com\/v3\/detuvieron-a-dos-jovenes-en-iguazu-y-demoraron-a-dos-menores-en-obera-sospechados-de-actos-delictivos\/","title":{"rendered":"Detuvieron a dos j\u00f3venes en Iguaz\u00fa y demoraron a dos menores en Ober\u00e1 sospechados de actos delictivos"},"content":{"rendered":"\n<p><em><strong>En las \u00faltimas horas los efectivos de distintas dependencias realizaron procedimientos para esclarecer hechos delictivos en dos localidades.<\/strong><\/em><\/p>\n\n\n\n<p>Primeramente, en la tarde de ayer, los efectivos de la Divisi\u00f3n de Investigaciones de la Unidad Regional V, en la avenida Libertador de Puerto Iguaz\u00fa detuvieron a dos j\u00f3venes de 25 y 28 a\u00f1os, sospechados de robar cables en varias instituciones para su comercializaci\u00f3n. Los uniformados realizaban recorridas cuando detuvieron a los sindicados en el momento que quemaban los cables, as\u00ed tambi\u00e9n, incautaron una guitarra, una garrafa y una pava el\u00e9ctrica que estaban ocultos entre las malezas.<\/p>\n\n\n\n<figure class=\"wp-block-image size-full\"><a href=\"https:\/\/cvinoticias.com\/wp-content\/uploads\/2021\/12\/IMG-20211229-WA0073.jpg\"><img decoding=\"async\" width=\"720\" height=\"900\" data-src=\"https:\/\/cvinoticias.com\/wp-content\/uploads\/2021\/12\/IMG-20211229-WA0073.jpg\" alt=\"\" class=\"wp-image-11759 lazyload\" data-srcset=\"https:\/\/cvinoticias.com\/wp-content\/uploads\/2021\/12\/IMG-20211229-WA0073.jpg 720w, https:\/\/cvinoticias.com\/wp-content\/uploads\/2021\/12\/IMG-20211229-WA0073-240x300.jpg 240w\" data-sizes=\"(max-width: 720px) 100vw, 720px\" src=\"data:image\/svg+xml;base64,PHN2ZyB3aWR0aD0iMSIgaGVpZ2h0PSIxIiB4bWxucz0iaHR0cDovL3d3dy53My5vcmcvMjAwMC9zdmciPjwvc3ZnPg==\" style=\"--smush-placeholder-width: 720px; --smush-placeholder-aspect-ratio: 720\/900;\" \/><\/a><\/figure>\n\n\n\n<p>Por otro lado, esta madrugada en Ober\u00e1, los efectivos de la Comisar\u00eda 5ta demoraron en el barrio 200 viviendas a dos menores de 15 y 16 a\u00f1os, se\u00f1alados por robar elementos de la Escuela Provincia N\u00b0926, ubicada en ese barrio. Los agentes arribaron al lugar por un llamado al 911, donde manifestaron que dos ciudadanos hab\u00edan ingresado al predio escolar, pero los polic\u00edas lo sorprendieron infraganti y evitaron que se lleven los elementos.<\/p>\n\n\n\n<figure class=\"wp-block-image size-full\"><a href=\"https:\/\/cvinoticias.com\/wp-content\/uploads\/2021\/12\/IMG-20211229-WA0072.jpg\"><img decoding=\"async\" width=\"405\" height=\"505\" data-src=\"https:\/\/cvinoticias.com\/wp-content\/uploads\/2021\/12\/IMG-20211229-WA0072.jpg\" alt=\"\" class=\"wp-image-11758 lazyload\" data-srcset=\"https:\/\/cvinoticias.com\/wp-content\/uploads\/2021\/12\/IMG-20211229-WA0072.jpg 405w, https:\/\/cvinoticias.com\/wp-content\/uploads\/2021\/12\/IMG-20211229-WA0072-241x300.jpg 241w\" data-sizes=\"(max-width: 405px) 100vw, 405px\" src=\"data:image\/svg+xml;base64,PHN2ZyB3aWR0aD0iMSIgaGVpZ2h0PSIxIiB4bWxucz0iaHR0cDovL3d3dy53My5vcmcvMjAwMC9zdmciPjwvc3ZnPg==\" style=\"--smush-placeholder-width: 405px; --smush-placeholder-aspect-ratio: 405\/505;\" \/><\/a><\/figure>\n\n\n\n<p>Finalmente, los detenidos fueron alojados en la Comisar\u00eda a disposici\u00f3n de la Justicia y los elementos secuestrados fueron depositados en la sede. Y por el segundo hecho los menores fueron notificados de la causa y fueron entregados a sus progenitores para guarda y cuidado.<\/p>\n","protected":false},"excerpt":{"rendered":"<p>En las \u00faltimas horas los efectivos de distintas dependencias realizaron procedimientos para esclarecer hechos delictivos en dos localidades. Primeramente, en la tarde de ayer, los efectivos de la Divisi\u00f3n de Investigaciones de la Unidad Regional V, en la avenida Libertador de Puerto Iguaz\u00fa detuvieron a dos j\u00f3venes de 25 y 28 a\u00f1os, sospechados de robar [&hellip;]<\/p>\n","protected":false},"author":2,"featured_media":11760,"comment_status":"open","ping_status":"open","sticky":false,"template":"","format":"standard","meta":{"footnotes":""},"categories":[29,41],"tags":[],"class_list":["post-11757","post","type-post","status-publish","format-standard","has-post-thumbnail","hentry","category-locales","category-policiales"],"yoast_head":"<!-- This site is optimized with the Yoast SEO plugin v27.4 - https:\/\/yoast.com\/product\/yoast-seo-wordpress\/ -->\n<title>Detuvieron a dos j\u00f3venes en Iguaz\u00fa y demoraron a dos menores en Ober\u00e1 sospechados de actos delictivos | CVI NOTICIAS<\/title>\n<meta name=\"robots\" content=\"index, follow, max-snippet:-1, max-image-preview:large, max-video-preview:-1\" \/>\n<link rel=\"canonical\" href=\"https:\/\/cvinoticias.com\/v3\/detuvieron-a-dos-jovenes-en-iguazu-y-demoraron-a-dos-menores-en-obera-sospechados-de-actos-delictivos\/\" \/>\n<meta property=\"og:locale\" content=\"es_ES\" \/>\n<meta property=\"og:type\" content=\"article\" \/>\n<meta property=\"og:title\" content=\"Detuvieron a dos j\u00f3venes en Iguaz\u00fa y demoraron a dos menores en Ober\u00e1 sospechados de actos delictivos | CVI NOTICIAS\" \/>\n<meta property=\"og:description\" content=\"En las \u00faltimas horas los efectivos de distintas dependencias realizaron procedimientos para esclarecer hechos delictivos en dos localidades. Primeramente, en la tarde de ayer, los efectivos de la Divisi\u00f3n de Investigaciones de la Unidad Regional V, en la avenida Libertador de Puerto Iguaz\u00fa detuvieron a dos j\u00f3venes de 25 y 28 a\u00f1os, sospechados de robar [&hellip;]\" \/>\n<meta property=\"og:url\" content=\"https:\/\/cvinoticias.com\/v3\/detuvieron-a-dos-jovenes-en-iguazu-y-demoraron-a-dos-menores-en-obera-sospechados-de-actos-delictivos\/\" \/>\n<meta property=\"og:site_name\" content=\"CVI NOTICIAS\" \/>\n<meta property=\"article:publisher\" content=\"https:\/\/www.facebook.com\/cvinoticias\" \/>\n<meta property=\"article:published_time\" content=\"2021-12-29T17:00:09+00:00\" \/>\n<meta property=\"og:image\" content=\"https:\/\/cvinoticias.com\/wp-content\/uploads\/2021\/12\/IMG-20211229-WA0071.jpg\" \/>\n\t<meta property=\"og:image:width\" content=\"720\" \/>\n\t<meta property=\"og:image:height\" content=\"900\" \/>\n\t<meta property=\"og:image:type\" content=\"image\/jpeg\" \/>\n<meta name=\"author\" content=\"f1000024\" \/>\n<meta name=\"twitter:card\" content=\"summary_large_image\" \/>\n<meta name=\"twitter:label1\" content=\"Escrito por\" \/>\n\t<meta name=\"twitter:data1\" content=\"f1000024\" \/>\n\t<meta name=\"twitter:label2\" content=\"Tiempo de lectura\" \/>\n\t<meta name=\"twitter:data2\" content=\"1 minuto\" \/>\n<script type=\"application\/ld+json\" class=\"yoast-schema-graph\">{\"@context\":\"https:\\\/\\\/schema.org\",\"@graph\":[{\"@type\":\"Article\",\"@id\":\"https:\\\/\\\/cvinoticias.com\\\/v3\\\/detuvieron-a-dos-jovenes-en-iguazu-y-demoraron-a-dos-menores-en-obera-sospechados-de-actos-delictivos\\\/#article\",\"isPartOf\":{\"@id\":\"https:\\\/\\\/cvinoticias.com\\\/v3\\\/detuvieron-a-dos-jovenes-en-iguazu-y-demoraron-a-dos-menores-en-obera-sospechados-de-actos-delictivos\\\/\"},\"author\":{\"name\":\"f1000024\",\"@id\":\"https:\\\/\\\/cvinoticias.com\\\/v3\\\/#\\\/schema\\\/person\\\/2db77e3c6bc03c538495d7b2b8be9b66\"},\"headline\":\"Detuvieron a dos j\u00f3venes en Iguaz\u00fa y demoraron a dos menores en Ober\u00e1 sospechados de actos delictivos\",\"datePublished\":\"2021-12-29T17:00:09+00:00\",\"mainEntityOfPage\":{\"@id\":\"https:\\\/\\\/cvinoticias.com\\\/v3\\\/detuvieron-a-dos-jovenes-en-iguazu-y-demoraron-a-dos-menores-en-obera-sospechados-de-actos-delictivos\\\/\"},\"wordCount\":237,\"commentCount\":0,\"publisher\":{\"@id\":\"https:\\\/\\\/cvinoticias.com\\\/v3\\\/#organization\"},\"image\":{\"@id\":\"https:\\\/\\\/cvinoticias.com\\\/v3\\\/detuvieron-a-dos-jovenes-en-iguazu-y-demoraron-a-dos-menores-en-obera-sospechados-de-actos-delictivos\\\/#primaryimage\"},\"thumbnailUrl\":\"https:\\\/\\\/cvinoticias.com\\\/wp-content\\\/uploads\\\/2021\\\/12\\\/IMG-20211229-WA0071.jpg\",\"articleSection\":[\"Locales\",\"Policiales\"],\"inLanguage\":\"es\",\"potentialAction\":[{\"@type\":\"CommentAction\",\"name\":\"Comment\",\"target\":[\"https:\\\/\\\/cvinoticias.com\\\/v3\\\/detuvieron-a-dos-jovenes-en-iguazu-y-demoraron-a-dos-menores-en-obera-sospechados-de-actos-delictivos\\\/#respond\"]}]},{\"@type\":\"WebPage\",\"@id\":\"https:\\\/\\\/cvinoticias.com\\\/v3\\\/detuvieron-a-dos-jovenes-en-iguazu-y-demoraron-a-dos-menores-en-obera-sospechados-de-actos-delictivos\\\/\",\"url\":\"https:\\\/\\\/cvinoticias.com\\\/v3\\\/detuvieron-a-dos-jovenes-en-iguazu-y-demoraron-a-dos-menores-en-obera-sospechados-de-actos-delictivos\\\/\",\"name\":\"Detuvieron a dos j\u00f3venes en Iguaz\u00fa y demoraron a dos menores en Ober\u00e1 sospechados de actos delictivos | CVI NOTICIAS\",\"isPartOf\":{\"@id\":\"https:\\\/\\\/cvinoticias.com\\\/v3\\\/#website\"},\"primaryImageOfPage\":{\"@id\":\"https:\\\/\\\/cvinoticias.com\\\/v3\\\/detuvieron-a-dos-jovenes-en-iguazu-y-demoraron-a-dos-menores-en-obera-sospechados-de-actos-delictivos\\\/#primaryimage\"},\"image\":{\"@id\":\"https:\\\/\\\/cvinoticias.com\\\/v3\\\/detuvieron-a-dos-jovenes-en-iguazu-y-demoraron-a-dos-menores-en-obera-sospechados-de-actos-delictivos\\\/#primaryimage\"},\"thumbnailUrl\":\"https:\\\/\\\/cvinoticias.com\\\/wp-content\\\/uploads\\\/2021\\\/12\\\/IMG-20211229-WA0071.jpg\",\"datePublished\":\"2021-12-29T17:00:09+00:00\",\"breadcrumb\":{\"@id\":\"https:\\\/\\\/cvinoticias.com\\\/v3\\\/detuvieron-a-dos-jovenes-en-iguazu-y-demoraron-a-dos-menores-en-obera-sospechados-de-actos-delictivos\\\/#breadcrumb\"},\"inLanguage\":\"es\",\"potentialAction\":[{\"@type\":\"ReadAction\",\"target\":[\"https:\\\/\\\/cvinoticias.com\\\/v3\\\/detuvieron-a-dos-jovenes-en-iguazu-y-demoraron-a-dos-menores-en-obera-sospechados-de-actos-delictivos\\\/\"]}]},{\"@type\":\"ImageObject\",\"inLanguage\":\"es\",\"@id\":\"https:\\\/\\\/cvinoticias.com\\\/v3\\\/detuvieron-a-dos-jovenes-en-iguazu-y-demoraron-a-dos-menores-en-obera-sospechados-de-actos-delictivos\\\/#primaryimage\",\"url\":\"https:\\\/\\\/cvinoticias.com\\\/wp-content\\\/uploads\\\/2021\\\/12\\\/IMG-20211229-WA0071.jpg\",\"contentUrl\":\"https:\\\/\\\/cvinoticias.com\\\/wp-content\\\/uploads\\\/2021\\\/12\\\/IMG-20211229-WA0071.jpg\",\"width\":720,\"height\":900},{\"@type\":\"BreadcrumbList\",\"@id\":\"https:\\\/\\\/cvinoticias.com\\\/v3\\\/detuvieron-a-dos-jovenes-en-iguazu-y-demoraron-a-dos-menores-en-obera-sospechados-de-actos-delictivos\\\/#breadcrumb\",\"itemListElement\":[{\"@type\":\"ListItem\",\"position\":1,\"name\":\"Portada\",\"item\":\"https:\\\/\\\/cvinoticias.com\\\/v3\\\/\"},{\"@type\":\"ListItem\",\"position\":2,\"name\":\"Detuvieron a dos j\u00f3venes en Iguaz\u00fa y demoraron a dos menores en Ober\u00e1 sospechados de actos delictivos\"}]},{\"@type\":\"WebSite\",\"@id\":\"https:\\\/\\\/cvinoticias.com\\\/v3\\\/#website\",\"url\":\"https:\\\/\\\/cvinoticias.com\\\/v3\\\/\",\"name\":\"CVI NOTICIAS\",\"description\":\"\",\"publisher\":{\"@id\":\"https:\\\/\\\/cvinoticias.com\\\/v3\\\/#organization\"},\"alternateName\":\"CVI\",\"potentialAction\":[{\"@type\":\"SearchAction\",\"target\":{\"@type\":\"EntryPoint\",\"urlTemplate\":\"https:\\\/\\\/cvinoticias.com\\\/v3\\\/?s={search_term_string}\"},\"query-input\":{\"@type\":\"PropertyValueSpecification\",\"valueRequired\":true,\"valueName\":\"search_term_string\"}}],\"inLanguage\":\"es\"},{\"@type\":\"Organization\",\"@id\":\"https:\\\/\\\/cvinoticias.com\\\/v3\\\/#organization\",\"name\":\"CVI NOTICIAS\",\"url\":\"https:\\\/\\\/cvinoticias.com\\\/v3\\\/\",\"logo\":{\"@type\":\"ImageObject\",\"inLanguage\":\"es\",\"@id\":\"https:\\\/\\\/cvinoticias.com\\\/v3\\\/#\\\/schema\\\/logo\\\/image\\\/\",\"url\":\"https:\\\/\\\/cvinoticias.com\\\/wp-content\\\/uploads\\\/2023\\\/04\\\/cropped-cropped-cropped-cropped-cropped-3-1.png\",\"contentUrl\":\"https:\\\/\\\/cvinoticias.com\\\/wp-content\\\/uploads\\\/2023\\\/04\\\/cropped-cropped-cropped-cropped-cropped-3-1.png\",\"width\":95,\"height\":122,\"caption\":\"CVI NOTICIAS\"},\"image\":{\"@id\":\"https:\\\/\\\/cvinoticias.com\\\/v3\\\/#\\\/schema\\\/logo\\\/image\\\/\"},\"sameAs\":[\"https:\\\/\\\/www.facebook.com\\\/cvinoticias\",\"https:\\\/\\\/www.instagram.com\\\/cvinoticias\\\/\",\"https:\\\/\\\/www.youtube.com\\\/@CVINOTICIAS\"]},{\"@type\":\"Person\",\"@id\":\"https:\\\/\\\/cvinoticias.com\\\/v3\\\/#\\\/schema\\\/person\\\/2db77e3c6bc03c538495d7b2b8be9b66\",\"name\":\"f1000024\",\"image\":{\"@type\":\"ImageObject\",\"inLanguage\":\"es\",\"@id\":\"https:\\\/\\\/secure.gravatar.com\\\/avatar\\\/d4fe7459cfc51ff5129ce1a732bbef5928568b8092d412ef95611616376bbeed?s=96&d=mm&r=g\",\"url\":\"https:\\\/\\\/secure.gravatar.com\\\/avatar\\\/d4fe7459cfc51ff5129ce1a732bbef5928568b8092d412ef95611616376bbeed?s=96&d=mm&r=g\",\"contentUrl\":\"https:\\\/\\\/secure.gravatar.com\\\/avatar\\\/d4fe7459cfc51ff5129ce1a732bbef5928568b8092d412ef95611616376bbeed?s=96&d=mm&r=g\",\"caption\":\"f1000024\"},\"url\":\"https:\\\/\\\/cvinoticias.com\\\/v3\\\/author\\\/f1000024\\\/\"}]}<\/script>\n<!-- \/ Yoast SEO plugin. -->","yoast_head_json":{"title":"Detuvieron a dos j\u00f3venes en Iguaz\u00fa y demoraron a dos menores en Ober\u00e1 sospechados de actos delictivos | CVI NOTICIAS","robots":{"index":"index","follow":"follow","max-snippet":"max-snippet:-1","max-image-preview":"max-image-preview:large","max-video-preview":"max-video-preview:-1"},"canonical":"https:\/\/cvinoticias.com\/v3\/detuvieron-a-dos-jovenes-en-iguazu-y-demoraron-a-dos-menores-en-obera-sospechados-de-actos-delictivos\/","og_locale":"es_ES","og_type":"article","og_title":"Detuvieron a dos j\u00f3venes en Iguaz\u00fa y demoraron a dos menores en Ober\u00e1 sospechados de actos delictivos | CVI NOTICIAS","og_description":"En las \u00faltimas horas los efectivos de distintas dependencias realizaron procedimientos para esclarecer hechos delictivos en dos localidades. Primeramente, en la tarde de ayer, los efectivos de la Divisi\u00f3n de Investigaciones de la Unidad Regional V, en la avenida Libertador de Puerto Iguaz\u00fa detuvieron a dos j\u00f3venes de 25 y 28 a\u00f1os, sospechados de robar [&hellip;]","og_url":"https:\/\/cvinoticias.com\/v3\/detuvieron-a-dos-jovenes-en-iguazu-y-demoraron-a-dos-menores-en-obera-sospechados-de-actos-delictivos\/","og_site_name":"CVI NOTICIAS","article_publisher":"https:\/\/www.facebook.com\/cvinoticias","article_published_time":"2021-12-29T17:00:09+00:00","og_image":[{"width":720,"height":900,"url":"https:\/\/cvinoticias.com\/wp-content\/uploads\/2021\/12\/IMG-20211229-WA0071.jpg","type":"image\/jpeg"}],"author":"f1000024","twitter_card":"summary_large_image","twitter_misc":{"Escrito por":"f1000024","Tiempo de lectura":"1 minuto"},"schema":{"@context":"https:\/\/schema.org","@graph":[{"@type":"Article","@id":"https:\/\/cvinoticias.com\/v3\/detuvieron-a-dos-jovenes-en-iguazu-y-demoraron-a-dos-menores-en-obera-sospechados-de-actos-delictivos\/#article","isPartOf":{"@id":"https:\/\/cvinoticias.com\/v3\/detuvieron-a-dos-jovenes-en-iguazu-y-demoraron-a-dos-menores-en-obera-sospechados-de-actos-delictivos\/"},"author":{"name":"f1000024","@id":"https:\/\/cvinoticias.com\/v3\/#\/schema\/person\/2db77e3c6bc03c538495d7b2b8be9b66"},"headline":"Detuvieron a dos j\u00f3venes en Iguaz\u00fa y demoraron a dos menores en Ober\u00e1 sospechados de actos delictivos","datePublished":"2021-12-29T17:00:09+00:00","mainEntityOfPage":{"@id":"https:\/\/cvinoticias.com\/v3\/detuvieron-a-dos-jovenes-en-iguazu-y-demoraron-a-dos-menores-en-obera-sospechados-de-actos-delictivos\/"},"wordCount":237,"commentCount":0,"publisher":{"@id":"https:\/\/cvinoticias.com\/v3\/#organization"},"image":{"@id":"https:\/\/cvinoticias.com\/v3\/detuvieron-a-dos-jovenes-en-iguazu-y-demoraron-a-dos-menores-en-obera-sospechados-de-actos-delictivos\/#primaryimage"},"thumbnailUrl":"https:\/\/cvinoticias.com\/wp-content\/uploads\/2021\/12\/IMG-20211229-WA0071.jpg","articleSection":["Locales","Policiales"],"inLanguage":"es","potentialAction":[{"@type":"CommentAction","name":"Comment","target":["https:\/\/cvinoticias.com\/v3\/detuvieron-a-dos-jovenes-en-iguazu-y-demoraron-a-dos-menores-en-obera-sospechados-de-actos-delictivos\/#respond"]}]},{"@type":"WebPage","@id":"https:\/\/cvinoticias.com\/v3\/detuvieron-a-dos-jovenes-en-iguazu-y-demoraron-a-dos-menores-en-obera-sospechados-de-actos-delictivos\/","url":"https:\/\/cvinoticias.com\/v3\/detuvieron-a-dos-jovenes-en-iguazu-y-demoraron-a-dos-menores-en-obera-sospechados-de-actos-delictivos\/","name":"Detuvieron a dos j\u00f3venes en Iguaz\u00fa y demoraron a dos menores en Ober\u00e1 sospechados de actos delictivos | CVI NOTICIAS","isPartOf":{"@id":"https:\/\/cvinoticias.com\/v3\/#website"},"primaryImageOfPage":{"@id":"https:\/\/cvinoticias.com\/v3\/detuvieron-a-dos-jovenes-en-iguazu-y-demoraron-a-dos-menores-en-obera-sospechados-de-actos-delictivos\/#primaryimage"},"image":{"@id":"https:\/\/cvinoticias.com\/v3\/detuvieron-a-dos-jovenes-en-iguazu-y-demoraron-a-dos-menores-en-obera-sospechados-de-actos-delictivos\/#primaryimage"},"thumbnailUrl":"https:\/\/cvinoticias.com\/wp-content\/uploads\/2021\/12\/IMG-20211229-WA0071.jpg","datePublished":"2021-12-29T17:00:09+00:00","breadcrumb":{"@id":"https:\/\/cvinoticias.com\/v3\/detuvieron-a-dos-jovenes-en-iguazu-y-demoraron-a-dos-menores-en-obera-sospechados-de-actos-delictivos\/#breadcrumb"},"inLanguage":"es","potentialAction":[{"@type":"ReadAction","target":["https:\/\/cvinoticias.com\/v3\/detuvieron-a-dos-jovenes-en-iguazu-y-demoraron-a-dos-menores-en-obera-sospechados-de-actos-delictivos\/"]}]},{"@type":"ImageObject","inLanguage":"es","@id":"https:\/\/cvinoticias.com\/v3\/detuvieron-a-dos-jovenes-en-iguazu-y-demoraron-a-dos-menores-en-obera-sospechados-de-actos-delictivos\/#primaryimage","url":"https:\/\/cvinoticias.com\/wp-content\/uploads\/2021\/12\/IMG-20211229-WA0071.jpg","contentUrl":"https:\/\/cvinoticias.com\/wp-content\/uploads\/2021\/12\/IMG-20211229-WA0071.jpg","width":720,"height":900},{"@type":"BreadcrumbList","@id":"https:\/\/cvinoticias.com\/v3\/detuvieron-a-dos-jovenes-en-iguazu-y-demoraron-a-dos-menores-en-obera-sospechados-de-actos-delictivos\/#breadcrumb","itemListElement":[{"@type":"ListItem","position":1,"name":"Portada","item":"https:\/\/cvinoticias.com\/v3\/"},{"@type":"ListItem","position":2,"name":"Detuvieron a dos j\u00f3venes en Iguaz\u00fa y demoraron a dos menores en Ober\u00e1 sospechados de actos delictivos"}]},{"@type":"WebSite","@id":"https:\/\/cvinoticias.com\/v3\/#website","url":"https:\/\/cvinoticias.com\/v3\/","name":"CVI NOTICIAS","description":"","publisher":{"@id":"https:\/\/cvinoticias.com\/v3\/#organization"},"alternateName":"CVI","potentialAction":[{"@type":"SearchAction","target":{"@type":"EntryPoint","urlTemplate":"https:\/\/cvinoticias.com\/v3\/?s={search_term_string}"},"query-input":{"@type":"PropertyValueSpecification","valueRequired":true,"valueName":"search_term_string"}}],"inLanguage":"es"},{"@type":"Organization","@id":"https:\/\/cvinoticias.com\/v3\/#organization","name":"CVI NOTICIAS","url":"https:\/\/cvinoticias.com\/v3\/","logo":{"@type":"ImageObject","inLanguage":"es","@id":"https:\/\/cvinoticias.com\/v3\/#\/schema\/logo\/image\/","url":"https:\/\/cvinoticias.com\/wp-content\/uploads\/2023\/04\/cropped-cropped-cropped-cropped-cropped-3-1.png","contentUrl":"https:\/\/cvinoticias.com\/wp-content\/uploads\/2023\/04\/cropped-cropped-cropped-cropped-cropped-3-1.png","width":95,"height":122,"caption":"CVI NOTICIAS"},"image":{"@id":"https:\/\/cvinoticias.com\/v3\/#\/schema\/logo\/image\/"},"sameAs":["https:\/\/www.facebook.com\/cvinoticias","https:\/\/www.instagram.com\/cvinoticias\/","https:\/\/www.youtube.com\/@CVINOTICIAS"]},{"@type":"Person","@id":"https:\/\/cvinoticias.com\/v3\/#\/schema\/person\/2db77e3c6bc03c538495d7b2b8be9b66","name":"f1000024","image":{"@type":"ImageObject","inLanguage":"es","@id":"https:\/\/secure.gravatar.com\/avatar\/d4fe7459cfc51ff5129ce1a732bbef5928568b8092d412ef95611616376bbeed?s=96&d=mm&r=g","url":"https:\/\/secure.gravatar.com\/avatar\/d4fe7459cfc51ff5129ce1a732bbef5928568b8092d412ef95611616376bbeed?s=96&d=mm&r=g","contentUrl":"https:\/\/secure.gravatar.com\/avatar\/d4fe7459cfc51ff5129ce1a732bbef5928568b8092d412ef95611616376bbeed?s=96&d=mm&r=g","caption":"f1000024"},"url":"https:\/\/cvinoticias.com\/v3\/author\/f1000024\/"}]}},"_links":{"self":[{"href":"https:\/\/cvinoticias.com\/v3\/wp-json\/wp\/v2\/posts\/11757","targetHints":{"allow":["GET"]}}],"collection":[{"href":"https:\/\/cvinoticias.com\/v3\/wp-json\/wp\/v2\/posts"}],"about":[{"href":"https:\/\/cvinoticias.com\/v3\/wp-json\/wp\/v2\/types\/post"}],"author":[{"embeddable":true,"href":"https:\/\/cvinoticias.com\/v3\/wp-json\/wp\/v2\/users\/2"}],"replies":[{"embeddable":true,"href":"https:\/\/cvinoticias.com\/v3\/wp-json\/wp\/v2\/comments?post=11757"}],"version-history":[{"count":1,"href":"https:\/\/cvinoticias.com\/v3\/wp-json\/wp\/v2\/posts\/11757\/revisions"}],"predecessor-version":[{"id":11761,"href":"https:\/\/cvinoticias.com\/v3\/wp-json\/wp\/v2\/posts\/11757\/revisions\/11761"}],"wp:featuredmedia":[{"embeddable":true,"href":"https:\/\/cvinoticias.com\/v3\/wp-json\/wp\/v2\/media\/11760"}],"wp:attachment":[{"href":"https:\/\/cvinoticias.com\/v3\/wp-json\/wp\/v2\/media?parent=11757"}],"wp:term":[{"taxonomy":"category","embeddable":true,"href":"https:\/\/cvinoticias.com\/v3\/wp-json\/wp\/v2\/categories?post=11757"},{"taxonomy":"post_tag","embeddable":true,"href":"https:\/\/cvinoticias.com\/v3\/wp-json\/wp\/v2\/tags?post=11757"}],"curies":[{"name":"wp","href":"https:\/\/api.w.org\/{rel}","templated":true}]}}