{"id":11739,"date":"2021-12-29T12:52:28","date_gmt":"2021-12-29T12:52:28","guid":{"rendered":"https:\/\/cvinoticias.com\/v3\/?p=11739"},"modified":"2021-12-29T12:52:28","modified_gmt":"2021-12-29T12:52:28","slug":"capiovi-cayeron-en-un-remis-dos-adolescentes-que-viajaban-con-marihuana","status":"publish","type":"post","link":"https:\/\/cvinoticias.com\/v3\/capiovi-cayeron-en-un-remis-dos-adolescentes-que-viajaban-con-marihuana\/","title":{"rendered":"Capiov\u00ed: Cayeron en un remis dos adolescentes que viajaban con marihuana"},"content":{"rendered":"\n<p><strong><em>Son dos jovencitos de 17 a\u00f1os oriundos de la localidad de Ruiz de Montoya, quienes ayer por la tarde viajaban como pasajeros en un remis y fueron interceptados en un control vehicular por el Comando Radioel\u00e9ctrico de Capiov\u00ed. En su poder, llevaban tres mochilas con m\u00e1s de 14 kilogramos de marihuana.<\/em><\/strong><\/p>\n\n\n\n<p>Eran las 18 horas, cuando los uniformados desplegaron un riguroso control vehicular sobre la Ruta Nacional N.\u00ba 12 en inmediaciones al vivero de una empresa celulosa donde interceptaron un autom\u00f3vil Fiat Siena, que ten\u00eda como pasajeros a los adolescentes quienes solicitaron el servicio en el barrio San Gotardo, una colonia cercana a la ciudad y ten\u00edan como destino la localidad de Ruiz de Montoya. Al identificarlos, los polic\u00edas notaron un gran estado de nerviosismo por parte de estas personas.<\/p>\n\n\n\n<p>Esta situaci\u00f3n fue lo que alert\u00f3 a los efectivos; por esta raz\u00f3n, le ordenaron a los sindicados que descendieran del rodado y que exhibieran el interior de las mochilas. En ese momento, un olor similar al de la marihuana eman\u00f3 de adentro y notaron unas bolsas con una sustancia similar.<\/p>\n\n\n\n<p>Ante esto, los agentes de la Divisi\u00f3n Drogas Peligrosas de la Unidad Regional IV de Puerto Rico se presentaron en el lugar y realizaron el test orientativo que arroj\u00f3 positivo para cannabis sativa y un peso de 14 kilos y 245 gramos, con un aforo de 1.452.990 pesos.<\/p>\n\n\n\n<p>El Juzgado de Federal de Ober\u00e1 orden\u00f3 la notificaci\u00f3n de la causa a los menores, que sean llevados hasta esos estrados para tomarles declaraciones al igual que el chofer del remis.<\/p>\n","protected":false},"excerpt":{"rendered":"<p>Son dos jovencitos de 17 a\u00f1os oriundos de la localidad de Ruiz de Montoya, quienes ayer por la tarde viajaban como pasajeros en un remis y fueron interceptados en un control vehicular por el Comando Radioel\u00e9ctrico de Capiov\u00ed. En su poder, llevaban tres mochilas con m\u00e1s de 14 kilogramos de marihuana. Eran las 18 horas, [&hellip;]<\/p>\n","protected":false},"author":2,"featured_media":11740,"comment_status":"open","ping_status":"open","sticky":false,"template":"","format":"standard","meta":{"footnotes":""},"categories":[41],"tags":[],"class_list":["post-11739","post","type-post","status-publish","format-standard","has-post-thumbnail","hentry","category-policiales"],"yoast_head":"<!-- This site is optimized with the Yoast SEO plugin v27.5 - https:\/\/yoast.com\/product\/yoast-seo-wordpress\/ -->\n<title>Capiov\u00ed: Cayeron en un remis dos adolescentes que viajaban con marihuana | CVI NOTICIAS<\/title>\n<meta name=\"robots\" content=\"index, follow, max-snippet:-1, max-image-preview:large, max-video-preview:-1\" \/>\n<link rel=\"canonical\" href=\"https:\/\/cvinoticias.com\/v3\/capiovi-cayeron-en-un-remis-dos-adolescentes-que-viajaban-con-marihuana\/\" \/>\n<meta property=\"og:locale\" content=\"es_ES\" \/>\n<meta property=\"og:type\" content=\"article\" \/>\n<meta property=\"og:title\" content=\"Capiov\u00ed: Cayeron en un remis dos adolescentes que viajaban con marihuana | CVI NOTICIAS\" \/>\n<meta property=\"og:description\" content=\"Son dos jovencitos de 17 a\u00f1os oriundos de la localidad de Ruiz de Montoya, quienes ayer por la tarde viajaban como pasajeros en un remis y fueron interceptados en un control vehicular por el Comando Radioel\u00e9ctrico de Capiov\u00ed. En su poder, llevaban tres mochilas con m\u00e1s de 14 kilogramos de marihuana. Eran las 18 horas, [&hellip;]\" \/>\n<meta property=\"og:url\" content=\"https:\/\/cvinoticias.com\/v3\/capiovi-cayeron-en-un-remis-dos-adolescentes-que-viajaban-con-marihuana\/\" \/>\n<meta property=\"og:site_name\" content=\"CVI NOTICIAS\" \/>\n<meta property=\"article:publisher\" content=\"https:\/\/www.facebook.com\/cvinoticias\" \/>\n<meta property=\"article:published_time\" content=\"2021-12-29T12:52:28+00:00\" \/>\n<meta property=\"og:image\" content=\"https:\/\/cvinoticias.com\/wp-content\/uploads\/2021\/12\/IMG-20211229-WA0018.jpg\" \/>\n\t<meta property=\"og:image:width\" content=\"1280\" \/>\n\t<meta property=\"og:image:height\" content=\"773\" \/>\n\t<meta property=\"og:image:type\" content=\"image\/jpeg\" \/>\n<meta name=\"author\" content=\"f1000024\" \/>\n<meta name=\"twitter:card\" content=\"summary_large_image\" \/>\n<meta name=\"twitter:label1\" content=\"Escrito por\" \/>\n\t<meta name=\"twitter:data1\" content=\"f1000024\" \/>\n\t<meta name=\"twitter:label2\" content=\"Tiempo de lectura\" \/>\n\t<meta name=\"twitter:data2\" content=\"1 minuto\" \/>\n<script type=\"application\/ld+json\" class=\"yoast-schema-graph\">{\"@context\":\"https:\\\/\\\/schema.org\",\"@graph\":[{\"@type\":\"Article\",\"@id\":\"https:\\\/\\\/cvinoticias.com\\\/v3\\\/capiovi-cayeron-en-un-remis-dos-adolescentes-que-viajaban-con-marihuana\\\/#article\",\"isPartOf\":{\"@id\":\"https:\\\/\\\/cvinoticias.com\\\/v3\\\/capiovi-cayeron-en-un-remis-dos-adolescentes-que-viajaban-con-marihuana\\\/\"},\"author\":{\"name\":\"f1000024\",\"@id\":\"https:\\\/\\\/cvinoticias.com\\\/v3\\\/#\\\/schema\\\/person\\\/2db77e3c6bc03c538495d7b2b8be9b66\"},\"headline\":\"Capiov\u00ed: Cayeron en un remis dos adolescentes que viajaban con marihuana\",\"datePublished\":\"2021-12-29T12:52:28+00:00\",\"mainEntityOfPage\":{\"@id\":\"https:\\\/\\\/cvinoticias.com\\\/v3\\\/capiovi-cayeron-en-un-remis-dos-adolescentes-que-viajaban-con-marihuana\\\/\"},\"wordCount\":274,\"commentCount\":0,\"publisher\":{\"@id\":\"https:\\\/\\\/cvinoticias.com\\\/v3\\\/#organization\"},\"image\":{\"@id\":\"https:\\\/\\\/cvinoticias.com\\\/v3\\\/capiovi-cayeron-en-un-remis-dos-adolescentes-que-viajaban-con-marihuana\\\/#primaryimage\"},\"thumbnailUrl\":\"https:\\\/\\\/cvinoticias.com\\\/wp-content\\\/uploads\\\/2021\\\/12\\\/IMG-20211229-WA0018.jpg\",\"articleSection\":[\"Policiales\"],\"inLanguage\":\"es\",\"potentialAction\":[{\"@type\":\"CommentAction\",\"name\":\"Comment\",\"target\":[\"https:\\\/\\\/cvinoticias.com\\\/v3\\\/capiovi-cayeron-en-un-remis-dos-adolescentes-que-viajaban-con-marihuana\\\/#respond\"]}]},{\"@type\":\"WebPage\",\"@id\":\"https:\\\/\\\/cvinoticias.com\\\/v3\\\/capiovi-cayeron-en-un-remis-dos-adolescentes-que-viajaban-con-marihuana\\\/\",\"url\":\"https:\\\/\\\/cvinoticias.com\\\/v3\\\/capiovi-cayeron-en-un-remis-dos-adolescentes-que-viajaban-con-marihuana\\\/\",\"name\":\"Capiov\u00ed: Cayeron en un remis dos adolescentes que viajaban con marihuana | CVI NOTICIAS\",\"isPartOf\":{\"@id\":\"https:\\\/\\\/cvinoticias.com\\\/v3\\\/#website\"},\"primaryImageOfPage\":{\"@id\":\"https:\\\/\\\/cvinoticias.com\\\/v3\\\/capiovi-cayeron-en-un-remis-dos-adolescentes-que-viajaban-con-marihuana\\\/#primaryimage\"},\"image\":{\"@id\":\"https:\\\/\\\/cvinoticias.com\\\/v3\\\/capiovi-cayeron-en-un-remis-dos-adolescentes-que-viajaban-con-marihuana\\\/#primaryimage\"},\"thumbnailUrl\":\"https:\\\/\\\/cvinoticias.com\\\/wp-content\\\/uploads\\\/2021\\\/12\\\/IMG-20211229-WA0018.jpg\",\"datePublished\":\"2021-12-29T12:52:28+00:00\",\"breadcrumb\":{\"@id\":\"https:\\\/\\\/cvinoticias.com\\\/v3\\\/capiovi-cayeron-en-un-remis-dos-adolescentes-que-viajaban-con-marihuana\\\/#breadcrumb\"},\"inLanguage\":\"es\",\"potentialAction\":[{\"@type\":\"ReadAction\",\"target\":[\"https:\\\/\\\/cvinoticias.com\\\/v3\\\/capiovi-cayeron-en-un-remis-dos-adolescentes-que-viajaban-con-marihuana\\\/\"]}]},{\"@type\":\"ImageObject\",\"inLanguage\":\"es\",\"@id\":\"https:\\\/\\\/cvinoticias.com\\\/v3\\\/capiovi-cayeron-en-un-remis-dos-adolescentes-que-viajaban-con-marihuana\\\/#primaryimage\",\"url\":\"https:\\\/\\\/cvinoticias.com\\\/wp-content\\\/uploads\\\/2021\\\/12\\\/IMG-20211229-WA0018.jpg\",\"contentUrl\":\"https:\\\/\\\/cvinoticias.com\\\/wp-content\\\/uploads\\\/2021\\\/12\\\/IMG-20211229-WA0018.jpg\",\"width\":1280,\"height\":773},{\"@type\":\"BreadcrumbList\",\"@id\":\"https:\\\/\\\/cvinoticias.com\\\/v3\\\/capiovi-cayeron-en-un-remis-dos-adolescentes-que-viajaban-con-marihuana\\\/#breadcrumb\",\"itemListElement\":[{\"@type\":\"ListItem\",\"position\":1,\"name\":\"Portada\",\"item\":\"https:\\\/\\\/cvinoticias.com\\\/v3\\\/\"},{\"@type\":\"ListItem\",\"position\":2,\"name\":\"Capiov\u00ed: Cayeron en un remis dos adolescentes que viajaban con marihuana\"}]},{\"@type\":\"WebSite\",\"@id\":\"https:\\\/\\\/cvinoticias.com\\\/v3\\\/#website\",\"url\":\"https:\\\/\\\/cvinoticias.com\\\/v3\\\/\",\"name\":\"CVI NOTICIAS\",\"description\":\"\",\"publisher\":{\"@id\":\"https:\\\/\\\/cvinoticias.com\\\/v3\\\/#organization\"},\"alternateName\":\"CVI\",\"potentialAction\":[{\"@type\":\"SearchAction\",\"target\":{\"@type\":\"EntryPoint\",\"urlTemplate\":\"https:\\\/\\\/cvinoticias.com\\\/v3\\\/?s={search_term_string}\"},\"query-input\":{\"@type\":\"PropertyValueSpecification\",\"valueRequired\":true,\"valueName\":\"search_term_string\"}}],\"inLanguage\":\"es\"},{\"@type\":\"Organization\",\"@id\":\"https:\\\/\\\/cvinoticias.com\\\/v3\\\/#organization\",\"name\":\"CVI NOTICIAS\",\"url\":\"https:\\\/\\\/cvinoticias.com\\\/v3\\\/\",\"logo\":{\"@type\":\"ImageObject\",\"inLanguage\":\"es\",\"@id\":\"https:\\\/\\\/cvinoticias.com\\\/v3\\\/#\\\/schema\\\/logo\\\/image\\\/\",\"url\":\"https:\\\/\\\/cvinoticias.com\\\/wp-content\\\/uploads\\\/2023\\\/04\\\/cropped-cropped-cropped-cropped-cropped-3-1.png\",\"contentUrl\":\"https:\\\/\\\/cvinoticias.com\\\/wp-content\\\/uploads\\\/2023\\\/04\\\/cropped-cropped-cropped-cropped-cropped-3-1.png\",\"width\":95,\"height\":122,\"caption\":\"CVI NOTICIAS\"},\"image\":{\"@id\":\"https:\\\/\\\/cvinoticias.com\\\/v3\\\/#\\\/schema\\\/logo\\\/image\\\/\"},\"sameAs\":[\"https:\\\/\\\/www.facebook.com\\\/cvinoticias\",\"https:\\\/\\\/www.instagram.com\\\/cvinoticias\\\/\",\"https:\\\/\\\/www.youtube.com\\\/@CVINOTICIAS\"]},{\"@type\":\"Person\",\"@id\":\"https:\\\/\\\/cvinoticias.com\\\/v3\\\/#\\\/schema\\\/person\\\/2db77e3c6bc03c538495d7b2b8be9b66\",\"name\":\"f1000024\",\"image\":{\"@type\":\"ImageObject\",\"inLanguage\":\"es\",\"@id\":\"https:\\\/\\\/secure.gravatar.com\\\/avatar\\\/d4fe7459cfc51ff5129ce1a732bbef5928568b8092d412ef95611616376bbeed?s=96&d=mm&r=g\",\"url\":\"https:\\\/\\\/secure.gravatar.com\\\/avatar\\\/d4fe7459cfc51ff5129ce1a732bbef5928568b8092d412ef95611616376bbeed?s=96&d=mm&r=g\",\"contentUrl\":\"https:\\\/\\\/secure.gravatar.com\\\/avatar\\\/d4fe7459cfc51ff5129ce1a732bbef5928568b8092d412ef95611616376bbeed?s=96&d=mm&r=g\",\"caption\":\"f1000024\"},\"url\":\"https:\\\/\\\/cvinoticias.com\\\/v3\\\/author\\\/f1000024\\\/\"}]}<\/script>\n<!-- \/ Yoast SEO plugin. -->","yoast_head_json":{"title":"Capiov\u00ed: Cayeron en un remis dos adolescentes que viajaban con marihuana | CVI NOTICIAS","robots":{"index":"index","follow":"follow","max-snippet":"max-snippet:-1","max-image-preview":"max-image-preview:large","max-video-preview":"max-video-preview:-1"},"canonical":"https:\/\/cvinoticias.com\/v3\/capiovi-cayeron-en-un-remis-dos-adolescentes-que-viajaban-con-marihuana\/","og_locale":"es_ES","og_type":"article","og_title":"Capiov\u00ed: Cayeron en un remis dos adolescentes que viajaban con marihuana | CVI NOTICIAS","og_description":"Son dos jovencitos de 17 a\u00f1os oriundos de la localidad de Ruiz de Montoya, quienes ayer por la tarde viajaban como pasajeros en un remis y fueron interceptados en un control vehicular por el Comando Radioel\u00e9ctrico de Capiov\u00ed. En su poder, llevaban tres mochilas con m\u00e1s de 14 kilogramos de marihuana. Eran las 18 horas, [&hellip;]","og_url":"https:\/\/cvinoticias.com\/v3\/capiovi-cayeron-en-un-remis-dos-adolescentes-que-viajaban-con-marihuana\/","og_site_name":"CVI NOTICIAS","article_publisher":"https:\/\/www.facebook.com\/cvinoticias","article_published_time":"2021-12-29T12:52:28+00:00","og_image":[{"width":1280,"height":773,"url":"https:\/\/cvinoticias.com\/wp-content\/uploads\/2021\/12\/IMG-20211229-WA0018.jpg","type":"image\/jpeg"}],"author":"f1000024","twitter_card":"summary_large_image","twitter_misc":{"Escrito por":"f1000024","Tiempo de lectura":"1 minuto"},"schema":{"@context":"https:\/\/schema.org","@graph":[{"@type":"Article","@id":"https:\/\/cvinoticias.com\/v3\/capiovi-cayeron-en-un-remis-dos-adolescentes-que-viajaban-con-marihuana\/#article","isPartOf":{"@id":"https:\/\/cvinoticias.com\/v3\/capiovi-cayeron-en-un-remis-dos-adolescentes-que-viajaban-con-marihuana\/"},"author":{"name":"f1000024","@id":"https:\/\/cvinoticias.com\/v3\/#\/schema\/person\/2db77e3c6bc03c538495d7b2b8be9b66"},"headline":"Capiov\u00ed: Cayeron en un remis dos adolescentes que viajaban con marihuana","datePublished":"2021-12-29T12:52:28+00:00","mainEntityOfPage":{"@id":"https:\/\/cvinoticias.com\/v3\/capiovi-cayeron-en-un-remis-dos-adolescentes-que-viajaban-con-marihuana\/"},"wordCount":274,"commentCount":0,"publisher":{"@id":"https:\/\/cvinoticias.com\/v3\/#organization"},"image":{"@id":"https:\/\/cvinoticias.com\/v3\/capiovi-cayeron-en-un-remis-dos-adolescentes-que-viajaban-con-marihuana\/#primaryimage"},"thumbnailUrl":"https:\/\/cvinoticias.com\/wp-content\/uploads\/2021\/12\/IMG-20211229-WA0018.jpg","articleSection":["Policiales"],"inLanguage":"es","potentialAction":[{"@type":"CommentAction","name":"Comment","target":["https:\/\/cvinoticias.com\/v3\/capiovi-cayeron-en-un-remis-dos-adolescentes-que-viajaban-con-marihuana\/#respond"]}]},{"@type":"WebPage","@id":"https:\/\/cvinoticias.com\/v3\/capiovi-cayeron-en-un-remis-dos-adolescentes-que-viajaban-con-marihuana\/","url":"https:\/\/cvinoticias.com\/v3\/capiovi-cayeron-en-un-remis-dos-adolescentes-que-viajaban-con-marihuana\/","name":"Capiov\u00ed: Cayeron en un remis dos adolescentes que viajaban con marihuana | CVI NOTICIAS","isPartOf":{"@id":"https:\/\/cvinoticias.com\/v3\/#website"},"primaryImageOfPage":{"@id":"https:\/\/cvinoticias.com\/v3\/capiovi-cayeron-en-un-remis-dos-adolescentes-que-viajaban-con-marihuana\/#primaryimage"},"image":{"@id":"https:\/\/cvinoticias.com\/v3\/capiovi-cayeron-en-un-remis-dos-adolescentes-que-viajaban-con-marihuana\/#primaryimage"},"thumbnailUrl":"https:\/\/cvinoticias.com\/wp-content\/uploads\/2021\/12\/IMG-20211229-WA0018.jpg","datePublished":"2021-12-29T12:52:28+00:00","breadcrumb":{"@id":"https:\/\/cvinoticias.com\/v3\/capiovi-cayeron-en-un-remis-dos-adolescentes-que-viajaban-con-marihuana\/#breadcrumb"},"inLanguage":"es","potentialAction":[{"@type":"ReadAction","target":["https:\/\/cvinoticias.com\/v3\/capiovi-cayeron-en-un-remis-dos-adolescentes-que-viajaban-con-marihuana\/"]}]},{"@type":"ImageObject","inLanguage":"es","@id":"https:\/\/cvinoticias.com\/v3\/capiovi-cayeron-en-un-remis-dos-adolescentes-que-viajaban-con-marihuana\/#primaryimage","url":"https:\/\/cvinoticias.com\/wp-content\/uploads\/2021\/12\/IMG-20211229-WA0018.jpg","contentUrl":"https:\/\/cvinoticias.com\/wp-content\/uploads\/2021\/12\/IMG-20211229-WA0018.jpg","width":1280,"height":773},{"@type":"BreadcrumbList","@id":"https:\/\/cvinoticias.com\/v3\/capiovi-cayeron-en-un-remis-dos-adolescentes-que-viajaban-con-marihuana\/#breadcrumb","itemListElement":[{"@type":"ListItem","position":1,"name":"Portada","item":"https:\/\/cvinoticias.com\/v3\/"},{"@type":"ListItem","position":2,"name":"Capiov\u00ed: Cayeron en un remis dos adolescentes que viajaban con marihuana"}]},{"@type":"WebSite","@id":"https:\/\/cvinoticias.com\/v3\/#website","url":"https:\/\/cvinoticias.com\/v3\/","name":"CVI NOTICIAS","description":"","publisher":{"@id":"https:\/\/cvinoticias.com\/v3\/#organization"},"alternateName":"CVI","potentialAction":[{"@type":"SearchAction","target":{"@type":"EntryPoint","urlTemplate":"https:\/\/cvinoticias.com\/v3\/?s={search_term_string}"},"query-input":{"@type":"PropertyValueSpecification","valueRequired":true,"valueName":"search_term_string"}}],"inLanguage":"es"},{"@type":"Organization","@id":"https:\/\/cvinoticias.com\/v3\/#organization","name":"CVI NOTICIAS","url":"https:\/\/cvinoticias.com\/v3\/","logo":{"@type":"ImageObject","inLanguage":"es","@id":"https:\/\/cvinoticias.com\/v3\/#\/schema\/logo\/image\/","url":"https:\/\/cvinoticias.com\/wp-content\/uploads\/2023\/04\/cropped-cropped-cropped-cropped-cropped-3-1.png","contentUrl":"https:\/\/cvinoticias.com\/wp-content\/uploads\/2023\/04\/cropped-cropped-cropped-cropped-cropped-3-1.png","width":95,"height":122,"caption":"CVI NOTICIAS"},"image":{"@id":"https:\/\/cvinoticias.com\/v3\/#\/schema\/logo\/image\/"},"sameAs":["https:\/\/www.facebook.com\/cvinoticias","https:\/\/www.instagram.com\/cvinoticias\/","https:\/\/www.youtube.com\/@CVINOTICIAS"]},{"@type":"Person","@id":"https:\/\/cvinoticias.com\/v3\/#\/schema\/person\/2db77e3c6bc03c538495d7b2b8be9b66","name":"f1000024","image":{"@type":"ImageObject","inLanguage":"es","@id":"https:\/\/secure.gravatar.com\/avatar\/d4fe7459cfc51ff5129ce1a732bbef5928568b8092d412ef95611616376bbeed?s=96&d=mm&r=g","url":"https:\/\/secure.gravatar.com\/avatar\/d4fe7459cfc51ff5129ce1a732bbef5928568b8092d412ef95611616376bbeed?s=96&d=mm&r=g","contentUrl":"https:\/\/secure.gravatar.com\/avatar\/d4fe7459cfc51ff5129ce1a732bbef5928568b8092d412ef95611616376bbeed?s=96&d=mm&r=g","caption":"f1000024"},"url":"https:\/\/cvinoticias.com\/v3\/author\/f1000024\/"}]}},"_links":{"self":[{"href":"https:\/\/cvinoticias.com\/v3\/wp-json\/wp\/v2\/posts\/11739","targetHints":{"allow":["GET"]}}],"collection":[{"href":"https:\/\/cvinoticias.com\/v3\/wp-json\/wp\/v2\/posts"}],"about":[{"href":"https:\/\/cvinoticias.com\/v3\/wp-json\/wp\/v2\/types\/post"}],"author":[{"embeddable":true,"href":"https:\/\/cvinoticias.com\/v3\/wp-json\/wp\/v2\/users\/2"}],"replies":[{"embeddable":true,"href":"https:\/\/cvinoticias.com\/v3\/wp-json\/wp\/v2\/comments?post=11739"}],"version-history":[{"count":1,"href":"https:\/\/cvinoticias.com\/v3\/wp-json\/wp\/v2\/posts\/11739\/revisions"}],"predecessor-version":[{"id":11741,"href":"https:\/\/cvinoticias.com\/v3\/wp-json\/wp\/v2\/posts\/11739\/revisions\/11741"}],"wp:featuredmedia":[{"embeddable":true,"href":"https:\/\/cvinoticias.com\/v3\/wp-json\/wp\/v2\/media\/11740"}],"wp:attachment":[{"href":"https:\/\/cvinoticias.com\/v3\/wp-json\/wp\/v2\/media?parent=11739"}],"wp:term":[{"taxonomy":"category","embeddable":true,"href":"https:\/\/cvinoticias.com\/v3\/wp-json\/wp\/v2\/categories?post=11739"},{"taxonomy":"post_tag","embeddable":true,"href":"https:\/\/cvinoticias.com\/v3\/wp-json\/wp\/v2\/tags?post=11739"}],"curies":[{"name":"wp","href":"https:\/\/api.w.org\/{rel}","templated":true}]}}