{"id":11727,"date":"2021-12-29T10:52:55","date_gmt":"2021-12-29T10:52:55","guid":{"rendered":"https:\/\/cvinoticias.com\/v3\/?p=11727"},"modified":"2021-12-29T10:52:55","modified_gmt":"2021-12-29T10:52:55","slug":"ypf-anuncio-que-mantendra-sus-precios-hasta-marzo","status":"publish","type":"post","link":"https:\/\/cvinoticias.com\/v3\/ypf-anuncio-que-mantendra-sus-precios-hasta-marzo\/","title":{"rendered":"YPF anunci\u00f3 que mantendr\u00e1 sus precios hasta marzo"},"content":{"rendered":"\n<p><em><strong>Desde la empresa se\u00f1alaron que no se esperan subas en los precios de los combustibles en los pr\u00f3ximos d\u00edas, con el fin de favorecer a las vacaciones de verano<\/strong><\/em>.<\/p>\n\n\n\n<p>\u201cNo est\u00e1 previsto que YPF aumente los precios de las naftas en los pr\u00f3ximos meses\u201d, anticip\u00f3\u00a0<em>\u00c1mbito.<\/em>\u00a0La intenci\u00f3n del Gobierno es favorecer el turismo durante el verano, de donde reci\u00e9n en marzo podr\u00edan evaluarse nuevos ajustes.<\/p>\n\n\n\n<p>Un antecedente en este sentido es que\u00a0las autoridades decidieron postergar hasta marzo la actualizaci\u00f3n del impuesto a los combustibles.<\/p>\n\n\n\n<p>Los valores de los combustibles pr\u00e1cticamente no han variado desde que YPF dej\u00f3 de aplicar subas a mediados de mayo pasado.\u00a0El titular de la petrolera, Pablo Gonz\u00e1lez, anunci\u00f3 a principios de este a\u00f1o tres aumentos de 5% que se aplicaron en marzo, abril y mayo.<\/p>\n\n\n\n<p>Dado que antes se hab\u00edan realizado otros incrementos, la suba anual alcanza a 34%.\u00a0Los aumentos el a\u00f1o pr\u00f3ximo ser\u00edan menores, acompa\u00f1ando la esperada baja en la inflaci\u00f3n y se dar\u00edan de manera escalonada, como sucedi\u00f3 en 2021.<\/p>\n\n\n\n<p>La decisi\u00f3n del Gobierno de congelar los precios de la nafta y el gasoil desde mediados de mayo lleva a que los valores tengan un atraso de 12%, seg\u00fan estimaciones de las entidades que representan a los due\u00f1os de las estaciones de servicio. Fuentes de las refiner\u00edas se\u00f1alan un desfasaje algo menor, del 10%.<\/p>\n","protected":false},"excerpt":{"rendered":"<p>Desde la empresa se\u00f1alaron que no se esperan subas en los precios de los combustibles en los pr\u00f3ximos d\u00edas, con el fin de favorecer a las vacaciones de verano. \u201cNo est\u00e1 previsto que YPF aumente los precios de las naftas en los pr\u00f3ximos meses\u201d, anticip\u00f3\u00a0\u00c1mbito.\u00a0La intenci\u00f3n del Gobierno es favorecer el turismo durante el verano, [&hellip;]<\/p>\n","protected":false},"author":2,"featured_media":11728,"comment_status":"open","ping_status":"open","sticky":false,"template":"","format":"standard","meta":{"footnotes":""},"categories":[35],"tags":[],"class_list":["post-11727","post","type-post","status-publish","format-standard","has-post-thumbnail","hentry","category-informacion-general"],"yoast_head":"<!-- This site is optimized with the Yoast SEO plugin v27.5 - https:\/\/yoast.com\/product\/yoast-seo-wordpress\/ -->\n<title>YPF anunci\u00f3 que mantendr\u00e1 sus precios hasta marzo | CVI NOTICIAS<\/title>\n<meta name=\"robots\" content=\"index, follow, max-snippet:-1, max-image-preview:large, max-video-preview:-1\" \/>\n<link rel=\"canonical\" href=\"https:\/\/cvinoticias.com\/v3\/ypf-anuncio-que-mantendra-sus-precios-hasta-marzo\/\" \/>\n<meta property=\"og:locale\" content=\"es_ES\" \/>\n<meta property=\"og:type\" content=\"article\" \/>\n<meta property=\"og:title\" content=\"YPF anunci\u00f3 que mantendr\u00e1 sus precios hasta marzo | CVI NOTICIAS\" \/>\n<meta property=\"og:description\" content=\"Desde la empresa se\u00f1alaron que no se esperan subas en los precios de los combustibles en los pr\u00f3ximos d\u00edas, con el fin de favorecer a las vacaciones de verano. \u201cNo est\u00e1 previsto que YPF aumente los precios de las naftas en los pr\u00f3ximos meses\u201d, anticip\u00f3\u00a0\u00c1mbito.\u00a0La intenci\u00f3n del Gobierno es favorecer el turismo durante el verano, [&hellip;]\" \/>\n<meta property=\"og:url\" content=\"https:\/\/cvinoticias.com\/v3\/ypf-anuncio-que-mantendra-sus-precios-hasta-marzo\/\" \/>\n<meta property=\"og:site_name\" content=\"CVI NOTICIAS\" \/>\n<meta property=\"article:publisher\" content=\"https:\/\/www.facebook.com\/cvinoticias\" \/>\n<meta property=\"article:published_time\" content=\"2021-12-29T10:52:55+00:00\" \/>\n<meta property=\"og:image\" content=\"https:\/\/cvinoticias.com\/wp-content\/uploads\/2021\/12\/Screenshot_20211229-075129_Chrome.jpg\" \/>\n\t<meta property=\"og:image:width\" content=\"1080\" \/>\n\t<meta property=\"og:image:height\" content=\"860\" \/>\n\t<meta property=\"og:image:type\" content=\"image\/jpeg\" \/>\n<meta name=\"author\" content=\"f1000024\" \/>\n<meta name=\"twitter:card\" content=\"summary_large_image\" \/>\n<meta name=\"twitter:label1\" content=\"Escrito por\" \/>\n\t<meta name=\"twitter:data1\" content=\"f1000024\" \/>\n\t<meta name=\"twitter:label2\" content=\"Tiempo de lectura\" \/>\n\t<meta name=\"twitter:data2\" content=\"1 minuto\" \/>\n<script type=\"application\/ld+json\" class=\"yoast-schema-graph\">{\"@context\":\"https:\\\/\\\/schema.org\",\"@graph\":[{\"@type\":\"Article\",\"@id\":\"https:\\\/\\\/cvinoticias.com\\\/v3\\\/ypf-anuncio-que-mantendra-sus-precios-hasta-marzo\\\/#article\",\"isPartOf\":{\"@id\":\"https:\\\/\\\/cvinoticias.com\\\/v3\\\/ypf-anuncio-que-mantendra-sus-precios-hasta-marzo\\\/\"},\"author\":{\"name\":\"f1000024\",\"@id\":\"https:\\\/\\\/cvinoticias.com\\\/v3\\\/#\\\/schema\\\/person\\\/2db77e3c6bc03c538495d7b2b8be9b66\"},\"headline\":\"YPF anunci\u00f3 que mantendr\u00e1 sus precios hasta marzo\",\"datePublished\":\"2021-12-29T10:52:55+00:00\",\"mainEntityOfPage\":{\"@id\":\"https:\\\/\\\/cvinoticias.com\\\/v3\\\/ypf-anuncio-que-mantendra-sus-precios-hasta-marzo\\\/\"},\"wordCount\":250,\"commentCount\":0,\"publisher\":{\"@id\":\"https:\\\/\\\/cvinoticias.com\\\/v3\\\/#organization\"},\"image\":{\"@id\":\"https:\\\/\\\/cvinoticias.com\\\/v3\\\/ypf-anuncio-que-mantendra-sus-precios-hasta-marzo\\\/#primaryimage\"},\"thumbnailUrl\":\"https:\\\/\\\/cvinoticias.com\\\/wp-content\\\/uploads\\\/2021\\\/12\\\/Screenshot_20211229-075129_Chrome.jpg\",\"articleSection\":[\"Informaci\u00f3n General\"],\"inLanguage\":\"es\",\"potentialAction\":[{\"@type\":\"CommentAction\",\"name\":\"Comment\",\"target\":[\"https:\\\/\\\/cvinoticias.com\\\/v3\\\/ypf-anuncio-que-mantendra-sus-precios-hasta-marzo\\\/#respond\"]}]},{\"@type\":\"WebPage\",\"@id\":\"https:\\\/\\\/cvinoticias.com\\\/v3\\\/ypf-anuncio-que-mantendra-sus-precios-hasta-marzo\\\/\",\"url\":\"https:\\\/\\\/cvinoticias.com\\\/v3\\\/ypf-anuncio-que-mantendra-sus-precios-hasta-marzo\\\/\",\"name\":\"YPF anunci\u00f3 que mantendr\u00e1 sus precios hasta marzo | CVI NOTICIAS\",\"isPartOf\":{\"@id\":\"https:\\\/\\\/cvinoticias.com\\\/v3\\\/#website\"},\"primaryImageOfPage\":{\"@id\":\"https:\\\/\\\/cvinoticias.com\\\/v3\\\/ypf-anuncio-que-mantendra-sus-precios-hasta-marzo\\\/#primaryimage\"},\"image\":{\"@id\":\"https:\\\/\\\/cvinoticias.com\\\/v3\\\/ypf-anuncio-que-mantendra-sus-precios-hasta-marzo\\\/#primaryimage\"},\"thumbnailUrl\":\"https:\\\/\\\/cvinoticias.com\\\/wp-content\\\/uploads\\\/2021\\\/12\\\/Screenshot_20211229-075129_Chrome.jpg\",\"datePublished\":\"2021-12-29T10:52:55+00:00\",\"breadcrumb\":{\"@id\":\"https:\\\/\\\/cvinoticias.com\\\/v3\\\/ypf-anuncio-que-mantendra-sus-precios-hasta-marzo\\\/#breadcrumb\"},\"inLanguage\":\"es\",\"potentialAction\":[{\"@type\":\"ReadAction\",\"target\":[\"https:\\\/\\\/cvinoticias.com\\\/v3\\\/ypf-anuncio-que-mantendra-sus-precios-hasta-marzo\\\/\"]}]},{\"@type\":\"ImageObject\",\"inLanguage\":\"es\",\"@id\":\"https:\\\/\\\/cvinoticias.com\\\/v3\\\/ypf-anuncio-que-mantendra-sus-precios-hasta-marzo\\\/#primaryimage\",\"url\":\"https:\\\/\\\/cvinoticias.com\\\/wp-content\\\/uploads\\\/2021\\\/12\\\/Screenshot_20211229-075129_Chrome.jpg\",\"contentUrl\":\"https:\\\/\\\/cvinoticias.com\\\/wp-content\\\/uploads\\\/2021\\\/12\\\/Screenshot_20211229-075129_Chrome.jpg\",\"width\":1080,\"height\":860},{\"@type\":\"BreadcrumbList\",\"@id\":\"https:\\\/\\\/cvinoticias.com\\\/v3\\\/ypf-anuncio-que-mantendra-sus-precios-hasta-marzo\\\/#breadcrumb\",\"itemListElement\":[{\"@type\":\"ListItem\",\"position\":1,\"name\":\"Portada\",\"item\":\"https:\\\/\\\/cvinoticias.com\\\/v3\\\/\"},{\"@type\":\"ListItem\",\"position\":2,\"name\":\"YPF anunci\u00f3 que mantendr\u00e1 sus precios hasta marzo\"}]},{\"@type\":\"WebSite\",\"@id\":\"https:\\\/\\\/cvinoticias.com\\\/v3\\\/#website\",\"url\":\"https:\\\/\\\/cvinoticias.com\\\/v3\\\/\",\"name\":\"CVI NOTICIAS\",\"description\":\"\",\"publisher\":{\"@id\":\"https:\\\/\\\/cvinoticias.com\\\/v3\\\/#organization\"},\"alternateName\":\"CVI\",\"potentialAction\":[{\"@type\":\"SearchAction\",\"target\":{\"@type\":\"EntryPoint\",\"urlTemplate\":\"https:\\\/\\\/cvinoticias.com\\\/v3\\\/?s={search_term_string}\"},\"query-input\":{\"@type\":\"PropertyValueSpecification\",\"valueRequired\":true,\"valueName\":\"search_term_string\"}}],\"inLanguage\":\"es\"},{\"@type\":\"Organization\",\"@id\":\"https:\\\/\\\/cvinoticias.com\\\/v3\\\/#organization\",\"name\":\"CVI NOTICIAS\",\"url\":\"https:\\\/\\\/cvinoticias.com\\\/v3\\\/\",\"logo\":{\"@type\":\"ImageObject\",\"inLanguage\":\"es\",\"@id\":\"https:\\\/\\\/cvinoticias.com\\\/v3\\\/#\\\/schema\\\/logo\\\/image\\\/\",\"url\":\"https:\\\/\\\/cvinoticias.com\\\/wp-content\\\/uploads\\\/2023\\\/04\\\/cropped-cropped-cropped-cropped-cropped-3-1.png\",\"contentUrl\":\"https:\\\/\\\/cvinoticias.com\\\/wp-content\\\/uploads\\\/2023\\\/04\\\/cropped-cropped-cropped-cropped-cropped-3-1.png\",\"width\":95,\"height\":122,\"caption\":\"CVI NOTICIAS\"},\"image\":{\"@id\":\"https:\\\/\\\/cvinoticias.com\\\/v3\\\/#\\\/schema\\\/logo\\\/image\\\/\"},\"sameAs\":[\"https:\\\/\\\/www.facebook.com\\\/cvinoticias\",\"https:\\\/\\\/www.instagram.com\\\/cvinoticias\\\/\",\"https:\\\/\\\/www.youtube.com\\\/@CVINOTICIAS\"]},{\"@type\":\"Person\",\"@id\":\"https:\\\/\\\/cvinoticias.com\\\/v3\\\/#\\\/schema\\\/person\\\/2db77e3c6bc03c538495d7b2b8be9b66\",\"name\":\"f1000024\",\"image\":{\"@type\":\"ImageObject\",\"inLanguage\":\"es\",\"@id\":\"https:\\\/\\\/secure.gravatar.com\\\/avatar\\\/d4fe7459cfc51ff5129ce1a732bbef5928568b8092d412ef95611616376bbeed?s=96&d=mm&r=g\",\"url\":\"https:\\\/\\\/secure.gravatar.com\\\/avatar\\\/d4fe7459cfc51ff5129ce1a732bbef5928568b8092d412ef95611616376bbeed?s=96&d=mm&r=g\",\"contentUrl\":\"https:\\\/\\\/secure.gravatar.com\\\/avatar\\\/d4fe7459cfc51ff5129ce1a732bbef5928568b8092d412ef95611616376bbeed?s=96&d=mm&r=g\",\"caption\":\"f1000024\"},\"url\":\"https:\\\/\\\/cvinoticias.com\\\/v3\\\/author\\\/f1000024\\\/\"}]}<\/script>\n<!-- \/ Yoast SEO plugin. -->","yoast_head_json":{"title":"YPF anunci\u00f3 que mantendr\u00e1 sus precios hasta marzo | CVI NOTICIAS","robots":{"index":"index","follow":"follow","max-snippet":"max-snippet:-1","max-image-preview":"max-image-preview:large","max-video-preview":"max-video-preview:-1"},"canonical":"https:\/\/cvinoticias.com\/v3\/ypf-anuncio-que-mantendra-sus-precios-hasta-marzo\/","og_locale":"es_ES","og_type":"article","og_title":"YPF anunci\u00f3 que mantendr\u00e1 sus precios hasta marzo | CVI NOTICIAS","og_description":"Desde la empresa se\u00f1alaron que no se esperan subas en los precios de los combustibles en los pr\u00f3ximos d\u00edas, con el fin de favorecer a las vacaciones de verano. \u201cNo est\u00e1 previsto que YPF aumente los precios de las naftas en los pr\u00f3ximos meses\u201d, anticip\u00f3\u00a0\u00c1mbito.\u00a0La intenci\u00f3n del Gobierno es favorecer el turismo durante el verano, [&hellip;]","og_url":"https:\/\/cvinoticias.com\/v3\/ypf-anuncio-que-mantendra-sus-precios-hasta-marzo\/","og_site_name":"CVI NOTICIAS","article_publisher":"https:\/\/www.facebook.com\/cvinoticias","article_published_time":"2021-12-29T10:52:55+00:00","og_image":[{"width":1080,"height":860,"url":"https:\/\/cvinoticias.com\/wp-content\/uploads\/2021\/12\/Screenshot_20211229-075129_Chrome.jpg","type":"image\/jpeg"}],"author":"f1000024","twitter_card":"summary_large_image","twitter_misc":{"Escrito por":"f1000024","Tiempo de lectura":"1 minuto"},"schema":{"@context":"https:\/\/schema.org","@graph":[{"@type":"Article","@id":"https:\/\/cvinoticias.com\/v3\/ypf-anuncio-que-mantendra-sus-precios-hasta-marzo\/#article","isPartOf":{"@id":"https:\/\/cvinoticias.com\/v3\/ypf-anuncio-que-mantendra-sus-precios-hasta-marzo\/"},"author":{"name":"f1000024","@id":"https:\/\/cvinoticias.com\/v3\/#\/schema\/person\/2db77e3c6bc03c538495d7b2b8be9b66"},"headline":"YPF anunci\u00f3 que mantendr\u00e1 sus precios hasta marzo","datePublished":"2021-12-29T10:52:55+00:00","mainEntityOfPage":{"@id":"https:\/\/cvinoticias.com\/v3\/ypf-anuncio-que-mantendra-sus-precios-hasta-marzo\/"},"wordCount":250,"commentCount":0,"publisher":{"@id":"https:\/\/cvinoticias.com\/v3\/#organization"},"image":{"@id":"https:\/\/cvinoticias.com\/v3\/ypf-anuncio-que-mantendra-sus-precios-hasta-marzo\/#primaryimage"},"thumbnailUrl":"https:\/\/cvinoticias.com\/wp-content\/uploads\/2021\/12\/Screenshot_20211229-075129_Chrome.jpg","articleSection":["Informaci\u00f3n General"],"inLanguage":"es","potentialAction":[{"@type":"CommentAction","name":"Comment","target":["https:\/\/cvinoticias.com\/v3\/ypf-anuncio-que-mantendra-sus-precios-hasta-marzo\/#respond"]}]},{"@type":"WebPage","@id":"https:\/\/cvinoticias.com\/v3\/ypf-anuncio-que-mantendra-sus-precios-hasta-marzo\/","url":"https:\/\/cvinoticias.com\/v3\/ypf-anuncio-que-mantendra-sus-precios-hasta-marzo\/","name":"YPF anunci\u00f3 que mantendr\u00e1 sus precios hasta marzo | CVI NOTICIAS","isPartOf":{"@id":"https:\/\/cvinoticias.com\/v3\/#website"},"primaryImageOfPage":{"@id":"https:\/\/cvinoticias.com\/v3\/ypf-anuncio-que-mantendra-sus-precios-hasta-marzo\/#primaryimage"},"image":{"@id":"https:\/\/cvinoticias.com\/v3\/ypf-anuncio-que-mantendra-sus-precios-hasta-marzo\/#primaryimage"},"thumbnailUrl":"https:\/\/cvinoticias.com\/wp-content\/uploads\/2021\/12\/Screenshot_20211229-075129_Chrome.jpg","datePublished":"2021-12-29T10:52:55+00:00","breadcrumb":{"@id":"https:\/\/cvinoticias.com\/v3\/ypf-anuncio-que-mantendra-sus-precios-hasta-marzo\/#breadcrumb"},"inLanguage":"es","potentialAction":[{"@type":"ReadAction","target":["https:\/\/cvinoticias.com\/v3\/ypf-anuncio-que-mantendra-sus-precios-hasta-marzo\/"]}]},{"@type":"ImageObject","inLanguage":"es","@id":"https:\/\/cvinoticias.com\/v3\/ypf-anuncio-que-mantendra-sus-precios-hasta-marzo\/#primaryimage","url":"https:\/\/cvinoticias.com\/wp-content\/uploads\/2021\/12\/Screenshot_20211229-075129_Chrome.jpg","contentUrl":"https:\/\/cvinoticias.com\/wp-content\/uploads\/2021\/12\/Screenshot_20211229-075129_Chrome.jpg","width":1080,"height":860},{"@type":"BreadcrumbList","@id":"https:\/\/cvinoticias.com\/v3\/ypf-anuncio-que-mantendra-sus-precios-hasta-marzo\/#breadcrumb","itemListElement":[{"@type":"ListItem","position":1,"name":"Portada","item":"https:\/\/cvinoticias.com\/v3\/"},{"@type":"ListItem","position":2,"name":"YPF anunci\u00f3 que mantendr\u00e1 sus precios hasta marzo"}]},{"@type":"WebSite","@id":"https:\/\/cvinoticias.com\/v3\/#website","url":"https:\/\/cvinoticias.com\/v3\/","name":"CVI NOTICIAS","description":"","publisher":{"@id":"https:\/\/cvinoticias.com\/v3\/#organization"},"alternateName":"CVI","potentialAction":[{"@type":"SearchAction","target":{"@type":"EntryPoint","urlTemplate":"https:\/\/cvinoticias.com\/v3\/?s={search_term_string}"},"query-input":{"@type":"PropertyValueSpecification","valueRequired":true,"valueName":"search_term_string"}}],"inLanguage":"es"},{"@type":"Organization","@id":"https:\/\/cvinoticias.com\/v3\/#organization","name":"CVI NOTICIAS","url":"https:\/\/cvinoticias.com\/v3\/","logo":{"@type":"ImageObject","inLanguage":"es","@id":"https:\/\/cvinoticias.com\/v3\/#\/schema\/logo\/image\/","url":"https:\/\/cvinoticias.com\/wp-content\/uploads\/2023\/04\/cropped-cropped-cropped-cropped-cropped-3-1.png","contentUrl":"https:\/\/cvinoticias.com\/wp-content\/uploads\/2023\/04\/cropped-cropped-cropped-cropped-cropped-3-1.png","width":95,"height":122,"caption":"CVI NOTICIAS"},"image":{"@id":"https:\/\/cvinoticias.com\/v3\/#\/schema\/logo\/image\/"},"sameAs":["https:\/\/www.facebook.com\/cvinoticias","https:\/\/www.instagram.com\/cvinoticias\/","https:\/\/www.youtube.com\/@CVINOTICIAS"]},{"@type":"Person","@id":"https:\/\/cvinoticias.com\/v3\/#\/schema\/person\/2db77e3c6bc03c538495d7b2b8be9b66","name":"f1000024","image":{"@type":"ImageObject","inLanguage":"es","@id":"https:\/\/secure.gravatar.com\/avatar\/d4fe7459cfc51ff5129ce1a732bbef5928568b8092d412ef95611616376bbeed?s=96&d=mm&r=g","url":"https:\/\/secure.gravatar.com\/avatar\/d4fe7459cfc51ff5129ce1a732bbef5928568b8092d412ef95611616376bbeed?s=96&d=mm&r=g","contentUrl":"https:\/\/secure.gravatar.com\/avatar\/d4fe7459cfc51ff5129ce1a732bbef5928568b8092d412ef95611616376bbeed?s=96&d=mm&r=g","caption":"f1000024"},"url":"https:\/\/cvinoticias.com\/v3\/author\/f1000024\/"}]}},"_links":{"self":[{"href":"https:\/\/cvinoticias.com\/v3\/wp-json\/wp\/v2\/posts\/11727","targetHints":{"allow":["GET"]}}],"collection":[{"href":"https:\/\/cvinoticias.com\/v3\/wp-json\/wp\/v2\/posts"}],"about":[{"href":"https:\/\/cvinoticias.com\/v3\/wp-json\/wp\/v2\/types\/post"}],"author":[{"embeddable":true,"href":"https:\/\/cvinoticias.com\/v3\/wp-json\/wp\/v2\/users\/2"}],"replies":[{"embeddable":true,"href":"https:\/\/cvinoticias.com\/v3\/wp-json\/wp\/v2\/comments?post=11727"}],"version-history":[{"count":1,"href":"https:\/\/cvinoticias.com\/v3\/wp-json\/wp\/v2\/posts\/11727\/revisions"}],"predecessor-version":[{"id":11729,"href":"https:\/\/cvinoticias.com\/v3\/wp-json\/wp\/v2\/posts\/11727\/revisions\/11729"}],"wp:featuredmedia":[{"embeddable":true,"href":"https:\/\/cvinoticias.com\/v3\/wp-json\/wp\/v2\/media\/11728"}],"wp:attachment":[{"href":"https:\/\/cvinoticias.com\/v3\/wp-json\/wp\/v2\/media?parent=11727"}],"wp:term":[{"taxonomy":"category","embeddable":true,"href":"https:\/\/cvinoticias.com\/v3\/wp-json\/wp\/v2\/categories?post=11727"},{"taxonomy":"post_tag","embeddable":true,"href":"https:\/\/cvinoticias.com\/v3\/wp-json\/wp\/v2\/tags?post=11727"}],"curies":[{"name":"wp","href":"https:\/\/api.w.org\/{rel}","templated":true}]}}