{"id":11715,"date":"2021-12-29T01:54:30","date_gmt":"2021-12-29T01:54:30","guid":{"rendered":"https:\/\/cvinoticias.com\/v3\/?p=11715"},"modified":"2021-12-29T01:54:30","modified_gmt":"2021-12-29T01:54:30","slug":"esta-tarde-se-celebro-la-misa-de-accion-de-gracias-en-el-santuario-de-la-divina-misericordia-de-puerto-iguazu","status":"publish","type":"post","link":"https:\/\/cvinoticias.com\/v3\/esta-tarde-se-celebro-la-misa-de-accion-de-gracias-en-el-santuario-de-la-divina-misericordia-de-puerto-iguazu\/","title":{"rendered":"Esta tarde se celebr\u00f3 la misa de acci\u00f3n de gracias en el Santuario de la Divina Misericordia de Puerto Iguaz\u00fa"},"content":{"rendered":"\n<p><strong><em>La eucarist\u00eda fue precedida por el capellan de la Unidad Regional V, el Padre Lucas Gonzalo Rojas.<\/em><\/strong><\/p>\n\n\n\n<p>De la misa tambi\u00e9n participaron, el Jefe de la Unidad Regional V, Crio. Gral. Lic. Elio Heriberto Da Luz, como as\u00ed tambi\u00e9n los se\u00f1ores jefes de las distintas dependencias y divisiones de la URV.<\/p>\n\n\n\n<p>La celebraci\u00f3n fue en agradecimiento a Dios, por acompa\u00f1ar durante todo este a\u00f1o a la familia policial y la protecci\u00f3n divina de nuestro se\u00f1or Jesucristo sobre cada integrante y su familia para el nuevo a\u00f1o que se aproxima.<\/p>\n\n\n\n<figure class=\"wp-block-image size-full\"><a href=\"https:\/\/cvinoticias.com\/wp-content\/uploads\/2021\/12\/FB_IMG_1640742581011.jpg\"><img decoding=\"async\" width=\"960\" height=\"540\" data-src=\"https:\/\/cvinoticias.com\/wp-content\/uploads\/2021\/12\/FB_IMG_1640742581011.jpg\" alt=\"\" class=\"wp-image-11716 lazyload\" data-srcset=\"https:\/\/cvinoticias.com\/wp-content\/uploads\/2021\/12\/FB_IMG_1640742581011.jpg 960w, https:\/\/cvinoticias.com\/wp-content\/uploads\/2021\/12\/FB_IMG_1640742581011-300x169.jpg 300w, https:\/\/cvinoticias.com\/wp-content\/uploads\/2021\/12\/FB_IMG_1640742581011-768x432.jpg 768w\" data-sizes=\"(max-width: 960px) 100vw, 960px\" src=\"data:image\/svg+xml;base64,PHN2ZyB3aWR0aD0iMSIgaGVpZ2h0PSIxIiB4bWxucz0iaHR0cDovL3d3dy53My5vcmcvMjAwMC9zdmciPjwvc3ZnPg==\" style=\"--smush-placeholder-width: 960px; --smush-placeholder-aspect-ratio: 960\/540;\" \/><\/a><\/figure>\n\n\n\n<figure class=\"wp-block-image size-large\"><a href=\"https:\/\/cvinoticias.com\/wp-content\/uploads\/2021\/12\/FB_IMG_1640742584453.jpg\"><img decoding=\"async\" width=\"1024\" height=\"997\" data-src=\"https:\/\/cvinoticias.com\/wp-content\/uploads\/2021\/12\/FB_IMG_1640742584453-1024x997.jpg\" alt=\"\" class=\"wp-image-11717 lazyload\" data-srcset=\"https:\/\/cvinoticias.com\/wp-content\/uploads\/2021\/12\/FB_IMG_1640742584453-1024x997.jpg 1024w, https:\/\/cvinoticias.com\/wp-content\/uploads\/2021\/12\/FB_IMG_1640742584453-300x292.jpg 300w, https:\/\/cvinoticias.com\/wp-content\/uploads\/2021\/12\/FB_IMG_1640742584453-768x747.jpg 768w, https:\/\/cvinoticias.com\/wp-content\/uploads\/2021\/12\/FB_IMG_1640742584453.jpg 1080w\" data-sizes=\"(max-width: 1024px) 100vw, 1024px\" src=\"data:image\/svg+xml;base64,PHN2ZyB3aWR0aD0iMSIgaGVpZ2h0PSIxIiB4bWxucz0iaHR0cDovL3d3dy53My5vcmcvMjAwMC9zdmciPjwvc3ZnPg==\" style=\"--smush-placeholder-width: 1024px; --smush-placeholder-aspect-ratio: 1024\/997;\" \/><\/a><\/figure>\n\n\n\n<figure class=\"wp-block-image size-large\"><a href=\"https:\/\/cvinoticias.com\/wp-content\/uploads\/2021\/12\/FB_IMG_1640742588799.jpg\"><img decoding=\"async\" width=\"1024\" height=\"768\" data-src=\"https:\/\/cvinoticias.com\/wp-content\/uploads\/2021\/12\/FB_IMG_1640742588799-1024x768.jpg\" alt=\"\" class=\"wp-image-11718 lazyload\" data-srcset=\"https:\/\/cvinoticias.com\/wp-content\/uploads\/2021\/12\/FB_IMG_1640742588799-1024x768.jpg 1024w, https:\/\/cvinoticias.com\/wp-content\/uploads\/2021\/12\/FB_IMG_1640742588799-300x225.jpg 300w, https:\/\/cvinoticias.com\/wp-content\/uploads\/2021\/12\/FB_IMG_1640742588799-768x576.jpg 768w, https:\/\/cvinoticias.com\/wp-content\/uploads\/2021\/12\/FB_IMG_1640742588799.jpg 1080w\" data-sizes=\"(max-width: 1024px) 100vw, 1024px\" src=\"data:image\/svg+xml;base64,PHN2ZyB3aWR0aD0iMSIgaGVpZ2h0PSIxIiB4bWxucz0iaHR0cDovL3d3dy53My5vcmcvMjAwMC9zdmciPjwvc3ZnPg==\" style=\"--smush-placeholder-width: 1024px; --smush-placeholder-aspect-ratio: 1024\/768;\" \/><\/a><\/figure>\n","protected":false},"excerpt":{"rendered":"<p>La eucarist\u00eda fue precedida por el capellan de la Unidad Regional V, el Padre Lucas Gonzalo Rojas. De la misa tambi\u00e9n participaron, el Jefe de la Unidad Regional V, Crio. Gral. Lic. Elio Heriberto Da Luz, como as\u00ed tambi\u00e9n los se\u00f1ores jefes de las distintas dependencias y divisiones de la URV. La celebraci\u00f3n fue en [&hellip;]<\/p>\n","protected":false},"author":2,"featured_media":11719,"comment_status":"open","ping_status":"open","sticky":false,"template":"","format":"standard","meta":{"footnotes":""},"categories":[29],"tags":[],"class_list":["post-11715","post","type-post","status-publish","format-standard","has-post-thumbnail","hentry","category-locales"],"yoast_head":"<!-- This site is optimized with the Yoast SEO plugin v27.5 - https:\/\/yoast.com\/product\/yoast-seo-wordpress\/ -->\n<title>Esta tarde se celebr\u00f3 la misa de acci\u00f3n de gracias en el Santuario de la Divina Misericordia de Puerto Iguaz\u00fa | CVI NOTICIAS<\/title>\n<meta name=\"robots\" content=\"index, follow, max-snippet:-1, max-image-preview:large, max-video-preview:-1\" \/>\n<link rel=\"canonical\" href=\"https:\/\/cvinoticias.com\/v3\/esta-tarde-se-celebro-la-misa-de-accion-de-gracias-en-el-santuario-de-la-divina-misericordia-de-puerto-iguazu\/\" \/>\n<meta property=\"og:locale\" content=\"es_ES\" \/>\n<meta property=\"og:type\" content=\"article\" \/>\n<meta property=\"og:title\" content=\"Esta tarde se celebr\u00f3 la misa de acci\u00f3n de gracias en el Santuario de la Divina Misericordia de Puerto Iguaz\u00fa | CVI NOTICIAS\" \/>\n<meta property=\"og:description\" content=\"La eucarist\u00eda fue precedida por el capellan de la Unidad Regional V, el Padre Lucas Gonzalo Rojas. De la misa tambi\u00e9n participaron, el Jefe de la Unidad Regional V, Crio. Gral. Lic. Elio Heriberto Da Luz, como as\u00ed tambi\u00e9n los se\u00f1ores jefes de las distintas dependencias y divisiones de la URV. La celebraci\u00f3n fue en [&hellip;]\" \/>\n<meta property=\"og:url\" content=\"https:\/\/cvinoticias.com\/v3\/esta-tarde-se-celebro-la-misa-de-accion-de-gracias-en-el-santuario-de-la-divina-misericordia-de-puerto-iguazu\/\" \/>\n<meta property=\"og:site_name\" content=\"CVI NOTICIAS\" \/>\n<meta property=\"article:publisher\" content=\"https:\/\/www.facebook.com\/cvinoticias\" \/>\n<meta property=\"article:published_time\" content=\"2021-12-29T01:54:30+00:00\" \/>\n<meta property=\"og:image\" content=\"https:\/\/cvinoticias.com\/wp-content\/uploads\/2021\/12\/FB_IMG_1640742593275.jpg\" \/>\n\t<meta property=\"og:image:width\" content=\"1080\" \/>\n\t<meta property=\"og:image:height\" content=\"498\" \/>\n\t<meta property=\"og:image:type\" content=\"image\/jpeg\" \/>\n<meta name=\"author\" content=\"f1000024\" \/>\n<meta name=\"twitter:card\" content=\"summary_large_image\" \/>\n<meta name=\"twitter:label1\" content=\"Escrito por\" \/>\n\t<meta name=\"twitter:data1\" content=\"f1000024\" \/>\n<script type=\"application\/ld+json\" class=\"yoast-schema-graph\">{\"@context\":\"https:\\\/\\\/schema.org\",\"@graph\":[{\"@type\":\"Article\",\"@id\":\"https:\\\/\\\/cvinoticias.com\\\/v3\\\/esta-tarde-se-celebro-la-misa-de-accion-de-gracias-en-el-santuario-de-la-divina-misericordia-de-puerto-iguazu\\\/#article\",\"isPartOf\":{\"@id\":\"https:\\\/\\\/cvinoticias.com\\\/v3\\\/esta-tarde-se-celebro-la-misa-de-accion-de-gracias-en-el-santuario-de-la-divina-misericordia-de-puerto-iguazu\\\/\"},\"author\":{\"name\":\"f1000024\",\"@id\":\"https:\\\/\\\/cvinoticias.com\\\/v3\\\/#\\\/schema\\\/person\\\/2db77e3c6bc03c538495d7b2b8be9b66\"},\"headline\":\"Esta tarde se celebr\u00f3 la misa de acci\u00f3n de gracias en el Santuario de la Divina Misericordia de Puerto Iguaz\u00fa\",\"datePublished\":\"2021-12-29T01:54:30+00:00\",\"mainEntityOfPage\":{\"@id\":\"https:\\\/\\\/cvinoticias.com\\\/v3\\\/esta-tarde-se-celebro-la-misa-de-accion-de-gracias-en-el-santuario-de-la-divina-misericordia-de-puerto-iguazu\\\/\"},\"wordCount\":120,\"commentCount\":0,\"publisher\":{\"@id\":\"https:\\\/\\\/cvinoticias.com\\\/v3\\\/#organization\"},\"image\":{\"@id\":\"https:\\\/\\\/cvinoticias.com\\\/v3\\\/esta-tarde-se-celebro-la-misa-de-accion-de-gracias-en-el-santuario-de-la-divina-misericordia-de-puerto-iguazu\\\/#primaryimage\"},\"thumbnailUrl\":\"https:\\\/\\\/cvinoticias.com\\\/wp-content\\\/uploads\\\/2021\\\/12\\\/FB_IMG_1640742593275.jpg\",\"articleSection\":[\"Locales\"],\"inLanguage\":\"es\",\"potentialAction\":[{\"@type\":\"CommentAction\",\"name\":\"Comment\",\"target\":[\"https:\\\/\\\/cvinoticias.com\\\/v3\\\/esta-tarde-se-celebro-la-misa-de-accion-de-gracias-en-el-santuario-de-la-divina-misericordia-de-puerto-iguazu\\\/#respond\"]}]},{\"@type\":\"WebPage\",\"@id\":\"https:\\\/\\\/cvinoticias.com\\\/v3\\\/esta-tarde-se-celebro-la-misa-de-accion-de-gracias-en-el-santuario-de-la-divina-misericordia-de-puerto-iguazu\\\/\",\"url\":\"https:\\\/\\\/cvinoticias.com\\\/v3\\\/esta-tarde-se-celebro-la-misa-de-accion-de-gracias-en-el-santuario-de-la-divina-misericordia-de-puerto-iguazu\\\/\",\"name\":\"Esta tarde se celebr\u00f3 la misa de acci\u00f3n de gracias en el Santuario de la Divina Misericordia de Puerto Iguaz\u00fa | CVI NOTICIAS\",\"isPartOf\":{\"@id\":\"https:\\\/\\\/cvinoticias.com\\\/v3\\\/#website\"},\"primaryImageOfPage\":{\"@id\":\"https:\\\/\\\/cvinoticias.com\\\/v3\\\/esta-tarde-se-celebro-la-misa-de-accion-de-gracias-en-el-santuario-de-la-divina-misericordia-de-puerto-iguazu\\\/#primaryimage\"},\"image\":{\"@id\":\"https:\\\/\\\/cvinoticias.com\\\/v3\\\/esta-tarde-se-celebro-la-misa-de-accion-de-gracias-en-el-santuario-de-la-divina-misericordia-de-puerto-iguazu\\\/#primaryimage\"},\"thumbnailUrl\":\"https:\\\/\\\/cvinoticias.com\\\/wp-content\\\/uploads\\\/2021\\\/12\\\/FB_IMG_1640742593275.jpg\",\"datePublished\":\"2021-12-29T01:54:30+00:00\",\"breadcrumb\":{\"@id\":\"https:\\\/\\\/cvinoticias.com\\\/v3\\\/esta-tarde-se-celebro-la-misa-de-accion-de-gracias-en-el-santuario-de-la-divina-misericordia-de-puerto-iguazu\\\/#breadcrumb\"},\"inLanguage\":\"es\",\"potentialAction\":[{\"@type\":\"ReadAction\",\"target\":[\"https:\\\/\\\/cvinoticias.com\\\/v3\\\/esta-tarde-se-celebro-la-misa-de-accion-de-gracias-en-el-santuario-de-la-divina-misericordia-de-puerto-iguazu\\\/\"]}]},{\"@type\":\"ImageObject\",\"inLanguage\":\"es\",\"@id\":\"https:\\\/\\\/cvinoticias.com\\\/v3\\\/esta-tarde-se-celebro-la-misa-de-accion-de-gracias-en-el-santuario-de-la-divina-misericordia-de-puerto-iguazu\\\/#primaryimage\",\"url\":\"https:\\\/\\\/cvinoticias.com\\\/wp-content\\\/uploads\\\/2021\\\/12\\\/FB_IMG_1640742593275.jpg\",\"contentUrl\":\"https:\\\/\\\/cvinoticias.com\\\/wp-content\\\/uploads\\\/2021\\\/12\\\/FB_IMG_1640742593275.jpg\",\"width\":1080,\"height\":498},{\"@type\":\"BreadcrumbList\",\"@id\":\"https:\\\/\\\/cvinoticias.com\\\/v3\\\/esta-tarde-se-celebro-la-misa-de-accion-de-gracias-en-el-santuario-de-la-divina-misericordia-de-puerto-iguazu\\\/#breadcrumb\",\"itemListElement\":[{\"@type\":\"ListItem\",\"position\":1,\"name\":\"Portada\",\"item\":\"https:\\\/\\\/cvinoticias.com\\\/v3\\\/\"},{\"@type\":\"ListItem\",\"position\":2,\"name\":\"Esta tarde se celebr\u00f3 la misa de acci\u00f3n de gracias en el Santuario de la Divina Misericordia de Puerto Iguaz\u00fa\"}]},{\"@type\":\"WebSite\",\"@id\":\"https:\\\/\\\/cvinoticias.com\\\/v3\\\/#website\",\"url\":\"https:\\\/\\\/cvinoticias.com\\\/v3\\\/\",\"name\":\"CVI NOTICIAS\",\"description\":\"\",\"publisher\":{\"@id\":\"https:\\\/\\\/cvinoticias.com\\\/v3\\\/#organization\"},\"alternateName\":\"CVI\",\"potentialAction\":[{\"@type\":\"SearchAction\",\"target\":{\"@type\":\"EntryPoint\",\"urlTemplate\":\"https:\\\/\\\/cvinoticias.com\\\/v3\\\/?s={search_term_string}\"},\"query-input\":{\"@type\":\"PropertyValueSpecification\",\"valueRequired\":true,\"valueName\":\"search_term_string\"}}],\"inLanguage\":\"es\"},{\"@type\":\"Organization\",\"@id\":\"https:\\\/\\\/cvinoticias.com\\\/v3\\\/#organization\",\"name\":\"CVI NOTICIAS\",\"url\":\"https:\\\/\\\/cvinoticias.com\\\/v3\\\/\",\"logo\":{\"@type\":\"ImageObject\",\"inLanguage\":\"es\",\"@id\":\"https:\\\/\\\/cvinoticias.com\\\/v3\\\/#\\\/schema\\\/logo\\\/image\\\/\",\"url\":\"https:\\\/\\\/cvinoticias.com\\\/wp-content\\\/uploads\\\/2023\\\/04\\\/cropped-cropped-cropped-cropped-cropped-3-1.png\",\"contentUrl\":\"https:\\\/\\\/cvinoticias.com\\\/wp-content\\\/uploads\\\/2023\\\/04\\\/cropped-cropped-cropped-cropped-cropped-3-1.png\",\"width\":95,\"height\":122,\"caption\":\"CVI NOTICIAS\"},\"image\":{\"@id\":\"https:\\\/\\\/cvinoticias.com\\\/v3\\\/#\\\/schema\\\/logo\\\/image\\\/\"},\"sameAs\":[\"https:\\\/\\\/www.facebook.com\\\/cvinoticias\",\"https:\\\/\\\/www.instagram.com\\\/cvinoticias\\\/\",\"https:\\\/\\\/www.youtube.com\\\/@CVINOTICIAS\"]},{\"@type\":\"Person\",\"@id\":\"https:\\\/\\\/cvinoticias.com\\\/v3\\\/#\\\/schema\\\/person\\\/2db77e3c6bc03c538495d7b2b8be9b66\",\"name\":\"f1000024\",\"image\":{\"@type\":\"ImageObject\",\"inLanguage\":\"es\",\"@id\":\"https:\\\/\\\/secure.gravatar.com\\\/avatar\\\/d4fe7459cfc51ff5129ce1a732bbef5928568b8092d412ef95611616376bbeed?s=96&d=mm&r=g\",\"url\":\"https:\\\/\\\/secure.gravatar.com\\\/avatar\\\/d4fe7459cfc51ff5129ce1a732bbef5928568b8092d412ef95611616376bbeed?s=96&d=mm&r=g\",\"contentUrl\":\"https:\\\/\\\/secure.gravatar.com\\\/avatar\\\/d4fe7459cfc51ff5129ce1a732bbef5928568b8092d412ef95611616376bbeed?s=96&d=mm&r=g\",\"caption\":\"f1000024\"},\"url\":\"https:\\\/\\\/cvinoticias.com\\\/v3\\\/author\\\/f1000024\\\/\"}]}<\/script>\n<!-- \/ Yoast SEO plugin. -->","yoast_head_json":{"title":"Esta tarde se celebr\u00f3 la misa de acci\u00f3n de gracias en el Santuario de la Divina Misericordia de Puerto Iguaz\u00fa | CVI NOTICIAS","robots":{"index":"index","follow":"follow","max-snippet":"max-snippet:-1","max-image-preview":"max-image-preview:large","max-video-preview":"max-video-preview:-1"},"canonical":"https:\/\/cvinoticias.com\/v3\/esta-tarde-se-celebro-la-misa-de-accion-de-gracias-en-el-santuario-de-la-divina-misericordia-de-puerto-iguazu\/","og_locale":"es_ES","og_type":"article","og_title":"Esta tarde se celebr\u00f3 la misa de acci\u00f3n de gracias en el Santuario de la Divina Misericordia de Puerto Iguaz\u00fa | CVI NOTICIAS","og_description":"La eucarist\u00eda fue precedida por el capellan de la Unidad Regional V, el Padre Lucas Gonzalo Rojas. De la misa tambi\u00e9n participaron, el Jefe de la Unidad Regional V, Crio. Gral. Lic. Elio Heriberto Da Luz, como as\u00ed tambi\u00e9n los se\u00f1ores jefes de las distintas dependencias y divisiones de la URV. La celebraci\u00f3n fue en [&hellip;]","og_url":"https:\/\/cvinoticias.com\/v3\/esta-tarde-se-celebro-la-misa-de-accion-de-gracias-en-el-santuario-de-la-divina-misericordia-de-puerto-iguazu\/","og_site_name":"CVI NOTICIAS","article_publisher":"https:\/\/www.facebook.com\/cvinoticias","article_published_time":"2021-12-29T01:54:30+00:00","og_image":[{"width":1080,"height":498,"url":"https:\/\/cvinoticias.com\/wp-content\/uploads\/2021\/12\/FB_IMG_1640742593275.jpg","type":"image\/jpeg"}],"author":"f1000024","twitter_card":"summary_large_image","twitter_misc":{"Escrito por":"f1000024"},"schema":{"@context":"https:\/\/schema.org","@graph":[{"@type":"Article","@id":"https:\/\/cvinoticias.com\/v3\/esta-tarde-se-celebro-la-misa-de-accion-de-gracias-en-el-santuario-de-la-divina-misericordia-de-puerto-iguazu\/#article","isPartOf":{"@id":"https:\/\/cvinoticias.com\/v3\/esta-tarde-se-celebro-la-misa-de-accion-de-gracias-en-el-santuario-de-la-divina-misericordia-de-puerto-iguazu\/"},"author":{"name":"f1000024","@id":"https:\/\/cvinoticias.com\/v3\/#\/schema\/person\/2db77e3c6bc03c538495d7b2b8be9b66"},"headline":"Esta tarde se celebr\u00f3 la misa de acci\u00f3n de gracias en el Santuario de la Divina Misericordia de Puerto Iguaz\u00fa","datePublished":"2021-12-29T01:54:30+00:00","mainEntityOfPage":{"@id":"https:\/\/cvinoticias.com\/v3\/esta-tarde-se-celebro-la-misa-de-accion-de-gracias-en-el-santuario-de-la-divina-misericordia-de-puerto-iguazu\/"},"wordCount":120,"commentCount":0,"publisher":{"@id":"https:\/\/cvinoticias.com\/v3\/#organization"},"image":{"@id":"https:\/\/cvinoticias.com\/v3\/esta-tarde-se-celebro-la-misa-de-accion-de-gracias-en-el-santuario-de-la-divina-misericordia-de-puerto-iguazu\/#primaryimage"},"thumbnailUrl":"https:\/\/cvinoticias.com\/wp-content\/uploads\/2021\/12\/FB_IMG_1640742593275.jpg","articleSection":["Locales"],"inLanguage":"es","potentialAction":[{"@type":"CommentAction","name":"Comment","target":["https:\/\/cvinoticias.com\/v3\/esta-tarde-se-celebro-la-misa-de-accion-de-gracias-en-el-santuario-de-la-divina-misericordia-de-puerto-iguazu\/#respond"]}]},{"@type":"WebPage","@id":"https:\/\/cvinoticias.com\/v3\/esta-tarde-se-celebro-la-misa-de-accion-de-gracias-en-el-santuario-de-la-divina-misericordia-de-puerto-iguazu\/","url":"https:\/\/cvinoticias.com\/v3\/esta-tarde-se-celebro-la-misa-de-accion-de-gracias-en-el-santuario-de-la-divina-misericordia-de-puerto-iguazu\/","name":"Esta tarde se celebr\u00f3 la misa de acci\u00f3n de gracias en el Santuario de la Divina Misericordia de Puerto Iguaz\u00fa | CVI NOTICIAS","isPartOf":{"@id":"https:\/\/cvinoticias.com\/v3\/#website"},"primaryImageOfPage":{"@id":"https:\/\/cvinoticias.com\/v3\/esta-tarde-se-celebro-la-misa-de-accion-de-gracias-en-el-santuario-de-la-divina-misericordia-de-puerto-iguazu\/#primaryimage"},"image":{"@id":"https:\/\/cvinoticias.com\/v3\/esta-tarde-se-celebro-la-misa-de-accion-de-gracias-en-el-santuario-de-la-divina-misericordia-de-puerto-iguazu\/#primaryimage"},"thumbnailUrl":"https:\/\/cvinoticias.com\/wp-content\/uploads\/2021\/12\/FB_IMG_1640742593275.jpg","datePublished":"2021-12-29T01:54:30+00:00","breadcrumb":{"@id":"https:\/\/cvinoticias.com\/v3\/esta-tarde-se-celebro-la-misa-de-accion-de-gracias-en-el-santuario-de-la-divina-misericordia-de-puerto-iguazu\/#breadcrumb"},"inLanguage":"es","potentialAction":[{"@type":"ReadAction","target":["https:\/\/cvinoticias.com\/v3\/esta-tarde-se-celebro-la-misa-de-accion-de-gracias-en-el-santuario-de-la-divina-misericordia-de-puerto-iguazu\/"]}]},{"@type":"ImageObject","inLanguage":"es","@id":"https:\/\/cvinoticias.com\/v3\/esta-tarde-se-celebro-la-misa-de-accion-de-gracias-en-el-santuario-de-la-divina-misericordia-de-puerto-iguazu\/#primaryimage","url":"https:\/\/cvinoticias.com\/wp-content\/uploads\/2021\/12\/FB_IMG_1640742593275.jpg","contentUrl":"https:\/\/cvinoticias.com\/wp-content\/uploads\/2021\/12\/FB_IMG_1640742593275.jpg","width":1080,"height":498},{"@type":"BreadcrumbList","@id":"https:\/\/cvinoticias.com\/v3\/esta-tarde-se-celebro-la-misa-de-accion-de-gracias-en-el-santuario-de-la-divina-misericordia-de-puerto-iguazu\/#breadcrumb","itemListElement":[{"@type":"ListItem","position":1,"name":"Portada","item":"https:\/\/cvinoticias.com\/v3\/"},{"@type":"ListItem","position":2,"name":"Esta tarde se celebr\u00f3 la misa de acci\u00f3n de gracias en el Santuario de la Divina Misericordia de Puerto Iguaz\u00fa"}]},{"@type":"WebSite","@id":"https:\/\/cvinoticias.com\/v3\/#website","url":"https:\/\/cvinoticias.com\/v3\/","name":"CVI NOTICIAS","description":"","publisher":{"@id":"https:\/\/cvinoticias.com\/v3\/#organization"},"alternateName":"CVI","potentialAction":[{"@type":"SearchAction","target":{"@type":"EntryPoint","urlTemplate":"https:\/\/cvinoticias.com\/v3\/?s={search_term_string}"},"query-input":{"@type":"PropertyValueSpecification","valueRequired":true,"valueName":"search_term_string"}}],"inLanguage":"es"},{"@type":"Organization","@id":"https:\/\/cvinoticias.com\/v3\/#organization","name":"CVI NOTICIAS","url":"https:\/\/cvinoticias.com\/v3\/","logo":{"@type":"ImageObject","inLanguage":"es","@id":"https:\/\/cvinoticias.com\/v3\/#\/schema\/logo\/image\/","url":"https:\/\/cvinoticias.com\/wp-content\/uploads\/2023\/04\/cropped-cropped-cropped-cropped-cropped-3-1.png","contentUrl":"https:\/\/cvinoticias.com\/wp-content\/uploads\/2023\/04\/cropped-cropped-cropped-cropped-cropped-3-1.png","width":95,"height":122,"caption":"CVI NOTICIAS"},"image":{"@id":"https:\/\/cvinoticias.com\/v3\/#\/schema\/logo\/image\/"},"sameAs":["https:\/\/www.facebook.com\/cvinoticias","https:\/\/www.instagram.com\/cvinoticias\/","https:\/\/www.youtube.com\/@CVINOTICIAS"]},{"@type":"Person","@id":"https:\/\/cvinoticias.com\/v3\/#\/schema\/person\/2db77e3c6bc03c538495d7b2b8be9b66","name":"f1000024","image":{"@type":"ImageObject","inLanguage":"es","@id":"https:\/\/secure.gravatar.com\/avatar\/d4fe7459cfc51ff5129ce1a732bbef5928568b8092d412ef95611616376bbeed?s=96&d=mm&r=g","url":"https:\/\/secure.gravatar.com\/avatar\/d4fe7459cfc51ff5129ce1a732bbef5928568b8092d412ef95611616376bbeed?s=96&d=mm&r=g","contentUrl":"https:\/\/secure.gravatar.com\/avatar\/d4fe7459cfc51ff5129ce1a732bbef5928568b8092d412ef95611616376bbeed?s=96&d=mm&r=g","caption":"f1000024"},"url":"https:\/\/cvinoticias.com\/v3\/author\/f1000024\/"}]}},"_links":{"self":[{"href":"https:\/\/cvinoticias.com\/v3\/wp-json\/wp\/v2\/posts\/11715","targetHints":{"allow":["GET"]}}],"collection":[{"href":"https:\/\/cvinoticias.com\/v3\/wp-json\/wp\/v2\/posts"}],"about":[{"href":"https:\/\/cvinoticias.com\/v3\/wp-json\/wp\/v2\/types\/post"}],"author":[{"embeddable":true,"href":"https:\/\/cvinoticias.com\/v3\/wp-json\/wp\/v2\/users\/2"}],"replies":[{"embeddable":true,"href":"https:\/\/cvinoticias.com\/v3\/wp-json\/wp\/v2\/comments?post=11715"}],"version-history":[{"count":1,"href":"https:\/\/cvinoticias.com\/v3\/wp-json\/wp\/v2\/posts\/11715\/revisions"}],"predecessor-version":[{"id":11720,"href":"https:\/\/cvinoticias.com\/v3\/wp-json\/wp\/v2\/posts\/11715\/revisions\/11720"}],"wp:featuredmedia":[{"embeddable":true,"href":"https:\/\/cvinoticias.com\/v3\/wp-json\/wp\/v2\/media\/11719"}],"wp:attachment":[{"href":"https:\/\/cvinoticias.com\/v3\/wp-json\/wp\/v2\/media?parent=11715"}],"wp:term":[{"taxonomy":"category","embeddable":true,"href":"https:\/\/cvinoticias.com\/v3\/wp-json\/wp\/v2\/categories?post=11715"},{"taxonomy":"post_tag","embeddable":true,"href":"https:\/\/cvinoticias.com\/v3\/wp-json\/wp\/v2\/tags?post=11715"}],"curies":[{"name":"wp","href":"https:\/\/api.w.org\/{rel}","templated":true}]}}