{"id":11693,"date":"2021-12-28T17:10:23","date_gmt":"2021-12-28T17:10:23","guid":{"rendered":"https:\/\/cvinoticias.com\/v3\/?p=11693"},"modified":"2021-12-28T17:10:23","modified_gmt":"2021-12-28T17:10:23","slug":"bomberos-y-brigadistas-intervinieron-en-mas-de-un-centenar-de-incendios-en-la-provincia-en-los-ultimos-8-dias","status":"publish","type":"post","link":"https:\/\/cvinoticias.com\/v3\/bomberos-y-brigadistas-intervinieron-en-mas-de-un-centenar-de-incendios-en-la-provincia-en-los-ultimos-8-dias\/","title":{"rendered":"Bomberos y Brigadistas intervinieron en m\u00e1s de un centenar de incendios en la provincia en los \u00faltimos 8 d\u00edas"},"content":{"rendered":"\n<p><strong><em>En los \u00faltimos 8 d\u00edas se intervinieron en 130 incendios en todo el territorio misionero, clasific\u00e1ndose de la siguiente manera:<\/em><\/strong><br>\u2022 Malezas: 95<br>\u2022 Forestales: 22<br>\u2022 Viviendas: 13<\/p>\n\n\n\n<p>Los bomberos de la Polic\u00eda de Misiones, efectivos de distintas dependencias, bomberos voluntarios, brigadistas del Ministerio de Ecolog\u00eda y Recursos Renovables, y colaboradores de empresas privadas contin\u00faan trabajando para los sofocar los focos incendios que a\u00fan persisten en zonas de vegetaci\u00f3n generados por las condiciones clim\u00e1ticas y acentuadas por la negligencia humana.<\/p>\n\n\n\n<p>Cabe resaltar que, desde la v\u00edspera las localidades m\u00e1s afectadas fueron Gobernador Roca, donde un foco de incendio consumi\u00f3 cinco hect\u00e1reas de una propiedad; tambi\u00e9n en M\u00e1rtires el incendio caus\u00f3 estragos en 15 hect\u00e1reas de pinos. No obstante, lo m\u00e1s grave se registr\u00f3 en la zona norte de la provincia, entre las localidades de Wanda y Puerto Esperanza, se vieron afectadas 250 hect\u00e1reas de monte, malezas, plantaciones de pino y yerba mate. En el \u00faltimo caso se logr\u00f3 extinguir el fuego con m\u00e1quinas viales, para abrir camino y llegar a la zona \u00edgnea, como as\u00ed tambi\u00e9n por v\u00eda a\u00e9rea.<\/p>\n\n\n\n<p>Las autoridades ser\u00e1n inflexibles con aquellas personas que pongan en riesgo el medio ambiente, la vida y los bienes de terceros.<\/p>\n\n\n\n<figure class=\"wp-block-image size-large is-resized\"><a href=\"https:\/\/cvinoticias.com\/wp-content\/uploads\/2021\/12\/FB_IMG_1640711057685.jpg\"><img decoding=\"async\" data-src=\"https:\/\/cvinoticias.com\/wp-content\/uploads\/2021\/12\/FB_IMG_1640711057685-1024x576.jpg\" alt=\"\" class=\"wp-image-11694 lazyload\" width=\"581\" height=\"327\" data-srcset=\"https:\/\/cvinoticias.com\/wp-content\/uploads\/2021\/12\/FB_IMG_1640711057685-1024x576.jpg 1024w, https:\/\/cvinoticias.com\/wp-content\/uploads\/2021\/12\/FB_IMG_1640711057685-300x169.jpg 300w, https:\/\/cvinoticias.com\/wp-content\/uploads\/2021\/12\/FB_IMG_1640711057685-768x432.jpg 768w, https:\/\/cvinoticias.com\/wp-content\/uploads\/2021\/12\/FB_IMG_1640711057685.jpg 1080w\" data-sizes=\"(max-width: 581px) 100vw, 581px\" src=\"data:image\/svg+xml;base64,PHN2ZyB3aWR0aD0iMSIgaGVpZ2h0PSIxIiB4bWxucz0iaHR0cDovL3d3dy53My5vcmcvMjAwMC9zdmciPjwvc3ZnPg==\" style=\"--smush-placeholder-width: 581px; --smush-placeholder-aspect-ratio: 581\/327;\" \/><\/a><\/figure>\n\n\n\n<figure class=\"wp-block-image size-large\"><a href=\"https:\/\/cvinoticias.com\/wp-content\/uploads\/2021\/12\/FB_IMG_1640711060709.jpg\"><img decoding=\"async\" width=\"768\" height=\"1024\" data-src=\"https:\/\/cvinoticias.com\/wp-content\/uploads\/2021\/12\/FB_IMG_1640711060709-768x1024.jpg\" alt=\"\" class=\"wp-image-11695 lazyload\" data-srcset=\"https:\/\/cvinoticias.com\/wp-content\/uploads\/2021\/12\/FB_IMG_1640711060709-768x1024.jpg 768w, https:\/\/cvinoticias.com\/wp-content\/uploads\/2021\/12\/FB_IMG_1640711060709-225x300.jpg 225w, https:\/\/cvinoticias.com\/wp-content\/uploads\/2021\/12\/FB_IMG_1640711060709.jpg 780w\" data-sizes=\"(max-width: 768px) 100vw, 768px\" src=\"data:image\/svg+xml;base64,PHN2ZyB3aWR0aD0iMSIgaGVpZ2h0PSIxIiB4bWxucz0iaHR0cDovL3d3dy53My5vcmcvMjAwMC9zdmciPjwvc3ZnPg==\" style=\"--smush-placeholder-width: 768px; --smush-placeholder-aspect-ratio: 768\/1024;\" \/><\/a><\/figure>\n\n\n\n<figure class=\"wp-block-image size-large\"><a href=\"https:\/\/cvinoticias.com\/wp-content\/uploads\/2021\/12\/FB_IMG_1640711064309.jpg\"><img decoding=\"async\" width=\"1024\" height=\"683\" data-src=\"https:\/\/cvinoticias.com\/wp-content\/uploads\/2021\/12\/FB_IMG_1640711064309-1024x683.jpg\" alt=\"\" class=\"wp-image-11696 lazyload\" data-srcset=\"https:\/\/cvinoticias.com\/wp-content\/uploads\/2021\/12\/FB_IMG_1640711064309-1024x683.jpg 1024w, https:\/\/cvinoticias.com\/wp-content\/uploads\/2021\/12\/FB_IMG_1640711064309-300x200.jpg 300w, https:\/\/cvinoticias.com\/wp-content\/uploads\/2021\/12\/FB_IMG_1640711064309-768x512.jpg 768w, https:\/\/cvinoticias.com\/wp-content\/uploads\/2021\/12\/FB_IMG_1640711064309.jpg 1080w\" data-sizes=\"(max-width: 1024px) 100vw, 1024px\" src=\"data:image\/svg+xml;base64,PHN2ZyB3aWR0aD0iMSIgaGVpZ2h0PSIxIiB4bWxucz0iaHR0cDovL3d3dy53My5vcmcvMjAwMC9zdmciPjwvc3ZnPg==\" style=\"--smush-placeholder-width: 1024px; --smush-placeholder-aspect-ratio: 1024\/683;\" \/><\/a><\/figure>\n","protected":false},"excerpt":{"rendered":"<p>En los \u00faltimos 8 d\u00edas se intervinieron en 130 incendios en todo el territorio misionero, clasific\u00e1ndose de la siguiente manera:\u2022 Malezas: 95\u2022 Forestales: 22\u2022 Viviendas: 13 Los bomberos de la Polic\u00eda de Misiones, efectivos de distintas dependencias, bomberos voluntarios, brigadistas del Ministerio de Ecolog\u00eda y Recursos Renovables, y colaboradores de empresas privadas contin\u00faan trabajando para [&hellip;]<\/p>\n","protected":false},"author":2,"featured_media":11697,"comment_status":"open","ping_status":"open","sticky":false,"template":"","format":"standard","meta":{"footnotes":""},"categories":[38],"tags":[],"class_list":["post-11693","post","type-post","status-publish","format-standard","has-post-thumbnail","hentry","category-medio-ambiente"],"yoast_head":"<!-- This site is optimized with the Yoast SEO plugin v27.4 - https:\/\/yoast.com\/product\/yoast-seo-wordpress\/ -->\n<title>Bomberos y Brigadistas intervinieron en m\u00e1s de un centenar de incendios en la provincia en los \u00faltimos 8 d\u00edas | CVI NOTICIAS<\/title>\n<meta name=\"robots\" content=\"index, follow, max-snippet:-1, max-image-preview:large, max-video-preview:-1\" \/>\n<link rel=\"canonical\" href=\"https:\/\/cvinoticias.com\/v3\/bomberos-y-brigadistas-intervinieron-en-mas-de-un-centenar-de-incendios-en-la-provincia-en-los-ultimos-8-dias\/\" \/>\n<meta property=\"og:locale\" content=\"es_ES\" \/>\n<meta property=\"og:type\" content=\"article\" \/>\n<meta property=\"og:title\" content=\"Bomberos y Brigadistas intervinieron en m\u00e1s de un centenar de incendios en la provincia en los \u00faltimos 8 d\u00edas | CVI NOTICIAS\" \/>\n<meta property=\"og:description\" content=\"En los \u00faltimos 8 d\u00edas se intervinieron en 130 incendios en todo el territorio misionero, clasific\u00e1ndose de la siguiente manera:\u2022 Malezas: 95\u2022 Forestales: 22\u2022 Viviendas: 13 Los bomberos de la Polic\u00eda de Misiones, efectivos de distintas dependencias, bomberos voluntarios, brigadistas del Ministerio de Ecolog\u00eda y Recursos Renovables, y colaboradores de empresas privadas contin\u00faan trabajando para [&hellip;]\" \/>\n<meta property=\"og:url\" content=\"https:\/\/cvinoticias.com\/v3\/bomberos-y-brigadistas-intervinieron-en-mas-de-un-centenar-de-incendios-en-la-provincia-en-los-ultimos-8-dias\/\" \/>\n<meta property=\"og:site_name\" content=\"CVI NOTICIAS\" \/>\n<meta property=\"article:publisher\" content=\"https:\/\/www.facebook.com\/cvinoticias\" \/>\n<meta property=\"article:published_time\" content=\"2021-12-28T17:10:23+00:00\" \/>\n<meta property=\"og:image\" content=\"https:\/\/cvinoticias.com\/wp-content\/uploads\/2021\/12\/FB_IMG_1640711054800.jpg\" \/>\n\t<meta property=\"og:image:width\" content=\"1080\" \/>\n\t<meta property=\"og:image:height\" content=\"811\" \/>\n\t<meta property=\"og:image:type\" content=\"image\/jpeg\" \/>\n<meta name=\"author\" content=\"f1000024\" \/>\n<meta name=\"twitter:card\" content=\"summary_large_image\" \/>\n<meta name=\"twitter:label1\" content=\"Escrito por\" \/>\n\t<meta name=\"twitter:data1\" content=\"f1000024\" \/>\n\t<meta name=\"twitter:label2\" content=\"Tiempo de lectura\" \/>\n\t<meta name=\"twitter:data2\" content=\"1 minuto\" \/>\n<script type=\"application\/ld+json\" class=\"yoast-schema-graph\">{\"@context\":\"https:\\\/\\\/schema.org\",\"@graph\":[{\"@type\":\"Article\",\"@id\":\"https:\\\/\\\/cvinoticias.com\\\/v3\\\/bomberos-y-brigadistas-intervinieron-en-mas-de-un-centenar-de-incendios-en-la-provincia-en-los-ultimos-8-dias\\\/#article\",\"isPartOf\":{\"@id\":\"https:\\\/\\\/cvinoticias.com\\\/v3\\\/bomberos-y-brigadistas-intervinieron-en-mas-de-un-centenar-de-incendios-en-la-provincia-en-los-ultimos-8-dias\\\/\"},\"author\":{\"name\":\"f1000024\",\"@id\":\"https:\\\/\\\/cvinoticias.com\\\/v3\\\/#\\\/schema\\\/person\\\/2db77e3c6bc03c538495d7b2b8be9b66\"},\"headline\":\"Bomberos y Brigadistas intervinieron en m\u00e1s de un centenar de incendios en la provincia en los \u00faltimos 8 d\u00edas\",\"datePublished\":\"2021-12-28T17:10:23+00:00\",\"mainEntityOfPage\":{\"@id\":\"https:\\\/\\\/cvinoticias.com\\\/v3\\\/bomberos-y-brigadistas-intervinieron-en-mas-de-un-centenar-de-incendios-en-la-provincia-en-los-ultimos-8-dias\\\/\"},\"wordCount\":232,\"commentCount\":0,\"publisher\":{\"@id\":\"https:\\\/\\\/cvinoticias.com\\\/v3\\\/#organization\"},\"image\":{\"@id\":\"https:\\\/\\\/cvinoticias.com\\\/v3\\\/bomberos-y-brigadistas-intervinieron-en-mas-de-un-centenar-de-incendios-en-la-provincia-en-los-ultimos-8-dias\\\/#primaryimage\"},\"thumbnailUrl\":\"https:\\\/\\\/cvinoticias.com\\\/wp-content\\\/uploads\\\/2021\\\/12\\\/FB_IMG_1640711054800.jpg\",\"articleSection\":[\"Medio Ambiente\"],\"inLanguage\":\"es\",\"potentialAction\":[{\"@type\":\"CommentAction\",\"name\":\"Comment\",\"target\":[\"https:\\\/\\\/cvinoticias.com\\\/v3\\\/bomberos-y-brigadistas-intervinieron-en-mas-de-un-centenar-de-incendios-en-la-provincia-en-los-ultimos-8-dias\\\/#respond\"]}]},{\"@type\":\"WebPage\",\"@id\":\"https:\\\/\\\/cvinoticias.com\\\/v3\\\/bomberos-y-brigadistas-intervinieron-en-mas-de-un-centenar-de-incendios-en-la-provincia-en-los-ultimos-8-dias\\\/\",\"url\":\"https:\\\/\\\/cvinoticias.com\\\/v3\\\/bomberos-y-brigadistas-intervinieron-en-mas-de-un-centenar-de-incendios-en-la-provincia-en-los-ultimos-8-dias\\\/\",\"name\":\"Bomberos y Brigadistas intervinieron en m\u00e1s de un centenar de incendios en la provincia en los \u00faltimos 8 d\u00edas | CVI NOTICIAS\",\"isPartOf\":{\"@id\":\"https:\\\/\\\/cvinoticias.com\\\/v3\\\/#website\"},\"primaryImageOfPage\":{\"@id\":\"https:\\\/\\\/cvinoticias.com\\\/v3\\\/bomberos-y-brigadistas-intervinieron-en-mas-de-un-centenar-de-incendios-en-la-provincia-en-los-ultimos-8-dias\\\/#primaryimage\"},\"image\":{\"@id\":\"https:\\\/\\\/cvinoticias.com\\\/v3\\\/bomberos-y-brigadistas-intervinieron-en-mas-de-un-centenar-de-incendios-en-la-provincia-en-los-ultimos-8-dias\\\/#primaryimage\"},\"thumbnailUrl\":\"https:\\\/\\\/cvinoticias.com\\\/wp-content\\\/uploads\\\/2021\\\/12\\\/FB_IMG_1640711054800.jpg\",\"datePublished\":\"2021-12-28T17:10:23+00:00\",\"breadcrumb\":{\"@id\":\"https:\\\/\\\/cvinoticias.com\\\/v3\\\/bomberos-y-brigadistas-intervinieron-en-mas-de-un-centenar-de-incendios-en-la-provincia-en-los-ultimos-8-dias\\\/#breadcrumb\"},\"inLanguage\":\"es\",\"potentialAction\":[{\"@type\":\"ReadAction\",\"target\":[\"https:\\\/\\\/cvinoticias.com\\\/v3\\\/bomberos-y-brigadistas-intervinieron-en-mas-de-un-centenar-de-incendios-en-la-provincia-en-los-ultimos-8-dias\\\/\"]}]},{\"@type\":\"ImageObject\",\"inLanguage\":\"es\",\"@id\":\"https:\\\/\\\/cvinoticias.com\\\/v3\\\/bomberos-y-brigadistas-intervinieron-en-mas-de-un-centenar-de-incendios-en-la-provincia-en-los-ultimos-8-dias\\\/#primaryimage\",\"url\":\"https:\\\/\\\/cvinoticias.com\\\/wp-content\\\/uploads\\\/2021\\\/12\\\/FB_IMG_1640711054800.jpg\",\"contentUrl\":\"https:\\\/\\\/cvinoticias.com\\\/wp-content\\\/uploads\\\/2021\\\/12\\\/FB_IMG_1640711054800.jpg\",\"width\":1080,\"height\":811},{\"@type\":\"BreadcrumbList\",\"@id\":\"https:\\\/\\\/cvinoticias.com\\\/v3\\\/bomberos-y-brigadistas-intervinieron-en-mas-de-un-centenar-de-incendios-en-la-provincia-en-los-ultimos-8-dias\\\/#breadcrumb\",\"itemListElement\":[{\"@type\":\"ListItem\",\"position\":1,\"name\":\"Portada\",\"item\":\"https:\\\/\\\/cvinoticias.com\\\/v3\\\/\"},{\"@type\":\"ListItem\",\"position\":2,\"name\":\"Bomberos y Brigadistas intervinieron en m\u00e1s de un centenar de incendios en la provincia en los \u00faltimos 8 d\u00edas\"}]},{\"@type\":\"WebSite\",\"@id\":\"https:\\\/\\\/cvinoticias.com\\\/v3\\\/#website\",\"url\":\"https:\\\/\\\/cvinoticias.com\\\/v3\\\/\",\"name\":\"CVI NOTICIAS\",\"description\":\"\",\"publisher\":{\"@id\":\"https:\\\/\\\/cvinoticias.com\\\/v3\\\/#organization\"},\"alternateName\":\"CVI\",\"potentialAction\":[{\"@type\":\"SearchAction\",\"target\":{\"@type\":\"EntryPoint\",\"urlTemplate\":\"https:\\\/\\\/cvinoticias.com\\\/v3\\\/?s={search_term_string}\"},\"query-input\":{\"@type\":\"PropertyValueSpecification\",\"valueRequired\":true,\"valueName\":\"search_term_string\"}}],\"inLanguage\":\"es\"},{\"@type\":\"Organization\",\"@id\":\"https:\\\/\\\/cvinoticias.com\\\/v3\\\/#organization\",\"name\":\"CVI NOTICIAS\",\"url\":\"https:\\\/\\\/cvinoticias.com\\\/v3\\\/\",\"logo\":{\"@type\":\"ImageObject\",\"inLanguage\":\"es\",\"@id\":\"https:\\\/\\\/cvinoticias.com\\\/v3\\\/#\\\/schema\\\/logo\\\/image\\\/\",\"url\":\"https:\\\/\\\/cvinoticias.com\\\/wp-content\\\/uploads\\\/2023\\\/04\\\/cropped-cropped-cropped-cropped-cropped-3-1.png\",\"contentUrl\":\"https:\\\/\\\/cvinoticias.com\\\/wp-content\\\/uploads\\\/2023\\\/04\\\/cropped-cropped-cropped-cropped-cropped-3-1.png\",\"width\":95,\"height\":122,\"caption\":\"CVI NOTICIAS\"},\"image\":{\"@id\":\"https:\\\/\\\/cvinoticias.com\\\/v3\\\/#\\\/schema\\\/logo\\\/image\\\/\"},\"sameAs\":[\"https:\\\/\\\/www.facebook.com\\\/cvinoticias\",\"https:\\\/\\\/www.instagram.com\\\/cvinoticias\\\/\",\"https:\\\/\\\/www.youtube.com\\\/@CVINOTICIAS\"]},{\"@type\":\"Person\",\"@id\":\"https:\\\/\\\/cvinoticias.com\\\/v3\\\/#\\\/schema\\\/person\\\/2db77e3c6bc03c538495d7b2b8be9b66\",\"name\":\"f1000024\",\"image\":{\"@type\":\"ImageObject\",\"inLanguage\":\"es\",\"@id\":\"https:\\\/\\\/secure.gravatar.com\\\/avatar\\\/d4fe7459cfc51ff5129ce1a732bbef5928568b8092d412ef95611616376bbeed?s=96&d=mm&r=g\",\"url\":\"https:\\\/\\\/secure.gravatar.com\\\/avatar\\\/d4fe7459cfc51ff5129ce1a732bbef5928568b8092d412ef95611616376bbeed?s=96&d=mm&r=g\",\"contentUrl\":\"https:\\\/\\\/secure.gravatar.com\\\/avatar\\\/d4fe7459cfc51ff5129ce1a732bbef5928568b8092d412ef95611616376bbeed?s=96&d=mm&r=g\",\"caption\":\"f1000024\"},\"url\":\"https:\\\/\\\/cvinoticias.com\\\/v3\\\/author\\\/f1000024\\\/\"}]}<\/script>\n<!-- \/ Yoast SEO plugin. -->","yoast_head_json":{"title":"Bomberos y Brigadistas intervinieron en m\u00e1s de un centenar de incendios en la provincia en los \u00faltimos 8 d\u00edas | CVI NOTICIAS","robots":{"index":"index","follow":"follow","max-snippet":"max-snippet:-1","max-image-preview":"max-image-preview:large","max-video-preview":"max-video-preview:-1"},"canonical":"https:\/\/cvinoticias.com\/v3\/bomberos-y-brigadistas-intervinieron-en-mas-de-un-centenar-de-incendios-en-la-provincia-en-los-ultimos-8-dias\/","og_locale":"es_ES","og_type":"article","og_title":"Bomberos y Brigadistas intervinieron en m\u00e1s de un centenar de incendios en la provincia en los \u00faltimos 8 d\u00edas | CVI NOTICIAS","og_description":"En los \u00faltimos 8 d\u00edas se intervinieron en 130 incendios en todo el territorio misionero, clasific\u00e1ndose de la siguiente manera:\u2022 Malezas: 95\u2022 Forestales: 22\u2022 Viviendas: 13 Los bomberos de la Polic\u00eda de Misiones, efectivos de distintas dependencias, bomberos voluntarios, brigadistas del Ministerio de Ecolog\u00eda y Recursos Renovables, y colaboradores de empresas privadas contin\u00faan trabajando para [&hellip;]","og_url":"https:\/\/cvinoticias.com\/v3\/bomberos-y-brigadistas-intervinieron-en-mas-de-un-centenar-de-incendios-en-la-provincia-en-los-ultimos-8-dias\/","og_site_name":"CVI NOTICIAS","article_publisher":"https:\/\/www.facebook.com\/cvinoticias","article_published_time":"2021-12-28T17:10:23+00:00","og_image":[{"width":1080,"height":811,"url":"https:\/\/cvinoticias.com\/wp-content\/uploads\/2021\/12\/FB_IMG_1640711054800.jpg","type":"image\/jpeg"}],"author":"f1000024","twitter_card":"summary_large_image","twitter_misc":{"Escrito por":"f1000024","Tiempo de lectura":"1 minuto"},"schema":{"@context":"https:\/\/schema.org","@graph":[{"@type":"Article","@id":"https:\/\/cvinoticias.com\/v3\/bomberos-y-brigadistas-intervinieron-en-mas-de-un-centenar-de-incendios-en-la-provincia-en-los-ultimos-8-dias\/#article","isPartOf":{"@id":"https:\/\/cvinoticias.com\/v3\/bomberos-y-brigadistas-intervinieron-en-mas-de-un-centenar-de-incendios-en-la-provincia-en-los-ultimos-8-dias\/"},"author":{"name":"f1000024","@id":"https:\/\/cvinoticias.com\/v3\/#\/schema\/person\/2db77e3c6bc03c538495d7b2b8be9b66"},"headline":"Bomberos y Brigadistas intervinieron en m\u00e1s de un centenar de incendios en la provincia en los \u00faltimos 8 d\u00edas","datePublished":"2021-12-28T17:10:23+00:00","mainEntityOfPage":{"@id":"https:\/\/cvinoticias.com\/v3\/bomberos-y-brigadistas-intervinieron-en-mas-de-un-centenar-de-incendios-en-la-provincia-en-los-ultimos-8-dias\/"},"wordCount":232,"commentCount":0,"publisher":{"@id":"https:\/\/cvinoticias.com\/v3\/#organization"},"image":{"@id":"https:\/\/cvinoticias.com\/v3\/bomberos-y-brigadistas-intervinieron-en-mas-de-un-centenar-de-incendios-en-la-provincia-en-los-ultimos-8-dias\/#primaryimage"},"thumbnailUrl":"https:\/\/cvinoticias.com\/wp-content\/uploads\/2021\/12\/FB_IMG_1640711054800.jpg","articleSection":["Medio Ambiente"],"inLanguage":"es","potentialAction":[{"@type":"CommentAction","name":"Comment","target":["https:\/\/cvinoticias.com\/v3\/bomberos-y-brigadistas-intervinieron-en-mas-de-un-centenar-de-incendios-en-la-provincia-en-los-ultimos-8-dias\/#respond"]}]},{"@type":"WebPage","@id":"https:\/\/cvinoticias.com\/v3\/bomberos-y-brigadistas-intervinieron-en-mas-de-un-centenar-de-incendios-en-la-provincia-en-los-ultimos-8-dias\/","url":"https:\/\/cvinoticias.com\/v3\/bomberos-y-brigadistas-intervinieron-en-mas-de-un-centenar-de-incendios-en-la-provincia-en-los-ultimos-8-dias\/","name":"Bomberos y Brigadistas intervinieron en m\u00e1s de un centenar de incendios en la provincia en los \u00faltimos 8 d\u00edas | CVI NOTICIAS","isPartOf":{"@id":"https:\/\/cvinoticias.com\/v3\/#website"},"primaryImageOfPage":{"@id":"https:\/\/cvinoticias.com\/v3\/bomberos-y-brigadistas-intervinieron-en-mas-de-un-centenar-de-incendios-en-la-provincia-en-los-ultimos-8-dias\/#primaryimage"},"image":{"@id":"https:\/\/cvinoticias.com\/v3\/bomberos-y-brigadistas-intervinieron-en-mas-de-un-centenar-de-incendios-en-la-provincia-en-los-ultimos-8-dias\/#primaryimage"},"thumbnailUrl":"https:\/\/cvinoticias.com\/wp-content\/uploads\/2021\/12\/FB_IMG_1640711054800.jpg","datePublished":"2021-12-28T17:10:23+00:00","breadcrumb":{"@id":"https:\/\/cvinoticias.com\/v3\/bomberos-y-brigadistas-intervinieron-en-mas-de-un-centenar-de-incendios-en-la-provincia-en-los-ultimos-8-dias\/#breadcrumb"},"inLanguage":"es","potentialAction":[{"@type":"ReadAction","target":["https:\/\/cvinoticias.com\/v3\/bomberos-y-brigadistas-intervinieron-en-mas-de-un-centenar-de-incendios-en-la-provincia-en-los-ultimos-8-dias\/"]}]},{"@type":"ImageObject","inLanguage":"es","@id":"https:\/\/cvinoticias.com\/v3\/bomberos-y-brigadistas-intervinieron-en-mas-de-un-centenar-de-incendios-en-la-provincia-en-los-ultimos-8-dias\/#primaryimage","url":"https:\/\/cvinoticias.com\/wp-content\/uploads\/2021\/12\/FB_IMG_1640711054800.jpg","contentUrl":"https:\/\/cvinoticias.com\/wp-content\/uploads\/2021\/12\/FB_IMG_1640711054800.jpg","width":1080,"height":811},{"@type":"BreadcrumbList","@id":"https:\/\/cvinoticias.com\/v3\/bomberos-y-brigadistas-intervinieron-en-mas-de-un-centenar-de-incendios-en-la-provincia-en-los-ultimos-8-dias\/#breadcrumb","itemListElement":[{"@type":"ListItem","position":1,"name":"Portada","item":"https:\/\/cvinoticias.com\/v3\/"},{"@type":"ListItem","position":2,"name":"Bomberos y Brigadistas intervinieron en m\u00e1s de un centenar de incendios en la provincia en los \u00faltimos 8 d\u00edas"}]},{"@type":"WebSite","@id":"https:\/\/cvinoticias.com\/v3\/#website","url":"https:\/\/cvinoticias.com\/v3\/","name":"CVI NOTICIAS","description":"","publisher":{"@id":"https:\/\/cvinoticias.com\/v3\/#organization"},"alternateName":"CVI","potentialAction":[{"@type":"SearchAction","target":{"@type":"EntryPoint","urlTemplate":"https:\/\/cvinoticias.com\/v3\/?s={search_term_string}"},"query-input":{"@type":"PropertyValueSpecification","valueRequired":true,"valueName":"search_term_string"}}],"inLanguage":"es"},{"@type":"Organization","@id":"https:\/\/cvinoticias.com\/v3\/#organization","name":"CVI NOTICIAS","url":"https:\/\/cvinoticias.com\/v3\/","logo":{"@type":"ImageObject","inLanguage":"es","@id":"https:\/\/cvinoticias.com\/v3\/#\/schema\/logo\/image\/","url":"https:\/\/cvinoticias.com\/wp-content\/uploads\/2023\/04\/cropped-cropped-cropped-cropped-cropped-3-1.png","contentUrl":"https:\/\/cvinoticias.com\/wp-content\/uploads\/2023\/04\/cropped-cropped-cropped-cropped-cropped-3-1.png","width":95,"height":122,"caption":"CVI NOTICIAS"},"image":{"@id":"https:\/\/cvinoticias.com\/v3\/#\/schema\/logo\/image\/"},"sameAs":["https:\/\/www.facebook.com\/cvinoticias","https:\/\/www.instagram.com\/cvinoticias\/","https:\/\/www.youtube.com\/@CVINOTICIAS"]},{"@type":"Person","@id":"https:\/\/cvinoticias.com\/v3\/#\/schema\/person\/2db77e3c6bc03c538495d7b2b8be9b66","name":"f1000024","image":{"@type":"ImageObject","inLanguage":"es","@id":"https:\/\/secure.gravatar.com\/avatar\/d4fe7459cfc51ff5129ce1a732bbef5928568b8092d412ef95611616376bbeed?s=96&d=mm&r=g","url":"https:\/\/secure.gravatar.com\/avatar\/d4fe7459cfc51ff5129ce1a732bbef5928568b8092d412ef95611616376bbeed?s=96&d=mm&r=g","contentUrl":"https:\/\/secure.gravatar.com\/avatar\/d4fe7459cfc51ff5129ce1a732bbef5928568b8092d412ef95611616376bbeed?s=96&d=mm&r=g","caption":"f1000024"},"url":"https:\/\/cvinoticias.com\/v3\/author\/f1000024\/"}]}},"_links":{"self":[{"href":"https:\/\/cvinoticias.com\/v3\/wp-json\/wp\/v2\/posts\/11693","targetHints":{"allow":["GET"]}}],"collection":[{"href":"https:\/\/cvinoticias.com\/v3\/wp-json\/wp\/v2\/posts"}],"about":[{"href":"https:\/\/cvinoticias.com\/v3\/wp-json\/wp\/v2\/types\/post"}],"author":[{"embeddable":true,"href":"https:\/\/cvinoticias.com\/v3\/wp-json\/wp\/v2\/users\/2"}],"replies":[{"embeddable":true,"href":"https:\/\/cvinoticias.com\/v3\/wp-json\/wp\/v2\/comments?post=11693"}],"version-history":[{"count":1,"href":"https:\/\/cvinoticias.com\/v3\/wp-json\/wp\/v2\/posts\/11693\/revisions"}],"predecessor-version":[{"id":11698,"href":"https:\/\/cvinoticias.com\/v3\/wp-json\/wp\/v2\/posts\/11693\/revisions\/11698"}],"wp:featuredmedia":[{"embeddable":true,"href":"https:\/\/cvinoticias.com\/v3\/wp-json\/wp\/v2\/media\/11697"}],"wp:attachment":[{"href":"https:\/\/cvinoticias.com\/v3\/wp-json\/wp\/v2\/media?parent=11693"}],"wp:term":[{"taxonomy":"category","embeddable":true,"href":"https:\/\/cvinoticias.com\/v3\/wp-json\/wp\/v2\/categories?post=11693"},{"taxonomy":"post_tag","embeddable":true,"href":"https:\/\/cvinoticias.com\/v3\/wp-json\/wp\/v2\/tags?post=11693"}],"curies":[{"name":"wp","href":"https:\/\/api.w.org\/{rel}","templated":true}]}}