{"id":11683,"date":"2021-12-28T15:11:12","date_gmt":"2021-12-28T15:11:12","guid":{"rendered":"https:\/\/cvinoticias.com\/v3\/?p=11683"},"modified":"2021-12-28T15:14:45","modified_gmt":"2021-12-28T15:14:45","slug":"montecarlo-un-joven-fue-detenido-por-el-intento-de-robo-de-un-movil-municipal","status":"publish","type":"post","link":"https:\/\/cvinoticias.com\/v3\/montecarlo-un-joven-fue-detenido-por-el-intento-de-robo-de-un-movil-municipal\/","title":{"rendered":"Montecarlo: Un joven fue detenido por el intento de robo de un m\u00f3vil municipal"},"content":{"rendered":"\n<p><strong><em>Pasadas las 10:00 horas de este martes, los efectivos de la Divisi\u00f3n Investigaciones de Montecarlo perteneciente a la UR-III de Eldorado, detuvieron en el barrio Guatamb\u00fa a un joven de 21 a\u00f1os, presunto autor del hecho de un intento de robo de una camioneta de la municipalidad de esa localidad.<\/em><\/strong><\/p>\n\n\n\n<p>El hecho sucedi\u00f3 el pasado s\u00e1bado 26, cuando los agentes tomaron conocimiento a trav\u00e9s de un llamado telef\u00f3nico por parte del sereno del predio, quien dio a conocer que un individuo arranc\u00f3 la camioneta, una Ford F-100 y pretendi\u00f3 huir del lugar, pero tras un forcejo con el vigilador, este evit\u00f3 que se llevara el veh\u00edculo.<\/p>\n\n\n\n<p>Ante lo ocurrido, el personal encubierto a trav\u00e9s de los registros f\u00edlmicos del recinto pudo identificar al sospechoso, quien fue detenido esta ma\u00f1ana y alojado en sede policial a disposici\u00f3n del Juzgado de Instrucci\u00f3n de Puerto Rico.<\/p>\n\n\n\n<figure class=\"wp-block-image size-full\"><a href=\"https:\/\/cvinoticias.com\/wp-content\/uploads\/2021\/12\/IMG-20211228-WA0061-1.jpg\"><img decoding=\"async\" width=\"917\" height=\"686\" data-src=\"https:\/\/cvinoticias.com\/wp-content\/uploads\/2021\/12\/IMG-20211228-WA0061-1.jpg\" alt=\"\" class=\"wp-image-11686 lazyload\" data-srcset=\"https:\/\/cvinoticias.com\/wp-content\/uploads\/2021\/12\/IMG-20211228-WA0061-1.jpg 917w, https:\/\/cvinoticias.com\/wp-content\/uploads\/2021\/12\/IMG-20211228-WA0061-1-300x224.jpg 300w, https:\/\/cvinoticias.com\/wp-content\/uploads\/2021\/12\/IMG-20211228-WA0061-1-768x575.jpg 768w\" data-sizes=\"(max-width: 917px) 100vw, 917px\" src=\"data:image\/svg+xml;base64,PHN2ZyB3aWR0aD0iMSIgaGVpZ2h0PSIxIiB4bWxucz0iaHR0cDovL3d3dy53My5vcmcvMjAwMC9zdmciPjwvc3ZnPg==\" style=\"--smush-placeholder-width: 917px; --smush-placeholder-aspect-ratio: 917\/686;\" \/><\/a><\/figure>\n","protected":false},"excerpt":{"rendered":"<p>Pasadas las 10:00 horas de este martes, los efectivos de la Divisi\u00f3n Investigaciones de Montecarlo perteneciente a la UR-III de Eldorado, detuvieron en el barrio Guatamb\u00fa a un joven de 21 a\u00f1os, presunto autor del hecho de un intento de robo de una camioneta de la municipalidad de esa localidad. El hecho sucedi\u00f3 el pasado [&hellip;]<\/p>\n","protected":false},"author":2,"featured_media":11687,"comment_status":"open","ping_status":"open","sticky":false,"template":"","format":"standard","meta":{"footnotes":""},"categories":[41],"tags":[],"class_list":["post-11683","post","type-post","status-publish","format-standard","has-post-thumbnail","hentry","category-policiales"],"yoast_head":"<!-- This site is optimized with the Yoast SEO plugin v27.5 - https:\/\/yoast.com\/product\/yoast-seo-wordpress\/ -->\n<title>Montecarlo: Un joven fue detenido por el intento de robo de un m\u00f3vil municipal | CVI NOTICIAS<\/title>\n<meta name=\"robots\" content=\"index, follow, max-snippet:-1, max-image-preview:large, max-video-preview:-1\" \/>\n<link rel=\"canonical\" href=\"https:\/\/cvinoticias.com\/v3\/montecarlo-un-joven-fue-detenido-por-el-intento-de-robo-de-un-movil-municipal\/\" \/>\n<meta property=\"og:locale\" content=\"es_ES\" \/>\n<meta property=\"og:type\" content=\"article\" \/>\n<meta property=\"og:title\" content=\"Montecarlo: Un joven fue detenido por el intento de robo de un m\u00f3vil municipal | CVI NOTICIAS\" \/>\n<meta property=\"og:description\" content=\"Pasadas las 10:00 horas de este martes, los efectivos de la Divisi\u00f3n Investigaciones de Montecarlo perteneciente a la UR-III de Eldorado, detuvieron en el barrio Guatamb\u00fa a un joven de 21 a\u00f1os, presunto autor del hecho de un intento de robo de una camioneta de la municipalidad de esa localidad. El hecho sucedi\u00f3 el pasado [&hellip;]\" \/>\n<meta property=\"og:url\" content=\"https:\/\/cvinoticias.com\/v3\/montecarlo-un-joven-fue-detenido-por-el-intento-de-robo-de-un-movil-municipal\/\" \/>\n<meta property=\"og:site_name\" content=\"CVI NOTICIAS\" \/>\n<meta property=\"article:publisher\" content=\"https:\/\/www.facebook.com\/cvinoticias\" \/>\n<meta property=\"article:published_time\" content=\"2021-12-28T15:11:12+00:00\" \/>\n<meta property=\"article:modified_time\" content=\"2021-12-28T15:14:45+00:00\" \/>\n<meta property=\"og:image\" content=\"https:\/\/cvinoticias.com\/wp-content\/uploads\/2021\/12\/IMG-20211228-WA0062.jpg\" \/>\n\t<meta property=\"og:image:width\" content=\"1080\" \/>\n\t<meta property=\"og:image:height\" content=\"688\" \/>\n\t<meta property=\"og:image:type\" content=\"image\/jpeg\" \/>\n<meta name=\"author\" content=\"f1000024\" \/>\n<meta name=\"twitter:card\" content=\"summary_large_image\" \/>\n<meta name=\"twitter:label1\" content=\"Escrito por\" \/>\n\t<meta name=\"twitter:data1\" content=\"f1000024\" \/>\n\t<meta name=\"twitter:label2\" content=\"Tiempo de lectura\" \/>\n\t<meta name=\"twitter:data2\" content=\"1 minuto\" \/>\n<script type=\"application\/ld+json\" class=\"yoast-schema-graph\">{\"@context\":\"https:\\\/\\\/schema.org\",\"@graph\":[{\"@type\":\"Article\",\"@id\":\"https:\\\/\\\/cvinoticias.com\\\/v3\\\/montecarlo-un-joven-fue-detenido-por-el-intento-de-robo-de-un-movil-municipal\\\/#article\",\"isPartOf\":{\"@id\":\"https:\\\/\\\/cvinoticias.com\\\/v3\\\/montecarlo-un-joven-fue-detenido-por-el-intento-de-robo-de-un-movil-municipal\\\/\"},\"author\":{\"name\":\"f1000024\",\"@id\":\"https:\\\/\\\/cvinoticias.com\\\/v3\\\/#\\\/schema\\\/person\\\/2db77e3c6bc03c538495d7b2b8be9b66\"},\"headline\":\"Montecarlo: Un joven fue detenido por el intento de robo de un m\u00f3vil municipal\",\"datePublished\":\"2021-12-28T15:11:12+00:00\",\"dateModified\":\"2021-12-28T15:14:45+00:00\",\"mainEntityOfPage\":{\"@id\":\"https:\\\/\\\/cvinoticias.com\\\/v3\\\/montecarlo-un-joven-fue-detenido-por-el-intento-de-robo-de-un-movil-municipal\\\/\"},\"wordCount\":166,\"commentCount\":0,\"publisher\":{\"@id\":\"https:\\\/\\\/cvinoticias.com\\\/v3\\\/#organization\"},\"image\":{\"@id\":\"https:\\\/\\\/cvinoticias.com\\\/v3\\\/montecarlo-un-joven-fue-detenido-por-el-intento-de-robo-de-un-movil-municipal\\\/#primaryimage\"},\"thumbnailUrl\":\"https:\\\/\\\/cvinoticias.com\\\/wp-content\\\/uploads\\\/2021\\\/12\\\/IMG-20211228-WA0062.jpg\",\"articleSection\":[\"Policiales\"],\"inLanguage\":\"es\",\"potentialAction\":[{\"@type\":\"CommentAction\",\"name\":\"Comment\",\"target\":[\"https:\\\/\\\/cvinoticias.com\\\/v3\\\/montecarlo-un-joven-fue-detenido-por-el-intento-de-robo-de-un-movil-municipal\\\/#respond\"]}]},{\"@type\":\"WebPage\",\"@id\":\"https:\\\/\\\/cvinoticias.com\\\/v3\\\/montecarlo-un-joven-fue-detenido-por-el-intento-de-robo-de-un-movil-municipal\\\/\",\"url\":\"https:\\\/\\\/cvinoticias.com\\\/v3\\\/montecarlo-un-joven-fue-detenido-por-el-intento-de-robo-de-un-movil-municipal\\\/\",\"name\":\"Montecarlo: Un joven fue detenido por el intento de robo de un m\u00f3vil municipal | CVI NOTICIAS\",\"isPartOf\":{\"@id\":\"https:\\\/\\\/cvinoticias.com\\\/v3\\\/#website\"},\"primaryImageOfPage\":{\"@id\":\"https:\\\/\\\/cvinoticias.com\\\/v3\\\/montecarlo-un-joven-fue-detenido-por-el-intento-de-robo-de-un-movil-municipal\\\/#primaryimage\"},\"image\":{\"@id\":\"https:\\\/\\\/cvinoticias.com\\\/v3\\\/montecarlo-un-joven-fue-detenido-por-el-intento-de-robo-de-un-movil-municipal\\\/#primaryimage\"},\"thumbnailUrl\":\"https:\\\/\\\/cvinoticias.com\\\/wp-content\\\/uploads\\\/2021\\\/12\\\/IMG-20211228-WA0062.jpg\",\"datePublished\":\"2021-12-28T15:11:12+00:00\",\"dateModified\":\"2021-12-28T15:14:45+00:00\",\"breadcrumb\":{\"@id\":\"https:\\\/\\\/cvinoticias.com\\\/v3\\\/montecarlo-un-joven-fue-detenido-por-el-intento-de-robo-de-un-movil-municipal\\\/#breadcrumb\"},\"inLanguage\":\"es\",\"potentialAction\":[{\"@type\":\"ReadAction\",\"target\":[\"https:\\\/\\\/cvinoticias.com\\\/v3\\\/montecarlo-un-joven-fue-detenido-por-el-intento-de-robo-de-un-movil-municipal\\\/\"]}]},{\"@type\":\"ImageObject\",\"inLanguage\":\"es\",\"@id\":\"https:\\\/\\\/cvinoticias.com\\\/v3\\\/montecarlo-un-joven-fue-detenido-por-el-intento-de-robo-de-un-movil-municipal\\\/#primaryimage\",\"url\":\"https:\\\/\\\/cvinoticias.com\\\/wp-content\\\/uploads\\\/2021\\\/12\\\/IMG-20211228-WA0062.jpg\",\"contentUrl\":\"https:\\\/\\\/cvinoticias.com\\\/wp-content\\\/uploads\\\/2021\\\/12\\\/IMG-20211228-WA0062.jpg\",\"width\":1080,\"height\":688},{\"@type\":\"BreadcrumbList\",\"@id\":\"https:\\\/\\\/cvinoticias.com\\\/v3\\\/montecarlo-un-joven-fue-detenido-por-el-intento-de-robo-de-un-movil-municipal\\\/#breadcrumb\",\"itemListElement\":[{\"@type\":\"ListItem\",\"position\":1,\"name\":\"Portada\",\"item\":\"https:\\\/\\\/cvinoticias.com\\\/v3\\\/\"},{\"@type\":\"ListItem\",\"position\":2,\"name\":\"Montecarlo: Un joven fue detenido por el intento de robo de un m\u00f3vil municipal\"}]},{\"@type\":\"WebSite\",\"@id\":\"https:\\\/\\\/cvinoticias.com\\\/v3\\\/#website\",\"url\":\"https:\\\/\\\/cvinoticias.com\\\/v3\\\/\",\"name\":\"CVI NOTICIAS\",\"description\":\"\",\"publisher\":{\"@id\":\"https:\\\/\\\/cvinoticias.com\\\/v3\\\/#organization\"},\"alternateName\":\"CVI\",\"potentialAction\":[{\"@type\":\"SearchAction\",\"target\":{\"@type\":\"EntryPoint\",\"urlTemplate\":\"https:\\\/\\\/cvinoticias.com\\\/v3\\\/?s={search_term_string}\"},\"query-input\":{\"@type\":\"PropertyValueSpecification\",\"valueRequired\":true,\"valueName\":\"search_term_string\"}}],\"inLanguage\":\"es\"},{\"@type\":\"Organization\",\"@id\":\"https:\\\/\\\/cvinoticias.com\\\/v3\\\/#organization\",\"name\":\"CVI NOTICIAS\",\"url\":\"https:\\\/\\\/cvinoticias.com\\\/v3\\\/\",\"logo\":{\"@type\":\"ImageObject\",\"inLanguage\":\"es\",\"@id\":\"https:\\\/\\\/cvinoticias.com\\\/v3\\\/#\\\/schema\\\/logo\\\/image\\\/\",\"url\":\"https:\\\/\\\/cvinoticias.com\\\/wp-content\\\/uploads\\\/2023\\\/04\\\/cropped-cropped-cropped-cropped-cropped-3-1.png\",\"contentUrl\":\"https:\\\/\\\/cvinoticias.com\\\/wp-content\\\/uploads\\\/2023\\\/04\\\/cropped-cropped-cropped-cropped-cropped-3-1.png\",\"width\":95,\"height\":122,\"caption\":\"CVI NOTICIAS\"},\"image\":{\"@id\":\"https:\\\/\\\/cvinoticias.com\\\/v3\\\/#\\\/schema\\\/logo\\\/image\\\/\"},\"sameAs\":[\"https:\\\/\\\/www.facebook.com\\\/cvinoticias\",\"https:\\\/\\\/www.instagram.com\\\/cvinoticias\\\/\",\"https:\\\/\\\/www.youtube.com\\\/@CVINOTICIAS\"]},{\"@type\":\"Person\",\"@id\":\"https:\\\/\\\/cvinoticias.com\\\/v3\\\/#\\\/schema\\\/person\\\/2db77e3c6bc03c538495d7b2b8be9b66\",\"name\":\"f1000024\",\"image\":{\"@type\":\"ImageObject\",\"inLanguage\":\"es\",\"@id\":\"https:\\\/\\\/secure.gravatar.com\\\/avatar\\\/d4fe7459cfc51ff5129ce1a732bbef5928568b8092d412ef95611616376bbeed?s=96&d=mm&r=g\",\"url\":\"https:\\\/\\\/secure.gravatar.com\\\/avatar\\\/d4fe7459cfc51ff5129ce1a732bbef5928568b8092d412ef95611616376bbeed?s=96&d=mm&r=g\",\"contentUrl\":\"https:\\\/\\\/secure.gravatar.com\\\/avatar\\\/d4fe7459cfc51ff5129ce1a732bbef5928568b8092d412ef95611616376bbeed?s=96&d=mm&r=g\",\"caption\":\"f1000024\"},\"url\":\"https:\\\/\\\/cvinoticias.com\\\/v3\\\/author\\\/f1000024\\\/\"}]}<\/script>\n<!-- \/ Yoast SEO plugin. -->","yoast_head_json":{"title":"Montecarlo: Un joven fue detenido por el intento de robo de un m\u00f3vil municipal | CVI NOTICIAS","robots":{"index":"index","follow":"follow","max-snippet":"max-snippet:-1","max-image-preview":"max-image-preview:large","max-video-preview":"max-video-preview:-1"},"canonical":"https:\/\/cvinoticias.com\/v3\/montecarlo-un-joven-fue-detenido-por-el-intento-de-robo-de-un-movil-municipal\/","og_locale":"es_ES","og_type":"article","og_title":"Montecarlo: Un joven fue detenido por el intento de robo de un m\u00f3vil municipal | CVI NOTICIAS","og_description":"Pasadas las 10:00 horas de este martes, los efectivos de la Divisi\u00f3n Investigaciones de Montecarlo perteneciente a la UR-III de Eldorado, detuvieron en el barrio Guatamb\u00fa a un joven de 21 a\u00f1os, presunto autor del hecho de un intento de robo de una camioneta de la municipalidad de esa localidad. El hecho sucedi\u00f3 el pasado [&hellip;]","og_url":"https:\/\/cvinoticias.com\/v3\/montecarlo-un-joven-fue-detenido-por-el-intento-de-robo-de-un-movil-municipal\/","og_site_name":"CVI NOTICIAS","article_publisher":"https:\/\/www.facebook.com\/cvinoticias","article_published_time":"2021-12-28T15:11:12+00:00","article_modified_time":"2021-12-28T15:14:45+00:00","og_image":[{"width":1080,"height":688,"url":"https:\/\/cvinoticias.com\/wp-content\/uploads\/2021\/12\/IMG-20211228-WA0062.jpg","type":"image\/jpeg"}],"author":"f1000024","twitter_card":"summary_large_image","twitter_misc":{"Escrito por":"f1000024","Tiempo de lectura":"1 minuto"},"schema":{"@context":"https:\/\/schema.org","@graph":[{"@type":"Article","@id":"https:\/\/cvinoticias.com\/v3\/montecarlo-un-joven-fue-detenido-por-el-intento-de-robo-de-un-movil-municipal\/#article","isPartOf":{"@id":"https:\/\/cvinoticias.com\/v3\/montecarlo-un-joven-fue-detenido-por-el-intento-de-robo-de-un-movil-municipal\/"},"author":{"name":"f1000024","@id":"https:\/\/cvinoticias.com\/v3\/#\/schema\/person\/2db77e3c6bc03c538495d7b2b8be9b66"},"headline":"Montecarlo: Un joven fue detenido por el intento de robo de un m\u00f3vil municipal","datePublished":"2021-12-28T15:11:12+00:00","dateModified":"2021-12-28T15:14:45+00:00","mainEntityOfPage":{"@id":"https:\/\/cvinoticias.com\/v3\/montecarlo-un-joven-fue-detenido-por-el-intento-de-robo-de-un-movil-municipal\/"},"wordCount":166,"commentCount":0,"publisher":{"@id":"https:\/\/cvinoticias.com\/v3\/#organization"},"image":{"@id":"https:\/\/cvinoticias.com\/v3\/montecarlo-un-joven-fue-detenido-por-el-intento-de-robo-de-un-movil-municipal\/#primaryimage"},"thumbnailUrl":"https:\/\/cvinoticias.com\/wp-content\/uploads\/2021\/12\/IMG-20211228-WA0062.jpg","articleSection":["Policiales"],"inLanguage":"es","potentialAction":[{"@type":"CommentAction","name":"Comment","target":["https:\/\/cvinoticias.com\/v3\/montecarlo-un-joven-fue-detenido-por-el-intento-de-robo-de-un-movil-municipal\/#respond"]}]},{"@type":"WebPage","@id":"https:\/\/cvinoticias.com\/v3\/montecarlo-un-joven-fue-detenido-por-el-intento-de-robo-de-un-movil-municipal\/","url":"https:\/\/cvinoticias.com\/v3\/montecarlo-un-joven-fue-detenido-por-el-intento-de-robo-de-un-movil-municipal\/","name":"Montecarlo: Un joven fue detenido por el intento de robo de un m\u00f3vil municipal | CVI NOTICIAS","isPartOf":{"@id":"https:\/\/cvinoticias.com\/v3\/#website"},"primaryImageOfPage":{"@id":"https:\/\/cvinoticias.com\/v3\/montecarlo-un-joven-fue-detenido-por-el-intento-de-robo-de-un-movil-municipal\/#primaryimage"},"image":{"@id":"https:\/\/cvinoticias.com\/v3\/montecarlo-un-joven-fue-detenido-por-el-intento-de-robo-de-un-movil-municipal\/#primaryimage"},"thumbnailUrl":"https:\/\/cvinoticias.com\/wp-content\/uploads\/2021\/12\/IMG-20211228-WA0062.jpg","datePublished":"2021-12-28T15:11:12+00:00","dateModified":"2021-12-28T15:14:45+00:00","breadcrumb":{"@id":"https:\/\/cvinoticias.com\/v3\/montecarlo-un-joven-fue-detenido-por-el-intento-de-robo-de-un-movil-municipal\/#breadcrumb"},"inLanguage":"es","potentialAction":[{"@type":"ReadAction","target":["https:\/\/cvinoticias.com\/v3\/montecarlo-un-joven-fue-detenido-por-el-intento-de-robo-de-un-movil-municipal\/"]}]},{"@type":"ImageObject","inLanguage":"es","@id":"https:\/\/cvinoticias.com\/v3\/montecarlo-un-joven-fue-detenido-por-el-intento-de-robo-de-un-movil-municipal\/#primaryimage","url":"https:\/\/cvinoticias.com\/wp-content\/uploads\/2021\/12\/IMG-20211228-WA0062.jpg","contentUrl":"https:\/\/cvinoticias.com\/wp-content\/uploads\/2021\/12\/IMG-20211228-WA0062.jpg","width":1080,"height":688},{"@type":"BreadcrumbList","@id":"https:\/\/cvinoticias.com\/v3\/montecarlo-un-joven-fue-detenido-por-el-intento-de-robo-de-un-movil-municipal\/#breadcrumb","itemListElement":[{"@type":"ListItem","position":1,"name":"Portada","item":"https:\/\/cvinoticias.com\/v3\/"},{"@type":"ListItem","position":2,"name":"Montecarlo: Un joven fue detenido por el intento de robo de un m\u00f3vil municipal"}]},{"@type":"WebSite","@id":"https:\/\/cvinoticias.com\/v3\/#website","url":"https:\/\/cvinoticias.com\/v3\/","name":"CVI NOTICIAS","description":"","publisher":{"@id":"https:\/\/cvinoticias.com\/v3\/#organization"},"alternateName":"CVI","potentialAction":[{"@type":"SearchAction","target":{"@type":"EntryPoint","urlTemplate":"https:\/\/cvinoticias.com\/v3\/?s={search_term_string}"},"query-input":{"@type":"PropertyValueSpecification","valueRequired":true,"valueName":"search_term_string"}}],"inLanguage":"es"},{"@type":"Organization","@id":"https:\/\/cvinoticias.com\/v3\/#organization","name":"CVI NOTICIAS","url":"https:\/\/cvinoticias.com\/v3\/","logo":{"@type":"ImageObject","inLanguage":"es","@id":"https:\/\/cvinoticias.com\/v3\/#\/schema\/logo\/image\/","url":"https:\/\/cvinoticias.com\/wp-content\/uploads\/2023\/04\/cropped-cropped-cropped-cropped-cropped-3-1.png","contentUrl":"https:\/\/cvinoticias.com\/wp-content\/uploads\/2023\/04\/cropped-cropped-cropped-cropped-cropped-3-1.png","width":95,"height":122,"caption":"CVI NOTICIAS"},"image":{"@id":"https:\/\/cvinoticias.com\/v3\/#\/schema\/logo\/image\/"},"sameAs":["https:\/\/www.facebook.com\/cvinoticias","https:\/\/www.instagram.com\/cvinoticias\/","https:\/\/www.youtube.com\/@CVINOTICIAS"]},{"@type":"Person","@id":"https:\/\/cvinoticias.com\/v3\/#\/schema\/person\/2db77e3c6bc03c538495d7b2b8be9b66","name":"f1000024","image":{"@type":"ImageObject","inLanguage":"es","@id":"https:\/\/secure.gravatar.com\/avatar\/d4fe7459cfc51ff5129ce1a732bbef5928568b8092d412ef95611616376bbeed?s=96&d=mm&r=g","url":"https:\/\/secure.gravatar.com\/avatar\/d4fe7459cfc51ff5129ce1a732bbef5928568b8092d412ef95611616376bbeed?s=96&d=mm&r=g","contentUrl":"https:\/\/secure.gravatar.com\/avatar\/d4fe7459cfc51ff5129ce1a732bbef5928568b8092d412ef95611616376bbeed?s=96&d=mm&r=g","caption":"f1000024"},"url":"https:\/\/cvinoticias.com\/v3\/author\/f1000024\/"}]}},"_links":{"self":[{"href":"https:\/\/cvinoticias.com\/v3\/wp-json\/wp\/v2\/posts\/11683","targetHints":{"allow":["GET"]}}],"collection":[{"href":"https:\/\/cvinoticias.com\/v3\/wp-json\/wp\/v2\/posts"}],"about":[{"href":"https:\/\/cvinoticias.com\/v3\/wp-json\/wp\/v2\/types\/post"}],"author":[{"embeddable":true,"href":"https:\/\/cvinoticias.com\/v3\/wp-json\/wp\/v2\/users\/2"}],"replies":[{"embeddable":true,"href":"https:\/\/cvinoticias.com\/v3\/wp-json\/wp\/v2\/comments?post=11683"}],"version-history":[{"count":3,"href":"https:\/\/cvinoticias.com\/v3\/wp-json\/wp\/v2\/posts\/11683\/revisions"}],"predecessor-version":[{"id":11689,"href":"https:\/\/cvinoticias.com\/v3\/wp-json\/wp\/v2\/posts\/11683\/revisions\/11689"}],"wp:featuredmedia":[{"embeddable":true,"href":"https:\/\/cvinoticias.com\/v3\/wp-json\/wp\/v2\/media\/11687"}],"wp:attachment":[{"href":"https:\/\/cvinoticias.com\/v3\/wp-json\/wp\/v2\/media?parent=11683"}],"wp:term":[{"taxonomy":"category","embeddable":true,"href":"https:\/\/cvinoticias.com\/v3\/wp-json\/wp\/v2\/categories?post=11683"},{"taxonomy":"post_tag","embeddable":true,"href":"https:\/\/cvinoticias.com\/v3\/wp-json\/wp\/v2\/tags?post=11683"}],"curies":[{"name":"wp","href":"https:\/\/api.w.org\/{rel}","templated":true}]}}