{"id":11680,"date":"2021-12-28T14:33:38","date_gmt":"2021-12-28T14:33:38","guid":{"rendered":"https:\/\/cvinoticias.com\/v3\/?p=11680"},"modified":"2021-12-28T14:33:38","modified_gmt":"2021-12-28T14:33:38","slug":"manejo-de-contactos-estrechos-de-casos-confirmados-de-covid-19","status":"publish","type":"post","link":"https:\/\/cvinoticias.com\/v3\/manejo-de-contactos-estrechos-de-casos-confirmados-de-covid-19\/","title":{"rendered":"Manejo de contactos estrechos de casos confirmados de COVID-19"},"content":{"rendered":"\n<p><strong><em>En poblaci\u00f3n general el aislamiento domiciliario es obligatorio por el t\u00e9rmino de 10 d\u00edas (considerando los mismos a partir del \u00faltimo d\u00eda de contacto con el caso confirmado). No es<br>necesario la realizaci\u00f3n de PCR de control para poder proceder al alta epidemiol\u00f3gica (si esta<br>fuera realizada, deber\u00eda ser despu\u00e9s del 7\u00b0 d\u00eda del \u00faltimo contacto).<\/em><\/strong><\/p>\n\n\n\n<p>El objetivo del protocolo es identificar de forma sistem\u00e1tica a las personas que hayan tenido<br>contacto estrecho, seg\u00fan la definici\u00f3n de Ministerio de Salud de la Naci\u00f3n vigente, con casos de COVID-19, para su seguimiento epidemiol\u00f3gico.<\/p>\n\n\n\n<p><strong>Alcance<\/strong><\/p>\n\n\n\n<p>Todas aquellas personas que hayan tenido contacto desde las 48 hs previas al inicio de los<br>s\u00edntomas de un caso confirmado COVID-19<\/p>\n\n\n\n<p><strong>Definiciones de contactos:<\/strong><\/p>\n\n\n\n<ol class=\"wp-block-list\"><li><strong>Contacto estrecho<\/strong>:<br>Se define contacto estrecho como:<br>\u25cf Toda persona que haya proporcionado cuidados a un caso confirmado<br>mientras el caso presentaba s\u00edntomas y que no hayan utilizado las medidas<br>de protecci\u00f3n personal adecuadas.<br>\u25cf Cualquier persona que haya permanecido a una distancia menor a 1,5 metros con un caso confirmado mientras el caso presentaba s\u00edntomas,. durante al menos 15 minutos. (p.ej. convivientes, visitas, compa\u00f1eros de trabajo), sin<br>utilizar elementos de protecci\u00f3n personal (p.ej. tapabocas, pantalla facial).<\/li><\/ol>\n\n\n\n<p><strong>Adicionalmente debe considerarse:<\/strong><\/p>\n\n\n\n<p>\u25cf Contacto estrecho en barrios populares, pueblos originarios, instituciones<br>cerradas o de internaci\u00f3n prolongada a toda persona que:<br>o Comparta habitaci\u00f3n, ba\u00f1o o cocina con casos confirmados de COVID-19; o Concurra a centros comunitarios (comedor, club, parroquia,<br>paradores para personas en situaci\u00f3n de calle, etc) y haya mantenido estrecha proximidad con un caso confirmado, mientras el caso presentaba s\u00edntomas (menos de 1.5 metros, durante al<br>menos 15 minutos).<\/p>\n\n\n\n<ol class=\"wp-block-list\" start=\"2\"><li><strong>Contacto estrecho en personal de salud:<\/strong><br>Se considerar\u00e1 personal de salud expuesto a SARS-CoV-2 a quienes sin emplear correctamente equipo de protecci\u00f3n personal apropiado:<br>\u25cf Permanezcan a una distancia menor de 1.5 metros de un caso confirmado de COVID-19 durante por lo menos 15 minutos (por ejemplo, compartir un consultorio o una sala de espera).<br>\u25cf Tengan contacto directo con secreciones (por ejemplo, tos, estornudo, etc.).<br>\u25cf Tengan contacto directo con el entorno en el que permanece un paciente<br>confirmado (como habitaci\u00f3n, ba\u00f1o, ropa de cama, equipo m\u00e9dico, entre otros,<br>incluye los procedimientos de limpieza de estos).<br>\u25cf Permanezcan en el mismo ambiente durante la realizaci\u00f3n de procedimientos<br>que generen aerosoles.<br>No se considerar\u00e1 personal de salud expuesto a SARS-CoV-2 a quienes hayan empleado<br>correctamente el equipo de protecci\u00f3n personal apropiado en todo momento.<\/li><\/ol>\n\n\n\n<p><strong>VARIANTE DELTA:<\/strong><\/p>\n\n\n\n<p>Todos los contactos estrechos (convivientes o no convivientes) de casos probables o confirmados de variante delta deber\u00e1n realizar cuarentena por 14 d\u00edas desde el \u00faltimo contacto con el caso &#8211; independientemente de su condici\u00f3n de inmunizaci\u00f3n (haya o no recibida vacunaci\u00f3n para SARS-CoV-2) y de haber tenido un episodio de COVID-19 previo.<\/p>\n\n\n\n<p>Todos los contactos estrechos deber\u00e1n contar con un test de PCR a partir del 7\u00b0d\u00eda desde<br>el \u00faltimo contacto con el caso con resultado negativo como condici\u00f3n para el alta (el<br>mismo deber\u00e1 estar debidamente notificado en el SNVS)<\/p>\n","protected":false},"excerpt":{"rendered":"<p>En poblaci\u00f3n general el aislamiento domiciliario es obligatorio por el t\u00e9rmino de 10 d\u00edas (considerando los mismos a partir del \u00faltimo d\u00eda de contacto con el caso confirmado). No esnecesario la realizaci\u00f3n de PCR de control para poder proceder al alta epidemiol\u00f3gica (si estafuera realizada, deber\u00eda ser despu\u00e9s del 7\u00b0 d\u00eda del \u00faltimo contacto). El [&hellip;]<\/p>\n","protected":false},"author":2,"featured_media":11681,"comment_status":"open","ping_status":"open","sticky":false,"template":"","format":"standard","meta":{"footnotes":""},"categories":[23,22],"tags":[],"class_list":["post-11680","post","type-post","status-publish","format-standard","has-post-thumbnail","hentry","category-covid-19","category-salud"],"yoast_head":"<!-- This site is optimized with the Yoast SEO plugin v27.5 - https:\/\/yoast.com\/product\/yoast-seo-wordpress\/ -->\n<title>Manejo de contactos estrechos de casos confirmados de COVID-19 | CVI NOTICIAS<\/title>\n<meta name=\"robots\" content=\"index, follow, max-snippet:-1, max-image-preview:large, max-video-preview:-1\" \/>\n<link rel=\"canonical\" href=\"https:\/\/cvinoticias.com\/v3\/manejo-de-contactos-estrechos-de-casos-confirmados-de-covid-19\/\" \/>\n<meta property=\"og:locale\" content=\"es_ES\" \/>\n<meta property=\"og:type\" content=\"article\" \/>\n<meta property=\"og:title\" content=\"Manejo de contactos estrechos de casos confirmados de COVID-19 | CVI NOTICIAS\" \/>\n<meta property=\"og:description\" content=\"En poblaci\u00f3n general el aislamiento domiciliario es obligatorio por el t\u00e9rmino de 10 d\u00edas (considerando los mismos a partir del \u00faltimo d\u00eda de contacto con el caso confirmado). No esnecesario la realizaci\u00f3n de PCR de control para poder proceder al alta epidemiol\u00f3gica (si estafuera realizada, deber\u00eda ser despu\u00e9s del 7\u00b0 d\u00eda del \u00faltimo contacto). El [&hellip;]\" \/>\n<meta property=\"og:url\" content=\"https:\/\/cvinoticias.com\/v3\/manejo-de-contactos-estrechos-de-casos-confirmados-de-covid-19\/\" \/>\n<meta property=\"og:site_name\" content=\"CVI NOTICIAS\" \/>\n<meta property=\"article:publisher\" content=\"https:\/\/www.facebook.com\/cvinoticias\" \/>\n<meta property=\"article:published_time\" content=\"2021-12-28T14:33:38+00:00\" \/>\n<meta property=\"og:image\" content=\"https:\/\/cvinoticias.com\/wp-content\/uploads\/2021\/12\/coronavirus-contacto-estrecho-01-1024x736-1.jpg\" \/>\n\t<meta property=\"og:image:width\" content=\"1024\" \/>\n\t<meta property=\"og:image:height\" content=\"605\" \/>\n\t<meta property=\"og:image:type\" content=\"image\/jpeg\" \/>\n<meta name=\"author\" content=\"f1000024\" \/>\n<meta name=\"twitter:card\" content=\"summary_large_image\" \/>\n<meta name=\"twitter:label1\" content=\"Escrito por\" \/>\n\t<meta name=\"twitter:data1\" content=\"f1000024\" \/>\n\t<meta name=\"twitter:label2\" content=\"Tiempo de lectura\" \/>\n\t<meta name=\"twitter:data2\" content=\"3 minutos\" \/>\n<script type=\"application\/ld+json\" class=\"yoast-schema-graph\">{\"@context\":\"https:\\\/\\\/schema.org\",\"@graph\":[{\"@type\":\"Article\",\"@id\":\"https:\\\/\\\/cvinoticias.com\\\/v3\\\/manejo-de-contactos-estrechos-de-casos-confirmados-de-covid-19\\\/#article\",\"isPartOf\":{\"@id\":\"https:\\\/\\\/cvinoticias.com\\\/v3\\\/manejo-de-contactos-estrechos-de-casos-confirmados-de-covid-19\\\/\"},\"author\":{\"name\":\"f1000024\",\"@id\":\"https:\\\/\\\/cvinoticias.com\\\/v3\\\/#\\\/schema\\\/person\\\/2db77e3c6bc03c538495d7b2b8be9b66\"},\"headline\":\"Manejo de contactos estrechos de casos confirmados de COVID-19\",\"datePublished\":\"2021-12-28T14:33:38+00:00\",\"mainEntityOfPage\":{\"@id\":\"https:\\\/\\\/cvinoticias.com\\\/v3\\\/manejo-de-contactos-estrechos-de-casos-confirmados-de-covid-19\\\/\"},\"wordCount\":512,\"commentCount\":0,\"publisher\":{\"@id\":\"https:\\\/\\\/cvinoticias.com\\\/v3\\\/#organization\"},\"image\":{\"@id\":\"https:\\\/\\\/cvinoticias.com\\\/v3\\\/manejo-de-contactos-estrechos-de-casos-confirmados-de-covid-19\\\/#primaryimage\"},\"thumbnailUrl\":\"https:\\\/\\\/cvinoticias.com\\\/wp-content\\\/uploads\\\/2021\\\/12\\\/coronavirus-contacto-estrecho-01-1024x736-1.jpg\",\"articleSection\":[\"Covid-19\",\"Salud\"],\"inLanguage\":\"es\",\"potentialAction\":[{\"@type\":\"CommentAction\",\"name\":\"Comment\",\"target\":[\"https:\\\/\\\/cvinoticias.com\\\/v3\\\/manejo-de-contactos-estrechos-de-casos-confirmados-de-covid-19\\\/#respond\"]}]},{\"@type\":\"WebPage\",\"@id\":\"https:\\\/\\\/cvinoticias.com\\\/v3\\\/manejo-de-contactos-estrechos-de-casos-confirmados-de-covid-19\\\/\",\"url\":\"https:\\\/\\\/cvinoticias.com\\\/v3\\\/manejo-de-contactos-estrechos-de-casos-confirmados-de-covid-19\\\/\",\"name\":\"Manejo de contactos estrechos de casos confirmados de COVID-19 | CVI NOTICIAS\",\"isPartOf\":{\"@id\":\"https:\\\/\\\/cvinoticias.com\\\/v3\\\/#website\"},\"primaryImageOfPage\":{\"@id\":\"https:\\\/\\\/cvinoticias.com\\\/v3\\\/manejo-de-contactos-estrechos-de-casos-confirmados-de-covid-19\\\/#primaryimage\"},\"image\":{\"@id\":\"https:\\\/\\\/cvinoticias.com\\\/v3\\\/manejo-de-contactos-estrechos-de-casos-confirmados-de-covid-19\\\/#primaryimage\"},\"thumbnailUrl\":\"https:\\\/\\\/cvinoticias.com\\\/wp-content\\\/uploads\\\/2021\\\/12\\\/coronavirus-contacto-estrecho-01-1024x736-1.jpg\",\"datePublished\":\"2021-12-28T14:33:38+00:00\",\"breadcrumb\":{\"@id\":\"https:\\\/\\\/cvinoticias.com\\\/v3\\\/manejo-de-contactos-estrechos-de-casos-confirmados-de-covid-19\\\/#breadcrumb\"},\"inLanguage\":\"es\",\"potentialAction\":[{\"@type\":\"ReadAction\",\"target\":[\"https:\\\/\\\/cvinoticias.com\\\/v3\\\/manejo-de-contactos-estrechos-de-casos-confirmados-de-covid-19\\\/\"]}]},{\"@type\":\"ImageObject\",\"inLanguage\":\"es\",\"@id\":\"https:\\\/\\\/cvinoticias.com\\\/v3\\\/manejo-de-contactos-estrechos-de-casos-confirmados-de-covid-19\\\/#primaryimage\",\"url\":\"https:\\\/\\\/cvinoticias.com\\\/wp-content\\\/uploads\\\/2021\\\/12\\\/coronavirus-contacto-estrecho-01-1024x736-1.jpg\",\"contentUrl\":\"https:\\\/\\\/cvinoticias.com\\\/wp-content\\\/uploads\\\/2021\\\/12\\\/coronavirus-contacto-estrecho-01-1024x736-1.jpg\",\"width\":1024,\"height\":605},{\"@type\":\"BreadcrumbList\",\"@id\":\"https:\\\/\\\/cvinoticias.com\\\/v3\\\/manejo-de-contactos-estrechos-de-casos-confirmados-de-covid-19\\\/#breadcrumb\",\"itemListElement\":[{\"@type\":\"ListItem\",\"position\":1,\"name\":\"Portada\",\"item\":\"https:\\\/\\\/cvinoticias.com\\\/v3\\\/\"},{\"@type\":\"ListItem\",\"position\":2,\"name\":\"Manejo de contactos estrechos de casos confirmados de COVID-19\"}]},{\"@type\":\"WebSite\",\"@id\":\"https:\\\/\\\/cvinoticias.com\\\/v3\\\/#website\",\"url\":\"https:\\\/\\\/cvinoticias.com\\\/v3\\\/\",\"name\":\"CVI NOTICIAS\",\"description\":\"\",\"publisher\":{\"@id\":\"https:\\\/\\\/cvinoticias.com\\\/v3\\\/#organization\"},\"alternateName\":\"CVI\",\"potentialAction\":[{\"@type\":\"SearchAction\",\"target\":{\"@type\":\"EntryPoint\",\"urlTemplate\":\"https:\\\/\\\/cvinoticias.com\\\/v3\\\/?s={search_term_string}\"},\"query-input\":{\"@type\":\"PropertyValueSpecification\",\"valueRequired\":true,\"valueName\":\"search_term_string\"}}],\"inLanguage\":\"es\"},{\"@type\":\"Organization\",\"@id\":\"https:\\\/\\\/cvinoticias.com\\\/v3\\\/#organization\",\"name\":\"CVI NOTICIAS\",\"url\":\"https:\\\/\\\/cvinoticias.com\\\/v3\\\/\",\"logo\":{\"@type\":\"ImageObject\",\"inLanguage\":\"es\",\"@id\":\"https:\\\/\\\/cvinoticias.com\\\/v3\\\/#\\\/schema\\\/logo\\\/image\\\/\",\"url\":\"https:\\\/\\\/cvinoticias.com\\\/wp-content\\\/uploads\\\/2023\\\/04\\\/cropped-cropped-cropped-cropped-cropped-3-1.png\",\"contentUrl\":\"https:\\\/\\\/cvinoticias.com\\\/wp-content\\\/uploads\\\/2023\\\/04\\\/cropped-cropped-cropped-cropped-cropped-3-1.png\",\"width\":95,\"height\":122,\"caption\":\"CVI NOTICIAS\"},\"image\":{\"@id\":\"https:\\\/\\\/cvinoticias.com\\\/v3\\\/#\\\/schema\\\/logo\\\/image\\\/\"},\"sameAs\":[\"https:\\\/\\\/www.facebook.com\\\/cvinoticias\",\"https:\\\/\\\/www.instagram.com\\\/cvinoticias\\\/\",\"https:\\\/\\\/www.youtube.com\\\/@CVINOTICIAS\"]},{\"@type\":\"Person\",\"@id\":\"https:\\\/\\\/cvinoticias.com\\\/v3\\\/#\\\/schema\\\/person\\\/2db77e3c6bc03c538495d7b2b8be9b66\",\"name\":\"f1000024\",\"image\":{\"@type\":\"ImageObject\",\"inLanguage\":\"es\",\"@id\":\"https:\\\/\\\/secure.gravatar.com\\\/avatar\\\/d4fe7459cfc51ff5129ce1a732bbef5928568b8092d412ef95611616376bbeed?s=96&d=mm&r=g\",\"url\":\"https:\\\/\\\/secure.gravatar.com\\\/avatar\\\/d4fe7459cfc51ff5129ce1a732bbef5928568b8092d412ef95611616376bbeed?s=96&d=mm&r=g\",\"contentUrl\":\"https:\\\/\\\/secure.gravatar.com\\\/avatar\\\/d4fe7459cfc51ff5129ce1a732bbef5928568b8092d412ef95611616376bbeed?s=96&d=mm&r=g\",\"caption\":\"f1000024\"},\"url\":\"https:\\\/\\\/cvinoticias.com\\\/v3\\\/author\\\/f1000024\\\/\"}]}<\/script>\n<!-- \/ Yoast SEO plugin. -->","yoast_head_json":{"title":"Manejo de contactos estrechos de casos confirmados de COVID-19 | CVI NOTICIAS","robots":{"index":"index","follow":"follow","max-snippet":"max-snippet:-1","max-image-preview":"max-image-preview:large","max-video-preview":"max-video-preview:-1"},"canonical":"https:\/\/cvinoticias.com\/v3\/manejo-de-contactos-estrechos-de-casos-confirmados-de-covid-19\/","og_locale":"es_ES","og_type":"article","og_title":"Manejo de contactos estrechos de casos confirmados de COVID-19 | CVI NOTICIAS","og_description":"En poblaci\u00f3n general el aislamiento domiciliario es obligatorio por el t\u00e9rmino de 10 d\u00edas (considerando los mismos a partir del \u00faltimo d\u00eda de contacto con el caso confirmado). No esnecesario la realizaci\u00f3n de PCR de control para poder proceder al alta epidemiol\u00f3gica (si estafuera realizada, deber\u00eda ser despu\u00e9s del 7\u00b0 d\u00eda del \u00faltimo contacto). El [&hellip;]","og_url":"https:\/\/cvinoticias.com\/v3\/manejo-de-contactos-estrechos-de-casos-confirmados-de-covid-19\/","og_site_name":"CVI NOTICIAS","article_publisher":"https:\/\/www.facebook.com\/cvinoticias","article_published_time":"2021-12-28T14:33:38+00:00","og_image":[{"width":1024,"height":605,"url":"https:\/\/cvinoticias.com\/wp-content\/uploads\/2021\/12\/coronavirus-contacto-estrecho-01-1024x736-1.jpg","type":"image\/jpeg"}],"author":"f1000024","twitter_card":"summary_large_image","twitter_misc":{"Escrito por":"f1000024","Tiempo de lectura":"3 minutos"},"schema":{"@context":"https:\/\/schema.org","@graph":[{"@type":"Article","@id":"https:\/\/cvinoticias.com\/v3\/manejo-de-contactos-estrechos-de-casos-confirmados-de-covid-19\/#article","isPartOf":{"@id":"https:\/\/cvinoticias.com\/v3\/manejo-de-contactos-estrechos-de-casos-confirmados-de-covid-19\/"},"author":{"name":"f1000024","@id":"https:\/\/cvinoticias.com\/v3\/#\/schema\/person\/2db77e3c6bc03c538495d7b2b8be9b66"},"headline":"Manejo de contactos estrechos de casos confirmados de COVID-19","datePublished":"2021-12-28T14:33:38+00:00","mainEntityOfPage":{"@id":"https:\/\/cvinoticias.com\/v3\/manejo-de-contactos-estrechos-de-casos-confirmados-de-covid-19\/"},"wordCount":512,"commentCount":0,"publisher":{"@id":"https:\/\/cvinoticias.com\/v3\/#organization"},"image":{"@id":"https:\/\/cvinoticias.com\/v3\/manejo-de-contactos-estrechos-de-casos-confirmados-de-covid-19\/#primaryimage"},"thumbnailUrl":"https:\/\/cvinoticias.com\/wp-content\/uploads\/2021\/12\/coronavirus-contacto-estrecho-01-1024x736-1.jpg","articleSection":["Covid-19","Salud"],"inLanguage":"es","potentialAction":[{"@type":"CommentAction","name":"Comment","target":["https:\/\/cvinoticias.com\/v3\/manejo-de-contactos-estrechos-de-casos-confirmados-de-covid-19\/#respond"]}]},{"@type":"WebPage","@id":"https:\/\/cvinoticias.com\/v3\/manejo-de-contactos-estrechos-de-casos-confirmados-de-covid-19\/","url":"https:\/\/cvinoticias.com\/v3\/manejo-de-contactos-estrechos-de-casos-confirmados-de-covid-19\/","name":"Manejo de contactos estrechos de casos confirmados de COVID-19 | CVI NOTICIAS","isPartOf":{"@id":"https:\/\/cvinoticias.com\/v3\/#website"},"primaryImageOfPage":{"@id":"https:\/\/cvinoticias.com\/v3\/manejo-de-contactos-estrechos-de-casos-confirmados-de-covid-19\/#primaryimage"},"image":{"@id":"https:\/\/cvinoticias.com\/v3\/manejo-de-contactos-estrechos-de-casos-confirmados-de-covid-19\/#primaryimage"},"thumbnailUrl":"https:\/\/cvinoticias.com\/wp-content\/uploads\/2021\/12\/coronavirus-contacto-estrecho-01-1024x736-1.jpg","datePublished":"2021-12-28T14:33:38+00:00","breadcrumb":{"@id":"https:\/\/cvinoticias.com\/v3\/manejo-de-contactos-estrechos-de-casos-confirmados-de-covid-19\/#breadcrumb"},"inLanguage":"es","potentialAction":[{"@type":"ReadAction","target":["https:\/\/cvinoticias.com\/v3\/manejo-de-contactos-estrechos-de-casos-confirmados-de-covid-19\/"]}]},{"@type":"ImageObject","inLanguage":"es","@id":"https:\/\/cvinoticias.com\/v3\/manejo-de-contactos-estrechos-de-casos-confirmados-de-covid-19\/#primaryimage","url":"https:\/\/cvinoticias.com\/wp-content\/uploads\/2021\/12\/coronavirus-contacto-estrecho-01-1024x736-1.jpg","contentUrl":"https:\/\/cvinoticias.com\/wp-content\/uploads\/2021\/12\/coronavirus-contacto-estrecho-01-1024x736-1.jpg","width":1024,"height":605},{"@type":"BreadcrumbList","@id":"https:\/\/cvinoticias.com\/v3\/manejo-de-contactos-estrechos-de-casos-confirmados-de-covid-19\/#breadcrumb","itemListElement":[{"@type":"ListItem","position":1,"name":"Portada","item":"https:\/\/cvinoticias.com\/v3\/"},{"@type":"ListItem","position":2,"name":"Manejo de contactos estrechos de casos confirmados de COVID-19"}]},{"@type":"WebSite","@id":"https:\/\/cvinoticias.com\/v3\/#website","url":"https:\/\/cvinoticias.com\/v3\/","name":"CVI NOTICIAS","description":"","publisher":{"@id":"https:\/\/cvinoticias.com\/v3\/#organization"},"alternateName":"CVI","potentialAction":[{"@type":"SearchAction","target":{"@type":"EntryPoint","urlTemplate":"https:\/\/cvinoticias.com\/v3\/?s={search_term_string}"},"query-input":{"@type":"PropertyValueSpecification","valueRequired":true,"valueName":"search_term_string"}}],"inLanguage":"es"},{"@type":"Organization","@id":"https:\/\/cvinoticias.com\/v3\/#organization","name":"CVI NOTICIAS","url":"https:\/\/cvinoticias.com\/v3\/","logo":{"@type":"ImageObject","inLanguage":"es","@id":"https:\/\/cvinoticias.com\/v3\/#\/schema\/logo\/image\/","url":"https:\/\/cvinoticias.com\/wp-content\/uploads\/2023\/04\/cropped-cropped-cropped-cropped-cropped-3-1.png","contentUrl":"https:\/\/cvinoticias.com\/wp-content\/uploads\/2023\/04\/cropped-cropped-cropped-cropped-cropped-3-1.png","width":95,"height":122,"caption":"CVI NOTICIAS"},"image":{"@id":"https:\/\/cvinoticias.com\/v3\/#\/schema\/logo\/image\/"},"sameAs":["https:\/\/www.facebook.com\/cvinoticias","https:\/\/www.instagram.com\/cvinoticias\/","https:\/\/www.youtube.com\/@CVINOTICIAS"]},{"@type":"Person","@id":"https:\/\/cvinoticias.com\/v3\/#\/schema\/person\/2db77e3c6bc03c538495d7b2b8be9b66","name":"f1000024","image":{"@type":"ImageObject","inLanguage":"es","@id":"https:\/\/secure.gravatar.com\/avatar\/d4fe7459cfc51ff5129ce1a732bbef5928568b8092d412ef95611616376bbeed?s=96&d=mm&r=g","url":"https:\/\/secure.gravatar.com\/avatar\/d4fe7459cfc51ff5129ce1a732bbef5928568b8092d412ef95611616376bbeed?s=96&d=mm&r=g","contentUrl":"https:\/\/secure.gravatar.com\/avatar\/d4fe7459cfc51ff5129ce1a732bbef5928568b8092d412ef95611616376bbeed?s=96&d=mm&r=g","caption":"f1000024"},"url":"https:\/\/cvinoticias.com\/v3\/author\/f1000024\/"}]}},"_links":{"self":[{"href":"https:\/\/cvinoticias.com\/v3\/wp-json\/wp\/v2\/posts\/11680","targetHints":{"allow":["GET"]}}],"collection":[{"href":"https:\/\/cvinoticias.com\/v3\/wp-json\/wp\/v2\/posts"}],"about":[{"href":"https:\/\/cvinoticias.com\/v3\/wp-json\/wp\/v2\/types\/post"}],"author":[{"embeddable":true,"href":"https:\/\/cvinoticias.com\/v3\/wp-json\/wp\/v2\/users\/2"}],"replies":[{"embeddable":true,"href":"https:\/\/cvinoticias.com\/v3\/wp-json\/wp\/v2\/comments?post=11680"}],"version-history":[{"count":1,"href":"https:\/\/cvinoticias.com\/v3\/wp-json\/wp\/v2\/posts\/11680\/revisions"}],"predecessor-version":[{"id":11682,"href":"https:\/\/cvinoticias.com\/v3\/wp-json\/wp\/v2\/posts\/11680\/revisions\/11682"}],"wp:featuredmedia":[{"embeddable":true,"href":"https:\/\/cvinoticias.com\/v3\/wp-json\/wp\/v2\/media\/11681"}],"wp:attachment":[{"href":"https:\/\/cvinoticias.com\/v3\/wp-json\/wp\/v2\/media?parent=11680"}],"wp:term":[{"taxonomy":"category","embeddable":true,"href":"https:\/\/cvinoticias.com\/v3\/wp-json\/wp\/v2\/categories?post=11680"},{"taxonomy":"post_tag","embeddable":true,"href":"https:\/\/cvinoticias.com\/v3\/wp-json\/wp\/v2\/tags?post=11680"}],"curies":[{"name":"wp","href":"https:\/\/api.w.org\/{rel}","templated":true}]}}