{"id":11670,"date":"2021-12-28T12:03:48","date_gmt":"2021-12-28T12:03:48","guid":{"rendered":"https:\/\/cvinoticias.com\/v3\/?p=11670"},"modified":"2021-12-28T12:03:48","modified_gmt":"2021-12-28T12:03:48","slug":"cuatro-detenidos-por-casos-de-violencia-familiar","status":"publish","type":"post","link":"https:\/\/cvinoticias.com\/v3\/cuatro-detenidos-por-casos-de-violencia-familiar\/","title":{"rendered":"Cuatro detenidos por casos de violencia familiar"},"content":{"rendered":"\n<p><strong><em>En las \u00faltimas horas, la polic\u00eda intervino en diferentes hechos de violencia familiar en varias localidades, en donde los agresores terminaron detenidos.<\/em><\/strong><\/p>\n\n\n\n<p>En primer lugar, en Ober\u00e1, la Comisar\u00eda de la Mujer apres\u00f3 en el barrio 100 hect\u00e1reas a un hombre de 43 a\u00f1os que se encontraba en aparente estado de ebriedad e intent\u00f3 agredir f\u00edsicamente a su hermana, padres y sobrinos, como as\u00ed tambi\u00e9n los amenaz\u00f3 de muerte.<\/p>\n\n\n\n<p>Horas m\u00e1s tarde, en el barrio Yerbal Viejo de la localidad Obere\u00f1a, la seccional de la Mujer y el Comando Radioel\u00e9ctrico Norte aprehendieron a un joven de 29 a\u00f1os, quien luego de mantener una discusi\u00f3n con su concubina de 43, caus\u00f3 destrozos en la vivienda, la agredi\u00f3 f\u00edsicamente y la amedrent\u00f3 con que le iba a quitar la vida.<\/p>\n\n\n\n<p>Por otra parte, en Garup\u00e1, los efectivos de la seccional 5ta detuvieron en el barrio \u00d1u Pora a un joven de 25 a\u00f1os acusado de intentar herir con un cuchillo a su pareja, tambi\u00e9n de la misma edad. Asimismo, relat\u00f3 la muchacha que sufre violencia f\u00edsica y verbal por parte del sindicado.<\/p>\n\n\n\n<p>Por \u00faltimo, sobre la calle Estado de Israel de la capital misionera, los integrantes de la Divisi\u00f3n Motorizada Zona Oeste, a ra\u00edz de una solicitud de un c\u00f3digo rojo emitido por el 911, acudieron a un domicilio en donde un hombre de 54 a\u00f1os bajo los efectos del alcohol mantuvo una discusi\u00f3n con su c\u00f3nyuge e intent\u00f3 tomarla a golpes.<\/p>\n\n\n\n<p>Todos los detenidos quedaron alojados en las correspondientes sedes policiales a disposici\u00f3n de la Justicia. En tanto que las mujeres afectadas fueron asistidas y contenidas seg\u00fan el protocolo para estas circunstancias.<\/p>\n\n\n\n<p>En casos de violencia familiar y\/o de g\u00e9nero usted cuenta con las l\u00edneas gratuitas de emergencias 101\/911\/137.<\/p>\n\n\n\n<figure class=\"wp-block-image size-full\"><a href=\"https:\/\/cvinoticias.com\/wp-content\/uploads\/2021\/12\/FB_IMG_1640692288978.jpg\"><img decoding=\"async\" width=\"604\" height=\"602\" data-src=\"https:\/\/cvinoticias.com\/wp-content\/uploads\/2021\/12\/FB_IMG_1640692288978.jpg\" alt=\"\" class=\"wp-image-11672 lazyload\" data-srcset=\"https:\/\/cvinoticias.com\/wp-content\/uploads\/2021\/12\/FB_IMG_1640692288978.jpg 604w, https:\/\/cvinoticias.com\/wp-content\/uploads\/2021\/12\/FB_IMG_1640692288978-300x300.jpg 300w, https:\/\/cvinoticias.com\/wp-content\/uploads\/2021\/12\/FB_IMG_1640692288978-150x150.jpg 150w\" data-sizes=\"(max-width: 604px) 100vw, 604px\" src=\"data:image\/svg+xml;base64,PHN2ZyB3aWR0aD0iMSIgaGVpZ2h0PSIxIiB4bWxucz0iaHR0cDovL3d3dy53My5vcmcvMjAwMC9zdmciPjwvc3ZnPg==\" style=\"--smush-placeholder-width: 604px; --smush-placeholder-aspect-ratio: 604\/602;\" \/><\/a><\/figure>\n\n\n\n<figure class=\"wp-block-image size-full\"><a href=\"https:\/\/cvinoticias.com\/wp-content\/uploads\/2021\/12\/FB_IMG_1640692286461.jpg\"><img decoding=\"async\" width=\"762\" height=\"669\" data-src=\"https:\/\/cvinoticias.com\/wp-content\/uploads\/2021\/12\/FB_IMG_1640692286461.jpg\" alt=\"\" class=\"wp-image-11674 lazyload\" data-srcset=\"https:\/\/cvinoticias.com\/wp-content\/uploads\/2021\/12\/FB_IMG_1640692286461.jpg 762w, https:\/\/cvinoticias.com\/wp-content\/uploads\/2021\/12\/FB_IMG_1640692286461-300x263.jpg 300w\" data-sizes=\"(max-width: 762px) 100vw, 762px\" src=\"data:image\/svg+xml;base64,PHN2ZyB3aWR0aD0iMSIgaGVpZ2h0PSIxIiB4bWxucz0iaHR0cDovL3d3dy53My5vcmcvMjAwMC9zdmciPjwvc3ZnPg==\" style=\"--smush-placeholder-width: 762px; --smush-placeholder-aspect-ratio: 762\/669;\" \/><\/a><\/figure>\n\n\n\n<figure class=\"wp-block-image size-full\"><a href=\"https:\/\/cvinoticias.com\/wp-content\/uploads\/2021\/12\/FB_IMG_1640692283897.jpg\"><img decoding=\"async\" width=\"684\" height=\"600\" data-src=\"https:\/\/cvinoticias.com\/wp-content\/uploads\/2021\/12\/FB_IMG_1640692283897.jpg\" alt=\"\" class=\"wp-image-11675 lazyload\" data-srcset=\"https:\/\/cvinoticias.com\/wp-content\/uploads\/2021\/12\/FB_IMG_1640692283897.jpg 684w, https:\/\/cvinoticias.com\/wp-content\/uploads\/2021\/12\/FB_IMG_1640692283897-300x263.jpg 300w\" data-sizes=\"(max-width: 684px) 100vw, 684px\" src=\"data:image\/svg+xml;base64,PHN2ZyB3aWR0aD0iMSIgaGVpZ2h0PSIxIiB4bWxucz0iaHR0cDovL3d3dy53My5vcmcvMjAwMC9zdmciPjwvc3ZnPg==\" style=\"--smush-placeholder-width: 684px; --smush-placeholder-aspect-ratio: 684\/600;\" \/><\/a><\/figure>\n","protected":false},"excerpt":{"rendered":"<p>En las \u00faltimas horas, la polic\u00eda intervino en diferentes hechos de violencia familiar en varias localidades, en donde los agresores terminaron detenidos. En primer lugar, en Ober\u00e1, la Comisar\u00eda de la Mujer apres\u00f3 en el barrio 100 hect\u00e1reas a un hombre de 43 a\u00f1os que se encontraba en aparente estado de ebriedad e intent\u00f3 agredir [&hellip;]<\/p>\n","protected":false},"author":2,"featured_media":11671,"comment_status":"open","ping_status":"open","sticky":false,"template":"","format":"standard","meta":{"footnotes":""},"categories":[41],"tags":[],"class_list":["post-11670","post","type-post","status-publish","format-standard","has-post-thumbnail","hentry","category-policiales"],"yoast_head":"<!-- This site is optimized with the Yoast SEO plugin v27.5 - https:\/\/yoast.com\/product\/yoast-seo-wordpress\/ -->\n<title>Cuatro detenidos por casos de violencia familiar | CVI NOTICIAS<\/title>\n<meta name=\"robots\" content=\"index, follow, max-snippet:-1, max-image-preview:large, max-video-preview:-1\" \/>\n<link rel=\"canonical\" href=\"https:\/\/cvinoticias.com\/v3\/cuatro-detenidos-por-casos-de-violencia-familiar\/\" \/>\n<meta property=\"og:locale\" content=\"es_ES\" \/>\n<meta property=\"og:type\" content=\"article\" \/>\n<meta property=\"og:title\" content=\"Cuatro detenidos por casos de violencia familiar | CVI NOTICIAS\" \/>\n<meta property=\"og:description\" content=\"En las \u00faltimas horas, la polic\u00eda intervino en diferentes hechos de violencia familiar en varias localidades, en donde los agresores terminaron detenidos. En primer lugar, en Ober\u00e1, la Comisar\u00eda de la Mujer apres\u00f3 en el barrio 100 hect\u00e1reas a un hombre de 43 a\u00f1os que se encontraba en aparente estado de ebriedad e intent\u00f3 agredir [&hellip;]\" \/>\n<meta property=\"og:url\" content=\"https:\/\/cvinoticias.com\/v3\/cuatro-detenidos-por-casos-de-violencia-familiar\/\" \/>\n<meta property=\"og:site_name\" content=\"CVI NOTICIAS\" \/>\n<meta property=\"article:publisher\" content=\"https:\/\/www.facebook.com\/cvinoticias\" \/>\n<meta property=\"article:published_time\" content=\"2021-12-28T12:03:48+00:00\" \/>\n<meta property=\"og:image\" content=\"https:\/\/cvinoticias.com\/wp-content\/uploads\/2021\/12\/FB_IMG_1640692280005.jpg\" \/>\n\t<meta property=\"og:image:width\" content=\"898\" \/>\n\t<meta property=\"og:image:height\" content=\"788\" \/>\n\t<meta property=\"og:image:type\" content=\"image\/jpeg\" \/>\n<meta name=\"author\" content=\"f1000024\" \/>\n<meta name=\"twitter:card\" content=\"summary_large_image\" \/>\n<meta name=\"twitter:label1\" content=\"Escrito por\" \/>\n\t<meta name=\"twitter:data1\" content=\"f1000024\" \/>\n\t<meta name=\"twitter:label2\" content=\"Tiempo de lectura\" \/>\n\t<meta name=\"twitter:data2\" content=\"2 minutos\" \/>\n<script type=\"application\/ld+json\" class=\"yoast-schema-graph\">{\"@context\":\"https:\\\/\\\/schema.org\",\"@graph\":[{\"@type\":\"Article\",\"@id\":\"https:\\\/\\\/cvinoticias.com\\\/v3\\\/cuatro-detenidos-por-casos-de-violencia-familiar\\\/#article\",\"isPartOf\":{\"@id\":\"https:\\\/\\\/cvinoticias.com\\\/v3\\\/cuatro-detenidos-por-casos-de-violencia-familiar\\\/\"},\"author\":{\"name\":\"f1000024\",\"@id\":\"https:\\\/\\\/cvinoticias.com\\\/v3\\\/#\\\/schema\\\/person\\\/2db77e3c6bc03c538495d7b2b8be9b66\"},\"headline\":\"Cuatro detenidos por casos de violencia familiar\",\"datePublished\":\"2021-12-28T12:03:48+00:00\",\"mainEntityOfPage\":{\"@id\":\"https:\\\/\\\/cvinoticias.com\\\/v3\\\/cuatro-detenidos-por-casos-de-violencia-familiar\\\/\"},\"wordCount\":313,\"commentCount\":0,\"publisher\":{\"@id\":\"https:\\\/\\\/cvinoticias.com\\\/v3\\\/#organization\"},\"image\":{\"@id\":\"https:\\\/\\\/cvinoticias.com\\\/v3\\\/cuatro-detenidos-por-casos-de-violencia-familiar\\\/#primaryimage\"},\"thumbnailUrl\":\"https:\\\/\\\/cvinoticias.com\\\/wp-content\\\/uploads\\\/2021\\\/12\\\/FB_IMG_1640692280005.jpg\",\"articleSection\":[\"Policiales\"],\"inLanguage\":\"es\",\"potentialAction\":[{\"@type\":\"CommentAction\",\"name\":\"Comment\",\"target\":[\"https:\\\/\\\/cvinoticias.com\\\/v3\\\/cuatro-detenidos-por-casos-de-violencia-familiar\\\/#respond\"]}]},{\"@type\":\"WebPage\",\"@id\":\"https:\\\/\\\/cvinoticias.com\\\/v3\\\/cuatro-detenidos-por-casos-de-violencia-familiar\\\/\",\"url\":\"https:\\\/\\\/cvinoticias.com\\\/v3\\\/cuatro-detenidos-por-casos-de-violencia-familiar\\\/\",\"name\":\"Cuatro detenidos por casos de violencia familiar | CVI NOTICIAS\",\"isPartOf\":{\"@id\":\"https:\\\/\\\/cvinoticias.com\\\/v3\\\/#website\"},\"primaryImageOfPage\":{\"@id\":\"https:\\\/\\\/cvinoticias.com\\\/v3\\\/cuatro-detenidos-por-casos-de-violencia-familiar\\\/#primaryimage\"},\"image\":{\"@id\":\"https:\\\/\\\/cvinoticias.com\\\/v3\\\/cuatro-detenidos-por-casos-de-violencia-familiar\\\/#primaryimage\"},\"thumbnailUrl\":\"https:\\\/\\\/cvinoticias.com\\\/wp-content\\\/uploads\\\/2021\\\/12\\\/FB_IMG_1640692280005.jpg\",\"datePublished\":\"2021-12-28T12:03:48+00:00\",\"breadcrumb\":{\"@id\":\"https:\\\/\\\/cvinoticias.com\\\/v3\\\/cuatro-detenidos-por-casos-de-violencia-familiar\\\/#breadcrumb\"},\"inLanguage\":\"es\",\"potentialAction\":[{\"@type\":\"ReadAction\",\"target\":[\"https:\\\/\\\/cvinoticias.com\\\/v3\\\/cuatro-detenidos-por-casos-de-violencia-familiar\\\/\"]}]},{\"@type\":\"ImageObject\",\"inLanguage\":\"es\",\"@id\":\"https:\\\/\\\/cvinoticias.com\\\/v3\\\/cuatro-detenidos-por-casos-de-violencia-familiar\\\/#primaryimage\",\"url\":\"https:\\\/\\\/cvinoticias.com\\\/wp-content\\\/uploads\\\/2021\\\/12\\\/FB_IMG_1640692280005.jpg\",\"contentUrl\":\"https:\\\/\\\/cvinoticias.com\\\/wp-content\\\/uploads\\\/2021\\\/12\\\/FB_IMG_1640692280005.jpg\",\"width\":898,\"height\":788},{\"@type\":\"BreadcrumbList\",\"@id\":\"https:\\\/\\\/cvinoticias.com\\\/v3\\\/cuatro-detenidos-por-casos-de-violencia-familiar\\\/#breadcrumb\",\"itemListElement\":[{\"@type\":\"ListItem\",\"position\":1,\"name\":\"Portada\",\"item\":\"https:\\\/\\\/cvinoticias.com\\\/v3\\\/\"},{\"@type\":\"ListItem\",\"position\":2,\"name\":\"Cuatro detenidos por casos de violencia familiar\"}]},{\"@type\":\"WebSite\",\"@id\":\"https:\\\/\\\/cvinoticias.com\\\/v3\\\/#website\",\"url\":\"https:\\\/\\\/cvinoticias.com\\\/v3\\\/\",\"name\":\"CVI NOTICIAS\",\"description\":\"\",\"publisher\":{\"@id\":\"https:\\\/\\\/cvinoticias.com\\\/v3\\\/#organization\"},\"alternateName\":\"CVI\",\"potentialAction\":[{\"@type\":\"SearchAction\",\"target\":{\"@type\":\"EntryPoint\",\"urlTemplate\":\"https:\\\/\\\/cvinoticias.com\\\/v3\\\/?s={search_term_string}\"},\"query-input\":{\"@type\":\"PropertyValueSpecification\",\"valueRequired\":true,\"valueName\":\"search_term_string\"}}],\"inLanguage\":\"es\"},{\"@type\":\"Organization\",\"@id\":\"https:\\\/\\\/cvinoticias.com\\\/v3\\\/#organization\",\"name\":\"CVI NOTICIAS\",\"url\":\"https:\\\/\\\/cvinoticias.com\\\/v3\\\/\",\"logo\":{\"@type\":\"ImageObject\",\"inLanguage\":\"es\",\"@id\":\"https:\\\/\\\/cvinoticias.com\\\/v3\\\/#\\\/schema\\\/logo\\\/image\\\/\",\"url\":\"https:\\\/\\\/cvinoticias.com\\\/wp-content\\\/uploads\\\/2023\\\/04\\\/cropped-cropped-cropped-cropped-cropped-3-1.png\",\"contentUrl\":\"https:\\\/\\\/cvinoticias.com\\\/wp-content\\\/uploads\\\/2023\\\/04\\\/cropped-cropped-cropped-cropped-cropped-3-1.png\",\"width\":95,\"height\":122,\"caption\":\"CVI NOTICIAS\"},\"image\":{\"@id\":\"https:\\\/\\\/cvinoticias.com\\\/v3\\\/#\\\/schema\\\/logo\\\/image\\\/\"},\"sameAs\":[\"https:\\\/\\\/www.facebook.com\\\/cvinoticias\",\"https:\\\/\\\/www.instagram.com\\\/cvinoticias\\\/\",\"https:\\\/\\\/www.youtube.com\\\/@CVINOTICIAS\"]},{\"@type\":\"Person\",\"@id\":\"https:\\\/\\\/cvinoticias.com\\\/v3\\\/#\\\/schema\\\/person\\\/2db77e3c6bc03c538495d7b2b8be9b66\",\"name\":\"f1000024\",\"image\":{\"@type\":\"ImageObject\",\"inLanguage\":\"es\",\"@id\":\"https:\\\/\\\/secure.gravatar.com\\\/avatar\\\/d4fe7459cfc51ff5129ce1a732bbef5928568b8092d412ef95611616376bbeed?s=96&d=mm&r=g\",\"url\":\"https:\\\/\\\/secure.gravatar.com\\\/avatar\\\/d4fe7459cfc51ff5129ce1a732bbef5928568b8092d412ef95611616376bbeed?s=96&d=mm&r=g\",\"contentUrl\":\"https:\\\/\\\/secure.gravatar.com\\\/avatar\\\/d4fe7459cfc51ff5129ce1a732bbef5928568b8092d412ef95611616376bbeed?s=96&d=mm&r=g\",\"caption\":\"f1000024\"},\"url\":\"https:\\\/\\\/cvinoticias.com\\\/v3\\\/author\\\/f1000024\\\/\"}]}<\/script>\n<!-- \/ Yoast SEO plugin. -->","yoast_head_json":{"title":"Cuatro detenidos por casos de violencia familiar | CVI NOTICIAS","robots":{"index":"index","follow":"follow","max-snippet":"max-snippet:-1","max-image-preview":"max-image-preview:large","max-video-preview":"max-video-preview:-1"},"canonical":"https:\/\/cvinoticias.com\/v3\/cuatro-detenidos-por-casos-de-violencia-familiar\/","og_locale":"es_ES","og_type":"article","og_title":"Cuatro detenidos por casos de violencia familiar | CVI NOTICIAS","og_description":"En las \u00faltimas horas, la polic\u00eda intervino en diferentes hechos de violencia familiar en varias localidades, en donde los agresores terminaron detenidos. En primer lugar, en Ober\u00e1, la Comisar\u00eda de la Mujer apres\u00f3 en el barrio 100 hect\u00e1reas a un hombre de 43 a\u00f1os que se encontraba en aparente estado de ebriedad e intent\u00f3 agredir [&hellip;]","og_url":"https:\/\/cvinoticias.com\/v3\/cuatro-detenidos-por-casos-de-violencia-familiar\/","og_site_name":"CVI NOTICIAS","article_publisher":"https:\/\/www.facebook.com\/cvinoticias","article_published_time":"2021-12-28T12:03:48+00:00","og_image":[{"width":898,"height":788,"url":"https:\/\/cvinoticias.com\/wp-content\/uploads\/2021\/12\/FB_IMG_1640692280005.jpg","type":"image\/jpeg"}],"author":"f1000024","twitter_card":"summary_large_image","twitter_misc":{"Escrito por":"f1000024","Tiempo de lectura":"2 minutos"},"schema":{"@context":"https:\/\/schema.org","@graph":[{"@type":"Article","@id":"https:\/\/cvinoticias.com\/v3\/cuatro-detenidos-por-casos-de-violencia-familiar\/#article","isPartOf":{"@id":"https:\/\/cvinoticias.com\/v3\/cuatro-detenidos-por-casos-de-violencia-familiar\/"},"author":{"name":"f1000024","@id":"https:\/\/cvinoticias.com\/v3\/#\/schema\/person\/2db77e3c6bc03c538495d7b2b8be9b66"},"headline":"Cuatro detenidos por casos de violencia familiar","datePublished":"2021-12-28T12:03:48+00:00","mainEntityOfPage":{"@id":"https:\/\/cvinoticias.com\/v3\/cuatro-detenidos-por-casos-de-violencia-familiar\/"},"wordCount":313,"commentCount":0,"publisher":{"@id":"https:\/\/cvinoticias.com\/v3\/#organization"},"image":{"@id":"https:\/\/cvinoticias.com\/v3\/cuatro-detenidos-por-casos-de-violencia-familiar\/#primaryimage"},"thumbnailUrl":"https:\/\/cvinoticias.com\/wp-content\/uploads\/2021\/12\/FB_IMG_1640692280005.jpg","articleSection":["Policiales"],"inLanguage":"es","potentialAction":[{"@type":"CommentAction","name":"Comment","target":["https:\/\/cvinoticias.com\/v3\/cuatro-detenidos-por-casos-de-violencia-familiar\/#respond"]}]},{"@type":"WebPage","@id":"https:\/\/cvinoticias.com\/v3\/cuatro-detenidos-por-casos-de-violencia-familiar\/","url":"https:\/\/cvinoticias.com\/v3\/cuatro-detenidos-por-casos-de-violencia-familiar\/","name":"Cuatro detenidos por casos de violencia familiar | CVI NOTICIAS","isPartOf":{"@id":"https:\/\/cvinoticias.com\/v3\/#website"},"primaryImageOfPage":{"@id":"https:\/\/cvinoticias.com\/v3\/cuatro-detenidos-por-casos-de-violencia-familiar\/#primaryimage"},"image":{"@id":"https:\/\/cvinoticias.com\/v3\/cuatro-detenidos-por-casos-de-violencia-familiar\/#primaryimage"},"thumbnailUrl":"https:\/\/cvinoticias.com\/wp-content\/uploads\/2021\/12\/FB_IMG_1640692280005.jpg","datePublished":"2021-12-28T12:03:48+00:00","breadcrumb":{"@id":"https:\/\/cvinoticias.com\/v3\/cuatro-detenidos-por-casos-de-violencia-familiar\/#breadcrumb"},"inLanguage":"es","potentialAction":[{"@type":"ReadAction","target":["https:\/\/cvinoticias.com\/v3\/cuatro-detenidos-por-casos-de-violencia-familiar\/"]}]},{"@type":"ImageObject","inLanguage":"es","@id":"https:\/\/cvinoticias.com\/v3\/cuatro-detenidos-por-casos-de-violencia-familiar\/#primaryimage","url":"https:\/\/cvinoticias.com\/wp-content\/uploads\/2021\/12\/FB_IMG_1640692280005.jpg","contentUrl":"https:\/\/cvinoticias.com\/wp-content\/uploads\/2021\/12\/FB_IMG_1640692280005.jpg","width":898,"height":788},{"@type":"BreadcrumbList","@id":"https:\/\/cvinoticias.com\/v3\/cuatro-detenidos-por-casos-de-violencia-familiar\/#breadcrumb","itemListElement":[{"@type":"ListItem","position":1,"name":"Portada","item":"https:\/\/cvinoticias.com\/v3\/"},{"@type":"ListItem","position":2,"name":"Cuatro detenidos por casos de violencia familiar"}]},{"@type":"WebSite","@id":"https:\/\/cvinoticias.com\/v3\/#website","url":"https:\/\/cvinoticias.com\/v3\/","name":"CVI NOTICIAS","description":"","publisher":{"@id":"https:\/\/cvinoticias.com\/v3\/#organization"},"alternateName":"CVI","potentialAction":[{"@type":"SearchAction","target":{"@type":"EntryPoint","urlTemplate":"https:\/\/cvinoticias.com\/v3\/?s={search_term_string}"},"query-input":{"@type":"PropertyValueSpecification","valueRequired":true,"valueName":"search_term_string"}}],"inLanguage":"es"},{"@type":"Organization","@id":"https:\/\/cvinoticias.com\/v3\/#organization","name":"CVI NOTICIAS","url":"https:\/\/cvinoticias.com\/v3\/","logo":{"@type":"ImageObject","inLanguage":"es","@id":"https:\/\/cvinoticias.com\/v3\/#\/schema\/logo\/image\/","url":"https:\/\/cvinoticias.com\/wp-content\/uploads\/2023\/04\/cropped-cropped-cropped-cropped-cropped-3-1.png","contentUrl":"https:\/\/cvinoticias.com\/wp-content\/uploads\/2023\/04\/cropped-cropped-cropped-cropped-cropped-3-1.png","width":95,"height":122,"caption":"CVI NOTICIAS"},"image":{"@id":"https:\/\/cvinoticias.com\/v3\/#\/schema\/logo\/image\/"},"sameAs":["https:\/\/www.facebook.com\/cvinoticias","https:\/\/www.instagram.com\/cvinoticias\/","https:\/\/www.youtube.com\/@CVINOTICIAS"]},{"@type":"Person","@id":"https:\/\/cvinoticias.com\/v3\/#\/schema\/person\/2db77e3c6bc03c538495d7b2b8be9b66","name":"f1000024","image":{"@type":"ImageObject","inLanguage":"es","@id":"https:\/\/secure.gravatar.com\/avatar\/d4fe7459cfc51ff5129ce1a732bbef5928568b8092d412ef95611616376bbeed?s=96&d=mm&r=g","url":"https:\/\/secure.gravatar.com\/avatar\/d4fe7459cfc51ff5129ce1a732bbef5928568b8092d412ef95611616376bbeed?s=96&d=mm&r=g","contentUrl":"https:\/\/secure.gravatar.com\/avatar\/d4fe7459cfc51ff5129ce1a732bbef5928568b8092d412ef95611616376bbeed?s=96&d=mm&r=g","caption":"f1000024"},"url":"https:\/\/cvinoticias.com\/v3\/author\/f1000024\/"}]}},"_links":{"self":[{"href":"https:\/\/cvinoticias.com\/v3\/wp-json\/wp\/v2\/posts\/11670","targetHints":{"allow":["GET"]}}],"collection":[{"href":"https:\/\/cvinoticias.com\/v3\/wp-json\/wp\/v2\/posts"}],"about":[{"href":"https:\/\/cvinoticias.com\/v3\/wp-json\/wp\/v2\/types\/post"}],"author":[{"embeddable":true,"href":"https:\/\/cvinoticias.com\/v3\/wp-json\/wp\/v2\/users\/2"}],"replies":[{"embeddable":true,"href":"https:\/\/cvinoticias.com\/v3\/wp-json\/wp\/v2\/comments?post=11670"}],"version-history":[{"count":1,"href":"https:\/\/cvinoticias.com\/v3\/wp-json\/wp\/v2\/posts\/11670\/revisions"}],"predecessor-version":[{"id":11676,"href":"https:\/\/cvinoticias.com\/v3\/wp-json\/wp\/v2\/posts\/11670\/revisions\/11676"}],"wp:featuredmedia":[{"embeddable":true,"href":"https:\/\/cvinoticias.com\/v3\/wp-json\/wp\/v2\/media\/11671"}],"wp:attachment":[{"href":"https:\/\/cvinoticias.com\/v3\/wp-json\/wp\/v2\/media?parent=11670"}],"wp:term":[{"taxonomy":"category","embeddable":true,"href":"https:\/\/cvinoticias.com\/v3\/wp-json\/wp\/v2\/categories?post=11670"},{"taxonomy":"post_tag","embeddable":true,"href":"https:\/\/cvinoticias.com\/v3\/wp-json\/wp\/v2\/tags?post=11670"}],"curies":[{"name":"wp","href":"https:\/\/api.w.org\/{rel}","templated":true}]}}