{"id":11652,"date":"2021-12-28T01:38:00","date_gmt":"2021-12-28T01:38:00","guid":{"rendered":"https:\/\/cvinoticias.com\/v3\/?p=11652"},"modified":"2021-12-28T01:38:00","modified_gmt":"2021-12-28T01:38:00","slug":"se-realizo-la-ceremonia-de-ascenso-de-88-integrantes-de-la-unidad-regional-de-iguazu","status":"publish","type":"post","link":"https:\/\/cvinoticias.com\/v3\/se-realizo-la-ceremonia-de-ascenso-de-88-integrantes-de-la-unidad-regional-de-iguazu\/","title":{"rendered":"Se realiz\u00f3 la ceremonia de ascenso de 88 integrantes de la Unidad Regional de Iguaz\u00fa"},"content":{"rendered":"\n<p><strong><em>En horas de la tarde, en el d\u00eda de la fecha, se realiz\u00f3 la ceremonia de ascenso del personal policial de oficiales y suboficiales promovidos formalmente al grado inmediato superior.<\/em><\/strong><\/p>\n\n\n\n<p>El acto de ceremonia se llev\u00f3 a cabo frente a las instalaciones de la Unidad Regional V de la ciudad de las Cataratas donde 88 integrantes de la\u00a0 Unidad Regional recibieron sus certificados ascenso y reconocimiento.<\/p>\n\n\n\n<figure class=\"wp-block-image size-large\"><a href=\"https:\/\/cvinoticias.com\/wp-content\/uploads\/2021\/12\/IMG-20211227-WA0093.jpg\"><img decoding=\"async\" width=\"497\" height=\"1024\" data-src=\"https:\/\/cvinoticias.com\/wp-content\/uploads\/2021\/12\/IMG-20211227-WA0093-497x1024.jpg\" alt=\"\" class=\"wp-image-11653 lazyload\" data-srcset=\"https:\/\/cvinoticias.com\/wp-content\/uploads\/2021\/12\/IMG-20211227-WA0093-497x1024.jpg 497w, https:\/\/cvinoticias.com\/wp-content\/uploads\/2021\/12\/IMG-20211227-WA0093-146x300.jpg 146w, https:\/\/cvinoticias.com\/wp-content\/uploads\/2021\/12\/IMG-20211227-WA0093-768x1581.jpg 768w, https:\/\/cvinoticias.com\/wp-content\/uploads\/2021\/12\/IMG-20211227-WA0093-746x1536.jpg 746w, https:\/\/cvinoticias.com\/wp-content\/uploads\/2021\/12\/IMG-20211227-WA0093.jpg 777w\" data-sizes=\"(max-width: 497px) 100vw, 497px\" src=\"data:image\/svg+xml;base64,PHN2ZyB3aWR0aD0iMSIgaGVpZ2h0PSIxIiB4bWxucz0iaHR0cDovL3d3dy53My5vcmcvMjAwMC9zdmciPjwvc3ZnPg==\" style=\"--smush-placeholder-width: 497px; --smush-placeholder-aspect-ratio: 497\/1024;\" \/><\/a><\/figure>\n\n\n\n<p>Adem\u00e1s, debido al esfuerzo de superaci\u00f3n como profesional y de haber obtenido un t\u00edtulo Universitario, Johana S\u00e1nchez fue promovida al grado de oficial subalterna con la flamante jerarqu\u00eda de subayudante.<\/p>\n\n\n\n<p>El acto cont\u00f3 con la presencia del titular de la Unidad Regional, el presidente del Concejo Deliberante, Juan Jos\u00e9 Raynoldi, la secretaria de Gobierno Marcela Gonz\u00e1lez, el C\u00f3nsul de Paraguay en Iguaz\u00fa Magno Alvarez e invitados de otras fuerzas de seguridad nacionales y provinciales.<\/p>\n\n\n\n<p><br><\/p>\n\n\n\n<figure class=\"wp-block-image size-large\"><a href=\"https:\/\/cvinoticias.com\/wp-content\/uploads\/2021\/12\/IMG-20211227-WA0091.jpg\"><img decoding=\"async\" width=\"497\" height=\"1024\" data-src=\"https:\/\/cvinoticias.com\/wp-content\/uploads\/2021\/12\/IMG-20211227-WA0091-497x1024.jpg\" alt=\"\" class=\"wp-image-11654 lazyload\" data-srcset=\"https:\/\/cvinoticias.com\/wp-content\/uploads\/2021\/12\/IMG-20211227-WA0091-497x1024.jpg 497w, https:\/\/cvinoticias.com\/wp-content\/uploads\/2021\/12\/IMG-20211227-WA0091-146x300.jpg 146w, https:\/\/cvinoticias.com\/wp-content\/uploads\/2021\/12\/IMG-20211227-WA0091-768x1581.jpg 768w, https:\/\/cvinoticias.com\/wp-content\/uploads\/2021\/12\/IMG-20211227-WA0091-746x1536.jpg 746w, https:\/\/cvinoticias.com\/wp-content\/uploads\/2021\/12\/IMG-20211227-WA0091.jpg 777w\" data-sizes=\"(max-width: 497px) 100vw, 497px\" src=\"data:image\/svg+xml;base64,PHN2ZyB3aWR0aD0iMSIgaGVpZ2h0PSIxIiB4bWxucz0iaHR0cDovL3d3dy53My5vcmcvMjAwMC9zdmciPjwvc3ZnPg==\" style=\"--smush-placeholder-width: 497px; --smush-placeholder-aspect-ratio: 497\/1024;\" \/><\/a><\/figure>\n\n\n\n<figure class=\"wp-block-image size-large\"><a href=\"https:\/\/cvinoticias.com\/wp-content\/uploads\/2021\/12\/IMG-20211227-WA0079.jpg\"><img decoding=\"async\" width=\"1024\" height=\"768\" data-src=\"https:\/\/cvinoticias.com\/wp-content\/uploads\/2021\/12\/IMG-20211227-WA0079-1024x768.jpg\" alt=\"\" class=\"wp-image-11655 lazyload\" data-srcset=\"https:\/\/cvinoticias.com\/wp-content\/uploads\/2021\/12\/IMG-20211227-WA0079-1024x768.jpg 1024w, https:\/\/cvinoticias.com\/wp-content\/uploads\/2021\/12\/IMG-20211227-WA0079-300x225.jpg 300w, https:\/\/cvinoticias.com\/wp-content\/uploads\/2021\/12\/IMG-20211227-WA0079-768x576.jpg 768w, https:\/\/cvinoticias.com\/wp-content\/uploads\/2021\/12\/IMG-20211227-WA0079-1536x1152.jpg 1536w, https:\/\/cvinoticias.com\/wp-content\/uploads\/2021\/12\/IMG-20211227-WA0079.jpg 1600w\" data-sizes=\"(max-width: 1024px) 100vw, 1024px\" src=\"data:image\/svg+xml;base64,PHN2ZyB3aWR0aD0iMSIgaGVpZ2h0PSIxIiB4bWxucz0iaHR0cDovL3d3dy53My5vcmcvMjAwMC9zdmciPjwvc3ZnPg==\" style=\"--smush-placeholder-width: 1024px; --smush-placeholder-aspect-ratio: 1024\/768;\" \/><\/a><\/figure>\n\n\n\n<figure class=\"wp-block-image size-large\"><a href=\"https:\/\/cvinoticias.com\/wp-content\/uploads\/2021\/12\/IMG-20211227-WA0088.jpg\"><img decoding=\"async\" width=\"497\" height=\"1024\" data-src=\"https:\/\/cvinoticias.com\/wp-content\/uploads\/2021\/12\/IMG-20211227-WA0088-497x1024.jpg\" alt=\"\" class=\"wp-image-11656 lazyload\" data-srcset=\"https:\/\/cvinoticias.com\/wp-content\/uploads\/2021\/12\/IMG-20211227-WA0088-497x1024.jpg 497w, https:\/\/cvinoticias.com\/wp-content\/uploads\/2021\/12\/IMG-20211227-WA0088-146x300.jpg 146w, https:\/\/cvinoticias.com\/wp-content\/uploads\/2021\/12\/IMG-20211227-WA0088-768x1581.jpg 768w, https:\/\/cvinoticias.com\/wp-content\/uploads\/2021\/12\/IMG-20211227-WA0088-746x1536.jpg 746w, https:\/\/cvinoticias.com\/wp-content\/uploads\/2021\/12\/IMG-20211227-WA0088.jpg 777w\" data-sizes=\"(max-width: 497px) 100vw, 497px\" src=\"data:image\/svg+xml;base64,PHN2ZyB3aWR0aD0iMSIgaGVpZ2h0PSIxIiB4bWxucz0iaHR0cDovL3d3dy53My5vcmcvMjAwMC9zdmciPjwvc3ZnPg==\" style=\"--smush-placeholder-width: 497px; --smush-placeholder-aspect-ratio: 497\/1024;\" \/><\/a><\/figure>\n\n\n\n<figure class=\"wp-block-image size-large\"><a href=\"https:\/\/cvinoticias.com\/wp-content\/uploads\/2021\/12\/IMG-20211227-WA0089.jpg\"><img decoding=\"async\" width=\"497\" height=\"1024\" data-src=\"https:\/\/cvinoticias.com\/wp-content\/uploads\/2021\/12\/IMG-20211227-WA0089-497x1024.jpg\" alt=\"\" class=\"wp-image-11657 lazyload\" data-srcset=\"https:\/\/cvinoticias.com\/wp-content\/uploads\/2021\/12\/IMG-20211227-WA0089-497x1024.jpg 497w, https:\/\/cvinoticias.com\/wp-content\/uploads\/2021\/12\/IMG-20211227-WA0089-146x300.jpg 146w, https:\/\/cvinoticias.com\/wp-content\/uploads\/2021\/12\/IMG-20211227-WA0089-768x1581.jpg 768w, https:\/\/cvinoticias.com\/wp-content\/uploads\/2021\/12\/IMG-20211227-WA0089-746x1536.jpg 746w, https:\/\/cvinoticias.com\/wp-content\/uploads\/2021\/12\/IMG-20211227-WA0089.jpg 777w\" data-sizes=\"(max-width: 497px) 100vw, 497px\" src=\"data:image\/svg+xml;base64,PHN2ZyB3aWR0aD0iMSIgaGVpZ2h0PSIxIiB4bWxucz0iaHR0cDovL3d3dy53My5vcmcvMjAwMC9zdmciPjwvc3ZnPg==\" style=\"--smush-placeholder-width: 497px; --smush-placeholder-aspect-ratio: 497\/1024;\" \/><\/a><\/figure>\n\n\n\n<figure class=\"wp-block-image size-large\"><a href=\"https:\/\/cvinoticias.com\/wp-content\/uploads\/2021\/12\/IMG-20211227-WA0080.jpg\"><img decoding=\"async\" width=\"1024\" height=\"768\" data-src=\"https:\/\/cvinoticias.com\/wp-content\/uploads\/2021\/12\/IMG-20211227-WA0080-1024x768.jpg\" alt=\"\" class=\"wp-image-11658 lazyload\" data-srcset=\"https:\/\/cvinoticias.com\/wp-content\/uploads\/2021\/12\/IMG-20211227-WA0080-1024x768.jpg 1024w, https:\/\/cvinoticias.com\/wp-content\/uploads\/2021\/12\/IMG-20211227-WA0080-300x225.jpg 300w, https:\/\/cvinoticias.com\/wp-content\/uploads\/2021\/12\/IMG-20211227-WA0080-768x576.jpg 768w, https:\/\/cvinoticias.com\/wp-content\/uploads\/2021\/12\/IMG-20211227-WA0080-1536x1152.jpg 1536w, https:\/\/cvinoticias.com\/wp-content\/uploads\/2021\/12\/IMG-20211227-WA0080.jpg 1600w\" data-sizes=\"(max-width: 1024px) 100vw, 1024px\" src=\"data:image\/svg+xml;base64,PHN2ZyB3aWR0aD0iMSIgaGVpZ2h0PSIxIiB4bWxucz0iaHR0cDovL3d3dy53My5vcmcvMjAwMC9zdmciPjwvc3ZnPg==\" style=\"--smush-placeholder-width: 1024px; --smush-placeholder-aspect-ratio: 1024\/768;\" \/><\/a><\/figure>\n","protected":false},"excerpt":{"rendered":"<p>En horas de la tarde, en el d\u00eda de la fecha, se realiz\u00f3 la ceremonia de ascenso del personal policial de oficiales y suboficiales promovidos formalmente al grado inmediato superior. El acto de ceremonia se llev\u00f3 a cabo frente a las instalaciones de la Unidad Regional V de la ciudad de las Cataratas donde 88 [&hellip;]<\/p>\n","protected":false},"author":2,"featured_media":11659,"comment_status":"open","ping_status":"open","sticky":false,"template":"","format":"standard","meta":{"footnotes":""},"categories":[29,41],"tags":[],"class_list":["post-11652","post","type-post","status-publish","format-standard","has-post-thumbnail","hentry","category-locales","category-policiales"],"yoast_head":"<!-- This site is optimized with the Yoast SEO plugin v27.5 - https:\/\/yoast.com\/product\/yoast-seo-wordpress\/ -->\n<title>Se realiz\u00f3 la ceremonia de ascenso de 88 integrantes de la Unidad Regional de Iguaz\u00fa | CVI NOTICIAS<\/title>\n<meta name=\"robots\" content=\"index, follow, max-snippet:-1, max-image-preview:large, max-video-preview:-1\" \/>\n<link rel=\"canonical\" href=\"https:\/\/cvinoticias.com\/v3\/se-realizo-la-ceremonia-de-ascenso-de-88-integrantes-de-la-unidad-regional-de-iguazu\/\" \/>\n<meta property=\"og:locale\" content=\"es_ES\" \/>\n<meta property=\"og:type\" content=\"article\" \/>\n<meta property=\"og:title\" content=\"Se realiz\u00f3 la ceremonia de ascenso de 88 integrantes de la Unidad Regional de Iguaz\u00fa | CVI NOTICIAS\" \/>\n<meta property=\"og:description\" content=\"En horas de la tarde, en el d\u00eda de la fecha, se realiz\u00f3 la ceremonia de ascenso del personal policial de oficiales y suboficiales promovidos formalmente al grado inmediato superior. El acto de ceremonia se llev\u00f3 a cabo frente a las instalaciones de la Unidad Regional V de la ciudad de las Cataratas donde 88 [&hellip;]\" \/>\n<meta property=\"og:url\" content=\"https:\/\/cvinoticias.com\/v3\/se-realizo-la-ceremonia-de-ascenso-de-88-integrantes-de-la-unidad-regional-de-iguazu\/\" \/>\n<meta property=\"og:site_name\" content=\"CVI NOTICIAS\" \/>\n<meta property=\"article:publisher\" content=\"https:\/\/www.facebook.com\/cvinoticias\" \/>\n<meta property=\"article:published_time\" content=\"2021-12-28T01:38:00+00:00\" \/>\n<meta property=\"og:image\" content=\"https:\/\/cvinoticias.com\/wp-content\/uploads\/2021\/12\/IMG-20211227-WA0078.jpg\" \/>\n\t<meta property=\"og:image:width\" content=\"1600\" \/>\n\t<meta property=\"og:image:height\" content=\"1200\" \/>\n\t<meta property=\"og:image:type\" content=\"image\/jpeg\" \/>\n<meta name=\"author\" content=\"f1000024\" \/>\n<meta name=\"twitter:card\" content=\"summary_large_image\" \/>\n<meta name=\"twitter:label1\" content=\"Escrito por\" \/>\n\t<meta name=\"twitter:data1\" content=\"f1000024\" \/>\n\t<meta name=\"twitter:label2\" content=\"Tiempo de lectura\" \/>\n\t<meta name=\"twitter:data2\" content=\"1 minuto\" \/>\n<script type=\"application\/ld+json\" class=\"yoast-schema-graph\">{\"@context\":\"https:\\\/\\\/schema.org\",\"@graph\":[{\"@type\":\"Article\",\"@id\":\"https:\\\/\\\/cvinoticias.com\\\/v3\\\/se-realizo-la-ceremonia-de-ascenso-de-88-integrantes-de-la-unidad-regional-de-iguazu\\\/#article\",\"isPartOf\":{\"@id\":\"https:\\\/\\\/cvinoticias.com\\\/v3\\\/se-realizo-la-ceremonia-de-ascenso-de-88-integrantes-de-la-unidad-regional-de-iguazu\\\/\"},\"author\":{\"name\":\"f1000024\",\"@id\":\"https:\\\/\\\/cvinoticias.com\\\/v3\\\/#\\\/schema\\\/person\\\/2db77e3c6bc03c538495d7b2b8be9b66\"},\"headline\":\"Se realiz\u00f3 la ceremonia de ascenso de 88 integrantes de la Unidad Regional de Iguaz\u00fa\",\"datePublished\":\"2021-12-28T01:38:00+00:00\",\"mainEntityOfPage\":{\"@id\":\"https:\\\/\\\/cvinoticias.com\\\/v3\\\/se-realizo-la-ceremonia-de-ascenso-de-88-integrantes-de-la-unidad-regional-de-iguazu\\\/\"},\"wordCount\":161,\"commentCount\":0,\"publisher\":{\"@id\":\"https:\\\/\\\/cvinoticias.com\\\/v3\\\/#organization\"},\"image\":{\"@id\":\"https:\\\/\\\/cvinoticias.com\\\/v3\\\/se-realizo-la-ceremonia-de-ascenso-de-88-integrantes-de-la-unidad-regional-de-iguazu\\\/#primaryimage\"},\"thumbnailUrl\":\"https:\\\/\\\/cvinoticias.com\\\/wp-content\\\/uploads\\\/2021\\\/12\\\/IMG-20211227-WA0078.jpg\",\"articleSection\":[\"Locales\",\"Policiales\"],\"inLanguage\":\"es\",\"potentialAction\":[{\"@type\":\"CommentAction\",\"name\":\"Comment\",\"target\":[\"https:\\\/\\\/cvinoticias.com\\\/v3\\\/se-realizo-la-ceremonia-de-ascenso-de-88-integrantes-de-la-unidad-regional-de-iguazu\\\/#respond\"]}]},{\"@type\":\"WebPage\",\"@id\":\"https:\\\/\\\/cvinoticias.com\\\/v3\\\/se-realizo-la-ceremonia-de-ascenso-de-88-integrantes-de-la-unidad-regional-de-iguazu\\\/\",\"url\":\"https:\\\/\\\/cvinoticias.com\\\/v3\\\/se-realizo-la-ceremonia-de-ascenso-de-88-integrantes-de-la-unidad-regional-de-iguazu\\\/\",\"name\":\"Se realiz\u00f3 la ceremonia de ascenso de 88 integrantes de la Unidad Regional de Iguaz\u00fa | CVI NOTICIAS\",\"isPartOf\":{\"@id\":\"https:\\\/\\\/cvinoticias.com\\\/v3\\\/#website\"},\"primaryImageOfPage\":{\"@id\":\"https:\\\/\\\/cvinoticias.com\\\/v3\\\/se-realizo-la-ceremonia-de-ascenso-de-88-integrantes-de-la-unidad-regional-de-iguazu\\\/#primaryimage\"},\"image\":{\"@id\":\"https:\\\/\\\/cvinoticias.com\\\/v3\\\/se-realizo-la-ceremonia-de-ascenso-de-88-integrantes-de-la-unidad-regional-de-iguazu\\\/#primaryimage\"},\"thumbnailUrl\":\"https:\\\/\\\/cvinoticias.com\\\/wp-content\\\/uploads\\\/2021\\\/12\\\/IMG-20211227-WA0078.jpg\",\"datePublished\":\"2021-12-28T01:38:00+00:00\",\"breadcrumb\":{\"@id\":\"https:\\\/\\\/cvinoticias.com\\\/v3\\\/se-realizo-la-ceremonia-de-ascenso-de-88-integrantes-de-la-unidad-regional-de-iguazu\\\/#breadcrumb\"},\"inLanguage\":\"es\",\"potentialAction\":[{\"@type\":\"ReadAction\",\"target\":[\"https:\\\/\\\/cvinoticias.com\\\/v3\\\/se-realizo-la-ceremonia-de-ascenso-de-88-integrantes-de-la-unidad-regional-de-iguazu\\\/\"]}]},{\"@type\":\"ImageObject\",\"inLanguage\":\"es\",\"@id\":\"https:\\\/\\\/cvinoticias.com\\\/v3\\\/se-realizo-la-ceremonia-de-ascenso-de-88-integrantes-de-la-unidad-regional-de-iguazu\\\/#primaryimage\",\"url\":\"https:\\\/\\\/cvinoticias.com\\\/wp-content\\\/uploads\\\/2021\\\/12\\\/IMG-20211227-WA0078.jpg\",\"contentUrl\":\"https:\\\/\\\/cvinoticias.com\\\/wp-content\\\/uploads\\\/2021\\\/12\\\/IMG-20211227-WA0078.jpg\",\"width\":1600,\"height\":1200},{\"@type\":\"BreadcrumbList\",\"@id\":\"https:\\\/\\\/cvinoticias.com\\\/v3\\\/se-realizo-la-ceremonia-de-ascenso-de-88-integrantes-de-la-unidad-regional-de-iguazu\\\/#breadcrumb\",\"itemListElement\":[{\"@type\":\"ListItem\",\"position\":1,\"name\":\"Portada\",\"item\":\"https:\\\/\\\/cvinoticias.com\\\/v3\\\/\"},{\"@type\":\"ListItem\",\"position\":2,\"name\":\"Se realiz\u00f3 la ceremonia de ascenso de 88 integrantes de la Unidad Regional de Iguaz\u00fa\"}]},{\"@type\":\"WebSite\",\"@id\":\"https:\\\/\\\/cvinoticias.com\\\/v3\\\/#website\",\"url\":\"https:\\\/\\\/cvinoticias.com\\\/v3\\\/\",\"name\":\"CVI NOTICIAS\",\"description\":\"\",\"publisher\":{\"@id\":\"https:\\\/\\\/cvinoticias.com\\\/v3\\\/#organization\"},\"alternateName\":\"CVI\",\"potentialAction\":[{\"@type\":\"SearchAction\",\"target\":{\"@type\":\"EntryPoint\",\"urlTemplate\":\"https:\\\/\\\/cvinoticias.com\\\/v3\\\/?s={search_term_string}\"},\"query-input\":{\"@type\":\"PropertyValueSpecification\",\"valueRequired\":true,\"valueName\":\"search_term_string\"}}],\"inLanguage\":\"es\"},{\"@type\":\"Organization\",\"@id\":\"https:\\\/\\\/cvinoticias.com\\\/v3\\\/#organization\",\"name\":\"CVI NOTICIAS\",\"url\":\"https:\\\/\\\/cvinoticias.com\\\/v3\\\/\",\"logo\":{\"@type\":\"ImageObject\",\"inLanguage\":\"es\",\"@id\":\"https:\\\/\\\/cvinoticias.com\\\/v3\\\/#\\\/schema\\\/logo\\\/image\\\/\",\"url\":\"https:\\\/\\\/cvinoticias.com\\\/wp-content\\\/uploads\\\/2023\\\/04\\\/cropped-cropped-cropped-cropped-cropped-3-1.png\",\"contentUrl\":\"https:\\\/\\\/cvinoticias.com\\\/wp-content\\\/uploads\\\/2023\\\/04\\\/cropped-cropped-cropped-cropped-cropped-3-1.png\",\"width\":95,\"height\":122,\"caption\":\"CVI NOTICIAS\"},\"image\":{\"@id\":\"https:\\\/\\\/cvinoticias.com\\\/v3\\\/#\\\/schema\\\/logo\\\/image\\\/\"},\"sameAs\":[\"https:\\\/\\\/www.facebook.com\\\/cvinoticias\",\"https:\\\/\\\/www.instagram.com\\\/cvinoticias\\\/\",\"https:\\\/\\\/www.youtube.com\\\/@CVINOTICIAS\"]},{\"@type\":\"Person\",\"@id\":\"https:\\\/\\\/cvinoticias.com\\\/v3\\\/#\\\/schema\\\/person\\\/2db77e3c6bc03c538495d7b2b8be9b66\",\"name\":\"f1000024\",\"image\":{\"@type\":\"ImageObject\",\"inLanguage\":\"es\",\"@id\":\"https:\\\/\\\/secure.gravatar.com\\\/avatar\\\/d4fe7459cfc51ff5129ce1a732bbef5928568b8092d412ef95611616376bbeed?s=96&d=mm&r=g\",\"url\":\"https:\\\/\\\/secure.gravatar.com\\\/avatar\\\/d4fe7459cfc51ff5129ce1a732bbef5928568b8092d412ef95611616376bbeed?s=96&d=mm&r=g\",\"contentUrl\":\"https:\\\/\\\/secure.gravatar.com\\\/avatar\\\/d4fe7459cfc51ff5129ce1a732bbef5928568b8092d412ef95611616376bbeed?s=96&d=mm&r=g\",\"caption\":\"f1000024\"},\"url\":\"https:\\\/\\\/cvinoticias.com\\\/v3\\\/author\\\/f1000024\\\/\"}]}<\/script>\n<!-- \/ Yoast SEO plugin. -->","yoast_head_json":{"title":"Se realiz\u00f3 la ceremonia de ascenso de 88 integrantes de la Unidad Regional de Iguaz\u00fa | CVI NOTICIAS","robots":{"index":"index","follow":"follow","max-snippet":"max-snippet:-1","max-image-preview":"max-image-preview:large","max-video-preview":"max-video-preview:-1"},"canonical":"https:\/\/cvinoticias.com\/v3\/se-realizo-la-ceremonia-de-ascenso-de-88-integrantes-de-la-unidad-regional-de-iguazu\/","og_locale":"es_ES","og_type":"article","og_title":"Se realiz\u00f3 la ceremonia de ascenso de 88 integrantes de la Unidad Regional de Iguaz\u00fa | CVI NOTICIAS","og_description":"En horas de la tarde, en el d\u00eda de la fecha, se realiz\u00f3 la ceremonia de ascenso del personal policial de oficiales y suboficiales promovidos formalmente al grado inmediato superior. El acto de ceremonia se llev\u00f3 a cabo frente a las instalaciones de la Unidad Regional V de la ciudad de las Cataratas donde 88 [&hellip;]","og_url":"https:\/\/cvinoticias.com\/v3\/se-realizo-la-ceremonia-de-ascenso-de-88-integrantes-de-la-unidad-regional-de-iguazu\/","og_site_name":"CVI NOTICIAS","article_publisher":"https:\/\/www.facebook.com\/cvinoticias","article_published_time":"2021-12-28T01:38:00+00:00","og_image":[{"width":1600,"height":1200,"url":"https:\/\/cvinoticias.com\/wp-content\/uploads\/2021\/12\/IMG-20211227-WA0078.jpg","type":"image\/jpeg"}],"author":"f1000024","twitter_card":"summary_large_image","twitter_misc":{"Escrito por":"f1000024","Tiempo de lectura":"1 minuto"},"schema":{"@context":"https:\/\/schema.org","@graph":[{"@type":"Article","@id":"https:\/\/cvinoticias.com\/v3\/se-realizo-la-ceremonia-de-ascenso-de-88-integrantes-de-la-unidad-regional-de-iguazu\/#article","isPartOf":{"@id":"https:\/\/cvinoticias.com\/v3\/se-realizo-la-ceremonia-de-ascenso-de-88-integrantes-de-la-unidad-regional-de-iguazu\/"},"author":{"name":"f1000024","@id":"https:\/\/cvinoticias.com\/v3\/#\/schema\/person\/2db77e3c6bc03c538495d7b2b8be9b66"},"headline":"Se realiz\u00f3 la ceremonia de ascenso de 88 integrantes de la Unidad Regional de Iguaz\u00fa","datePublished":"2021-12-28T01:38:00+00:00","mainEntityOfPage":{"@id":"https:\/\/cvinoticias.com\/v3\/se-realizo-la-ceremonia-de-ascenso-de-88-integrantes-de-la-unidad-regional-de-iguazu\/"},"wordCount":161,"commentCount":0,"publisher":{"@id":"https:\/\/cvinoticias.com\/v3\/#organization"},"image":{"@id":"https:\/\/cvinoticias.com\/v3\/se-realizo-la-ceremonia-de-ascenso-de-88-integrantes-de-la-unidad-regional-de-iguazu\/#primaryimage"},"thumbnailUrl":"https:\/\/cvinoticias.com\/wp-content\/uploads\/2021\/12\/IMG-20211227-WA0078.jpg","articleSection":["Locales","Policiales"],"inLanguage":"es","potentialAction":[{"@type":"CommentAction","name":"Comment","target":["https:\/\/cvinoticias.com\/v3\/se-realizo-la-ceremonia-de-ascenso-de-88-integrantes-de-la-unidad-regional-de-iguazu\/#respond"]}]},{"@type":"WebPage","@id":"https:\/\/cvinoticias.com\/v3\/se-realizo-la-ceremonia-de-ascenso-de-88-integrantes-de-la-unidad-regional-de-iguazu\/","url":"https:\/\/cvinoticias.com\/v3\/se-realizo-la-ceremonia-de-ascenso-de-88-integrantes-de-la-unidad-regional-de-iguazu\/","name":"Se realiz\u00f3 la ceremonia de ascenso de 88 integrantes de la Unidad Regional de Iguaz\u00fa | CVI NOTICIAS","isPartOf":{"@id":"https:\/\/cvinoticias.com\/v3\/#website"},"primaryImageOfPage":{"@id":"https:\/\/cvinoticias.com\/v3\/se-realizo-la-ceremonia-de-ascenso-de-88-integrantes-de-la-unidad-regional-de-iguazu\/#primaryimage"},"image":{"@id":"https:\/\/cvinoticias.com\/v3\/se-realizo-la-ceremonia-de-ascenso-de-88-integrantes-de-la-unidad-regional-de-iguazu\/#primaryimage"},"thumbnailUrl":"https:\/\/cvinoticias.com\/wp-content\/uploads\/2021\/12\/IMG-20211227-WA0078.jpg","datePublished":"2021-12-28T01:38:00+00:00","breadcrumb":{"@id":"https:\/\/cvinoticias.com\/v3\/se-realizo-la-ceremonia-de-ascenso-de-88-integrantes-de-la-unidad-regional-de-iguazu\/#breadcrumb"},"inLanguage":"es","potentialAction":[{"@type":"ReadAction","target":["https:\/\/cvinoticias.com\/v3\/se-realizo-la-ceremonia-de-ascenso-de-88-integrantes-de-la-unidad-regional-de-iguazu\/"]}]},{"@type":"ImageObject","inLanguage":"es","@id":"https:\/\/cvinoticias.com\/v3\/se-realizo-la-ceremonia-de-ascenso-de-88-integrantes-de-la-unidad-regional-de-iguazu\/#primaryimage","url":"https:\/\/cvinoticias.com\/wp-content\/uploads\/2021\/12\/IMG-20211227-WA0078.jpg","contentUrl":"https:\/\/cvinoticias.com\/wp-content\/uploads\/2021\/12\/IMG-20211227-WA0078.jpg","width":1600,"height":1200},{"@type":"BreadcrumbList","@id":"https:\/\/cvinoticias.com\/v3\/se-realizo-la-ceremonia-de-ascenso-de-88-integrantes-de-la-unidad-regional-de-iguazu\/#breadcrumb","itemListElement":[{"@type":"ListItem","position":1,"name":"Portada","item":"https:\/\/cvinoticias.com\/v3\/"},{"@type":"ListItem","position":2,"name":"Se realiz\u00f3 la ceremonia de ascenso de 88 integrantes de la Unidad Regional de Iguaz\u00fa"}]},{"@type":"WebSite","@id":"https:\/\/cvinoticias.com\/v3\/#website","url":"https:\/\/cvinoticias.com\/v3\/","name":"CVI NOTICIAS","description":"","publisher":{"@id":"https:\/\/cvinoticias.com\/v3\/#organization"},"alternateName":"CVI","potentialAction":[{"@type":"SearchAction","target":{"@type":"EntryPoint","urlTemplate":"https:\/\/cvinoticias.com\/v3\/?s={search_term_string}"},"query-input":{"@type":"PropertyValueSpecification","valueRequired":true,"valueName":"search_term_string"}}],"inLanguage":"es"},{"@type":"Organization","@id":"https:\/\/cvinoticias.com\/v3\/#organization","name":"CVI NOTICIAS","url":"https:\/\/cvinoticias.com\/v3\/","logo":{"@type":"ImageObject","inLanguage":"es","@id":"https:\/\/cvinoticias.com\/v3\/#\/schema\/logo\/image\/","url":"https:\/\/cvinoticias.com\/wp-content\/uploads\/2023\/04\/cropped-cropped-cropped-cropped-cropped-3-1.png","contentUrl":"https:\/\/cvinoticias.com\/wp-content\/uploads\/2023\/04\/cropped-cropped-cropped-cropped-cropped-3-1.png","width":95,"height":122,"caption":"CVI NOTICIAS"},"image":{"@id":"https:\/\/cvinoticias.com\/v3\/#\/schema\/logo\/image\/"},"sameAs":["https:\/\/www.facebook.com\/cvinoticias","https:\/\/www.instagram.com\/cvinoticias\/","https:\/\/www.youtube.com\/@CVINOTICIAS"]},{"@type":"Person","@id":"https:\/\/cvinoticias.com\/v3\/#\/schema\/person\/2db77e3c6bc03c538495d7b2b8be9b66","name":"f1000024","image":{"@type":"ImageObject","inLanguage":"es","@id":"https:\/\/secure.gravatar.com\/avatar\/d4fe7459cfc51ff5129ce1a732bbef5928568b8092d412ef95611616376bbeed?s=96&d=mm&r=g","url":"https:\/\/secure.gravatar.com\/avatar\/d4fe7459cfc51ff5129ce1a732bbef5928568b8092d412ef95611616376bbeed?s=96&d=mm&r=g","contentUrl":"https:\/\/secure.gravatar.com\/avatar\/d4fe7459cfc51ff5129ce1a732bbef5928568b8092d412ef95611616376bbeed?s=96&d=mm&r=g","caption":"f1000024"},"url":"https:\/\/cvinoticias.com\/v3\/author\/f1000024\/"}]}},"_links":{"self":[{"href":"https:\/\/cvinoticias.com\/v3\/wp-json\/wp\/v2\/posts\/11652","targetHints":{"allow":["GET"]}}],"collection":[{"href":"https:\/\/cvinoticias.com\/v3\/wp-json\/wp\/v2\/posts"}],"about":[{"href":"https:\/\/cvinoticias.com\/v3\/wp-json\/wp\/v2\/types\/post"}],"author":[{"embeddable":true,"href":"https:\/\/cvinoticias.com\/v3\/wp-json\/wp\/v2\/users\/2"}],"replies":[{"embeddable":true,"href":"https:\/\/cvinoticias.com\/v3\/wp-json\/wp\/v2\/comments?post=11652"}],"version-history":[{"count":1,"href":"https:\/\/cvinoticias.com\/v3\/wp-json\/wp\/v2\/posts\/11652\/revisions"}],"predecessor-version":[{"id":11660,"href":"https:\/\/cvinoticias.com\/v3\/wp-json\/wp\/v2\/posts\/11652\/revisions\/11660"}],"wp:featuredmedia":[{"embeddable":true,"href":"https:\/\/cvinoticias.com\/v3\/wp-json\/wp\/v2\/media\/11659"}],"wp:attachment":[{"href":"https:\/\/cvinoticias.com\/v3\/wp-json\/wp\/v2\/media?parent=11652"}],"wp:term":[{"taxonomy":"category","embeddable":true,"href":"https:\/\/cvinoticias.com\/v3\/wp-json\/wp\/v2\/categories?post=11652"},{"taxonomy":"post_tag","embeddable":true,"href":"https:\/\/cvinoticias.com\/v3\/wp-json\/wp\/v2\/tags?post=11652"}],"curies":[{"name":"wp","href":"https:\/\/api.w.org\/{rel}","templated":true}]}}