{"id":11648,"date":"2021-12-27T23:44:43","date_gmt":"2021-12-27T23:44:43","guid":{"rendered":"https:\/\/cvinoticias.com\/v3\/?p=11648"},"modified":"2021-12-27T23:44:43","modified_gmt":"2021-12-27T23:44:43","slug":"herrera-pedimos-a-los-misioneros-que-no-generen-focos-de-propagacion-de-incendios","status":"publish","type":"post","link":"https:\/\/cvinoticias.com\/v3\/herrera-pedimos-a-los-misioneros-que-no-generen-focos-de-propagacion-de-incendios\/","title":{"rendered":"Herrera: \u201cPedimos a los misioneros que no generen focos de propagaci\u00f3n de incendios\u201d"},"content":{"rendered":"\n<p><strong><em>El mandatario provincial hizo un llamado de toma de conciencia a quienes realizan quemas o encienden fuego en zonas de riesgo. En el Alto Paran\u00e1 hay varios focos.<\/em><\/strong><\/p>\n\n\n\n<p>\u201cEs importante considerar el alto \u00edndice de riesgo de incendios en la provincia, hay un gran esfuerzo y compromiso de los bomberos, empresas, gobierno y sociedad civil. Pedimos a los misioneros que nos ayuden en la responsabilidad de no generar focos de propagaci\u00f3n\u201d, expres\u00f3 el Herrera Ahuad a trav\u00e9s de su cuenta de Twitter.<\/p>\n\n\n\n<p>Esta misma tarde el ministro de Ecolog\u00eda, V\u00edctor Kreimer y de Gobierno, Marcelo P\u00e9rez, recorrienron las zonas afectadas por incendios forestales en el Alto Paran\u00e1, acompa\u00f1ando la labor de los brigadistas con la asistencia del helic\u00f3ptero de la Polic\u00eda de Misiones en zonas de dif\u00edcil acceso.<\/p>\n\n\n\n<p>\u201cEs imprescindible que todos tomemos conciencia de la gravedad de la situaci\u00f3n y actuemos sabiendo que estamos bajo riesgo extremo de incendios en toda la provincia\u201d, expres\u00f3 Kreimer.<\/p>\n\n\n\n<p>Agreg\u00f3 que se encuentran prohibidas las quemas y que \u201ces necesaria la colaboraci\u00f3n de todos. La prevenci\u00f3n es fundamental\u201d.<\/p>\n\n\n\n<figure class=\"wp-block-image size-full\"><a href=\"https:\/\/cvinoticias.com\/wp-content\/uploads\/2021\/12\/Screenshot_20211227-204121_Facebook.jpg\"><img decoding=\"async\" width=\"962\" height=\"720\" data-src=\"https:\/\/cvinoticias.com\/wp-content\/uploads\/2021\/12\/Screenshot_20211227-204121_Facebook.jpg\" alt=\"\" class=\"wp-image-11649 lazyload\" data-srcset=\"https:\/\/cvinoticias.com\/wp-content\/uploads\/2021\/12\/Screenshot_20211227-204121_Facebook.jpg 962w, https:\/\/cvinoticias.com\/wp-content\/uploads\/2021\/12\/Screenshot_20211227-204121_Facebook-300x225.jpg 300w, https:\/\/cvinoticias.com\/wp-content\/uploads\/2021\/12\/Screenshot_20211227-204121_Facebook-768x575.jpg 768w\" data-sizes=\"(max-width: 962px) 100vw, 962px\" src=\"data:image\/svg+xml;base64,PHN2ZyB3aWR0aD0iMSIgaGVpZ2h0PSIxIiB4bWxucz0iaHR0cDovL3d3dy53My5vcmcvMjAwMC9zdmciPjwvc3ZnPg==\" style=\"--smush-placeholder-width: 962px; --smush-placeholder-aspect-ratio: 962\/720;\" \/><\/a><\/figure>\n","protected":false},"excerpt":{"rendered":"<p>El mandatario provincial hizo un llamado de toma de conciencia a quienes realizan quemas o encienden fuego en zonas de riesgo. En el Alto Paran\u00e1 hay varios focos. \u201cEs importante considerar el alto \u00edndice de riesgo de incendios en la provincia, hay un gran esfuerzo y compromiso de los bomberos, empresas, gobierno y sociedad civil. [&hellip;]<\/p>\n","protected":false},"author":2,"featured_media":11650,"comment_status":"open","ping_status":"open","sticky":false,"template":"","format":"standard","meta":{"footnotes":""},"categories":[38],"tags":[],"class_list":["post-11648","post","type-post","status-publish","format-standard","has-post-thumbnail","hentry","category-medio-ambiente"],"yoast_head":"<!-- This site is optimized with the Yoast SEO plugin v27.5 - https:\/\/yoast.com\/product\/yoast-seo-wordpress\/ -->\n<title>Herrera: \u201cPedimos a los misioneros que no generen focos de propagaci\u00f3n de incendios\u201d | CVI NOTICIAS<\/title>\n<meta name=\"robots\" content=\"index, follow, max-snippet:-1, max-image-preview:large, max-video-preview:-1\" \/>\n<link rel=\"canonical\" href=\"https:\/\/cvinoticias.com\/v3\/herrera-pedimos-a-los-misioneros-que-no-generen-focos-de-propagacion-de-incendios\/\" \/>\n<meta property=\"og:locale\" content=\"es_ES\" \/>\n<meta property=\"og:type\" content=\"article\" \/>\n<meta property=\"og:title\" content=\"Herrera: \u201cPedimos a los misioneros que no generen focos de propagaci\u00f3n de incendios\u201d | CVI NOTICIAS\" \/>\n<meta property=\"og:description\" content=\"El mandatario provincial hizo un llamado de toma de conciencia a quienes realizan quemas o encienden fuego en zonas de riesgo. En el Alto Paran\u00e1 hay varios focos. \u201cEs importante considerar el alto \u00edndice de riesgo de incendios en la provincia, hay un gran esfuerzo y compromiso de los bomberos, empresas, gobierno y sociedad civil. [&hellip;]\" \/>\n<meta property=\"og:url\" content=\"https:\/\/cvinoticias.com\/v3\/herrera-pedimos-a-los-misioneros-que-no-generen-focos-de-propagacion-de-incendios\/\" \/>\n<meta property=\"og:site_name\" content=\"CVI NOTICIAS\" \/>\n<meta property=\"article:publisher\" content=\"https:\/\/www.facebook.com\/cvinoticias\" \/>\n<meta property=\"article:published_time\" content=\"2021-12-27T23:44:43+00:00\" \/>\n<meta property=\"og:image\" content=\"https:\/\/cvinoticias.com\/wp-content\/uploads\/2021\/12\/Screenshot_20211227-204149_Facebook.jpg\" \/>\n\t<meta property=\"og:image:width\" content=\"961\" \/>\n\t<meta property=\"og:image:height\" content=\"723\" \/>\n\t<meta property=\"og:image:type\" content=\"image\/jpeg\" \/>\n<meta name=\"author\" content=\"f1000024\" \/>\n<meta name=\"twitter:card\" content=\"summary_large_image\" \/>\n<meta name=\"twitter:label1\" content=\"Escrito por\" \/>\n\t<meta name=\"twitter:data1\" content=\"f1000024\" \/>\n\t<meta name=\"twitter:label2\" content=\"Tiempo de lectura\" \/>\n\t<meta name=\"twitter:data2\" content=\"1 minuto\" \/>\n<script type=\"application\/ld+json\" class=\"yoast-schema-graph\">{\"@context\":\"https:\\\/\\\/schema.org\",\"@graph\":[{\"@type\":\"Article\",\"@id\":\"https:\\\/\\\/cvinoticias.com\\\/v3\\\/herrera-pedimos-a-los-misioneros-que-no-generen-focos-de-propagacion-de-incendios\\\/#article\",\"isPartOf\":{\"@id\":\"https:\\\/\\\/cvinoticias.com\\\/v3\\\/herrera-pedimos-a-los-misioneros-que-no-generen-focos-de-propagacion-de-incendios\\\/\"},\"author\":{\"name\":\"f1000024\",\"@id\":\"https:\\\/\\\/cvinoticias.com\\\/v3\\\/#\\\/schema\\\/person\\\/2db77e3c6bc03c538495d7b2b8be9b66\"},\"headline\":\"Herrera: \u201cPedimos a los misioneros que no generen focos de propagaci\u00f3n de incendios\u201d\",\"datePublished\":\"2021-12-27T23:44:43+00:00\",\"mainEntityOfPage\":{\"@id\":\"https:\\\/\\\/cvinoticias.com\\\/v3\\\/herrera-pedimos-a-los-misioneros-que-no-generen-focos-de-propagacion-de-incendios\\\/\"},\"wordCount\":201,\"commentCount\":0,\"publisher\":{\"@id\":\"https:\\\/\\\/cvinoticias.com\\\/v3\\\/#organization\"},\"image\":{\"@id\":\"https:\\\/\\\/cvinoticias.com\\\/v3\\\/herrera-pedimos-a-los-misioneros-que-no-generen-focos-de-propagacion-de-incendios\\\/#primaryimage\"},\"thumbnailUrl\":\"https:\\\/\\\/cvinoticias.com\\\/wp-content\\\/uploads\\\/2021\\\/12\\\/Screenshot_20211227-204149_Facebook.jpg\",\"articleSection\":[\"Medio Ambiente\"],\"inLanguage\":\"es\",\"potentialAction\":[{\"@type\":\"CommentAction\",\"name\":\"Comment\",\"target\":[\"https:\\\/\\\/cvinoticias.com\\\/v3\\\/herrera-pedimos-a-los-misioneros-que-no-generen-focos-de-propagacion-de-incendios\\\/#respond\"]}]},{\"@type\":\"WebPage\",\"@id\":\"https:\\\/\\\/cvinoticias.com\\\/v3\\\/herrera-pedimos-a-los-misioneros-que-no-generen-focos-de-propagacion-de-incendios\\\/\",\"url\":\"https:\\\/\\\/cvinoticias.com\\\/v3\\\/herrera-pedimos-a-los-misioneros-que-no-generen-focos-de-propagacion-de-incendios\\\/\",\"name\":\"Herrera: \u201cPedimos a los misioneros que no generen focos de propagaci\u00f3n de incendios\u201d | CVI NOTICIAS\",\"isPartOf\":{\"@id\":\"https:\\\/\\\/cvinoticias.com\\\/v3\\\/#website\"},\"primaryImageOfPage\":{\"@id\":\"https:\\\/\\\/cvinoticias.com\\\/v3\\\/herrera-pedimos-a-los-misioneros-que-no-generen-focos-de-propagacion-de-incendios\\\/#primaryimage\"},\"image\":{\"@id\":\"https:\\\/\\\/cvinoticias.com\\\/v3\\\/herrera-pedimos-a-los-misioneros-que-no-generen-focos-de-propagacion-de-incendios\\\/#primaryimage\"},\"thumbnailUrl\":\"https:\\\/\\\/cvinoticias.com\\\/wp-content\\\/uploads\\\/2021\\\/12\\\/Screenshot_20211227-204149_Facebook.jpg\",\"datePublished\":\"2021-12-27T23:44:43+00:00\",\"breadcrumb\":{\"@id\":\"https:\\\/\\\/cvinoticias.com\\\/v3\\\/herrera-pedimos-a-los-misioneros-que-no-generen-focos-de-propagacion-de-incendios\\\/#breadcrumb\"},\"inLanguage\":\"es\",\"potentialAction\":[{\"@type\":\"ReadAction\",\"target\":[\"https:\\\/\\\/cvinoticias.com\\\/v3\\\/herrera-pedimos-a-los-misioneros-que-no-generen-focos-de-propagacion-de-incendios\\\/\"]}]},{\"@type\":\"ImageObject\",\"inLanguage\":\"es\",\"@id\":\"https:\\\/\\\/cvinoticias.com\\\/v3\\\/herrera-pedimos-a-los-misioneros-que-no-generen-focos-de-propagacion-de-incendios\\\/#primaryimage\",\"url\":\"https:\\\/\\\/cvinoticias.com\\\/wp-content\\\/uploads\\\/2021\\\/12\\\/Screenshot_20211227-204149_Facebook.jpg\",\"contentUrl\":\"https:\\\/\\\/cvinoticias.com\\\/wp-content\\\/uploads\\\/2021\\\/12\\\/Screenshot_20211227-204149_Facebook.jpg\",\"width\":961,\"height\":723},{\"@type\":\"BreadcrumbList\",\"@id\":\"https:\\\/\\\/cvinoticias.com\\\/v3\\\/herrera-pedimos-a-los-misioneros-que-no-generen-focos-de-propagacion-de-incendios\\\/#breadcrumb\",\"itemListElement\":[{\"@type\":\"ListItem\",\"position\":1,\"name\":\"Portada\",\"item\":\"https:\\\/\\\/cvinoticias.com\\\/v3\\\/\"},{\"@type\":\"ListItem\",\"position\":2,\"name\":\"Herrera: \u201cPedimos a los misioneros que no generen focos de propagaci\u00f3n de incendios\u201d\"}]},{\"@type\":\"WebSite\",\"@id\":\"https:\\\/\\\/cvinoticias.com\\\/v3\\\/#website\",\"url\":\"https:\\\/\\\/cvinoticias.com\\\/v3\\\/\",\"name\":\"CVI NOTICIAS\",\"description\":\"\",\"publisher\":{\"@id\":\"https:\\\/\\\/cvinoticias.com\\\/v3\\\/#organization\"},\"alternateName\":\"CVI\",\"potentialAction\":[{\"@type\":\"SearchAction\",\"target\":{\"@type\":\"EntryPoint\",\"urlTemplate\":\"https:\\\/\\\/cvinoticias.com\\\/v3\\\/?s={search_term_string}\"},\"query-input\":{\"@type\":\"PropertyValueSpecification\",\"valueRequired\":true,\"valueName\":\"search_term_string\"}}],\"inLanguage\":\"es\"},{\"@type\":\"Organization\",\"@id\":\"https:\\\/\\\/cvinoticias.com\\\/v3\\\/#organization\",\"name\":\"CVI NOTICIAS\",\"url\":\"https:\\\/\\\/cvinoticias.com\\\/v3\\\/\",\"logo\":{\"@type\":\"ImageObject\",\"inLanguage\":\"es\",\"@id\":\"https:\\\/\\\/cvinoticias.com\\\/v3\\\/#\\\/schema\\\/logo\\\/image\\\/\",\"url\":\"https:\\\/\\\/cvinoticias.com\\\/wp-content\\\/uploads\\\/2023\\\/04\\\/cropped-cropped-cropped-cropped-cropped-3-1.png\",\"contentUrl\":\"https:\\\/\\\/cvinoticias.com\\\/wp-content\\\/uploads\\\/2023\\\/04\\\/cropped-cropped-cropped-cropped-cropped-3-1.png\",\"width\":95,\"height\":122,\"caption\":\"CVI NOTICIAS\"},\"image\":{\"@id\":\"https:\\\/\\\/cvinoticias.com\\\/v3\\\/#\\\/schema\\\/logo\\\/image\\\/\"},\"sameAs\":[\"https:\\\/\\\/www.facebook.com\\\/cvinoticias\",\"https:\\\/\\\/www.instagram.com\\\/cvinoticias\\\/\",\"https:\\\/\\\/www.youtube.com\\\/@CVINOTICIAS\"]},{\"@type\":\"Person\",\"@id\":\"https:\\\/\\\/cvinoticias.com\\\/v3\\\/#\\\/schema\\\/person\\\/2db77e3c6bc03c538495d7b2b8be9b66\",\"name\":\"f1000024\",\"image\":{\"@type\":\"ImageObject\",\"inLanguage\":\"es\",\"@id\":\"https:\\\/\\\/secure.gravatar.com\\\/avatar\\\/d4fe7459cfc51ff5129ce1a732bbef5928568b8092d412ef95611616376bbeed?s=96&d=mm&r=g\",\"url\":\"https:\\\/\\\/secure.gravatar.com\\\/avatar\\\/d4fe7459cfc51ff5129ce1a732bbef5928568b8092d412ef95611616376bbeed?s=96&d=mm&r=g\",\"contentUrl\":\"https:\\\/\\\/secure.gravatar.com\\\/avatar\\\/d4fe7459cfc51ff5129ce1a732bbef5928568b8092d412ef95611616376bbeed?s=96&d=mm&r=g\",\"caption\":\"f1000024\"},\"url\":\"https:\\\/\\\/cvinoticias.com\\\/v3\\\/author\\\/f1000024\\\/\"}]}<\/script>\n<!-- \/ Yoast SEO plugin. -->","yoast_head_json":{"title":"Herrera: \u201cPedimos a los misioneros que no generen focos de propagaci\u00f3n de incendios\u201d | CVI NOTICIAS","robots":{"index":"index","follow":"follow","max-snippet":"max-snippet:-1","max-image-preview":"max-image-preview:large","max-video-preview":"max-video-preview:-1"},"canonical":"https:\/\/cvinoticias.com\/v3\/herrera-pedimos-a-los-misioneros-que-no-generen-focos-de-propagacion-de-incendios\/","og_locale":"es_ES","og_type":"article","og_title":"Herrera: \u201cPedimos a los misioneros que no generen focos de propagaci\u00f3n de incendios\u201d | CVI NOTICIAS","og_description":"El mandatario provincial hizo un llamado de toma de conciencia a quienes realizan quemas o encienden fuego en zonas de riesgo. En el Alto Paran\u00e1 hay varios focos. \u201cEs importante considerar el alto \u00edndice de riesgo de incendios en la provincia, hay un gran esfuerzo y compromiso de los bomberos, empresas, gobierno y sociedad civil. [&hellip;]","og_url":"https:\/\/cvinoticias.com\/v3\/herrera-pedimos-a-los-misioneros-que-no-generen-focos-de-propagacion-de-incendios\/","og_site_name":"CVI NOTICIAS","article_publisher":"https:\/\/www.facebook.com\/cvinoticias","article_published_time":"2021-12-27T23:44:43+00:00","og_image":[{"width":961,"height":723,"url":"https:\/\/cvinoticias.com\/wp-content\/uploads\/2021\/12\/Screenshot_20211227-204149_Facebook.jpg","type":"image\/jpeg"}],"author":"f1000024","twitter_card":"summary_large_image","twitter_misc":{"Escrito por":"f1000024","Tiempo de lectura":"1 minuto"},"schema":{"@context":"https:\/\/schema.org","@graph":[{"@type":"Article","@id":"https:\/\/cvinoticias.com\/v3\/herrera-pedimos-a-los-misioneros-que-no-generen-focos-de-propagacion-de-incendios\/#article","isPartOf":{"@id":"https:\/\/cvinoticias.com\/v3\/herrera-pedimos-a-los-misioneros-que-no-generen-focos-de-propagacion-de-incendios\/"},"author":{"name":"f1000024","@id":"https:\/\/cvinoticias.com\/v3\/#\/schema\/person\/2db77e3c6bc03c538495d7b2b8be9b66"},"headline":"Herrera: \u201cPedimos a los misioneros que no generen focos de propagaci\u00f3n de incendios\u201d","datePublished":"2021-12-27T23:44:43+00:00","mainEntityOfPage":{"@id":"https:\/\/cvinoticias.com\/v3\/herrera-pedimos-a-los-misioneros-que-no-generen-focos-de-propagacion-de-incendios\/"},"wordCount":201,"commentCount":0,"publisher":{"@id":"https:\/\/cvinoticias.com\/v3\/#organization"},"image":{"@id":"https:\/\/cvinoticias.com\/v3\/herrera-pedimos-a-los-misioneros-que-no-generen-focos-de-propagacion-de-incendios\/#primaryimage"},"thumbnailUrl":"https:\/\/cvinoticias.com\/wp-content\/uploads\/2021\/12\/Screenshot_20211227-204149_Facebook.jpg","articleSection":["Medio Ambiente"],"inLanguage":"es","potentialAction":[{"@type":"CommentAction","name":"Comment","target":["https:\/\/cvinoticias.com\/v3\/herrera-pedimos-a-los-misioneros-que-no-generen-focos-de-propagacion-de-incendios\/#respond"]}]},{"@type":"WebPage","@id":"https:\/\/cvinoticias.com\/v3\/herrera-pedimos-a-los-misioneros-que-no-generen-focos-de-propagacion-de-incendios\/","url":"https:\/\/cvinoticias.com\/v3\/herrera-pedimos-a-los-misioneros-que-no-generen-focos-de-propagacion-de-incendios\/","name":"Herrera: \u201cPedimos a los misioneros que no generen focos de propagaci\u00f3n de incendios\u201d | CVI NOTICIAS","isPartOf":{"@id":"https:\/\/cvinoticias.com\/v3\/#website"},"primaryImageOfPage":{"@id":"https:\/\/cvinoticias.com\/v3\/herrera-pedimos-a-los-misioneros-que-no-generen-focos-de-propagacion-de-incendios\/#primaryimage"},"image":{"@id":"https:\/\/cvinoticias.com\/v3\/herrera-pedimos-a-los-misioneros-que-no-generen-focos-de-propagacion-de-incendios\/#primaryimage"},"thumbnailUrl":"https:\/\/cvinoticias.com\/wp-content\/uploads\/2021\/12\/Screenshot_20211227-204149_Facebook.jpg","datePublished":"2021-12-27T23:44:43+00:00","breadcrumb":{"@id":"https:\/\/cvinoticias.com\/v3\/herrera-pedimos-a-los-misioneros-que-no-generen-focos-de-propagacion-de-incendios\/#breadcrumb"},"inLanguage":"es","potentialAction":[{"@type":"ReadAction","target":["https:\/\/cvinoticias.com\/v3\/herrera-pedimos-a-los-misioneros-que-no-generen-focos-de-propagacion-de-incendios\/"]}]},{"@type":"ImageObject","inLanguage":"es","@id":"https:\/\/cvinoticias.com\/v3\/herrera-pedimos-a-los-misioneros-que-no-generen-focos-de-propagacion-de-incendios\/#primaryimage","url":"https:\/\/cvinoticias.com\/wp-content\/uploads\/2021\/12\/Screenshot_20211227-204149_Facebook.jpg","contentUrl":"https:\/\/cvinoticias.com\/wp-content\/uploads\/2021\/12\/Screenshot_20211227-204149_Facebook.jpg","width":961,"height":723},{"@type":"BreadcrumbList","@id":"https:\/\/cvinoticias.com\/v3\/herrera-pedimos-a-los-misioneros-que-no-generen-focos-de-propagacion-de-incendios\/#breadcrumb","itemListElement":[{"@type":"ListItem","position":1,"name":"Portada","item":"https:\/\/cvinoticias.com\/v3\/"},{"@type":"ListItem","position":2,"name":"Herrera: \u201cPedimos a los misioneros que no generen focos de propagaci\u00f3n de incendios\u201d"}]},{"@type":"WebSite","@id":"https:\/\/cvinoticias.com\/v3\/#website","url":"https:\/\/cvinoticias.com\/v3\/","name":"CVI NOTICIAS","description":"","publisher":{"@id":"https:\/\/cvinoticias.com\/v3\/#organization"},"alternateName":"CVI","potentialAction":[{"@type":"SearchAction","target":{"@type":"EntryPoint","urlTemplate":"https:\/\/cvinoticias.com\/v3\/?s={search_term_string}"},"query-input":{"@type":"PropertyValueSpecification","valueRequired":true,"valueName":"search_term_string"}}],"inLanguage":"es"},{"@type":"Organization","@id":"https:\/\/cvinoticias.com\/v3\/#organization","name":"CVI NOTICIAS","url":"https:\/\/cvinoticias.com\/v3\/","logo":{"@type":"ImageObject","inLanguage":"es","@id":"https:\/\/cvinoticias.com\/v3\/#\/schema\/logo\/image\/","url":"https:\/\/cvinoticias.com\/wp-content\/uploads\/2023\/04\/cropped-cropped-cropped-cropped-cropped-3-1.png","contentUrl":"https:\/\/cvinoticias.com\/wp-content\/uploads\/2023\/04\/cropped-cropped-cropped-cropped-cropped-3-1.png","width":95,"height":122,"caption":"CVI NOTICIAS"},"image":{"@id":"https:\/\/cvinoticias.com\/v3\/#\/schema\/logo\/image\/"},"sameAs":["https:\/\/www.facebook.com\/cvinoticias","https:\/\/www.instagram.com\/cvinoticias\/","https:\/\/www.youtube.com\/@CVINOTICIAS"]},{"@type":"Person","@id":"https:\/\/cvinoticias.com\/v3\/#\/schema\/person\/2db77e3c6bc03c538495d7b2b8be9b66","name":"f1000024","image":{"@type":"ImageObject","inLanguage":"es","@id":"https:\/\/secure.gravatar.com\/avatar\/d4fe7459cfc51ff5129ce1a732bbef5928568b8092d412ef95611616376bbeed?s=96&d=mm&r=g","url":"https:\/\/secure.gravatar.com\/avatar\/d4fe7459cfc51ff5129ce1a732bbef5928568b8092d412ef95611616376bbeed?s=96&d=mm&r=g","contentUrl":"https:\/\/secure.gravatar.com\/avatar\/d4fe7459cfc51ff5129ce1a732bbef5928568b8092d412ef95611616376bbeed?s=96&d=mm&r=g","caption":"f1000024"},"url":"https:\/\/cvinoticias.com\/v3\/author\/f1000024\/"}]}},"_links":{"self":[{"href":"https:\/\/cvinoticias.com\/v3\/wp-json\/wp\/v2\/posts\/11648","targetHints":{"allow":["GET"]}}],"collection":[{"href":"https:\/\/cvinoticias.com\/v3\/wp-json\/wp\/v2\/posts"}],"about":[{"href":"https:\/\/cvinoticias.com\/v3\/wp-json\/wp\/v2\/types\/post"}],"author":[{"embeddable":true,"href":"https:\/\/cvinoticias.com\/v3\/wp-json\/wp\/v2\/users\/2"}],"replies":[{"embeddable":true,"href":"https:\/\/cvinoticias.com\/v3\/wp-json\/wp\/v2\/comments?post=11648"}],"version-history":[{"count":1,"href":"https:\/\/cvinoticias.com\/v3\/wp-json\/wp\/v2\/posts\/11648\/revisions"}],"predecessor-version":[{"id":11651,"href":"https:\/\/cvinoticias.com\/v3\/wp-json\/wp\/v2\/posts\/11648\/revisions\/11651"}],"wp:featuredmedia":[{"embeddable":true,"href":"https:\/\/cvinoticias.com\/v3\/wp-json\/wp\/v2\/media\/11650"}],"wp:attachment":[{"href":"https:\/\/cvinoticias.com\/v3\/wp-json\/wp\/v2\/media?parent=11648"}],"wp:term":[{"taxonomy":"category","embeddable":true,"href":"https:\/\/cvinoticias.com\/v3\/wp-json\/wp\/v2\/categories?post=11648"},{"taxonomy":"post_tag","embeddable":true,"href":"https:\/\/cvinoticias.com\/v3\/wp-json\/wp\/v2\/tags?post=11648"}],"curies":[{"name":"wp","href":"https:\/\/api.w.org\/{rel}","templated":true}]}}