{"id":11635,"date":"2021-12-27T16:40:46","date_gmt":"2021-12-27T16:40:46","guid":{"rendered":"https:\/\/cvinoticias.com\/v3\/?p=11635"},"modified":"2021-12-27T22:13:30","modified_gmt":"2021-12-27T22:13:30","slug":"el-gobernador-herrera-ahuad-repaso-obras-para-misiones-con-manzur","status":"publish","type":"post","link":"https:\/\/cvinoticias.com\/v3\/el-gobernador-herrera-ahuad-repaso-obras-para-misiones-con-manzur\/","title":{"rendered":"El gobernador Herrera Ahuad repas\u00f3 obras para Misiones con Manzur"},"content":{"rendered":"\n<p><strong><em>El gobernador Oscar Herrera Ahuad, se reuni\u00f3 este lunes con el jefe de Gabinete, Juan Manzur, con quien repas\u00f3 el plan de obras para la provincia de Misiones, que ser\u00e1n incluidas en el per\u00edodo 2022 por la Naci\u00f3n.<\/em><\/strong><\/p>\n\n\n\n<p>\u00abHemos avanzado mucho y eso tranquiliza a todos, y la verdad que es una muy buena gesti\u00f3n en este tiempo que es dif\u00edcil, complejo, pero que seguramente va tener buenos resultados\u00bb, expres\u00f3 el mandatario provincial al t\u00e9rmino del encuentro con Manzur.<\/p>\n\n\n\n<p>Por su parte, en su cuenta de Twitter, el jefe de Gabinete public\u00f3: \u00abComenzamos la jornada de trabajo en Casa Rosada junto al gobernador de Misiones @herrerayflia. Llevamos adelante un repaso sobre el plan de obras que destinaremos a la provincia durante el per\u00edodo 2022, trabajos que traer\u00e1n soluciones concretas y mayor bienestar a sus habitantes\u00bb.<\/p>\n\n\n\n<p>A su vez, el Gobernador explic\u00f3 que \u00abencontramos una buena recepci\u00f3n del ministro de que todas las obras incluidas en el presupuesto puedan ser consideradas en la ampliaci\u00f3n que se va a hacer del presupuesto para ponerlo vigente al a\u00f1o 2022\u00bb.<\/p>\n\n\n\n<p>\u00abEs muy importante para la provincia de Misiones y el compromiso con mi pueblo fue de gestionar todas esas obras y r\u00e1pidamente el ministro no dio la posibilidad de que nos podamos reunir y hablar de estas cuestiones\u00bb, a\u00f1adi\u00f3.<\/p>\n\n\n\n<p>Herrera Ahuad se\u00f1al\u00f3 que \u00abson obras por un total de $ 90.000 millones en obras previstas para Misiones que tienen que ver con el transporte de energ\u00eda en varias localidades como la de San Isidro a Ober\u00e1, pasando por Leandro N. Alem y otra de Eldorado a San Pedro\u00bb.<\/p>\n\n\n\n<p>Tambi\u00e9n, expres\u00f3 que \u00abhay otras como de energ\u00edas alternativas, sobre todo la biomasa, y obra de infraestructura vial y la continuidad de la autov\u00eda de la Ruta Provincial 105 y de la Ruta Nacional 12, y \u00e1reas de conectividad y de log\u00edstica en lo que hacer a infraestructura urbana en toda la provincia, viendo los recursos financieras para \u00e1reas sanitaria y educativa y sobre todo productiva\u00bb.<\/p>\n\n\n\n<p>\u00abEs un porcentaje que tiene que ver con obras que son medulares, que son muy necesarias gestionarlas y con el acompa\u00f1amiento de la Naci\u00f3n para que las podamos ejecutar\u00bb, puso de relieve el Gobernador.<\/p>\n\n\n\n<p>Asimismo, sostuvo que \u00able hemos planteado al Ministro la continuidad de las obras h\u00eddricas porque est\u00e1 con alto riesgo de incendios en los \u00faltimos tiempos, lo que tiene que ver con las crisis h\u00eddricas que sufren los r\u00edos Uruguay, Paran\u00e1 e Iguaz\u00fa, que hace que tengamos que realizar una fuerte inversi\u00f3n en las tomas de agua de los r\u00edos y en los sistemas de distribuci\u00f3n\u00bb.<\/p>\n\n\n\n<p><\/p>\n\n\n\n<p><\/p>\n","protected":false},"excerpt":{"rendered":"<p>El gobernador Oscar Herrera Ahuad, se reuni\u00f3 este lunes con el jefe de Gabinete, Juan Manzur, con quien repas\u00f3 el plan de obras para la provincia de Misiones, que ser\u00e1n incluidas en el per\u00edodo 2022 por la Naci\u00f3n. \u00abHemos avanzado mucho y eso tranquiliza a todos, y la verdad que es una muy buena gesti\u00f3n [&hellip;]<\/p>\n","protected":false},"author":2,"featured_media":11636,"comment_status":"open","ping_status":"open","sticky":false,"template":"","format":"standard","meta":{"footnotes":""},"categories":[42],"tags":[],"class_list":["post-11635","post","type-post","status-publish","format-standard","has-post-thumbnail","hentry","category-politica"],"yoast_head":"<!-- This site is optimized with the Yoast SEO plugin v27.4 - https:\/\/yoast.com\/product\/yoast-seo-wordpress\/ -->\n<title>El gobernador Herrera Ahuad repas\u00f3 obras para Misiones con Manzur | CVI NOTICIAS<\/title>\n<meta name=\"robots\" content=\"index, follow, max-snippet:-1, max-image-preview:large, max-video-preview:-1\" \/>\n<link rel=\"canonical\" href=\"https:\/\/cvinoticias.com\/v3\/el-gobernador-herrera-ahuad-repaso-obras-para-misiones-con-manzur\/\" \/>\n<meta property=\"og:locale\" content=\"es_ES\" \/>\n<meta property=\"og:type\" content=\"article\" \/>\n<meta property=\"og:title\" content=\"El gobernador Herrera Ahuad repas\u00f3 obras para Misiones con Manzur | CVI NOTICIAS\" \/>\n<meta property=\"og:description\" content=\"El gobernador Oscar Herrera Ahuad, se reuni\u00f3 este lunes con el jefe de Gabinete, Juan Manzur, con quien repas\u00f3 el plan de obras para la provincia de Misiones, que ser\u00e1n incluidas en el per\u00edodo 2022 por la Naci\u00f3n. \u00abHemos avanzado mucho y eso tranquiliza a todos, y la verdad que es una muy buena gesti\u00f3n [&hellip;]\" \/>\n<meta property=\"og:url\" content=\"https:\/\/cvinoticias.com\/v3\/el-gobernador-herrera-ahuad-repaso-obras-para-misiones-con-manzur\/\" \/>\n<meta property=\"og:site_name\" content=\"CVI NOTICIAS\" \/>\n<meta property=\"article:publisher\" content=\"https:\/\/www.facebook.com\/cvinoticias\" \/>\n<meta property=\"article:published_time\" content=\"2021-12-27T16:40:46+00:00\" \/>\n<meta property=\"article:modified_time\" content=\"2021-12-27T22:13:30+00:00\" \/>\n<meta property=\"og:image\" content=\"https:\/\/cvinoticias.com\/wp-content\/uploads\/2021\/12\/Oscar-Herrera-Ahuad-con-Manzur-scaled-e1640617720147-1140x570-1.jpg\" \/>\n\t<meta property=\"og:image:width\" content=\"1140\" \/>\n\t<meta property=\"og:image:height\" content=\"570\" \/>\n\t<meta property=\"og:image:type\" content=\"image\/jpeg\" \/>\n<meta name=\"author\" content=\"f1000024\" \/>\n<meta name=\"twitter:card\" content=\"summary_large_image\" \/>\n<meta name=\"twitter:label1\" content=\"Escrito por\" \/>\n\t<meta name=\"twitter:data1\" content=\"f1000024\" \/>\n\t<meta name=\"twitter:label2\" content=\"Tiempo de lectura\" \/>\n\t<meta name=\"twitter:data2\" content=\"2 minutos\" \/>\n<script type=\"application\/ld+json\" class=\"yoast-schema-graph\">{\"@context\":\"https:\\\/\\\/schema.org\",\"@graph\":[{\"@type\":\"Article\",\"@id\":\"https:\\\/\\\/cvinoticias.com\\\/v3\\\/el-gobernador-herrera-ahuad-repaso-obras-para-misiones-con-manzur\\\/#article\",\"isPartOf\":{\"@id\":\"https:\\\/\\\/cvinoticias.com\\\/v3\\\/el-gobernador-herrera-ahuad-repaso-obras-para-misiones-con-manzur\\\/\"},\"author\":{\"name\":\"f1000024\",\"@id\":\"https:\\\/\\\/cvinoticias.com\\\/v3\\\/#\\\/schema\\\/person\\\/2db77e3c6bc03c538495d7b2b8be9b66\"},\"headline\":\"El gobernador Herrera Ahuad repas\u00f3 obras para Misiones con Manzur\",\"datePublished\":\"2021-12-27T16:40:46+00:00\",\"dateModified\":\"2021-12-27T22:13:30+00:00\",\"mainEntityOfPage\":{\"@id\":\"https:\\\/\\\/cvinoticias.com\\\/v3\\\/el-gobernador-herrera-ahuad-repaso-obras-para-misiones-con-manzur\\\/\"},\"wordCount\":459,\"commentCount\":0,\"publisher\":{\"@id\":\"https:\\\/\\\/cvinoticias.com\\\/v3\\\/#organization\"},\"image\":{\"@id\":\"https:\\\/\\\/cvinoticias.com\\\/v3\\\/el-gobernador-herrera-ahuad-repaso-obras-para-misiones-con-manzur\\\/#primaryimage\"},\"thumbnailUrl\":\"https:\\\/\\\/cvinoticias.com\\\/wp-content\\\/uploads\\\/2021\\\/12\\\/Oscar-Herrera-Ahuad-con-Manzur-scaled-e1640617720147-1140x570-1.jpg\",\"articleSection\":[\"Politica\"],\"inLanguage\":\"es\",\"potentialAction\":[{\"@type\":\"CommentAction\",\"name\":\"Comment\",\"target\":[\"https:\\\/\\\/cvinoticias.com\\\/v3\\\/el-gobernador-herrera-ahuad-repaso-obras-para-misiones-con-manzur\\\/#respond\"]}]},{\"@type\":\"WebPage\",\"@id\":\"https:\\\/\\\/cvinoticias.com\\\/v3\\\/el-gobernador-herrera-ahuad-repaso-obras-para-misiones-con-manzur\\\/\",\"url\":\"https:\\\/\\\/cvinoticias.com\\\/v3\\\/el-gobernador-herrera-ahuad-repaso-obras-para-misiones-con-manzur\\\/\",\"name\":\"El gobernador Herrera Ahuad repas\u00f3 obras para Misiones con Manzur | CVI NOTICIAS\",\"isPartOf\":{\"@id\":\"https:\\\/\\\/cvinoticias.com\\\/v3\\\/#website\"},\"primaryImageOfPage\":{\"@id\":\"https:\\\/\\\/cvinoticias.com\\\/v3\\\/el-gobernador-herrera-ahuad-repaso-obras-para-misiones-con-manzur\\\/#primaryimage\"},\"image\":{\"@id\":\"https:\\\/\\\/cvinoticias.com\\\/v3\\\/el-gobernador-herrera-ahuad-repaso-obras-para-misiones-con-manzur\\\/#primaryimage\"},\"thumbnailUrl\":\"https:\\\/\\\/cvinoticias.com\\\/wp-content\\\/uploads\\\/2021\\\/12\\\/Oscar-Herrera-Ahuad-con-Manzur-scaled-e1640617720147-1140x570-1.jpg\",\"datePublished\":\"2021-12-27T16:40:46+00:00\",\"dateModified\":\"2021-12-27T22:13:30+00:00\",\"breadcrumb\":{\"@id\":\"https:\\\/\\\/cvinoticias.com\\\/v3\\\/el-gobernador-herrera-ahuad-repaso-obras-para-misiones-con-manzur\\\/#breadcrumb\"},\"inLanguage\":\"es\",\"potentialAction\":[{\"@type\":\"ReadAction\",\"target\":[\"https:\\\/\\\/cvinoticias.com\\\/v3\\\/el-gobernador-herrera-ahuad-repaso-obras-para-misiones-con-manzur\\\/\"]}]},{\"@type\":\"ImageObject\",\"inLanguage\":\"es\",\"@id\":\"https:\\\/\\\/cvinoticias.com\\\/v3\\\/el-gobernador-herrera-ahuad-repaso-obras-para-misiones-con-manzur\\\/#primaryimage\",\"url\":\"https:\\\/\\\/cvinoticias.com\\\/wp-content\\\/uploads\\\/2021\\\/12\\\/Oscar-Herrera-Ahuad-con-Manzur-scaled-e1640617720147-1140x570-1.jpg\",\"contentUrl\":\"https:\\\/\\\/cvinoticias.com\\\/wp-content\\\/uploads\\\/2021\\\/12\\\/Oscar-Herrera-Ahuad-con-Manzur-scaled-e1640617720147-1140x570-1.jpg\",\"width\":1140,\"height\":570},{\"@type\":\"BreadcrumbList\",\"@id\":\"https:\\\/\\\/cvinoticias.com\\\/v3\\\/el-gobernador-herrera-ahuad-repaso-obras-para-misiones-con-manzur\\\/#breadcrumb\",\"itemListElement\":[{\"@type\":\"ListItem\",\"position\":1,\"name\":\"Portada\",\"item\":\"https:\\\/\\\/cvinoticias.com\\\/v3\\\/\"},{\"@type\":\"ListItem\",\"position\":2,\"name\":\"El gobernador Herrera Ahuad repas\u00f3 obras para Misiones con Manzur\"}]},{\"@type\":\"WebSite\",\"@id\":\"https:\\\/\\\/cvinoticias.com\\\/v3\\\/#website\",\"url\":\"https:\\\/\\\/cvinoticias.com\\\/v3\\\/\",\"name\":\"CVI NOTICIAS\",\"description\":\"\",\"publisher\":{\"@id\":\"https:\\\/\\\/cvinoticias.com\\\/v3\\\/#organization\"},\"alternateName\":\"CVI\",\"potentialAction\":[{\"@type\":\"SearchAction\",\"target\":{\"@type\":\"EntryPoint\",\"urlTemplate\":\"https:\\\/\\\/cvinoticias.com\\\/v3\\\/?s={search_term_string}\"},\"query-input\":{\"@type\":\"PropertyValueSpecification\",\"valueRequired\":true,\"valueName\":\"search_term_string\"}}],\"inLanguage\":\"es\"},{\"@type\":\"Organization\",\"@id\":\"https:\\\/\\\/cvinoticias.com\\\/v3\\\/#organization\",\"name\":\"CVI NOTICIAS\",\"url\":\"https:\\\/\\\/cvinoticias.com\\\/v3\\\/\",\"logo\":{\"@type\":\"ImageObject\",\"inLanguage\":\"es\",\"@id\":\"https:\\\/\\\/cvinoticias.com\\\/v3\\\/#\\\/schema\\\/logo\\\/image\\\/\",\"url\":\"https:\\\/\\\/cvinoticias.com\\\/wp-content\\\/uploads\\\/2023\\\/04\\\/cropped-cropped-cropped-cropped-cropped-3-1.png\",\"contentUrl\":\"https:\\\/\\\/cvinoticias.com\\\/wp-content\\\/uploads\\\/2023\\\/04\\\/cropped-cropped-cropped-cropped-cropped-3-1.png\",\"width\":95,\"height\":122,\"caption\":\"CVI NOTICIAS\"},\"image\":{\"@id\":\"https:\\\/\\\/cvinoticias.com\\\/v3\\\/#\\\/schema\\\/logo\\\/image\\\/\"},\"sameAs\":[\"https:\\\/\\\/www.facebook.com\\\/cvinoticias\",\"https:\\\/\\\/www.instagram.com\\\/cvinoticias\\\/\",\"https:\\\/\\\/www.youtube.com\\\/@CVINOTICIAS\"]},{\"@type\":\"Person\",\"@id\":\"https:\\\/\\\/cvinoticias.com\\\/v3\\\/#\\\/schema\\\/person\\\/2db77e3c6bc03c538495d7b2b8be9b66\",\"name\":\"f1000024\",\"image\":{\"@type\":\"ImageObject\",\"inLanguage\":\"es\",\"@id\":\"https:\\\/\\\/secure.gravatar.com\\\/avatar\\\/d4fe7459cfc51ff5129ce1a732bbef5928568b8092d412ef95611616376bbeed?s=96&d=mm&r=g\",\"url\":\"https:\\\/\\\/secure.gravatar.com\\\/avatar\\\/d4fe7459cfc51ff5129ce1a732bbef5928568b8092d412ef95611616376bbeed?s=96&d=mm&r=g\",\"contentUrl\":\"https:\\\/\\\/secure.gravatar.com\\\/avatar\\\/d4fe7459cfc51ff5129ce1a732bbef5928568b8092d412ef95611616376bbeed?s=96&d=mm&r=g\",\"caption\":\"f1000024\"},\"url\":\"https:\\\/\\\/cvinoticias.com\\\/v3\\\/author\\\/f1000024\\\/\"}]}<\/script>\n<!-- \/ Yoast SEO plugin. -->","yoast_head_json":{"title":"El gobernador Herrera Ahuad repas\u00f3 obras para Misiones con Manzur | CVI NOTICIAS","robots":{"index":"index","follow":"follow","max-snippet":"max-snippet:-1","max-image-preview":"max-image-preview:large","max-video-preview":"max-video-preview:-1"},"canonical":"https:\/\/cvinoticias.com\/v3\/el-gobernador-herrera-ahuad-repaso-obras-para-misiones-con-manzur\/","og_locale":"es_ES","og_type":"article","og_title":"El gobernador Herrera Ahuad repas\u00f3 obras para Misiones con Manzur | CVI NOTICIAS","og_description":"El gobernador Oscar Herrera Ahuad, se reuni\u00f3 este lunes con el jefe de Gabinete, Juan Manzur, con quien repas\u00f3 el plan de obras para la provincia de Misiones, que ser\u00e1n incluidas en el per\u00edodo 2022 por la Naci\u00f3n. \u00abHemos avanzado mucho y eso tranquiliza a todos, y la verdad que es una muy buena gesti\u00f3n [&hellip;]","og_url":"https:\/\/cvinoticias.com\/v3\/el-gobernador-herrera-ahuad-repaso-obras-para-misiones-con-manzur\/","og_site_name":"CVI NOTICIAS","article_publisher":"https:\/\/www.facebook.com\/cvinoticias","article_published_time":"2021-12-27T16:40:46+00:00","article_modified_time":"2021-12-27T22:13:30+00:00","og_image":[{"width":1140,"height":570,"url":"https:\/\/cvinoticias.com\/wp-content\/uploads\/2021\/12\/Oscar-Herrera-Ahuad-con-Manzur-scaled-e1640617720147-1140x570-1.jpg","type":"image\/jpeg"}],"author":"f1000024","twitter_card":"summary_large_image","twitter_misc":{"Escrito por":"f1000024","Tiempo de lectura":"2 minutos"},"schema":{"@context":"https:\/\/schema.org","@graph":[{"@type":"Article","@id":"https:\/\/cvinoticias.com\/v3\/el-gobernador-herrera-ahuad-repaso-obras-para-misiones-con-manzur\/#article","isPartOf":{"@id":"https:\/\/cvinoticias.com\/v3\/el-gobernador-herrera-ahuad-repaso-obras-para-misiones-con-manzur\/"},"author":{"name":"f1000024","@id":"https:\/\/cvinoticias.com\/v3\/#\/schema\/person\/2db77e3c6bc03c538495d7b2b8be9b66"},"headline":"El gobernador Herrera Ahuad repas\u00f3 obras para Misiones con Manzur","datePublished":"2021-12-27T16:40:46+00:00","dateModified":"2021-12-27T22:13:30+00:00","mainEntityOfPage":{"@id":"https:\/\/cvinoticias.com\/v3\/el-gobernador-herrera-ahuad-repaso-obras-para-misiones-con-manzur\/"},"wordCount":459,"commentCount":0,"publisher":{"@id":"https:\/\/cvinoticias.com\/v3\/#organization"},"image":{"@id":"https:\/\/cvinoticias.com\/v3\/el-gobernador-herrera-ahuad-repaso-obras-para-misiones-con-manzur\/#primaryimage"},"thumbnailUrl":"https:\/\/cvinoticias.com\/wp-content\/uploads\/2021\/12\/Oscar-Herrera-Ahuad-con-Manzur-scaled-e1640617720147-1140x570-1.jpg","articleSection":["Politica"],"inLanguage":"es","potentialAction":[{"@type":"CommentAction","name":"Comment","target":["https:\/\/cvinoticias.com\/v3\/el-gobernador-herrera-ahuad-repaso-obras-para-misiones-con-manzur\/#respond"]}]},{"@type":"WebPage","@id":"https:\/\/cvinoticias.com\/v3\/el-gobernador-herrera-ahuad-repaso-obras-para-misiones-con-manzur\/","url":"https:\/\/cvinoticias.com\/v3\/el-gobernador-herrera-ahuad-repaso-obras-para-misiones-con-manzur\/","name":"El gobernador Herrera Ahuad repas\u00f3 obras para Misiones con Manzur | CVI NOTICIAS","isPartOf":{"@id":"https:\/\/cvinoticias.com\/v3\/#website"},"primaryImageOfPage":{"@id":"https:\/\/cvinoticias.com\/v3\/el-gobernador-herrera-ahuad-repaso-obras-para-misiones-con-manzur\/#primaryimage"},"image":{"@id":"https:\/\/cvinoticias.com\/v3\/el-gobernador-herrera-ahuad-repaso-obras-para-misiones-con-manzur\/#primaryimage"},"thumbnailUrl":"https:\/\/cvinoticias.com\/wp-content\/uploads\/2021\/12\/Oscar-Herrera-Ahuad-con-Manzur-scaled-e1640617720147-1140x570-1.jpg","datePublished":"2021-12-27T16:40:46+00:00","dateModified":"2021-12-27T22:13:30+00:00","breadcrumb":{"@id":"https:\/\/cvinoticias.com\/v3\/el-gobernador-herrera-ahuad-repaso-obras-para-misiones-con-manzur\/#breadcrumb"},"inLanguage":"es","potentialAction":[{"@type":"ReadAction","target":["https:\/\/cvinoticias.com\/v3\/el-gobernador-herrera-ahuad-repaso-obras-para-misiones-con-manzur\/"]}]},{"@type":"ImageObject","inLanguage":"es","@id":"https:\/\/cvinoticias.com\/v3\/el-gobernador-herrera-ahuad-repaso-obras-para-misiones-con-manzur\/#primaryimage","url":"https:\/\/cvinoticias.com\/wp-content\/uploads\/2021\/12\/Oscar-Herrera-Ahuad-con-Manzur-scaled-e1640617720147-1140x570-1.jpg","contentUrl":"https:\/\/cvinoticias.com\/wp-content\/uploads\/2021\/12\/Oscar-Herrera-Ahuad-con-Manzur-scaled-e1640617720147-1140x570-1.jpg","width":1140,"height":570},{"@type":"BreadcrumbList","@id":"https:\/\/cvinoticias.com\/v3\/el-gobernador-herrera-ahuad-repaso-obras-para-misiones-con-manzur\/#breadcrumb","itemListElement":[{"@type":"ListItem","position":1,"name":"Portada","item":"https:\/\/cvinoticias.com\/v3\/"},{"@type":"ListItem","position":2,"name":"El gobernador Herrera Ahuad repas\u00f3 obras para Misiones con Manzur"}]},{"@type":"WebSite","@id":"https:\/\/cvinoticias.com\/v3\/#website","url":"https:\/\/cvinoticias.com\/v3\/","name":"CVI NOTICIAS","description":"","publisher":{"@id":"https:\/\/cvinoticias.com\/v3\/#organization"},"alternateName":"CVI","potentialAction":[{"@type":"SearchAction","target":{"@type":"EntryPoint","urlTemplate":"https:\/\/cvinoticias.com\/v3\/?s={search_term_string}"},"query-input":{"@type":"PropertyValueSpecification","valueRequired":true,"valueName":"search_term_string"}}],"inLanguage":"es"},{"@type":"Organization","@id":"https:\/\/cvinoticias.com\/v3\/#organization","name":"CVI NOTICIAS","url":"https:\/\/cvinoticias.com\/v3\/","logo":{"@type":"ImageObject","inLanguage":"es","@id":"https:\/\/cvinoticias.com\/v3\/#\/schema\/logo\/image\/","url":"https:\/\/cvinoticias.com\/wp-content\/uploads\/2023\/04\/cropped-cropped-cropped-cropped-cropped-3-1.png","contentUrl":"https:\/\/cvinoticias.com\/wp-content\/uploads\/2023\/04\/cropped-cropped-cropped-cropped-cropped-3-1.png","width":95,"height":122,"caption":"CVI NOTICIAS"},"image":{"@id":"https:\/\/cvinoticias.com\/v3\/#\/schema\/logo\/image\/"},"sameAs":["https:\/\/www.facebook.com\/cvinoticias","https:\/\/www.instagram.com\/cvinoticias\/","https:\/\/www.youtube.com\/@CVINOTICIAS"]},{"@type":"Person","@id":"https:\/\/cvinoticias.com\/v3\/#\/schema\/person\/2db77e3c6bc03c538495d7b2b8be9b66","name":"f1000024","image":{"@type":"ImageObject","inLanguage":"es","@id":"https:\/\/secure.gravatar.com\/avatar\/d4fe7459cfc51ff5129ce1a732bbef5928568b8092d412ef95611616376bbeed?s=96&d=mm&r=g","url":"https:\/\/secure.gravatar.com\/avatar\/d4fe7459cfc51ff5129ce1a732bbef5928568b8092d412ef95611616376bbeed?s=96&d=mm&r=g","contentUrl":"https:\/\/secure.gravatar.com\/avatar\/d4fe7459cfc51ff5129ce1a732bbef5928568b8092d412ef95611616376bbeed?s=96&d=mm&r=g","caption":"f1000024"},"url":"https:\/\/cvinoticias.com\/v3\/author\/f1000024\/"}]}},"_links":{"self":[{"href":"https:\/\/cvinoticias.com\/v3\/wp-json\/wp\/v2\/posts\/11635","targetHints":{"allow":["GET"]}}],"collection":[{"href":"https:\/\/cvinoticias.com\/v3\/wp-json\/wp\/v2\/posts"}],"about":[{"href":"https:\/\/cvinoticias.com\/v3\/wp-json\/wp\/v2\/types\/post"}],"author":[{"embeddable":true,"href":"https:\/\/cvinoticias.com\/v3\/wp-json\/wp\/v2\/users\/2"}],"replies":[{"embeddable":true,"href":"https:\/\/cvinoticias.com\/v3\/wp-json\/wp\/v2\/comments?post=11635"}],"version-history":[{"count":3,"href":"https:\/\/cvinoticias.com\/v3\/wp-json\/wp\/v2\/posts\/11635\/revisions"}],"predecessor-version":[{"id":11639,"href":"https:\/\/cvinoticias.com\/v3\/wp-json\/wp\/v2\/posts\/11635\/revisions\/11639"}],"wp:featuredmedia":[{"embeddable":true,"href":"https:\/\/cvinoticias.com\/v3\/wp-json\/wp\/v2\/media\/11636"}],"wp:attachment":[{"href":"https:\/\/cvinoticias.com\/v3\/wp-json\/wp\/v2\/media?parent=11635"}],"wp:term":[{"taxonomy":"category","embeddable":true,"href":"https:\/\/cvinoticias.com\/v3\/wp-json\/wp\/v2\/categories?post=11635"},{"taxonomy":"post_tag","embeddable":true,"href":"https:\/\/cvinoticias.com\/v3\/wp-json\/wp\/v2\/tags?post=11635"}],"curies":[{"name":"wp","href":"https:\/\/api.w.org\/{rel}","templated":true}]}}