{"id":11608,"date":"2021-12-25T14:26:26","date_gmt":"2021-12-25T14:26:26","guid":{"rendered":"https:\/\/cvinoticias.com\/v3\/?p=11608"},"modified":"2021-12-25T14:26:26","modified_gmt":"2021-12-25T14:26:26","slug":"alberto-fernandez-que-2022-sea-el-ano-de-los-acuerdos","status":"publish","type":"post","link":"https:\/\/cvinoticias.com\/v3\/alberto-fernandez-que-2022-sea-el-ano-de-los-acuerdos\/","title":{"rendered":"Alberto Fern\u00e1ndez: \u00abQue 2022 sea el a\u00f1o de los acuerdos\u00bb"},"content":{"rendered":"\n<p><strong><em>\u00abAnim\u00e9monos a hacer de la Argentina una sociedad inclusiva que ponga fin a la cultura del descarte\u00bb, expres\u00f3 el presidente en su mensaje por las Fiestas.<\/em><\/strong><\/p>\n\n\n\n<p>El presidente Alberto Fern\u00e1ndez se dirigi\u00f3 esta noche al pa\u00eds, con motivo de las Fiestas de fin de a\u00f1o, con un mensaje en el que pidi\u00f3 hacer que \u201c2022 sea el a\u00f1o de los grandes acuerdos en procura de una sociedad m\u00e1s justa\u201d.<\/p>\n\n\n\n<p>\u201cSi el 2021 fue el a\u00f1o de la vacunaci\u00f3n y de la reactivaci\u00f3n econ\u00f3mica, hagamos que 2022 sea el a\u00f1o de los grandes acuerdos en procura de una sociedad m\u00e1s justa.\u00a0Anim\u00e9monos a hacer de la Argentina una sociedad inclusiva que ponga fin a la cultura del descarte. Aqu\u00ed no sobra nadie, todos y todas hacemos falta\u201d, expres\u00f3.<\/p>\n\n\n\n<p>El presidente\u00a0consider\u00f3 que el que termina fue \u201cun a\u00f1o dif\u00edcil, el segundo de una pandemia larga y dolorosa que se llev\u00f3 la vida de miles de argentinos\u201d.<\/p>\n\n\n\n<p>Por ese motivo, envi\u00f3 \u201cun fuerte y sincero abrazo a quienes enfrentar\u00e1n estas Fiestas recordando a quienes ya no est\u00e1n\u201d.<\/p>\n\n\n\n<p>\u201cCuidemos y respetemos las medidas sanitarias que ya todos conocemos. No nos relajemos ni bajemos los brazos. Esta pandemia no ha acabado\u201d, afirm\u00f3 el Presidente, y destac\u00f3 que \u201cel camino es seguir vacun\u00e1ndonos y cuid\u00e1ndonos\u201d.<\/p>\n\n\n\n<p>El Presidente llam\u00f3 a \u201caprender de lo vivido y mirar hacia adelante con esperanza\u201d, y sostuvo que, pese a que \u201cfue un a\u00f1o dif\u00edcil para todos y todas\u201d, el 2021 \u201ctambi\u00e9n fue un a\u00f1o en el que demostramos que podemos superar algunos de nuestros problemas\u201d.<\/p>\n\n\n\n<p>En ese sentido, destac\u00f3 la exitosa campa\u00f1a de vacunaci\u00f3n, que se logr\u00f3 con el compromiso individual y colectivo, y \u201cel inicio de la recuperaci\u00f3n econ\u00f3mica\u201d.<\/p>\n\n\n\n<p>\u201cDespu\u00e9s de tanto dolor y tanta postergaci\u00f3n, estamos avanzando y creciendo. Hay m\u00e1s actividad econ\u00f3mica, m\u00e1s producci\u00f3n, m\u00e1s exportaciones, m\u00e1s trabajo y m\u00e1s consumo. Estamos cerrando el a\u00f1o con un crecimiento superior al 10 por ciento\u201d, detall\u00f3 Fern\u00e1ndez..<\/p>\n\n\n\n<p><\/p>\n","protected":false},"excerpt":{"rendered":"<p>\u00abAnim\u00e9monos a hacer de la Argentina una sociedad inclusiva que ponga fin a la cultura del descarte\u00bb, expres\u00f3 el presidente en su mensaje por las Fiestas. El presidente Alberto Fern\u00e1ndez se dirigi\u00f3 esta noche al pa\u00eds, con motivo de las Fiestas de fin de a\u00f1o, con un mensaje en el que pidi\u00f3 hacer que \u201c2022 [&hellip;]<\/p>\n","protected":false},"author":2,"featured_media":11609,"comment_status":"open","ping_status":"open","sticky":false,"template":"","format":"standard","meta":{"footnotes":""},"categories":[47],"tags":[],"class_list":["post-11608","post","type-post","status-publish","format-standard","has-post-thumbnail","hentry","category-sociedad"],"yoast_head":"<!-- This site is optimized with the Yoast SEO plugin v27.4 - https:\/\/yoast.com\/product\/yoast-seo-wordpress\/ -->\n<title>Alberto Fern\u00e1ndez: &quot;Que 2022 sea el a\u00f1o de los acuerdos&quot; | CVI NOTICIAS<\/title>\n<meta name=\"robots\" content=\"index, follow, max-snippet:-1, max-image-preview:large, max-video-preview:-1\" \/>\n<link rel=\"canonical\" href=\"https:\/\/cvinoticias.com\/v3\/alberto-fernandez-que-2022-sea-el-ano-de-los-acuerdos\/\" \/>\n<meta property=\"og:locale\" content=\"es_ES\" \/>\n<meta property=\"og:type\" content=\"article\" \/>\n<meta property=\"og:title\" content=\"Alberto Fern\u00e1ndez: &quot;Que 2022 sea el a\u00f1o de los acuerdos&quot; | CVI NOTICIAS\" \/>\n<meta property=\"og:description\" content=\"\u00abAnim\u00e9monos a hacer de la Argentina una sociedad inclusiva que ponga fin a la cultura del descarte\u00bb, expres\u00f3 el presidente en su mensaje por las Fiestas. El presidente Alberto Fern\u00e1ndez se dirigi\u00f3 esta noche al pa\u00eds, con motivo de las Fiestas de fin de a\u00f1o, con un mensaje en el que pidi\u00f3 hacer que \u201c2022 [&hellip;]\" \/>\n<meta property=\"og:url\" content=\"https:\/\/cvinoticias.com\/v3\/alberto-fernandez-que-2022-sea-el-ano-de-los-acuerdos\/\" \/>\n<meta property=\"og:site_name\" content=\"CVI NOTICIAS\" \/>\n<meta property=\"article:publisher\" content=\"https:\/\/www.facebook.com\/cvinoticias\" \/>\n<meta property=\"article:published_time\" content=\"2021-12-25T14:26:26+00:00\" \/>\n<meta property=\"og:image\" content=\"https:\/\/cvinoticias.com\/wp-content\/uploads\/2021\/12\/Screenshot_20211225-112502_Facebook.jpg\" \/>\n\t<meta property=\"og:image:width\" content=\"964\" \/>\n\t<meta property=\"og:image:height\" content=\"557\" \/>\n\t<meta property=\"og:image:type\" content=\"image\/jpeg\" \/>\n<meta name=\"author\" content=\"f1000024\" \/>\n<meta name=\"twitter:card\" content=\"summary_large_image\" \/>\n<meta name=\"twitter:label1\" content=\"Escrito por\" \/>\n\t<meta name=\"twitter:data1\" content=\"f1000024\" \/>\n\t<meta name=\"twitter:label2\" content=\"Tiempo de lectura\" \/>\n\t<meta name=\"twitter:data2\" content=\"2 minutos\" \/>\n<script type=\"application\/ld+json\" class=\"yoast-schema-graph\">{\"@context\":\"https:\\\/\\\/schema.org\",\"@graph\":[{\"@type\":\"Article\",\"@id\":\"https:\\\/\\\/cvinoticias.com\\\/v3\\\/alberto-fernandez-que-2022-sea-el-ano-de-los-acuerdos\\\/#article\",\"isPartOf\":{\"@id\":\"https:\\\/\\\/cvinoticias.com\\\/v3\\\/alberto-fernandez-que-2022-sea-el-ano-de-los-acuerdos\\\/\"},\"author\":{\"name\":\"f1000024\",\"@id\":\"https:\\\/\\\/cvinoticias.com\\\/v3\\\/#\\\/schema\\\/person\\\/2db77e3c6bc03c538495d7b2b8be9b66\"},\"headline\":\"Alberto Fern\u00e1ndez: \u00abQue 2022 sea el a\u00f1o de los acuerdos\u00bb\",\"datePublished\":\"2021-12-25T14:26:26+00:00\",\"mainEntityOfPage\":{\"@id\":\"https:\\\/\\\/cvinoticias.com\\\/v3\\\/alberto-fernandez-que-2022-sea-el-ano-de-los-acuerdos\\\/\"},\"wordCount\":362,\"commentCount\":0,\"publisher\":{\"@id\":\"https:\\\/\\\/cvinoticias.com\\\/v3\\\/#organization\"},\"image\":{\"@id\":\"https:\\\/\\\/cvinoticias.com\\\/v3\\\/alberto-fernandez-que-2022-sea-el-ano-de-los-acuerdos\\\/#primaryimage\"},\"thumbnailUrl\":\"https:\\\/\\\/cvinoticias.com\\\/wp-content\\\/uploads\\\/2021\\\/12\\\/Screenshot_20211225-112502_Facebook.jpg\",\"articleSection\":[\"Sociedad\"],\"inLanguage\":\"es\",\"potentialAction\":[{\"@type\":\"CommentAction\",\"name\":\"Comment\",\"target\":[\"https:\\\/\\\/cvinoticias.com\\\/v3\\\/alberto-fernandez-que-2022-sea-el-ano-de-los-acuerdos\\\/#respond\"]}]},{\"@type\":\"WebPage\",\"@id\":\"https:\\\/\\\/cvinoticias.com\\\/v3\\\/alberto-fernandez-que-2022-sea-el-ano-de-los-acuerdos\\\/\",\"url\":\"https:\\\/\\\/cvinoticias.com\\\/v3\\\/alberto-fernandez-que-2022-sea-el-ano-de-los-acuerdos\\\/\",\"name\":\"Alberto Fern\u00e1ndez: \\\"Que 2022 sea el a\u00f1o de los acuerdos\\\" | CVI NOTICIAS\",\"isPartOf\":{\"@id\":\"https:\\\/\\\/cvinoticias.com\\\/v3\\\/#website\"},\"primaryImageOfPage\":{\"@id\":\"https:\\\/\\\/cvinoticias.com\\\/v3\\\/alberto-fernandez-que-2022-sea-el-ano-de-los-acuerdos\\\/#primaryimage\"},\"image\":{\"@id\":\"https:\\\/\\\/cvinoticias.com\\\/v3\\\/alberto-fernandez-que-2022-sea-el-ano-de-los-acuerdos\\\/#primaryimage\"},\"thumbnailUrl\":\"https:\\\/\\\/cvinoticias.com\\\/wp-content\\\/uploads\\\/2021\\\/12\\\/Screenshot_20211225-112502_Facebook.jpg\",\"datePublished\":\"2021-12-25T14:26:26+00:00\",\"breadcrumb\":{\"@id\":\"https:\\\/\\\/cvinoticias.com\\\/v3\\\/alberto-fernandez-que-2022-sea-el-ano-de-los-acuerdos\\\/#breadcrumb\"},\"inLanguage\":\"es\",\"potentialAction\":[{\"@type\":\"ReadAction\",\"target\":[\"https:\\\/\\\/cvinoticias.com\\\/v3\\\/alberto-fernandez-que-2022-sea-el-ano-de-los-acuerdos\\\/\"]}]},{\"@type\":\"ImageObject\",\"inLanguage\":\"es\",\"@id\":\"https:\\\/\\\/cvinoticias.com\\\/v3\\\/alberto-fernandez-que-2022-sea-el-ano-de-los-acuerdos\\\/#primaryimage\",\"url\":\"https:\\\/\\\/cvinoticias.com\\\/wp-content\\\/uploads\\\/2021\\\/12\\\/Screenshot_20211225-112502_Facebook.jpg\",\"contentUrl\":\"https:\\\/\\\/cvinoticias.com\\\/wp-content\\\/uploads\\\/2021\\\/12\\\/Screenshot_20211225-112502_Facebook.jpg\",\"width\":964,\"height\":557},{\"@type\":\"BreadcrumbList\",\"@id\":\"https:\\\/\\\/cvinoticias.com\\\/v3\\\/alberto-fernandez-que-2022-sea-el-ano-de-los-acuerdos\\\/#breadcrumb\",\"itemListElement\":[{\"@type\":\"ListItem\",\"position\":1,\"name\":\"Portada\",\"item\":\"https:\\\/\\\/cvinoticias.com\\\/v3\\\/\"},{\"@type\":\"ListItem\",\"position\":2,\"name\":\"Alberto Fern\u00e1ndez: \u00abQue 2022 sea el a\u00f1o de los acuerdos\u00bb\"}]},{\"@type\":\"WebSite\",\"@id\":\"https:\\\/\\\/cvinoticias.com\\\/v3\\\/#website\",\"url\":\"https:\\\/\\\/cvinoticias.com\\\/v3\\\/\",\"name\":\"CVI NOTICIAS\",\"description\":\"\",\"publisher\":{\"@id\":\"https:\\\/\\\/cvinoticias.com\\\/v3\\\/#organization\"},\"alternateName\":\"CVI\",\"potentialAction\":[{\"@type\":\"SearchAction\",\"target\":{\"@type\":\"EntryPoint\",\"urlTemplate\":\"https:\\\/\\\/cvinoticias.com\\\/v3\\\/?s={search_term_string}\"},\"query-input\":{\"@type\":\"PropertyValueSpecification\",\"valueRequired\":true,\"valueName\":\"search_term_string\"}}],\"inLanguage\":\"es\"},{\"@type\":\"Organization\",\"@id\":\"https:\\\/\\\/cvinoticias.com\\\/v3\\\/#organization\",\"name\":\"CVI NOTICIAS\",\"url\":\"https:\\\/\\\/cvinoticias.com\\\/v3\\\/\",\"logo\":{\"@type\":\"ImageObject\",\"inLanguage\":\"es\",\"@id\":\"https:\\\/\\\/cvinoticias.com\\\/v3\\\/#\\\/schema\\\/logo\\\/image\\\/\",\"url\":\"https:\\\/\\\/cvinoticias.com\\\/wp-content\\\/uploads\\\/2023\\\/04\\\/cropped-cropped-cropped-cropped-cropped-3-1.png\",\"contentUrl\":\"https:\\\/\\\/cvinoticias.com\\\/wp-content\\\/uploads\\\/2023\\\/04\\\/cropped-cropped-cropped-cropped-cropped-3-1.png\",\"width\":95,\"height\":122,\"caption\":\"CVI NOTICIAS\"},\"image\":{\"@id\":\"https:\\\/\\\/cvinoticias.com\\\/v3\\\/#\\\/schema\\\/logo\\\/image\\\/\"},\"sameAs\":[\"https:\\\/\\\/www.facebook.com\\\/cvinoticias\",\"https:\\\/\\\/www.instagram.com\\\/cvinoticias\\\/\",\"https:\\\/\\\/www.youtube.com\\\/@CVINOTICIAS\"]},{\"@type\":\"Person\",\"@id\":\"https:\\\/\\\/cvinoticias.com\\\/v3\\\/#\\\/schema\\\/person\\\/2db77e3c6bc03c538495d7b2b8be9b66\",\"name\":\"f1000024\",\"image\":{\"@type\":\"ImageObject\",\"inLanguage\":\"es\",\"@id\":\"https:\\\/\\\/secure.gravatar.com\\\/avatar\\\/d4fe7459cfc51ff5129ce1a732bbef5928568b8092d412ef95611616376bbeed?s=96&d=mm&r=g\",\"url\":\"https:\\\/\\\/secure.gravatar.com\\\/avatar\\\/d4fe7459cfc51ff5129ce1a732bbef5928568b8092d412ef95611616376bbeed?s=96&d=mm&r=g\",\"contentUrl\":\"https:\\\/\\\/secure.gravatar.com\\\/avatar\\\/d4fe7459cfc51ff5129ce1a732bbef5928568b8092d412ef95611616376bbeed?s=96&d=mm&r=g\",\"caption\":\"f1000024\"},\"url\":\"https:\\\/\\\/cvinoticias.com\\\/v3\\\/author\\\/f1000024\\\/\"}]}<\/script>\n<!-- \/ Yoast SEO plugin. -->","yoast_head_json":{"title":"Alberto Fern\u00e1ndez: \"Que 2022 sea el a\u00f1o de los acuerdos\" | CVI NOTICIAS","robots":{"index":"index","follow":"follow","max-snippet":"max-snippet:-1","max-image-preview":"max-image-preview:large","max-video-preview":"max-video-preview:-1"},"canonical":"https:\/\/cvinoticias.com\/v3\/alberto-fernandez-que-2022-sea-el-ano-de-los-acuerdos\/","og_locale":"es_ES","og_type":"article","og_title":"Alberto Fern\u00e1ndez: \"Que 2022 sea el a\u00f1o de los acuerdos\" | CVI NOTICIAS","og_description":"\u00abAnim\u00e9monos a hacer de la Argentina una sociedad inclusiva que ponga fin a la cultura del descarte\u00bb, expres\u00f3 el presidente en su mensaje por las Fiestas. El presidente Alberto Fern\u00e1ndez se dirigi\u00f3 esta noche al pa\u00eds, con motivo de las Fiestas de fin de a\u00f1o, con un mensaje en el que pidi\u00f3 hacer que \u201c2022 [&hellip;]","og_url":"https:\/\/cvinoticias.com\/v3\/alberto-fernandez-que-2022-sea-el-ano-de-los-acuerdos\/","og_site_name":"CVI NOTICIAS","article_publisher":"https:\/\/www.facebook.com\/cvinoticias","article_published_time":"2021-12-25T14:26:26+00:00","og_image":[{"width":964,"height":557,"url":"https:\/\/cvinoticias.com\/wp-content\/uploads\/2021\/12\/Screenshot_20211225-112502_Facebook.jpg","type":"image\/jpeg"}],"author":"f1000024","twitter_card":"summary_large_image","twitter_misc":{"Escrito por":"f1000024","Tiempo de lectura":"2 minutos"},"schema":{"@context":"https:\/\/schema.org","@graph":[{"@type":"Article","@id":"https:\/\/cvinoticias.com\/v3\/alberto-fernandez-que-2022-sea-el-ano-de-los-acuerdos\/#article","isPartOf":{"@id":"https:\/\/cvinoticias.com\/v3\/alberto-fernandez-que-2022-sea-el-ano-de-los-acuerdos\/"},"author":{"name":"f1000024","@id":"https:\/\/cvinoticias.com\/v3\/#\/schema\/person\/2db77e3c6bc03c538495d7b2b8be9b66"},"headline":"Alberto Fern\u00e1ndez: \u00abQue 2022 sea el a\u00f1o de los acuerdos\u00bb","datePublished":"2021-12-25T14:26:26+00:00","mainEntityOfPage":{"@id":"https:\/\/cvinoticias.com\/v3\/alberto-fernandez-que-2022-sea-el-ano-de-los-acuerdos\/"},"wordCount":362,"commentCount":0,"publisher":{"@id":"https:\/\/cvinoticias.com\/v3\/#organization"},"image":{"@id":"https:\/\/cvinoticias.com\/v3\/alberto-fernandez-que-2022-sea-el-ano-de-los-acuerdos\/#primaryimage"},"thumbnailUrl":"https:\/\/cvinoticias.com\/wp-content\/uploads\/2021\/12\/Screenshot_20211225-112502_Facebook.jpg","articleSection":["Sociedad"],"inLanguage":"es","potentialAction":[{"@type":"CommentAction","name":"Comment","target":["https:\/\/cvinoticias.com\/v3\/alberto-fernandez-que-2022-sea-el-ano-de-los-acuerdos\/#respond"]}]},{"@type":"WebPage","@id":"https:\/\/cvinoticias.com\/v3\/alberto-fernandez-que-2022-sea-el-ano-de-los-acuerdos\/","url":"https:\/\/cvinoticias.com\/v3\/alberto-fernandez-que-2022-sea-el-ano-de-los-acuerdos\/","name":"Alberto Fern\u00e1ndez: \"Que 2022 sea el a\u00f1o de los acuerdos\" | CVI NOTICIAS","isPartOf":{"@id":"https:\/\/cvinoticias.com\/v3\/#website"},"primaryImageOfPage":{"@id":"https:\/\/cvinoticias.com\/v3\/alberto-fernandez-que-2022-sea-el-ano-de-los-acuerdos\/#primaryimage"},"image":{"@id":"https:\/\/cvinoticias.com\/v3\/alberto-fernandez-que-2022-sea-el-ano-de-los-acuerdos\/#primaryimage"},"thumbnailUrl":"https:\/\/cvinoticias.com\/wp-content\/uploads\/2021\/12\/Screenshot_20211225-112502_Facebook.jpg","datePublished":"2021-12-25T14:26:26+00:00","breadcrumb":{"@id":"https:\/\/cvinoticias.com\/v3\/alberto-fernandez-que-2022-sea-el-ano-de-los-acuerdos\/#breadcrumb"},"inLanguage":"es","potentialAction":[{"@type":"ReadAction","target":["https:\/\/cvinoticias.com\/v3\/alberto-fernandez-que-2022-sea-el-ano-de-los-acuerdos\/"]}]},{"@type":"ImageObject","inLanguage":"es","@id":"https:\/\/cvinoticias.com\/v3\/alberto-fernandez-que-2022-sea-el-ano-de-los-acuerdos\/#primaryimage","url":"https:\/\/cvinoticias.com\/wp-content\/uploads\/2021\/12\/Screenshot_20211225-112502_Facebook.jpg","contentUrl":"https:\/\/cvinoticias.com\/wp-content\/uploads\/2021\/12\/Screenshot_20211225-112502_Facebook.jpg","width":964,"height":557},{"@type":"BreadcrumbList","@id":"https:\/\/cvinoticias.com\/v3\/alberto-fernandez-que-2022-sea-el-ano-de-los-acuerdos\/#breadcrumb","itemListElement":[{"@type":"ListItem","position":1,"name":"Portada","item":"https:\/\/cvinoticias.com\/v3\/"},{"@type":"ListItem","position":2,"name":"Alberto Fern\u00e1ndez: \u00abQue 2022 sea el a\u00f1o de los acuerdos\u00bb"}]},{"@type":"WebSite","@id":"https:\/\/cvinoticias.com\/v3\/#website","url":"https:\/\/cvinoticias.com\/v3\/","name":"CVI NOTICIAS","description":"","publisher":{"@id":"https:\/\/cvinoticias.com\/v3\/#organization"},"alternateName":"CVI","potentialAction":[{"@type":"SearchAction","target":{"@type":"EntryPoint","urlTemplate":"https:\/\/cvinoticias.com\/v3\/?s={search_term_string}"},"query-input":{"@type":"PropertyValueSpecification","valueRequired":true,"valueName":"search_term_string"}}],"inLanguage":"es"},{"@type":"Organization","@id":"https:\/\/cvinoticias.com\/v3\/#organization","name":"CVI NOTICIAS","url":"https:\/\/cvinoticias.com\/v3\/","logo":{"@type":"ImageObject","inLanguage":"es","@id":"https:\/\/cvinoticias.com\/v3\/#\/schema\/logo\/image\/","url":"https:\/\/cvinoticias.com\/wp-content\/uploads\/2023\/04\/cropped-cropped-cropped-cropped-cropped-3-1.png","contentUrl":"https:\/\/cvinoticias.com\/wp-content\/uploads\/2023\/04\/cropped-cropped-cropped-cropped-cropped-3-1.png","width":95,"height":122,"caption":"CVI NOTICIAS"},"image":{"@id":"https:\/\/cvinoticias.com\/v3\/#\/schema\/logo\/image\/"},"sameAs":["https:\/\/www.facebook.com\/cvinoticias","https:\/\/www.instagram.com\/cvinoticias\/","https:\/\/www.youtube.com\/@CVINOTICIAS"]},{"@type":"Person","@id":"https:\/\/cvinoticias.com\/v3\/#\/schema\/person\/2db77e3c6bc03c538495d7b2b8be9b66","name":"f1000024","image":{"@type":"ImageObject","inLanguage":"es","@id":"https:\/\/secure.gravatar.com\/avatar\/d4fe7459cfc51ff5129ce1a732bbef5928568b8092d412ef95611616376bbeed?s=96&d=mm&r=g","url":"https:\/\/secure.gravatar.com\/avatar\/d4fe7459cfc51ff5129ce1a732bbef5928568b8092d412ef95611616376bbeed?s=96&d=mm&r=g","contentUrl":"https:\/\/secure.gravatar.com\/avatar\/d4fe7459cfc51ff5129ce1a732bbef5928568b8092d412ef95611616376bbeed?s=96&d=mm&r=g","caption":"f1000024"},"url":"https:\/\/cvinoticias.com\/v3\/author\/f1000024\/"}]}},"_links":{"self":[{"href":"https:\/\/cvinoticias.com\/v3\/wp-json\/wp\/v2\/posts\/11608","targetHints":{"allow":["GET"]}}],"collection":[{"href":"https:\/\/cvinoticias.com\/v3\/wp-json\/wp\/v2\/posts"}],"about":[{"href":"https:\/\/cvinoticias.com\/v3\/wp-json\/wp\/v2\/types\/post"}],"author":[{"embeddable":true,"href":"https:\/\/cvinoticias.com\/v3\/wp-json\/wp\/v2\/users\/2"}],"replies":[{"embeddable":true,"href":"https:\/\/cvinoticias.com\/v3\/wp-json\/wp\/v2\/comments?post=11608"}],"version-history":[{"count":1,"href":"https:\/\/cvinoticias.com\/v3\/wp-json\/wp\/v2\/posts\/11608\/revisions"}],"predecessor-version":[{"id":11610,"href":"https:\/\/cvinoticias.com\/v3\/wp-json\/wp\/v2\/posts\/11608\/revisions\/11610"}],"wp:featuredmedia":[{"embeddable":true,"href":"https:\/\/cvinoticias.com\/v3\/wp-json\/wp\/v2\/media\/11609"}],"wp:attachment":[{"href":"https:\/\/cvinoticias.com\/v3\/wp-json\/wp\/v2\/media?parent=11608"}],"wp:term":[{"taxonomy":"category","embeddable":true,"href":"https:\/\/cvinoticias.com\/v3\/wp-json\/wp\/v2\/categories?post=11608"},{"taxonomy":"post_tag","embeddable":true,"href":"https:\/\/cvinoticias.com\/v3\/wp-json\/wp\/v2\/tags?post=11608"}],"curies":[{"name":"wp","href":"https:\/\/api.w.org\/{rel}","templated":true}]}}