{"id":11605,"date":"2021-12-25T14:08:41","date_gmt":"2021-12-25T14:08:41","guid":{"rendered":"https:\/\/cvinoticias.com\/v3\/?p=11605"},"modified":"2021-12-25T14:08:41","modified_gmt":"2021-12-25T14:08:41","slug":"el-gobierno-prorrogo-por-decreto-el-presupuesto-2021-y-la-prohibicion-de-despidos","status":"publish","type":"post","link":"https:\/\/cvinoticias.com\/v3\/el-gobierno-prorrogo-por-decreto-el-presupuesto-2021-y-la-prohibicion-de-despidos\/","title":{"rendered":"El Gobierno prorrog\u00f3 por decreto el Presupuesto 2021 y la prohibici\u00f3n de despidos"},"content":{"rendered":"\n<p><strong><em>La normativa fue publicada en el Bolet\u00edn Oficial y se extender\u00e1 hasta junio de 2022. En el caso de las indemnizaciones estableci\u00f3 una reducci\u00f3n gradual.<\/em><\/strong><\/p>\n\n\n\n<p>El Gobierno prorrog\u00f3 por decreto en la noche del jueves el Presupuesto 2021, la doble indemnizaci\u00f3n y la prohibici\u00f3n de despidos. La normativa fue publicada en el Bolet\u00edn Oficial y se extender\u00e1 hasta junio de 2022.<br><br>Tras el fracaso de la ley en el Congreso, Mart\u00edn Guzm\u00e1n hab\u00eda anunciado que Alberto Fern\u00e1ndez lanzar\u00eda un decreto para avanzar con el Presupuesto.<br><br>Hace una semana, tras una marat\u00f3nica sesi\u00f3n, la oposici\u00f3n se impuso en la votaci\u00f3n en la C\u00e1mara de Diputados por 132 a 121 y as\u00ed hundi\u00f3 el proyecto del Presupuesto 2022 enviado por el Gobierno.<br><br>\u201cA partir del 1\u00b0 de enero de 2022 rigen, en virtud de lo establecido por el art\u00edculo 27 de la Ley de Administraci\u00f3n Financiera y de los Sistemas de Control del Sector P\u00fablico Nacional N\u00b0 24.156 y sus modificatorias, las disposiciones de la Ley N\u00b0 27.591 de Presupuesto General de la Administraci\u00f3n Nacional para el Ejercicio 2021, sus normas modificatorias y complementarias\u201d, dice el documento.<br><br>Y contin\u00faa: \u201cInstr\u00fayase al Jefe de Gabinete de Ministros a adecuar, oportunamente, el presupuesto que se prorroga mediante el art\u00edculo 1\u00b0 del presente decreto con el fin de dar cumplimiento a los incisos 1 y 2 del Art\u00edculo 27 de la Ley de Administraci\u00f3n Financiera y de los Sistemas de Control del Sector P\u00fablico Nacional N\u00b024.156 y sus modificatorias\u201d.<br><br><strong><em>El decreto de la Doble indemnizaci\u00f3n y prohibici\u00f3n de despidos<\/em><\/strong><br><br>El Gobierno nacional prorrog\u00f3 hasta junio de 2022 la emergencia ocupacional extendiendo por otros seis meses la prohibici\u00f3n de despidos en todo el territorio. Y, adem\u00e1s, dio a conocer un cronograma de reducci\u00f3n de la doble indemnizaci\u00f3n que ira paulatinamente disminuyendo durante el primer semestre.<br><br>\u201cSi bien en la actualidad se observa un marcado proceso de recuperaci\u00f3n del empleo asalariado registrado del sector privado, como lo revela la incorporaci\u00f3n de 129.000 trabajadoras y trabajadores al empleo formal entre enero y septiembre de 2021, a\u00fan en este \u00faltimo per\u00edodo mensual, el n\u00famero de trabajadoras y trabajadores con empleo registrado en el conjunto de las empresas privadas se encuentra un 5% por debajo del nivel observado en diciembre del a\u00f1o 2015\u2033, sostiene el decreto.<br><br>\u201cEn el caso de despido sin causa durante la vigencia del presente decreto, la trabajadora afectada o el trabajador afectado tendr\u00e1 derecho a percibir, adem\u00e1s de la indemnizaci\u00f3n correspondiente de conformidad con la legislaci\u00f3n aplicable, un incremento equivalente al SETENTA Y CINCO POR CIENTO (75 %) del monto de la misma, desde el 1\u00ba de enero de 2022 y hasta el 28 de febrero de 2022; del CINCUENTA POR CIENTO (50 %) a partir del 1\u00ba de marzo de 2022 y hasta el 30 de abril de 2022 y del VEINTICINCO POR CIENTO (25 %) desde el 1\u00ba de mayo de 2022 y hasta el 30 de junio de 2022\u2033, indica el decreto.<br><br>Asimismo, se se\u00f1ala que \u201clos porcentajes indicados en el art\u00edculo precedente se calcular\u00e1n sobre todos los rubros indemnizatorios originados con motivo de la extinci\u00f3n incausada del contrato de trabajo\u201d.<br><br>Y en su art\u00edculo 4\u00b0, la norma establece que \u201ca los efectos de establecer el c\u00e1lculo de la indemnizaci\u00f3n definitiva, en los t\u00e9rminos del art\u00edculo 2\u00ba del presente decreto, el monto correspondiente al incremento no podr\u00e1 exceder, en ning\u00fan caso, la suma de PESOS QUINIENTOS MIL ($500.000.-)\u201d.<\/p>\n","protected":false},"excerpt":{"rendered":"<p>La normativa fue publicada en el Bolet\u00edn Oficial y se extender\u00e1 hasta junio de 2022. En el caso de las indemnizaciones estableci\u00f3 una reducci\u00f3n gradual. El Gobierno prorrog\u00f3 por decreto en la noche del jueves el Presupuesto 2021, la doble indemnizaci\u00f3n y la prohibici\u00f3n de despidos. La normativa fue publicada en el Bolet\u00edn Oficial y [&hellip;]<\/p>\n","protected":false},"author":2,"featured_media":11606,"comment_status":"open","ping_status":"open","sticky":false,"template":"","format":"standard","meta":{"footnotes":""},"categories":[42],"tags":[],"class_list":["post-11605","post","type-post","status-publish","format-standard","has-post-thumbnail","hentry","category-politica"],"yoast_head":"<!-- This site is optimized with the Yoast SEO plugin v27.4 - https:\/\/yoast.com\/product\/yoast-seo-wordpress\/ -->\n<title>El Gobierno prorrog\u00f3 por decreto el Presupuesto 2021 y la prohibici\u00f3n de despidos | CVI NOTICIAS<\/title>\n<meta name=\"robots\" content=\"index, follow, max-snippet:-1, max-image-preview:large, max-video-preview:-1\" \/>\n<link rel=\"canonical\" href=\"https:\/\/cvinoticias.com\/v3\/el-gobierno-prorrogo-por-decreto-el-presupuesto-2021-y-la-prohibicion-de-despidos\/\" \/>\n<meta property=\"og:locale\" content=\"es_ES\" \/>\n<meta property=\"og:type\" content=\"article\" \/>\n<meta property=\"og:title\" content=\"El Gobierno prorrog\u00f3 por decreto el Presupuesto 2021 y la prohibici\u00f3n de despidos | CVI NOTICIAS\" \/>\n<meta property=\"og:description\" content=\"La normativa fue publicada en el Bolet\u00edn Oficial y se extender\u00e1 hasta junio de 2022. En el caso de las indemnizaciones estableci\u00f3 una reducci\u00f3n gradual. El Gobierno prorrog\u00f3 por decreto en la noche del jueves el Presupuesto 2021, la doble indemnizaci\u00f3n y la prohibici\u00f3n de despidos. La normativa fue publicada en el Bolet\u00edn Oficial y [&hellip;]\" \/>\n<meta property=\"og:url\" content=\"https:\/\/cvinoticias.com\/v3\/el-gobierno-prorrogo-por-decreto-el-presupuesto-2021-y-la-prohibicion-de-despidos\/\" \/>\n<meta property=\"og:site_name\" content=\"CVI NOTICIAS\" \/>\n<meta property=\"article:publisher\" content=\"https:\/\/www.facebook.com\/cvinoticias\" \/>\n<meta property=\"article:published_time\" content=\"2021-12-25T14:08:41+00:00\" \/>\n<meta property=\"og:image\" content=\"https:\/\/cvinoticias.com\/wp-content\/uploads\/2021\/12\/images-6.jpeg\" \/>\n\t<meta property=\"og:image:width\" content=\"299\" \/>\n\t<meta property=\"og:image:height\" content=\"169\" \/>\n\t<meta property=\"og:image:type\" content=\"image\/jpeg\" \/>\n<meta name=\"author\" content=\"f1000024\" \/>\n<meta name=\"twitter:card\" content=\"summary_large_image\" \/>\n<meta name=\"twitter:label1\" content=\"Escrito por\" \/>\n\t<meta name=\"twitter:data1\" content=\"f1000024\" \/>\n\t<meta name=\"twitter:label2\" content=\"Tiempo de lectura\" \/>\n\t<meta name=\"twitter:data2\" content=\"3 minutos\" \/>\n<script type=\"application\/ld+json\" class=\"yoast-schema-graph\">{\"@context\":\"https:\\\/\\\/schema.org\",\"@graph\":[{\"@type\":\"Article\",\"@id\":\"https:\\\/\\\/cvinoticias.com\\\/v3\\\/el-gobierno-prorrogo-por-decreto-el-presupuesto-2021-y-la-prohibicion-de-despidos\\\/#article\",\"isPartOf\":{\"@id\":\"https:\\\/\\\/cvinoticias.com\\\/v3\\\/el-gobierno-prorrogo-por-decreto-el-presupuesto-2021-y-la-prohibicion-de-despidos\\\/\"},\"author\":{\"name\":\"f1000024\",\"@id\":\"https:\\\/\\\/cvinoticias.com\\\/v3\\\/#\\\/schema\\\/person\\\/2db77e3c6bc03c538495d7b2b8be9b66\"},\"headline\":\"El Gobierno prorrog\u00f3 por decreto el Presupuesto 2021 y la prohibici\u00f3n de despidos\",\"datePublished\":\"2021-12-25T14:08:41+00:00\",\"mainEntityOfPage\":{\"@id\":\"https:\\\/\\\/cvinoticias.com\\\/v3\\\/el-gobierno-prorrogo-por-decreto-el-presupuesto-2021-y-la-prohibicion-de-despidos\\\/\"},\"wordCount\":587,\"commentCount\":0,\"publisher\":{\"@id\":\"https:\\\/\\\/cvinoticias.com\\\/v3\\\/#organization\"},\"image\":{\"@id\":\"https:\\\/\\\/cvinoticias.com\\\/v3\\\/el-gobierno-prorrogo-por-decreto-el-presupuesto-2021-y-la-prohibicion-de-despidos\\\/#primaryimage\"},\"thumbnailUrl\":\"https:\\\/\\\/cvinoticias.com\\\/wp-content\\\/uploads\\\/2021\\\/12\\\/images-6.jpeg\",\"articleSection\":[\"Politica\"],\"inLanguage\":\"es\",\"potentialAction\":[{\"@type\":\"CommentAction\",\"name\":\"Comment\",\"target\":[\"https:\\\/\\\/cvinoticias.com\\\/v3\\\/el-gobierno-prorrogo-por-decreto-el-presupuesto-2021-y-la-prohibicion-de-despidos\\\/#respond\"]}]},{\"@type\":\"WebPage\",\"@id\":\"https:\\\/\\\/cvinoticias.com\\\/v3\\\/el-gobierno-prorrogo-por-decreto-el-presupuesto-2021-y-la-prohibicion-de-despidos\\\/\",\"url\":\"https:\\\/\\\/cvinoticias.com\\\/v3\\\/el-gobierno-prorrogo-por-decreto-el-presupuesto-2021-y-la-prohibicion-de-despidos\\\/\",\"name\":\"El Gobierno prorrog\u00f3 por decreto el Presupuesto 2021 y la prohibici\u00f3n de despidos | CVI NOTICIAS\",\"isPartOf\":{\"@id\":\"https:\\\/\\\/cvinoticias.com\\\/v3\\\/#website\"},\"primaryImageOfPage\":{\"@id\":\"https:\\\/\\\/cvinoticias.com\\\/v3\\\/el-gobierno-prorrogo-por-decreto-el-presupuesto-2021-y-la-prohibicion-de-despidos\\\/#primaryimage\"},\"image\":{\"@id\":\"https:\\\/\\\/cvinoticias.com\\\/v3\\\/el-gobierno-prorrogo-por-decreto-el-presupuesto-2021-y-la-prohibicion-de-despidos\\\/#primaryimage\"},\"thumbnailUrl\":\"https:\\\/\\\/cvinoticias.com\\\/wp-content\\\/uploads\\\/2021\\\/12\\\/images-6.jpeg\",\"datePublished\":\"2021-12-25T14:08:41+00:00\",\"breadcrumb\":{\"@id\":\"https:\\\/\\\/cvinoticias.com\\\/v3\\\/el-gobierno-prorrogo-por-decreto-el-presupuesto-2021-y-la-prohibicion-de-despidos\\\/#breadcrumb\"},\"inLanguage\":\"es\",\"potentialAction\":[{\"@type\":\"ReadAction\",\"target\":[\"https:\\\/\\\/cvinoticias.com\\\/v3\\\/el-gobierno-prorrogo-por-decreto-el-presupuesto-2021-y-la-prohibicion-de-despidos\\\/\"]}]},{\"@type\":\"ImageObject\",\"inLanguage\":\"es\",\"@id\":\"https:\\\/\\\/cvinoticias.com\\\/v3\\\/el-gobierno-prorrogo-por-decreto-el-presupuesto-2021-y-la-prohibicion-de-despidos\\\/#primaryimage\",\"url\":\"https:\\\/\\\/cvinoticias.com\\\/wp-content\\\/uploads\\\/2021\\\/12\\\/images-6.jpeg\",\"contentUrl\":\"https:\\\/\\\/cvinoticias.com\\\/wp-content\\\/uploads\\\/2021\\\/12\\\/images-6.jpeg\",\"width\":299,\"height\":169},{\"@type\":\"BreadcrumbList\",\"@id\":\"https:\\\/\\\/cvinoticias.com\\\/v3\\\/el-gobierno-prorrogo-por-decreto-el-presupuesto-2021-y-la-prohibicion-de-despidos\\\/#breadcrumb\",\"itemListElement\":[{\"@type\":\"ListItem\",\"position\":1,\"name\":\"Portada\",\"item\":\"https:\\\/\\\/cvinoticias.com\\\/v3\\\/\"},{\"@type\":\"ListItem\",\"position\":2,\"name\":\"El Gobierno prorrog\u00f3 por decreto el Presupuesto 2021 y la prohibici\u00f3n de despidos\"}]},{\"@type\":\"WebSite\",\"@id\":\"https:\\\/\\\/cvinoticias.com\\\/v3\\\/#website\",\"url\":\"https:\\\/\\\/cvinoticias.com\\\/v3\\\/\",\"name\":\"CVI NOTICIAS\",\"description\":\"\",\"publisher\":{\"@id\":\"https:\\\/\\\/cvinoticias.com\\\/v3\\\/#organization\"},\"alternateName\":\"CVI\",\"potentialAction\":[{\"@type\":\"SearchAction\",\"target\":{\"@type\":\"EntryPoint\",\"urlTemplate\":\"https:\\\/\\\/cvinoticias.com\\\/v3\\\/?s={search_term_string}\"},\"query-input\":{\"@type\":\"PropertyValueSpecification\",\"valueRequired\":true,\"valueName\":\"search_term_string\"}}],\"inLanguage\":\"es\"},{\"@type\":\"Organization\",\"@id\":\"https:\\\/\\\/cvinoticias.com\\\/v3\\\/#organization\",\"name\":\"CVI NOTICIAS\",\"url\":\"https:\\\/\\\/cvinoticias.com\\\/v3\\\/\",\"logo\":{\"@type\":\"ImageObject\",\"inLanguage\":\"es\",\"@id\":\"https:\\\/\\\/cvinoticias.com\\\/v3\\\/#\\\/schema\\\/logo\\\/image\\\/\",\"url\":\"https:\\\/\\\/cvinoticias.com\\\/wp-content\\\/uploads\\\/2023\\\/04\\\/cropped-cropped-cropped-cropped-cropped-3-1.png\",\"contentUrl\":\"https:\\\/\\\/cvinoticias.com\\\/wp-content\\\/uploads\\\/2023\\\/04\\\/cropped-cropped-cropped-cropped-cropped-3-1.png\",\"width\":95,\"height\":122,\"caption\":\"CVI NOTICIAS\"},\"image\":{\"@id\":\"https:\\\/\\\/cvinoticias.com\\\/v3\\\/#\\\/schema\\\/logo\\\/image\\\/\"},\"sameAs\":[\"https:\\\/\\\/www.facebook.com\\\/cvinoticias\",\"https:\\\/\\\/www.instagram.com\\\/cvinoticias\\\/\",\"https:\\\/\\\/www.youtube.com\\\/@CVINOTICIAS\"]},{\"@type\":\"Person\",\"@id\":\"https:\\\/\\\/cvinoticias.com\\\/v3\\\/#\\\/schema\\\/person\\\/2db77e3c6bc03c538495d7b2b8be9b66\",\"name\":\"f1000024\",\"image\":{\"@type\":\"ImageObject\",\"inLanguage\":\"es\",\"@id\":\"https:\\\/\\\/secure.gravatar.com\\\/avatar\\\/d4fe7459cfc51ff5129ce1a732bbef5928568b8092d412ef95611616376bbeed?s=96&d=mm&r=g\",\"url\":\"https:\\\/\\\/secure.gravatar.com\\\/avatar\\\/d4fe7459cfc51ff5129ce1a732bbef5928568b8092d412ef95611616376bbeed?s=96&d=mm&r=g\",\"contentUrl\":\"https:\\\/\\\/secure.gravatar.com\\\/avatar\\\/d4fe7459cfc51ff5129ce1a732bbef5928568b8092d412ef95611616376bbeed?s=96&d=mm&r=g\",\"caption\":\"f1000024\"},\"url\":\"https:\\\/\\\/cvinoticias.com\\\/v3\\\/author\\\/f1000024\\\/\"}]}<\/script>\n<!-- \/ Yoast SEO plugin. -->","yoast_head_json":{"title":"El Gobierno prorrog\u00f3 por decreto el Presupuesto 2021 y la prohibici\u00f3n de despidos | CVI NOTICIAS","robots":{"index":"index","follow":"follow","max-snippet":"max-snippet:-1","max-image-preview":"max-image-preview:large","max-video-preview":"max-video-preview:-1"},"canonical":"https:\/\/cvinoticias.com\/v3\/el-gobierno-prorrogo-por-decreto-el-presupuesto-2021-y-la-prohibicion-de-despidos\/","og_locale":"es_ES","og_type":"article","og_title":"El Gobierno prorrog\u00f3 por decreto el Presupuesto 2021 y la prohibici\u00f3n de despidos | CVI NOTICIAS","og_description":"La normativa fue publicada en el Bolet\u00edn Oficial y se extender\u00e1 hasta junio de 2022. En el caso de las indemnizaciones estableci\u00f3 una reducci\u00f3n gradual. El Gobierno prorrog\u00f3 por decreto en la noche del jueves el Presupuesto 2021, la doble indemnizaci\u00f3n y la prohibici\u00f3n de despidos. La normativa fue publicada en el Bolet\u00edn Oficial y [&hellip;]","og_url":"https:\/\/cvinoticias.com\/v3\/el-gobierno-prorrogo-por-decreto-el-presupuesto-2021-y-la-prohibicion-de-despidos\/","og_site_name":"CVI NOTICIAS","article_publisher":"https:\/\/www.facebook.com\/cvinoticias","article_published_time":"2021-12-25T14:08:41+00:00","og_image":[{"width":299,"height":169,"url":"https:\/\/cvinoticias.com\/wp-content\/uploads\/2021\/12\/images-6.jpeg","type":"image\/jpeg"}],"author":"f1000024","twitter_card":"summary_large_image","twitter_misc":{"Escrito por":"f1000024","Tiempo de lectura":"3 minutos"},"schema":{"@context":"https:\/\/schema.org","@graph":[{"@type":"Article","@id":"https:\/\/cvinoticias.com\/v3\/el-gobierno-prorrogo-por-decreto-el-presupuesto-2021-y-la-prohibicion-de-despidos\/#article","isPartOf":{"@id":"https:\/\/cvinoticias.com\/v3\/el-gobierno-prorrogo-por-decreto-el-presupuesto-2021-y-la-prohibicion-de-despidos\/"},"author":{"name":"f1000024","@id":"https:\/\/cvinoticias.com\/v3\/#\/schema\/person\/2db77e3c6bc03c538495d7b2b8be9b66"},"headline":"El Gobierno prorrog\u00f3 por decreto el Presupuesto 2021 y la prohibici\u00f3n de despidos","datePublished":"2021-12-25T14:08:41+00:00","mainEntityOfPage":{"@id":"https:\/\/cvinoticias.com\/v3\/el-gobierno-prorrogo-por-decreto-el-presupuesto-2021-y-la-prohibicion-de-despidos\/"},"wordCount":587,"commentCount":0,"publisher":{"@id":"https:\/\/cvinoticias.com\/v3\/#organization"},"image":{"@id":"https:\/\/cvinoticias.com\/v3\/el-gobierno-prorrogo-por-decreto-el-presupuesto-2021-y-la-prohibicion-de-despidos\/#primaryimage"},"thumbnailUrl":"https:\/\/cvinoticias.com\/wp-content\/uploads\/2021\/12\/images-6.jpeg","articleSection":["Politica"],"inLanguage":"es","potentialAction":[{"@type":"CommentAction","name":"Comment","target":["https:\/\/cvinoticias.com\/v3\/el-gobierno-prorrogo-por-decreto-el-presupuesto-2021-y-la-prohibicion-de-despidos\/#respond"]}]},{"@type":"WebPage","@id":"https:\/\/cvinoticias.com\/v3\/el-gobierno-prorrogo-por-decreto-el-presupuesto-2021-y-la-prohibicion-de-despidos\/","url":"https:\/\/cvinoticias.com\/v3\/el-gobierno-prorrogo-por-decreto-el-presupuesto-2021-y-la-prohibicion-de-despidos\/","name":"El Gobierno prorrog\u00f3 por decreto el Presupuesto 2021 y la prohibici\u00f3n de despidos | CVI NOTICIAS","isPartOf":{"@id":"https:\/\/cvinoticias.com\/v3\/#website"},"primaryImageOfPage":{"@id":"https:\/\/cvinoticias.com\/v3\/el-gobierno-prorrogo-por-decreto-el-presupuesto-2021-y-la-prohibicion-de-despidos\/#primaryimage"},"image":{"@id":"https:\/\/cvinoticias.com\/v3\/el-gobierno-prorrogo-por-decreto-el-presupuesto-2021-y-la-prohibicion-de-despidos\/#primaryimage"},"thumbnailUrl":"https:\/\/cvinoticias.com\/wp-content\/uploads\/2021\/12\/images-6.jpeg","datePublished":"2021-12-25T14:08:41+00:00","breadcrumb":{"@id":"https:\/\/cvinoticias.com\/v3\/el-gobierno-prorrogo-por-decreto-el-presupuesto-2021-y-la-prohibicion-de-despidos\/#breadcrumb"},"inLanguage":"es","potentialAction":[{"@type":"ReadAction","target":["https:\/\/cvinoticias.com\/v3\/el-gobierno-prorrogo-por-decreto-el-presupuesto-2021-y-la-prohibicion-de-despidos\/"]}]},{"@type":"ImageObject","inLanguage":"es","@id":"https:\/\/cvinoticias.com\/v3\/el-gobierno-prorrogo-por-decreto-el-presupuesto-2021-y-la-prohibicion-de-despidos\/#primaryimage","url":"https:\/\/cvinoticias.com\/wp-content\/uploads\/2021\/12\/images-6.jpeg","contentUrl":"https:\/\/cvinoticias.com\/wp-content\/uploads\/2021\/12\/images-6.jpeg","width":299,"height":169},{"@type":"BreadcrumbList","@id":"https:\/\/cvinoticias.com\/v3\/el-gobierno-prorrogo-por-decreto-el-presupuesto-2021-y-la-prohibicion-de-despidos\/#breadcrumb","itemListElement":[{"@type":"ListItem","position":1,"name":"Portada","item":"https:\/\/cvinoticias.com\/v3\/"},{"@type":"ListItem","position":2,"name":"El Gobierno prorrog\u00f3 por decreto el Presupuesto 2021 y la prohibici\u00f3n de despidos"}]},{"@type":"WebSite","@id":"https:\/\/cvinoticias.com\/v3\/#website","url":"https:\/\/cvinoticias.com\/v3\/","name":"CVI NOTICIAS","description":"","publisher":{"@id":"https:\/\/cvinoticias.com\/v3\/#organization"},"alternateName":"CVI","potentialAction":[{"@type":"SearchAction","target":{"@type":"EntryPoint","urlTemplate":"https:\/\/cvinoticias.com\/v3\/?s={search_term_string}"},"query-input":{"@type":"PropertyValueSpecification","valueRequired":true,"valueName":"search_term_string"}}],"inLanguage":"es"},{"@type":"Organization","@id":"https:\/\/cvinoticias.com\/v3\/#organization","name":"CVI NOTICIAS","url":"https:\/\/cvinoticias.com\/v3\/","logo":{"@type":"ImageObject","inLanguage":"es","@id":"https:\/\/cvinoticias.com\/v3\/#\/schema\/logo\/image\/","url":"https:\/\/cvinoticias.com\/wp-content\/uploads\/2023\/04\/cropped-cropped-cropped-cropped-cropped-3-1.png","contentUrl":"https:\/\/cvinoticias.com\/wp-content\/uploads\/2023\/04\/cropped-cropped-cropped-cropped-cropped-3-1.png","width":95,"height":122,"caption":"CVI NOTICIAS"},"image":{"@id":"https:\/\/cvinoticias.com\/v3\/#\/schema\/logo\/image\/"},"sameAs":["https:\/\/www.facebook.com\/cvinoticias","https:\/\/www.instagram.com\/cvinoticias\/","https:\/\/www.youtube.com\/@CVINOTICIAS"]},{"@type":"Person","@id":"https:\/\/cvinoticias.com\/v3\/#\/schema\/person\/2db77e3c6bc03c538495d7b2b8be9b66","name":"f1000024","image":{"@type":"ImageObject","inLanguage":"es","@id":"https:\/\/secure.gravatar.com\/avatar\/d4fe7459cfc51ff5129ce1a732bbef5928568b8092d412ef95611616376bbeed?s=96&d=mm&r=g","url":"https:\/\/secure.gravatar.com\/avatar\/d4fe7459cfc51ff5129ce1a732bbef5928568b8092d412ef95611616376bbeed?s=96&d=mm&r=g","contentUrl":"https:\/\/secure.gravatar.com\/avatar\/d4fe7459cfc51ff5129ce1a732bbef5928568b8092d412ef95611616376bbeed?s=96&d=mm&r=g","caption":"f1000024"},"url":"https:\/\/cvinoticias.com\/v3\/author\/f1000024\/"}]}},"_links":{"self":[{"href":"https:\/\/cvinoticias.com\/v3\/wp-json\/wp\/v2\/posts\/11605","targetHints":{"allow":["GET"]}}],"collection":[{"href":"https:\/\/cvinoticias.com\/v3\/wp-json\/wp\/v2\/posts"}],"about":[{"href":"https:\/\/cvinoticias.com\/v3\/wp-json\/wp\/v2\/types\/post"}],"author":[{"embeddable":true,"href":"https:\/\/cvinoticias.com\/v3\/wp-json\/wp\/v2\/users\/2"}],"replies":[{"embeddable":true,"href":"https:\/\/cvinoticias.com\/v3\/wp-json\/wp\/v2\/comments?post=11605"}],"version-history":[{"count":1,"href":"https:\/\/cvinoticias.com\/v3\/wp-json\/wp\/v2\/posts\/11605\/revisions"}],"predecessor-version":[{"id":11607,"href":"https:\/\/cvinoticias.com\/v3\/wp-json\/wp\/v2\/posts\/11605\/revisions\/11607"}],"wp:featuredmedia":[{"embeddable":true,"href":"https:\/\/cvinoticias.com\/v3\/wp-json\/wp\/v2\/media\/11606"}],"wp:attachment":[{"href":"https:\/\/cvinoticias.com\/v3\/wp-json\/wp\/v2\/media?parent=11605"}],"wp:term":[{"taxonomy":"category","embeddable":true,"href":"https:\/\/cvinoticias.com\/v3\/wp-json\/wp\/v2\/categories?post=11605"},{"taxonomy":"post_tag","embeddable":true,"href":"https:\/\/cvinoticias.com\/v3\/wp-json\/wp\/v2\/tags?post=11605"}],"curies":[{"name":"wp","href":"https:\/\/api.w.org\/{rel}","templated":true}]}}