{"id":11574,"date":"2021-12-22T14:16:23","date_gmt":"2021-12-22T14:16:23","guid":{"rendered":"https:\/\/cvinoticias.com\/v3\/?p=11574"},"modified":"2021-12-22T14:17:51","modified_gmt":"2021-12-22T14:17:51","slug":"alberto-se-comprometio-a-ayudar-con-recursos-a-las-provincias-pese-al-rechazo-del-presupuesto","status":"publish","type":"post","link":"https:\/\/cvinoticias.com\/v3\/alberto-se-comprometio-a-ayudar-con-recursos-a-las-provincias-pese-al-rechazo-del-presupuesto\/","title":{"rendered":"Alberto se comprometi\u00f3 a ayudar con recursos a las provincias pese al rechazo del Presupuesto"},"content":{"rendered":"\n<h2 class=\"wp-block-heading\">El presidente mantuvo una reuni\u00f3n con los 13 mandatarios provinciales que responden al oficialismo los que le expresaron su preocupaci\u00f3n ante la falta de recursos para afrontar el a\u00f1o pr\u00f3ximo. Ante ese escenario, Fern\u00e1ndez\u00a0se comprometi\u00f3 a\u00a0aportar fondos para mantener la\u00a0obra p\u00fablica.\u00a0\u00a0<\/h2>\n\n\n\n<p>En un clima de tensi\u00f3n entre el Gobierno nacional y la oposici\u00f3n enrolada en Juntos por el Cambio (JxC) luego de que el \u00faltimo viernes \u00a0la C\u00e1mara de Diputados rechazara el proyecto de ley del Prespuesto 2022, el presidente\u00a0Alberto Fern\u00e1ndez\u00a0mantuvo\u00a0a partir de este mediod\u00eda\u00a0una reuni\u00f3n de trabajo con\u00a0los\u00a013\u00a0Gobernadores que integran el\u00a0Frente de Todos,\u00a0ocasi\u00f3n en la que\u00a0se comprometi\u00f3 a disponer los recursos\u00a0necesarios\u00a0para no detener las obras en ejecuci\u00f3n en cada una de las provincias.<\/p>\n\n\n\n<p>En el encuentro con almuerzo inclu\u00eddo que se desarrollo en la Residencia de Olivos y se extendi\u00f3 por espacio de tres horas,\u00a0el presidente y los mandatarios provinciales analizaron la situaci\u00f3n\u00a0que dej\u00f3\u00a0como resultado\u00a0la ca\u00edda del presupuesto\u00a0en la C\u00e1mara baja\u00a0y se evalu\u00f3 el escenario pol\u00edtico y social\u00a0que enfrentar\u00e1 el oficialismo\u00a0de cara al\u00a0pr\u00f3ximo a\u00f1o.<\/p>\n\n\n\n<p>En ese contexto,\u00a0el presidente se comprometi\u00f3 a\u00a0hacer lo que est\u00e9 a su alcance para\u00a0ayudar presupuestariamente a las provincias\u00a0pese al rechazo del Presupuesto,\u00a0lo que obligar\u00e1 a los gobernadores a la identificaci\u00f3n de las\u00a0 obras en ejecuci\u00f3n, para lo cual\u00a0se acord\u00f3 una nueva reuni\u00f3n para el viernes\u00a0pr\u00f3ximo, d\u00f3nde deber\u00e1n presentar\u00a0los detalles correspondientes.<\/p>\n\n\n\n<p>Al t\u00e9rmino del encuentro,\u00a0U\u00f1ac\u00a0dijo que\u00a0que\u00a0los gobernadores le manifestaron al presidente\u00a0Fern\u00e1ndez\u00a0\u00abla preocupaci\u00f3n\u00bb de \u00abvisibilizar un a\u00f1o 2022 sin\u00a0(ley de)\u00a0Presupuesto\u00bb, con \u00abtodo lo que esto implica\u00bb.<\/p>\n\n\n\n<p>\u00abTen\u00edamos todos la expectativa de que se pod\u00eda contar\u00a0(con el Presupuesto), como lo hicimos durante los cuatro a\u00f1os de gobierno anterior\u00bb, a\u00f1adi\u00f3 el mandatario sanjuanino, qui\u00e9n dijo que sin embargo\u00a0esta \u00abes la realidad que tenemos y vamos a acomodarnos a esta situaci\u00f3n\u00bb.<\/p>\n\n\n\n<p>Asimismo, detall\u00f3 que en la\u00a0reuni\u00f3n\u00a0a la que consider\u00f3 como\u00a0\u00abmuy buena\u00bb,\u00a0se hablaron \u00abtemas\u00a0fundamentalmente\u00a0relacionados al Presupuesto\u00bb\u00a0y\u00a0agreg\u00f3 que\u00a0\u00abobviamente de alg\u00fan tema pol\u00edtico, que es inevitable hacerlo, b\u00e1sicamente eso\u00bb.<\/p>\n\n\n\n<p>En tanto que Quintela dijo que el mandatario nacional se comprometi\u00f3 \u00aba hacer lo posible\u00bb para \u00abayudar presupuestariamente a cada provincia\u201d y cuestion\u00f3 a la oposici\u00f3n al considerar como \u00abin\u00e9dito en la Argentina\u00bb, la&nbsp;quita de \u00abla herramienta principal al Gobierno que es el Presupuesto\u201d.&nbsp;<\/p>\n\n\n\n<p>Por su parte,\u00a0Capitanich\u00a0se\u00f1al\u00f3 que\u00a0\u201cel objetivo\u00bb\u00a0del encuentro\u00a0\u00abfue analizar la agenda de distribuci\u00f3n de obras, que tiene que ver con el voto negativo del Presupuesto p\u00fablico por parte de la oposici\u00f3n\u201d, lo que los obligar\u00e1 \u00aba trabajar en una\u00a0agenda de identificaci\u00f3n de obras y de acciones, como tambi\u00e9n con el tema asociado al transporte p\u00fablico de pasajeros y de energ\u00eda\u201d.<\/p>\n\n\n\n<p>Anticip\u00f3 adem\u00e1s que\u00a0\u201cel pr\u00f3ximo lunes estaremos suscribiendo la pr\u00f3rroga del consenso fiscal\u201d\u00a0porque \u201cel gran compromiso es trabajar para radicar m\u00e1s industrias, promover m\u00e1s inversi\u00f3n p\u00fablica, y seguir reactivando la actividad econ\u00f3mica que est\u00e1 muy fuerte en cada una de nuestras provincias\u201d.<\/p>\n\n\n\n<p>A su turno,\u00a0Jalil\u00a0dijo que est\u00e1n\u00a0\u00abpreocupados por la falta de presupuesto nacional, pero trabajando para seguir apoyando la obra p\u00fablica adem\u00e1s de un plan estrat\u00e9gico para el norte argentino\u201d.<\/p>\n\n\n\n<p>En la quinta presidencial, estuvieron presentes los gobernadores\u00a0Axel Kicillof\u00a0(Buenos Aires),\u00a0Ra\u00fal Jalil\u00a0(Catamarca),\u00a0Jorge Capitanich\u00a0(Chaco),\u00a0Gustavo Bordet\u00a0(Entre R\u00edos),\u00a0Gildo Insfr\u00e1n\u00a0(Formosa),\u00a0Sergio Ziliotto\u00a0(La Pampa),\u00a0Ricardo Quintela\u00a0(La Rioja),\u00a0Sergio U\u00f1ac\u00a0(San Juan),\u00a0Alicia Kirchner\u00a0(Santa Cruz),\u00a0Omar Perotti\u00a0(Santa Fe),\u00a0Gerardo Zamora\u00a0(Santiago del Estero) y\u00a0Gustavo Melella\u00a0(Tierra Del Fuego), adem\u00e1s del vicegobernador a cargo del Ejecutivo de Tucum\u00e1n,\u00a0Osvaldo Jaldo.<\/p>\n\n\n\n<p>En tanto que el mandatario estuvo acompa\u00f1ado por el jefe de Gabinete,\u00a0Juan Manzur; el ministro del Interior,\u00a0Eduardo de Pedro; y el secretario General de la Presidencia,\u00a0Julio Vitobello.<\/p>\n","protected":false},"excerpt":{"rendered":"<p>El presidente mantuvo una reuni\u00f3n con los 13 mandatarios provinciales que responden al oficialismo los que le expresaron su preocupaci\u00f3n ante la falta de recursos para afrontar el a\u00f1o pr\u00f3ximo. Ante ese escenario, Fern\u00e1ndez\u00a0se comprometi\u00f3 a\u00a0aportar fondos para mantener la\u00a0obra p\u00fablica.\u00a0\u00a0 En un clima de tensi\u00f3n entre el Gobierno nacional y la oposici\u00f3n enrolada en [&hellip;]<\/p>\n","protected":false},"author":2,"featured_media":11575,"comment_status":"open","ping_status":"open","sticky":false,"template":"","format":"standard","meta":{"footnotes":""},"categories":[42],"tags":[],"class_list":["post-11574","post","type-post","status-publish","format-standard","has-post-thumbnail","hentry","category-politica"],"yoast_head":"<!-- This site is optimized with the Yoast SEO plugin v27.4 - https:\/\/yoast.com\/product\/yoast-seo-wordpress\/ -->\n<title>Alberto se comprometi\u00f3 a ayudar con recursos a las provincias pese al rechazo del Presupuesto | CVI NOTICIAS<\/title>\n<meta name=\"robots\" content=\"index, follow, max-snippet:-1, max-image-preview:large, max-video-preview:-1\" \/>\n<link rel=\"canonical\" href=\"https:\/\/cvinoticias.com\/v3\/alberto-se-comprometio-a-ayudar-con-recursos-a-las-provincias-pese-al-rechazo-del-presupuesto\/\" \/>\n<meta property=\"og:locale\" content=\"es_ES\" \/>\n<meta property=\"og:type\" content=\"article\" \/>\n<meta property=\"og:title\" content=\"Alberto se comprometi\u00f3 a ayudar con recursos a las provincias pese al rechazo del Presupuesto | CVI NOTICIAS\" \/>\n<meta property=\"og:description\" content=\"El presidente mantuvo una reuni\u00f3n con los 13 mandatarios provinciales que responden al oficialismo los que le expresaron su preocupaci\u00f3n ante la falta de recursos para afrontar el a\u00f1o pr\u00f3ximo. Ante ese escenario, Fern\u00e1ndez\u00a0se comprometi\u00f3 a\u00a0aportar fondos para mantener la\u00a0obra p\u00fablica.\u00a0\u00a0 En un clima de tensi\u00f3n entre el Gobierno nacional y la oposici\u00f3n enrolada en [&hellip;]\" \/>\n<meta property=\"og:url\" content=\"https:\/\/cvinoticias.com\/v3\/alberto-se-comprometio-a-ayudar-con-recursos-a-las-provincias-pese-al-rechazo-del-presupuesto\/\" \/>\n<meta property=\"og:site_name\" content=\"CVI NOTICIAS\" \/>\n<meta property=\"article:publisher\" content=\"https:\/\/www.facebook.com\/cvinoticias\" \/>\n<meta property=\"article:published_time\" content=\"2021-12-22T14:16:23+00:00\" \/>\n<meta property=\"article:modified_time\" content=\"2021-12-22T14:17:51+00:00\" \/>\n<meta property=\"og:image\" content=\"https:\/\/cvinoticias.com\/wp-content\/uploads\/2021\/12\/af_con_gobernadores_2.jpg_1402874324.jpg\" \/>\n\t<meta property=\"og:image:width\" content=\"1200\" \/>\n\t<meta property=\"og:image:height\" content=\"675\" \/>\n\t<meta property=\"og:image:type\" content=\"image\/jpeg\" \/>\n<meta name=\"author\" content=\"f1000024\" \/>\n<meta name=\"twitter:card\" content=\"summary_large_image\" \/>\n<meta name=\"twitter:label1\" content=\"Escrito por\" \/>\n\t<meta name=\"twitter:data1\" content=\"f1000024\" \/>\n\t<meta name=\"twitter:label2\" content=\"Tiempo de lectura\" \/>\n\t<meta name=\"twitter:data2\" content=\"4 minutos\" \/>\n<script type=\"application\/ld+json\" class=\"yoast-schema-graph\">{\"@context\":\"https:\\\/\\\/schema.org\",\"@graph\":[{\"@type\":\"Article\",\"@id\":\"https:\\\/\\\/cvinoticias.com\\\/v3\\\/alberto-se-comprometio-a-ayudar-con-recursos-a-las-provincias-pese-al-rechazo-del-presupuesto\\\/#article\",\"isPartOf\":{\"@id\":\"https:\\\/\\\/cvinoticias.com\\\/v3\\\/alberto-se-comprometio-a-ayudar-con-recursos-a-las-provincias-pese-al-rechazo-del-presupuesto\\\/\"},\"author\":{\"name\":\"f1000024\",\"@id\":\"https:\\\/\\\/cvinoticias.com\\\/v3\\\/#\\\/schema\\\/person\\\/2db77e3c6bc03c538495d7b2b8be9b66\"},\"headline\":\"Alberto se comprometi\u00f3 a ayudar con recursos a las provincias pese al rechazo del Presupuesto\",\"datePublished\":\"2021-12-22T14:16:23+00:00\",\"dateModified\":\"2021-12-22T14:17:51+00:00\",\"mainEntityOfPage\":{\"@id\":\"https:\\\/\\\/cvinoticias.com\\\/v3\\\/alberto-se-comprometio-a-ayudar-con-recursos-a-las-provincias-pese-al-rechazo-del-presupuesto\\\/\"},\"wordCount\":721,\"commentCount\":0,\"publisher\":{\"@id\":\"https:\\\/\\\/cvinoticias.com\\\/v3\\\/#organization\"},\"image\":{\"@id\":\"https:\\\/\\\/cvinoticias.com\\\/v3\\\/alberto-se-comprometio-a-ayudar-con-recursos-a-las-provincias-pese-al-rechazo-del-presupuesto\\\/#primaryimage\"},\"thumbnailUrl\":\"https:\\\/\\\/cvinoticias.com\\\/wp-content\\\/uploads\\\/2021\\\/12\\\/af_con_gobernadores_2.jpg_1402874324.jpg\",\"articleSection\":[\"Politica\"],\"inLanguage\":\"es\",\"potentialAction\":[{\"@type\":\"CommentAction\",\"name\":\"Comment\",\"target\":[\"https:\\\/\\\/cvinoticias.com\\\/v3\\\/alberto-se-comprometio-a-ayudar-con-recursos-a-las-provincias-pese-al-rechazo-del-presupuesto\\\/#respond\"]}]},{\"@type\":\"WebPage\",\"@id\":\"https:\\\/\\\/cvinoticias.com\\\/v3\\\/alberto-se-comprometio-a-ayudar-con-recursos-a-las-provincias-pese-al-rechazo-del-presupuesto\\\/\",\"url\":\"https:\\\/\\\/cvinoticias.com\\\/v3\\\/alberto-se-comprometio-a-ayudar-con-recursos-a-las-provincias-pese-al-rechazo-del-presupuesto\\\/\",\"name\":\"Alberto se comprometi\u00f3 a ayudar con recursos a las provincias pese al rechazo del Presupuesto | CVI NOTICIAS\",\"isPartOf\":{\"@id\":\"https:\\\/\\\/cvinoticias.com\\\/v3\\\/#website\"},\"primaryImageOfPage\":{\"@id\":\"https:\\\/\\\/cvinoticias.com\\\/v3\\\/alberto-se-comprometio-a-ayudar-con-recursos-a-las-provincias-pese-al-rechazo-del-presupuesto\\\/#primaryimage\"},\"image\":{\"@id\":\"https:\\\/\\\/cvinoticias.com\\\/v3\\\/alberto-se-comprometio-a-ayudar-con-recursos-a-las-provincias-pese-al-rechazo-del-presupuesto\\\/#primaryimage\"},\"thumbnailUrl\":\"https:\\\/\\\/cvinoticias.com\\\/wp-content\\\/uploads\\\/2021\\\/12\\\/af_con_gobernadores_2.jpg_1402874324.jpg\",\"datePublished\":\"2021-12-22T14:16:23+00:00\",\"dateModified\":\"2021-12-22T14:17:51+00:00\",\"breadcrumb\":{\"@id\":\"https:\\\/\\\/cvinoticias.com\\\/v3\\\/alberto-se-comprometio-a-ayudar-con-recursos-a-las-provincias-pese-al-rechazo-del-presupuesto\\\/#breadcrumb\"},\"inLanguage\":\"es\",\"potentialAction\":[{\"@type\":\"ReadAction\",\"target\":[\"https:\\\/\\\/cvinoticias.com\\\/v3\\\/alberto-se-comprometio-a-ayudar-con-recursos-a-las-provincias-pese-al-rechazo-del-presupuesto\\\/\"]}]},{\"@type\":\"ImageObject\",\"inLanguage\":\"es\",\"@id\":\"https:\\\/\\\/cvinoticias.com\\\/v3\\\/alberto-se-comprometio-a-ayudar-con-recursos-a-las-provincias-pese-al-rechazo-del-presupuesto\\\/#primaryimage\",\"url\":\"https:\\\/\\\/cvinoticias.com\\\/wp-content\\\/uploads\\\/2021\\\/12\\\/af_con_gobernadores_2.jpg_1402874324.jpg\",\"contentUrl\":\"https:\\\/\\\/cvinoticias.com\\\/wp-content\\\/uploads\\\/2021\\\/12\\\/af_con_gobernadores_2.jpg_1402874324.jpg\",\"width\":1200,\"height\":675},{\"@type\":\"BreadcrumbList\",\"@id\":\"https:\\\/\\\/cvinoticias.com\\\/v3\\\/alberto-se-comprometio-a-ayudar-con-recursos-a-las-provincias-pese-al-rechazo-del-presupuesto\\\/#breadcrumb\",\"itemListElement\":[{\"@type\":\"ListItem\",\"position\":1,\"name\":\"Portada\",\"item\":\"https:\\\/\\\/cvinoticias.com\\\/v3\\\/\"},{\"@type\":\"ListItem\",\"position\":2,\"name\":\"Alberto se comprometi\u00f3 a ayudar con recursos a las provincias pese al rechazo del Presupuesto\"}]},{\"@type\":\"WebSite\",\"@id\":\"https:\\\/\\\/cvinoticias.com\\\/v3\\\/#website\",\"url\":\"https:\\\/\\\/cvinoticias.com\\\/v3\\\/\",\"name\":\"CVI NOTICIAS\",\"description\":\"\",\"publisher\":{\"@id\":\"https:\\\/\\\/cvinoticias.com\\\/v3\\\/#organization\"},\"alternateName\":\"CVI\",\"potentialAction\":[{\"@type\":\"SearchAction\",\"target\":{\"@type\":\"EntryPoint\",\"urlTemplate\":\"https:\\\/\\\/cvinoticias.com\\\/v3\\\/?s={search_term_string}\"},\"query-input\":{\"@type\":\"PropertyValueSpecification\",\"valueRequired\":true,\"valueName\":\"search_term_string\"}}],\"inLanguage\":\"es\"},{\"@type\":\"Organization\",\"@id\":\"https:\\\/\\\/cvinoticias.com\\\/v3\\\/#organization\",\"name\":\"CVI NOTICIAS\",\"url\":\"https:\\\/\\\/cvinoticias.com\\\/v3\\\/\",\"logo\":{\"@type\":\"ImageObject\",\"inLanguage\":\"es\",\"@id\":\"https:\\\/\\\/cvinoticias.com\\\/v3\\\/#\\\/schema\\\/logo\\\/image\\\/\",\"url\":\"https:\\\/\\\/cvinoticias.com\\\/wp-content\\\/uploads\\\/2023\\\/04\\\/cropped-cropped-cropped-cropped-cropped-3-1.png\",\"contentUrl\":\"https:\\\/\\\/cvinoticias.com\\\/wp-content\\\/uploads\\\/2023\\\/04\\\/cropped-cropped-cropped-cropped-cropped-3-1.png\",\"width\":95,\"height\":122,\"caption\":\"CVI NOTICIAS\"},\"image\":{\"@id\":\"https:\\\/\\\/cvinoticias.com\\\/v3\\\/#\\\/schema\\\/logo\\\/image\\\/\"},\"sameAs\":[\"https:\\\/\\\/www.facebook.com\\\/cvinoticias\",\"https:\\\/\\\/www.instagram.com\\\/cvinoticias\\\/\",\"https:\\\/\\\/www.youtube.com\\\/@CVINOTICIAS\"]},{\"@type\":\"Person\",\"@id\":\"https:\\\/\\\/cvinoticias.com\\\/v3\\\/#\\\/schema\\\/person\\\/2db77e3c6bc03c538495d7b2b8be9b66\",\"name\":\"f1000024\",\"image\":{\"@type\":\"ImageObject\",\"inLanguage\":\"es\",\"@id\":\"https:\\\/\\\/secure.gravatar.com\\\/avatar\\\/d4fe7459cfc51ff5129ce1a732bbef5928568b8092d412ef95611616376bbeed?s=96&d=mm&r=g\",\"url\":\"https:\\\/\\\/secure.gravatar.com\\\/avatar\\\/d4fe7459cfc51ff5129ce1a732bbef5928568b8092d412ef95611616376bbeed?s=96&d=mm&r=g\",\"contentUrl\":\"https:\\\/\\\/secure.gravatar.com\\\/avatar\\\/d4fe7459cfc51ff5129ce1a732bbef5928568b8092d412ef95611616376bbeed?s=96&d=mm&r=g\",\"caption\":\"f1000024\"},\"url\":\"https:\\\/\\\/cvinoticias.com\\\/v3\\\/author\\\/f1000024\\\/\"}]}<\/script>\n<!-- \/ Yoast SEO plugin. -->","yoast_head_json":{"title":"Alberto se comprometi\u00f3 a ayudar con recursos a las provincias pese al rechazo del Presupuesto | CVI NOTICIAS","robots":{"index":"index","follow":"follow","max-snippet":"max-snippet:-1","max-image-preview":"max-image-preview:large","max-video-preview":"max-video-preview:-1"},"canonical":"https:\/\/cvinoticias.com\/v3\/alberto-se-comprometio-a-ayudar-con-recursos-a-las-provincias-pese-al-rechazo-del-presupuesto\/","og_locale":"es_ES","og_type":"article","og_title":"Alberto se comprometi\u00f3 a ayudar con recursos a las provincias pese al rechazo del Presupuesto | CVI NOTICIAS","og_description":"El presidente mantuvo una reuni\u00f3n con los 13 mandatarios provinciales que responden al oficialismo los que le expresaron su preocupaci\u00f3n ante la falta de recursos para afrontar el a\u00f1o pr\u00f3ximo. Ante ese escenario, Fern\u00e1ndez\u00a0se comprometi\u00f3 a\u00a0aportar fondos para mantener la\u00a0obra p\u00fablica.\u00a0\u00a0 En un clima de tensi\u00f3n entre el Gobierno nacional y la oposici\u00f3n enrolada en [&hellip;]","og_url":"https:\/\/cvinoticias.com\/v3\/alberto-se-comprometio-a-ayudar-con-recursos-a-las-provincias-pese-al-rechazo-del-presupuesto\/","og_site_name":"CVI NOTICIAS","article_publisher":"https:\/\/www.facebook.com\/cvinoticias","article_published_time":"2021-12-22T14:16:23+00:00","article_modified_time":"2021-12-22T14:17:51+00:00","og_image":[{"width":1200,"height":675,"url":"https:\/\/cvinoticias.com\/wp-content\/uploads\/2021\/12\/af_con_gobernadores_2.jpg_1402874324.jpg","type":"image\/jpeg"}],"author":"f1000024","twitter_card":"summary_large_image","twitter_misc":{"Escrito por":"f1000024","Tiempo de lectura":"4 minutos"},"schema":{"@context":"https:\/\/schema.org","@graph":[{"@type":"Article","@id":"https:\/\/cvinoticias.com\/v3\/alberto-se-comprometio-a-ayudar-con-recursos-a-las-provincias-pese-al-rechazo-del-presupuesto\/#article","isPartOf":{"@id":"https:\/\/cvinoticias.com\/v3\/alberto-se-comprometio-a-ayudar-con-recursos-a-las-provincias-pese-al-rechazo-del-presupuesto\/"},"author":{"name":"f1000024","@id":"https:\/\/cvinoticias.com\/v3\/#\/schema\/person\/2db77e3c6bc03c538495d7b2b8be9b66"},"headline":"Alberto se comprometi\u00f3 a ayudar con recursos a las provincias pese al rechazo del Presupuesto","datePublished":"2021-12-22T14:16:23+00:00","dateModified":"2021-12-22T14:17:51+00:00","mainEntityOfPage":{"@id":"https:\/\/cvinoticias.com\/v3\/alberto-se-comprometio-a-ayudar-con-recursos-a-las-provincias-pese-al-rechazo-del-presupuesto\/"},"wordCount":721,"commentCount":0,"publisher":{"@id":"https:\/\/cvinoticias.com\/v3\/#organization"},"image":{"@id":"https:\/\/cvinoticias.com\/v3\/alberto-se-comprometio-a-ayudar-con-recursos-a-las-provincias-pese-al-rechazo-del-presupuesto\/#primaryimage"},"thumbnailUrl":"https:\/\/cvinoticias.com\/wp-content\/uploads\/2021\/12\/af_con_gobernadores_2.jpg_1402874324.jpg","articleSection":["Politica"],"inLanguage":"es","potentialAction":[{"@type":"CommentAction","name":"Comment","target":["https:\/\/cvinoticias.com\/v3\/alberto-se-comprometio-a-ayudar-con-recursos-a-las-provincias-pese-al-rechazo-del-presupuesto\/#respond"]}]},{"@type":"WebPage","@id":"https:\/\/cvinoticias.com\/v3\/alberto-se-comprometio-a-ayudar-con-recursos-a-las-provincias-pese-al-rechazo-del-presupuesto\/","url":"https:\/\/cvinoticias.com\/v3\/alberto-se-comprometio-a-ayudar-con-recursos-a-las-provincias-pese-al-rechazo-del-presupuesto\/","name":"Alberto se comprometi\u00f3 a ayudar con recursos a las provincias pese al rechazo del Presupuesto | CVI NOTICIAS","isPartOf":{"@id":"https:\/\/cvinoticias.com\/v3\/#website"},"primaryImageOfPage":{"@id":"https:\/\/cvinoticias.com\/v3\/alberto-se-comprometio-a-ayudar-con-recursos-a-las-provincias-pese-al-rechazo-del-presupuesto\/#primaryimage"},"image":{"@id":"https:\/\/cvinoticias.com\/v3\/alberto-se-comprometio-a-ayudar-con-recursos-a-las-provincias-pese-al-rechazo-del-presupuesto\/#primaryimage"},"thumbnailUrl":"https:\/\/cvinoticias.com\/wp-content\/uploads\/2021\/12\/af_con_gobernadores_2.jpg_1402874324.jpg","datePublished":"2021-12-22T14:16:23+00:00","dateModified":"2021-12-22T14:17:51+00:00","breadcrumb":{"@id":"https:\/\/cvinoticias.com\/v3\/alberto-se-comprometio-a-ayudar-con-recursos-a-las-provincias-pese-al-rechazo-del-presupuesto\/#breadcrumb"},"inLanguage":"es","potentialAction":[{"@type":"ReadAction","target":["https:\/\/cvinoticias.com\/v3\/alberto-se-comprometio-a-ayudar-con-recursos-a-las-provincias-pese-al-rechazo-del-presupuesto\/"]}]},{"@type":"ImageObject","inLanguage":"es","@id":"https:\/\/cvinoticias.com\/v3\/alberto-se-comprometio-a-ayudar-con-recursos-a-las-provincias-pese-al-rechazo-del-presupuesto\/#primaryimage","url":"https:\/\/cvinoticias.com\/wp-content\/uploads\/2021\/12\/af_con_gobernadores_2.jpg_1402874324.jpg","contentUrl":"https:\/\/cvinoticias.com\/wp-content\/uploads\/2021\/12\/af_con_gobernadores_2.jpg_1402874324.jpg","width":1200,"height":675},{"@type":"BreadcrumbList","@id":"https:\/\/cvinoticias.com\/v3\/alberto-se-comprometio-a-ayudar-con-recursos-a-las-provincias-pese-al-rechazo-del-presupuesto\/#breadcrumb","itemListElement":[{"@type":"ListItem","position":1,"name":"Portada","item":"https:\/\/cvinoticias.com\/v3\/"},{"@type":"ListItem","position":2,"name":"Alberto se comprometi\u00f3 a ayudar con recursos a las provincias pese al rechazo del Presupuesto"}]},{"@type":"WebSite","@id":"https:\/\/cvinoticias.com\/v3\/#website","url":"https:\/\/cvinoticias.com\/v3\/","name":"CVI NOTICIAS","description":"","publisher":{"@id":"https:\/\/cvinoticias.com\/v3\/#organization"},"alternateName":"CVI","potentialAction":[{"@type":"SearchAction","target":{"@type":"EntryPoint","urlTemplate":"https:\/\/cvinoticias.com\/v3\/?s={search_term_string}"},"query-input":{"@type":"PropertyValueSpecification","valueRequired":true,"valueName":"search_term_string"}}],"inLanguage":"es"},{"@type":"Organization","@id":"https:\/\/cvinoticias.com\/v3\/#organization","name":"CVI NOTICIAS","url":"https:\/\/cvinoticias.com\/v3\/","logo":{"@type":"ImageObject","inLanguage":"es","@id":"https:\/\/cvinoticias.com\/v3\/#\/schema\/logo\/image\/","url":"https:\/\/cvinoticias.com\/wp-content\/uploads\/2023\/04\/cropped-cropped-cropped-cropped-cropped-3-1.png","contentUrl":"https:\/\/cvinoticias.com\/wp-content\/uploads\/2023\/04\/cropped-cropped-cropped-cropped-cropped-3-1.png","width":95,"height":122,"caption":"CVI NOTICIAS"},"image":{"@id":"https:\/\/cvinoticias.com\/v3\/#\/schema\/logo\/image\/"},"sameAs":["https:\/\/www.facebook.com\/cvinoticias","https:\/\/www.instagram.com\/cvinoticias\/","https:\/\/www.youtube.com\/@CVINOTICIAS"]},{"@type":"Person","@id":"https:\/\/cvinoticias.com\/v3\/#\/schema\/person\/2db77e3c6bc03c538495d7b2b8be9b66","name":"f1000024","image":{"@type":"ImageObject","inLanguage":"es","@id":"https:\/\/secure.gravatar.com\/avatar\/d4fe7459cfc51ff5129ce1a732bbef5928568b8092d412ef95611616376bbeed?s=96&d=mm&r=g","url":"https:\/\/secure.gravatar.com\/avatar\/d4fe7459cfc51ff5129ce1a732bbef5928568b8092d412ef95611616376bbeed?s=96&d=mm&r=g","contentUrl":"https:\/\/secure.gravatar.com\/avatar\/d4fe7459cfc51ff5129ce1a732bbef5928568b8092d412ef95611616376bbeed?s=96&d=mm&r=g","caption":"f1000024"},"url":"https:\/\/cvinoticias.com\/v3\/author\/f1000024\/"}]}},"_links":{"self":[{"href":"https:\/\/cvinoticias.com\/v3\/wp-json\/wp\/v2\/posts\/11574","targetHints":{"allow":["GET"]}}],"collection":[{"href":"https:\/\/cvinoticias.com\/v3\/wp-json\/wp\/v2\/posts"}],"about":[{"href":"https:\/\/cvinoticias.com\/v3\/wp-json\/wp\/v2\/types\/post"}],"author":[{"embeddable":true,"href":"https:\/\/cvinoticias.com\/v3\/wp-json\/wp\/v2\/users\/2"}],"replies":[{"embeddable":true,"href":"https:\/\/cvinoticias.com\/v3\/wp-json\/wp\/v2\/comments?post=11574"}],"version-history":[{"count":2,"href":"https:\/\/cvinoticias.com\/v3\/wp-json\/wp\/v2\/posts\/11574\/revisions"}],"predecessor-version":[{"id":11577,"href":"https:\/\/cvinoticias.com\/v3\/wp-json\/wp\/v2\/posts\/11574\/revisions\/11577"}],"wp:featuredmedia":[{"embeddable":true,"href":"https:\/\/cvinoticias.com\/v3\/wp-json\/wp\/v2\/media\/11575"}],"wp:attachment":[{"href":"https:\/\/cvinoticias.com\/v3\/wp-json\/wp\/v2\/media?parent=11574"}],"wp:term":[{"taxonomy":"category","embeddable":true,"href":"https:\/\/cvinoticias.com\/v3\/wp-json\/wp\/v2\/categories?post=11574"},{"taxonomy":"post_tag","embeddable":true,"href":"https:\/\/cvinoticias.com\/v3\/wp-json\/wp\/v2\/tags?post=11574"}],"curies":[{"name":"wp","href":"https:\/\/api.w.org\/{rel}","templated":true}]}}