{"id":11534,"date":"2021-12-20T21:17:50","date_gmt":"2021-12-20T21:17:50","guid":{"rendered":"https:\/\/cvinoticias.com\/v3\/?p=11534"},"modified":"2021-12-20T21:17:50","modified_gmt":"2021-12-20T21:17:50","slug":"punto-por-punto-cuanto-pierde-misiones-sin-presupuesto-nacional-2022","status":"publish","type":"post","link":"https:\/\/cvinoticias.com\/v3\/punto-por-punto-cuanto-pierde-misiones-sin-presupuesto-nacional-2022\/","title":{"rendered":"Punto por punto: \u00bfCu\u00e1nto pierde Misiones sin Presupuesto Nacional 2022?"},"content":{"rendered":"\n<p><strong><em>El rechazo de tres diputados nacionales misioneros (Schiavoni, Arjol y Klipauka) en el Congreso al proyecto de Presupuesto 2022 genera una reducci\u00f3n de transferencias de recursos en impuestos coparticipables, fondos para el transporte p\u00fablico, posibilidad de establecer la Zona Aduanera Especial, Plan Plurianual de obras, R\u00e9gimen de refinanciaci\u00f3n de deudas con Cammesa, devoluci\u00f3n del IVA para el sistema de salud de la provincia.<\/em><\/strong><\/p>\n\n\n\n<p>La irresponsable actitud de los diputados misioneros Schioavoni, Arjol y Klipauka de rechazar por primera vez desde el retorno democr\u00e1tico un Presupuesto General de la Naci\u00f3n tiene graves implicancias. El \u00ednfimo r\u00e9dito pol\u00edtico buscado genera fuertes desequilibrios presupuestarios en las cuentas provinciales.<\/p>\n\n\n\n<p>\u00abComo Presidente de Diputados y ante el rechazo por parte de la oposici\u00f3n del Presupuesto General de la Naci\u00f3n, es mi obligaci\u00f3n informar a los gobernadores y gobernadoras sobre las consecuencias en el c\u00e1lculo de recursos para las provincias\u00bb, public\u00f3 Sergio Massa en su cuenta de Twitter.<\/p>\n\n\n\n<p>\u00abA partir de la reconducci\u00f3n del Presupuesto 2021, que por DNU deber\u00e1 llevar adelante el PEN, entiendo que el Presidente deber\u00e1 convocar a cada gobernador para rehacer el c\u00e1lculo de recursos sobre los convenios de inversi\u00f3n p\u00fablica que se puedan llevar adelante en cada provincia\u00bb, agreg\u00f3 el titular de la C\u00e1mara baja.<br>El Informe General compartido por Massa detalla las cuantiosas p\u00e9rdidas en materia de recursos que sufrir\u00e1n las distintas jurisdicciones argentinas. Vemos el caso de Misiones.<\/p>\n\n\n\n<p>Recursos coparticipables del impuesto sobre los Bienes Personales<br>El proyecto de Presupuesto contemplaba prorrogar lo decidido en 2019 en cuanto al aumento de la al\u00edcuota en la escala superior (m\u00e1s de 18 millones de pesos) de Bienes Personales de 1,25% a 2,25%. Por lo tanto, la tasa quedar\u00e1 ubicada en 1,25%, lo cual afecta no solo el ejercicio fiscal 2021, sino tambi\u00e9n los anticipos del a\u00f1o pr\u00f3ximo que se empiezan a liquidar a partir del mes siguiente a que se paga el saldo de la declaraci\u00f3n jurada (junio o julio).<br>El efecto de esta situaci\u00f3n es inmediato sobre la masa coparticipable: 76.312 millones de pesos no se girar\u00e1n durante 2022 a las provincias y CABA por la menor recaudaci\u00f3n. Misiones dejar\u00e1 de percibir 2.435 millones de pesos.<\/p>\n\n\n\n<p><strong>Reducci\u00f3n en la recaudaci\u00f3n del impuesto a las Ganancias<\/strong><\/p>\n\n\n\n<p>Se introdujo un art\u00edculo al proyecto que permit\u00eda diferir los efectos del ajuste por inflaci\u00f3n en tercios durante 2 a\u00f1os. El objetivo de esta modificaci\u00f3n era que las grandes empresas con capital monetario expuesto no obtengan un beneficio adicional en el impuesto por aplicar de manera plena el ajuste.<\/p>\n\n\n\n<p>De esta manera, 104.254 millones de pesos no se girar\u00e1n a las distintas jurisdicciones nacionales durante 2022 en materia de coparticipaci\u00f3n. <strong>Misiones no contar\u00e1 con 3.209 millones de pesos.<\/strong><\/p>\n\n\n\n<p><strong>Duro golpe para las provincias del interior<\/strong><\/p>\n\n\n\n<p>El Fondo de Compensaci\u00f3n al Transporte P\u00fablico de Pasajeros es una p\u00e9rdida de ingresos directos para las provincias. Se hab\u00eda consensuado una suba extra de 19.000 millones de pesos, que luego del rechazo al Presupuesto General de la Naci\u00f3n no llegar\u00e1n a las provincias del interior que tienen asimetr\u00edas en cuanto a los costos del boleto con la zona metropolitana de Buenos Aires. La Tierra sin Mal hab\u00eda logrado un incremento del 4,93% a lo originalmente estipulado, ubic\u00e1ndose el monto en 936.700.000 pesos.<\/p>\n\n\n\n<p><strong>Otros beneficios perdidos<\/strong><\/p>\n\n\n\n<p>Posibilidad de establecer Zonas Aduaneras Especiales y ampliar las Zonas Francas existentes (Misiones, Mendoza, Jujuy, Corrientes, Entre R\u00edos, Salta, las afectadas).<\/p>\n\n\n\n<p>Plan Plurianual de obras a ejecutar desde 2022 en adelante por m\u00e1s de 902.685 millones de pesos.<br>El \u201cR\u00e9gimen Especial de Regularizaci\u00f3n de Obligaciones\u201d para las deudas mantenidas con CAMMESA por parte de las distribuidoras de energ\u00eda el\u00e9ctrica provinciales, lo cual afecta indirectamente a todas las provincias porque refinanciar\u00edan nuevamente sus deudas a un plazo superior en 3 a\u00f1os al actualmente acordado. Y afecta de manera directa a Misiones, Mendoza, Chubut, Jujuy, Provincia de Buenos Aires, AMBA, La Rioja, C\u00f3rdoba y Neuqu\u00e9n.<\/p>\n\n\n\n<p>El dictamen hab\u00eda incorporado la posibilidad que aquellos que presten los servicios de asistencia sanitaria, m\u00e9dica y param\u00e9dica puedan recuperar el IVA cr\u00e9dito fiscal, o aplicarlo a otros impuestos, por los saldos a favor generados en las compras.<\/p>\n\n\n\n<hr class=\"wp-block-separator\"\/>\n\n\n\n<p>Pese a que la p\u00e9rdida de beneficios que sufrir\u00e1 la provincia debido al rechazo del proyecto de Presupuesto General de la Naci\u00f3n 2022 ha sido ampliamente relatada en los medios y la opini\u00f3n p\u00fablica locales, no debe evitarse la menci\u00f3n del da\u00f1o ocasionado a la Tierra Colorada.<\/p>\n\n\n\n<p>Los diputados misioneros enrolados en Juntos por el Cambio que votaron para que el pa\u00eds no tenga Presupuesto el a\u00f1o pr\u00f3ximo privaron a Misiones de un paquete obras (salud, energ\u00eda, viviendas y corredores viales) por casi 100.000 millones de pesos, la prioridad para una futura Zona Aduanera Especial, y el Fondo de Compensaci\u00f3n al Transporte P\u00fablico de Pasajeros, que agregaba una suba de 19.000 millones de pesos para paliar las asimetr\u00edas de los costos del servicio.<\/p>\n\n\n\n<p>Para coronar su pat\u00e9tica actuaci\u00f3n, los \u00fanicos legisladores misioneros que le dieron la espalda a su provincia publicaron un comunicado analizando la situaci\u00f3n desde su punto de vista e instando al Presidente Alberto Fern\u00e1ndez a crear por decreto la Zona Aduanera Especial. Adem\u00e1s de la incoherencia de dejar al pa\u00eds sin Presupuesto, y al mismo tiempo exigir un beneficio que estaba incorporado en el proyecto rechazado, Schiavoni, Arjol y Klipauka desconocen que, al tratarse de cuestiones vinculadas a la materia tributaria, el Presidente de la Naci\u00f3n no puede disponer por decreto la creaci\u00f3n de Zonas Aduaneras Especiales.<\/p>\n\n\n\n<p>Esta actitud tuvo un en\u00e9rgico reclamo del gobernador Oscar Herrera Ahuad al diputado Mart\u00edn Arjol de la UCR, que este vuelva a victimizarse por agravios recibidos luego de votar contra Misiones. El mandatario misionero le sali\u00f3 al cruce: \u201cDiputado Arjol, el d\u00eda 10\/12\/21 a las 13.47 entabl\u00e9 una comunicaci\u00f3n con usted por el tiempo de 2 minutos y 24 segundos, respondiendo a un mensaje suyo sobre el presupuesto. All\u00ed le expliqu\u00e9 lo solicitado por Misiones sobre la zona aduanera especial. En la comunicaci\u00f3n fui expl\u00edcito en cuanto a la solicitud de la Zona Aduanera Especial y otras obras que detall\u00e9, solicit\u00e9 se comunique con el diputado (Diego) Sartori para ampliar a\u00fan m\u00e1s el detalle. Usted me contest\u00f3: \u201cVoy a hablar con Mario Negri para acompa\u00f1ar\u201d.<\/p>\n\n\n\n<p>De todos modos, el propio Arjol desnud\u00f3 que nunca estuvo realmente dispuesto a votar el proyecto que quer\u00eda Misiones: \u201cEn la votaci\u00f3n pasada usaron los votos y despu\u00e9s vetaron el proyecto de Zona Franca (N de la R: el proyecto es de Zona Aduanera Especial y extensi\u00f3n de zonas francas, ya que son cosas diferentes) \u00bfPor qu\u00e9 este a\u00f1o ser\u00eda diferente? No debemos ni vamos a rifar los votos de los misioneros\u201d, blanque\u00f3 el diputado en sus redes sociales.<\/p>\n\n\n\n<p><\/p>\n","protected":false},"excerpt":{"rendered":"<p>El rechazo de tres diputados nacionales misioneros (Schiavoni, Arjol y Klipauka) en el Congreso al proyecto de Presupuesto 2022 genera una reducci\u00f3n de transferencias de recursos en impuestos coparticipables, fondos para el transporte p\u00fablico, posibilidad de establecer la Zona Aduanera Especial, Plan Plurianual de obras, R\u00e9gimen de refinanciaci\u00f3n de deudas con Cammesa, devoluci\u00f3n del IVA [&hellip;]<\/p>\n","protected":false},"author":2,"featured_media":11535,"comment_status":"open","ping_status":"open","sticky":false,"template":"","format":"standard","meta":{"footnotes":""},"categories":[42],"tags":[],"class_list":["post-11534","post","type-post","status-publish","format-standard","has-post-thumbnail","hentry","category-politica"],"yoast_head":"<!-- This site is optimized with the Yoast SEO plugin v27.4 - https:\/\/yoast.com\/product\/yoast-seo-wordpress\/ -->\n<title>Punto por punto: \u00bfCu\u00e1nto pierde Misiones sin Presupuesto Nacional 2022? | CVI NOTICIAS<\/title>\n<meta name=\"robots\" content=\"index, follow, max-snippet:-1, max-image-preview:large, max-video-preview:-1\" \/>\n<link rel=\"canonical\" href=\"https:\/\/cvinoticias.com\/v3\/punto-por-punto-cuanto-pierde-misiones-sin-presupuesto-nacional-2022\/\" \/>\n<meta property=\"og:locale\" content=\"es_ES\" \/>\n<meta property=\"og:type\" content=\"article\" \/>\n<meta property=\"og:title\" content=\"Punto por punto: \u00bfCu\u00e1nto pierde Misiones sin Presupuesto Nacional 2022? | CVI NOTICIAS\" \/>\n<meta property=\"og:description\" content=\"El rechazo de tres diputados nacionales misioneros (Schiavoni, Arjol y Klipauka) en el Congreso al proyecto de Presupuesto 2022 genera una reducci\u00f3n de transferencias de recursos en impuestos coparticipables, fondos para el transporte p\u00fablico, posibilidad de establecer la Zona Aduanera Especial, Plan Plurianual de obras, R\u00e9gimen de refinanciaci\u00f3n de deudas con Cammesa, devoluci\u00f3n del IVA [&hellip;]\" \/>\n<meta property=\"og:url\" content=\"https:\/\/cvinoticias.com\/v3\/punto-por-punto-cuanto-pierde-misiones-sin-presupuesto-nacional-2022\/\" \/>\n<meta property=\"og:site_name\" content=\"CVI NOTICIAS\" \/>\n<meta property=\"article:publisher\" content=\"https:\/\/www.facebook.com\/cvinoticias\" \/>\n<meta property=\"article:published_time\" content=\"2021-12-20T21:17:50+00:00\" \/>\n<meta property=\"og:image\" content=\"https:\/\/cvinoticias.com\/wp-content\/uploads\/2021\/12\/IMG-20211220-WA0192.jpg\" \/>\n\t<meta property=\"og:image:width\" content=\"958\" \/>\n\t<meta property=\"og:image:height\" content=\"1280\" \/>\n\t<meta property=\"og:image:type\" content=\"image\/jpeg\" \/>\n<meta name=\"author\" content=\"f1000024\" \/>\n<meta name=\"twitter:card\" content=\"summary_large_image\" \/>\n<meta name=\"twitter:label1\" content=\"Escrito por\" \/>\n\t<meta name=\"twitter:data1\" content=\"f1000024\" \/>\n\t<meta name=\"twitter:label2\" content=\"Tiempo de lectura\" \/>\n\t<meta name=\"twitter:data2\" content=\"6 minutos\" \/>\n<script type=\"application\/ld+json\" class=\"yoast-schema-graph\">{\"@context\":\"https:\\\/\\\/schema.org\",\"@graph\":[{\"@type\":\"Article\",\"@id\":\"https:\\\/\\\/cvinoticias.com\\\/v3\\\/punto-por-punto-cuanto-pierde-misiones-sin-presupuesto-nacional-2022\\\/#article\",\"isPartOf\":{\"@id\":\"https:\\\/\\\/cvinoticias.com\\\/v3\\\/punto-por-punto-cuanto-pierde-misiones-sin-presupuesto-nacional-2022\\\/\"},\"author\":{\"name\":\"f1000024\",\"@id\":\"https:\\\/\\\/cvinoticias.com\\\/v3\\\/#\\\/schema\\\/person\\\/2db77e3c6bc03c538495d7b2b8be9b66\"},\"headline\":\"Punto por punto: \u00bfCu\u00e1nto pierde Misiones sin Presupuesto Nacional 2022?\",\"datePublished\":\"2021-12-20T21:17:50+00:00\",\"mainEntityOfPage\":{\"@id\":\"https:\\\/\\\/cvinoticias.com\\\/v3\\\/punto-por-punto-cuanto-pierde-misiones-sin-presupuesto-nacional-2022\\\/\"},\"wordCount\":1179,\"commentCount\":1,\"publisher\":{\"@id\":\"https:\\\/\\\/cvinoticias.com\\\/v3\\\/#organization\"},\"image\":{\"@id\":\"https:\\\/\\\/cvinoticias.com\\\/v3\\\/punto-por-punto-cuanto-pierde-misiones-sin-presupuesto-nacional-2022\\\/#primaryimage\"},\"thumbnailUrl\":\"https:\\\/\\\/cvinoticias.com\\\/wp-content\\\/uploads\\\/2021\\\/12\\\/IMG-20211220-WA0192.jpg\",\"articleSection\":[\"Politica\"],\"inLanguage\":\"es\",\"potentialAction\":[{\"@type\":\"CommentAction\",\"name\":\"Comment\",\"target\":[\"https:\\\/\\\/cvinoticias.com\\\/v3\\\/punto-por-punto-cuanto-pierde-misiones-sin-presupuesto-nacional-2022\\\/#respond\"]}]},{\"@type\":\"WebPage\",\"@id\":\"https:\\\/\\\/cvinoticias.com\\\/v3\\\/punto-por-punto-cuanto-pierde-misiones-sin-presupuesto-nacional-2022\\\/\",\"url\":\"https:\\\/\\\/cvinoticias.com\\\/v3\\\/punto-por-punto-cuanto-pierde-misiones-sin-presupuesto-nacional-2022\\\/\",\"name\":\"Punto por punto: \u00bfCu\u00e1nto pierde Misiones sin Presupuesto Nacional 2022? | CVI NOTICIAS\",\"isPartOf\":{\"@id\":\"https:\\\/\\\/cvinoticias.com\\\/v3\\\/#website\"},\"primaryImageOfPage\":{\"@id\":\"https:\\\/\\\/cvinoticias.com\\\/v3\\\/punto-por-punto-cuanto-pierde-misiones-sin-presupuesto-nacional-2022\\\/#primaryimage\"},\"image\":{\"@id\":\"https:\\\/\\\/cvinoticias.com\\\/v3\\\/punto-por-punto-cuanto-pierde-misiones-sin-presupuesto-nacional-2022\\\/#primaryimage\"},\"thumbnailUrl\":\"https:\\\/\\\/cvinoticias.com\\\/wp-content\\\/uploads\\\/2021\\\/12\\\/IMG-20211220-WA0192.jpg\",\"datePublished\":\"2021-12-20T21:17:50+00:00\",\"breadcrumb\":{\"@id\":\"https:\\\/\\\/cvinoticias.com\\\/v3\\\/punto-por-punto-cuanto-pierde-misiones-sin-presupuesto-nacional-2022\\\/#breadcrumb\"},\"inLanguage\":\"es\",\"potentialAction\":[{\"@type\":\"ReadAction\",\"target\":[\"https:\\\/\\\/cvinoticias.com\\\/v3\\\/punto-por-punto-cuanto-pierde-misiones-sin-presupuesto-nacional-2022\\\/\"]}]},{\"@type\":\"ImageObject\",\"inLanguage\":\"es\",\"@id\":\"https:\\\/\\\/cvinoticias.com\\\/v3\\\/punto-por-punto-cuanto-pierde-misiones-sin-presupuesto-nacional-2022\\\/#primaryimage\",\"url\":\"https:\\\/\\\/cvinoticias.com\\\/wp-content\\\/uploads\\\/2021\\\/12\\\/IMG-20211220-WA0192.jpg\",\"contentUrl\":\"https:\\\/\\\/cvinoticias.com\\\/wp-content\\\/uploads\\\/2021\\\/12\\\/IMG-20211220-WA0192.jpg\",\"width\":958,\"height\":1280},{\"@type\":\"BreadcrumbList\",\"@id\":\"https:\\\/\\\/cvinoticias.com\\\/v3\\\/punto-por-punto-cuanto-pierde-misiones-sin-presupuesto-nacional-2022\\\/#breadcrumb\",\"itemListElement\":[{\"@type\":\"ListItem\",\"position\":1,\"name\":\"Portada\",\"item\":\"https:\\\/\\\/cvinoticias.com\\\/v3\\\/\"},{\"@type\":\"ListItem\",\"position\":2,\"name\":\"Punto por punto: \u00bfCu\u00e1nto pierde Misiones sin Presupuesto Nacional 2022?\"}]},{\"@type\":\"WebSite\",\"@id\":\"https:\\\/\\\/cvinoticias.com\\\/v3\\\/#website\",\"url\":\"https:\\\/\\\/cvinoticias.com\\\/v3\\\/\",\"name\":\"CVI NOTICIAS\",\"description\":\"\",\"publisher\":{\"@id\":\"https:\\\/\\\/cvinoticias.com\\\/v3\\\/#organization\"},\"alternateName\":\"CVI\",\"potentialAction\":[{\"@type\":\"SearchAction\",\"target\":{\"@type\":\"EntryPoint\",\"urlTemplate\":\"https:\\\/\\\/cvinoticias.com\\\/v3\\\/?s={search_term_string}\"},\"query-input\":{\"@type\":\"PropertyValueSpecification\",\"valueRequired\":true,\"valueName\":\"search_term_string\"}}],\"inLanguage\":\"es\"},{\"@type\":\"Organization\",\"@id\":\"https:\\\/\\\/cvinoticias.com\\\/v3\\\/#organization\",\"name\":\"CVI NOTICIAS\",\"url\":\"https:\\\/\\\/cvinoticias.com\\\/v3\\\/\",\"logo\":{\"@type\":\"ImageObject\",\"inLanguage\":\"es\",\"@id\":\"https:\\\/\\\/cvinoticias.com\\\/v3\\\/#\\\/schema\\\/logo\\\/image\\\/\",\"url\":\"https:\\\/\\\/cvinoticias.com\\\/wp-content\\\/uploads\\\/2023\\\/04\\\/cropped-cropped-cropped-cropped-cropped-3-1.png\",\"contentUrl\":\"https:\\\/\\\/cvinoticias.com\\\/wp-content\\\/uploads\\\/2023\\\/04\\\/cropped-cropped-cropped-cropped-cropped-3-1.png\",\"width\":95,\"height\":122,\"caption\":\"CVI NOTICIAS\"},\"image\":{\"@id\":\"https:\\\/\\\/cvinoticias.com\\\/v3\\\/#\\\/schema\\\/logo\\\/image\\\/\"},\"sameAs\":[\"https:\\\/\\\/www.facebook.com\\\/cvinoticias\",\"https:\\\/\\\/www.instagram.com\\\/cvinoticias\\\/\",\"https:\\\/\\\/www.youtube.com\\\/@CVINOTICIAS\"]},{\"@type\":\"Person\",\"@id\":\"https:\\\/\\\/cvinoticias.com\\\/v3\\\/#\\\/schema\\\/person\\\/2db77e3c6bc03c538495d7b2b8be9b66\",\"name\":\"f1000024\",\"image\":{\"@type\":\"ImageObject\",\"inLanguage\":\"es\",\"@id\":\"https:\\\/\\\/secure.gravatar.com\\\/avatar\\\/d4fe7459cfc51ff5129ce1a732bbef5928568b8092d412ef95611616376bbeed?s=96&d=mm&r=g\",\"url\":\"https:\\\/\\\/secure.gravatar.com\\\/avatar\\\/d4fe7459cfc51ff5129ce1a732bbef5928568b8092d412ef95611616376bbeed?s=96&d=mm&r=g\",\"contentUrl\":\"https:\\\/\\\/secure.gravatar.com\\\/avatar\\\/d4fe7459cfc51ff5129ce1a732bbef5928568b8092d412ef95611616376bbeed?s=96&d=mm&r=g\",\"caption\":\"f1000024\"},\"url\":\"https:\\\/\\\/cvinoticias.com\\\/v3\\\/author\\\/f1000024\\\/\"}]}<\/script>\n<!-- \/ Yoast SEO plugin. -->","yoast_head_json":{"title":"Punto por punto: \u00bfCu\u00e1nto pierde Misiones sin Presupuesto Nacional 2022? | CVI NOTICIAS","robots":{"index":"index","follow":"follow","max-snippet":"max-snippet:-1","max-image-preview":"max-image-preview:large","max-video-preview":"max-video-preview:-1"},"canonical":"https:\/\/cvinoticias.com\/v3\/punto-por-punto-cuanto-pierde-misiones-sin-presupuesto-nacional-2022\/","og_locale":"es_ES","og_type":"article","og_title":"Punto por punto: \u00bfCu\u00e1nto pierde Misiones sin Presupuesto Nacional 2022? | CVI NOTICIAS","og_description":"El rechazo de tres diputados nacionales misioneros (Schiavoni, Arjol y Klipauka) en el Congreso al proyecto de Presupuesto 2022 genera una reducci\u00f3n de transferencias de recursos en impuestos coparticipables, fondos para el transporte p\u00fablico, posibilidad de establecer la Zona Aduanera Especial, Plan Plurianual de obras, R\u00e9gimen de refinanciaci\u00f3n de deudas con Cammesa, devoluci\u00f3n del IVA [&hellip;]","og_url":"https:\/\/cvinoticias.com\/v3\/punto-por-punto-cuanto-pierde-misiones-sin-presupuesto-nacional-2022\/","og_site_name":"CVI NOTICIAS","article_publisher":"https:\/\/www.facebook.com\/cvinoticias","article_published_time":"2021-12-20T21:17:50+00:00","og_image":[{"width":958,"height":1280,"url":"https:\/\/cvinoticias.com\/wp-content\/uploads\/2021\/12\/IMG-20211220-WA0192.jpg","type":"image\/jpeg"}],"author":"f1000024","twitter_card":"summary_large_image","twitter_misc":{"Escrito por":"f1000024","Tiempo de lectura":"6 minutos"},"schema":{"@context":"https:\/\/schema.org","@graph":[{"@type":"Article","@id":"https:\/\/cvinoticias.com\/v3\/punto-por-punto-cuanto-pierde-misiones-sin-presupuesto-nacional-2022\/#article","isPartOf":{"@id":"https:\/\/cvinoticias.com\/v3\/punto-por-punto-cuanto-pierde-misiones-sin-presupuesto-nacional-2022\/"},"author":{"name":"f1000024","@id":"https:\/\/cvinoticias.com\/v3\/#\/schema\/person\/2db77e3c6bc03c538495d7b2b8be9b66"},"headline":"Punto por punto: \u00bfCu\u00e1nto pierde Misiones sin Presupuesto Nacional 2022?","datePublished":"2021-12-20T21:17:50+00:00","mainEntityOfPage":{"@id":"https:\/\/cvinoticias.com\/v3\/punto-por-punto-cuanto-pierde-misiones-sin-presupuesto-nacional-2022\/"},"wordCount":1179,"commentCount":1,"publisher":{"@id":"https:\/\/cvinoticias.com\/v3\/#organization"},"image":{"@id":"https:\/\/cvinoticias.com\/v3\/punto-por-punto-cuanto-pierde-misiones-sin-presupuesto-nacional-2022\/#primaryimage"},"thumbnailUrl":"https:\/\/cvinoticias.com\/wp-content\/uploads\/2021\/12\/IMG-20211220-WA0192.jpg","articleSection":["Politica"],"inLanguage":"es","potentialAction":[{"@type":"CommentAction","name":"Comment","target":["https:\/\/cvinoticias.com\/v3\/punto-por-punto-cuanto-pierde-misiones-sin-presupuesto-nacional-2022\/#respond"]}]},{"@type":"WebPage","@id":"https:\/\/cvinoticias.com\/v3\/punto-por-punto-cuanto-pierde-misiones-sin-presupuesto-nacional-2022\/","url":"https:\/\/cvinoticias.com\/v3\/punto-por-punto-cuanto-pierde-misiones-sin-presupuesto-nacional-2022\/","name":"Punto por punto: \u00bfCu\u00e1nto pierde Misiones sin Presupuesto Nacional 2022? | CVI NOTICIAS","isPartOf":{"@id":"https:\/\/cvinoticias.com\/v3\/#website"},"primaryImageOfPage":{"@id":"https:\/\/cvinoticias.com\/v3\/punto-por-punto-cuanto-pierde-misiones-sin-presupuesto-nacional-2022\/#primaryimage"},"image":{"@id":"https:\/\/cvinoticias.com\/v3\/punto-por-punto-cuanto-pierde-misiones-sin-presupuesto-nacional-2022\/#primaryimage"},"thumbnailUrl":"https:\/\/cvinoticias.com\/wp-content\/uploads\/2021\/12\/IMG-20211220-WA0192.jpg","datePublished":"2021-12-20T21:17:50+00:00","breadcrumb":{"@id":"https:\/\/cvinoticias.com\/v3\/punto-por-punto-cuanto-pierde-misiones-sin-presupuesto-nacional-2022\/#breadcrumb"},"inLanguage":"es","potentialAction":[{"@type":"ReadAction","target":["https:\/\/cvinoticias.com\/v3\/punto-por-punto-cuanto-pierde-misiones-sin-presupuesto-nacional-2022\/"]}]},{"@type":"ImageObject","inLanguage":"es","@id":"https:\/\/cvinoticias.com\/v3\/punto-por-punto-cuanto-pierde-misiones-sin-presupuesto-nacional-2022\/#primaryimage","url":"https:\/\/cvinoticias.com\/wp-content\/uploads\/2021\/12\/IMG-20211220-WA0192.jpg","contentUrl":"https:\/\/cvinoticias.com\/wp-content\/uploads\/2021\/12\/IMG-20211220-WA0192.jpg","width":958,"height":1280},{"@type":"BreadcrumbList","@id":"https:\/\/cvinoticias.com\/v3\/punto-por-punto-cuanto-pierde-misiones-sin-presupuesto-nacional-2022\/#breadcrumb","itemListElement":[{"@type":"ListItem","position":1,"name":"Portada","item":"https:\/\/cvinoticias.com\/v3\/"},{"@type":"ListItem","position":2,"name":"Punto por punto: \u00bfCu\u00e1nto pierde Misiones sin Presupuesto Nacional 2022?"}]},{"@type":"WebSite","@id":"https:\/\/cvinoticias.com\/v3\/#website","url":"https:\/\/cvinoticias.com\/v3\/","name":"CVI NOTICIAS","description":"","publisher":{"@id":"https:\/\/cvinoticias.com\/v3\/#organization"},"alternateName":"CVI","potentialAction":[{"@type":"SearchAction","target":{"@type":"EntryPoint","urlTemplate":"https:\/\/cvinoticias.com\/v3\/?s={search_term_string}"},"query-input":{"@type":"PropertyValueSpecification","valueRequired":true,"valueName":"search_term_string"}}],"inLanguage":"es"},{"@type":"Organization","@id":"https:\/\/cvinoticias.com\/v3\/#organization","name":"CVI NOTICIAS","url":"https:\/\/cvinoticias.com\/v3\/","logo":{"@type":"ImageObject","inLanguage":"es","@id":"https:\/\/cvinoticias.com\/v3\/#\/schema\/logo\/image\/","url":"https:\/\/cvinoticias.com\/wp-content\/uploads\/2023\/04\/cropped-cropped-cropped-cropped-cropped-3-1.png","contentUrl":"https:\/\/cvinoticias.com\/wp-content\/uploads\/2023\/04\/cropped-cropped-cropped-cropped-cropped-3-1.png","width":95,"height":122,"caption":"CVI NOTICIAS"},"image":{"@id":"https:\/\/cvinoticias.com\/v3\/#\/schema\/logo\/image\/"},"sameAs":["https:\/\/www.facebook.com\/cvinoticias","https:\/\/www.instagram.com\/cvinoticias\/","https:\/\/www.youtube.com\/@CVINOTICIAS"]},{"@type":"Person","@id":"https:\/\/cvinoticias.com\/v3\/#\/schema\/person\/2db77e3c6bc03c538495d7b2b8be9b66","name":"f1000024","image":{"@type":"ImageObject","inLanguage":"es","@id":"https:\/\/secure.gravatar.com\/avatar\/d4fe7459cfc51ff5129ce1a732bbef5928568b8092d412ef95611616376bbeed?s=96&d=mm&r=g","url":"https:\/\/secure.gravatar.com\/avatar\/d4fe7459cfc51ff5129ce1a732bbef5928568b8092d412ef95611616376bbeed?s=96&d=mm&r=g","contentUrl":"https:\/\/secure.gravatar.com\/avatar\/d4fe7459cfc51ff5129ce1a732bbef5928568b8092d412ef95611616376bbeed?s=96&d=mm&r=g","caption":"f1000024"},"url":"https:\/\/cvinoticias.com\/v3\/author\/f1000024\/"}]}},"_links":{"self":[{"href":"https:\/\/cvinoticias.com\/v3\/wp-json\/wp\/v2\/posts\/11534","targetHints":{"allow":["GET"]}}],"collection":[{"href":"https:\/\/cvinoticias.com\/v3\/wp-json\/wp\/v2\/posts"}],"about":[{"href":"https:\/\/cvinoticias.com\/v3\/wp-json\/wp\/v2\/types\/post"}],"author":[{"embeddable":true,"href":"https:\/\/cvinoticias.com\/v3\/wp-json\/wp\/v2\/users\/2"}],"replies":[{"embeddable":true,"href":"https:\/\/cvinoticias.com\/v3\/wp-json\/wp\/v2\/comments?post=11534"}],"version-history":[{"count":1,"href":"https:\/\/cvinoticias.com\/v3\/wp-json\/wp\/v2\/posts\/11534\/revisions"}],"predecessor-version":[{"id":11536,"href":"https:\/\/cvinoticias.com\/v3\/wp-json\/wp\/v2\/posts\/11534\/revisions\/11536"}],"wp:featuredmedia":[{"embeddable":true,"href":"https:\/\/cvinoticias.com\/v3\/wp-json\/wp\/v2\/media\/11535"}],"wp:attachment":[{"href":"https:\/\/cvinoticias.com\/v3\/wp-json\/wp\/v2\/media?parent=11534"}],"wp:term":[{"taxonomy":"category","embeddable":true,"href":"https:\/\/cvinoticias.com\/v3\/wp-json\/wp\/v2\/categories?post=11534"},{"taxonomy":"post_tag","embeddable":true,"href":"https:\/\/cvinoticias.com\/v3\/wp-json\/wp\/v2\/tags?post=11534"}],"curies":[{"name":"wp","href":"https:\/\/api.w.org\/{rel}","templated":true}]}}