{"id":11503,"date":"2021-12-20T12:09:32","date_gmt":"2021-12-20T12:09:32","guid":{"rendered":"https:\/\/cvinoticias.com\/v3\/?p=11503"},"modified":"2021-12-20T12:09:32","modified_gmt":"2021-12-20T12:09:32","slug":"presupuesto-nacional-tenia-previsto-llevar-adelante-una-zona-franca-en-misiones-pero-se-frena","status":"publish","type":"post","link":"https:\/\/cvinoticias.com\/v3\/presupuesto-nacional-tenia-previsto-llevar-adelante-una-zona-franca-en-misiones-pero-se-frena\/","title":{"rendered":"Presupuesto Nacional: \u00abten\u00eda previsto llevar adelante una zona franca en Misiones, pero se frena\u00bb"},"content":{"rendered":"\n<p><strong><em>As\u00ed lo manifest\u00f3 el presidente de la Naci\u00f3n, Alberto Fern\u00e1ndez, durante este fin de semana,&nbsp;tras el rechazo parlamentario al presupuesto 2022. A su vez, se\u00f1al\u00f3 las consecuencias que sufrir\u00e1 la provincia.&nbsp;<\/em><\/strong><\/p>\n\n\n\n<p>El presidente, Alberto Fern\u00e1ndez, asegur\u00f3 ayer en un reportaje otorgado al diario Perfil. La entrevista pactada de antemano por los dos a\u00f1os de su mandato, se realiz\u00f3 tras el rechazo parlamentario al presupuesto 2022. Puso entre las consecuencias el ejemplo que sufrir\u00e1 Misiones.<br><br>\u201cSoy un hombre que cuida mucho el Estado de derecho, muy atento a preservarlo. Hay situaciones en nuestras instituciones dif\u00edciles de explicar. Lo que pas\u00f3 con el presupuesto es dif\u00edcil de explicar. Pod\u00edan abstenerse, pod\u00edan cuestionar cosas. Yo les propuse volver a comisi\u00f3n para dialogar y ver qu\u00e9 quer\u00edan. Ten\u00eda la convicci\u00f3n de que se hab\u00edan tomado los reclamos de las diferentes provincias. Pero evidentemente el problema no era ese. Era otro. Se trababa de alg\u00fan tipo de posicionamiento pol\u00edtico, de posicionamiento interno. A m\u00ed me parece muy grave\u201d, comenz\u00f3 diciendo Alberto Fern\u00e1ndez.<\/p>\n\n\n\n<p>En cuanto a la dificultades que se origin\u00f3 tras no haberse aprobado el Presupuesto 2022, Fern\u00e1ndez apunt\u00f3 \u201cmuchas provincias se quedan sin obras presupuestadas para iniciarse este a\u00f1o. Me veo con dificultad para hacerlas. Debe saberlo cada argentino y argentina. Se complican las obras que ten\u00eda previstas Santa Fe. Lo mismo Misiones, que ten\u00eda previsto llevar adelante una zona franca. Eso se frena\u201d.<\/p>\n\n\n\n<p>A su vez, el presidente manifest\u00f3 que habl\u00f3 con Kristalina Georgieva para la aprobaci\u00f3n de un posible acuerdo con el Fondo Monetario Internacional. \u201c Se vio sorprendida por la no aprobaci\u00f3n del Presupuesto. Le pareci\u00f3 algo raro que pudiera ocurrir en un pa\u00eds. Pero conversamos sobre seguir cumpliendo todos los pasos. Con lo cual, el paso por Presupuesto d\u00e9moslo por salteado. Usaremos el Presupuesto del a\u00f1o anterior, adecuaremos lo necesario para que la administraci\u00f3n funcione y lo que est\u00e1 en obra empiece a hacerse. Veremos qu\u00e9 de las nuevas obras se puede concretar. Y vamos hacia el programa plurianual, que es la base del acuerdo con el Fondo\u201d, dijo en di\u00e1logo con Perfil.<\/p>\n\n\n\n<p>No obstante, remarc\u00f3 que \u201csin una interna radical, quiz\u00e1 sea m\u00e1s f\u00e1cil que se apruebe el plan plurianual. Era lo que suced\u00eda precisamente hoy, viernes. Hay una disputa por ver qui\u00e9n es m\u00e1s feroz contra el Gobierno\u201d.<\/p>\n\n\n\n<p>En otra parte de la entrevista, el Presidente se\u00f1al\u00f3 el por qu\u00e9 cree \u00e9l que perdi\u00f3 votos del 2019 a la actualidad y dijo \u201cfueron dos a\u00f1os tremendos que vivieron la sociedad argentina y el mundo. No somos conscientes, pero todos los que estamos ac\u00e1 somos sobrevivientes de un mundo atacado por un virus. Se llev\u00f3 millones de vidas y sobrevivimos. Intent\u00e9 explicarme por qu\u00e9, habiendo hecho mucho, no hab\u00eda sido suficientemente valorado por la sociedad. En alg\u00fan estudio hecho por un espa\u00f1ol llegaba a la conclusi\u00f3n de que la pandemia se viv\u00eda como una guerra. Uno no sabe cu\u00e1ndo cae la bomba en el techo de su casa; cuando escucha una sirena, se esconde en el s\u00f3tano y cuando sale a la calle tiene miedo de que una bala le cruce la cabeza. Con esos mismos temores se vivi\u00f3 la pandemia. Las balas y bombas eran el virus. Ahora la pandemia empieza a terminar. \u00bfY c\u00f3mo se vive la pospandemia? Como la posguerra. Es un momento en donde uno se siente un sobreviviente de un mundo en ruinas. El soci\u00f3logo llega a la conclusi\u00f3n de que Winston Churchill perdi\u00f3 por eso las elecciones. Gana la guerra y pierde las elecciones porque se siente que Churchill representa un mal momento.\u201d<\/p>\n\n\n\n<p>Luego, Alberto reconoci\u00f3 que las legislatistas \u201cse nacionaliz\u00f3. Lo que se eleg\u00eda eran b\u00e1sicamente diputados nacionales\u201d. No obstante remarc\u00f3 que la remontada que logr\u00f3 entre octubre y noviembre el cambio del gabinete ayud\u00f3 a mejorar el resultado.<\/p>\n\n\n\n<p>En tanto, el mandatario argentino expres\u00f3 su deseo de una reelecci\u00f3n en el 2023 \u201csi las condiciones est\u00e1n dadas, s\u00ed. Voy a hacer lo posible para que nuestra fuerza pol\u00edtica siga gobernando\u201d, clam\u00f3.<\/p>\n\n\n\n<p><\/p>\n\n\n\n<p><strong>Fuente: T\u00e9lam <\/strong><\/p>\n","protected":false},"excerpt":{"rendered":"<p>As\u00ed lo manifest\u00f3 el presidente de la Naci\u00f3n, Alberto Fern\u00e1ndez, durante este fin de semana,&nbsp;tras el rechazo parlamentario al presupuesto 2022. A su vez, se\u00f1al\u00f3 las consecuencias que sufrir\u00e1 la provincia.&nbsp; El presidente, Alberto Fern\u00e1ndez, asegur\u00f3 ayer en un reportaje otorgado al diario Perfil. La entrevista pactada de antemano por los dos a\u00f1os de su [&hellip;]<\/p>\n","protected":false},"author":2,"featured_media":11504,"comment_status":"open","ping_status":"open","sticky":false,"template":"","format":"standard","meta":{"footnotes":""},"categories":[42],"tags":[],"class_list":["post-11503","post","type-post","status-publish","format-standard","has-post-thumbnail","hentry","category-politica"],"yoast_head":"<!-- This site is optimized with the Yoast SEO plugin v27.4 - https:\/\/yoast.com\/product\/yoast-seo-wordpress\/ -->\n<title>Presupuesto Nacional: &quot;ten\u00eda previsto llevar adelante una zona franca en Misiones, pero se frena&quot; | CVI NOTICIAS<\/title>\n<meta name=\"robots\" content=\"index, follow, max-snippet:-1, max-image-preview:large, max-video-preview:-1\" \/>\n<link rel=\"canonical\" href=\"https:\/\/cvinoticias.com\/v3\/presupuesto-nacional-tenia-previsto-llevar-adelante-una-zona-franca-en-misiones-pero-se-frena\/\" \/>\n<meta property=\"og:locale\" content=\"es_ES\" \/>\n<meta property=\"og:type\" content=\"article\" \/>\n<meta property=\"og:title\" content=\"Presupuesto Nacional: &quot;ten\u00eda previsto llevar adelante una zona franca en Misiones, pero se frena&quot; | CVI NOTICIAS\" \/>\n<meta property=\"og:description\" content=\"As\u00ed lo manifest\u00f3 el presidente de la Naci\u00f3n, Alberto Fern\u00e1ndez, durante este fin de semana,&nbsp;tras el rechazo parlamentario al presupuesto 2022. A su vez, se\u00f1al\u00f3 las consecuencias que sufrir\u00e1 la provincia.&nbsp; El presidente, Alberto Fern\u00e1ndez, asegur\u00f3 ayer en un reportaje otorgado al diario Perfil. La entrevista pactada de antemano por los dos a\u00f1os de su [&hellip;]\" \/>\n<meta property=\"og:url\" content=\"https:\/\/cvinoticias.com\/v3\/presupuesto-nacional-tenia-previsto-llevar-adelante-una-zona-franca-en-misiones-pero-se-frena\/\" \/>\n<meta property=\"og:site_name\" content=\"CVI NOTICIAS\" \/>\n<meta property=\"article:publisher\" content=\"https:\/\/www.facebook.com\/cvinoticias\" \/>\n<meta property=\"article:published_time\" content=\"2021-12-20T12:09:32+00:00\" \/>\n<meta property=\"og:image\" content=\"https:\/\/cvinoticias.com\/wp-content\/uploads\/2021\/12\/Screenshot_20211220-090741_Chrome.jpg\" \/>\n\t<meta property=\"og:image:width\" content=\"911\" \/>\n\t<meta property=\"og:image:height\" content=\"515\" \/>\n\t<meta property=\"og:image:type\" content=\"image\/jpeg\" \/>\n<meta name=\"author\" content=\"f1000024\" \/>\n<meta name=\"twitter:card\" content=\"summary_large_image\" \/>\n<meta name=\"twitter:label1\" content=\"Escrito por\" \/>\n\t<meta name=\"twitter:data1\" content=\"f1000024\" \/>\n\t<meta name=\"twitter:label2\" content=\"Tiempo de lectura\" \/>\n\t<meta name=\"twitter:data2\" content=\"4 minutos\" \/>\n<script type=\"application\/ld+json\" class=\"yoast-schema-graph\">{\"@context\":\"https:\\\/\\\/schema.org\",\"@graph\":[{\"@type\":\"Article\",\"@id\":\"https:\\\/\\\/cvinoticias.com\\\/v3\\\/presupuesto-nacional-tenia-previsto-llevar-adelante-una-zona-franca-en-misiones-pero-se-frena\\\/#article\",\"isPartOf\":{\"@id\":\"https:\\\/\\\/cvinoticias.com\\\/v3\\\/presupuesto-nacional-tenia-previsto-llevar-adelante-una-zona-franca-en-misiones-pero-se-frena\\\/\"},\"author\":{\"name\":\"f1000024\",\"@id\":\"https:\\\/\\\/cvinoticias.com\\\/v3\\\/#\\\/schema\\\/person\\\/2db77e3c6bc03c538495d7b2b8be9b66\"},\"headline\":\"Presupuesto Nacional: \u00abten\u00eda previsto llevar adelante una zona franca en Misiones, pero se frena\u00bb\",\"datePublished\":\"2021-12-20T12:09:32+00:00\",\"mainEntityOfPage\":{\"@id\":\"https:\\\/\\\/cvinoticias.com\\\/v3\\\/presupuesto-nacional-tenia-previsto-llevar-adelante-una-zona-franca-en-misiones-pero-se-frena\\\/\"},\"wordCount\":725,\"commentCount\":0,\"publisher\":{\"@id\":\"https:\\\/\\\/cvinoticias.com\\\/v3\\\/#organization\"},\"image\":{\"@id\":\"https:\\\/\\\/cvinoticias.com\\\/v3\\\/presupuesto-nacional-tenia-previsto-llevar-adelante-una-zona-franca-en-misiones-pero-se-frena\\\/#primaryimage\"},\"thumbnailUrl\":\"https:\\\/\\\/cvinoticias.com\\\/wp-content\\\/uploads\\\/2021\\\/12\\\/Screenshot_20211220-090741_Chrome.jpg\",\"articleSection\":[\"Politica\"],\"inLanguage\":\"es\",\"potentialAction\":[{\"@type\":\"CommentAction\",\"name\":\"Comment\",\"target\":[\"https:\\\/\\\/cvinoticias.com\\\/v3\\\/presupuesto-nacional-tenia-previsto-llevar-adelante-una-zona-franca-en-misiones-pero-se-frena\\\/#respond\"]}]},{\"@type\":\"WebPage\",\"@id\":\"https:\\\/\\\/cvinoticias.com\\\/v3\\\/presupuesto-nacional-tenia-previsto-llevar-adelante-una-zona-franca-en-misiones-pero-se-frena\\\/\",\"url\":\"https:\\\/\\\/cvinoticias.com\\\/v3\\\/presupuesto-nacional-tenia-previsto-llevar-adelante-una-zona-franca-en-misiones-pero-se-frena\\\/\",\"name\":\"Presupuesto Nacional: \\\"ten\u00eda previsto llevar adelante una zona franca en Misiones, pero se frena\\\" | CVI NOTICIAS\",\"isPartOf\":{\"@id\":\"https:\\\/\\\/cvinoticias.com\\\/v3\\\/#website\"},\"primaryImageOfPage\":{\"@id\":\"https:\\\/\\\/cvinoticias.com\\\/v3\\\/presupuesto-nacional-tenia-previsto-llevar-adelante-una-zona-franca-en-misiones-pero-se-frena\\\/#primaryimage\"},\"image\":{\"@id\":\"https:\\\/\\\/cvinoticias.com\\\/v3\\\/presupuesto-nacional-tenia-previsto-llevar-adelante-una-zona-franca-en-misiones-pero-se-frena\\\/#primaryimage\"},\"thumbnailUrl\":\"https:\\\/\\\/cvinoticias.com\\\/wp-content\\\/uploads\\\/2021\\\/12\\\/Screenshot_20211220-090741_Chrome.jpg\",\"datePublished\":\"2021-12-20T12:09:32+00:00\",\"breadcrumb\":{\"@id\":\"https:\\\/\\\/cvinoticias.com\\\/v3\\\/presupuesto-nacional-tenia-previsto-llevar-adelante-una-zona-franca-en-misiones-pero-se-frena\\\/#breadcrumb\"},\"inLanguage\":\"es\",\"potentialAction\":[{\"@type\":\"ReadAction\",\"target\":[\"https:\\\/\\\/cvinoticias.com\\\/v3\\\/presupuesto-nacional-tenia-previsto-llevar-adelante-una-zona-franca-en-misiones-pero-se-frena\\\/\"]}]},{\"@type\":\"ImageObject\",\"inLanguage\":\"es\",\"@id\":\"https:\\\/\\\/cvinoticias.com\\\/v3\\\/presupuesto-nacional-tenia-previsto-llevar-adelante-una-zona-franca-en-misiones-pero-se-frena\\\/#primaryimage\",\"url\":\"https:\\\/\\\/cvinoticias.com\\\/wp-content\\\/uploads\\\/2021\\\/12\\\/Screenshot_20211220-090741_Chrome.jpg\",\"contentUrl\":\"https:\\\/\\\/cvinoticias.com\\\/wp-content\\\/uploads\\\/2021\\\/12\\\/Screenshot_20211220-090741_Chrome.jpg\",\"width\":911,\"height\":515},{\"@type\":\"BreadcrumbList\",\"@id\":\"https:\\\/\\\/cvinoticias.com\\\/v3\\\/presupuesto-nacional-tenia-previsto-llevar-adelante-una-zona-franca-en-misiones-pero-se-frena\\\/#breadcrumb\",\"itemListElement\":[{\"@type\":\"ListItem\",\"position\":1,\"name\":\"Portada\",\"item\":\"https:\\\/\\\/cvinoticias.com\\\/v3\\\/\"},{\"@type\":\"ListItem\",\"position\":2,\"name\":\"Presupuesto Nacional: \u00abten\u00eda previsto llevar adelante una zona franca en Misiones, pero se frena\u00bb\"}]},{\"@type\":\"WebSite\",\"@id\":\"https:\\\/\\\/cvinoticias.com\\\/v3\\\/#website\",\"url\":\"https:\\\/\\\/cvinoticias.com\\\/v3\\\/\",\"name\":\"CVI NOTICIAS\",\"description\":\"\",\"publisher\":{\"@id\":\"https:\\\/\\\/cvinoticias.com\\\/v3\\\/#organization\"},\"alternateName\":\"CVI\",\"potentialAction\":[{\"@type\":\"SearchAction\",\"target\":{\"@type\":\"EntryPoint\",\"urlTemplate\":\"https:\\\/\\\/cvinoticias.com\\\/v3\\\/?s={search_term_string}\"},\"query-input\":{\"@type\":\"PropertyValueSpecification\",\"valueRequired\":true,\"valueName\":\"search_term_string\"}}],\"inLanguage\":\"es\"},{\"@type\":\"Organization\",\"@id\":\"https:\\\/\\\/cvinoticias.com\\\/v3\\\/#organization\",\"name\":\"CVI NOTICIAS\",\"url\":\"https:\\\/\\\/cvinoticias.com\\\/v3\\\/\",\"logo\":{\"@type\":\"ImageObject\",\"inLanguage\":\"es\",\"@id\":\"https:\\\/\\\/cvinoticias.com\\\/v3\\\/#\\\/schema\\\/logo\\\/image\\\/\",\"url\":\"https:\\\/\\\/cvinoticias.com\\\/wp-content\\\/uploads\\\/2023\\\/04\\\/cropped-cropped-cropped-cropped-cropped-3-1.png\",\"contentUrl\":\"https:\\\/\\\/cvinoticias.com\\\/wp-content\\\/uploads\\\/2023\\\/04\\\/cropped-cropped-cropped-cropped-cropped-3-1.png\",\"width\":95,\"height\":122,\"caption\":\"CVI NOTICIAS\"},\"image\":{\"@id\":\"https:\\\/\\\/cvinoticias.com\\\/v3\\\/#\\\/schema\\\/logo\\\/image\\\/\"},\"sameAs\":[\"https:\\\/\\\/www.facebook.com\\\/cvinoticias\",\"https:\\\/\\\/www.instagram.com\\\/cvinoticias\\\/\",\"https:\\\/\\\/www.youtube.com\\\/@CVINOTICIAS\"]},{\"@type\":\"Person\",\"@id\":\"https:\\\/\\\/cvinoticias.com\\\/v3\\\/#\\\/schema\\\/person\\\/2db77e3c6bc03c538495d7b2b8be9b66\",\"name\":\"f1000024\",\"image\":{\"@type\":\"ImageObject\",\"inLanguage\":\"es\",\"@id\":\"https:\\\/\\\/secure.gravatar.com\\\/avatar\\\/d4fe7459cfc51ff5129ce1a732bbef5928568b8092d412ef95611616376bbeed?s=96&d=mm&r=g\",\"url\":\"https:\\\/\\\/secure.gravatar.com\\\/avatar\\\/d4fe7459cfc51ff5129ce1a732bbef5928568b8092d412ef95611616376bbeed?s=96&d=mm&r=g\",\"contentUrl\":\"https:\\\/\\\/secure.gravatar.com\\\/avatar\\\/d4fe7459cfc51ff5129ce1a732bbef5928568b8092d412ef95611616376bbeed?s=96&d=mm&r=g\",\"caption\":\"f1000024\"},\"url\":\"https:\\\/\\\/cvinoticias.com\\\/v3\\\/author\\\/f1000024\\\/\"}]}<\/script>\n<!-- \/ Yoast SEO plugin. -->","yoast_head_json":{"title":"Presupuesto Nacional: \"ten\u00eda previsto llevar adelante una zona franca en Misiones, pero se frena\" | CVI NOTICIAS","robots":{"index":"index","follow":"follow","max-snippet":"max-snippet:-1","max-image-preview":"max-image-preview:large","max-video-preview":"max-video-preview:-1"},"canonical":"https:\/\/cvinoticias.com\/v3\/presupuesto-nacional-tenia-previsto-llevar-adelante-una-zona-franca-en-misiones-pero-se-frena\/","og_locale":"es_ES","og_type":"article","og_title":"Presupuesto Nacional: \"ten\u00eda previsto llevar adelante una zona franca en Misiones, pero se frena\" | CVI NOTICIAS","og_description":"As\u00ed lo manifest\u00f3 el presidente de la Naci\u00f3n, Alberto Fern\u00e1ndez, durante este fin de semana,&nbsp;tras el rechazo parlamentario al presupuesto 2022. A su vez, se\u00f1al\u00f3 las consecuencias que sufrir\u00e1 la provincia.&nbsp; El presidente, Alberto Fern\u00e1ndez, asegur\u00f3 ayer en un reportaje otorgado al diario Perfil. La entrevista pactada de antemano por los dos a\u00f1os de su [&hellip;]","og_url":"https:\/\/cvinoticias.com\/v3\/presupuesto-nacional-tenia-previsto-llevar-adelante-una-zona-franca-en-misiones-pero-se-frena\/","og_site_name":"CVI NOTICIAS","article_publisher":"https:\/\/www.facebook.com\/cvinoticias","article_published_time":"2021-12-20T12:09:32+00:00","og_image":[{"width":911,"height":515,"url":"https:\/\/cvinoticias.com\/wp-content\/uploads\/2021\/12\/Screenshot_20211220-090741_Chrome.jpg","type":"image\/jpeg"}],"author":"f1000024","twitter_card":"summary_large_image","twitter_misc":{"Escrito por":"f1000024","Tiempo de lectura":"4 minutos"},"schema":{"@context":"https:\/\/schema.org","@graph":[{"@type":"Article","@id":"https:\/\/cvinoticias.com\/v3\/presupuesto-nacional-tenia-previsto-llevar-adelante-una-zona-franca-en-misiones-pero-se-frena\/#article","isPartOf":{"@id":"https:\/\/cvinoticias.com\/v3\/presupuesto-nacional-tenia-previsto-llevar-adelante-una-zona-franca-en-misiones-pero-se-frena\/"},"author":{"name":"f1000024","@id":"https:\/\/cvinoticias.com\/v3\/#\/schema\/person\/2db77e3c6bc03c538495d7b2b8be9b66"},"headline":"Presupuesto Nacional: \u00abten\u00eda previsto llevar adelante una zona franca en Misiones, pero se frena\u00bb","datePublished":"2021-12-20T12:09:32+00:00","mainEntityOfPage":{"@id":"https:\/\/cvinoticias.com\/v3\/presupuesto-nacional-tenia-previsto-llevar-adelante-una-zona-franca-en-misiones-pero-se-frena\/"},"wordCount":725,"commentCount":0,"publisher":{"@id":"https:\/\/cvinoticias.com\/v3\/#organization"},"image":{"@id":"https:\/\/cvinoticias.com\/v3\/presupuesto-nacional-tenia-previsto-llevar-adelante-una-zona-franca-en-misiones-pero-se-frena\/#primaryimage"},"thumbnailUrl":"https:\/\/cvinoticias.com\/wp-content\/uploads\/2021\/12\/Screenshot_20211220-090741_Chrome.jpg","articleSection":["Politica"],"inLanguage":"es","potentialAction":[{"@type":"CommentAction","name":"Comment","target":["https:\/\/cvinoticias.com\/v3\/presupuesto-nacional-tenia-previsto-llevar-adelante-una-zona-franca-en-misiones-pero-se-frena\/#respond"]}]},{"@type":"WebPage","@id":"https:\/\/cvinoticias.com\/v3\/presupuesto-nacional-tenia-previsto-llevar-adelante-una-zona-franca-en-misiones-pero-se-frena\/","url":"https:\/\/cvinoticias.com\/v3\/presupuesto-nacional-tenia-previsto-llevar-adelante-una-zona-franca-en-misiones-pero-se-frena\/","name":"Presupuesto Nacional: \"ten\u00eda previsto llevar adelante una zona franca en Misiones, pero se frena\" | CVI NOTICIAS","isPartOf":{"@id":"https:\/\/cvinoticias.com\/v3\/#website"},"primaryImageOfPage":{"@id":"https:\/\/cvinoticias.com\/v3\/presupuesto-nacional-tenia-previsto-llevar-adelante-una-zona-franca-en-misiones-pero-se-frena\/#primaryimage"},"image":{"@id":"https:\/\/cvinoticias.com\/v3\/presupuesto-nacional-tenia-previsto-llevar-adelante-una-zona-franca-en-misiones-pero-se-frena\/#primaryimage"},"thumbnailUrl":"https:\/\/cvinoticias.com\/wp-content\/uploads\/2021\/12\/Screenshot_20211220-090741_Chrome.jpg","datePublished":"2021-12-20T12:09:32+00:00","breadcrumb":{"@id":"https:\/\/cvinoticias.com\/v3\/presupuesto-nacional-tenia-previsto-llevar-adelante-una-zona-franca-en-misiones-pero-se-frena\/#breadcrumb"},"inLanguage":"es","potentialAction":[{"@type":"ReadAction","target":["https:\/\/cvinoticias.com\/v3\/presupuesto-nacional-tenia-previsto-llevar-adelante-una-zona-franca-en-misiones-pero-se-frena\/"]}]},{"@type":"ImageObject","inLanguage":"es","@id":"https:\/\/cvinoticias.com\/v3\/presupuesto-nacional-tenia-previsto-llevar-adelante-una-zona-franca-en-misiones-pero-se-frena\/#primaryimage","url":"https:\/\/cvinoticias.com\/wp-content\/uploads\/2021\/12\/Screenshot_20211220-090741_Chrome.jpg","contentUrl":"https:\/\/cvinoticias.com\/wp-content\/uploads\/2021\/12\/Screenshot_20211220-090741_Chrome.jpg","width":911,"height":515},{"@type":"BreadcrumbList","@id":"https:\/\/cvinoticias.com\/v3\/presupuesto-nacional-tenia-previsto-llevar-adelante-una-zona-franca-en-misiones-pero-se-frena\/#breadcrumb","itemListElement":[{"@type":"ListItem","position":1,"name":"Portada","item":"https:\/\/cvinoticias.com\/v3\/"},{"@type":"ListItem","position":2,"name":"Presupuesto Nacional: \u00abten\u00eda previsto llevar adelante una zona franca en Misiones, pero se frena\u00bb"}]},{"@type":"WebSite","@id":"https:\/\/cvinoticias.com\/v3\/#website","url":"https:\/\/cvinoticias.com\/v3\/","name":"CVI NOTICIAS","description":"","publisher":{"@id":"https:\/\/cvinoticias.com\/v3\/#organization"},"alternateName":"CVI","potentialAction":[{"@type":"SearchAction","target":{"@type":"EntryPoint","urlTemplate":"https:\/\/cvinoticias.com\/v3\/?s={search_term_string}"},"query-input":{"@type":"PropertyValueSpecification","valueRequired":true,"valueName":"search_term_string"}}],"inLanguage":"es"},{"@type":"Organization","@id":"https:\/\/cvinoticias.com\/v3\/#organization","name":"CVI NOTICIAS","url":"https:\/\/cvinoticias.com\/v3\/","logo":{"@type":"ImageObject","inLanguage":"es","@id":"https:\/\/cvinoticias.com\/v3\/#\/schema\/logo\/image\/","url":"https:\/\/cvinoticias.com\/wp-content\/uploads\/2023\/04\/cropped-cropped-cropped-cropped-cropped-3-1.png","contentUrl":"https:\/\/cvinoticias.com\/wp-content\/uploads\/2023\/04\/cropped-cropped-cropped-cropped-cropped-3-1.png","width":95,"height":122,"caption":"CVI NOTICIAS"},"image":{"@id":"https:\/\/cvinoticias.com\/v3\/#\/schema\/logo\/image\/"},"sameAs":["https:\/\/www.facebook.com\/cvinoticias","https:\/\/www.instagram.com\/cvinoticias\/","https:\/\/www.youtube.com\/@CVINOTICIAS"]},{"@type":"Person","@id":"https:\/\/cvinoticias.com\/v3\/#\/schema\/person\/2db77e3c6bc03c538495d7b2b8be9b66","name":"f1000024","image":{"@type":"ImageObject","inLanguage":"es","@id":"https:\/\/secure.gravatar.com\/avatar\/d4fe7459cfc51ff5129ce1a732bbef5928568b8092d412ef95611616376bbeed?s=96&d=mm&r=g","url":"https:\/\/secure.gravatar.com\/avatar\/d4fe7459cfc51ff5129ce1a732bbef5928568b8092d412ef95611616376bbeed?s=96&d=mm&r=g","contentUrl":"https:\/\/secure.gravatar.com\/avatar\/d4fe7459cfc51ff5129ce1a732bbef5928568b8092d412ef95611616376bbeed?s=96&d=mm&r=g","caption":"f1000024"},"url":"https:\/\/cvinoticias.com\/v3\/author\/f1000024\/"}]}},"_links":{"self":[{"href":"https:\/\/cvinoticias.com\/v3\/wp-json\/wp\/v2\/posts\/11503","targetHints":{"allow":["GET"]}}],"collection":[{"href":"https:\/\/cvinoticias.com\/v3\/wp-json\/wp\/v2\/posts"}],"about":[{"href":"https:\/\/cvinoticias.com\/v3\/wp-json\/wp\/v2\/types\/post"}],"author":[{"embeddable":true,"href":"https:\/\/cvinoticias.com\/v3\/wp-json\/wp\/v2\/users\/2"}],"replies":[{"embeddable":true,"href":"https:\/\/cvinoticias.com\/v3\/wp-json\/wp\/v2\/comments?post=11503"}],"version-history":[{"count":1,"href":"https:\/\/cvinoticias.com\/v3\/wp-json\/wp\/v2\/posts\/11503\/revisions"}],"predecessor-version":[{"id":11505,"href":"https:\/\/cvinoticias.com\/v3\/wp-json\/wp\/v2\/posts\/11503\/revisions\/11505"}],"wp:featuredmedia":[{"embeddable":true,"href":"https:\/\/cvinoticias.com\/v3\/wp-json\/wp\/v2\/media\/11504"}],"wp:attachment":[{"href":"https:\/\/cvinoticias.com\/v3\/wp-json\/wp\/v2\/media?parent=11503"}],"wp:term":[{"taxonomy":"category","embeddable":true,"href":"https:\/\/cvinoticias.com\/v3\/wp-json\/wp\/v2\/categories?post=11503"},{"taxonomy":"post_tag","embeddable":true,"href":"https:\/\/cvinoticias.com\/v3\/wp-json\/wp\/v2\/tags?post=11503"}],"curies":[{"name":"wp","href":"https:\/\/api.w.org\/{rel}","templated":true}]}}