{"id":11471,"date":"2021-12-18T11:54:33","date_gmt":"2021-12-18T11:54:33","guid":{"rendered":"https:\/\/cvinoticias.com\/v3\/?p=11471"},"modified":"2021-12-18T11:54:33","modified_gmt":"2021-12-18T11:54:33","slug":"habilitan-el-paso-por-la-frontera-santo-tome-sao-borja","status":"publish","type":"post","link":"https:\/\/cvinoticias.com\/v3\/habilitan-el-paso-por-la-frontera-santo-tome-sao-borja\/","title":{"rendered":"Habilitan el paso por la frontera Santo Tom\u00e9 &#8211; Sao Borja"},"content":{"rendered":"\n<p><em><strong>Corrientes suma un nuevo corredor seguro en la Argentina para que turistas puedan ingresar o salir del pa\u00eds, cumpliendo una serie de requisitos.<\/strong><\/em><\/p>\n\n\n\n<p>El Gobierno de la Argentina autoriz\u00f3 este viernes la apertura, con protocolos, del\u00a0paso fronterizo terrestre Santo Tom\u00e9-San Borga, que une la provincia de Corrientes con Brasil.\u00a0Luego de un a\u00f1o cerrad por las restricciones impuestas en el marco de la pandemia por coronavirus.<\/p>\n\n\n\n<p>\u00abAutor\u00edzase la apertura del Paso Fronterizo terrestre Santo Tom\u00e9 (Argentina) &#8211; Sao Borja (Brasil) como corredor seguro internacional en Corrientes para el ingreso a la Argentina\u00bb, indica la Decisi\u00f3n Administrativa 1223, firmada por el jefe de Gabinete argentino, Juan Manzur, y publicada hoy en el Bolet\u00edn Oficial.<\/p>\n\n\n\n<p>La decisi\u00f3n establece que la \u00abimplementaci\u00f3n del corredor seguro -como se denomina a los pasos fronterizos en los que se aplica el protocolo AntiCovid, se ajustar\u00e1 a las previsiones de la normativa nacional vigente en materia de ingreso de personas a la Argentina\u00bb.<\/p>\n\n\n\n<p>De esa forma, contin\u00faa la pol\u00edtica de abrir pasos fronterizos, especialmente lim\u00edtrofes con Uruguay, Brasil y Paraguay.<\/p>\n\n\n\n<figure class=\"wp-block-image size-full\"><a href=\"https:\/\/cvinoticias.com\/wp-content\/uploads\/2021\/12\/Screenshot_20211218-085227_Facebook.jpg\"><img decoding=\"async\" width=\"975\" height=\"550\" data-src=\"https:\/\/cvinoticias.com\/wp-content\/uploads\/2021\/12\/Screenshot_20211218-085227_Facebook.jpg\" alt=\"\" class=\"wp-image-11472 lazyload\" data-srcset=\"https:\/\/cvinoticias.com\/wp-content\/uploads\/2021\/12\/Screenshot_20211218-085227_Facebook.jpg 975w, https:\/\/cvinoticias.com\/wp-content\/uploads\/2021\/12\/Screenshot_20211218-085227_Facebook-300x169.jpg 300w, https:\/\/cvinoticias.com\/wp-content\/uploads\/2021\/12\/Screenshot_20211218-085227_Facebook-768x433.jpg 768w\" data-sizes=\"(max-width: 975px) 100vw, 975px\" src=\"data:image\/svg+xml;base64,PHN2ZyB3aWR0aD0iMSIgaGVpZ2h0PSIxIiB4bWxucz0iaHR0cDovL3d3dy53My5vcmcvMjAwMC9zdmciPjwvc3ZnPg==\" style=\"--smush-placeholder-width: 975px; --smush-placeholder-aspect-ratio: 975\/550;\" \/><\/a><\/figure>\n\n\n\n<h2 class=\"wp-block-heading\">Requisitos para ingresar a Brasil tras el nuevo anuncio<\/h2>\n\n\n\n<ul class=\"wp-block-list\"><li><strong>Por v\u00eda \u00e1rea<\/strong><\/li><\/ul>\n\n\n\n<p>&#8211; Presentaci\u00f3n a la aerol\u00ednea de un test de Covid-19 con resultado negativo realizado dentro de las 24 horas anteriores al momento del embarque o PCR de laboratorio, realizado dentro de las 72 horas previas al momento del embarque.<\/p>\n\n\n\n<p>&#8211; Prueba impresa o electr\u00f3nica de vacunaci\u00f3n cuya aplicaci\u00f3n de la \u00faltima dosis o dosis \u00fanica se haya producido al menos 14 antes de la fecha de viaje.<\/p>\n\n\n\n<p>&#8211; Los viajeros que no cuenten con comprobante de vacunaci\u00f3n, o cuya aplicaci\u00f3n de la \u00faltima dosis se haya producido al menos 14 d\u00edas antes de la fecha de salida, podr\u00e1n ingresar al territorio brasile\u00f1o, siempre que acepten realizar una cuarentena por cinco d\u00edas en la ciudad de su destino final.<\/p>\n\n\n\n<ul class=\"wp-block-list\"><li><strong>Por v\u00eda terrestre<\/strong><\/li><\/ul>\n\n\n\n<p>&#8211; Prueba, impresa o electr\u00f3nica, de vacunaci\u00f3n cuya aplicaci\u00f3n de la \u00faltima dosis o dosis \u00fanica se ha producido, al menos 14 d\u00edas antes de la fecha de ingreso al pa\u00eds.<\/p>\n\n\n\n<p>&#8211; Documento que acredite la realizaci\u00f3n de una prueba de ant\u00edgenos con resultado negativo o indetectable dentro de las 24 horas anteriores a la entrada en el pa\u00eds, o RT-PCR de laboratorio, realizadas dentro de las 72 horas previas al ingreso al pa\u00eds.<\/p>\n\n\n\n<p>&#8211; Excepcionalmente, quienes no cuenten con comprobante de vacunaci\u00f3n y por razones de restricciones de movilidad impuestas por el pa\u00eds en el que se encuentren, no puedan regresar a su pa\u00eds de residencia, podr\u00e1n ingresar cumpliendo los siguientes requisitos:<\/p>\n\n\n\n<p>&#8211; La obligaci\u00f3n de presentar comprobante de vacunaci\u00f3n o test de Covid-19 no aplica en estos casos.<\/p>\n","protected":false},"excerpt":{"rendered":"<p>Corrientes suma un nuevo corredor seguro en la Argentina para que turistas puedan ingresar o salir del pa\u00eds, cumpliendo una serie de requisitos. El Gobierno de la Argentina autoriz\u00f3 este viernes la apertura, con protocolos, del\u00a0paso fronterizo terrestre Santo Tom\u00e9-San Borga, que une la provincia de Corrientes con Brasil.\u00a0Luego de un a\u00f1o cerrad por las [&hellip;]<\/p>\n","protected":false},"author":2,"featured_media":11473,"comment_status":"open","ping_status":"open","sticky":false,"template":"","format":"standard","meta":{"footnotes":""},"categories":[427],"tags":[],"class_list":["post-11471","post","type-post","status-publish","format-standard","has-post-thumbnail","hentry","category-frontera"],"yoast_head":"<!-- This site is optimized with the Yoast SEO plugin v27.4 - https:\/\/yoast.com\/product\/yoast-seo-wordpress\/ -->\n<title>Habilitan el paso por la frontera Santo Tom\u00e9 - Sao Borja | CVI NOTICIAS<\/title>\n<meta name=\"robots\" content=\"index, follow, max-snippet:-1, max-image-preview:large, max-video-preview:-1\" \/>\n<link rel=\"canonical\" href=\"https:\/\/cvinoticias.com\/v3\/habilitan-el-paso-por-la-frontera-santo-tome-sao-borja\/\" \/>\n<meta property=\"og:locale\" content=\"es_ES\" \/>\n<meta property=\"og:type\" content=\"article\" \/>\n<meta property=\"og:title\" content=\"Habilitan el paso por la frontera Santo Tom\u00e9 - Sao Borja | CVI NOTICIAS\" \/>\n<meta property=\"og:description\" content=\"Corrientes suma un nuevo corredor seguro en la Argentina para que turistas puedan ingresar o salir del pa\u00eds, cumpliendo una serie de requisitos. El Gobierno de la Argentina autoriz\u00f3 este viernes la apertura, con protocolos, del\u00a0paso fronterizo terrestre Santo Tom\u00e9-San Borga, que une la provincia de Corrientes con Brasil.\u00a0Luego de un a\u00f1o cerrad por las [&hellip;]\" \/>\n<meta property=\"og:url\" content=\"https:\/\/cvinoticias.com\/v3\/habilitan-el-paso-por-la-frontera-santo-tome-sao-borja\/\" \/>\n<meta property=\"og:site_name\" content=\"CVI NOTICIAS\" \/>\n<meta property=\"article:publisher\" content=\"https:\/\/www.facebook.com\/cvinoticias\" \/>\n<meta property=\"article:published_time\" content=\"2021-12-18T11:54:33+00:00\" \/>\n<meta property=\"og:image\" content=\"https:\/\/cvinoticias.com\/wp-content\/uploads\/2021\/12\/Screenshot_20211218-085306_Facebook.jpg\" \/>\n\t<meta property=\"og:image:width\" content=\"974\" \/>\n\t<meta property=\"og:image:height\" content=\"589\" \/>\n\t<meta property=\"og:image:type\" content=\"image\/jpeg\" \/>\n<meta name=\"author\" content=\"f1000024\" \/>\n<meta name=\"twitter:card\" content=\"summary_large_image\" \/>\n<meta name=\"twitter:label1\" content=\"Escrito por\" \/>\n\t<meta name=\"twitter:data1\" content=\"f1000024\" \/>\n\t<meta name=\"twitter:label2\" content=\"Tiempo de lectura\" \/>\n\t<meta name=\"twitter:data2\" content=\"2 minutos\" \/>\n<script type=\"application\/ld+json\" class=\"yoast-schema-graph\">{\"@context\":\"https:\\\/\\\/schema.org\",\"@graph\":[{\"@type\":\"Article\",\"@id\":\"https:\\\/\\\/cvinoticias.com\\\/v3\\\/habilitan-el-paso-por-la-frontera-santo-tome-sao-borja\\\/#article\",\"isPartOf\":{\"@id\":\"https:\\\/\\\/cvinoticias.com\\\/v3\\\/habilitan-el-paso-por-la-frontera-santo-tome-sao-borja\\\/\"},\"author\":{\"name\":\"f1000024\",\"@id\":\"https:\\\/\\\/cvinoticias.com\\\/v3\\\/#\\\/schema\\\/person\\\/2db77e3c6bc03c538495d7b2b8be9b66\"},\"headline\":\"Habilitan el paso por la frontera Santo Tom\u00e9 &#8211; Sao Borja\",\"datePublished\":\"2021-12-18T11:54:33+00:00\",\"mainEntityOfPage\":{\"@id\":\"https:\\\/\\\/cvinoticias.com\\\/v3\\\/habilitan-el-paso-por-la-frontera-santo-tome-sao-borja\\\/\"},\"wordCount\":479,\"commentCount\":0,\"publisher\":{\"@id\":\"https:\\\/\\\/cvinoticias.com\\\/v3\\\/#organization\"},\"image\":{\"@id\":\"https:\\\/\\\/cvinoticias.com\\\/v3\\\/habilitan-el-paso-por-la-frontera-santo-tome-sao-borja\\\/#primaryimage\"},\"thumbnailUrl\":\"https:\\\/\\\/cvinoticias.com\\\/wp-content\\\/uploads\\\/2021\\\/12\\\/Screenshot_20211218-085306_Facebook.jpg\",\"articleSection\":[\"Frontera\"],\"inLanguage\":\"es\",\"potentialAction\":[{\"@type\":\"CommentAction\",\"name\":\"Comment\",\"target\":[\"https:\\\/\\\/cvinoticias.com\\\/v3\\\/habilitan-el-paso-por-la-frontera-santo-tome-sao-borja\\\/#respond\"]}]},{\"@type\":\"WebPage\",\"@id\":\"https:\\\/\\\/cvinoticias.com\\\/v3\\\/habilitan-el-paso-por-la-frontera-santo-tome-sao-borja\\\/\",\"url\":\"https:\\\/\\\/cvinoticias.com\\\/v3\\\/habilitan-el-paso-por-la-frontera-santo-tome-sao-borja\\\/\",\"name\":\"Habilitan el paso por la frontera Santo Tom\u00e9 - Sao Borja | CVI NOTICIAS\",\"isPartOf\":{\"@id\":\"https:\\\/\\\/cvinoticias.com\\\/v3\\\/#website\"},\"primaryImageOfPage\":{\"@id\":\"https:\\\/\\\/cvinoticias.com\\\/v3\\\/habilitan-el-paso-por-la-frontera-santo-tome-sao-borja\\\/#primaryimage\"},\"image\":{\"@id\":\"https:\\\/\\\/cvinoticias.com\\\/v3\\\/habilitan-el-paso-por-la-frontera-santo-tome-sao-borja\\\/#primaryimage\"},\"thumbnailUrl\":\"https:\\\/\\\/cvinoticias.com\\\/wp-content\\\/uploads\\\/2021\\\/12\\\/Screenshot_20211218-085306_Facebook.jpg\",\"datePublished\":\"2021-12-18T11:54:33+00:00\",\"breadcrumb\":{\"@id\":\"https:\\\/\\\/cvinoticias.com\\\/v3\\\/habilitan-el-paso-por-la-frontera-santo-tome-sao-borja\\\/#breadcrumb\"},\"inLanguage\":\"es\",\"potentialAction\":[{\"@type\":\"ReadAction\",\"target\":[\"https:\\\/\\\/cvinoticias.com\\\/v3\\\/habilitan-el-paso-por-la-frontera-santo-tome-sao-borja\\\/\"]}]},{\"@type\":\"ImageObject\",\"inLanguage\":\"es\",\"@id\":\"https:\\\/\\\/cvinoticias.com\\\/v3\\\/habilitan-el-paso-por-la-frontera-santo-tome-sao-borja\\\/#primaryimage\",\"url\":\"https:\\\/\\\/cvinoticias.com\\\/wp-content\\\/uploads\\\/2021\\\/12\\\/Screenshot_20211218-085306_Facebook.jpg\",\"contentUrl\":\"https:\\\/\\\/cvinoticias.com\\\/wp-content\\\/uploads\\\/2021\\\/12\\\/Screenshot_20211218-085306_Facebook.jpg\",\"width\":974,\"height\":589},{\"@type\":\"BreadcrumbList\",\"@id\":\"https:\\\/\\\/cvinoticias.com\\\/v3\\\/habilitan-el-paso-por-la-frontera-santo-tome-sao-borja\\\/#breadcrumb\",\"itemListElement\":[{\"@type\":\"ListItem\",\"position\":1,\"name\":\"Portada\",\"item\":\"https:\\\/\\\/cvinoticias.com\\\/v3\\\/\"},{\"@type\":\"ListItem\",\"position\":2,\"name\":\"Habilitan el paso por la frontera Santo Tom\u00e9 &#8211; Sao Borja\"}]},{\"@type\":\"WebSite\",\"@id\":\"https:\\\/\\\/cvinoticias.com\\\/v3\\\/#website\",\"url\":\"https:\\\/\\\/cvinoticias.com\\\/v3\\\/\",\"name\":\"CVI NOTICIAS\",\"description\":\"\",\"publisher\":{\"@id\":\"https:\\\/\\\/cvinoticias.com\\\/v3\\\/#organization\"},\"alternateName\":\"CVI\",\"potentialAction\":[{\"@type\":\"SearchAction\",\"target\":{\"@type\":\"EntryPoint\",\"urlTemplate\":\"https:\\\/\\\/cvinoticias.com\\\/v3\\\/?s={search_term_string}\"},\"query-input\":{\"@type\":\"PropertyValueSpecification\",\"valueRequired\":true,\"valueName\":\"search_term_string\"}}],\"inLanguage\":\"es\"},{\"@type\":\"Organization\",\"@id\":\"https:\\\/\\\/cvinoticias.com\\\/v3\\\/#organization\",\"name\":\"CVI NOTICIAS\",\"url\":\"https:\\\/\\\/cvinoticias.com\\\/v3\\\/\",\"logo\":{\"@type\":\"ImageObject\",\"inLanguage\":\"es\",\"@id\":\"https:\\\/\\\/cvinoticias.com\\\/v3\\\/#\\\/schema\\\/logo\\\/image\\\/\",\"url\":\"https:\\\/\\\/cvinoticias.com\\\/wp-content\\\/uploads\\\/2023\\\/04\\\/cropped-cropped-cropped-cropped-cropped-3-1.png\",\"contentUrl\":\"https:\\\/\\\/cvinoticias.com\\\/wp-content\\\/uploads\\\/2023\\\/04\\\/cropped-cropped-cropped-cropped-cropped-3-1.png\",\"width\":95,\"height\":122,\"caption\":\"CVI NOTICIAS\"},\"image\":{\"@id\":\"https:\\\/\\\/cvinoticias.com\\\/v3\\\/#\\\/schema\\\/logo\\\/image\\\/\"},\"sameAs\":[\"https:\\\/\\\/www.facebook.com\\\/cvinoticias\",\"https:\\\/\\\/www.instagram.com\\\/cvinoticias\\\/\",\"https:\\\/\\\/www.youtube.com\\\/@CVINOTICIAS\"]},{\"@type\":\"Person\",\"@id\":\"https:\\\/\\\/cvinoticias.com\\\/v3\\\/#\\\/schema\\\/person\\\/2db77e3c6bc03c538495d7b2b8be9b66\",\"name\":\"f1000024\",\"image\":{\"@type\":\"ImageObject\",\"inLanguage\":\"es\",\"@id\":\"https:\\\/\\\/secure.gravatar.com\\\/avatar\\\/d4fe7459cfc51ff5129ce1a732bbef5928568b8092d412ef95611616376bbeed?s=96&d=mm&r=g\",\"url\":\"https:\\\/\\\/secure.gravatar.com\\\/avatar\\\/d4fe7459cfc51ff5129ce1a732bbef5928568b8092d412ef95611616376bbeed?s=96&d=mm&r=g\",\"contentUrl\":\"https:\\\/\\\/secure.gravatar.com\\\/avatar\\\/d4fe7459cfc51ff5129ce1a732bbef5928568b8092d412ef95611616376bbeed?s=96&d=mm&r=g\",\"caption\":\"f1000024\"},\"url\":\"https:\\\/\\\/cvinoticias.com\\\/v3\\\/author\\\/f1000024\\\/\"}]}<\/script>\n<!-- \/ Yoast SEO plugin. -->","yoast_head_json":{"title":"Habilitan el paso por la frontera Santo Tom\u00e9 - Sao Borja | CVI NOTICIAS","robots":{"index":"index","follow":"follow","max-snippet":"max-snippet:-1","max-image-preview":"max-image-preview:large","max-video-preview":"max-video-preview:-1"},"canonical":"https:\/\/cvinoticias.com\/v3\/habilitan-el-paso-por-la-frontera-santo-tome-sao-borja\/","og_locale":"es_ES","og_type":"article","og_title":"Habilitan el paso por la frontera Santo Tom\u00e9 - Sao Borja | CVI NOTICIAS","og_description":"Corrientes suma un nuevo corredor seguro en la Argentina para que turistas puedan ingresar o salir del pa\u00eds, cumpliendo una serie de requisitos. El Gobierno de la Argentina autoriz\u00f3 este viernes la apertura, con protocolos, del\u00a0paso fronterizo terrestre Santo Tom\u00e9-San Borga, que une la provincia de Corrientes con Brasil.\u00a0Luego de un a\u00f1o cerrad por las [&hellip;]","og_url":"https:\/\/cvinoticias.com\/v3\/habilitan-el-paso-por-la-frontera-santo-tome-sao-borja\/","og_site_name":"CVI NOTICIAS","article_publisher":"https:\/\/www.facebook.com\/cvinoticias","article_published_time":"2021-12-18T11:54:33+00:00","og_image":[{"width":974,"height":589,"url":"https:\/\/cvinoticias.com\/wp-content\/uploads\/2021\/12\/Screenshot_20211218-085306_Facebook.jpg","type":"image\/jpeg"}],"author":"f1000024","twitter_card":"summary_large_image","twitter_misc":{"Escrito por":"f1000024","Tiempo de lectura":"2 minutos"},"schema":{"@context":"https:\/\/schema.org","@graph":[{"@type":"Article","@id":"https:\/\/cvinoticias.com\/v3\/habilitan-el-paso-por-la-frontera-santo-tome-sao-borja\/#article","isPartOf":{"@id":"https:\/\/cvinoticias.com\/v3\/habilitan-el-paso-por-la-frontera-santo-tome-sao-borja\/"},"author":{"name":"f1000024","@id":"https:\/\/cvinoticias.com\/v3\/#\/schema\/person\/2db77e3c6bc03c538495d7b2b8be9b66"},"headline":"Habilitan el paso por la frontera Santo Tom\u00e9 &#8211; Sao Borja","datePublished":"2021-12-18T11:54:33+00:00","mainEntityOfPage":{"@id":"https:\/\/cvinoticias.com\/v3\/habilitan-el-paso-por-la-frontera-santo-tome-sao-borja\/"},"wordCount":479,"commentCount":0,"publisher":{"@id":"https:\/\/cvinoticias.com\/v3\/#organization"},"image":{"@id":"https:\/\/cvinoticias.com\/v3\/habilitan-el-paso-por-la-frontera-santo-tome-sao-borja\/#primaryimage"},"thumbnailUrl":"https:\/\/cvinoticias.com\/wp-content\/uploads\/2021\/12\/Screenshot_20211218-085306_Facebook.jpg","articleSection":["Frontera"],"inLanguage":"es","potentialAction":[{"@type":"CommentAction","name":"Comment","target":["https:\/\/cvinoticias.com\/v3\/habilitan-el-paso-por-la-frontera-santo-tome-sao-borja\/#respond"]}]},{"@type":"WebPage","@id":"https:\/\/cvinoticias.com\/v3\/habilitan-el-paso-por-la-frontera-santo-tome-sao-borja\/","url":"https:\/\/cvinoticias.com\/v3\/habilitan-el-paso-por-la-frontera-santo-tome-sao-borja\/","name":"Habilitan el paso por la frontera Santo Tom\u00e9 - Sao Borja | CVI NOTICIAS","isPartOf":{"@id":"https:\/\/cvinoticias.com\/v3\/#website"},"primaryImageOfPage":{"@id":"https:\/\/cvinoticias.com\/v3\/habilitan-el-paso-por-la-frontera-santo-tome-sao-borja\/#primaryimage"},"image":{"@id":"https:\/\/cvinoticias.com\/v3\/habilitan-el-paso-por-la-frontera-santo-tome-sao-borja\/#primaryimage"},"thumbnailUrl":"https:\/\/cvinoticias.com\/wp-content\/uploads\/2021\/12\/Screenshot_20211218-085306_Facebook.jpg","datePublished":"2021-12-18T11:54:33+00:00","breadcrumb":{"@id":"https:\/\/cvinoticias.com\/v3\/habilitan-el-paso-por-la-frontera-santo-tome-sao-borja\/#breadcrumb"},"inLanguage":"es","potentialAction":[{"@type":"ReadAction","target":["https:\/\/cvinoticias.com\/v3\/habilitan-el-paso-por-la-frontera-santo-tome-sao-borja\/"]}]},{"@type":"ImageObject","inLanguage":"es","@id":"https:\/\/cvinoticias.com\/v3\/habilitan-el-paso-por-la-frontera-santo-tome-sao-borja\/#primaryimage","url":"https:\/\/cvinoticias.com\/wp-content\/uploads\/2021\/12\/Screenshot_20211218-085306_Facebook.jpg","contentUrl":"https:\/\/cvinoticias.com\/wp-content\/uploads\/2021\/12\/Screenshot_20211218-085306_Facebook.jpg","width":974,"height":589},{"@type":"BreadcrumbList","@id":"https:\/\/cvinoticias.com\/v3\/habilitan-el-paso-por-la-frontera-santo-tome-sao-borja\/#breadcrumb","itemListElement":[{"@type":"ListItem","position":1,"name":"Portada","item":"https:\/\/cvinoticias.com\/v3\/"},{"@type":"ListItem","position":2,"name":"Habilitan el paso por la frontera Santo Tom\u00e9 &#8211; Sao Borja"}]},{"@type":"WebSite","@id":"https:\/\/cvinoticias.com\/v3\/#website","url":"https:\/\/cvinoticias.com\/v3\/","name":"CVI NOTICIAS","description":"","publisher":{"@id":"https:\/\/cvinoticias.com\/v3\/#organization"},"alternateName":"CVI","potentialAction":[{"@type":"SearchAction","target":{"@type":"EntryPoint","urlTemplate":"https:\/\/cvinoticias.com\/v3\/?s={search_term_string}"},"query-input":{"@type":"PropertyValueSpecification","valueRequired":true,"valueName":"search_term_string"}}],"inLanguage":"es"},{"@type":"Organization","@id":"https:\/\/cvinoticias.com\/v3\/#organization","name":"CVI NOTICIAS","url":"https:\/\/cvinoticias.com\/v3\/","logo":{"@type":"ImageObject","inLanguage":"es","@id":"https:\/\/cvinoticias.com\/v3\/#\/schema\/logo\/image\/","url":"https:\/\/cvinoticias.com\/wp-content\/uploads\/2023\/04\/cropped-cropped-cropped-cropped-cropped-3-1.png","contentUrl":"https:\/\/cvinoticias.com\/wp-content\/uploads\/2023\/04\/cropped-cropped-cropped-cropped-cropped-3-1.png","width":95,"height":122,"caption":"CVI NOTICIAS"},"image":{"@id":"https:\/\/cvinoticias.com\/v3\/#\/schema\/logo\/image\/"},"sameAs":["https:\/\/www.facebook.com\/cvinoticias","https:\/\/www.instagram.com\/cvinoticias\/","https:\/\/www.youtube.com\/@CVINOTICIAS"]},{"@type":"Person","@id":"https:\/\/cvinoticias.com\/v3\/#\/schema\/person\/2db77e3c6bc03c538495d7b2b8be9b66","name":"f1000024","image":{"@type":"ImageObject","inLanguage":"es","@id":"https:\/\/secure.gravatar.com\/avatar\/d4fe7459cfc51ff5129ce1a732bbef5928568b8092d412ef95611616376bbeed?s=96&d=mm&r=g","url":"https:\/\/secure.gravatar.com\/avatar\/d4fe7459cfc51ff5129ce1a732bbef5928568b8092d412ef95611616376bbeed?s=96&d=mm&r=g","contentUrl":"https:\/\/secure.gravatar.com\/avatar\/d4fe7459cfc51ff5129ce1a732bbef5928568b8092d412ef95611616376bbeed?s=96&d=mm&r=g","caption":"f1000024"},"url":"https:\/\/cvinoticias.com\/v3\/author\/f1000024\/"}]}},"_links":{"self":[{"href":"https:\/\/cvinoticias.com\/v3\/wp-json\/wp\/v2\/posts\/11471","targetHints":{"allow":["GET"]}}],"collection":[{"href":"https:\/\/cvinoticias.com\/v3\/wp-json\/wp\/v2\/posts"}],"about":[{"href":"https:\/\/cvinoticias.com\/v3\/wp-json\/wp\/v2\/types\/post"}],"author":[{"embeddable":true,"href":"https:\/\/cvinoticias.com\/v3\/wp-json\/wp\/v2\/users\/2"}],"replies":[{"embeddable":true,"href":"https:\/\/cvinoticias.com\/v3\/wp-json\/wp\/v2\/comments?post=11471"}],"version-history":[{"count":1,"href":"https:\/\/cvinoticias.com\/v3\/wp-json\/wp\/v2\/posts\/11471\/revisions"}],"predecessor-version":[{"id":11474,"href":"https:\/\/cvinoticias.com\/v3\/wp-json\/wp\/v2\/posts\/11471\/revisions\/11474"}],"wp:featuredmedia":[{"embeddable":true,"href":"https:\/\/cvinoticias.com\/v3\/wp-json\/wp\/v2\/media\/11473"}],"wp:attachment":[{"href":"https:\/\/cvinoticias.com\/v3\/wp-json\/wp\/v2\/media?parent=11471"}],"wp:term":[{"taxonomy":"category","embeddable":true,"href":"https:\/\/cvinoticias.com\/v3\/wp-json\/wp\/v2\/categories?post=11471"},{"taxonomy":"post_tag","embeddable":true,"href":"https:\/\/cvinoticias.com\/v3\/wp-json\/wp\/v2\/tags?post=11471"}],"curies":[{"name":"wp","href":"https:\/\/api.w.org\/{rel}","templated":true}]}}