{"id":11418,"date":"2021-12-16T11:49:09","date_gmt":"2021-12-16T11:49:09","guid":{"rendered":"https:\/\/cvinoticias.com\/v3\/?p=11418"},"modified":"2021-12-16T11:50:10","modified_gmt":"2021-12-16T11:50:10","slug":"misiones-logra-que-sus-reclamos-sean-incorporados-al-presupuesto-2022","status":"publish","type":"post","link":"https:\/\/cvinoticias.com\/v3\/misiones-logra-que-sus-reclamos-sean-incorporados-al-presupuesto-2022\/","title":{"rendered":"Misiones logra que sus reclamos sean incorporados al presupuesto 2022"},"content":{"rendered":"\n<p><em><strong>El proyecto de presupuesto para el a\u00f1o 2022 tuvo dictamen en la Comisi\u00f3n de Hacienda del Congreso de la Naci\u00f3n. Ser\u00e1 tratado este jueves en el recinto y la semana pr\u00f3xima en el Senado.<\/strong><\/em><\/p>\n\n\n\n<p>El diputado del Frente Renovador, Diego Sartori, fue el \u00fanico misionero que particip\u00f3 en el debate de la Comisi\u00f3n, plante\u00f3 los reclamos de Misiones y logr\u00f3 que se incorporen los art\u00edculos que representan importantes beneficios para la Provincia. El bloque del Frente de Todos no hab\u00eda incluido esos planteos en el proyecto enviado por el presidente.<\/p>\n\n\n\n<p>El rol de Sartori fue muy importante, teniendo en cuenta que el Gobierno Nacional necesitaba su voto para alcanzar la mayor\u00eda que le permita aprobar el Dictamen. Conociendo esa situaci\u00f3n, Sartori defendi\u00f3 las consignas impulsadas por el misionerismo y no se dobleg\u00f3 a las presiones. Sin su voto el Gobierno no pod\u00eda sacar el dictamen.<\/p>\n\n\n\n<p>Gracias a eso, el proyecto ahora incorpor\u00f3 los art\u00edculos que establecen un paquete de obras de casi 100 mil millones de pesos para Misiones y los alcances generales de la Zona Aduanera Especial, con el compromiso del Frente de Todos de que luego, en la reglamentaci\u00f3n, Misiones tendr\u00e1 prioridad para concretar este anhelado sue\u00f1o.<\/p>\n\n\n\n<p>La Zona Aduanera implica una disminuci\u00f3n o eliminaci\u00f3n de impuestos nacionales, lo cual atraer\u00e1 a nuevas empresas que generen crecimiento econ\u00f3mico, exportaciones, derrame y generaci\u00f3n de empleo para los misioneros.<\/p>\n\n\n\n<p>Todo el bloque de Juntos por el Cambio recibi\u00f3 la orden del frente de votar en contra del proyecto y por esa raz\u00f3n el misionero Mart\u00edn Arjol no acompa\u00f1ar\u00e1 la ley con su voto, en la sesi\u00f3n de hoy.<\/p>\n\n\n\n<p>Los partidos nacionales se mueven con el mandato partidario que muchas veces no incluye la agenda de necesidades del interior. Por eso la Renovaci\u00f3n no integra ninguno de los partidos nacionales y solo se enfoca en obedecer el mandato del pueblo misionero.<\/p>\n\n\n\n<p>El ministro de Hacienda de Misiones, Adolfo Safr\u00e1n, sostuvo que \u201cgracias al muy activo de nuestro diputado nacional, Diego Sartori, llevando la voz de los misioneros en un escenario complejo, dividido, en una discusi\u00f3n del presupuesto nacional. Finalmente, hoy esta lograda la inclusi\u00f3n de puntos importantes que ped\u00eda Misiones, entre ellos un paquete de obras por 96.500 millones de pesos y la inclusi\u00f3n de la zona aduanera especial\u201d.<\/p>\n\n\n\n<p>\u201cSe rescata la propuesta exclusivamente de Misiones, donde establece la creaci\u00f3n de una corporaci\u00f3n para el desarrollo econ\u00f3mico que sea reguladora del marco normativo para la zona aduanera y la zona franca que son dos cosas distintas, la zona aduanera es para toda la provincia como r\u00e9gimen diferenciado y la zona franca habilitaci\u00f3n de nuevos puntos de zonas francas comerciales como tiene Puerto Iguaz\u00fa\u201d, agreg\u00f3.<\/p>\n\n\n\n<p>Safr\u00e1n remat\u00f3: \u201cNos queda seguir buscando compensaci\u00f3n por el tema ambiental pero es un tema que ya lo hemos instalado y vamos a seguir trabajando\u201d.<\/p>\n\n\n\n<p><strong>Fuente: ANG<\/strong><\/p>\n","protected":false},"excerpt":{"rendered":"<p>El proyecto de presupuesto para el a\u00f1o 2022 tuvo dictamen en la Comisi\u00f3n de Hacienda del Congreso de la Naci\u00f3n. Ser\u00e1 tratado este jueves en el recinto y la semana pr\u00f3xima en el Senado. El diputado del Frente Renovador, Diego Sartori, fue el \u00fanico misionero que particip\u00f3 en el debate de la Comisi\u00f3n, plante\u00f3 los [&hellip;]<\/p>\n","protected":false},"author":2,"featured_media":11419,"comment_status":"open","ping_status":"open","sticky":false,"template":"","format":"standard","meta":{"footnotes":""},"categories":[42],"tags":[],"class_list":["post-11418","post","type-post","status-publish","format-standard","has-post-thumbnail","hentry","category-politica"],"yoast_head":"<!-- This site is optimized with the Yoast SEO plugin v27.5 - https:\/\/yoast.com\/product\/yoast-seo-wordpress\/ -->\n<title>Misiones logra que sus reclamos sean incorporados al presupuesto 2022 | CVI NOTICIAS<\/title>\n<meta name=\"robots\" content=\"index, follow, max-snippet:-1, max-image-preview:large, max-video-preview:-1\" \/>\n<link rel=\"canonical\" href=\"https:\/\/cvinoticias.com\/v3\/misiones-logra-que-sus-reclamos-sean-incorporados-al-presupuesto-2022\/\" \/>\n<meta property=\"og:locale\" content=\"es_ES\" \/>\n<meta property=\"og:type\" content=\"article\" \/>\n<meta property=\"og:title\" content=\"Misiones logra que sus reclamos sean incorporados al presupuesto 2022 | CVI NOTICIAS\" \/>\n<meta property=\"og:description\" content=\"El proyecto de presupuesto para el a\u00f1o 2022 tuvo dictamen en la Comisi\u00f3n de Hacienda del Congreso de la Naci\u00f3n. Ser\u00e1 tratado este jueves en el recinto y la semana pr\u00f3xima en el Senado. El diputado del Frente Renovador, Diego Sartori, fue el \u00fanico misionero que particip\u00f3 en el debate de la Comisi\u00f3n, plante\u00f3 los [&hellip;]\" \/>\n<meta property=\"og:url\" content=\"https:\/\/cvinoticias.com\/v3\/misiones-logra-que-sus-reclamos-sean-incorporados-al-presupuesto-2022\/\" \/>\n<meta property=\"og:site_name\" content=\"CVI NOTICIAS\" \/>\n<meta property=\"article:publisher\" content=\"https:\/\/www.facebook.com\/cvinoticias\" \/>\n<meta property=\"article:published_time\" content=\"2021-12-16T11:49:09+00:00\" \/>\n<meta property=\"article:modified_time\" content=\"2021-12-16T11:50:10+00:00\" \/>\n<meta property=\"og:image\" content=\"https:\/\/cvinoticias.com\/wp-content\/uploads\/2021\/12\/cupula_congreso_nacional_1200jpg-1000x600-1.jpg\" \/>\n\t<meta property=\"og:image:width\" content=\"1000\" \/>\n\t<meta property=\"og:image:height\" content=\"600\" \/>\n\t<meta property=\"og:image:type\" content=\"image\/jpeg\" \/>\n<meta name=\"author\" content=\"f1000024\" \/>\n<meta name=\"twitter:card\" content=\"summary_large_image\" \/>\n<meta name=\"twitter:label1\" content=\"Escrito por\" \/>\n\t<meta name=\"twitter:data1\" content=\"f1000024\" \/>\n\t<meta name=\"twitter:label2\" content=\"Tiempo de lectura\" \/>\n\t<meta name=\"twitter:data2\" content=\"3 minutos\" \/>\n<script type=\"application\/ld+json\" class=\"yoast-schema-graph\">{\"@context\":\"https:\\\/\\\/schema.org\",\"@graph\":[{\"@type\":\"Article\",\"@id\":\"https:\\\/\\\/cvinoticias.com\\\/v3\\\/misiones-logra-que-sus-reclamos-sean-incorporados-al-presupuesto-2022\\\/#article\",\"isPartOf\":{\"@id\":\"https:\\\/\\\/cvinoticias.com\\\/v3\\\/misiones-logra-que-sus-reclamos-sean-incorporados-al-presupuesto-2022\\\/\"},\"author\":{\"name\":\"f1000024\",\"@id\":\"https:\\\/\\\/cvinoticias.com\\\/v3\\\/#\\\/schema\\\/person\\\/2db77e3c6bc03c538495d7b2b8be9b66\"},\"headline\":\"Misiones logra que sus reclamos sean incorporados al presupuesto 2022\",\"datePublished\":\"2021-12-16T11:49:09+00:00\",\"dateModified\":\"2021-12-16T11:50:10+00:00\",\"mainEntityOfPage\":{\"@id\":\"https:\\\/\\\/cvinoticias.com\\\/v3\\\/misiones-logra-que-sus-reclamos-sean-incorporados-al-presupuesto-2022\\\/\"},\"wordCount\":510,\"commentCount\":0,\"publisher\":{\"@id\":\"https:\\\/\\\/cvinoticias.com\\\/v3\\\/#organization\"},\"image\":{\"@id\":\"https:\\\/\\\/cvinoticias.com\\\/v3\\\/misiones-logra-que-sus-reclamos-sean-incorporados-al-presupuesto-2022\\\/#primaryimage\"},\"thumbnailUrl\":\"https:\\\/\\\/cvinoticias.com\\\/wp-content\\\/uploads\\\/2021\\\/12\\\/cupula_congreso_nacional_1200jpg-1000x600-1.jpg\",\"articleSection\":[\"Politica\"],\"inLanguage\":\"es\",\"potentialAction\":[{\"@type\":\"CommentAction\",\"name\":\"Comment\",\"target\":[\"https:\\\/\\\/cvinoticias.com\\\/v3\\\/misiones-logra-que-sus-reclamos-sean-incorporados-al-presupuesto-2022\\\/#respond\"]}]},{\"@type\":\"WebPage\",\"@id\":\"https:\\\/\\\/cvinoticias.com\\\/v3\\\/misiones-logra-que-sus-reclamos-sean-incorporados-al-presupuesto-2022\\\/\",\"url\":\"https:\\\/\\\/cvinoticias.com\\\/v3\\\/misiones-logra-que-sus-reclamos-sean-incorporados-al-presupuesto-2022\\\/\",\"name\":\"Misiones logra que sus reclamos sean incorporados al presupuesto 2022 | CVI NOTICIAS\",\"isPartOf\":{\"@id\":\"https:\\\/\\\/cvinoticias.com\\\/v3\\\/#website\"},\"primaryImageOfPage\":{\"@id\":\"https:\\\/\\\/cvinoticias.com\\\/v3\\\/misiones-logra-que-sus-reclamos-sean-incorporados-al-presupuesto-2022\\\/#primaryimage\"},\"image\":{\"@id\":\"https:\\\/\\\/cvinoticias.com\\\/v3\\\/misiones-logra-que-sus-reclamos-sean-incorporados-al-presupuesto-2022\\\/#primaryimage\"},\"thumbnailUrl\":\"https:\\\/\\\/cvinoticias.com\\\/wp-content\\\/uploads\\\/2021\\\/12\\\/cupula_congreso_nacional_1200jpg-1000x600-1.jpg\",\"datePublished\":\"2021-12-16T11:49:09+00:00\",\"dateModified\":\"2021-12-16T11:50:10+00:00\",\"breadcrumb\":{\"@id\":\"https:\\\/\\\/cvinoticias.com\\\/v3\\\/misiones-logra-que-sus-reclamos-sean-incorporados-al-presupuesto-2022\\\/#breadcrumb\"},\"inLanguage\":\"es\",\"potentialAction\":[{\"@type\":\"ReadAction\",\"target\":[\"https:\\\/\\\/cvinoticias.com\\\/v3\\\/misiones-logra-que-sus-reclamos-sean-incorporados-al-presupuesto-2022\\\/\"]}]},{\"@type\":\"ImageObject\",\"inLanguage\":\"es\",\"@id\":\"https:\\\/\\\/cvinoticias.com\\\/v3\\\/misiones-logra-que-sus-reclamos-sean-incorporados-al-presupuesto-2022\\\/#primaryimage\",\"url\":\"https:\\\/\\\/cvinoticias.com\\\/wp-content\\\/uploads\\\/2021\\\/12\\\/cupula_congreso_nacional_1200jpg-1000x600-1.jpg\",\"contentUrl\":\"https:\\\/\\\/cvinoticias.com\\\/wp-content\\\/uploads\\\/2021\\\/12\\\/cupula_congreso_nacional_1200jpg-1000x600-1.jpg\",\"width\":1000,\"height\":600},{\"@type\":\"BreadcrumbList\",\"@id\":\"https:\\\/\\\/cvinoticias.com\\\/v3\\\/misiones-logra-que-sus-reclamos-sean-incorporados-al-presupuesto-2022\\\/#breadcrumb\",\"itemListElement\":[{\"@type\":\"ListItem\",\"position\":1,\"name\":\"Portada\",\"item\":\"https:\\\/\\\/cvinoticias.com\\\/v3\\\/\"},{\"@type\":\"ListItem\",\"position\":2,\"name\":\"Misiones logra que sus reclamos sean incorporados al presupuesto 2022\"}]},{\"@type\":\"WebSite\",\"@id\":\"https:\\\/\\\/cvinoticias.com\\\/v3\\\/#website\",\"url\":\"https:\\\/\\\/cvinoticias.com\\\/v3\\\/\",\"name\":\"CVI NOTICIAS\",\"description\":\"\",\"publisher\":{\"@id\":\"https:\\\/\\\/cvinoticias.com\\\/v3\\\/#organization\"},\"alternateName\":\"CVI\",\"potentialAction\":[{\"@type\":\"SearchAction\",\"target\":{\"@type\":\"EntryPoint\",\"urlTemplate\":\"https:\\\/\\\/cvinoticias.com\\\/v3\\\/?s={search_term_string}\"},\"query-input\":{\"@type\":\"PropertyValueSpecification\",\"valueRequired\":true,\"valueName\":\"search_term_string\"}}],\"inLanguage\":\"es\"},{\"@type\":\"Organization\",\"@id\":\"https:\\\/\\\/cvinoticias.com\\\/v3\\\/#organization\",\"name\":\"CVI NOTICIAS\",\"url\":\"https:\\\/\\\/cvinoticias.com\\\/v3\\\/\",\"logo\":{\"@type\":\"ImageObject\",\"inLanguage\":\"es\",\"@id\":\"https:\\\/\\\/cvinoticias.com\\\/v3\\\/#\\\/schema\\\/logo\\\/image\\\/\",\"url\":\"https:\\\/\\\/cvinoticias.com\\\/wp-content\\\/uploads\\\/2023\\\/04\\\/cropped-cropped-cropped-cropped-cropped-3-1.png\",\"contentUrl\":\"https:\\\/\\\/cvinoticias.com\\\/wp-content\\\/uploads\\\/2023\\\/04\\\/cropped-cropped-cropped-cropped-cropped-3-1.png\",\"width\":95,\"height\":122,\"caption\":\"CVI NOTICIAS\"},\"image\":{\"@id\":\"https:\\\/\\\/cvinoticias.com\\\/v3\\\/#\\\/schema\\\/logo\\\/image\\\/\"},\"sameAs\":[\"https:\\\/\\\/www.facebook.com\\\/cvinoticias\",\"https:\\\/\\\/www.instagram.com\\\/cvinoticias\\\/\",\"https:\\\/\\\/www.youtube.com\\\/@CVINOTICIAS\"]},{\"@type\":\"Person\",\"@id\":\"https:\\\/\\\/cvinoticias.com\\\/v3\\\/#\\\/schema\\\/person\\\/2db77e3c6bc03c538495d7b2b8be9b66\",\"name\":\"f1000024\",\"image\":{\"@type\":\"ImageObject\",\"inLanguage\":\"es\",\"@id\":\"https:\\\/\\\/secure.gravatar.com\\\/avatar\\\/d4fe7459cfc51ff5129ce1a732bbef5928568b8092d412ef95611616376bbeed?s=96&d=mm&r=g\",\"url\":\"https:\\\/\\\/secure.gravatar.com\\\/avatar\\\/d4fe7459cfc51ff5129ce1a732bbef5928568b8092d412ef95611616376bbeed?s=96&d=mm&r=g\",\"contentUrl\":\"https:\\\/\\\/secure.gravatar.com\\\/avatar\\\/d4fe7459cfc51ff5129ce1a732bbef5928568b8092d412ef95611616376bbeed?s=96&d=mm&r=g\",\"caption\":\"f1000024\"},\"url\":\"https:\\\/\\\/cvinoticias.com\\\/v3\\\/author\\\/f1000024\\\/\"}]}<\/script>\n<!-- \/ Yoast SEO plugin. -->","yoast_head_json":{"title":"Misiones logra que sus reclamos sean incorporados al presupuesto 2022 | CVI NOTICIAS","robots":{"index":"index","follow":"follow","max-snippet":"max-snippet:-1","max-image-preview":"max-image-preview:large","max-video-preview":"max-video-preview:-1"},"canonical":"https:\/\/cvinoticias.com\/v3\/misiones-logra-que-sus-reclamos-sean-incorporados-al-presupuesto-2022\/","og_locale":"es_ES","og_type":"article","og_title":"Misiones logra que sus reclamos sean incorporados al presupuesto 2022 | CVI NOTICIAS","og_description":"El proyecto de presupuesto para el a\u00f1o 2022 tuvo dictamen en la Comisi\u00f3n de Hacienda del Congreso de la Naci\u00f3n. Ser\u00e1 tratado este jueves en el recinto y la semana pr\u00f3xima en el Senado. El diputado del Frente Renovador, Diego Sartori, fue el \u00fanico misionero que particip\u00f3 en el debate de la Comisi\u00f3n, plante\u00f3 los [&hellip;]","og_url":"https:\/\/cvinoticias.com\/v3\/misiones-logra-que-sus-reclamos-sean-incorporados-al-presupuesto-2022\/","og_site_name":"CVI NOTICIAS","article_publisher":"https:\/\/www.facebook.com\/cvinoticias","article_published_time":"2021-12-16T11:49:09+00:00","article_modified_time":"2021-12-16T11:50:10+00:00","og_image":[{"width":1000,"height":600,"url":"https:\/\/cvinoticias.com\/wp-content\/uploads\/2021\/12\/cupula_congreso_nacional_1200jpg-1000x600-1.jpg","type":"image\/jpeg"}],"author":"f1000024","twitter_card":"summary_large_image","twitter_misc":{"Escrito por":"f1000024","Tiempo de lectura":"3 minutos"},"schema":{"@context":"https:\/\/schema.org","@graph":[{"@type":"Article","@id":"https:\/\/cvinoticias.com\/v3\/misiones-logra-que-sus-reclamos-sean-incorporados-al-presupuesto-2022\/#article","isPartOf":{"@id":"https:\/\/cvinoticias.com\/v3\/misiones-logra-que-sus-reclamos-sean-incorporados-al-presupuesto-2022\/"},"author":{"name":"f1000024","@id":"https:\/\/cvinoticias.com\/v3\/#\/schema\/person\/2db77e3c6bc03c538495d7b2b8be9b66"},"headline":"Misiones logra que sus reclamos sean incorporados al presupuesto 2022","datePublished":"2021-12-16T11:49:09+00:00","dateModified":"2021-12-16T11:50:10+00:00","mainEntityOfPage":{"@id":"https:\/\/cvinoticias.com\/v3\/misiones-logra-que-sus-reclamos-sean-incorporados-al-presupuesto-2022\/"},"wordCount":510,"commentCount":0,"publisher":{"@id":"https:\/\/cvinoticias.com\/v3\/#organization"},"image":{"@id":"https:\/\/cvinoticias.com\/v3\/misiones-logra-que-sus-reclamos-sean-incorporados-al-presupuesto-2022\/#primaryimage"},"thumbnailUrl":"https:\/\/cvinoticias.com\/wp-content\/uploads\/2021\/12\/cupula_congreso_nacional_1200jpg-1000x600-1.jpg","articleSection":["Politica"],"inLanguage":"es","potentialAction":[{"@type":"CommentAction","name":"Comment","target":["https:\/\/cvinoticias.com\/v3\/misiones-logra-que-sus-reclamos-sean-incorporados-al-presupuesto-2022\/#respond"]}]},{"@type":"WebPage","@id":"https:\/\/cvinoticias.com\/v3\/misiones-logra-que-sus-reclamos-sean-incorporados-al-presupuesto-2022\/","url":"https:\/\/cvinoticias.com\/v3\/misiones-logra-que-sus-reclamos-sean-incorporados-al-presupuesto-2022\/","name":"Misiones logra que sus reclamos sean incorporados al presupuesto 2022 | CVI NOTICIAS","isPartOf":{"@id":"https:\/\/cvinoticias.com\/v3\/#website"},"primaryImageOfPage":{"@id":"https:\/\/cvinoticias.com\/v3\/misiones-logra-que-sus-reclamos-sean-incorporados-al-presupuesto-2022\/#primaryimage"},"image":{"@id":"https:\/\/cvinoticias.com\/v3\/misiones-logra-que-sus-reclamos-sean-incorporados-al-presupuesto-2022\/#primaryimage"},"thumbnailUrl":"https:\/\/cvinoticias.com\/wp-content\/uploads\/2021\/12\/cupula_congreso_nacional_1200jpg-1000x600-1.jpg","datePublished":"2021-12-16T11:49:09+00:00","dateModified":"2021-12-16T11:50:10+00:00","breadcrumb":{"@id":"https:\/\/cvinoticias.com\/v3\/misiones-logra-que-sus-reclamos-sean-incorporados-al-presupuesto-2022\/#breadcrumb"},"inLanguage":"es","potentialAction":[{"@type":"ReadAction","target":["https:\/\/cvinoticias.com\/v3\/misiones-logra-que-sus-reclamos-sean-incorporados-al-presupuesto-2022\/"]}]},{"@type":"ImageObject","inLanguage":"es","@id":"https:\/\/cvinoticias.com\/v3\/misiones-logra-que-sus-reclamos-sean-incorporados-al-presupuesto-2022\/#primaryimage","url":"https:\/\/cvinoticias.com\/wp-content\/uploads\/2021\/12\/cupula_congreso_nacional_1200jpg-1000x600-1.jpg","contentUrl":"https:\/\/cvinoticias.com\/wp-content\/uploads\/2021\/12\/cupula_congreso_nacional_1200jpg-1000x600-1.jpg","width":1000,"height":600},{"@type":"BreadcrumbList","@id":"https:\/\/cvinoticias.com\/v3\/misiones-logra-que-sus-reclamos-sean-incorporados-al-presupuesto-2022\/#breadcrumb","itemListElement":[{"@type":"ListItem","position":1,"name":"Portada","item":"https:\/\/cvinoticias.com\/v3\/"},{"@type":"ListItem","position":2,"name":"Misiones logra que sus reclamos sean incorporados al presupuesto 2022"}]},{"@type":"WebSite","@id":"https:\/\/cvinoticias.com\/v3\/#website","url":"https:\/\/cvinoticias.com\/v3\/","name":"CVI NOTICIAS","description":"","publisher":{"@id":"https:\/\/cvinoticias.com\/v3\/#organization"},"alternateName":"CVI","potentialAction":[{"@type":"SearchAction","target":{"@type":"EntryPoint","urlTemplate":"https:\/\/cvinoticias.com\/v3\/?s={search_term_string}"},"query-input":{"@type":"PropertyValueSpecification","valueRequired":true,"valueName":"search_term_string"}}],"inLanguage":"es"},{"@type":"Organization","@id":"https:\/\/cvinoticias.com\/v3\/#organization","name":"CVI NOTICIAS","url":"https:\/\/cvinoticias.com\/v3\/","logo":{"@type":"ImageObject","inLanguage":"es","@id":"https:\/\/cvinoticias.com\/v3\/#\/schema\/logo\/image\/","url":"https:\/\/cvinoticias.com\/wp-content\/uploads\/2023\/04\/cropped-cropped-cropped-cropped-cropped-3-1.png","contentUrl":"https:\/\/cvinoticias.com\/wp-content\/uploads\/2023\/04\/cropped-cropped-cropped-cropped-cropped-3-1.png","width":95,"height":122,"caption":"CVI NOTICIAS"},"image":{"@id":"https:\/\/cvinoticias.com\/v3\/#\/schema\/logo\/image\/"},"sameAs":["https:\/\/www.facebook.com\/cvinoticias","https:\/\/www.instagram.com\/cvinoticias\/","https:\/\/www.youtube.com\/@CVINOTICIAS"]},{"@type":"Person","@id":"https:\/\/cvinoticias.com\/v3\/#\/schema\/person\/2db77e3c6bc03c538495d7b2b8be9b66","name":"f1000024","image":{"@type":"ImageObject","inLanguage":"es","@id":"https:\/\/secure.gravatar.com\/avatar\/d4fe7459cfc51ff5129ce1a732bbef5928568b8092d412ef95611616376bbeed?s=96&d=mm&r=g","url":"https:\/\/secure.gravatar.com\/avatar\/d4fe7459cfc51ff5129ce1a732bbef5928568b8092d412ef95611616376bbeed?s=96&d=mm&r=g","contentUrl":"https:\/\/secure.gravatar.com\/avatar\/d4fe7459cfc51ff5129ce1a732bbef5928568b8092d412ef95611616376bbeed?s=96&d=mm&r=g","caption":"f1000024"},"url":"https:\/\/cvinoticias.com\/v3\/author\/f1000024\/"}]}},"_links":{"self":[{"href":"https:\/\/cvinoticias.com\/v3\/wp-json\/wp\/v2\/posts\/11418","targetHints":{"allow":["GET"]}}],"collection":[{"href":"https:\/\/cvinoticias.com\/v3\/wp-json\/wp\/v2\/posts"}],"about":[{"href":"https:\/\/cvinoticias.com\/v3\/wp-json\/wp\/v2\/types\/post"}],"author":[{"embeddable":true,"href":"https:\/\/cvinoticias.com\/v3\/wp-json\/wp\/v2\/users\/2"}],"replies":[{"embeddable":true,"href":"https:\/\/cvinoticias.com\/v3\/wp-json\/wp\/v2\/comments?post=11418"}],"version-history":[{"count":2,"href":"https:\/\/cvinoticias.com\/v3\/wp-json\/wp\/v2\/posts\/11418\/revisions"}],"predecessor-version":[{"id":11421,"href":"https:\/\/cvinoticias.com\/v3\/wp-json\/wp\/v2\/posts\/11418\/revisions\/11421"}],"wp:featuredmedia":[{"embeddable":true,"href":"https:\/\/cvinoticias.com\/v3\/wp-json\/wp\/v2\/media\/11419"}],"wp:attachment":[{"href":"https:\/\/cvinoticias.com\/v3\/wp-json\/wp\/v2\/media?parent=11418"}],"wp:term":[{"taxonomy":"category","embeddable":true,"href":"https:\/\/cvinoticias.com\/v3\/wp-json\/wp\/v2\/categories?post=11418"},{"taxonomy":"post_tag","embeddable":true,"href":"https:\/\/cvinoticias.com\/v3\/wp-json\/wp\/v2\/tags?post=11418"}],"curies":[{"name":"wp","href":"https:\/\/api.w.org\/{rel}","templated":true}]}}