{"id":11407,"date":"2021-12-15T12:41:58","date_gmt":"2021-12-15T12:41:58","guid":{"rendered":"https:\/\/cvinoticias.com\/v3\/?p=11407"},"modified":"2021-12-15T12:41:58","modified_gmt":"2021-12-15T12:41:58","slug":"buscaran-extender-el-previaje-hasta-el-2025","status":"publish","type":"post","link":"https:\/\/cvinoticias.com\/v3\/buscaran-extender-el-previaje-hasta-el-2025\/","title":{"rendered":"Buscar\u00e1n extender el Previaje hasta el 2025"},"content":{"rendered":"\n<p><strong><em>El proyecto, que tendr\u00e1 tratamiento legislativo durante el 2022, va a contener un cap\u00edtulo dedicado a estimular las inversiones de argentinos en el rubro<\/em><\/strong>.<\/p>\n\n\n\n<p>Con foco en aumentar el caudal de ingreso de divisas, el Gobierno prepara una serie de proyectos de ley para industrias que considera estrat\u00e9gicas.\u00a0Uno de los sectores apuntados es el turismo, que podr\u00eda atraer d\u00f3lares de quienes visiten el pa\u00eds pero, adem\u00e1s, podr\u00eda generar un ahorro si los turistas argentinos viajan por el pa\u00eds.<\/p>\n\n\n\n<p>Con este escenario,\u00a0el Ejecutivo buscar\u00e1 aprobar en el Congreso una normativa que extiende el programa Previaje por tres a\u00f1os m\u00e1s y que incluye una serie de beneficios fiscales para quienes realicen nuevas inversiones.<\/p>\n\n\n\n<p>Seg\u00fan indic\u00f3\u00a0el medio digital, uno de los puntos centrales de la iniciativa ser\u00e1 extender hasta fines de 2025 el programa Previaje, que otorga reintegros de hasta el 50% a quienes consuman servicios tur\u00edsticos en el pa\u00eds.<\/p>\n\n\n\n<p>\u201cTenemos que transformar este plan en una pol\u00edtica de Estado\u201d, dijo el ministro de Turismo y Deportes, Mat\u00edas Lammens,\u00a0semanas atr\u00e1s.\u00a0Fuentes de esa cartera, aclararon que en las pr\u00f3ximas etapas buscar\u00e1n enfocar la inversi\u00f3n estatal en los momentos de baja temporada para sostener la demanda en el sector.<\/p>\n\n\n\n<p>El proyecto que tendr\u00e1 tratamiento legislativo durante el 2022 tambi\u00e9n va a contener un cap\u00edtulo dedicado a estimular las inversiones de argentinos y extranjeros en el rubro.\u00a0El borrador, que ya circula entre c\u00e1maras empresariales,\u00a0incluye la reducci\u00f3n de contribuciones patronales para los nuevos empleos, la generaci\u00f3n de un bono con cr\u00e9dito fiscal vinculado al monto de la inversi\u00f3n y el acceso al Mercado \u00danico y Libre de Cambios. Tambi\u00e9n se espera que se otorguen beneficios para atraer el turismo receptivo.<\/p>\n\n\n\n<p>Desde el Ministerio de Turismo sostienen que el sector ser\u00e1 \u201cprotagonista en la etapa econ\u00f3mica que se viene\u201d. Apuntan a que el marco normativo impulse la actividad, genere unos 250.000 puestos de trabajo e incremente su participaci\u00f3n en el PBI, que actualmente representa el 9%, pero seg\u00fan el propio Lammens podr\u00eda alcanzar el 12% o el 13%.<\/p>\n","protected":false},"excerpt":{"rendered":"<p>El proyecto, que tendr\u00e1 tratamiento legislativo durante el 2022, va a contener un cap\u00edtulo dedicado a estimular las inversiones de argentinos en el rubro. Con foco en aumentar el caudal de ingreso de divisas, el Gobierno prepara una serie de proyectos de ley para industrias que considera estrat\u00e9gicas.\u00a0Uno de los sectores apuntados es el turismo, [&hellip;]<\/p>\n","protected":false},"author":2,"featured_media":11408,"comment_status":"open","ping_status":"open","sticky":false,"template":"","format":"standard","meta":{"footnotes":""},"categories":[50],"tags":[],"class_list":["post-11407","post","type-post","status-publish","format-standard","has-post-thumbnail","hentry","category-turismo"],"yoast_head":"<!-- This site is optimized with the Yoast SEO plugin v27.4 - https:\/\/yoast.com\/product\/yoast-seo-wordpress\/ -->\n<title>Buscar\u00e1n extender el Previaje hasta el 2025 | CVI NOTICIAS<\/title>\n<meta name=\"robots\" content=\"index, follow, max-snippet:-1, max-image-preview:large, max-video-preview:-1\" \/>\n<link rel=\"canonical\" href=\"https:\/\/cvinoticias.com\/v3\/buscaran-extender-el-previaje-hasta-el-2025\/\" \/>\n<meta property=\"og:locale\" content=\"es_ES\" \/>\n<meta property=\"og:type\" content=\"article\" \/>\n<meta property=\"og:title\" content=\"Buscar\u00e1n extender el Previaje hasta el 2025 | CVI NOTICIAS\" \/>\n<meta property=\"og:description\" content=\"El proyecto, que tendr\u00e1 tratamiento legislativo durante el 2022, va a contener un cap\u00edtulo dedicado a estimular las inversiones de argentinos en el rubro. Con foco en aumentar el caudal de ingreso de divisas, el Gobierno prepara una serie de proyectos de ley para industrias que considera estrat\u00e9gicas.\u00a0Uno de los sectores apuntados es el turismo, [&hellip;]\" \/>\n<meta property=\"og:url\" content=\"https:\/\/cvinoticias.com\/v3\/buscaran-extender-el-previaje-hasta-el-2025\/\" \/>\n<meta property=\"og:site_name\" content=\"CVI NOTICIAS\" \/>\n<meta property=\"article:publisher\" content=\"https:\/\/www.facebook.com\/cvinoticias\" \/>\n<meta property=\"article:published_time\" content=\"2021-12-15T12:41:58+00:00\" \/>\n<meta property=\"og:image\" content=\"https:\/\/cvinoticias.com\/wp-content\/uploads\/2021\/12\/Screenshot_20211215-094105_Facebook.jpg\" \/>\n\t<meta property=\"og:image:width\" content=\"990\" \/>\n\t<meta property=\"og:image:height\" content=\"558\" \/>\n\t<meta property=\"og:image:type\" content=\"image\/jpeg\" \/>\n<meta name=\"author\" content=\"f1000024\" \/>\n<meta name=\"twitter:card\" content=\"summary_large_image\" \/>\n<meta name=\"twitter:label1\" content=\"Escrito por\" \/>\n\t<meta name=\"twitter:data1\" content=\"f1000024\" \/>\n\t<meta name=\"twitter:label2\" content=\"Tiempo de lectura\" \/>\n\t<meta name=\"twitter:data2\" content=\"2 minutos\" \/>\n<script type=\"application\/ld+json\" class=\"yoast-schema-graph\">{\"@context\":\"https:\\\/\\\/schema.org\",\"@graph\":[{\"@type\":\"Article\",\"@id\":\"https:\\\/\\\/cvinoticias.com\\\/v3\\\/buscaran-extender-el-previaje-hasta-el-2025\\\/#article\",\"isPartOf\":{\"@id\":\"https:\\\/\\\/cvinoticias.com\\\/v3\\\/buscaran-extender-el-previaje-hasta-el-2025\\\/\"},\"author\":{\"name\":\"f1000024\",\"@id\":\"https:\\\/\\\/cvinoticias.com\\\/v3\\\/#\\\/schema\\\/person\\\/2db77e3c6bc03c538495d7b2b8be9b66\"},\"headline\":\"Buscar\u00e1n extender el Previaje hasta el 2025\",\"datePublished\":\"2021-12-15T12:41:58+00:00\",\"mainEntityOfPage\":{\"@id\":\"https:\\\/\\\/cvinoticias.com\\\/v3\\\/buscaran-extender-el-previaje-hasta-el-2025\\\/\"},\"wordCount\":367,\"commentCount\":0,\"publisher\":{\"@id\":\"https:\\\/\\\/cvinoticias.com\\\/v3\\\/#organization\"},\"image\":{\"@id\":\"https:\\\/\\\/cvinoticias.com\\\/v3\\\/buscaran-extender-el-previaje-hasta-el-2025\\\/#primaryimage\"},\"thumbnailUrl\":\"https:\\\/\\\/cvinoticias.com\\\/wp-content\\\/uploads\\\/2021\\\/12\\\/Screenshot_20211215-094105_Facebook.jpg\",\"articleSection\":[\"Turismo\"],\"inLanguage\":\"es\",\"potentialAction\":[{\"@type\":\"CommentAction\",\"name\":\"Comment\",\"target\":[\"https:\\\/\\\/cvinoticias.com\\\/v3\\\/buscaran-extender-el-previaje-hasta-el-2025\\\/#respond\"]}]},{\"@type\":\"WebPage\",\"@id\":\"https:\\\/\\\/cvinoticias.com\\\/v3\\\/buscaran-extender-el-previaje-hasta-el-2025\\\/\",\"url\":\"https:\\\/\\\/cvinoticias.com\\\/v3\\\/buscaran-extender-el-previaje-hasta-el-2025\\\/\",\"name\":\"Buscar\u00e1n extender el Previaje hasta el 2025 | CVI NOTICIAS\",\"isPartOf\":{\"@id\":\"https:\\\/\\\/cvinoticias.com\\\/v3\\\/#website\"},\"primaryImageOfPage\":{\"@id\":\"https:\\\/\\\/cvinoticias.com\\\/v3\\\/buscaran-extender-el-previaje-hasta-el-2025\\\/#primaryimage\"},\"image\":{\"@id\":\"https:\\\/\\\/cvinoticias.com\\\/v3\\\/buscaran-extender-el-previaje-hasta-el-2025\\\/#primaryimage\"},\"thumbnailUrl\":\"https:\\\/\\\/cvinoticias.com\\\/wp-content\\\/uploads\\\/2021\\\/12\\\/Screenshot_20211215-094105_Facebook.jpg\",\"datePublished\":\"2021-12-15T12:41:58+00:00\",\"breadcrumb\":{\"@id\":\"https:\\\/\\\/cvinoticias.com\\\/v3\\\/buscaran-extender-el-previaje-hasta-el-2025\\\/#breadcrumb\"},\"inLanguage\":\"es\",\"potentialAction\":[{\"@type\":\"ReadAction\",\"target\":[\"https:\\\/\\\/cvinoticias.com\\\/v3\\\/buscaran-extender-el-previaje-hasta-el-2025\\\/\"]}]},{\"@type\":\"ImageObject\",\"inLanguage\":\"es\",\"@id\":\"https:\\\/\\\/cvinoticias.com\\\/v3\\\/buscaran-extender-el-previaje-hasta-el-2025\\\/#primaryimage\",\"url\":\"https:\\\/\\\/cvinoticias.com\\\/wp-content\\\/uploads\\\/2021\\\/12\\\/Screenshot_20211215-094105_Facebook.jpg\",\"contentUrl\":\"https:\\\/\\\/cvinoticias.com\\\/wp-content\\\/uploads\\\/2021\\\/12\\\/Screenshot_20211215-094105_Facebook.jpg\",\"width\":990,\"height\":558},{\"@type\":\"BreadcrumbList\",\"@id\":\"https:\\\/\\\/cvinoticias.com\\\/v3\\\/buscaran-extender-el-previaje-hasta-el-2025\\\/#breadcrumb\",\"itemListElement\":[{\"@type\":\"ListItem\",\"position\":1,\"name\":\"Portada\",\"item\":\"https:\\\/\\\/cvinoticias.com\\\/v3\\\/\"},{\"@type\":\"ListItem\",\"position\":2,\"name\":\"Buscar\u00e1n extender el Previaje hasta el 2025\"}]},{\"@type\":\"WebSite\",\"@id\":\"https:\\\/\\\/cvinoticias.com\\\/v3\\\/#website\",\"url\":\"https:\\\/\\\/cvinoticias.com\\\/v3\\\/\",\"name\":\"CVI NOTICIAS\",\"description\":\"\",\"publisher\":{\"@id\":\"https:\\\/\\\/cvinoticias.com\\\/v3\\\/#organization\"},\"alternateName\":\"CVI\",\"potentialAction\":[{\"@type\":\"SearchAction\",\"target\":{\"@type\":\"EntryPoint\",\"urlTemplate\":\"https:\\\/\\\/cvinoticias.com\\\/v3\\\/?s={search_term_string}\"},\"query-input\":{\"@type\":\"PropertyValueSpecification\",\"valueRequired\":true,\"valueName\":\"search_term_string\"}}],\"inLanguage\":\"es\"},{\"@type\":\"Organization\",\"@id\":\"https:\\\/\\\/cvinoticias.com\\\/v3\\\/#organization\",\"name\":\"CVI NOTICIAS\",\"url\":\"https:\\\/\\\/cvinoticias.com\\\/v3\\\/\",\"logo\":{\"@type\":\"ImageObject\",\"inLanguage\":\"es\",\"@id\":\"https:\\\/\\\/cvinoticias.com\\\/v3\\\/#\\\/schema\\\/logo\\\/image\\\/\",\"url\":\"https:\\\/\\\/cvinoticias.com\\\/wp-content\\\/uploads\\\/2023\\\/04\\\/cropped-cropped-cropped-cropped-cropped-3-1.png\",\"contentUrl\":\"https:\\\/\\\/cvinoticias.com\\\/wp-content\\\/uploads\\\/2023\\\/04\\\/cropped-cropped-cropped-cropped-cropped-3-1.png\",\"width\":95,\"height\":122,\"caption\":\"CVI NOTICIAS\"},\"image\":{\"@id\":\"https:\\\/\\\/cvinoticias.com\\\/v3\\\/#\\\/schema\\\/logo\\\/image\\\/\"},\"sameAs\":[\"https:\\\/\\\/www.facebook.com\\\/cvinoticias\",\"https:\\\/\\\/www.instagram.com\\\/cvinoticias\\\/\",\"https:\\\/\\\/www.youtube.com\\\/@CVINOTICIAS\"]},{\"@type\":\"Person\",\"@id\":\"https:\\\/\\\/cvinoticias.com\\\/v3\\\/#\\\/schema\\\/person\\\/2db77e3c6bc03c538495d7b2b8be9b66\",\"name\":\"f1000024\",\"image\":{\"@type\":\"ImageObject\",\"inLanguage\":\"es\",\"@id\":\"https:\\\/\\\/secure.gravatar.com\\\/avatar\\\/d4fe7459cfc51ff5129ce1a732bbef5928568b8092d412ef95611616376bbeed?s=96&d=mm&r=g\",\"url\":\"https:\\\/\\\/secure.gravatar.com\\\/avatar\\\/d4fe7459cfc51ff5129ce1a732bbef5928568b8092d412ef95611616376bbeed?s=96&d=mm&r=g\",\"contentUrl\":\"https:\\\/\\\/secure.gravatar.com\\\/avatar\\\/d4fe7459cfc51ff5129ce1a732bbef5928568b8092d412ef95611616376bbeed?s=96&d=mm&r=g\",\"caption\":\"f1000024\"},\"url\":\"https:\\\/\\\/cvinoticias.com\\\/v3\\\/author\\\/f1000024\\\/\"}]}<\/script>\n<!-- \/ Yoast SEO plugin. -->","yoast_head_json":{"title":"Buscar\u00e1n extender el Previaje hasta el 2025 | CVI NOTICIAS","robots":{"index":"index","follow":"follow","max-snippet":"max-snippet:-1","max-image-preview":"max-image-preview:large","max-video-preview":"max-video-preview:-1"},"canonical":"https:\/\/cvinoticias.com\/v3\/buscaran-extender-el-previaje-hasta-el-2025\/","og_locale":"es_ES","og_type":"article","og_title":"Buscar\u00e1n extender el Previaje hasta el 2025 | CVI NOTICIAS","og_description":"El proyecto, que tendr\u00e1 tratamiento legislativo durante el 2022, va a contener un cap\u00edtulo dedicado a estimular las inversiones de argentinos en el rubro. Con foco en aumentar el caudal de ingreso de divisas, el Gobierno prepara una serie de proyectos de ley para industrias que considera estrat\u00e9gicas.\u00a0Uno de los sectores apuntados es el turismo, [&hellip;]","og_url":"https:\/\/cvinoticias.com\/v3\/buscaran-extender-el-previaje-hasta-el-2025\/","og_site_name":"CVI NOTICIAS","article_publisher":"https:\/\/www.facebook.com\/cvinoticias","article_published_time":"2021-12-15T12:41:58+00:00","og_image":[{"width":990,"height":558,"url":"https:\/\/cvinoticias.com\/wp-content\/uploads\/2021\/12\/Screenshot_20211215-094105_Facebook.jpg","type":"image\/jpeg"}],"author":"f1000024","twitter_card":"summary_large_image","twitter_misc":{"Escrito por":"f1000024","Tiempo de lectura":"2 minutos"},"schema":{"@context":"https:\/\/schema.org","@graph":[{"@type":"Article","@id":"https:\/\/cvinoticias.com\/v3\/buscaran-extender-el-previaje-hasta-el-2025\/#article","isPartOf":{"@id":"https:\/\/cvinoticias.com\/v3\/buscaran-extender-el-previaje-hasta-el-2025\/"},"author":{"name":"f1000024","@id":"https:\/\/cvinoticias.com\/v3\/#\/schema\/person\/2db77e3c6bc03c538495d7b2b8be9b66"},"headline":"Buscar\u00e1n extender el Previaje hasta el 2025","datePublished":"2021-12-15T12:41:58+00:00","mainEntityOfPage":{"@id":"https:\/\/cvinoticias.com\/v3\/buscaran-extender-el-previaje-hasta-el-2025\/"},"wordCount":367,"commentCount":0,"publisher":{"@id":"https:\/\/cvinoticias.com\/v3\/#organization"},"image":{"@id":"https:\/\/cvinoticias.com\/v3\/buscaran-extender-el-previaje-hasta-el-2025\/#primaryimage"},"thumbnailUrl":"https:\/\/cvinoticias.com\/wp-content\/uploads\/2021\/12\/Screenshot_20211215-094105_Facebook.jpg","articleSection":["Turismo"],"inLanguage":"es","potentialAction":[{"@type":"CommentAction","name":"Comment","target":["https:\/\/cvinoticias.com\/v3\/buscaran-extender-el-previaje-hasta-el-2025\/#respond"]}]},{"@type":"WebPage","@id":"https:\/\/cvinoticias.com\/v3\/buscaran-extender-el-previaje-hasta-el-2025\/","url":"https:\/\/cvinoticias.com\/v3\/buscaran-extender-el-previaje-hasta-el-2025\/","name":"Buscar\u00e1n extender el Previaje hasta el 2025 | CVI NOTICIAS","isPartOf":{"@id":"https:\/\/cvinoticias.com\/v3\/#website"},"primaryImageOfPage":{"@id":"https:\/\/cvinoticias.com\/v3\/buscaran-extender-el-previaje-hasta-el-2025\/#primaryimage"},"image":{"@id":"https:\/\/cvinoticias.com\/v3\/buscaran-extender-el-previaje-hasta-el-2025\/#primaryimage"},"thumbnailUrl":"https:\/\/cvinoticias.com\/wp-content\/uploads\/2021\/12\/Screenshot_20211215-094105_Facebook.jpg","datePublished":"2021-12-15T12:41:58+00:00","breadcrumb":{"@id":"https:\/\/cvinoticias.com\/v3\/buscaran-extender-el-previaje-hasta-el-2025\/#breadcrumb"},"inLanguage":"es","potentialAction":[{"@type":"ReadAction","target":["https:\/\/cvinoticias.com\/v3\/buscaran-extender-el-previaje-hasta-el-2025\/"]}]},{"@type":"ImageObject","inLanguage":"es","@id":"https:\/\/cvinoticias.com\/v3\/buscaran-extender-el-previaje-hasta-el-2025\/#primaryimage","url":"https:\/\/cvinoticias.com\/wp-content\/uploads\/2021\/12\/Screenshot_20211215-094105_Facebook.jpg","contentUrl":"https:\/\/cvinoticias.com\/wp-content\/uploads\/2021\/12\/Screenshot_20211215-094105_Facebook.jpg","width":990,"height":558},{"@type":"BreadcrumbList","@id":"https:\/\/cvinoticias.com\/v3\/buscaran-extender-el-previaje-hasta-el-2025\/#breadcrumb","itemListElement":[{"@type":"ListItem","position":1,"name":"Portada","item":"https:\/\/cvinoticias.com\/v3\/"},{"@type":"ListItem","position":2,"name":"Buscar\u00e1n extender el Previaje hasta el 2025"}]},{"@type":"WebSite","@id":"https:\/\/cvinoticias.com\/v3\/#website","url":"https:\/\/cvinoticias.com\/v3\/","name":"CVI NOTICIAS","description":"","publisher":{"@id":"https:\/\/cvinoticias.com\/v3\/#organization"},"alternateName":"CVI","potentialAction":[{"@type":"SearchAction","target":{"@type":"EntryPoint","urlTemplate":"https:\/\/cvinoticias.com\/v3\/?s={search_term_string}"},"query-input":{"@type":"PropertyValueSpecification","valueRequired":true,"valueName":"search_term_string"}}],"inLanguage":"es"},{"@type":"Organization","@id":"https:\/\/cvinoticias.com\/v3\/#organization","name":"CVI NOTICIAS","url":"https:\/\/cvinoticias.com\/v3\/","logo":{"@type":"ImageObject","inLanguage":"es","@id":"https:\/\/cvinoticias.com\/v3\/#\/schema\/logo\/image\/","url":"https:\/\/cvinoticias.com\/wp-content\/uploads\/2023\/04\/cropped-cropped-cropped-cropped-cropped-3-1.png","contentUrl":"https:\/\/cvinoticias.com\/wp-content\/uploads\/2023\/04\/cropped-cropped-cropped-cropped-cropped-3-1.png","width":95,"height":122,"caption":"CVI NOTICIAS"},"image":{"@id":"https:\/\/cvinoticias.com\/v3\/#\/schema\/logo\/image\/"},"sameAs":["https:\/\/www.facebook.com\/cvinoticias","https:\/\/www.instagram.com\/cvinoticias\/","https:\/\/www.youtube.com\/@CVINOTICIAS"]},{"@type":"Person","@id":"https:\/\/cvinoticias.com\/v3\/#\/schema\/person\/2db77e3c6bc03c538495d7b2b8be9b66","name":"f1000024","image":{"@type":"ImageObject","inLanguage":"es","@id":"https:\/\/secure.gravatar.com\/avatar\/d4fe7459cfc51ff5129ce1a732bbef5928568b8092d412ef95611616376bbeed?s=96&d=mm&r=g","url":"https:\/\/secure.gravatar.com\/avatar\/d4fe7459cfc51ff5129ce1a732bbef5928568b8092d412ef95611616376bbeed?s=96&d=mm&r=g","contentUrl":"https:\/\/secure.gravatar.com\/avatar\/d4fe7459cfc51ff5129ce1a732bbef5928568b8092d412ef95611616376bbeed?s=96&d=mm&r=g","caption":"f1000024"},"url":"https:\/\/cvinoticias.com\/v3\/author\/f1000024\/"}]}},"_links":{"self":[{"href":"https:\/\/cvinoticias.com\/v3\/wp-json\/wp\/v2\/posts\/11407","targetHints":{"allow":["GET"]}}],"collection":[{"href":"https:\/\/cvinoticias.com\/v3\/wp-json\/wp\/v2\/posts"}],"about":[{"href":"https:\/\/cvinoticias.com\/v3\/wp-json\/wp\/v2\/types\/post"}],"author":[{"embeddable":true,"href":"https:\/\/cvinoticias.com\/v3\/wp-json\/wp\/v2\/users\/2"}],"replies":[{"embeddable":true,"href":"https:\/\/cvinoticias.com\/v3\/wp-json\/wp\/v2\/comments?post=11407"}],"version-history":[{"count":1,"href":"https:\/\/cvinoticias.com\/v3\/wp-json\/wp\/v2\/posts\/11407\/revisions"}],"predecessor-version":[{"id":11409,"href":"https:\/\/cvinoticias.com\/v3\/wp-json\/wp\/v2\/posts\/11407\/revisions\/11409"}],"wp:featuredmedia":[{"embeddable":true,"href":"https:\/\/cvinoticias.com\/v3\/wp-json\/wp\/v2\/media\/11408"}],"wp:attachment":[{"href":"https:\/\/cvinoticias.com\/v3\/wp-json\/wp\/v2\/media?parent=11407"}],"wp:term":[{"taxonomy":"category","embeddable":true,"href":"https:\/\/cvinoticias.com\/v3\/wp-json\/wp\/v2\/categories?post=11407"},{"taxonomy":"post_tag","embeddable":true,"href":"https:\/\/cvinoticias.com\/v3\/wp-json\/wp\/v2\/tags?post=11407"}],"curies":[{"name":"wp","href":"https:\/\/api.w.org\/{rel}","templated":true}]}}