{"id":11190,"date":"2021-12-05T05:55:32","date_gmt":"2021-12-05T05:55:32","guid":{"rendered":"https:\/\/cvinoticias.com\/v3\/?p=11190"},"modified":"2021-12-05T05:55:32","modified_gmt":"2021-12-05T05:55:32","slug":"lammens-anuncio-que-el-programa-previaje-se-convertira-en-ley","status":"publish","type":"post","link":"https:\/\/cvinoticias.com\/v3\/lammens-anuncio-que-el-programa-previaje-se-convertira-en-ley\/","title":{"rendered":"Lammens anunci\u00f3 que el programa Previaje se convertir\u00e1 en ley"},"content":{"rendered":"\n<p><strong><em>En el marco de la inaugurci\u00f3n de la FIT 2021, el ministro de Turismo y Deportes asegur\u00f3 que el Gobieron impulsa la conversi\u00f3n del plan en una pol\u00edtica de Estado y el objetivo de crear 250 mil puestos de trabajo en el sector.<\/em><\/strong><\/p>\n\n\n\n<p>El ministro de Turismo y Deportes, Mat\u00edas Lammens, formul\u00f3 este s\u00e1bado anuncios de coyuntura y de fondo para el sector en su discurso inaugural de la FIT 2021, como el llamado a una mesa de trabajo para analizar la cancelaci\u00f3n de ventas de pasajes al exterior en cuotas, la conversi\u00f3n del Plan Previaje en una pol\u00edtica de Estado y el objetivo de crear 250 mil puestos de trabajo en turismo.<\/p>\n\n\n\n<p><br>Entre los planes del Gobierno, Lammens destac\u00f3 al Previaje, que en su segunda etapa \u201cquintuplic\u00f3 los n\u00fameros de la primera edici\u00f3n y creo que vamos a terminar el a\u00f1o por encima de los 60.000 millones de pesos contra los 10.000 del a\u00f1o pasado\u201d.<br>Sobre la iniciativa de convertir este plan en ley, anunci\u00f3 que presentar\u00e1n el proyecto \u201ca cada uno de los gobernadores, a cada una de las c\u00e1maras de las provincias, la estamos trabajando con Gustavo (Hani); en esta semana o la que viene vamos a estar con todas las c\u00e1maras recibiendo la jefe de Gabinete (Juan Manzur), para que venga a la puerta del sector privado\u201d.<br>\u201cQueremos que sea una ley muy robusta, que deje a Previaje como una pol\u00edtica de Estado, porque previaje fue la pol\u00edtica p\u00fablica m\u00e1s importante de la historia en t\u00e9rminos de turismo\u201d, asegur\u00f3.<\/p>\n\n\n\n<p><br>Mediante esa ley, sigui\u00f3, \u201cqueremos que tengan diferentes exenciones impositivas quienes vengan a invertir en turismo, la posibilidad de un bono fiscal que les reconozca esas inversiones, queremos un diferimiento de las contribuciones patronales\u201d.<br>Lammens dijo que, \u201cen definitiva, estamos buscando que cada vez pese m\u00e1s, que el porcentaje del PBI vinculado a la actividad de turismo sea mayor\u201d y agreg\u00f3 que \u201cterminamos con 10 puntos en 2019; buscamos que sea de 13 a 14 puntos y generar en los pr\u00f3ximos a\u00f1os 250.000 puestos de trabajo\u201d.<\/p>\n\n\n\n<p><br>\u201cEntiendo las preocupaciones de una parte del sector con lo que pas\u00f3 con los pasajes en cuotas\u201d, expres\u00f3 Lammens luego que en el discurso previo Gustao Hani, presidente de la FIT 2021, de Faevyt y la CAM, reclamara \u201creglas claras\u201d y previsibilidad en la toma de decisiones desde el Gobierno respecto a la cancelaci\u00f3n de la venta de pasajes al exterior en cuotas.<br>Tras asegurar que \u201cvamos a trabajar\u201d, se\u00f1al\u00f3 que al recibir los primeros reclamos, \u201cr\u00e1pidamente se convoc\u00f3 a una mesa de trabajo, que no tengo dudas que va a dar resultados\u201d.<\/p>\n\n\n\n<p>Lammens explic\u00f3 que quienes conducen el pa\u00eds \u201ctenemos responsabilidades en el gobierno nacional, que es cuidar los d\u00f3lares, cuidar las reservas que tenemos, porque para seguir creciendo Argentina las necesita para tener un crecimiento sostenido pero tambi\u00e9n entendemos que el turismo es una de las industrias que nos va a ayudar en ese crecimiento, en la generaci\u00f3n de divisas\u201d.<\/p>\n\n\n\n<p><br>\u201cEntendemos tambi\u00e9n que necesitamos conectividad y para que esa conectividad exista, que los vuelos vengan, tienen que ir y venir con turistas de los dos lados, as\u00ed que vamos a trabajar para buscarle una soluci\u00f3n a eso, es el compromiso que asumimos con Gustavo (Hani) y con todas las c\u00e1maras\u201d, acot\u00f3.<\/p>\n\n\n\n<p><br>El ministro aclar\u00f3 que \u201cel sector tur\u00edstico y la Argentina tiene que definitivamente desarrollar una burgues\u00eda nacional que priorice los intereses de la Argentina por encima de los personales; es muy dif\u00edcil pero aquellos pa\u00edses que los tienen son los que han logrado un desarrollo importante, que tienen niveles de desempleo marginales y que no tienen pr\u00e1cticamente pobreza\u201d.<br>Lammens explic\u00f3 que \u201csi bien el turismo es una de las principales fuentes de ingresos de divisas, tambi\u00e9n es verdad que para un pa\u00eds que tiene un problema de restricci\u00f3n interna, como Argentina, que necesita los d\u00f3lares para seguir creciendo, necesita dar vuelta el d\u00e9ficit en la cuenta de viajes que tuvo en los \u00faltimos a\u00f1os\u201d, algo que \u201ces un problema y creemos que tenemos una gran oportunidad para revertirlo\u201d.<\/p>\n\n\n\n<p><br>Tambi\u00e9n record\u00f3 que debido a la pandemia \u201cdebimos dar un golpe de tim\u00f3n que tuvo que ver con el presupuesto, y reconvertir todo lo que ten\u00edamos para promoci\u00f3n y ponerlo en cada una de las empresas, sobre todo las pymes, que son el 96% de las empresas del sector, para sostener esos trabajos del sector, m\u00e1s de un mill\u00f3n en todo el pa\u00eds\u201d.<\/p>\n\n\n\n<p><br>Luego enumer\u00f3 los planes puestos en pr\u00e1ctica en ese marco como el de Asistencia al Trabajo y la Producci\u00f3n, los Repro y otros del Minturdep, con financiamiento internacional, que sumaron \u201csolamente el a\u00f1o pasado m\u00e1s de 60.000 millones de pesos en el sector, que fue uno de los sectores que m\u00e1s ayud\u00f3 el Gobierno\u201d, al cual consideran \u201cun sector estrat\u00e9gico para el desarrollo de la econom\u00eda de los pr\u00f3ximos a\u00f1os\u201d.<\/p>\n","protected":false},"excerpt":{"rendered":"<p>En el marco de la inaugurci\u00f3n de la FIT 2021, el ministro de Turismo y Deportes asegur\u00f3 que el Gobieron impulsa la conversi\u00f3n del plan en una pol\u00edtica de Estado y el objetivo de crear 250 mil puestos de trabajo en el sector. El ministro de Turismo y Deportes, Mat\u00edas Lammens, formul\u00f3 este s\u00e1bado anuncios [&hellip;]<\/p>\n","protected":false},"author":2,"featured_media":11191,"comment_status":"open","ping_status":"open","sticky":false,"template":"","format":"standard","meta":{"footnotes":""},"categories":[50],"tags":[],"class_list":["post-11190","post","type-post","status-publish","format-standard","has-post-thumbnail","hentry","category-turismo"],"yoast_head":"<!-- This site is optimized with the Yoast SEO plugin v27.5 - https:\/\/yoast.com\/product\/yoast-seo-wordpress\/ -->\n<title>Lammens anunci\u00f3 que el programa Previaje se convertir\u00e1 en ley | CVI NOTICIAS<\/title>\n<meta name=\"robots\" content=\"index, follow, max-snippet:-1, max-image-preview:large, max-video-preview:-1\" \/>\n<link rel=\"canonical\" href=\"https:\/\/cvinoticias.com\/v3\/lammens-anuncio-que-el-programa-previaje-se-convertira-en-ley\/\" \/>\n<meta property=\"og:locale\" content=\"es_ES\" \/>\n<meta property=\"og:type\" content=\"article\" \/>\n<meta property=\"og:title\" content=\"Lammens anunci\u00f3 que el programa Previaje se convertir\u00e1 en ley | CVI NOTICIAS\" \/>\n<meta property=\"og:description\" content=\"En el marco de la inaugurci\u00f3n de la FIT 2021, el ministro de Turismo y Deportes asegur\u00f3 que el Gobieron impulsa la conversi\u00f3n del plan en una pol\u00edtica de Estado y el objetivo de crear 250 mil puestos de trabajo en el sector. El ministro de Turismo y Deportes, Mat\u00edas Lammens, formul\u00f3 este s\u00e1bado anuncios [&hellip;]\" \/>\n<meta property=\"og:url\" content=\"https:\/\/cvinoticias.com\/v3\/lammens-anuncio-que-el-programa-previaje-se-convertira-en-ley\/\" \/>\n<meta property=\"og:site_name\" content=\"CVI NOTICIAS\" \/>\n<meta property=\"article:publisher\" content=\"https:\/\/www.facebook.com\/cvinoticias\" \/>\n<meta property=\"article:published_time\" content=\"2021-12-05T05:55:32+00:00\" \/>\n<meta property=\"og:image\" content=\"https:\/\/cvinoticias.com\/wp-content\/uploads\/2021\/12\/Screenshot_20211205-025430_Gallery.jpg\" \/>\n\t<meta property=\"og:image:width\" content=\"1080\" \/>\n\t<meta property=\"og:image:height\" content=\"592\" \/>\n\t<meta property=\"og:image:type\" content=\"image\/jpeg\" \/>\n<meta name=\"author\" content=\"f1000024\" \/>\n<meta name=\"twitter:card\" content=\"summary_large_image\" \/>\n<meta name=\"twitter:label1\" content=\"Escrito por\" \/>\n\t<meta name=\"twitter:data1\" content=\"f1000024\" \/>\n\t<meta name=\"twitter:label2\" content=\"Tiempo de lectura\" \/>\n\t<meta name=\"twitter:data2\" content=\"4 minutos\" \/>\n<script type=\"application\/ld+json\" class=\"yoast-schema-graph\">{\"@context\":\"https:\\\/\\\/schema.org\",\"@graph\":[{\"@type\":\"Article\",\"@id\":\"https:\\\/\\\/cvinoticias.com\\\/v3\\\/lammens-anuncio-que-el-programa-previaje-se-convertira-en-ley\\\/#article\",\"isPartOf\":{\"@id\":\"https:\\\/\\\/cvinoticias.com\\\/v3\\\/lammens-anuncio-que-el-programa-previaje-se-convertira-en-ley\\\/\"},\"author\":{\"name\":\"f1000024\",\"@id\":\"https:\\\/\\\/cvinoticias.com\\\/v3\\\/#\\\/schema\\\/person\\\/2db77e3c6bc03c538495d7b2b8be9b66\"},\"headline\":\"Lammens anunci\u00f3 que el programa Previaje se convertir\u00e1 en ley\",\"datePublished\":\"2021-12-05T05:55:32+00:00\",\"mainEntityOfPage\":{\"@id\":\"https:\\\/\\\/cvinoticias.com\\\/v3\\\/lammens-anuncio-que-el-programa-previaje-se-convertira-en-ley\\\/\"},\"wordCount\":859,\"commentCount\":0,\"publisher\":{\"@id\":\"https:\\\/\\\/cvinoticias.com\\\/v3\\\/#organization\"},\"image\":{\"@id\":\"https:\\\/\\\/cvinoticias.com\\\/v3\\\/lammens-anuncio-que-el-programa-previaje-se-convertira-en-ley\\\/#primaryimage\"},\"thumbnailUrl\":\"https:\\\/\\\/cvinoticias.com\\\/wp-content\\\/uploads\\\/2021\\\/12\\\/Screenshot_20211205-025430_Gallery.jpg\",\"articleSection\":[\"Turismo\"],\"inLanguage\":\"es\",\"potentialAction\":[{\"@type\":\"CommentAction\",\"name\":\"Comment\",\"target\":[\"https:\\\/\\\/cvinoticias.com\\\/v3\\\/lammens-anuncio-que-el-programa-previaje-se-convertira-en-ley\\\/#respond\"]}]},{\"@type\":\"WebPage\",\"@id\":\"https:\\\/\\\/cvinoticias.com\\\/v3\\\/lammens-anuncio-que-el-programa-previaje-se-convertira-en-ley\\\/\",\"url\":\"https:\\\/\\\/cvinoticias.com\\\/v3\\\/lammens-anuncio-que-el-programa-previaje-se-convertira-en-ley\\\/\",\"name\":\"Lammens anunci\u00f3 que el programa Previaje se convertir\u00e1 en ley | CVI NOTICIAS\",\"isPartOf\":{\"@id\":\"https:\\\/\\\/cvinoticias.com\\\/v3\\\/#website\"},\"primaryImageOfPage\":{\"@id\":\"https:\\\/\\\/cvinoticias.com\\\/v3\\\/lammens-anuncio-que-el-programa-previaje-se-convertira-en-ley\\\/#primaryimage\"},\"image\":{\"@id\":\"https:\\\/\\\/cvinoticias.com\\\/v3\\\/lammens-anuncio-que-el-programa-previaje-se-convertira-en-ley\\\/#primaryimage\"},\"thumbnailUrl\":\"https:\\\/\\\/cvinoticias.com\\\/wp-content\\\/uploads\\\/2021\\\/12\\\/Screenshot_20211205-025430_Gallery.jpg\",\"datePublished\":\"2021-12-05T05:55:32+00:00\",\"breadcrumb\":{\"@id\":\"https:\\\/\\\/cvinoticias.com\\\/v3\\\/lammens-anuncio-que-el-programa-previaje-se-convertira-en-ley\\\/#breadcrumb\"},\"inLanguage\":\"es\",\"potentialAction\":[{\"@type\":\"ReadAction\",\"target\":[\"https:\\\/\\\/cvinoticias.com\\\/v3\\\/lammens-anuncio-que-el-programa-previaje-se-convertira-en-ley\\\/\"]}]},{\"@type\":\"ImageObject\",\"inLanguage\":\"es\",\"@id\":\"https:\\\/\\\/cvinoticias.com\\\/v3\\\/lammens-anuncio-que-el-programa-previaje-se-convertira-en-ley\\\/#primaryimage\",\"url\":\"https:\\\/\\\/cvinoticias.com\\\/wp-content\\\/uploads\\\/2021\\\/12\\\/Screenshot_20211205-025430_Gallery.jpg\",\"contentUrl\":\"https:\\\/\\\/cvinoticias.com\\\/wp-content\\\/uploads\\\/2021\\\/12\\\/Screenshot_20211205-025430_Gallery.jpg\",\"width\":1080,\"height\":592},{\"@type\":\"BreadcrumbList\",\"@id\":\"https:\\\/\\\/cvinoticias.com\\\/v3\\\/lammens-anuncio-que-el-programa-previaje-se-convertira-en-ley\\\/#breadcrumb\",\"itemListElement\":[{\"@type\":\"ListItem\",\"position\":1,\"name\":\"Portada\",\"item\":\"https:\\\/\\\/cvinoticias.com\\\/v3\\\/\"},{\"@type\":\"ListItem\",\"position\":2,\"name\":\"Lammens anunci\u00f3 que el programa Previaje se convertir\u00e1 en ley\"}]},{\"@type\":\"WebSite\",\"@id\":\"https:\\\/\\\/cvinoticias.com\\\/v3\\\/#website\",\"url\":\"https:\\\/\\\/cvinoticias.com\\\/v3\\\/\",\"name\":\"CVI NOTICIAS\",\"description\":\"\",\"publisher\":{\"@id\":\"https:\\\/\\\/cvinoticias.com\\\/v3\\\/#organization\"},\"alternateName\":\"CVI\",\"potentialAction\":[{\"@type\":\"SearchAction\",\"target\":{\"@type\":\"EntryPoint\",\"urlTemplate\":\"https:\\\/\\\/cvinoticias.com\\\/v3\\\/?s={search_term_string}\"},\"query-input\":{\"@type\":\"PropertyValueSpecification\",\"valueRequired\":true,\"valueName\":\"search_term_string\"}}],\"inLanguage\":\"es\"},{\"@type\":\"Organization\",\"@id\":\"https:\\\/\\\/cvinoticias.com\\\/v3\\\/#organization\",\"name\":\"CVI NOTICIAS\",\"url\":\"https:\\\/\\\/cvinoticias.com\\\/v3\\\/\",\"logo\":{\"@type\":\"ImageObject\",\"inLanguage\":\"es\",\"@id\":\"https:\\\/\\\/cvinoticias.com\\\/v3\\\/#\\\/schema\\\/logo\\\/image\\\/\",\"url\":\"https:\\\/\\\/cvinoticias.com\\\/wp-content\\\/uploads\\\/2023\\\/04\\\/cropped-cropped-cropped-cropped-cropped-3-1.png\",\"contentUrl\":\"https:\\\/\\\/cvinoticias.com\\\/wp-content\\\/uploads\\\/2023\\\/04\\\/cropped-cropped-cropped-cropped-cropped-3-1.png\",\"width\":95,\"height\":122,\"caption\":\"CVI NOTICIAS\"},\"image\":{\"@id\":\"https:\\\/\\\/cvinoticias.com\\\/v3\\\/#\\\/schema\\\/logo\\\/image\\\/\"},\"sameAs\":[\"https:\\\/\\\/www.facebook.com\\\/cvinoticias\",\"https:\\\/\\\/www.instagram.com\\\/cvinoticias\\\/\",\"https:\\\/\\\/www.youtube.com\\\/@CVINOTICIAS\"]},{\"@type\":\"Person\",\"@id\":\"https:\\\/\\\/cvinoticias.com\\\/v3\\\/#\\\/schema\\\/person\\\/2db77e3c6bc03c538495d7b2b8be9b66\",\"name\":\"f1000024\",\"image\":{\"@type\":\"ImageObject\",\"inLanguage\":\"es\",\"@id\":\"https:\\\/\\\/secure.gravatar.com\\\/avatar\\\/d4fe7459cfc51ff5129ce1a732bbef5928568b8092d412ef95611616376bbeed?s=96&d=mm&r=g\",\"url\":\"https:\\\/\\\/secure.gravatar.com\\\/avatar\\\/d4fe7459cfc51ff5129ce1a732bbef5928568b8092d412ef95611616376bbeed?s=96&d=mm&r=g\",\"contentUrl\":\"https:\\\/\\\/secure.gravatar.com\\\/avatar\\\/d4fe7459cfc51ff5129ce1a732bbef5928568b8092d412ef95611616376bbeed?s=96&d=mm&r=g\",\"caption\":\"f1000024\"},\"url\":\"https:\\\/\\\/cvinoticias.com\\\/v3\\\/author\\\/f1000024\\\/\"}]}<\/script>\n<!-- \/ Yoast SEO plugin. -->","yoast_head_json":{"title":"Lammens anunci\u00f3 que el programa Previaje se convertir\u00e1 en ley | CVI NOTICIAS","robots":{"index":"index","follow":"follow","max-snippet":"max-snippet:-1","max-image-preview":"max-image-preview:large","max-video-preview":"max-video-preview:-1"},"canonical":"https:\/\/cvinoticias.com\/v3\/lammens-anuncio-que-el-programa-previaje-se-convertira-en-ley\/","og_locale":"es_ES","og_type":"article","og_title":"Lammens anunci\u00f3 que el programa Previaje se convertir\u00e1 en ley | CVI NOTICIAS","og_description":"En el marco de la inaugurci\u00f3n de la FIT 2021, el ministro de Turismo y Deportes asegur\u00f3 que el Gobieron impulsa la conversi\u00f3n del plan en una pol\u00edtica de Estado y el objetivo de crear 250 mil puestos de trabajo en el sector. El ministro de Turismo y Deportes, Mat\u00edas Lammens, formul\u00f3 este s\u00e1bado anuncios [&hellip;]","og_url":"https:\/\/cvinoticias.com\/v3\/lammens-anuncio-que-el-programa-previaje-se-convertira-en-ley\/","og_site_name":"CVI NOTICIAS","article_publisher":"https:\/\/www.facebook.com\/cvinoticias","article_published_time":"2021-12-05T05:55:32+00:00","og_image":[{"width":1080,"height":592,"url":"https:\/\/cvinoticias.com\/wp-content\/uploads\/2021\/12\/Screenshot_20211205-025430_Gallery.jpg","type":"image\/jpeg"}],"author":"f1000024","twitter_card":"summary_large_image","twitter_misc":{"Escrito por":"f1000024","Tiempo de lectura":"4 minutos"},"schema":{"@context":"https:\/\/schema.org","@graph":[{"@type":"Article","@id":"https:\/\/cvinoticias.com\/v3\/lammens-anuncio-que-el-programa-previaje-se-convertira-en-ley\/#article","isPartOf":{"@id":"https:\/\/cvinoticias.com\/v3\/lammens-anuncio-que-el-programa-previaje-se-convertira-en-ley\/"},"author":{"name":"f1000024","@id":"https:\/\/cvinoticias.com\/v3\/#\/schema\/person\/2db77e3c6bc03c538495d7b2b8be9b66"},"headline":"Lammens anunci\u00f3 que el programa Previaje se convertir\u00e1 en ley","datePublished":"2021-12-05T05:55:32+00:00","mainEntityOfPage":{"@id":"https:\/\/cvinoticias.com\/v3\/lammens-anuncio-que-el-programa-previaje-se-convertira-en-ley\/"},"wordCount":859,"commentCount":0,"publisher":{"@id":"https:\/\/cvinoticias.com\/v3\/#organization"},"image":{"@id":"https:\/\/cvinoticias.com\/v3\/lammens-anuncio-que-el-programa-previaje-se-convertira-en-ley\/#primaryimage"},"thumbnailUrl":"https:\/\/cvinoticias.com\/wp-content\/uploads\/2021\/12\/Screenshot_20211205-025430_Gallery.jpg","articleSection":["Turismo"],"inLanguage":"es","potentialAction":[{"@type":"CommentAction","name":"Comment","target":["https:\/\/cvinoticias.com\/v3\/lammens-anuncio-que-el-programa-previaje-se-convertira-en-ley\/#respond"]}]},{"@type":"WebPage","@id":"https:\/\/cvinoticias.com\/v3\/lammens-anuncio-que-el-programa-previaje-se-convertira-en-ley\/","url":"https:\/\/cvinoticias.com\/v3\/lammens-anuncio-que-el-programa-previaje-se-convertira-en-ley\/","name":"Lammens anunci\u00f3 que el programa Previaje se convertir\u00e1 en ley | CVI NOTICIAS","isPartOf":{"@id":"https:\/\/cvinoticias.com\/v3\/#website"},"primaryImageOfPage":{"@id":"https:\/\/cvinoticias.com\/v3\/lammens-anuncio-que-el-programa-previaje-se-convertira-en-ley\/#primaryimage"},"image":{"@id":"https:\/\/cvinoticias.com\/v3\/lammens-anuncio-que-el-programa-previaje-se-convertira-en-ley\/#primaryimage"},"thumbnailUrl":"https:\/\/cvinoticias.com\/wp-content\/uploads\/2021\/12\/Screenshot_20211205-025430_Gallery.jpg","datePublished":"2021-12-05T05:55:32+00:00","breadcrumb":{"@id":"https:\/\/cvinoticias.com\/v3\/lammens-anuncio-que-el-programa-previaje-se-convertira-en-ley\/#breadcrumb"},"inLanguage":"es","potentialAction":[{"@type":"ReadAction","target":["https:\/\/cvinoticias.com\/v3\/lammens-anuncio-que-el-programa-previaje-se-convertira-en-ley\/"]}]},{"@type":"ImageObject","inLanguage":"es","@id":"https:\/\/cvinoticias.com\/v3\/lammens-anuncio-que-el-programa-previaje-se-convertira-en-ley\/#primaryimage","url":"https:\/\/cvinoticias.com\/wp-content\/uploads\/2021\/12\/Screenshot_20211205-025430_Gallery.jpg","contentUrl":"https:\/\/cvinoticias.com\/wp-content\/uploads\/2021\/12\/Screenshot_20211205-025430_Gallery.jpg","width":1080,"height":592},{"@type":"BreadcrumbList","@id":"https:\/\/cvinoticias.com\/v3\/lammens-anuncio-que-el-programa-previaje-se-convertira-en-ley\/#breadcrumb","itemListElement":[{"@type":"ListItem","position":1,"name":"Portada","item":"https:\/\/cvinoticias.com\/v3\/"},{"@type":"ListItem","position":2,"name":"Lammens anunci\u00f3 que el programa Previaje se convertir\u00e1 en ley"}]},{"@type":"WebSite","@id":"https:\/\/cvinoticias.com\/v3\/#website","url":"https:\/\/cvinoticias.com\/v3\/","name":"CVI NOTICIAS","description":"","publisher":{"@id":"https:\/\/cvinoticias.com\/v3\/#organization"},"alternateName":"CVI","potentialAction":[{"@type":"SearchAction","target":{"@type":"EntryPoint","urlTemplate":"https:\/\/cvinoticias.com\/v3\/?s={search_term_string}"},"query-input":{"@type":"PropertyValueSpecification","valueRequired":true,"valueName":"search_term_string"}}],"inLanguage":"es"},{"@type":"Organization","@id":"https:\/\/cvinoticias.com\/v3\/#organization","name":"CVI NOTICIAS","url":"https:\/\/cvinoticias.com\/v3\/","logo":{"@type":"ImageObject","inLanguage":"es","@id":"https:\/\/cvinoticias.com\/v3\/#\/schema\/logo\/image\/","url":"https:\/\/cvinoticias.com\/wp-content\/uploads\/2023\/04\/cropped-cropped-cropped-cropped-cropped-3-1.png","contentUrl":"https:\/\/cvinoticias.com\/wp-content\/uploads\/2023\/04\/cropped-cropped-cropped-cropped-cropped-3-1.png","width":95,"height":122,"caption":"CVI NOTICIAS"},"image":{"@id":"https:\/\/cvinoticias.com\/v3\/#\/schema\/logo\/image\/"},"sameAs":["https:\/\/www.facebook.com\/cvinoticias","https:\/\/www.instagram.com\/cvinoticias\/","https:\/\/www.youtube.com\/@CVINOTICIAS"]},{"@type":"Person","@id":"https:\/\/cvinoticias.com\/v3\/#\/schema\/person\/2db77e3c6bc03c538495d7b2b8be9b66","name":"f1000024","image":{"@type":"ImageObject","inLanguage":"es","@id":"https:\/\/secure.gravatar.com\/avatar\/d4fe7459cfc51ff5129ce1a732bbef5928568b8092d412ef95611616376bbeed?s=96&d=mm&r=g","url":"https:\/\/secure.gravatar.com\/avatar\/d4fe7459cfc51ff5129ce1a732bbef5928568b8092d412ef95611616376bbeed?s=96&d=mm&r=g","contentUrl":"https:\/\/secure.gravatar.com\/avatar\/d4fe7459cfc51ff5129ce1a732bbef5928568b8092d412ef95611616376bbeed?s=96&d=mm&r=g","caption":"f1000024"},"url":"https:\/\/cvinoticias.com\/v3\/author\/f1000024\/"}]}},"_links":{"self":[{"href":"https:\/\/cvinoticias.com\/v3\/wp-json\/wp\/v2\/posts\/11190","targetHints":{"allow":["GET"]}}],"collection":[{"href":"https:\/\/cvinoticias.com\/v3\/wp-json\/wp\/v2\/posts"}],"about":[{"href":"https:\/\/cvinoticias.com\/v3\/wp-json\/wp\/v2\/types\/post"}],"author":[{"embeddable":true,"href":"https:\/\/cvinoticias.com\/v3\/wp-json\/wp\/v2\/users\/2"}],"replies":[{"embeddable":true,"href":"https:\/\/cvinoticias.com\/v3\/wp-json\/wp\/v2\/comments?post=11190"}],"version-history":[{"count":1,"href":"https:\/\/cvinoticias.com\/v3\/wp-json\/wp\/v2\/posts\/11190\/revisions"}],"predecessor-version":[{"id":11192,"href":"https:\/\/cvinoticias.com\/v3\/wp-json\/wp\/v2\/posts\/11190\/revisions\/11192"}],"wp:featuredmedia":[{"embeddable":true,"href":"https:\/\/cvinoticias.com\/v3\/wp-json\/wp\/v2\/media\/11191"}],"wp:attachment":[{"href":"https:\/\/cvinoticias.com\/v3\/wp-json\/wp\/v2\/media?parent=11190"}],"wp:term":[{"taxonomy":"category","embeddable":true,"href":"https:\/\/cvinoticias.com\/v3\/wp-json\/wp\/v2\/categories?post=11190"},{"taxonomy":"post_tag","embeddable":true,"href":"https:\/\/cvinoticias.com\/v3\/wp-json\/wp\/v2\/tags?post=11190"}],"curies":[{"name":"wp","href":"https:\/\/api.w.org\/{rel}","templated":true}]}}