{"id":11106,"date":"2021-12-02T10:41:35","date_gmt":"2021-12-02T10:41:35","guid":{"rendered":"https:\/\/cvinoticias.com\/v3\/?p=11106"},"modified":"2021-12-02T18:10:34","modified_gmt":"2021-12-02T18:10:34","slug":"fit-feria-internacional-de-turismo-del-4-al-7-de-diciembre","status":"publish","type":"post","link":"https:\/\/cvinoticias.com\/v3\/fit-feria-internacional-de-turismo-del-4-al-7-de-diciembre\/","title":{"rendered":"FIT &#8211; Feria Internacional de Turismo del 4 al 7 de diciembre"},"content":{"rendered":"\n<p><strong><em>La Feria Internacional de Turismo de Am\u00e9rica Latina &#8211; FIT se realizar\u00e1 en Buenos Aires del 4 al 7 de diciembre de 2021, en el predio de La Rural. Se espera r\u00e9cord de visitantes.<\/em><\/strong><\/p>\n\n\n\n<p>La tradicional feria tur\u00edstica regresa a la actividad luego de la suspensi\u00f3n en 2020 por la pandemia de Covid-19, en su vig\u00e9simo quinta edici\u00f3n con el objetivo de reunir a los profesionales del trade y reanimar una industria que ha sufrido mucho durante el \u00faltimo a\u00f1o y medio, por lo que la vuelta de la tradicional Feria es muy esperada por todos los trabajadores del sector.<\/p>\n\n\n\n<p>Sin dudas, la FIT es el punto de encuentro del turismo de Latinoam\u00e9rica y el mundo, y a\u00f1o a a\u00f1o se destaca por su gran convocatoria, variedad de opciones tur\u00edsticas involucradas y el atractivo de cada uno de sus stands, con presentaciones de diverso tipo y espect\u00e1culos art\u00edsticos.<\/p>\n\n\n\n<p>En un paso m\u00e1s hacia la nueva normalidad, FIT potencia su negocio reuniendo m\u00e1s de 90 mil visitantes en b\u00fasqueda de las mejores opciones del sector, en conjunto con un p\u00fablico profesional \u00e1vido de encontrar los principales y m\u00e1s calificados proveedores para sus negocios. En su \u00faltima edici\u00f3n, en 2019, recibi\u00f3 a m\u00e1s de 103.000 visitantes entre profesionales del sector y p\u00fablico general, con la participaci\u00f3n de m\u00e1s de 50 pa\u00edses expositores y todas las provincias argentinas.<\/p>\n\n\n\n<p>Mediante un comunicado oficial emitido por la organizaci\u00f3n, precisaron que el turismo conforma \u201cun sector que nunca baj\u00f3 los brazos y que proyecta volver a convertirse en uno de los grandes motores econ\u00f3micos del pa\u00eds, pone grandes expectativas en la 25 edici\u00f3n de FIT ofreciendo todo el turismo en un solo lugar\u201c.<\/p>\n","protected":false},"excerpt":{"rendered":"<p>La Feria Internacional de Turismo de Am\u00e9rica Latina &#8211; FIT se realizar\u00e1 en Buenos Aires del 4 al 7 de diciembre de 2021, en el predio de La Rural. Se espera r\u00e9cord de visitantes. La tradicional feria tur\u00edstica regresa a la actividad luego de la suspensi\u00f3n en 2020 por la pandemia de Covid-19, en su [&hellip;]<\/p>\n","protected":false},"author":2,"featured_media":11107,"comment_status":"open","ping_status":"open","sticky":false,"template":"","format":"standard","meta":{"footnotes":""},"categories":[50],"tags":[],"class_list":["post-11106","post","type-post","status-publish","format-standard","has-post-thumbnail","hentry","category-turismo"],"yoast_head":"<!-- This site is optimized with the Yoast SEO plugin v27.4 - https:\/\/yoast.com\/product\/yoast-seo-wordpress\/ -->\n<title>FIT - Feria Internacional de Turismo del 4 al 7 de diciembre | CVI NOTICIAS<\/title>\n<meta name=\"robots\" content=\"index, follow, max-snippet:-1, max-image-preview:large, max-video-preview:-1\" \/>\n<link rel=\"canonical\" href=\"https:\/\/cvinoticias.com\/v3\/fit-feria-internacional-de-turismo-del-4-al-7-de-diciembre\/\" \/>\n<meta property=\"og:locale\" content=\"es_ES\" \/>\n<meta property=\"og:type\" content=\"article\" \/>\n<meta property=\"og:title\" content=\"FIT - Feria Internacional de Turismo del 4 al 7 de diciembre | CVI NOTICIAS\" \/>\n<meta property=\"og:description\" content=\"La Feria Internacional de Turismo de Am\u00e9rica Latina &#8211; FIT se realizar\u00e1 en Buenos Aires del 4 al 7 de diciembre de 2021, en el predio de La Rural. Se espera r\u00e9cord de visitantes. La tradicional feria tur\u00edstica regresa a la actividad luego de la suspensi\u00f3n en 2020 por la pandemia de Covid-19, en su [&hellip;]\" \/>\n<meta property=\"og:url\" content=\"https:\/\/cvinoticias.com\/v3\/fit-feria-internacional-de-turismo-del-4-al-7-de-diciembre\/\" \/>\n<meta property=\"og:site_name\" content=\"CVI NOTICIAS\" \/>\n<meta property=\"article:publisher\" content=\"https:\/\/www.facebook.com\/cvinoticias\" \/>\n<meta property=\"article:published_time\" content=\"2021-12-02T10:41:35+00:00\" \/>\n<meta property=\"article:modified_time\" content=\"2021-12-02T18:10:34+00:00\" \/>\n<meta property=\"og:image\" content=\"https:\/\/cvinoticias.com\/wp-content\/uploads\/2021\/12\/Screenshot_20211202-073934_Chrome.jpg\" \/>\n\t<meta property=\"og:image:width\" content=\"1080\" \/>\n\t<meta property=\"og:image:height\" content=\"1405\" \/>\n\t<meta property=\"og:image:type\" content=\"image\/jpeg\" \/>\n<meta name=\"author\" content=\"f1000024\" \/>\n<meta name=\"twitter:card\" content=\"summary_large_image\" \/>\n<meta name=\"twitter:label1\" content=\"Escrito por\" \/>\n\t<meta name=\"twitter:data1\" content=\"f1000024\" \/>\n\t<meta name=\"twitter:label2\" content=\"Tiempo de lectura\" \/>\n\t<meta name=\"twitter:data2\" content=\"1 minuto\" \/>\n<script type=\"application\/ld+json\" class=\"yoast-schema-graph\">{\"@context\":\"https:\\\/\\\/schema.org\",\"@graph\":[{\"@type\":\"Article\",\"@id\":\"https:\\\/\\\/cvinoticias.com\\\/v3\\\/fit-feria-internacional-de-turismo-del-4-al-7-de-diciembre\\\/#article\",\"isPartOf\":{\"@id\":\"https:\\\/\\\/cvinoticias.com\\\/v3\\\/fit-feria-internacional-de-turismo-del-4-al-7-de-diciembre\\\/\"},\"author\":{\"name\":\"f1000024\",\"@id\":\"https:\\\/\\\/cvinoticias.com\\\/v3\\\/#\\\/schema\\\/person\\\/2db77e3c6bc03c538495d7b2b8be9b66\"},\"headline\":\"FIT &#8211; Feria Internacional de Turismo del 4 al 7 de diciembre\",\"datePublished\":\"2021-12-02T10:41:35+00:00\",\"dateModified\":\"2021-12-02T18:10:34+00:00\",\"mainEntityOfPage\":{\"@id\":\"https:\\\/\\\/cvinoticias.com\\\/v3\\\/fit-feria-internacional-de-turismo-del-4-al-7-de-diciembre\\\/\"},\"wordCount\":306,\"commentCount\":0,\"publisher\":{\"@id\":\"https:\\\/\\\/cvinoticias.com\\\/v3\\\/#organization\"},\"image\":{\"@id\":\"https:\\\/\\\/cvinoticias.com\\\/v3\\\/fit-feria-internacional-de-turismo-del-4-al-7-de-diciembre\\\/#primaryimage\"},\"thumbnailUrl\":\"https:\\\/\\\/cvinoticias.com\\\/wp-content\\\/uploads\\\/2021\\\/12\\\/Screenshot_20211202-073934_Chrome.jpg\",\"articleSection\":[\"Turismo\"],\"inLanguage\":\"es\",\"potentialAction\":[{\"@type\":\"CommentAction\",\"name\":\"Comment\",\"target\":[\"https:\\\/\\\/cvinoticias.com\\\/v3\\\/fit-feria-internacional-de-turismo-del-4-al-7-de-diciembre\\\/#respond\"]}]},{\"@type\":\"WebPage\",\"@id\":\"https:\\\/\\\/cvinoticias.com\\\/v3\\\/fit-feria-internacional-de-turismo-del-4-al-7-de-diciembre\\\/\",\"url\":\"https:\\\/\\\/cvinoticias.com\\\/v3\\\/fit-feria-internacional-de-turismo-del-4-al-7-de-diciembre\\\/\",\"name\":\"FIT - Feria Internacional de Turismo del 4 al 7 de diciembre | CVI NOTICIAS\",\"isPartOf\":{\"@id\":\"https:\\\/\\\/cvinoticias.com\\\/v3\\\/#website\"},\"primaryImageOfPage\":{\"@id\":\"https:\\\/\\\/cvinoticias.com\\\/v3\\\/fit-feria-internacional-de-turismo-del-4-al-7-de-diciembre\\\/#primaryimage\"},\"image\":{\"@id\":\"https:\\\/\\\/cvinoticias.com\\\/v3\\\/fit-feria-internacional-de-turismo-del-4-al-7-de-diciembre\\\/#primaryimage\"},\"thumbnailUrl\":\"https:\\\/\\\/cvinoticias.com\\\/wp-content\\\/uploads\\\/2021\\\/12\\\/Screenshot_20211202-073934_Chrome.jpg\",\"datePublished\":\"2021-12-02T10:41:35+00:00\",\"dateModified\":\"2021-12-02T18:10:34+00:00\",\"breadcrumb\":{\"@id\":\"https:\\\/\\\/cvinoticias.com\\\/v3\\\/fit-feria-internacional-de-turismo-del-4-al-7-de-diciembre\\\/#breadcrumb\"},\"inLanguage\":\"es\",\"potentialAction\":[{\"@type\":\"ReadAction\",\"target\":[\"https:\\\/\\\/cvinoticias.com\\\/v3\\\/fit-feria-internacional-de-turismo-del-4-al-7-de-diciembre\\\/\"]}]},{\"@type\":\"ImageObject\",\"inLanguage\":\"es\",\"@id\":\"https:\\\/\\\/cvinoticias.com\\\/v3\\\/fit-feria-internacional-de-turismo-del-4-al-7-de-diciembre\\\/#primaryimage\",\"url\":\"https:\\\/\\\/cvinoticias.com\\\/wp-content\\\/uploads\\\/2021\\\/12\\\/Screenshot_20211202-073934_Chrome.jpg\",\"contentUrl\":\"https:\\\/\\\/cvinoticias.com\\\/wp-content\\\/uploads\\\/2021\\\/12\\\/Screenshot_20211202-073934_Chrome.jpg\",\"width\":1080,\"height\":1405},{\"@type\":\"BreadcrumbList\",\"@id\":\"https:\\\/\\\/cvinoticias.com\\\/v3\\\/fit-feria-internacional-de-turismo-del-4-al-7-de-diciembre\\\/#breadcrumb\",\"itemListElement\":[{\"@type\":\"ListItem\",\"position\":1,\"name\":\"Portada\",\"item\":\"https:\\\/\\\/cvinoticias.com\\\/v3\\\/\"},{\"@type\":\"ListItem\",\"position\":2,\"name\":\"FIT &#8211; Feria Internacional de Turismo del 4 al 7 de diciembre\"}]},{\"@type\":\"WebSite\",\"@id\":\"https:\\\/\\\/cvinoticias.com\\\/v3\\\/#website\",\"url\":\"https:\\\/\\\/cvinoticias.com\\\/v3\\\/\",\"name\":\"CVI NOTICIAS\",\"description\":\"\",\"publisher\":{\"@id\":\"https:\\\/\\\/cvinoticias.com\\\/v3\\\/#organization\"},\"alternateName\":\"CVI\",\"potentialAction\":[{\"@type\":\"SearchAction\",\"target\":{\"@type\":\"EntryPoint\",\"urlTemplate\":\"https:\\\/\\\/cvinoticias.com\\\/v3\\\/?s={search_term_string}\"},\"query-input\":{\"@type\":\"PropertyValueSpecification\",\"valueRequired\":true,\"valueName\":\"search_term_string\"}}],\"inLanguage\":\"es\"},{\"@type\":\"Organization\",\"@id\":\"https:\\\/\\\/cvinoticias.com\\\/v3\\\/#organization\",\"name\":\"CVI NOTICIAS\",\"url\":\"https:\\\/\\\/cvinoticias.com\\\/v3\\\/\",\"logo\":{\"@type\":\"ImageObject\",\"inLanguage\":\"es\",\"@id\":\"https:\\\/\\\/cvinoticias.com\\\/v3\\\/#\\\/schema\\\/logo\\\/image\\\/\",\"url\":\"https:\\\/\\\/cvinoticias.com\\\/wp-content\\\/uploads\\\/2023\\\/04\\\/cropped-cropped-cropped-cropped-cropped-3-1.png\",\"contentUrl\":\"https:\\\/\\\/cvinoticias.com\\\/wp-content\\\/uploads\\\/2023\\\/04\\\/cropped-cropped-cropped-cropped-cropped-3-1.png\",\"width\":95,\"height\":122,\"caption\":\"CVI NOTICIAS\"},\"image\":{\"@id\":\"https:\\\/\\\/cvinoticias.com\\\/v3\\\/#\\\/schema\\\/logo\\\/image\\\/\"},\"sameAs\":[\"https:\\\/\\\/www.facebook.com\\\/cvinoticias\",\"https:\\\/\\\/www.instagram.com\\\/cvinoticias\\\/\",\"https:\\\/\\\/www.youtube.com\\\/@CVINOTICIAS\"]},{\"@type\":\"Person\",\"@id\":\"https:\\\/\\\/cvinoticias.com\\\/v3\\\/#\\\/schema\\\/person\\\/2db77e3c6bc03c538495d7b2b8be9b66\",\"name\":\"f1000024\",\"image\":{\"@type\":\"ImageObject\",\"inLanguage\":\"es\",\"@id\":\"https:\\\/\\\/secure.gravatar.com\\\/avatar\\\/d4fe7459cfc51ff5129ce1a732bbef5928568b8092d412ef95611616376bbeed?s=96&d=mm&r=g\",\"url\":\"https:\\\/\\\/secure.gravatar.com\\\/avatar\\\/d4fe7459cfc51ff5129ce1a732bbef5928568b8092d412ef95611616376bbeed?s=96&d=mm&r=g\",\"contentUrl\":\"https:\\\/\\\/secure.gravatar.com\\\/avatar\\\/d4fe7459cfc51ff5129ce1a732bbef5928568b8092d412ef95611616376bbeed?s=96&d=mm&r=g\",\"caption\":\"f1000024\"},\"url\":\"https:\\\/\\\/cvinoticias.com\\\/v3\\\/author\\\/f1000024\\\/\"}]}<\/script>\n<!-- \/ Yoast SEO plugin. -->","yoast_head_json":{"title":"FIT - Feria Internacional de Turismo del 4 al 7 de diciembre | CVI NOTICIAS","robots":{"index":"index","follow":"follow","max-snippet":"max-snippet:-1","max-image-preview":"max-image-preview:large","max-video-preview":"max-video-preview:-1"},"canonical":"https:\/\/cvinoticias.com\/v3\/fit-feria-internacional-de-turismo-del-4-al-7-de-diciembre\/","og_locale":"es_ES","og_type":"article","og_title":"FIT - Feria Internacional de Turismo del 4 al 7 de diciembre | CVI NOTICIAS","og_description":"La Feria Internacional de Turismo de Am\u00e9rica Latina &#8211; FIT se realizar\u00e1 en Buenos Aires del 4 al 7 de diciembre de 2021, en el predio de La Rural. Se espera r\u00e9cord de visitantes. La tradicional feria tur\u00edstica regresa a la actividad luego de la suspensi\u00f3n en 2020 por la pandemia de Covid-19, en su [&hellip;]","og_url":"https:\/\/cvinoticias.com\/v3\/fit-feria-internacional-de-turismo-del-4-al-7-de-diciembre\/","og_site_name":"CVI NOTICIAS","article_publisher":"https:\/\/www.facebook.com\/cvinoticias","article_published_time":"2021-12-02T10:41:35+00:00","article_modified_time":"2021-12-02T18:10:34+00:00","og_image":[{"width":1080,"height":1405,"url":"https:\/\/cvinoticias.com\/wp-content\/uploads\/2021\/12\/Screenshot_20211202-073934_Chrome.jpg","type":"image\/jpeg"}],"author":"f1000024","twitter_card":"summary_large_image","twitter_misc":{"Escrito por":"f1000024","Tiempo de lectura":"1 minuto"},"schema":{"@context":"https:\/\/schema.org","@graph":[{"@type":"Article","@id":"https:\/\/cvinoticias.com\/v3\/fit-feria-internacional-de-turismo-del-4-al-7-de-diciembre\/#article","isPartOf":{"@id":"https:\/\/cvinoticias.com\/v3\/fit-feria-internacional-de-turismo-del-4-al-7-de-diciembre\/"},"author":{"name":"f1000024","@id":"https:\/\/cvinoticias.com\/v3\/#\/schema\/person\/2db77e3c6bc03c538495d7b2b8be9b66"},"headline":"FIT &#8211; Feria Internacional de Turismo del 4 al 7 de diciembre","datePublished":"2021-12-02T10:41:35+00:00","dateModified":"2021-12-02T18:10:34+00:00","mainEntityOfPage":{"@id":"https:\/\/cvinoticias.com\/v3\/fit-feria-internacional-de-turismo-del-4-al-7-de-diciembre\/"},"wordCount":306,"commentCount":0,"publisher":{"@id":"https:\/\/cvinoticias.com\/v3\/#organization"},"image":{"@id":"https:\/\/cvinoticias.com\/v3\/fit-feria-internacional-de-turismo-del-4-al-7-de-diciembre\/#primaryimage"},"thumbnailUrl":"https:\/\/cvinoticias.com\/wp-content\/uploads\/2021\/12\/Screenshot_20211202-073934_Chrome.jpg","articleSection":["Turismo"],"inLanguage":"es","potentialAction":[{"@type":"CommentAction","name":"Comment","target":["https:\/\/cvinoticias.com\/v3\/fit-feria-internacional-de-turismo-del-4-al-7-de-diciembre\/#respond"]}]},{"@type":"WebPage","@id":"https:\/\/cvinoticias.com\/v3\/fit-feria-internacional-de-turismo-del-4-al-7-de-diciembre\/","url":"https:\/\/cvinoticias.com\/v3\/fit-feria-internacional-de-turismo-del-4-al-7-de-diciembre\/","name":"FIT - Feria Internacional de Turismo del 4 al 7 de diciembre | CVI NOTICIAS","isPartOf":{"@id":"https:\/\/cvinoticias.com\/v3\/#website"},"primaryImageOfPage":{"@id":"https:\/\/cvinoticias.com\/v3\/fit-feria-internacional-de-turismo-del-4-al-7-de-diciembre\/#primaryimage"},"image":{"@id":"https:\/\/cvinoticias.com\/v3\/fit-feria-internacional-de-turismo-del-4-al-7-de-diciembre\/#primaryimage"},"thumbnailUrl":"https:\/\/cvinoticias.com\/wp-content\/uploads\/2021\/12\/Screenshot_20211202-073934_Chrome.jpg","datePublished":"2021-12-02T10:41:35+00:00","dateModified":"2021-12-02T18:10:34+00:00","breadcrumb":{"@id":"https:\/\/cvinoticias.com\/v3\/fit-feria-internacional-de-turismo-del-4-al-7-de-diciembre\/#breadcrumb"},"inLanguage":"es","potentialAction":[{"@type":"ReadAction","target":["https:\/\/cvinoticias.com\/v3\/fit-feria-internacional-de-turismo-del-4-al-7-de-diciembre\/"]}]},{"@type":"ImageObject","inLanguage":"es","@id":"https:\/\/cvinoticias.com\/v3\/fit-feria-internacional-de-turismo-del-4-al-7-de-diciembre\/#primaryimage","url":"https:\/\/cvinoticias.com\/wp-content\/uploads\/2021\/12\/Screenshot_20211202-073934_Chrome.jpg","contentUrl":"https:\/\/cvinoticias.com\/wp-content\/uploads\/2021\/12\/Screenshot_20211202-073934_Chrome.jpg","width":1080,"height":1405},{"@type":"BreadcrumbList","@id":"https:\/\/cvinoticias.com\/v3\/fit-feria-internacional-de-turismo-del-4-al-7-de-diciembre\/#breadcrumb","itemListElement":[{"@type":"ListItem","position":1,"name":"Portada","item":"https:\/\/cvinoticias.com\/v3\/"},{"@type":"ListItem","position":2,"name":"FIT &#8211; Feria Internacional de Turismo del 4 al 7 de diciembre"}]},{"@type":"WebSite","@id":"https:\/\/cvinoticias.com\/v3\/#website","url":"https:\/\/cvinoticias.com\/v3\/","name":"CVI NOTICIAS","description":"","publisher":{"@id":"https:\/\/cvinoticias.com\/v3\/#organization"},"alternateName":"CVI","potentialAction":[{"@type":"SearchAction","target":{"@type":"EntryPoint","urlTemplate":"https:\/\/cvinoticias.com\/v3\/?s={search_term_string}"},"query-input":{"@type":"PropertyValueSpecification","valueRequired":true,"valueName":"search_term_string"}}],"inLanguage":"es"},{"@type":"Organization","@id":"https:\/\/cvinoticias.com\/v3\/#organization","name":"CVI NOTICIAS","url":"https:\/\/cvinoticias.com\/v3\/","logo":{"@type":"ImageObject","inLanguage":"es","@id":"https:\/\/cvinoticias.com\/v3\/#\/schema\/logo\/image\/","url":"https:\/\/cvinoticias.com\/wp-content\/uploads\/2023\/04\/cropped-cropped-cropped-cropped-cropped-3-1.png","contentUrl":"https:\/\/cvinoticias.com\/wp-content\/uploads\/2023\/04\/cropped-cropped-cropped-cropped-cropped-3-1.png","width":95,"height":122,"caption":"CVI NOTICIAS"},"image":{"@id":"https:\/\/cvinoticias.com\/v3\/#\/schema\/logo\/image\/"},"sameAs":["https:\/\/www.facebook.com\/cvinoticias","https:\/\/www.instagram.com\/cvinoticias\/","https:\/\/www.youtube.com\/@CVINOTICIAS"]},{"@type":"Person","@id":"https:\/\/cvinoticias.com\/v3\/#\/schema\/person\/2db77e3c6bc03c538495d7b2b8be9b66","name":"f1000024","image":{"@type":"ImageObject","inLanguage":"es","@id":"https:\/\/secure.gravatar.com\/avatar\/d4fe7459cfc51ff5129ce1a732bbef5928568b8092d412ef95611616376bbeed?s=96&d=mm&r=g","url":"https:\/\/secure.gravatar.com\/avatar\/d4fe7459cfc51ff5129ce1a732bbef5928568b8092d412ef95611616376bbeed?s=96&d=mm&r=g","contentUrl":"https:\/\/secure.gravatar.com\/avatar\/d4fe7459cfc51ff5129ce1a732bbef5928568b8092d412ef95611616376bbeed?s=96&d=mm&r=g","caption":"f1000024"},"url":"https:\/\/cvinoticias.com\/v3\/author\/f1000024\/"}]}},"_links":{"self":[{"href":"https:\/\/cvinoticias.com\/v3\/wp-json\/wp\/v2\/posts\/11106","targetHints":{"allow":["GET"]}}],"collection":[{"href":"https:\/\/cvinoticias.com\/v3\/wp-json\/wp\/v2\/posts"}],"about":[{"href":"https:\/\/cvinoticias.com\/v3\/wp-json\/wp\/v2\/types\/post"}],"author":[{"embeddable":true,"href":"https:\/\/cvinoticias.com\/v3\/wp-json\/wp\/v2\/users\/2"}],"replies":[{"embeddable":true,"href":"https:\/\/cvinoticias.com\/v3\/wp-json\/wp\/v2\/comments?post=11106"}],"version-history":[{"count":2,"href":"https:\/\/cvinoticias.com\/v3\/wp-json\/wp\/v2\/posts\/11106\/revisions"}],"predecessor-version":[{"id":11119,"href":"https:\/\/cvinoticias.com\/v3\/wp-json\/wp\/v2\/posts\/11106\/revisions\/11119"}],"wp:featuredmedia":[{"embeddable":true,"href":"https:\/\/cvinoticias.com\/v3\/wp-json\/wp\/v2\/media\/11107"}],"wp:attachment":[{"href":"https:\/\/cvinoticias.com\/v3\/wp-json\/wp\/v2\/media?parent=11106"}],"wp:term":[{"taxonomy":"category","embeddable":true,"href":"https:\/\/cvinoticias.com\/v3\/wp-json\/wp\/v2\/categories?post=11106"},{"taxonomy":"post_tag","embeddable":true,"href":"https:\/\/cvinoticias.com\/v3\/wp-json\/wp\/v2\/tags?post=11106"}],"curies":[{"name":"wp","href":"https:\/\/api.w.org\/{rel}","templated":true}]}}