{"id":11047,"date":"2021-12-01T11:04:17","date_gmt":"2021-12-01T11:04:17","guid":{"rendered":"https:\/\/cvinoticias.com\/v3\/?p=11047"},"modified":"2021-12-01T11:04:17","modified_gmt":"2021-12-01T11:04:17","slug":"realizan-la-evaluacion-aprender-2021-en-todo-el-pais-con-la-participacion-de-77-000-estudiantes","status":"publish","type":"post","link":"https:\/\/cvinoticias.com\/v3\/realizan-la-evaluacion-aprender-2021-en-todo-el-pais-con-la-participacion-de-77-000-estudiantes\/","title":{"rendered":"Realizan la Evaluaci\u00f3n Aprender 2021 en todo el pa\u00eds con la participaci\u00f3n de 77.000 estudiantes"},"content":{"rendered":"\n<p><em><strong>Alrededor de 77.000 estudiantes de sexto grado de 23 mil escuelas primarias del pa\u00eds realizar\u00e1n hoy la evaluaci\u00f3n Aprender, implementada por el Ministerio de Educaci\u00f3n de la Naci\u00f3n, que brindar\u00e1 informaci\u00f3n acerca del impacto que tuvo la pandemia del coronavirus en los procesos de aprendizaje, entre otros puntos.<\/strong><\/em><\/p>\n\n\n\n<p>El operativo ser\u00e1 realizado a trav\u00e9s de la Secretar\u00eda de Evaluaci\u00f3n e Informaci\u00f3n Educativa, en el marco del Plan Nacional de Evaluaci\u00f3n Educativa 2021-2022, aprobado por el Consejo Federal de Educaci\u00f3n y por los equipos t\u00e9cnicos de evaluaci\u00f3n de todas las provincias, se inform\u00f3 oficialmente<\/p>\n\n\n\n<p>El ministro de Educaci\u00f3n, Jaime Perczyk, afirm\u00f3 que la evaluaci\u00f3n permitir\u00e1 recabar \u201cinformaci\u00f3n relevante y diagn\u00f3stica\u00bb que permita tomar las decisiones necesarias en el sistema educativo con foco en el per\u00edodo \u00abexcepcional\u00bb de la pandemia y destac\u00f3 que su realizaci\u00f3n es posible \u201cgracias a que la campa\u00f1a de vacunaci\u00f3n ha sido buena\u201d.<\/p>\n\n\n\n<p>La evaluaci\u00f3n Aprender es un instrumento que registra \u00abuna larga tradici\u00f3n\u00bb en Argentina que comenz\u00f3 en 1993 con el Operativo Nacional de Evaluaci\u00f3n y, desde entonces, aunque variando su nombre a lo largo de los a\u00f1os, permiti\u00f3 que el pa\u00eds \u00abpueda tener informaci\u00f3n estad\u00edstica, continuable y registrable\u00bb, rese\u00f1\u00f3 el ministro.<\/p>\n\n\n\n<p>Los resultados de la evaluaci\u00f3n Aprender 2021 estar\u00e1n disponibles a partir de junio de 2022, integrados en un informe que dar\u00e1 cuenta del estado de situaci\u00f3n del nivel primario en Argentina durante el presente a\u00f1o.<\/p>\n\n\n\n<p>En esta edici\u00f3n, se evaluar\u00e1 el \u00abgrado de dominio\u00bb que los estudiantes de nivel primario tienen sobre contenidos y capacidades cognitivas de las materias Lengua y Matem\u00e1tica.<\/p>\n\n\n\n<p>En el primer caso, se indagar\u00e1 la capacidad de interpretar, extraer, reflexionar y evaluar un material compuesto por cuentos breves de autores consagrados y textos expositivos, como art\u00edculos de divulgaci\u00f3n cient\u00edfica, detallaron las autoridades.<\/p>\n\n\n\n<p>Mientras tanto, en Matem\u00e1tica se evaluar\u00e1 la resoluci\u00f3n de problemas y contenidos vinculados a n\u00fameros y operaciones, geometr\u00eda y medida y estad\u00edstica y probabilidad.<\/p>\n\n\n\n<p>La evaluaci\u00f3n ser\u00e1 acompa\u00f1ada por instrumentos de relevamiento de datos sociodemogr\u00e1ficos de cada escuela y estudiante participante, para identificar \u00ablos distintos factores de naturaleza estructural y contextual que inciden en el aprendizaje\u00bb, indic\u00f3 la cartera educativa.<\/p>\n\n\n\n<p>Con estos cuestionarios se busca recopilar informaci\u00f3n referida a clima escolar, experiencia escolar durante la pandemia, percepciones sobre el tratamiento escolar de temas relativos a la Educaci\u00f3n Sexual Integral (ESI), acceso y disponibilidad de Tecnolog\u00edas de Informaci\u00f3n y Comunicaci\u00f3n (TIC) y trabajo con estudiantes con discapacidad, entre otros temas.<\/p>\n\n\n\n<p>Para el desarrollo federal del operativo estar\u00e1n involucrados un total de 1.113 coordinadores de cabecera, 20.049 directores o veedores, 38.520 docentes o aplicadores.<\/p>\n","protected":false},"excerpt":{"rendered":"<p>Alrededor de 77.000 estudiantes de sexto grado de 23 mil escuelas primarias del pa\u00eds realizar\u00e1n hoy la evaluaci\u00f3n Aprender, implementada por el Ministerio de Educaci\u00f3n de la Naci\u00f3n, que brindar\u00e1 informaci\u00f3n acerca del impacto que tuvo la pandemia del coronavirus en los procesos de aprendizaje, entre otros puntos. El operativo ser\u00e1 realizado a trav\u00e9s de [&hellip;]<\/p>\n","protected":false},"author":2,"featured_media":11048,"comment_status":"open","ping_status":"open","sticky":false,"template":"","format":"standard","meta":{"footnotes":""},"categories":[26],"tags":[],"class_list":["post-11047","post","type-post","status-publish","format-standard","has-post-thumbnail","hentry","category-educacion"],"yoast_head":"<!-- This site is optimized with the Yoast SEO plugin v27.5 - https:\/\/yoast.com\/product\/yoast-seo-wordpress\/ -->\n<title>Realizan la Evaluaci\u00f3n Aprender 2021 en todo el pa\u00eds con la participaci\u00f3n de 77.000 estudiantes | CVI NOTICIAS<\/title>\n<meta name=\"robots\" content=\"index, follow, max-snippet:-1, max-image-preview:large, max-video-preview:-1\" \/>\n<link rel=\"canonical\" href=\"https:\/\/cvinoticias.com\/v3\/realizan-la-evaluacion-aprender-2021-en-todo-el-pais-con-la-participacion-de-77-000-estudiantes\/\" \/>\n<meta property=\"og:locale\" content=\"es_ES\" \/>\n<meta property=\"og:type\" content=\"article\" \/>\n<meta property=\"og:title\" content=\"Realizan la Evaluaci\u00f3n Aprender 2021 en todo el pa\u00eds con la participaci\u00f3n de 77.000 estudiantes | CVI NOTICIAS\" \/>\n<meta property=\"og:description\" content=\"Alrededor de 77.000 estudiantes de sexto grado de 23 mil escuelas primarias del pa\u00eds realizar\u00e1n hoy la evaluaci\u00f3n Aprender, implementada por el Ministerio de Educaci\u00f3n de la Naci\u00f3n, que brindar\u00e1 informaci\u00f3n acerca del impacto que tuvo la pandemia del coronavirus en los procesos de aprendizaje, entre otros puntos. El operativo ser\u00e1 realizado a trav\u00e9s de [&hellip;]\" \/>\n<meta property=\"og:url\" content=\"https:\/\/cvinoticias.com\/v3\/realizan-la-evaluacion-aprender-2021-en-todo-el-pais-con-la-participacion-de-77-000-estudiantes\/\" \/>\n<meta property=\"og:site_name\" content=\"CVI NOTICIAS\" \/>\n<meta property=\"article:publisher\" content=\"https:\/\/www.facebook.com\/cvinoticias\" \/>\n<meta property=\"article:published_time\" content=\"2021-12-01T11:04:17+00:00\" \/>\n<meta property=\"og:image\" content=\"https:\/\/cvinoticias.com\/wp-content\/uploads\/2021\/12\/multimedia.normal.8fa4a3693fbbed1c.4f706572617469766f20417072656e6465725f6e6f726d616c2e6a7067.jpg\" \/>\n\t<meta property=\"og:image:width\" content=\"1500\" \/>\n\t<meta property=\"og:image:height\" content=\"996\" \/>\n\t<meta property=\"og:image:type\" content=\"image\/jpeg\" \/>\n<meta name=\"author\" content=\"f1000024\" \/>\n<meta name=\"twitter:card\" content=\"summary_large_image\" \/>\n<meta name=\"twitter:label1\" content=\"Escrito por\" \/>\n\t<meta name=\"twitter:data1\" content=\"f1000024\" \/>\n\t<meta name=\"twitter:label2\" content=\"Tiempo de lectura\" \/>\n\t<meta name=\"twitter:data2\" content=\"2 minutos\" \/>\n<script type=\"application\/ld+json\" class=\"yoast-schema-graph\">{\"@context\":\"https:\\\/\\\/schema.org\",\"@graph\":[{\"@type\":\"Article\",\"@id\":\"https:\\\/\\\/cvinoticias.com\\\/v3\\\/realizan-la-evaluacion-aprender-2021-en-todo-el-pais-con-la-participacion-de-77-000-estudiantes\\\/#article\",\"isPartOf\":{\"@id\":\"https:\\\/\\\/cvinoticias.com\\\/v3\\\/realizan-la-evaluacion-aprender-2021-en-todo-el-pais-con-la-participacion-de-77-000-estudiantes\\\/\"},\"author\":{\"name\":\"f1000024\",\"@id\":\"https:\\\/\\\/cvinoticias.com\\\/v3\\\/#\\\/schema\\\/person\\\/2db77e3c6bc03c538495d7b2b8be9b66\"},\"headline\":\"Realizan la Evaluaci\u00f3n Aprender 2021 en todo el pa\u00eds con la participaci\u00f3n de 77.000 estudiantes\",\"datePublished\":\"2021-12-01T11:04:17+00:00\",\"mainEntityOfPage\":{\"@id\":\"https:\\\/\\\/cvinoticias.com\\\/v3\\\/realizan-la-evaluacion-aprender-2021-en-todo-el-pais-con-la-participacion-de-77-000-estudiantes\\\/\"},\"wordCount\":483,\"commentCount\":0,\"publisher\":{\"@id\":\"https:\\\/\\\/cvinoticias.com\\\/v3\\\/#organization\"},\"image\":{\"@id\":\"https:\\\/\\\/cvinoticias.com\\\/v3\\\/realizan-la-evaluacion-aprender-2021-en-todo-el-pais-con-la-participacion-de-77-000-estudiantes\\\/#primaryimage\"},\"thumbnailUrl\":\"https:\\\/\\\/cvinoticias.com\\\/wp-content\\\/uploads\\\/2021\\\/12\\\/multimedia.normal.8fa4a3693fbbed1c.4f706572617469766f20417072656e6465725f6e6f726d616c2e6a7067.jpg\",\"articleSection\":[\"Educacion\"],\"inLanguage\":\"es\",\"potentialAction\":[{\"@type\":\"CommentAction\",\"name\":\"Comment\",\"target\":[\"https:\\\/\\\/cvinoticias.com\\\/v3\\\/realizan-la-evaluacion-aprender-2021-en-todo-el-pais-con-la-participacion-de-77-000-estudiantes\\\/#respond\"]}]},{\"@type\":\"WebPage\",\"@id\":\"https:\\\/\\\/cvinoticias.com\\\/v3\\\/realizan-la-evaluacion-aprender-2021-en-todo-el-pais-con-la-participacion-de-77-000-estudiantes\\\/\",\"url\":\"https:\\\/\\\/cvinoticias.com\\\/v3\\\/realizan-la-evaluacion-aprender-2021-en-todo-el-pais-con-la-participacion-de-77-000-estudiantes\\\/\",\"name\":\"Realizan la Evaluaci\u00f3n Aprender 2021 en todo el pa\u00eds con la participaci\u00f3n de 77.000 estudiantes | CVI NOTICIAS\",\"isPartOf\":{\"@id\":\"https:\\\/\\\/cvinoticias.com\\\/v3\\\/#website\"},\"primaryImageOfPage\":{\"@id\":\"https:\\\/\\\/cvinoticias.com\\\/v3\\\/realizan-la-evaluacion-aprender-2021-en-todo-el-pais-con-la-participacion-de-77-000-estudiantes\\\/#primaryimage\"},\"image\":{\"@id\":\"https:\\\/\\\/cvinoticias.com\\\/v3\\\/realizan-la-evaluacion-aprender-2021-en-todo-el-pais-con-la-participacion-de-77-000-estudiantes\\\/#primaryimage\"},\"thumbnailUrl\":\"https:\\\/\\\/cvinoticias.com\\\/wp-content\\\/uploads\\\/2021\\\/12\\\/multimedia.normal.8fa4a3693fbbed1c.4f706572617469766f20417072656e6465725f6e6f726d616c2e6a7067.jpg\",\"datePublished\":\"2021-12-01T11:04:17+00:00\",\"breadcrumb\":{\"@id\":\"https:\\\/\\\/cvinoticias.com\\\/v3\\\/realizan-la-evaluacion-aprender-2021-en-todo-el-pais-con-la-participacion-de-77-000-estudiantes\\\/#breadcrumb\"},\"inLanguage\":\"es\",\"potentialAction\":[{\"@type\":\"ReadAction\",\"target\":[\"https:\\\/\\\/cvinoticias.com\\\/v3\\\/realizan-la-evaluacion-aprender-2021-en-todo-el-pais-con-la-participacion-de-77-000-estudiantes\\\/\"]}]},{\"@type\":\"ImageObject\",\"inLanguage\":\"es\",\"@id\":\"https:\\\/\\\/cvinoticias.com\\\/v3\\\/realizan-la-evaluacion-aprender-2021-en-todo-el-pais-con-la-participacion-de-77-000-estudiantes\\\/#primaryimage\",\"url\":\"https:\\\/\\\/cvinoticias.com\\\/wp-content\\\/uploads\\\/2021\\\/12\\\/multimedia.normal.8fa4a3693fbbed1c.4f706572617469766f20417072656e6465725f6e6f726d616c2e6a7067.jpg\",\"contentUrl\":\"https:\\\/\\\/cvinoticias.com\\\/wp-content\\\/uploads\\\/2021\\\/12\\\/multimedia.normal.8fa4a3693fbbed1c.4f706572617469766f20417072656e6465725f6e6f726d616c2e6a7067.jpg\",\"width\":1500,\"height\":996},{\"@type\":\"BreadcrumbList\",\"@id\":\"https:\\\/\\\/cvinoticias.com\\\/v3\\\/realizan-la-evaluacion-aprender-2021-en-todo-el-pais-con-la-participacion-de-77-000-estudiantes\\\/#breadcrumb\",\"itemListElement\":[{\"@type\":\"ListItem\",\"position\":1,\"name\":\"Portada\",\"item\":\"https:\\\/\\\/cvinoticias.com\\\/v3\\\/\"},{\"@type\":\"ListItem\",\"position\":2,\"name\":\"Realizan la Evaluaci\u00f3n Aprender 2021 en todo el pa\u00eds con la participaci\u00f3n de 77.000 estudiantes\"}]},{\"@type\":\"WebSite\",\"@id\":\"https:\\\/\\\/cvinoticias.com\\\/v3\\\/#website\",\"url\":\"https:\\\/\\\/cvinoticias.com\\\/v3\\\/\",\"name\":\"CVI NOTICIAS\",\"description\":\"\",\"publisher\":{\"@id\":\"https:\\\/\\\/cvinoticias.com\\\/v3\\\/#organization\"},\"alternateName\":\"CVI\",\"potentialAction\":[{\"@type\":\"SearchAction\",\"target\":{\"@type\":\"EntryPoint\",\"urlTemplate\":\"https:\\\/\\\/cvinoticias.com\\\/v3\\\/?s={search_term_string}\"},\"query-input\":{\"@type\":\"PropertyValueSpecification\",\"valueRequired\":true,\"valueName\":\"search_term_string\"}}],\"inLanguage\":\"es\"},{\"@type\":\"Organization\",\"@id\":\"https:\\\/\\\/cvinoticias.com\\\/v3\\\/#organization\",\"name\":\"CVI NOTICIAS\",\"url\":\"https:\\\/\\\/cvinoticias.com\\\/v3\\\/\",\"logo\":{\"@type\":\"ImageObject\",\"inLanguage\":\"es\",\"@id\":\"https:\\\/\\\/cvinoticias.com\\\/v3\\\/#\\\/schema\\\/logo\\\/image\\\/\",\"url\":\"https:\\\/\\\/cvinoticias.com\\\/wp-content\\\/uploads\\\/2023\\\/04\\\/cropped-cropped-cropped-cropped-cropped-3-1.png\",\"contentUrl\":\"https:\\\/\\\/cvinoticias.com\\\/wp-content\\\/uploads\\\/2023\\\/04\\\/cropped-cropped-cropped-cropped-cropped-3-1.png\",\"width\":95,\"height\":122,\"caption\":\"CVI NOTICIAS\"},\"image\":{\"@id\":\"https:\\\/\\\/cvinoticias.com\\\/v3\\\/#\\\/schema\\\/logo\\\/image\\\/\"},\"sameAs\":[\"https:\\\/\\\/www.facebook.com\\\/cvinoticias\",\"https:\\\/\\\/www.instagram.com\\\/cvinoticias\\\/\",\"https:\\\/\\\/www.youtube.com\\\/@CVINOTICIAS\"]},{\"@type\":\"Person\",\"@id\":\"https:\\\/\\\/cvinoticias.com\\\/v3\\\/#\\\/schema\\\/person\\\/2db77e3c6bc03c538495d7b2b8be9b66\",\"name\":\"f1000024\",\"image\":{\"@type\":\"ImageObject\",\"inLanguage\":\"es\",\"@id\":\"https:\\\/\\\/secure.gravatar.com\\\/avatar\\\/d4fe7459cfc51ff5129ce1a732bbef5928568b8092d412ef95611616376bbeed?s=96&d=mm&r=g\",\"url\":\"https:\\\/\\\/secure.gravatar.com\\\/avatar\\\/d4fe7459cfc51ff5129ce1a732bbef5928568b8092d412ef95611616376bbeed?s=96&d=mm&r=g\",\"contentUrl\":\"https:\\\/\\\/secure.gravatar.com\\\/avatar\\\/d4fe7459cfc51ff5129ce1a732bbef5928568b8092d412ef95611616376bbeed?s=96&d=mm&r=g\",\"caption\":\"f1000024\"},\"url\":\"https:\\\/\\\/cvinoticias.com\\\/v3\\\/author\\\/f1000024\\\/\"}]}<\/script>\n<!-- \/ Yoast SEO plugin. -->","yoast_head_json":{"title":"Realizan la Evaluaci\u00f3n Aprender 2021 en todo el pa\u00eds con la participaci\u00f3n de 77.000 estudiantes | CVI NOTICIAS","robots":{"index":"index","follow":"follow","max-snippet":"max-snippet:-1","max-image-preview":"max-image-preview:large","max-video-preview":"max-video-preview:-1"},"canonical":"https:\/\/cvinoticias.com\/v3\/realizan-la-evaluacion-aprender-2021-en-todo-el-pais-con-la-participacion-de-77-000-estudiantes\/","og_locale":"es_ES","og_type":"article","og_title":"Realizan la Evaluaci\u00f3n Aprender 2021 en todo el pa\u00eds con la participaci\u00f3n de 77.000 estudiantes | CVI NOTICIAS","og_description":"Alrededor de 77.000 estudiantes de sexto grado de 23 mil escuelas primarias del pa\u00eds realizar\u00e1n hoy la evaluaci\u00f3n Aprender, implementada por el Ministerio de Educaci\u00f3n de la Naci\u00f3n, que brindar\u00e1 informaci\u00f3n acerca del impacto que tuvo la pandemia del coronavirus en los procesos de aprendizaje, entre otros puntos. El operativo ser\u00e1 realizado a trav\u00e9s de [&hellip;]","og_url":"https:\/\/cvinoticias.com\/v3\/realizan-la-evaluacion-aprender-2021-en-todo-el-pais-con-la-participacion-de-77-000-estudiantes\/","og_site_name":"CVI NOTICIAS","article_publisher":"https:\/\/www.facebook.com\/cvinoticias","article_published_time":"2021-12-01T11:04:17+00:00","og_image":[{"width":1500,"height":996,"url":"https:\/\/cvinoticias.com\/wp-content\/uploads\/2021\/12\/multimedia.normal.8fa4a3693fbbed1c.4f706572617469766f20417072656e6465725f6e6f726d616c2e6a7067.jpg","type":"image\/jpeg"}],"author":"f1000024","twitter_card":"summary_large_image","twitter_misc":{"Escrito por":"f1000024","Tiempo de lectura":"2 minutos"},"schema":{"@context":"https:\/\/schema.org","@graph":[{"@type":"Article","@id":"https:\/\/cvinoticias.com\/v3\/realizan-la-evaluacion-aprender-2021-en-todo-el-pais-con-la-participacion-de-77-000-estudiantes\/#article","isPartOf":{"@id":"https:\/\/cvinoticias.com\/v3\/realizan-la-evaluacion-aprender-2021-en-todo-el-pais-con-la-participacion-de-77-000-estudiantes\/"},"author":{"name":"f1000024","@id":"https:\/\/cvinoticias.com\/v3\/#\/schema\/person\/2db77e3c6bc03c538495d7b2b8be9b66"},"headline":"Realizan la Evaluaci\u00f3n Aprender 2021 en todo el pa\u00eds con la participaci\u00f3n de 77.000 estudiantes","datePublished":"2021-12-01T11:04:17+00:00","mainEntityOfPage":{"@id":"https:\/\/cvinoticias.com\/v3\/realizan-la-evaluacion-aprender-2021-en-todo-el-pais-con-la-participacion-de-77-000-estudiantes\/"},"wordCount":483,"commentCount":0,"publisher":{"@id":"https:\/\/cvinoticias.com\/v3\/#organization"},"image":{"@id":"https:\/\/cvinoticias.com\/v3\/realizan-la-evaluacion-aprender-2021-en-todo-el-pais-con-la-participacion-de-77-000-estudiantes\/#primaryimage"},"thumbnailUrl":"https:\/\/cvinoticias.com\/wp-content\/uploads\/2021\/12\/multimedia.normal.8fa4a3693fbbed1c.4f706572617469766f20417072656e6465725f6e6f726d616c2e6a7067.jpg","articleSection":["Educacion"],"inLanguage":"es","potentialAction":[{"@type":"CommentAction","name":"Comment","target":["https:\/\/cvinoticias.com\/v3\/realizan-la-evaluacion-aprender-2021-en-todo-el-pais-con-la-participacion-de-77-000-estudiantes\/#respond"]}]},{"@type":"WebPage","@id":"https:\/\/cvinoticias.com\/v3\/realizan-la-evaluacion-aprender-2021-en-todo-el-pais-con-la-participacion-de-77-000-estudiantes\/","url":"https:\/\/cvinoticias.com\/v3\/realizan-la-evaluacion-aprender-2021-en-todo-el-pais-con-la-participacion-de-77-000-estudiantes\/","name":"Realizan la Evaluaci\u00f3n Aprender 2021 en todo el pa\u00eds con la participaci\u00f3n de 77.000 estudiantes | CVI NOTICIAS","isPartOf":{"@id":"https:\/\/cvinoticias.com\/v3\/#website"},"primaryImageOfPage":{"@id":"https:\/\/cvinoticias.com\/v3\/realizan-la-evaluacion-aprender-2021-en-todo-el-pais-con-la-participacion-de-77-000-estudiantes\/#primaryimage"},"image":{"@id":"https:\/\/cvinoticias.com\/v3\/realizan-la-evaluacion-aprender-2021-en-todo-el-pais-con-la-participacion-de-77-000-estudiantes\/#primaryimage"},"thumbnailUrl":"https:\/\/cvinoticias.com\/wp-content\/uploads\/2021\/12\/multimedia.normal.8fa4a3693fbbed1c.4f706572617469766f20417072656e6465725f6e6f726d616c2e6a7067.jpg","datePublished":"2021-12-01T11:04:17+00:00","breadcrumb":{"@id":"https:\/\/cvinoticias.com\/v3\/realizan-la-evaluacion-aprender-2021-en-todo-el-pais-con-la-participacion-de-77-000-estudiantes\/#breadcrumb"},"inLanguage":"es","potentialAction":[{"@type":"ReadAction","target":["https:\/\/cvinoticias.com\/v3\/realizan-la-evaluacion-aprender-2021-en-todo-el-pais-con-la-participacion-de-77-000-estudiantes\/"]}]},{"@type":"ImageObject","inLanguage":"es","@id":"https:\/\/cvinoticias.com\/v3\/realizan-la-evaluacion-aprender-2021-en-todo-el-pais-con-la-participacion-de-77-000-estudiantes\/#primaryimage","url":"https:\/\/cvinoticias.com\/wp-content\/uploads\/2021\/12\/multimedia.normal.8fa4a3693fbbed1c.4f706572617469766f20417072656e6465725f6e6f726d616c2e6a7067.jpg","contentUrl":"https:\/\/cvinoticias.com\/wp-content\/uploads\/2021\/12\/multimedia.normal.8fa4a3693fbbed1c.4f706572617469766f20417072656e6465725f6e6f726d616c2e6a7067.jpg","width":1500,"height":996},{"@type":"BreadcrumbList","@id":"https:\/\/cvinoticias.com\/v3\/realizan-la-evaluacion-aprender-2021-en-todo-el-pais-con-la-participacion-de-77-000-estudiantes\/#breadcrumb","itemListElement":[{"@type":"ListItem","position":1,"name":"Portada","item":"https:\/\/cvinoticias.com\/v3\/"},{"@type":"ListItem","position":2,"name":"Realizan la Evaluaci\u00f3n Aprender 2021 en todo el pa\u00eds con la participaci\u00f3n de 77.000 estudiantes"}]},{"@type":"WebSite","@id":"https:\/\/cvinoticias.com\/v3\/#website","url":"https:\/\/cvinoticias.com\/v3\/","name":"CVI NOTICIAS","description":"","publisher":{"@id":"https:\/\/cvinoticias.com\/v3\/#organization"},"alternateName":"CVI","potentialAction":[{"@type":"SearchAction","target":{"@type":"EntryPoint","urlTemplate":"https:\/\/cvinoticias.com\/v3\/?s={search_term_string}"},"query-input":{"@type":"PropertyValueSpecification","valueRequired":true,"valueName":"search_term_string"}}],"inLanguage":"es"},{"@type":"Organization","@id":"https:\/\/cvinoticias.com\/v3\/#organization","name":"CVI NOTICIAS","url":"https:\/\/cvinoticias.com\/v3\/","logo":{"@type":"ImageObject","inLanguage":"es","@id":"https:\/\/cvinoticias.com\/v3\/#\/schema\/logo\/image\/","url":"https:\/\/cvinoticias.com\/wp-content\/uploads\/2023\/04\/cropped-cropped-cropped-cropped-cropped-3-1.png","contentUrl":"https:\/\/cvinoticias.com\/wp-content\/uploads\/2023\/04\/cropped-cropped-cropped-cropped-cropped-3-1.png","width":95,"height":122,"caption":"CVI NOTICIAS"},"image":{"@id":"https:\/\/cvinoticias.com\/v3\/#\/schema\/logo\/image\/"},"sameAs":["https:\/\/www.facebook.com\/cvinoticias","https:\/\/www.instagram.com\/cvinoticias\/","https:\/\/www.youtube.com\/@CVINOTICIAS"]},{"@type":"Person","@id":"https:\/\/cvinoticias.com\/v3\/#\/schema\/person\/2db77e3c6bc03c538495d7b2b8be9b66","name":"f1000024","image":{"@type":"ImageObject","inLanguage":"es","@id":"https:\/\/secure.gravatar.com\/avatar\/d4fe7459cfc51ff5129ce1a732bbef5928568b8092d412ef95611616376bbeed?s=96&d=mm&r=g","url":"https:\/\/secure.gravatar.com\/avatar\/d4fe7459cfc51ff5129ce1a732bbef5928568b8092d412ef95611616376bbeed?s=96&d=mm&r=g","contentUrl":"https:\/\/secure.gravatar.com\/avatar\/d4fe7459cfc51ff5129ce1a732bbef5928568b8092d412ef95611616376bbeed?s=96&d=mm&r=g","caption":"f1000024"},"url":"https:\/\/cvinoticias.com\/v3\/author\/f1000024\/"}]}},"_links":{"self":[{"href":"https:\/\/cvinoticias.com\/v3\/wp-json\/wp\/v2\/posts\/11047","targetHints":{"allow":["GET"]}}],"collection":[{"href":"https:\/\/cvinoticias.com\/v3\/wp-json\/wp\/v2\/posts"}],"about":[{"href":"https:\/\/cvinoticias.com\/v3\/wp-json\/wp\/v2\/types\/post"}],"author":[{"embeddable":true,"href":"https:\/\/cvinoticias.com\/v3\/wp-json\/wp\/v2\/users\/2"}],"replies":[{"embeddable":true,"href":"https:\/\/cvinoticias.com\/v3\/wp-json\/wp\/v2\/comments?post=11047"}],"version-history":[{"count":1,"href":"https:\/\/cvinoticias.com\/v3\/wp-json\/wp\/v2\/posts\/11047\/revisions"}],"predecessor-version":[{"id":11049,"href":"https:\/\/cvinoticias.com\/v3\/wp-json\/wp\/v2\/posts\/11047\/revisions\/11049"}],"wp:featuredmedia":[{"embeddable":true,"href":"https:\/\/cvinoticias.com\/v3\/wp-json\/wp\/v2\/media\/11048"}],"wp:attachment":[{"href":"https:\/\/cvinoticias.com\/v3\/wp-json\/wp\/v2\/media?parent=11047"}],"wp:term":[{"taxonomy":"category","embeddable":true,"href":"https:\/\/cvinoticias.com\/v3\/wp-json\/wp\/v2\/categories?post=11047"},{"taxonomy":"post_tag","embeddable":true,"href":"https:\/\/cvinoticias.com\/v3\/wp-json\/wp\/v2\/tags?post=11047"}],"curies":[{"name":"wp","href":"https:\/\/api.w.org\/{rel}","templated":true}]}}