{"id":11029,"date":"2021-11-30T23:12:22","date_gmt":"2021-11-30T23:12:22","guid":{"rendered":"https:\/\/cvinoticias.com\/v3\/?p=11029"},"modified":"2021-11-30T23:12:22","modified_gmt":"2021-11-30T23:12:22","slug":"la-argentina-en-su-peor-nivel-educativo-en-una-prueba-de-unesco","status":"publish","type":"post","link":"https:\/\/cvinoticias.com\/v3\/la-argentina-en-su-peor-nivel-educativo-en-una-prueba-de-unesco\/","title":{"rendered":"La Argentina, en su peor nivel educativo en una prueba de UNESCO"},"content":{"rendered":"\n<p><em><strong>El pa\u00eds obtuvo el \u00abmenor puntaje\u00bb que el promedio regional en las pruebas de desempe\u00f1o educativo ERCE 2019. Qu\u00e9 dijo el ministro de Educaci\u00f3n sobre los resultados.<\/strong><\/em><\/p>\n\n\n\n<p>La Argentina obtuvo el \u00abmenor puntaje\u00bb que el promedio regional en las pruebas de desempe\u00f1o educativo ERCE 2019, administradas por Unesco-LLECE, un piso hist\u00f3rico, lo que fue considerado por el ministro de Educaci\u00f3n, Jaime Percyck, consecuencia de la \u00abdesinversi\u00f3n\u00bb en educaci\u00f3n durante la gesti\u00f3n presidencial de Mauricio Macri.<br><br>\u00abUna raz\u00f3n fundamental, aunque no la \u00fanica, es la profunda desinversi\u00f3n educativa del per\u00edodo 2016-2019\u00bb, se\u00f1al\u00f3 el titular de la cartera educativa, en referencia al Gobierno macrista.\u00a0En este sentido, precis\u00f3 que \u00ablas pruebas eval\u00faan el desempe\u00f1o en Lengua y Matem\u00e1ticas de estudiantes de 3ero y 6to grado y en Ciencias de 6to grado de 16 pa\u00edses de Am\u00e9rica Latina y el Caribe\u00bb, seg\u00fan especific\u00f3 en su cuenta de Twitter.<br><br>Agreg\u00f3 que los datos, obtenidos en el \u00faltimo a\u00f1o de la gesti\u00f3n de Mauricio Macri, \u00abmuestran la ca\u00edda promedio en el desempe\u00f1o respecto al conjunto de la regi\u00f3n (l\u00ednea roja) y a Argentina (l\u00ednea azul) en el pasado reciente\u00bb.<\/p>\n\n\n\n<p>\u00abEn gran medida, este deterioro se explica por el notable retroceso de la inversi\u00f3n educativa por parte del Estado Nacional\u00bb, subray\u00f3 el ministro. \u00abEn las pruebas de desempe\u00f1o educativo ERCE 2019 administradas por Unesco-LLECE, Argentina obtuvo menor puntaje que el promedio regional y que el obtenido por nuestro pa\u00eds en 2006 y 2013\u00bb, comenz\u00f3 el hilo publicado por el funcionario a trav\u00e9s de la red social.<\/p>\n\n\n\n<p>El titular de educaci\u00f3n detall\u00f3 que los datos de Unesco muestran la ca\u00edda promedio en el desempe\u00f1o respecto al conjunto de la regi\u00f3n y a Argentina en el pasado reciente. Adem\u00e1s, se\u00f1al\u00f3 que en el pa\u00eds la desinversi\u00f3n educativa tuvo lugar en un n\u00famero importante de \u00e1reas como la formaci\u00f3n docente, infraestructura, innovaci\u00f3n, evaluaci\u00f3n, conectividad y tecnolog\u00eda, pol\u00edticas socioeducativas, educaci\u00f3n superior y Fondo Nacional de Incentivo Docente (Fonid).<\/p>\n\n\n\n<p>\u00abLa \u00fanica manera de garantizar el pleno derecho a la educaci\u00f3n y los aprendizajes de nuestras y nuestros estudiantes es con un Estado activo que financie de forma sostenida e integral el sistema educativo\u00bb, indic\u00f3 y, luego, agreg\u00f3: \u00abEste es nuestro compromiso con los docentes, padres, alumnas y alumnos argentinos\u00bb.<\/p>\n\n\n\n<p>Por su parte, la portavoz de la Presidencia, Gabriela Cerruti, se refiri\u00f3 al tema a trav\u00e9s de Twitter y se\u00f1al\u00f3: \u00abEl desprecio por la educaci\u00f3n p\u00fablica del gobierno de @mauriciomacri nos llev\u00f3 a un piso hist\u00f3rico. Las evaluaciones del 2019 muestran el da\u00f1o infringido por la desinversi\u00f3n en el \u00e1rea. Desde ese desastre, m\u00e1s las consecuencias de la pandemia, estamos reconstruyendo\u00bb.<\/p>\n","protected":false},"excerpt":{"rendered":"<p>El pa\u00eds obtuvo el \u00abmenor puntaje\u00bb que el promedio regional en las pruebas de desempe\u00f1o educativo ERCE 2019. Qu\u00e9 dijo el ministro de Educaci\u00f3n sobre los resultados. La Argentina obtuvo el \u00abmenor puntaje\u00bb que el promedio regional en las pruebas de desempe\u00f1o educativo ERCE 2019, administradas por Unesco-LLECE, un piso hist\u00f3rico, lo que fue considerado [&hellip;]<\/p>\n","protected":false},"author":2,"featured_media":11030,"comment_status":"open","ping_status":"open","sticky":false,"template":"","format":"standard","meta":{"footnotes":""},"categories":[26],"tags":[],"class_list":["post-11029","post","type-post","status-publish","format-standard","has-post-thumbnail","hentry","category-educacion"],"yoast_head":"<!-- This site is optimized with the Yoast SEO plugin v27.5 - https:\/\/yoast.com\/product\/yoast-seo-wordpress\/ -->\n<title>La Argentina, en su peor nivel educativo en una prueba de UNESCO | CVI NOTICIAS<\/title>\n<meta name=\"robots\" content=\"index, follow, max-snippet:-1, max-image-preview:large, max-video-preview:-1\" \/>\n<link rel=\"canonical\" href=\"https:\/\/cvinoticias.com\/v3\/la-argentina-en-su-peor-nivel-educativo-en-una-prueba-de-unesco\/\" \/>\n<meta property=\"og:locale\" content=\"es_ES\" \/>\n<meta property=\"og:type\" content=\"article\" \/>\n<meta property=\"og:title\" content=\"La Argentina, en su peor nivel educativo en una prueba de UNESCO | CVI NOTICIAS\" \/>\n<meta property=\"og:description\" content=\"El pa\u00eds obtuvo el \u00abmenor puntaje\u00bb que el promedio regional en las pruebas de desempe\u00f1o educativo ERCE 2019. Qu\u00e9 dijo el ministro de Educaci\u00f3n sobre los resultados. La Argentina obtuvo el \u00abmenor puntaje\u00bb que el promedio regional en las pruebas de desempe\u00f1o educativo ERCE 2019, administradas por Unesco-LLECE, un piso hist\u00f3rico, lo que fue considerado [&hellip;]\" \/>\n<meta property=\"og:url\" content=\"https:\/\/cvinoticias.com\/v3\/la-argentina-en-su-peor-nivel-educativo-en-una-prueba-de-unesco\/\" \/>\n<meta property=\"og:site_name\" content=\"CVI NOTICIAS\" \/>\n<meta property=\"article:publisher\" content=\"https:\/\/www.facebook.com\/cvinoticias\" \/>\n<meta property=\"article:published_time\" content=\"2021-11-30T23:12:22+00:00\" \/>\n<meta property=\"og:image\" content=\"https:\/\/cvinoticias.com\/wp-content\/uploads\/2021\/11\/Screenshot_1-10.jpg\" \/>\n\t<meta property=\"og:image:width\" content=\"1796\" \/>\n\t<meta property=\"og:image:height\" content=\"1041\" \/>\n\t<meta property=\"og:image:type\" content=\"image\/jpeg\" \/>\n<meta name=\"author\" content=\"f1000024\" \/>\n<meta name=\"twitter:card\" content=\"summary_large_image\" \/>\n<meta name=\"twitter:label1\" content=\"Escrito por\" \/>\n\t<meta name=\"twitter:data1\" content=\"f1000024\" \/>\n\t<meta name=\"twitter:label2\" content=\"Tiempo de lectura\" \/>\n\t<meta name=\"twitter:data2\" content=\"2 minutos\" \/>\n<script type=\"application\/ld+json\" class=\"yoast-schema-graph\">{\"@context\":\"https:\\\/\\\/schema.org\",\"@graph\":[{\"@type\":\"Article\",\"@id\":\"https:\\\/\\\/cvinoticias.com\\\/v3\\\/la-argentina-en-su-peor-nivel-educativo-en-una-prueba-de-unesco\\\/#article\",\"isPartOf\":{\"@id\":\"https:\\\/\\\/cvinoticias.com\\\/v3\\\/la-argentina-en-su-peor-nivel-educativo-en-una-prueba-de-unesco\\\/\"},\"author\":{\"name\":\"f1000024\",\"@id\":\"https:\\\/\\\/cvinoticias.com\\\/v3\\\/#\\\/schema\\\/person\\\/2db77e3c6bc03c538495d7b2b8be9b66\"},\"headline\":\"La Argentina, en su peor nivel educativo en una prueba de UNESCO\",\"datePublished\":\"2021-11-30T23:12:22+00:00\",\"mainEntityOfPage\":{\"@id\":\"https:\\\/\\\/cvinoticias.com\\\/v3\\\/la-argentina-en-su-peor-nivel-educativo-en-una-prueba-de-unesco\\\/\"},\"wordCount\":488,\"commentCount\":0,\"publisher\":{\"@id\":\"https:\\\/\\\/cvinoticias.com\\\/v3\\\/#organization\"},\"image\":{\"@id\":\"https:\\\/\\\/cvinoticias.com\\\/v3\\\/la-argentina-en-su-peor-nivel-educativo-en-una-prueba-de-unesco\\\/#primaryimage\"},\"thumbnailUrl\":\"https:\\\/\\\/cvinoticias.com\\\/wp-content\\\/uploads\\\/2021\\\/11\\\/Screenshot_1-10.jpg\",\"articleSection\":[\"Educacion\"],\"inLanguage\":\"es\",\"potentialAction\":[{\"@type\":\"CommentAction\",\"name\":\"Comment\",\"target\":[\"https:\\\/\\\/cvinoticias.com\\\/v3\\\/la-argentina-en-su-peor-nivel-educativo-en-una-prueba-de-unesco\\\/#respond\"]}]},{\"@type\":\"WebPage\",\"@id\":\"https:\\\/\\\/cvinoticias.com\\\/v3\\\/la-argentina-en-su-peor-nivel-educativo-en-una-prueba-de-unesco\\\/\",\"url\":\"https:\\\/\\\/cvinoticias.com\\\/v3\\\/la-argentina-en-su-peor-nivel-educativo-en-una-prueba-de-unesco\\\/\",\"name\":\"La Argentina, en su peor nivel educativo en una prueba de UNESCO | CVI NOTICIAS\",\"isPartOf\":{\"@id\":\"https:\\\/\\\/cvinoticias.com\\\/v3\\\/#website\"},\"primaryImageOfPage\":{\"@id\":\"https:\\\/\\\/cvinoticias.com\\\/v3\\\/la-argentina-en-su-peor-nivel-educativo-en-una-prueba-de-unesco\\\/#primaryimage\"},\"image\":{\"@id\":\"https:\\\/\\\/cvinoticias.com\\\/v3\\\/la-argentina-en-su-peor-nivel-educativo-en-una-prueba-de-unesco\\\/#primaryimage\"},\"thumbnailUrl\":\"https:\\\/\\\/cvinoticias.com\\\/wp-content\\\/uploads\\\/2021\\\/11\\\/Screenshot_1-10.jpg\",\"datePublished\":\"2021-11-30T23:12:22+00:00\",\"breadcrumb\":{\"@id\":\"https:\\\/\\\/cvinoticias.com\\\/v3\\\/la-argentina-en-su-peor-nivel-educativo-en-una-prueba-de-unesco\\\/#breadcrumb\"},\"inLanguage\":\"es\",\"potentialAction\":[{\"@type\":\"ReadAction\",\"target\":[\"https:\\\/\\\/cvinoticias.com\\\/v3\\\/la-argentina-en-su-peor-nivel-educativo-en-una-prueba-de-unesco\\\/\"]}]},{\"@type\":\"ImageObject\",\"inLanguage\":\"es\",\"@id\":\"https:\\\/\\\/cvinoticias.com\\\/v3\\\/la-argentina-en-su-peor-nivel-educativo-en-una-prueba-de-unesco\\\/#primaryimage\",\"url\":\"https:\\\/\\\/cvinoticias.com\\\/wp-content\\\/uploads\\\/2021\\\/11\\\/Screenshot_1-10.jpg\",\"contentUrl\":\"https:\\\/\\\/cvinoticias.com\\\/wp-content\\\/uploads\\\/2021\\\/11\\\/Screenshot_1-10.jpg\",\"width\":1796,\"height\":1041},{\"@type\":\"BreadcrumbList\",\"@id\":\"https:\\\/\\\/cvinoticias.com\\\/v3\\\/la-argentina-en-su-peor-nivel-educativo-en-una-prueba-de-unesco\\\/#breadcrumb\",\"itemListElement\":[{\"@type\":\"ListItem\",\"position\":1,\"name\":\"Portada\",\"item\":\"https:\\\/\\\/cvinoticias.com\\\/v3\\\/\"},{\"@type\":\"ListItem\",\"position\":2,\"name\":\"La Argentina, en su peor nivel educativo en una prueba de UNESCO\"}]},{\"@type\":\"WebSite\",\"@id\":\"https:\\\/\\\/cvinoticias.com\\\/v3\\\/#website\",\"url\":\"https:\\\/\\\/cvinoticias.com\\\/v3\\\/\",\"name\":\"CVI NOTICIAS\",\"description\":\"\",\"publisher\":{\"@id\":\"https:\\\/\\\/cvinoticias.com\\\/v3\\\/#organization\"},\"alternateName\":\"CVI\",\"potentialAction\":[{\"@type\":\"SearchAction\",\"target\":{\"@type\":\"EntryPoint\",\"urlTemplate\":\"https:\\\/\\\/cvinoticias.com\\\/v3\\\/?s={search_term_string}\"},\"query-input\":{\"@type\":\"PropertyValueSpecification\",\"valueRequired\":true,\"valueName\":\"search_term_string\"}}],\"inLanguage\":\"es\"},{\"@type\":\"Organization\",\"@id\":\"https:\\\/\\\/cvinoticias.com\\\/v3\\\/#organization\",\"name\":\"CVI NOTICIAS\",\"url\":\"https:\\\/\\\/cvinoticias.com\\\/v3\\\/\",\"logo\":{\"@type\":\"ImageObject\",\"inLanguage\":\"es\",\"@id\":\"https:\\\/\\\/cvinoticias.com\\\/v3\\\/#\\\/schema\\\/logo\\\/image\\\/\",\"url\":\"https:\\\/\\\/cvinoticias.com\\\/wp-content\\\/uploads\\\/2023\\\/04\\\/cropped-cropped-cropped-cropped-cropped-3-1.png\",\"contentUrl\":\"https:\\\/\\\/cvinoticias.com\\\/wp-content\\\/uploads\\\/2023\\\/04\\\/cropped-cropped-cropped-cropped-cropped-3-1.png\",\"width\":95,\"height\":122,\"caption\":\"CVI NOTICIAS\"},\"image\":{\"@id\":\"https:\\\/\\\/cvinoticias.com\\\/v3\\\/#\\\/schema\\\/logo\\\/image\\\/\"},\"sameAs\":[\"https:\\\/\\\/www.facebook.com\\\/cvinoticias\",\"https:\\\/\\\/www.instagram.com\\\/cvinoticias\\\/\",\"https:\\\/\\\/www.youtube.com\\\/@CVINOTICIAS\"]},{\"@type\":\"Person\",\"@id\":\"https:\\\/\\\/cvinoticias.com\\\/v3\\\/#\\\/schema\\\/person\\\/2db77e3c6bc03c538495d7b2b8be9b66\",\"name\":\"f1000024\",\"image\":{\"@type\":\"ImageObject\",\"inLanguage\":\"es\",\"@id\":\"https:\\\/\\\/secure.gravatar.com\\\/avatar\\\/d4fe7459cfc51ff5129ce1a732bbef5928568b8092d412ef95611616376bbeed?s=96&d=mm&r=g\",\"url\":\"https:\\\/\\\/secure.gravatar.com\\\/avatar\\\/d4fe7459cfc51ff5129ce1a732bbef5928568b8092d412ef95611616376bbeed?s=96&d=mm&r=g\",\"contentUrl\":\"https:\\\/\\\/secure.gravatar.com\\\/avatar\\\/d4fe7459cfc51ff5129ce1a732bbef5928568b8092d412ef95611616376bbeed?s=96&d=mm&r=g\",\"caption\":\"f1000024\"},\"url\":\"https:\\\/\\\/cvinoticias.com\\\/v3\\\/author\\\/f1000024\\\/\"}]}<\/script>\n<!-- \/ Yoast SEO plugin. -->","yoast_head_json":{"title":"La Argentina, en su peor nivel educativo en una prueba de UNESCO | CVI NOTICIAS","robots":{"index":"index","follow":"follow","max-snippet":"max-snippet:-1","max-image-preview":"max-image-preview:large","max-video-preview":"max-video-preview:-1"},"canonical":"https:\/\/cvinoticias.com\/v3\/la-argentina-en-su-peor-nivel-educativo-en-una-prueba-de-unesco\/","og_locale":"es_ES","og_type":"article","og_title":"La Argentina, en su peor nivel educativo en una prueba de UNESCO | CVI NOTICIAS","og_description":"El pa\u00eds obtuvo el \u00abmenor puntaje\u00bb que el promedio regional en las pruebas de desempe\u00f1o educativo ERCE 2019. Qu\u00e9 dijo el ministro de Educaci\u00f3n sobre los resultados. La Argentina obtuvo el \u00abmenor puntaje\u00bb que el promedio regional en las pruebas de desempe\u00f1o educativo ERCE 2019, administradas por Unesco-LLECE, un piso hist\u00f3rico, lo que fue considerado [&hellip;]","og_url":"https:\/\/cvinoticias.com\/v3\/la-argentina-en-su-peor-nivel-educativo-en-una-prueba-de-unesco\/","og_site_name":"CVI NOTICIAS","article_publisher":"https:\/\/www.facebook.com\/cvinoticias","article_published_time":"2021-11-30T23:12:22+00:00","og_image":[{"width":1796,"height":1041,"url":"https:\/\/cvinoticias.com\/wp-content\/uploads\/2021\/11\/Screenshot_1-10.jpg","type":"image\/jpeg"}],"author":"f1000024","twitter_card":"summary_large_image","twitter_misc":{"Escrito por":"f1000024","Tiempo de lectura":"2 minutos"},"schema":{"@context":"https:\/\/schema.org","@graph":[{"@type":"Article","@id":"https:\/\/cvinoticias.com\/v3\/la-argentina-en-su-peor-nivel-educativo-en-una-prueba-de-unesco\/#article","isPartOf":{"@id":"https:\/\/cvinoticias.com\/v3\/la-argentina-en-su-peor-nivel-educativo-en-una-prueba-de-unesco\/"},"author":{"name":"f1000024","@id":"https:\/\/cvinoticias.com\/v3\/#\/schema\/person\/2db77e3c6bc03c538495d7b2b8be9b66"},"headline":"La Argentina, en su peor nivel educativo en una prueba de UNESCO","datePublished":"2021-11-30T23:12:22+00:00","mainEntityOfPage":{"@id":"https:\/\/cvinoticias.com\/v3\/la-argentina-en-su-peor-nivel-educativo-en-una-prueba-de-unesco\/"},"wordCount":488,"commentCount":0,"publisher":{"@id":"https:\/\/cvinoticias.com\/v3\/#organization"},"image":{"@id":"https:\/\/cvinoticias.com\/v3\/la-argentina-en-su-peor-nivel-educativo-en-una-prueba-de-unesco\/#primaryimage"},"thumbnailUrl":"https:\/\/cvinoticias.com\/wp-content\/uploads\/2021\/11\/Screenshot_1-10.jpg","articleSection":["Educacion"],"inLanguage":"es","potentialAction":[{"@type":"CommentAction","name":"Comment","target":["https:\/\/cvinoticias.com\/v3\/la-argentina-en-su-peor-nivel-educativo-en-una-prueba-de-unesco\/#respond"]}]},{"@type":"WebPage","@id":"https:\/\/cvinoticias.com\/v3\/la-argentina-en-su-peor-nivel-educativo-en-una-prueba-de-unesco\/","url":"https:\/\/cvinoticias.com\/v3\/la-argentina-en-su-peor-nivel-educativo-en-una-prueba-de-unesco\/","name":"La Argentina, en su peor nivel educativo en una prueba de UNESCO | CVI NOTICIAS","isPartOf":{"@id":"https:\/\/cvinoticias.com\/v3\/#website"},"primaryImageOfPage":{"@id":"https:\/\/cvinoticias.com\/v3\/la-argentina-en-su-peor-nivel-educativo-en-una-prueba-de-unesco\/#primaryimage"},"image":{"@id":"https:\/\/cvinoticias.com\/v3\/la-argentina-en-su-peor-nivel-educativo-en-una-prueba-de-unesco\/#primaryimage"},"thumbnailUrl":"https:\/\/cvinoticias.com\/wp-content\/uploads\/2021\/11\/Screenshot_1-10.jpg","datePublished":"2021-11-30T23:12:22+00:00","breadcrumb":{"@id":"https:\/\/cvinoticias.com\/v3\/la-argentina-en-su-peor-nivel-educativo-en-una-prueba-de-unesco\/#breadcrumb"},"inLanguage":"es","potentialAction":[{"@type":"ReadAction","target":["https:\/\/cvinoticias.com\/v3\/la-argentina-en-su-peor-nivel-educativo-en-una-prueba-de-unesco\/"]}]},{"@type":"ImageObject","inLanguage":"es","@id":"https:\/\/cvinoticias.com\/v3\/la-argentina-en-su-peor-nivel-educativo-en-una-prueba-de-unesco\/#primaryimage","url":"https:\/\/cvinoticias.com\/wp-content\/uploads\/2021\/11\/Screenshot_1-10.jpg","contentUrl":"https:\/\/cvinoticias.com\/wp-content\/uploads\/2021\/11\/Screenshot_1-10.jpg","width":1796,"height":1041},{"@type":"BreadcrumbList","@id":"https:\/\/cvinoticias.com\/v3\/la-argentina-en-su-peor-nivel-educativo-en-una-prueba-de-unesco\/#breadcrumb","itemListElement":[{"@type":"ListItem","position":1,"name":"Portada","item":"https:\/\/cvinoticias.com\/v3\/"},{"@type":"ListItem","position":2,"name":"La Argentina, en su peor nivel educativo en una prueba de UNESCO"}]},{"@type":"WebSite","@id":"https:\/\/cvinoticias.com\/v3\/#website","url":"https:\/\/cvinoticias.com\/v3\/","name":"CVI NOTICIAS","description":"","publisher":{"@id":"https:\/\/cvinoticias.com\/v3\/#organization"},"alternateName":"CVI","potentialAction":[{"@type":"SearchAction","target":{"@type":"EntryPoint","urlTemplate":"https:\/\/cvinoticias.com\/v3\/?s={search_term_string}"},"query-input":{"@type":"PropertyValueSpecification","valueRequired":true,"valueName":"search_term_string"}}],"inLanguage":"es"},{"@type":"Organization","@id":"https:\/\/cvinoticias.com\/v3\/#organization","name":"CVI NOTICIAS","url":"https:\/\/cvinoticias.com\/v3\/","logo":{"@type":"ImageObject","inLanguage":"es","@id":"https:\/\/cvinoticias.com\/v3\/#\/schema\/logo\/image\/","url":"https:\/\/cvinoticias.com\/wp-content\/uploads\/2023\/04\/cropped-cropped-cropped-cropped-cropped-3-1.png","contentUrl":"https:\/\/cvinoticias.com\/wp-content\/uploads\/2023\/04\/cropped-cropped-cropped-cropped-cropped-3-1.png","width":95,"height":122,"caption":"CVI NOTICIAS"},"image":{"@id":"https:\/\/cvinoticias.com\/v3\/#\/schema\/logo\/image\/"},"sameAs":["https:\/\/www.facebook.com\/cvinoticias","https:\/\/www.instagram.com\/cvinoticias\/","https:\/\/www.youtube.com\/@CVINOTICIAS"]},{"@type":"Person","@id":"https:\/\/cvinoticias.com\/v3\/#\/schema\/person\/2db77e3c6bc03c538495d7b2b8be9b66","name":"f1000024","image":{"@type":"ImageObject","inLanguage":"es","@id":"https:\/\/secure.gravatar.com\/avatar\/d4fe7459cfc51ff5129ce1a732bbef5928568b8092d412ef95611616376bbeed?s=96&d=mm&r=g","url":"https:\/\/secure.gravatar.com\/avatar\/d4fe7459cfc51ff5129ce1a732bbef5928568b8092d412ef95611616376bbeed?s=96&d=mm&r=g","contentUrl":"https:\/\/secure.gravatar.com\/avatar\/d4fe7459cfc51ff5129ce1a732bbef5928568b8092d412ef95611616376bbeed?s=96&d=mm&r=g","caption":"f1000024"},"url":"https:\/\/cvinoticias.com\/v3\/author\/f1000024\/"}]}},"_links":{"self":[{"href":"https:\/\/cvinoticias.com\/v3\/wp-json\/wp\/v2\/posts\/11029","targetHints":{"allow":["GET"]}}],"collection":[{"href":"https:\/\/cvinoticias.com\/v3\/wp-json\/wp\/v2\/posts"}],"about":[{"href":"https:\/\/cvinoticias.com\/v3\/wp-json\/wp\/v2\/types\/post"}],"author":[{"embeddable":true,"href":"https:\/\/cvinoticias.com\/v3\/wp-json\/wp\/v2\/users\/2"}],"replies":[{"embeddable":true,"href":"https:\/\/cvinoticias.com\/v3\/wp-json\/wp\/v2\/comments?post=11029"}],"version-history":[{"count":1,"href":"https:\/\/cvinoticias.com\/v3\/wp-json\/wp\/v2\/posts\/11029\/revisions"}],"predecessor-version":[{"id":11031,"href":"https:\/\/cvinoticias.com\/v3\/wp-json\/wp\/v2\/posts\/11029\/revisions\/11031"}],"wp:featuredmedia":[{"embeddable":true,"href":"https:\/\/cvinoticias.com\/v3\/wp-json\/wp\/v2\/media\/11030"}],"wp:attachment":[{"href":"https:\/\/cvinoticias.com\/v3\/wp-json\/wp\/v2\/media?parent=11029"}],"wp:term":[{"taxonomy":"category","embeddable":true,"href":"https:\/\/cvinoticias.com\/v3\/wp-json\/wp\/v2\/categories?post=11029"},{"taxonomy":"post_tag","embeddable":true,"href":"https:\/\/cvinoticias.com\/v3\/wp-json\/wp\/v2\/tags?post=11029"}],"curies":[{"name":"wp","href":"https:\/\/api.w.org\/{rel}","templated":true}]}}