{"id":10918,"date":"2021-11-25T10:23:37","date_gmt":"2021-11-25T10:23:37","guid":{"rendered":"https:\/\/cvinoticias.com\/v3\/?p=10918"},"modified":"2021-11-25T10:23:37","modified_gmt":"2021-11-25T10:23:37","slug":"este-jueves-ministros-de-educacion-del-pais-definiran-el-calendario-escolar-2022-con-mas-dias","status":"publish","type":"post","link":"https:\/\/cvinoticias.com\/v3\/este-jueves-ministros-de-educacion-del-pais-definiran-el-calendario-escolar-2022-con-mas-dias\/","title":{"rendered":"Este jueves, ministros de Educaci\u00f3n del pa\u00eds definir\u00e1n el calendario escolar 2022 con m\u00e1s d\u00edas"},"content":{"rendered":"\n<p><strong><em>El Consejo Federal de Educaci\u00f3n se re\u00fane este jueves en el Palacio Pizzurno, para analizar con los representantes de las carteras educativas de las 24 jurisdicciones, el calendario escolar del pr\u00f3ximo a\u00f1o, de 190 d\u00edas, y la capacitaci\u00f3n a docentes.<\/em><\/strong><\/p>\n\n\n\n<p>Sobre el encuentro, el ministro de Educaci\u00f3n, Jaime Perczyk, anticip\u00f3 que el Consejo analizar\u00e1 \u00abel calendario escolar del a\u00f1o que viene\u00bb para coordinar \u00abde forma arm\u00f3nica\u00bb entre todas las jurisdicciones un esquema que plantee \u00abm\u00e1s d\u00edas, m\u00e1s horas, y priorizar temas y recuperar tiempos\u00bb.<\/p>\n\n\n\n<p>\u00abEn la estrategia nacional est\u00e1 la idea de alargar el ciclo lectivo, pero depende de la estrategia que cada Gobierno provincial tenga, de lo cual somos respetuosos\u00bb, asegur\u00f3 el funcionario la semana pasada en Santiago del Estero, donde puso en marcha el programa \u201cVolv\u00e9 a la escuela\u201d.<\/p>\n","protected":false},"excerpt":{"rendered":"<p>El Consejo Federal de Educaci\u00f3n se re\u00fane este jueves en el Palacio Pizzurno, para analizar con los representantes de las carteras educativas de las 24 jurisdicciones, el calendario escolar del pr\u00f3ximo a\u00f1o, de 190 d\u00edas, y la capacitaci\u00f3n a docentes. Sobre el encuentro, el ministro de Educaci\u00f3n, Jaime Perczyk, anticip\u00f3 que el Consejo analizar\u00e1 \u00abel [&hellip;]<\/p>\n","protected":false},"author":2,"featured_media":10919,"comment_status":"open","ping_status":"open","sticky":false,"template":"","format":"standard","meta":{"footnotes":""},"categories":[26],"tags":[],"class_list":["post-10918","post","type-post","status-publish","format-standard","has-post-thumbnail","hentry","category-educacion"],"yoast_head":"<!-- This site is optimized with the Yoast SEO plugin v27.5 - https:\/\/yoast.com\/product\/yoast-seo-wordpress\/ -->\n<title>Este jueves, ministros de Educaci\u00f3n del pa\u00eds definir\u00e1n el calendario escolar 2022 con m\u00e1s d\u00edas | CVI NOTICIAS<\/title>\n<meta name=\"robots\" content=\"index, follow, max-snippet:-1, max-image-preview:large, max-video-preview:-1\" \/>\n<link rel=\"canonical\" href=\"https:\/\/cvinoticias.com\/v3\/este-jueves-ministros-de-educacion-del-pais-definiran-el-calendario-escolar-2022-con-mas-dias\/\" \/>\n<meta property=\"og:locale\" content=\"es_ES\" \/>\n<meta property=\"og:type\" content=\"article\" \/>\n<meta property=\"og:title\" content=\"Este jueves, ministros de Educaci\u00f3n del pa\u00eds definir\u00e1n el calendario escolar 2022 con m\u00e1s d\u00edas | CVI NOTICIAS\" \/>\n<meta property=\"og:description\" content=\"El Consejo Federal de Educaci\u00f3n se re\u00fane este jueves en el Palacio Pizzurno, para analizar con los representantes de las carteras educativas de las 24 jurisdicciones, el calendario escolar del pr\u00f3ximo a\u00f1o, de 190 d\u00edas, y la capacitaci\u00f3n a docentes. Sobre el encuentro, el ministro de Educaci\u00f3n, Jaime Perczyk, anticip\u00f3 que el Consejo analizar\u00e1 \u00abel [&hellip;]\" \/>\n<meta property=\"og:url\" content=\"https:\/\/cvinoticias.com\/v3\/este-jueves-ministros-de-educacion-del-pais-definiran-el-calendario-escolar-2022-con-mas-dias\/\" \/>\n<meta property=\"og:site_name\" content=\"CVI NOTICIAS\" \/>\n<meta property=\"article:publisher\" content=\"https:\/\/www.facebook.com\/cvinoticias\" \/>\n<meta property=\"article:published_time\" content=\"2021-11-25T10:23:37+00:00\" \/>\n<meta property=\"og:image\" content=\"https:\/\/cvinoticias.com\/wp-content\/uploads\/2021\/11\/Screenshot_20211125-071909_Chrome.jpg\" \/>\n\t<meta property=\"og:image:width\" content=\"1080\" \/>\n\t<meta property=\"og:image:height\" content=\"694\" \/>\n\t<meta property=\"og:image:type\" content=\"image\/jpeg\" \/>\n<meta name=\"author\" content=\"f1000024\" \/>\n<meta name=\"twitter:card\" content=\"summary_large_image\" \/>\n<meta name=\"twitter:label1\" content=\"Escrito por\" \/>\n\t<meta name=\"twitter:data1\" content=\"f1000024\" \/>\n\t<meta name=\"twitter:label2\" content=\"Tiempo de lectura\" \/>\n\t<meta name=\"twitter:data2\" content=\"1 minuto\" \/>\n<script type=\"application\/ld+json\" class=\"yoast-schema-graph\">{\"@context\":\"https:\\\/\\\/schema.org\",\"@graph\":[{\"@type\":\"Article\",\"@id\":\"https:\\\/\\\/cvinoticias.com\\\/v3\\\/este-jueves-ministros-de-educacion-del-pais-definiran-el-calendario-escolar-2022-con-mas-dias\\\/#article\",\"isPartOf\":{\"@id\":\"https:\\\/\\\/cvinoticias.com\\\/v3\\\/este-jueves-ministros-de-educacion-del-pais-definiran-el-calendario-escolar-2022-con-mas-dias\\\/\"},\"author\":{\"name\":\"f1000024\",\"@id\":\"https:\\\/\\\/cvinoticias.com\\\/v3\\\/#\\\/schema\\\/person\\\/2db77e3c6bc03c538495d7b2b8be9b66\"},\"headline\":\"Este jueves, ministros de Educaci\u00f3n del pa\u00eds definir\u00e1n el calendario escolar 2022 con m\u00e1s d\u00edas\",\"datePublished\":\"2021-11-25T10:23:37+00:00\",\"mainEntityOfPage\":{\"@id\":\"https:\\\/\\\/cvinoticias.com\\\/v3\\\/este-jueves-ministros-de-educacion-del-pais-definiran-el-calendario-escolar-2022-con-mas-dias\\\/\"},\"wordCount\":160,\"commentCount\":0,\"publisher\":{\"@id\":\"https:\\\/\\\/cvinoticias.com\\\/v3\\\/#organization\"},\"image\":{\"@id\":\"https:\\\/\\\/cvinoticias.com\\\/v3\\\/este-jueves-ministros-de-educacion-del-pais-definiran-el-calendario-escolar-2022-con-mas-dias\\\/#primaryimage\"},\"thumbnailUrl\":\"https:\\\/\\\/cvinoticias.com\\\/wp-content\\\/uploads\\\/2021\\\/11\\\/Screenshot_20211125-071909_Chrome.jpg\",\"articleSection\":[\"Educacion\"],\"inLanguage\":\"es\",\"potentialAction\":[{\"@type\":\"CommentAction\",\"name\":\"Comment\",\"target\":[\"https:\\\/\\\/cvinoticias.com\\\/v3\\\/este-jueves-ministros-de-educacion-del-pais-definiran-el-calendario-escolar-2022-con-mas-dias\\\/#respond\"]}]},{\"@type\":\"WebPage\",\"@id\":\"https:\\\/\\\/cvinoticias.com\\\/v3\\\/este-jueves-ministros-de-educacion-del-pais-definiran-el-calendario-escolar-2022-con-mas-dias\\\/\",\"url\":\"https:\\\/\\\/cvinoticias.com\\\/v3\\\/este-jueves-ministros-de-educacion-del-pais-definiran-el-calendario-escolar-2022-con-mas-dias\\\/\",\"name\":\"Este jueves, ministros de Educaci\u00f3n del pa\u00eds definir\u00e1n el calendario escolar 2022 con m\u00e1s d\u00edas | CVI NOTICIAS\",\"isPartOf\":{\"@id\":\"https:\\\/\\\/cvinoticias.com\\\/v3\\\/#website\"},\"primaryImageOfPage\":{\"@id\":\"https:\\\/\\\/cvinoticias.com\\\/v3\\\/este-jueves-ministros-de-educacion-del-pais-definiran-el-calendario-escolar-2022-con-mas-dias\\\/#primaryimage\"},\"image\":{\"@id\":\"https:\\\/\\\/cvinoticias.com\\\/v3\\\/este-jueves-ministros-de-educacion-del-pais-definiran-el-calendario-escolar-2022-con-mas-dias\\\/#primaryimage\"},\"thumbnailUrl\":\"https:\\\/\\\/cvinoticias.com\\\/wp-content\\\/uploads\\\/2021\\\/11\\\/Screenshot_20211125-071909_Chrome.jpg\",\"datePublished\":\"2021-11-25T10:23:37+00:00\",\"breadcrumb\":{\"@id\":\"https:\\\/\\\/cvinoticias.com\\\/v3\\\/este-jueves-ministros-de-educacion-del-pais-definiran-el-calendario-escolar-2022-con-mas-dias\\\/#breadcrumb\"},\"inLanguage\":\"es\",\"potentialAction\":[{\"@type\":\"ReadAction\",\"target\":[\"https:\\\/\\\/cvinoticias.com\\\/v3\\\/este-jueves-ministros-de-educacion-del-pais-definiran-el-calendario-escolar-2022-con-mas-dias\\\/\"]}]},{\"@type\":\"ImageObject\",\"inLanguage\":\"es\",\"@id\":\"https:\\\/\\\/cvinoticias.com\\\/v3\\\/este-jueves-ministros-de-educacion-del-pais-definiran-el-calendario-escolar-2022-con-mas-dias\\\/#primaryimage\",\"url\":\"https:\\\/\\\/cvinoticias.com\\\/wp-content\\\/uploads\\\/2021\\\/11\\\/Screenshot_20211125-071909_Chrome.jpg\",\"contentUrl\":\"https:\\\/\\\/cvinoticias.com\\\/wp-content\\\/uploads\\\/2021\\\/11\\\/Screenshot_20211125-071909_Chrome.jpg\",\"width\":1080,\"height\":694},{\"@type\":\"BreadcrumbList\",\"@id\":\"https:\\\/\\\/cvinoticias.com\\\/v3\\\/este-jueves-ministros-de-educacion-del-pais-definiran-el-calendario-escolar-2022-con-mas-dias\\\/#breadcrumb\",\"itemListElement\":[{\"@type\":\"ListItem\",\"position\":1,\"name\":\"Portada\",\"item\":\"https:\\\/\\\/cvinoticias.com\\\/v3\\\/\"},{\"@type\":\"ListItem\",\"position\":2,\"name\":\"Este jueves, ministros de Educaci\u00f3n del pa\u00eds definir\u00e1n el calendario escolar 2022 con m\u00e1s d\u00edas\"}]},{\"@type\":\"WebSite\",\"@id\":\"https:\\\/\\\/cvinoticias.com\\\/v3\\\/#website\",\"url\":\"https:\\\/\\\/cvinoticias.com\\\/v3\\\/\",\"name\":\"CVI NOTICIAS\",\"description\":\"\",\"publisher\":{\"@id\":\"https:\\\/\\\/cvinoticias.com\\\/v3\\\/#organization\"},\"alternateName\":\"CVI\",\"potentialAction\":[{\"@type\":\"SearchAction\",\"target\":{\"@type\":\"EntryPoint\",\"urlTemplate\":\"https:\\\/\\\/cvinoticias.com\\\/v3\\\/?s={search_term_string}\"},\"query-input\":{\"@type\":\"PropertyValueSpecification\",\"valueRequired\":true,\"valueName\":\"search_term_string\"}}],\"inLanguage\":\"es\"},{\"@type\":\"Organization\",\"@id\":\"https:\\\/\\\/cvinoticias.com\\\/v3\\\/#organization\",\"name\":\"CVI NOTICIAS\",\"url\":\"https:\\\/\\\/cvinoticias.com\\\/v3\\\/\",\"logo\":{\"@type\":\"ImageObject\",\"inLanguage\":\"es\",\"@id\":\"https:\\\/\\\/cvinoticias.com\\\/v3\\\/#\\\/schema\\\/logo\\\/image\\\/\",\"url\":\"https:\\\/\\\/cvinoticias.com\\\/wp-content\\\/uploads\\\/2023\\\/04\\\/cropped-cropped-cropped-cropped-cropped-3-1.png\",\"contentUrl\":\"https:\\\/\\\/cvinoticias.com\\\/wp-content\\\/uploads\\\/2023\\\/04\\\/cropped-cropped-cropped-cropped-cropped-3-1.png\",\"width\":95,\"height\":122,\"caption\":\"CVI NOTICIAS\"},\"image\":{\"@id\":\"https:\\\/\\\/cvinoticias.com\\\/v3\\\/#\\\/schema\\\/logo\\\/image\\\/\"},\"sameAs\":[\"https:\\\/\\\/www.facebook.com\\\/cvinoticias\",\"https:\\\/\\\/www.instagram.com\\\/cvinoticias\\\/\",\"https:\\\/\\\/www.youtube.com\\\/@CVINOTICIAS\"]},{\"@type\":\"Person\",\"@id\":\"https:\\\/\\\/cvinoticias.com\\\/v3\\\/#\\\/schema\\\/person\\\/2db77e3c6bc03c538495d7b2b8be9b66\",\"name\":\"f1000024\",\"image\":{\"@type\":\"ImageObject\",\"inLanguage\":\"es\",\"@id\":\"https:\\\/\\\/secure.gravatar.com\\\/avatar\\\/d4fe7459cfc51ff5129ce1a732bbef5928568b8092d412ef95611616376bbeed?s=96&d=mm&r=g\",\"url\":\"https:\\\/\\\/secure.gravatar.com\\\/avatar\\\/d4fe7459cfc51ff5129ce1a732bbef5928568b8092d412ef95611616376bbeed?s=96&d=mm&r=g\",\"contentUrl\":\"https:\\\/\\\/secure.gravatar.com\\\/avatar\\\/d4fe7459cfc51ff5129ce1a732bbef5928568b8092d412ef95611616376bbeed?s=96&d=mm&r=g\",\"caption\":\"f1000024\"},\"url\":\"https:\\\/\\\/cvinoticias.com\\\/v3\\\/author\\\/f1000024\\\/\"}]}<\/script>\n<!-- \/ Yoast SEO plugin. -->","yoast_head_json":{"title":"Este jueves, ministros de Educaci\u00f3n del pa\u00eds definir\u00e1n el calendario escolar 2022 con m\u00e1s d\u00edas | CVI NOTICIAS","robots":{"index":"index","follow":"follow","max-snippet":"max-snippet:-1","max-image-preview":"max-image-preview:large","max-video-preview":"max-video-preview:-1"},"canonical":"https:\/\/cvinoticias.com\/v3\/este-jueves-ministros-de-educacion-del-pais-definiran-el-calendario-escolar-2022-con-mas-dias\/","og_locale":"es_ES","og_type":"article","og_title":"Este jueves, ministros de Educaci\u00f3n del pa\u00eds definir\u00e1n el calendario escolar 2022 con m\u00e1s d\u00edas | CVI NOTICIAS","og_description":"El Consejo Federal de Educaci\u00f3n se re\u00fane este jueves en el Palacio Pizzurno, para analizar con los representantes de las carteras educativas de las 24 jurisdicciones, el calendario escolar del pr\u00f3ximo a\u00f1o, de 190 d\u00edas, y la capacitaci\u00f3n a docentes. Sobre el encuentro, el ministro de Educaci\u00f3n, Jaime Perczyk, anticip\u00f3 que el Consejo analizar\u00e1 \u00abel [&hellip;]","og_url":"https:\/\/cvinoticias.com\/v3\/este-jueves-ministros-de-educacion-del-pais-definiran-el-calendario-escolar-2022-con-mas-dias\/","og_site_name":"CVI NOTICIAS","article_publisher":"https:\/\/www.facebook.com\/cvinoticias","article_published_time":"2021-11-25T10:23:37+00:00","og_image":[{"width":1080,"height":694,"url":"https:\/\/cvinoticias.com\/wp-content\/uploads\/2021\/11\/Screenshot_20211125-071909_Chrome.jpg","type":"image\/jpeg"}],"author":"f1000024","twitter_card":"summary_large_image","twitter_misc":{"Escrito por":"f1000024","Tiempo de lectura":"1 minuto"},"schema":{"@context":"https:\/\/schema.org","@graph":[{"@type":"Article","@id":"https:\/\/cvinoticias.com\/v3\/este-jueves-ministros-de-educacion-del-pais-definiran-el-calendario-escolar-2022-con-mas-dias\/#article","isPartOf":{"@id":"https:\/\/cvinoticias.com\/v3\/este-jueves-ministros-de-educacion-del-pais-definiran-el-calendario-escolar-2022-con-mas-dias\/"},"author":{"name":"f1000024","@id":"https:\/\/cvinoticias.com\/v3\/#\/schema\/person\/2db77e3c6bc03c538495d7b2b8be9b66"},"headline":"Este jueves, ministros de Educaci\u00f3n del pa\u00eds definir\u00e1n el calendario escolar 2022 con m\u00e1s d\u00edas","datePublished":"2021-11-25T10:23:37+00:00","mainEntityOfPage":{"@id":"https:\/\/cvinoticias.com\/v3\/este-jueves-ministros-de-educacion-del-pais-definiran-el-calendario-escolar-2022-con-mas-dias\/"},"wordCount":160,"commentCount":0,"publisher":{"@id":"https:\/\/cvinoticias.com\/v3\/#organization"},"image":{"@id":"https:\/\/cvinoticias.com\/v3\/este-jueves-ministros-de-educacion-del-pais-definiran-el-calendario-escolar-2022-con-mas-dias\/#primaryimage"},"thumbnailUrl":"https:\/\/cvinoticias.com\/wp-content\/uploads\/2021\/11\/Screenshot_20211125-071909_Chrome.jpg","articleSection":["Educacion"],"inLanguage":"es","potentialAction":[{"@type":"CommentAction","name":"Comment","target":["https:\/\/cvinoticias.com\/v3\/este-jueves-ministros-de-educacion-del-pais-definiran-el-calendario-escolar-2022-con-mas-dias\/#respond"]}]},{"@type":"WebPage","@id":"https:\/\/cvinoticias.com\/v3\/este-jueves-ministros-de-educacion-del-pais-definiran-el-calendario-escolar-2022-con-mas-dias\/","url":"https:\/\/cvinoticias.com\/v3\/este-jueves-ministros-de-educacion-del-pais-definiran-el-calendario-escolar-2022-con-mas-dias\/","name":"Este jueves, ministros de Educaci\u00f3n del pa\u00eds definir\u00e1n el calendario escolar 2022 con m\u00e1s d\u00edas | CVI NOTICIAS","isPartOf":{"@id":"https:\/\/cvinoticias.com\/v3\/#website"},"primaryImageOfPage":{"@id":"https:\/\/cvinoticias.com\/v3\/este-jueves-ministros-de-educacion-del-pais-definiran-el-calendario-escolar-2022-con-mas-dias\/#primaryimage"},"image":{"@id":"https:\/\/cvinoticias.com\/v3\/este-jueves-ministros-de-educacion-del-pais-definiran-el-calendario-escolar-2022-con-mas-dias\/#primaryimage"},"thumbnailUrl":"https:\/\/cvinoticias.com\/wp-content\/uploads\/2021\/11\/Screenshot_20211125-071909_Chrome.jpg","datePublished":"2021-11-25T10:23:37+00:00","breadcrumb":{"@id":"https:\/\/cvinoticias.com\/v3\/este-jueves-ministros-de-educacion-del-pais-definiran-el-calendario-escolar-2022-con-mas-dias\/#breadcrumb"},"inLanguage":"es","potentialAction":[{"@type":"ReadAction","target":["https:\/\/cvinoticias.com\/v3\/este-jueves-ministros-de-educacion-del-pais-definiran-el-calendario-escolar-2022-con-mas-dias\/"]}]},{"@type":"ImageObject","inLanguage":"es","@id":"https:\/\/cvinoticias.com\/v3\/este-jueves-ministros-de-educacion-del-pais-definiran-el-calendario-escolar-2022-con-mas-dias\/#primaryimage","url":"https:\/\/cvinoticias.com\/wp-content\/uploads\/2021\/11\/Screenshot_20211125-071909_Chrome.jpg","contentUrl":"https:\/\/cvinoticias.com\/wp-content\/uploads\/2021\/11\/Screenshot_20211125-071909_Chrome.jpg","width":1080,"height":694},{"@type":"BreadcrumbList","@id":"https:\/\/cvinoticias.com\/v3\/este-jueves-ministros-de-educacion-del-pais-definiran-el-calendario-escolar-2022-con-mas-dias\/#breadcrumb","itemListElement":[{"@type":"ListItem","position":1,"name":"Portada","item":"https:\/\/cvinoticias.com\/v3\/"},{"@type":"ListItem","position":2,"name":"Este jueves, ministros de Educaci\u00f3n del pa\u00eds definir\u00e1n el calendario escolar 2022 con m\u00e1s d\u00edas"}]},{"@type":"WebSite","@id":"https:\/\/cvinoticias.com\/v3\/#website","url":"https:\/\/cvinoticias.com\/v3\/","name":"CVI NOTICIAS","description":"","publisher":{"@id":"https:\/\/cvinoticias.com\/v3\/#organization"},"alternateName":"CVI","potentialAction":[{"@type":"SearchAction","target":{"@type":"EntryPoint","urlTemplate":"https:\/\/cvinoticias.com\/v3\/?s={search_term_string}"},"query-input":{"@type":"PropertyValueSpecification","valueRequired":true,"valueName":"search_term_string"}}],"inLanguage":"es"},{"@type":"Organization","@id":"https:\/\/cvinoticias.com\/v3\/#organization","name":"CVI NOTICIAS","url":"https:\/\/cvinoticias.com\/v3\/","logo":{"@type":"ImageObject","inLanguage":"es","@id":"https:\/\/cvinoticias.com\/v3\/#\/schema\/logo\/image\/","url":"https:\/\/cvinoticias.com\/wp-content\/uploads\/2023\/04\/cropped-cropped-cropped-cropped-cropped-3-1.png","contentUrl":"https:\/\/cvinoticias.com\/wp-content\/uploads\/2023\/04\/cropped-cropped-cropped-cropped-cropped-3-1.png","width":95,"height":122,"caption":"CVI NOTICIAS"},"image":{"@id":"https:\/\/cvinoticias.com\/v3\/#\/schema\/logo\/image\/"},"sameAs":["https:\/\/www.facebook.com\/cvinoticias","https:\/\/www.instagram.com\/cvinoticias\/","https:\/\/www.youtube.com\/@CVINOTICIAS"]},{"@type":"Person","@id":"https:\/\/cvinoticias.com\/v3\/#\/schema\/person\/2db77e3c6bc03c538495d7b2b8be9b66","name":"f1000024","image":{"@type":"ImageObject","inLanguage":"es","@id":"https:\/\/secure.gravatar.com\/avatar\/d4fe7459cfc51ff5129ce1a732bbef5928568b8092d412ef95611616376bbeed?s=96&d=mm&r=g","url":"https:\/\/secure.gravatar.com\/avatar\/d4fe7459cfc51ff5129ce1a732bbef5928568b8092d412ef95611616376bbeed?s=96&d=mm&r=g","contentUrl":"https:\/\/secure.gravatar.com\/avatar\/d4fe7459cfc51ff5129ce1a732bbef5928568b8092d412ef95611616376bbeed?s=96&d=mm&r=g","caption":"f1000024"},"url":"https:\/\/cvinoticias.com\/v3\/author\/f1000024\/"}]}},"_links":{"self":[{"href":"https:\/\/cvinoticias.com\/v3\/wp-json\/wp\/v2\/posts\/10918","targetHints":{"allow":["GET"]}}],"collection":[{"href":"https:\/\/cvinoticias.com\/v3\/wp-json\/wp\/v2\/posts"}],"about":[{"href":"https:\/\/cvinoticias.com\/v3\/wp-json\/wp\/v2\/types\/post"}],"author":[{"embeddable":true,"href":"https:\/\/cvinoticias.com\/v3\/wp-json\/wp\/v2\/users\/2"}],"replies":[{"embeddable":true,"href":"https:\/\/cvinoticias.com\/v3\/wp-json\/wp\/v2\/comments?post=10918"}],"version-history":[{"count":1,"href":"https:\/\/cvinoticias.com\/v3\/wp-json\/wp\/v2\/posts\/10918\/revisions"}],"predecessor-version":[{"id":10920,"href":"https:\/\/cvinoticias.com\/v3\/wp-json\/wp\/v2\/posts\/10918\/revisions\/10920"}],"wp:featuredmedia":[{"embeddable":true,"href":"https:\/\/cvinoticias.com\/v3\/wp-json\/wp\/v2\/media\/10919"}],"wp:attachment":[{"href":"https:\/\/cvinoticias.com\/v3\/wp-json\/wp\/v2\/media?parent=10918"}],"wp:term":[{"taxonomy":"category","embeddable":true,"href":"https:\/\/cvinoticias.com\/v3\/wp-json\/wp\/v2\/categories?post=10918"},{"taxonomy":"post_tag","embeddable":true,"href":"https:\/\/cvinoticias.com\/v3\/wp-json\/wp\/v2\/tags?post=10918"}],"curies":[{"name":"wp","href":"https:\/\/api.w.org\/{rel}","templated":true}]}}