{"id":10904,"date":"2021-11-24T14:43:10","date_gmt":"2021-11-24T14:43:10","guid":{"rendered":"https:\/\/cvinoticias.com\/v3\/?p=10904"},"modified":"2021-11-24T14:43:10","modified_gmt":"2021-11-24T14:43:10","slug":"presentacion-de-la-tecnicatura-superior-de-turismo-comunitario-indigena","status":"publish","type":"post","link":"https:\/\/cvinoticias.com\/v3\/presentacion-de-la-tecnicatura-superior-de-turismo-comunitario-indigena\/","title":{"rendered":"Presentaci\u00f3n de la Tecnicatura Superior de Turismo Comunitario Ind\u00edgena"},"content":{"rendered":"\n<p><strong><em>Se realiz\u00f3 en el viejo Hotel Cataratas sal\u00f3n Perito Moreno el VI Encuentro Taller del equipo t\u00e9cnico intercultural PNI con la presentaci\u00f3n de la Tecnicatura Superior de Turismo Comunitario Ind\u00edgena.<br><\/em><\/strong><br>Se actualiz\u00f3 la informaci\u00f3n sobre los avances del Instituto Superior de Turismo Comunitario Ind\u00edgena Ra\u00fal Karai Correa con la presentaci\u00f3n del cuerpo directivo y docentes.<\/p>\n\n\n\n<p>Se habl\u00f3 sobre el 1\u00b0 Plan Educativo Institucional (PEI) del Instituto como as\u00ed tambi\u00e9n sobre el avance de la preinscripci\u00f3n al primer a\u00f1o del Instituto.<\/p>\n\n\n\n<p>Tambi\u00e9n se realiz\u00f3 la presentaci\u00f3n de la sede provisional donde va a funcionar el 1\u00b0 a\u00f1o del Instituto Superior de Turismo Comunitario Ind\u00edgena Ra\u00fal Karai Correa.<\/p>\n\n\n\n<figure class=\"wp-block-image size-large\"><a href=\"https:\/\/cvinoticias.com\/wp-content\/uploads\/2021\/11\/IMG-20211124-WA0039.jpg\"><img decoding=\"async\" width=\"1024\" height=\"768\" data-src=\"https:\/\/cvinoticias.com\/wp-content\/uploads\/2021\/11\/IMG-20211124-WA0039-1024x768.jpg\" alt=\"\" class=\"wp-image-10906 lazyload\" data-srcset=\"https:\/\/cvinoticias.com\/wp-content\/uploads\/2021\/11\/IMG-20211124-WA0039-1024x768.jpg 1024w, https:\/\/cvinoticias.com\/wp-content\/uploads\/2021\/11\/IMG-20211124-WA0039-300x225.jpg 300w, https:\/\/cvinoticias.com\/wp-content\/uploads\/2021\/11\/IMG-20211124-WA0039-768x576.jpg 768w, https:\/\/cvinoticias.com\/wp-content\/uploads\/2021\/11\/IMG-20211124-WA0039-1536x1152.jpg 1536w, https:\/\/cvinoticias.com\/wp-content\/uploads\/2021\/11\/IMG-20211124-WA0039.jpg 1600w\" data-sizes=\"(max-width: 1024px) 100vw, 1024px\" src=\"data:image\/svg+xml;base64,PHN2ZyB3aWR0aD0iMSIgaGVpZ2h0PSIxIiB4bWxucz0iaHR0cDovL3d3dy53My5vcmcvMjAwMC9zdmciPjwvc3ZnPg==\" style=\"--smush-placeholder-width: 1024px; --smush-placeholder-aspect-ratio: 1024\/768;\" \/><\/a><\/figure>\n\n\n\n<p>Estuvieron presentes referentes vinculados con el sector educativo, docentes interculturales y l\u00edderes del Consejo Educativo Aut\u00f3nomo de los Pueblos Ind\u00edgenas CEAPI y de la ODIM, Organizaci\u00f3n de Docentes Ind\u00edgenas de Misiones.<\/p>\n\n\n\n<p>Por tratarse de una celebraci\u00f3n que tendr\u00e1 como tema central el Instituto Ra\u00fal Karai Correa, se invit\u00f3 a participar a autoridades del Gobierno de la provincia de Misiones, en especial al Sr. Gobernador, Ministro de Turismo, Presidente del Consejo General de Educaci\u00f3n (CGE), Directora general de Asuntos Guaran\u00edes y las Coordinaciones del Instituto de Pol\u00edticas Ling\u00fc\u00edsticas y de Innovaci\u00f3n y Educaci\u00f3n Disruptiva del CGE.<br><br>Cabe se\u00f1alar que el Instituto tendr\u00e1 su sede definitiva en la ex Escuelita del Parque cuyas instalaciones fueron ofrecidas por el Gobierno Tur\u00edstico de la provincia de Misiones.<\/p>\n\n\n\n<p><br><br><\/p>\n\n\n\n<figure class=\"wp-block-image size-large\"><a href=\"https:\/\/cvinoticias.com\/wp-content\/uploads\/2021\/11\/IMG-20211124-WA0037.jpg\"><img decoding=\"async\" width=\"1024\" height=\"768\" data-src=\"https:\/\/cvinoticias.com\/wp-content\/uploads\/2021\/11\/IMG-20211124-WA0037-1024x768.jpg\" alt=\"\" class=\"wp-image-10907 lazyload\" data-srcset=\"https:\/\/cvinoticias.com\/wp-content\/uploads\/2021\/11\/IMG-20211124-WA0037-1024x768.jpg 1024w, https:\/\/cvinoticias.com\/wp-content\/uploads\/2021\/11\/IMG-20211124-WA0037-300x225.jpg 300w, https:\/\/cvinoticias.com\/wp-content\/uploads\/2021\/11\/IMG-20211124-WA0037-768x576.jpg 768w, https:\/\/cvinoticias.com\/wp-content\/uploads\/2021\/11\/IMG-20211124-WA0037-1536x1152.jpg 1536w, https:\/\/cvinoticias.com\/wp-content\/uploads\/2021\/11\/IMG-20211124-WA0037.jpg 1600w\" data-sizes=\"(max-width: 1024px) 100vw, 1024px\" src=\"data:image\/svg+xml;base64,PHN2ZyB3aWR0aD0iMSIgaGVpZ2h0PSIxIiB4bWxucz0iaHR0cDovL3d3dy53My5vcmcvMjAwMC9zdmciPjwvc3ZnPg==\" style=\"--smush-placeholder-width: 1024px; --smush-placeholder-aspect-ratio: 1024\/768;\" \/><\/a><\/figure>\n","protected":false},"excerpt":{"rendered":"<p>Se realiz\u00f3 en el viejo Hotel Cataratas sal\u00f3n Perito Moreno el VI Encuentro Taller del equipo t\u00e9cnico intercultural PNI con la presentaci\u00f3n de la Tecnicatura Superior de Turismo Comunitario Ind\u00edgena.Se actualiz\u00f3 la informaci\u00f3n sobre los avances del Instituto Superior de Turismo Comunitario Ind\u00edgena Ra\u00fal Karai Correa con la presentaci\u00f3n del cuerpo directivo y docentes. Se [&hellip;]<\/p>\n","protected":false},"author":2,"featured_media":10905,"comment_status":"open","ping_status":"open","sticky":false,"template":"","format":"standard","meta":{"footnotes":""},"categories":[50],"tags":[],"class_list":["post-10904","post","type-post","status-publish","format-standard","has-post-thumbnail","hentry","category-turismo"],"yoast_head":"<!-- This site is optimized with the Yoast SEO plugin v27.4 - https:\/\/yoast.com\/product\/yoast-seo-wordpress\/ -->\n<title>Presentaci\u00f3n de la Tecnicatura Superior de Turismo Comunitario Ind\u00edgena | CVI NOTICIAS<\/title>\n<meta name=\"robots\" content=\"index, follow, max-snippet:-1, max-image-preview:large, max-video-preview:-1\" \/>\n<link rel=\"canonical\" href=\"https:\/\/cvinoticias.com\/v3\/presentacion-de-la-tecnicatura-superior-de-turismo-comunitario-indigena\/\" \/>\n<meta property=\"og:locale\" content=\"es_ES\" \/>\n<meta property=\"og:type\" content=\"article\" \/>\n<meta property=\"og:title\" content=\"Presentaci\u00f3n de la Tecnicatura Superior de Turismo Comunitario Ind\u00edgena | CVI NOTICIAS\" \/>\n<meta property=\"og:description\" content=\"Se realiz\u00f3 en el viejo Hotel Cataratas sal\u00f3n Perito Moreno el VI Encuentro Taller del equipo t\u00e9cnico intercultural PNI con la presentaci\u00f3n de la Tecnicatura Superior de Turismo Comunitario Ind\u00edgena.Se actualiz\u00f3 la informaci\u00f3n sobre los avances del Instituto Superior de Turismo Comunitario Ind\u00edgena Ra\u00fal Karai Correa con la presentaci\u00f3n del cuerpo directivo y docentes. Se [&hellip;]\" \/>\n<meta property=\"og:url\" content=\"https:\/\/cvinoticias.com\/v3\/presentacion-de-la-tecnicatura-superior-de-turismo-comunitario-indigena\/\" \/>\n<meta property=\"og:site_name\" content=\"CVI NOTICIAS\" \/>\n<meta property=\"article:publisher\" content=\"https:\/\/www.facebook.com\/cvinoticias\" \/>\n<meta property=\"article:published_time\" content=\"2021-11-24T14:43:10+00:00\" \/>\n<meta property=\"og:image\" content=\"https:\/\/cvinoticias.com\/wp-content\/uploads\/2021\/11\/IMG-20211124-WA0038.jpg\" \/>\n\t<meta property=\"og:image:width\" content=\"1600\" \/>\n\t<meta property=\"og:image:height\" content=\"1200\" \/>\n\t<meta property=\"og:image:type\" content=\"image\/jpeg\" \/>\n<meta name=\"author\" content=\"f1000024\" \/>\n<meta name=\"twitter:card\" content=\"summary_large_image\" \/>\n<meta name=\"twitter:label1\" content=\"Escrito por\" \/>\n\t<meta name=\"twitter:data1\" content=\"f1000024\" \/>\n\t<meta name=\"twitter:label2\" content=\"Tiempo de lectura\" \/>\n\t<meta name=\"twitter:data2\" content=\"1 minuto\" \/>\n<script type=\"application\/ld+json\" class=\"yoast-schema-graph\">{\"@context\":\"https:\\\/\\\/schema.org\",\"@graph\":[{\"@type\":\"Article\",\"@id\":\"https:\\\/\\\/cvinoticias.com\\\/v3\\\/presentacion-de-la-tecnicatura-superior-de-turismo-comunitario-indigena\\\/#article\",\"isPartOf\":{\"@id\":\"https:\\\/\\\/cvinoticias.com\\\/v3\\\/presentacion-de-la-tecnicatura-superior-de-turismo-comunitario-indigena\\\/\"},\"author\":{\"name\":\"f1000024\",\"@id\":\"https:\\\/\\\/cvinoticias.com\\\/v3\\\/#\\\/schema\\\/person\\\/2db77e3c6bc03c538495d7b2b8be9b66\"},\"headline\":\"Presentaci\u00f3n de la Tecnicatura Superior de Turismo Comunitario Ind\u00edgena\",\"datePublished\":\"2021-11-24T14:43:10+00:00\",\"mainEntityOfPage\":{\"@id\":\"https:\\\/\\\/cvinoticias.com\\\/v3\\\/presentacion-de-la-tecnicatura-superior-de-turismo-comunitario-indigena\\\/\"},\"wordCount\":269,\"commentCount\":0,\"publisher\":{\"@id\":\"https:\\\/\\\/cvinoticias.com\\\/v3\\\/#organization\"},\"image\":{\"@id\":\"https:\\\/\\\/cvinoticias.com\\\/v3\\\/presentacion-de-la-tecnicatura-superior-de-turismo-comunitario-indigena\\\/#primaryimage\"},\"thumbnailUrl\":\"https:\\\/\\\/cvinoticias.com\\\/wp-content\\\/uploads\\\/2021\\\/11\\\/IMG-20211124-WA0038.jpg\",\"articleSection\":[\"Turismo\"],\"inLanguage\":\"es\",\"potentialAction\":[{\"@type\":\"CommentAction\",\"name\":\"Comment\",\"target\":[\"https:\\\/\\\/cvinoticias.com\\\/v3\\\/presentacion-de-la-tecnicatura-superior-de-turismo-comunitario-indigena\\\/#respond\"]}]},{\"@type\":\"WebPage\",\"@id\":\"https:\\\/\\\/cvinoticias.com\\\/v3\\\/presentacion-de-la-tecnicatura-superior-de-turismo-comunitario-indigena\\\/\",\"url\":\"https:\\\/\\\/cvinoticias.com\\\/v3\\\/presentacion-de-la-tecnicatura-superior-de-turismo-comunitario-indigena\\\/\",\"name\":\"Presentaci\u00f3n de la Tecnicatura Superior de Turismo Comunitario Ind\u00edgena | CVI NOTICIAS\",\"isPartOf\":{\"@id\":\"https:\\\/\\\/cvinoticias.com\\\/v3\\\/#website\"},\"primaryImageOfPage\":{\"@id\":\"https:\\\/\\\/cvinoticias.com\\\/v3\\\/presentacion-de-la-tecnicatura-superior-de-turismo-comunitario-indigena\\\/#primaryimage\"},\"image\":{\"@id\":\"https:\\\/\\\/cvinoticias.com\\\/v3\\\/presentacion-de-la-tecnicatura-superior-de-turismo-comunitario-indigena\\\/#primaryimage\"},\"thumbnailUrl\":\"https:\\\/\\\/cvinoticias.com\\\/wp-content\\\/uploads\\\/2021\\\/11\\\/IMG-20211124-WA0038.jpg\",\"datePublished\":\"2021-11-24T14:43:10+00:00\",\"breadcrumb\":{\"@id\":\"https:\\\/\\\/cvinoticias.com\\\/v3\\\/presentacion-de-la-tecnicatura-superior-de-turismo-comunitario-indigena\\\/#breadcrumb\"},\"inLanguage\":\"es\",\"potentialAction\":[{\"@type\":\"ReadAction\",\"target\":[\"https:\\\/\\\/cvinoticias.com\\\/v3\\\/presentacion-de-la-tecnicatura-superior-de-turismo-comunitario-indigena\\\/\"]}]},{\"@type\":\"ImageObject\",\"inLanguage\":\"es\",\"@id\":\"https:\\\/\\\/cvinoticias.com\\\/v3\\\/presentacion-de-la-tecnicatura-superior-de-turismo-comunitario-indigena\\\/#primaryimage\",\"url\":\"https:\\\/\\\/cvinoticias.com\\\/wp-content\\\/uploads\\\/2021\\\/11\\\/IMG-20211124-WA0038.jpg\",\"contentUrl\":\"https:\\\/\\\/cvinoticias.com\\\/wp-content\\\/uploads\\\/2021\\\/11\\\/IMG-20211124-WA0038.jpg\",\"width\":1600,\"height\":1200},{\"@type\":\"BreadcrumbList\",\"@id\":\"https:\\\/\\\/cvinoticias.com\\\/v3\\\/presentacion-de-la-tecnicatura-superior-de-turismo-comunitario-indigena\\\/#breadcrumb\",\"itemListElement\":[{\"@type\":\"ListItem\",\"position\":1,\"name\":\"Portada\",\"item\":\"https:\\\/\\\/cvinoticias.com\\\/v3\\\/\"},{\"@type\":\"ListItem\",\"position\":2,\"name\":\"Presentaci\u00f3n de la Tecnicatura Superior de Turismo Comunitario Ind\u00edgena\"}]},{\"@type\":\"WebSite\",\"@id\":\"https:\\\/\\\/cvinoticias.com\\\/v3\\\/#website\",\"url\":\"https:\\\/\\\/cvinoticias.com\\\/v3\\\/\",\"name\":\"CVI NOTICIAS\",\"description\":\"\",\"publisher\":{\"@id\":\"https:\\\/\\\/cvinoticias.com\\\/v3\\\/#organization\"},\"alternateName\":\"CVI\",\"potentialAction\":[{\"@type\":\"SearchAction\",\"target\":{\"@type\":\"EntryPoint\",\"urlTemplate\":\"https:\\\/\\\/cvinoticias.com\\\/v3\\\/?s={search_term_string}\"},\"query-input\":{\"@type\":\"PropertyValueSpecification\",\"valueRequired\":true,\"valueName\":\"search_term_string\"}}],\"inLanguage\":\"es\"},{\"@type\":\"Organization\",\"@id\":\"https:\\\/\\\/cvinoticias.com\\\/v3\\\/#organization\",\"name\":\"CVI NOTICIAS\",\"url\":\"https:\\\/\\\/cvinoticias.com\\\/v3\\\/\",\"logo\":{\"@type\":\"ImageObject\",\"inLanguage\":\"es\",\"@id\":\"https:\\\/\\\/cvinoticias.com\\\/v3\\\/#\\\/schema\\\/logo\\\/image\\\/\",\"url\":\"https:\\\/\\\/cvinoticias.com\\\/wp-content\\\/uploads\\\/2023\\\/04\\\/cropped-cropped-cropped-cropped-cropped-3-1.png\",\"contentUrl\":\"https:\\\/\\\/cvinoticias.com\\\/wp-content\\\/uploads\\\/2023\\\/04\\\/cropped-cropped-cropped-cropped-cropped-3-1.png\",\"width\":95,\"height\":122,\"caption\":\"CVI NOTICIAS\"},\"image\":{\"@id\":\"https:\\\/\\\/cvinoticias.com\\\/v3\\\/#\\\/schema\\\/logo\\\/image\\\/\"},\"sameAs\":[\"https:\\\/\\\/www.facebook.com\\\/cvinoticias\",\"https:\\\/\\\/www.instagram.com\\\/cvinoticias\\\/\",\"https:\\\/\\\/www.youtube.com\\\/@CVINOTICIAS\"]},{\"@type\":\"Person\",\"@id\":\"https:\\\/\\\/cvinoticias.com\\\/v3\\\/#\\\/schema\\\/person\\\/2db77e3c6bc03c538495d7b2b8be9b66\",\"name\":\"f1000024\",\"image\":{\"@type\":\"ImageObject\",\"inLanguage\":\"es\",\"@id\":\"https:\\\/\\\/secure.gravatar.com\\\/avatar\\\/d4fe7459cfc51ff5129ce1a732bbef5928568b8092d412ef95611616376bbeed?s=96&d=mm&r=g\",\"url\":\"https:\\\/\\\/secure.gravatar.com\\\/avatar\\\/d4fe7459cfc51ff5129ce1a732bbef5928568b8092d412ef95611616376bbeed?s=96&d=mm&r=g\",\"contentUrl\":\"https:\\\/\\\/secure.gravatar.com\\\/avatar\\\/d4fe7459cfc51ff5129ce1a732bbef5928568b8092d412ef95611616376bbeed?s=96&d=mm&r=g\",\"caption\":\"f1000024\"},\"url\":\"https:\\\/\\\/cvinoticias.com\\\/v3\\\/author\\\/f1000024\\\/\"}]}<\/script>\n<!-- \/ Yoast SEO plugin. -->","yoast_head_json":{"title":"Presentaci\u00f3n de la Tecnicatura Superior de Turismo Comunitario Ind\u00edgena | CVI NOTICIAS","robots":{"index":"index","follow":"follow","max-snippet":"max-snippet:-1","max-image-preview":"max-image-preview:large","max-video-preview":"max-video-preview:-1"},"canonical":"https:\/\/cvinoticias.com\/v3\/presentacion-de-la-tecnicatura-superior-de-turismo-comunitario-indigena\/","og_locale":"es_ES","og_type":"article","og_title":"Presentaci\u00f3n de la Tecnicatura Superior de Turismo Comunitario Ind\u00edgena | CVI NOTICIAS","og_description":"Se realiz\u00f3 en el viejo Hotel Cataratas sal\u00f3n Perito Moreno el VI Encuentro Taller del equipo t\u00e9cnico intercultural PNI con la presentaci\u00f3n de la Tecnicatura Superior de Turismo Comunitario Ind\u00edgena.Se actualiz\u00f3 la informaci\u00f3n sobre los avances del Instituto Superior de Turismo Comunitario Ind\u00edgena Ra\u00fal Karai Correa con la presentaci\u00f3n del cuerpo directivo y docentes. Se [&hellip;]","og_url":"https:\/\/cvinoticias.com\/v3\/presentacion-de-la-tecnicatura-superior-de-turismo-comunitario-indigena\/","og_site_name":"CVI NOTICIAS","article_publisher":"https:\/\/www.facebook.com\/cvinoticias","article_published_time":"2021-11-24T14:43:10+00:00","og_image":[{"width":1600,"height":1200,"url":"https:\/\/cvinoticias.com\/wp-content\/uploads\/2021\/11\/IMG-20211124-WA0038.jpg","type":"image\/jpeg"}],"author":"f1000024","twitter_card":"summary_large_image","twitter_misc":{"Escrito por":"f1000024","Tiempo de lectura":"1 minuto"},"schema":{"@context":"https:\/\/schema.org","@graph":[{"@type":"Article","@id":"https:\/\/cvinoticias.com\/v3\/presentacion-de-la-tecnicatura-superior-de-turismo-comunitario-indigena\/#article","isPartOf":{"@id":"https:\/\/cvinoticias.com\/v3\/presentacion-de-la-tecnicatura-superior-de-turismo-comunitario-indigena\/"},"author":{"name":"f1000024","@id":"https:\/\/cvinoticias.com\/v3\/#\/schema\/person\/2db77e3c6bc03c538495d7b2b8be9b66"},"headline":"Presentaci\u00f3n de la Tecnicatura Superior de Turismo Comunitario Ind\u00edgena","datePublished":"2021-11-24T14:43:10+00:00","mainEntityOfPage":{"@id":"https:\/\/cvinoticias.com\/v3\/presentacion-de-la-tecnicatura-superior-de-turismo-comunitario-indigena\/"},"wordCount":269,"commentCount":0,"publisher":{"@id":"https:\/\/cvinoticias.com\/v3\/#organization"},"image":{"@id":"https:\/\/cvinoticias.com\/v3\/presentacion-de-la-tecnicatura-superior-de-turismo-comunitario-indigena\/#primaryimage"},"thumbnailUrl":"https:\/\/cvinoticias.com\/wp-content\/uploads\/2021\/11\/IMG-20211124-WA0038.jpg","articleSection":["Turismo"],"inLanguage":"es","potentialAction":[{"@type":"CommentAction","name":"Comment","target":["https:\/\/cvinoticias.com\/v3\/presentacion-de-la-tecnicatura-superior-de-turismo-comunitario-indigena\/#respond"]}]},{"@type":"WebPage","@id":"https:\/\/cvinoticias.com\/v3\/presentacion-de-la-tecnicatura-superior-de-turismo-comunitario-indigena\/","url":"https:\/\/cvinoticias.com\/v3\/presentacion-de-la-tecnicatura-superior-de-turismo-comunitario-indigena\/","name":"Presentaci\u00f3n de la Tecnicatura Superior de Turismo Comunitario Ind\u00edgena | CVI NOTICIAS","isPartOf":{"@id":"https:\/\/cvinoticias.com\/v3\/#website"},"primaryImageOfPage":{"@id":"https:\/\/cvinoticias.com\/v3\/presentacion-de-la-tecnicatura-superior-de-turismo-comunitario-indigena\/#primaryimage"},"image":{"@id":"https:\/\/cvinoticias.com\/v3\/presentacion-de-la-tecnicatura-superior-de-turismo-comunitario-indigena\/#primaryimage"},"thumbnailUrl":"https:\/\/cvinoticias.com\/wp-content\/uploads\/2021\/11\/IMG-20211124-WA0038.jpg","datePublished":"2021-11-24T14:43:10+00:00","breadcrumb":{"@id":"https:\/\/cvinoticias.com\/v3\/presentacion-de-la-tecnicatura-superior-de-turismo-comunitario-indigena\/#breadcrumb"},"inLanguage":"es","potentialAction":[{"@type":"ReadAction","target":["https:\/\/cvinoticias.com\/v3\/presentacion-de-la-tecnicatura-superior-de-turismo-comunitario-indigena\/"]}]},{"@type":"ImageObject","inLanguage":"es","@id":"https:\/\/cvinoticias.com\/v3\/presentacion-de-la-tecnicatura-superior-de-turismo-comunitario-indigena\/#primaryimage","url":"https:\/\/cvinoticias.com\/wp-content\/uploads\/2021\/11\/IMG-20211124-WA0038.jpg","contentUrl":"https:\/\/cvinoticias.com\/wp-content\/uploads\/2021\/11\/IMG-20211124-WA0038.jpg","width":1600,"height":1200},{"@type":"BreadcrumbList","@id":"https:\/\/cvinoticias.com\/v3\/presentacion-de-la-tecnicatura-superior-de-turismo-comunitario-indigena\/#breadcrumb","itemListElement":[{"@type":"ListItem","position":1,"name":"Portada","item":"https:\/\/cvinoticias.com\/v3\/"},{"@type":"ListItem","position":2,"name":"Presentaci\u00f3n de la Tecnicatura Superior de Turismo Comunitario Ind\u00edgena"}]},{"@type":"WebSite","@id":"https:\/\/cvinoticias.com\/v3\/#website","url":"https:\/\/cvinoticias.com\/v3\/","name":"CVI NOTICIAS","description":"","publisher":{"@id":"https:\/\/cvinoticias.com\/v3\/#organization"},"alternateName":"CVI","potentialAction":[{"@type":"SearchAction","target":{"@type":"EntryPoint","urlTemplate":"https:\/\/cvinoticias.com\/v3\/?s={search_term_string}"},"query-input":{"@type":"PropertyValueSpecification","valueRequired":true,"valueName":"search_term_string"}}],"inLanguage":"es"},{"@type":"Organization","@id":"https:\/\/cvinoticias.com\/v3\/#organization","name":"CVI NOTICIAS","url":"https:\/\/cvinoticias.com\/v3\/","logo":{"@type":"ImageObject","inLanguage":"es","@id":"https:\/\/cvinoticias.com\/v3\/#\/schema\/logo\/image\/","url":"https:\/\/cvinoticias.com\/wp-content\/uploads\/2023\/04\/cropped-cropped-cropped-cropped-cropped-3-1.png","contentUrl":"https:\/\/cvinoticias.com\/wp-content\/uploads\/2023\/04\/cropped-cropped-cropped-cropped-cropped-3-1.png","width":95,"height":122,"caption":"CVI NOTICIAS"},"image":{"@id":"https:\/\/cvinoticias.com\/v3\/#\/schema\/logo\/image\/"},"sameAs":["https:\/\/www.facebook.com\/cvinoticias","https:\/\/www.instagram.com\/cvinoticias\/","https:\/\/www.youtube.com\/@CVINOTICIAS"]},{"@type":"Person","@id":"https:\/\/cvinoticias.com\/v3\/#\/schema\/person\/2db77e3c6bc03c538495d7b2b8be9b66","name":"f1000024","image":{"@type":"ImageObject","inLanguage":"es","@id":"https:\/\/secure.gravatar.com\/avatar\/d4fe7459cfc51ff5129ce1a732bbef5928568b8092d412ef95611616376bbeed?s=96&d=mm&r=g","url":"https:\/\/secure.gravatar.com\/avatar\/d4fe7459cfc51ff5129ce1a732bbef5928568b8092d412ef95611616376bbeed?s=96&d=mm&r=g","contentUrl":"https:\/\/secure.gravatar.com\/avatar\/d4fe7459cfc51ff5129ce1a732bbef5928568b8092d412ef95611616376bbeed?s=96&d=mm&r=g","caption":"f1000024"},"url":"https:\/\/cvinoticias.com\/v3\/author\/f1000024\/"}]}},"_links":{"self":[{"href":"https:\/\/cvinoticias.com\/v3\/wp-json\/wp\/v2\/posts\/10904","targetHints":{"allow":["GET"]}}],"collection":[{"href":"https:\/\/cvinoticias.com\/v3\/wp-json\/wp\/v2\/posts"}],"about":[{"href":"https:\/\/cvinoticias.com\/v3\/wp-json\/wp\/v2\/types\/post"}],"author":[{"embeddable":true,"href":"https:\/\/cvinoticias.com\/v3\/wp-json\/wp\/v2\/users\/2"}],"replies":[{"embeddable":true,"href":"https:\/\/cvinoticias.com\/v3\/wp-json\/wp\/v2\/comments?post=10904"}],"version-history":[{"count":1,"href":"https:\/\/cvinoticias.com\/v3\/wp-json\/wp\/v2\/posts\/10904\/revisions"}],"predecessor-version":[{"id":10908,"href":"https:\/\/cvinoticias.com\/v3\/wp-json\/wp\/v2\/posts\/10904\/revisions\/10908"}],"wp:featuredmedia":[{"embeddable":true,"href":"https:\/\/cvinoticias.com\/v3\/wp-json\/wp\/v2\/media\/10905"}],"wp:attachment":[{"href":"https:\/\/cvinoticias.com\/v3\/wp-json\/wp\/v2\/media?parent=10904"}],"wp:term":[{"taxonomy":"category","embeddable":true,"href":"https:\/\/cvinoticias.com\/v3\/wp-json\/wp\/v2\/categories?post=10904"},{"taxonomy":"post_tag","embeddable":true,"href":"https:\/\/cvinoticias.com\/v3\/wp-json\/wp\/v2\/tags?post=10904"}],"curies":[{"name":"wp","href":"https:\/\/api.w.org\/{rel}","templated":true}]}}