{"id":10878,"date":"2021-11-23T20:29:57","date_gmt":"2021-11-23T20:29:57","guid":{"rendered":"https:\/\/cvinoticias.com\/v3\/?p=10878"},"modified":"2021-11-23T20:29:57","modified_gmt":"2021-11-23T20:29:57","slug":"durante-el-fin-de-semana-largo-iguazu-alcanzo-una-ocupacion-del-100","status":"publish","type":"post","link":"https:\/\/cvinoticias.com\/v3\/durante-el-fin-de-semana-largo-iguazu-alcanzo-una-ocupacion-del-100\/","title":{"rendered":"Durante el Fin de semana largo Iguaz\u00fa alcanz\u00f3 una ocupaci\u00f3n del 100%"},"content":{"rendered":"\n<p><strong><em>Durante los \u00faltimos tres d\u00edas, se movilizaron en el pa\u00eds 3.900.000 de turistas, la ocupaci\u00f3n fue superior al 90% y hubo un movimiento de 12 mil millones de pesos. La Ciudad de las Cataratas estuvo entre los destinos m\u00e1s elegidos.<\/em><\/strong><\/p>\n\n\n\n<p>Por el programa Previaje este \u00faltimo fin de semana de noviembre viajaron m\u00e1s de 3.900.000 personas a lo largo del pa\u00eds.\u00a0<strong>Si se analiza la ocupaci\u00f3n de estos destinos se observa que Puerto Iguaz\u00fa alcanz\u00f3 el 100% de ocupaci\u00f3n, junto con Mendoza y Salta,<\/strong>\u00a0seguido por el Partido de la Costa que alcanz\u00f3 un 90% del total, mientras Mar del Plata lleg\u00f3 al 83% y San Carlos de Bariloche al 85%. Por su parte, Villa Carlos Paz lleg\u00f3 al 80%, Villa Gesell al 80% y Pinamar, al 95%. Tambi\u00e9n se destaca Rosario con el 95% de ocupaci\u00f3n.<\/p>\n\n\n\n<p>Luego de este excelente fin de semana para el sector tur\u00edstico, el jefe de Gabinete de Ministros de la Naci\u00f3n,\u00a0Juan Manzur, se reuni\u00f3 este en su despacho de Casa Rosada con el ministro de Turismo y Deportes, Mat\u00edas Lammens, para analizar la actividad tur\u00edstica a ra\u00edz, en parte, del programa Previaje.<\/p>\n\n\n\n<p>Seg\u00fan las cifras del Ministerio de Turismo y Deportes,\u00a0se movilizaron, entre turistas y excursionistas, alrededor de 3.900.000 personas, lo que signific\u00f3 un movimiento en el sector de 12 mil millones de pesos. Estos n\u00fameros representan un 20% y 25% m\u00e1s que el mismo fin de semana largo del a\u00f1o 2019 y 2018.<\/p>\n\n\n\n<p>\u201cRepasamos los \u00edndices fenomenales de crecimiento del turismo respecto al mismo fin de semana antes de la pandemia, y realmente hay que decir que estamos frente a un despegue del consumo en el orden de los 12 mil millones de pesos, y en el que la pol\u00edtica p\u00fablica del Programa Previaje impulsado por el Gobierno tiene un rol muy importante\u201d, indic\u00f3 Manzur al t\u00e9rmino de la reuni\u00f3n.<\/p>\n\n\n\n<p>Al respecto, Lammens afirm\u00f3:\u00a0\u201cEl fin de semana largo fue un \u00e9xito total, con niveles de ocupaci\u00f3n superiores al 90% en los principales destinos, una movilizaci\u00f3n de personas un 25% superior al mismo fin de semana de la prepandemia y cifras muy prometedoras de consumo, impulsado por el programa Previaje\u201d.<\/p>\n\n\n\n<p>\u201cLos datos de octubre y noviembre nos muestran que el turismo ya est\u00e1 en marcha, que est\u00e1 empujando la recuperaci\u00f3n de la econom\u00eda y nos da la pauta de que vamos a tener una temporada de verano con cifras r\u00e9cord.\u00a0Esto nos pone muy contentos porque es un sector estrat\u00e9gico para el desarrollo de la Argentina, al que el Estado nacional hizo un gran esfuerzo por sostener\u201d.<\/p>\n\n\n\n<p>Adem\u00e1s agregaron que se estima que de ac\u00e1 a fin de a\u00f1o alrededor de un mill\u00f3n de personas van a viajar con el cr\u00e9dito otorgado por el programa nacional. Al d\u00eda de hoy, 2,5 millones de personas sacaron su viaje con Previaje y ya se facturaron $50 mil millones.\u00a0El plan todav\u00eda est\u00e1 abierto hasta el 31 de diciembre para quienes quieran sacar su viaje para febrero o el resto del\u00a0 2022.<\/p>\n\n\n\n<p><\/p>\n\n\n\n<p><strong>Fuente: Primera Edici\u00f3n <\/strong><\/p>\n","protected":false},"excerpt":{"rendered":"<p>Durante los \u00faltimos tres d\u00edas, se movilizaron en el pa\u00eds 3.900.000 de turistas, la ocupaci\u00f3n fue superior al 90% y hubo un movimiento de 12 mil millones de pesos. La Ciudad de las Cataratas estuvo entre los destinos m\u00e1s elegidos. Por el programa Previaje este \u00faltimo fin de semana de noviembre viajaron m\u00e1s de 3.900.000 [&hellip;]<\/p>\n","protected":false},"author":2,"featured_media":10879,"comment_status":"open","ping_status":"open","sticky":false,"template":"","format":"standard","meta":{"footnotes":""},"categories":[50],"tags":[],"class_list":["post-10878","post","type-post","status-publish","format-standard","has-post-thumbnail","hentry","category-turismo"],"yoast_head":"<!-- This site is optimized with the Yoast SEO plugin v27.5 - https:\/\/yoast.com\/product\/yoast-seo-wordpress\/ -->\n<title>Durante el Fin de semana largo Iguaz\u00fa alcanz\u00f3 una ocupaci\u00f3n del 100% | CVI NOTICIAS<\/title>\n<meta name=\"robots\" content=\"index, follow, max-snippet:-1, max-image-preview:large, max-video-preview:-1\" \/>\n<link rel=\"canonical\" href=\"https:\/\/cvinoticias.com\/v3\/durante-el-fin-de-semana-largo-iguazu-alcanzo-una-ocupacion-del-100\/\" \/>\n<meta property=\"og:locale\" content=\"es_ES\" \/>\n<meta property=\"og:type\" content=\"article\" \/>\n<meta property=\"og:title\" content=\"Durante el Fin de semana largo Iguaz\u00fa alcanz\u00f3 una ocupaci\u00f3n del 100% | CVI NOTICIAS\" \/>\n<meta property=\"og:description\" content=\"Durante los \u00faltimos tres d\u00edas, se movilizaron en el pa\u00eds 3.900.000 de turistas, la ocupaci\u00f3n fue superior al 90% y hubo un movimiento de 12 mil millones de pesos. La Ciudad de las Cataratas estuvo entre los destinos m\u00e1s elegidos. Por el programa Previaje este \u00faltimo fin de semana de noviembre viajaron m\u00e1s de 3.900.000 [&hellip;]\" \/>\n<meta property=\"og:url\" content=\"https:\/\/cvinoticias.com\/v3\/durante-el-fin-de-semana-largo-iguazu-alcanzo-una-ocupacion-del-100\/\" \/>\n<meta property=\"og:site_name\" content=\"CVI NOTICIAS\" \/>\n<meta property=\"article:publisher\" content=\"https:\/\/www.facebook.com\/cvinoticias\" \/>\n<meta property=\"article:published_time\" content=\"2021-11-23T20:29:57+00:00\" \/>\n<meta property=\"og:image\" content=\"https:\/\/cvinoticias.com\/wp-content\/uploads\/2021\/11\/FB_IMG_1621644573473.jpg\" \/>\n\t<meta property=\"og:image:width\" content=\"960\" \/>\n\t<meta property=\"og:image:height\" content=\"719\" \/>\n\t<meta property=\"og:image:type\" content=\"image\/jpeg\" \/>\n<meta name=\"author\" content=\"f1000024\" \/>\n<meta name=\"twitter:card\" content=\"summary_large_image\" \/>\n<meta name=\"twitter:label1\" content=\"Escrito por\" \/>\n\t<meta name=\"twitter:data1\" content=\"f1000024\" \/>\n\t<meta name=\"twitter:label2\" content=\"Tiempo de lectura\" \/>\n\t<meta name=\"twitter:data2\" content=\"3 minutos\" \/>\n<script type=\"application\/ld+json\" class=\"yoast-schema-graph\">{\"@context\":\"https:\\\/\\\/schema.org\",\"@graph\":[{\"@type\":\"Article\",\"@id\":\"https:\\\/\\\/cvinoticias.com\\\/v3\\\/durante-el-fin-de-semana-largo-iguazu-alcanzo-una-ocupacion-del-100\\\/#article\",\"isPartOf\":{\"@id\":\"https:\\\/\\\/cvinoticias.com\\\/v3\\\/durante-el-fin-de-semana-largo-iguazu-alcanzo-una-ocupacion-del-100\\\/\"},\"author\":{\"name\":\"f1000024\",\"@id\":\"https:\\\/\\\/cvinoticias.com\\\/v3\\\/#\\\/schema\\\/person\\\/2db77e3c6bc03c538495d7b2b8be9b66\"},\"headline\":\"Durante el Fin de semana largo Iguaz\u00fa alcanz\u00f3 una ocupaci\u00f3n del 100%\",\"datePublished\":\"2021-11-23T20:29:57+00:00\",\"mainEntityOfPage\":{\"@id\":\"https:\\\/\\\/cvinoticias.com\\\/v3\\\/durante-el-fin-de-semana-largo-iguazu-alcanzo-una-ocupacion-del-100\\\/\"},\"wordCount\":524,\"commentCount\":0,\"publisher\":{\"@id\":\"https:\\\/\\\/cvinoticias.com\\\/v3\\\/#organization\"},\"image\":{\"@id\":\"https:\\\/\\\/cvinoticias.com\\\/v3\\\/durante-el-fin-de-semana-largo-iguazu-alcanzo-una-ocupacion-del-100\\\/#primaryimage\"},\"thumbnailUrl\":\"https:\\\/\\\/cvinoticias.com\\\/wp-content\\\/uploads\\\/2021\\\/11\\\/FB_IMG_1621644573473.jpg\",\"articleSection\":[\"Turismo\"],\"inLanguage\":\"es\",\"potentialAction\":[{\"@type\":\"CommentAction\",\"name\":\"Comment\",\"target\":[\"https:\\\/\\\/cvinoticias.com\\\/v3\\\/durante-el-fin-de-semana-largo-iguazu-alcanzo-una-ocupacion-del-100\\\/#respond\"]}]},{\"@type\":\"WebPage\",\"@id\":\"https:\\\/\\\/cvinoticias.com\\\/v3\\\/durante-el-fin-de-semana-largo-iguazu-alcanzo-una-ocupacion-del-100\\\/\",\"url\":\"https:\\\/\\\/cvinoticias.com\\\/v3\\\/durante-el-fin-de-semana-largo-iguazu-alcanzo-una-ocupacion-del-100\\\/\",\"name\":\"Durante el Fin de semana largo Iguaz\u00fa alcanz\u00f3 una ocupaci\u00f3n del 100% | CVI NOTICIAS\",\"isPartOf\":{\"@id\":\"https:\\\/\\\/cvinoticias.com\\\/v3\\\/#website\"},\"primaryImageOfPage\":{\"@id\":\"https:\\\/\\\/cvinoticias.com\\\/v3\\\/durante-el-fin-de-semana-largo-iguazu-alcanzo-una-ocupacion-del-100\\\/#primaryimage\"},\"image\":{\"@id\":\"https:\\\/\\\/cvinoticias.com\\\/v3\\\/durante-el-fin-de-semana-largo-iguazu-alcanzo-una-ocupacion-del-100\\\/#primaryimage\"},\"thumbnailUrl\":\"https:\\\/\\\/cvinoticias.com\\\/wp-content\\\/uploads\\\/2021\\\/11\\\/FB_IMG_1621644573473.jpg\",\"datePublished\":\"2021-11-23T20:29:57+00:00\",\"breadcrumb\":{\"@id\":\"https:\\\/\\\/cvinoticias.com\\\/v3\\\/durante-el-fin-de-semana-largo-iguazu-alcanzo-una-ocupacion-del-100\\\/#breadcrumb\"},\"inLanguage\":\"es\",\"potentialAction\":[{\"@type\":\"ReadAction\",\"target\":[\"https:\\\/\\\/cvinoticias.com\\\/v3\\\/durante-el-fin-de-semana-largo-iguazu-alcanzo-una-ocupacion-del-100\\\/\"]}]},{\"@type\":\"ImageObject\",\"inLanguage\":\"es\",\"@id\":\"https:\\\/\\\/cvinoticias.com\\\/v3\\\/durante-el-fin-de-semana-largo-iguazu-alcanzo-una-ocupacion-del-100\\\/#primaryimage\",\"url\":\"https:\\\/\\\/cvinoticias.com\\\/wp-content\\\/uploads\\\/2021\\\/11\\\/FB_IMG_1621644573473.jpg\",\"contentUrl\":\"https:\\\/\\\/cvinoticias.com\\\/wp-content\\\/uploads\\\/2021\\\/11\\\/FB_IMG_1621644573473.jpg\",\"width\":960,\"height\":719},{\"@type\":\"BreadcrumbList\",\"@id\":\"https:\\\/\\\/cvinoticias.com\\\/v3\\\/durante-el-fin-de-semana-largo-iguazu-alcanzo-una-ocupacion-del-100\\\/#breadcrumb\",\"itemListElement\":[{\"@type\":\"ListItem\",\"position\":1,\"name\":\"Portada\",\"item\":\"https:\\\/\\\/cvinoticias.com\\\/v3\\\/\"},{\"@type\":\"ListItem\",\"position\":2,\"name\":\"Durante el Fin de semana largo Iguaz\u00fa alcanz\u00f3 una ocupaci\u00f3n del 100%\"}]},{\"@type\":\"WebSite\",\"@id\":\"https:\\\/\\\/cvinoticias.com\\\/v3\\\/#website\",\"url\":\"https:\\\/\\\/cvinoticias.com\\\/v3\\\/\",\"name\":\"CVI NOTICIAS\",\"description\":\"\",\"publisher\":{\"@id\":\"https:\\\/\\\/cvinoticias.com\\\/v3\\\/#organization\"},\"alternateName\":\"CVI\",\"potentialAction\":[{\"@type\":\"SearchAction\",\"target\":{\"@type\":\"EntryPoint\",\"urlTemplate\":\"https:\\\/\\\/cvinoticias.com\\\/v3\\\/?s={search_term_string}\"},\"query-input\":{\"@type\":\"PropertyValueSpecification\",\"valueRequired\":true,\"valueName\":\"search_term_string\"}}],\"inLanguage\":\"es\"},{\"@type\":\"Organization\",\"@id\":\"https:\\\/\\\/cvinoticias.com\\\/v3\\\/#organization\",\"name\":\"CVI NOTICIAS\",\"url\":\"https:\\\/\\\/cvinoticias.com\\\/v3\\\/\",\"logo\":{\"@type\":\"ImageObject\",\"inLanguage\":\"es\",\"@id\":\"https:\\\/\\\/cvinoticias.com\\\/v3\\\/#\\\/schema\\\/logo\\\/image\\\/\",\"url\":\"https:\\\/\\\/cvinoticias.com\\\/wp-content\\\/uploads\\\/2023\\\/04\\\/cropped-cropped-cropped-cropped-cropped-3-1.png\",\"contentUrl\":\"https:\\\/\\\/cvinoticias.com\\\/wp-content\\\/uploads\\\/2023\\\/04\\\/cropped-cropped-cropped-cropped-cropped-3-1.png\",\"width\":95,\"height\":122,\"caption\":\"CVI NOTICIAS\"},\"image\":{\"@id\":\"https:\\\/\\\/cvinoticias.com\\\/v3\\\/#\\\/schema\\\/logo\\\/image\\\/\"},\"sameAs\":[\"https:\\\/\\\/www.facebook.com\\\/cvinoticias\",\"https:\\\/\\\/www.instagram.com\\\/cvinoticias\\\/\",\"https:\\\/\\\/www.youtube.com\\\/@CVINOTICIAS\"]},{\"@type\":\"Person\",\"@id\":\"https:\\\/\\\/cvinoticias.com\\\/v3\\\/#\\\/schema\\\/person\\\/2db77e3c6bc03c538495d7b2b8be9b66\",\"name\":\"f1000024\",\"image\":{\"@type\":\"ImageObject\",\"inLanguage\":\"es\",\"@id\":\"https:\\\/\\\/secure.gravatar.com\\\/avatar\\\/d4fe7459cfc51ff5129ce1a732bbef5928568b8092d412ef95611616376bbeed?s=96&d=mm&r=g\",\"url\":\"https:\\\/\\\/secure.gravatar.com\\\/avatar\\\/d4fe7459cfc51ff5129ce1a732bbef5928568b8092d412ef95611616376bbeed?s=96&d=mm&r=g\",\"contentUrl\":\"https:\\\/\\\/secure.gravatar.com\\\/avatar\\\/d4fe7459cfc51ff5129ce1a732bbef5928568b8092d412ef95611616376bbeed?s=96&d=mm&r=g\",\"caption\":\"f1000024\"},\"url\":\"https:\\\/\\\/cvinoticias.com\\\/v3\\\/author\\\/f1000024\\\/\"}]}<\/script>\n<!-- \/ Yoast SEO plugin. -->","yoast_head_json":{"title":"Durante el Fin de semana largo Iguaz\u00fa alcanz\u00f3 una ocupaci\u00f3n del 100% | CVI NOTICIAS","robots":{"index":"index","follow":"follow","max-snippet":"max-snippet:-1","max-image-preview":"max-image-preview:large","max-video-preview":"max-video-preview:-1"},"canonical":"https:\/\/cvinoticias.com\/v3\/durante-el-fin-de-semana-largo-iguazu-alcanzo-una-ocupacion-del-100\/","og_locale":"es_ES","og_type":"article","og_title":"Durante el Fin de semana largo Iguaz\u00fa alcanz\u00f3 una ocupaci\u00f3n del 100% | CVI NOTICIAS","og_description":"Durante los \u00faltimos tres d\u00edas, se movilizaron en el pa\u00eds 3.900.000 de turistas, la ocupaci\u00f3n fue superior al 90% y hubo un movimiento de 12 mil millones de pesos. La Ciudad de las Cataratas estuvo entre los destinos m\u00e1s elegidos. Por el programa Previaje este \u00faltimo fin de semana de noviembre viajaron m\u00e1s de 3.900.000 [&hellip;]","og_url":"https:\/\/cvinoticias.com\/v3\/durante-el-fin-de-semana-largo-iguazu-alcanzo-una-ocupacion-del-100\/","og_site_name":"CVI NOTICIAS","article_publisher":"https:\/\/www.facebook.com\/cvinoticias","article_published_time":"2021-11-23T20:29:57+00:00","og_image":[{"width":960,"height":719,"url":"https:\/\/cvinoticias.com\/wp-content\/uploads\/2021\/11\/FB_IMG_1621644573473.jpg","type":"image\/jpeg"}],"author":"f1000024","twitter_card":"summary_large_image","twitter_misc":{"Escrito por":"f1000024","Tiempo de lectura":"3 minutos"},"schema":{"@context":"https:\/\/schema.org","@graph":[{"@type":"Article","@id":"https:\/\/cvinoticias.com\/v3\/durante-el-fin-de-semana-largo-iguazu-alcanzo-una-ocupacion-del-100\/#article","isPartOf":{"@id":"https:\/\/cvinoticias.com\/v3\/durante-el-fin-de-semana-largo-iguazu-alcanzo-una-ocupacion-del-100\/"},"author":{"name":"f1000024","@id":"https:\/\/cvinoticias.com\/v3\/#\/schema\/person\/2db77e3c6bc03c538495d7b2b8be9b66"},"headline":"Durante el Fin de semana largo Iguaz\u00fa alcanz\u00f3 una ocupaci\u00f3n del 100%","datePublished":"2021-11-23T20:29:57+00:00","mainEntityOfPage":{"@id":"https:\/\/cvinoticias.com\/v3\/durante-el-fin-de-semana-largo-iguazu-alcanzo-una-ocupacion-del-100\/"},"wordCount":524,"commentCount":0,"publisher":{"@id":"https:\/\/cvinoticias.com\/v3\/#organization"},"image":{"@id":"https:\/\/cvinoticias.com\/v3\/durante-el-fin-de-semana-largo-iguazu-alcanzo-una-ocupacion-del-100\/#primaryimage"},"thumbnailUrl":"https:\/\/cvinoticias.com\/wp-content\/uploads\/2021\/11\/FB_IMG_1621644573473.jpg","articleSection":["Turismo"],"inLanguage":"es","potentialAction":[{"@type":"CommentAction","name":"Comment","target":["https:\/\/cvinoticias.com\/v3\/durante-el-fin-de-semana-largo-iguazu-alcanzo-una-ocupacion-del-100\/#respond"]}]},{"@type":"WebPage","@id":"https:\/\/cvinoticias.com\/v3\/durante-el-fin-de-semana-largo-iguazu-alcanzo-una-ocupacion-del-100\/","url":"https:\/\/cvinoticias.com\/v3\/durante-el-fin-de-semana-largo-iguazu-alcanzo-una-ocupacion-del-100\/","name":"Durante el Fin de semana largo Iguaz\u00fa alcanz\u00f3 una ocupaci\u00f3n del 100% | CVI NOTICIAS","isPartOf":{"@id":"https:\/\/cvinoticias.com\/v3\/#website"},"primaryImageOfPage":{"@id":"https:\/\/cvinoticias.com\/v3\/durante-el-fin-de-semana-largo-iguazu-alcanzo-una-ocupacion-del-100\/#primaryimage"},"image":{"@id":"https:\/\/cvinoticias.com\/v3\/durante-el-fin-de-semana-largo-iguazu-alcanzo-una-ocupacion-del-100\/#primaryimage"},"thumbnailUrl":"https:\/\/cvinoticias.com\/wp-content\/uploads\/2021\/11\/FB_IMG_1621644573473.jpg","datePublished":"2021-11-23T20:29:57+00:00","breadcrumb":{"@id":"https:\/\/cvinoticias.com\/v3\/durante-el-fin-de-semana-largo-iguazu-alcanzo-una-ocupacion-del-100\/#breadcrumb"},"inLanguage":"es","potentialAction":[{"@type":"ReadAction","target":["https:\/\/cvinoticias.com\/v3\/durante-el-fin-de-semana-largo-iguazu-alcanzo-una-ocupacion-del-100\/"]}]},{"@type":"ImageObject","inLanguage":"es","@id":"https:\/\/cvinoticias.com\/v3\/durante-el-fin-de-semana-largo-iguazu-alcanzo-una-ocupacion-del-100\/#primaryimage","url":"https:\/\/cvinoticias.com\/wp-content\/uploads\/2021\/11\/FB_IMG_1621644573473.jpg","contentUrl":"https:\/\/cvinoticias.com\/wp-content\/uploads\/2021\/11\/FB_IMG_1621644573473.jpg","width":960,"height":719},{"@type":"BreadcrumbList","@id":"https:\/\/cvinoticias.com\/v3\/durante-el-fin-de-semana-largo-iguazu-alcanzo-una-ocupacion-del-100\/#breadcrumb","itemListElement":[{"@type":"ListItem","position":1,"name":"Portada","item":"https:\/\/cvinoticias.com\/v3\/"},{"@type":"ListItem","position":2,"name":"Durante el Fin de semana largo Iguaz\u00fa alcanz\u00f3 una ocupaci\u00f3n del 100%"}]},{"@type":"WebSite","@id":"https:\/\/cvinoticias.com\/v3\/#website","url":"https:\/\/cvinoticias.com\/v3\/","name":"CVI NOTICIAS","description":"","publisher":{"@id":"https:\/\/cvinoticias.com\/v3\/#organization"},"alternateName":"CVI","potentialAction":[{"@type":"SearchAction","target":{"@type":"EntryPoint","urlTemplate":"https:\/\/cvinoticias.com\/v3\/?s={search_term_string}"},"query-input":{"@type":"PropertyValueSpecification","valueRequired":true,"valueName":"search_term_string"}}],"inLanguage":"es"},{"@type":"Organization","@id":"https:\/\/cvinoticias.com\/v3\/#organization","name":"CVI NOTICIAS","url":"https:\/\/cvinoticias.com\/v3\/","logo":{"@type":"ImageObject","inLanguage":"es","@id":"https:\/\/cvinoticias.com\/v3\/#\/schema\/logo\/image\/","url":"https:\/\/cvinoticias.com\/wp-content\/uploads\/2023\/04\/cropped-cropped-cropped-cropped-cropped-3-1.png","contentUrl":"https:\/\/cvinoticias.com\/wp-content\/uploads\/2023\/04\/cropped-cropped-cropped-cropped-cropped-3-1.png","width":95,"height":122,"caption":"CVI NOTICIAS"},"image":{"@id":"https:\/\/cvinoticias.com\/v3\/#\/schema\/logo\/image\/"},"sameAs":["https:\/\/www.facebook.com\/cvinoticias","https:\/\/www.instagram.com\/cvinoticias\/","https:\/\/www.youtube.com\/@CVINOTICIAS"]},{"@type":"Person","@id":"https:\/\/cvinoticias.com\/v3\/#\/schema\/person\/2db77e3c6bc03c538495d7b2b8be9b66","name":"f1000024","image":{"@type":"ImageObject","inLanguage":"es","@id":"https:\/\/secure.gravatar.com\/avatar\/d4fe7459cfc51ff5129ce1a732bbef5928568b8092d412ef95611616376bbeed?s=96&d=mm&r=g","url":"https:\/\/secure.gravatar.com\/avatar\/d4fe7459cfc51ff5129ce1a732bbef5928568b8092d412ef95611616376bbeed?s=96&d=mm&r=g","contentUrl":"https:\/\/secure.gravatar.com\/avatar\/d4fe7459cfc51ff5129ce1a732bbef5928568b8092d412ef95611616376bbeed?s=96&d=mm&r=g","caption":"f1000024"},"url":"https:\/\/cvinoticias.com\/v3\/author\/f1000024\/"}]}},"_links":{"self":[{"href":"https:\/\/cvinoticias.com\/v3\/wp-json\/wp\/v2\/posts\/10878","targetHints":{"allow":["GET"]}}],"collection":[{"href":"https:\/\/cvinoticias.com\/v3\/wp-json\/wp\/v2\/posts"}],"about":[{"href":"https:\/\/cvinoticias.com\/v3\/wp-json\/wp\/v2\/types\/post"}],"author":[{"embeddable":true,"href":"https:\/\/cvinoticias.com\/v3\/wp-json\/wp\/v2\/users\/2"}],"replies":[{"embeddable":true,"href":"https:\/\/cvinoticias.com\/v3\/wp-json\/wp\/v2\/comments?post=10878"}],"version-history":[{"count":1,"href":"https:\/\/cvinoticias.com\/v3\/wp-json\/wp\/v2\/posts\/10878\/revisions"}],"predecessor-version":[{"id":10880,"href":"https:\/\/cvinoticias.com\/v3\/wp-json\/wp\/v2\/posts\/10878\/revisions\/10880"}],"wp:featuredmedia":[{"embeddable":true,"href":"https:\/\/cvinoticias.com\/v3\/wp-json\/wp\/v2\/media\/10879"}],"wp:attachment":[{"href":"https:\/\/cvinoticias.com\/v3\/wp-json\/wp\/v2\/media?parent=10878"}],"wp:term":[{"taxonomy":"category","embeddable":true,"href":"https:\/\/cvinoticias.com\/v3\/wp-json\/wp\/v2\/categories?post=10878"},{"taxonomy":"post_tag","embeddable":true,"href":"https:\/\/cvinoticias.com\/v3\/wp-json\/wp\/v2\/tags?post=10878"}],"curies":[{"name":"wp","href":"https:\/\/api.w.org\/{rel}","templated":true}]}}