{"id":10846,"date":"2021-11-21T23:38:18","date_gmt":"2021-11-21T23:38:18","guid":{"rendered":"https:\/\/cvinoticias.com\/v3\/?p=10846"},"modified":"2021-11-21T23:38:18","modified_gmt":"2021-11-21T23:38:18","slug":"las-cataratas-del-iguazu-entre-los-destinos-mas-elegidos-durante-el-fin-de-semana-largo","status":"publish","type":"post","link":"https:\/\/cvinoticias.com\/v3\/las-cataratas-del-iguazu-entre-los-destinos-mas-elegidos-durante-el-fin-de-semana-largo\/","title":{"rendered":"Las Cataratas del Iguaz\u00fa, entre los destinos m\u00e1s elegidos durante el fin de semana largo"},"content":{"rendered":"\n<p><strong><em>M\u00e1s de 12 mil turistas ingresaron, entre el s\u00e1bado y domingo, al Parque Nacional Iguaz\u00fa mientras que un total de 3.550.000 turistas se estaban movilizando por el pa\u00eds durante este fin de semana largo, seg\u00fan datos del sector privado. Es entre un 20 y un 25% m\u00e1s que el mismo fin de semana largo de 2019 y 2018, prepandemia.<\/em><\/strong><\/p>\n\n\n\n<p>\u201cEstamos viviendo otro gran fin de semana largo en todo el pa\u00eds, muy superior a las cifras previas a la pandemia\u201d, expres\u00f3 el ministro de Turismo y Deportes, Mat\u00edas Lammens quien agreg\u00f3 que \u201ctuvimos el mejor octubre de la d\u00e9cada y vamos a seguir creciendo en estos \u00faltimos meses del a\u00f1o, con el impulso de PreViaje y el gran impacto del turismo receptivo. El turismo est\u00e1 en marcha y la reactivaci\u00f3n ya se siente en todas las regiones del pa\u00eds\u201d.<\/p>\n\n\n\n<p>Reportes oficiales indican que se alcanzaron cifras de ocupaci\u00f3n plena en las provincias de Misiones, Mendoza, Salta y San Luis. Destinos como Puerto Iguaz\u00fa, Mendoza, Salta y Merlo llegaron al 100%; Gualeguaych\u00fa, Rosario, Pinamar, Villa Carlos Paz, San Rafael, la Quebrada de Humahuaca, San Juan y Villa La Angostura, 95%; el Partido de la Costa, Puerto Madryn, Federaci\u00f3n y Santa Rosa de Calamuchita, 90%; El Calafate, 87%; San Carlos de Bariloche, 85%; Mar del Plata, Villa Gesell y Ushuaia, 80%; San Mart\u00edn de los Andes, 75%.<\/p>\n\n\n\n<figure class=\"wp-block-image size-full\"><a href=\"https:\/\/cvinoticias.com\/wp-content\/uploads\/2021\/11\/FB_IMG_1633818962848-1.jpg\"><img decoding=\"async\" width=\"634\" height=\"960\" data-src=\"https:\/\/cvinoticias.com\/wp-content\/uploads\/2021\/11\/FB_IMG_1633818962848-1.jpg\" alt=\"\" class=\"wp-image-10847 lazyload\" data-srcset=\"https:\/\/cvinoticias.com\/wp-content\/uploads\/2021\/11\/FB_IMG_1633818962848-1.jpg 634w, https:\/\/cvinoticias.com\/wp-content\/uploads\/2021\/11\/FB_IMG_1633818962848-1-198x300.jpg 198w\" data-sizes=\"(max-width: 634px) 100vw, 634px\" src=\"data:image\/svg+xml;base64,PHN2ZyB3aWR0aD0iMSIgaGVpZ2h0PSIxIiB4bWxucz0iaHR0cDovL3d3dy53My5vcmcvMjAwMC9zdmciPjwvc3ZnPg==\" style=\"--smush-placeholder-width: 634px; --smush-placeholder-aspect-ratio: 634\/960;\" \/><\/a><\/figure>\n\n\n\n<p>De acuerdo a informaci\u00f3n oficial, las localidades m\u00e1s elegidas fueron el Partido de la Costa, Mar del Plata, San Carlos de Bariloche, Puerto Iguaz\u00fa, Villa Carlos Paz, Villa Gesell, Mendoza, Salta, Pinamar, Ciudad de Buenos Aires, Federaci\u00f3n, Ushuaia, El Calafate, San Mart\u00edn de los Andes, Merlo, San Rafael, Puerto Madryn, Villa La Angostura, Gualeguaych\u00fa, la Quebrada de Humahuaca, Santa Rosa de Calamuchita y El Bols\u00f3n.<\/p>\n\n\n\n<p>Entre los factores clave que explican el exitoso fin de semana largo est\u00e1 el impulso de PreViaje. Gracias a este programa, m\u00e1s de 300.000 argentinas y argentinos compraron sus escapadas para noviembre de 2021 mediante el programa que devuelve el 50% de los gastos, movilizando m\u00e1s de $8.500.000 en consumo solo durante este fin de semana. Se estima que, para fin de a\u00f1o, cerca de 1.000.000 de personas viajen por el pa\u00eds con esta iniciativa.<\/p>\n\n\n\n<p>De acuerdo a informaci\u00f3n oficial, m\u00e1s de 2.500.000 turistas ya utilizaron PreViaje, lo que lleva generados ingresos por $49.000.000 para el sector tur\u00edstico.<\/p>\n","protected":false},"excerpt":{"rendered":"<p>M\u00e1s de 12 mil turistas ingresaron, entre el s\u00e1bado y domingo, al Parque Nacional Iguaz\u00fa mientras que un total de 3.550.000 turistas se estaban movilizando por el pa\u00eds durante este fin de semana largo, seg\u00fan datos del sector privado. Es entre un 20 y un 25% m\u00e1s que el mismo fin de semana largo de [&hellip;]<\/p>\n","protected":false},"author":2,"featured_media":10848,"comment_status":"open","ping_status":"open","sticky":false,"template":"","format":"standard","meta":{"footnotes":""},"categories":[50],"tags":[],"class_list":["post-10846","post","type-post","status-publish","format-standard","has-post-thumbnail","hentry","category-turismo"],"yoast_head":"<!-- This site is optimized with the Yoast SEO plugin v27.5 - https:\/\/yoast.com\/product\/yoast-seo-wordpress\/ -->\n<title>Las Cataratas del Iguaz\u00fa, entre los destinos m\u00e1s elegidos durante el fin de semana largo | CVI NOTICIAS<\/title>\n<meta name=\"robots\" content=\"index, follow, max-snippet:-1, max-image-preview:large, max-video-preview:-1\" \/>\n<link rel=\"canonical\" href=\"https:\/\/cvinoticias.com\/v3\/las-cataratas-del-iguazu-entre-los-destinos-mas-elegidos-durante-el-fin-de-semana-largo\/\" \/>\n<meta property=\"og:locale\" content=\"es_ES\" \/>\n<meta property=\"og:type\" content=\"article\" \/>\n<meta property=\"og:title\" content=\"Las Cataratas del Iguaz\u00fa, entre los destinos m\u00e1s elegidos durante el fin de semana largo | CVI NOTICIAS\" \/>\n<meta property=\"og:description\" content=\"M\u00e1s de 12 mil turistas ingresaron, entre el s\u00e1bado y domingo, al Parque Nacional Iguaz\u00fa mientras que un total de 3.550.000 turistas se estaban movilizando por el pa\u00eds durante este fin de semana largo, seg\u00fan datos del sector privado. Es entre un 20 y un 25% m\u00e1s que el mismo fin de semana largo de [&hellip;]\" \/>\n<meta property=\"og:url\" content=\"https:\/\/cvinoticias.com\/v3\/las-cataratas-del-iguazu-entre-los-destinos-mas-elegidos-durante-el-fin-de-semana-largo\/\" \/>\n<meta property=\"og:site_name\" content=\"CVI NOTICIAS\" \/>\n<meta property=\"article:publisher\" content=\"https:\/\/www.facebook.com\/cvinoticias\" \/>\n<meta property=\"article:published_time\" content=\"2021-11-21T23:38:18+00:00\" \/>\n<meta property=\"og:image\" content=\"https:\/\/cvinoticias.com\/wp-content\/uploads\/2021\/11\/cataratas-iguazu-4-39h72hnuo7lg-3f0grtih7j60.jpg\" \/>\n\t<meta property=\"og:image:width\" content=\"816\" \/>\n\t<meta property=\"og:image:height\" content=\"500\" \/>\n\t<meta property=\"og:image:type\" content=\"image\/jpeg\" \/>\n<meta name=\"author\" content=\"f1000024\" \/>\n<meta name=\"twitter:card\" content=\"summary_large_image\" \/>\n<meta name=\"twitter:label1\" content=\"Escrito por\" \/>\n\t<meta name=\"twitter:data1\" content=\"f1000024\" \/>\n\t<meta name=\"twitter:label2\" content=\"Tiempo de lectura\" \/>\n\t<meta name=\"twitter:data2\" content=\"2 minutos\" \/>\n<script type=\"application\/ld+json\" class=\"yoast-schema-graph\">{\"@context\":\"https:\\\/\\\/schema.org\",\"@graph\":[{\"@type\":\"Article\",\"@id\":\"https:\\\/\\\/cvinoticias.com\\\/v3\\\/las-cataratas-del-iguazu-entre-los-destinos-mas-elegidos-durante-el-fin-de-semana-largo\\\/#article\",\"isPartOf\":{\"@id\":\"https:\\\/\\\/cvinoticias.com\\\/v3\\\/las-cataratas-del-iguazu-entre-los-destinos-mas-elegidos-durante-el-fin-de-semana-largo\\\/\"},\"author\":{\"name\":\"f1000024\",\"@id\":\"https:\\\/\\\/cvinoticias.com\\\/v3\\\/#\\\/schema\\\/person\\\/2db77e3c6bc03c538495d7b2b8be9b66\"},\"headline\":\"Las Cataratas del Iguaz\u00fa, entre los destinos m\u00e1s elegidos durante el fin de semana largo\",\"datePublished\":\"2021-11-21T23:38:18+00:00\",\"mainEntityOfPage\":{\"@id\":\"https:\\\/\\\/cvinoticias.com\\\/v3\\\/las-cataratas-del-iguazu-entre-los-destinos-mas-elegidos-durante-el-fin-de-semana-largo\\\/\"},\"wordCount\":410,\"commentCount\":0,\"publisher\":{\"@id\":\"https:\\\/\\\/cvinoticias.com\\\/v3\\\/#organization\"},\"image\":{\"@id\":\"https:\\\/\\\/cvinoticias.com\\\/v3\\\/las-cataratas-del-iguazu-entre-los-destinos-mas-elegidos-durante-el-fin-de-semana-largo\\\/#primaryimage\"},\"thumbnailUrl\":\"https:\\\/\\\/cvinoticias.com\\\/wp-content\\\/uploads\\\/2021\\\/11\\\/cataratas-iguazu-4-39h72hnuo7lg-3f0grtih7j60.jpg\",\"articleSection\":[\"Turismo\"],\"inLanguage\":\"es\",\"potentialAction\":[{\"@type\":\"CommentAction\",\"name\":\"Comment\",\"target\":[\"https:\\\/\\\/cvinoticias.com\\\/v3\\\/las-cataratas-del-iguazu-entre-los-destinos-mas-elegidos-durante-el-fin-de-semana-largo\\\/#respond\"]}]},{\"@type\":\"WebPage\",\"@id\":\"https:\\\/\\\/cvinoticias.com\\\/v3\\\/las-cataratas-del-iguazu-entre-los-destinos-mas-elegidos-durante-el-fin-de-semana-largo\\\/\",\"url\":\"https:\\\/\\\/cvinoticias.com\\\/v3\\\/las-cataratas-del-iguazu-entre-los-destinos-mas-elegidos-durante-el-fin-de-semana-largo\\\/\",\"name\":\"Las Cataratas del Iguaz\u00fa, entre los destinos m\u00e1s elegidos durante el fin de semana largo | CVI NOTICIAS\",\"isPartOf\":{\"@id\":\"https:\\\/\\\/cvinoticias.com\\\/v3\\\/#website\"},\"primaryImageOfPage\":{\"@id\":\"https:\\\/\\\/cvinoticias.com\\\/v3\\\/las-cataratas-del-iguazu-entre-los-destinos-mas-elegidos-durante-el-fin-de-semana-largo\\\/#primaryimage\"},\"image\":{\"@id\":\"https:\\\/\\\/cvinoticias.com\\\/v3\\\/las-cataratas-del-iguazu-entre-los-destinos-mas-elegidos-durante-el-fin-de-semana-largo\\\/#primaryimage\"},\"thumbnailUrl\":\"https:\\\/\\\/cvinoticias.com\\\/wp-content\\\/uploads\\\/2021\\\/11\\\/cataratas-iguazu-4-39h72hnuo7lg-3f0grtih7j60.jpg\",\"datePublished\":\"2021-11-21T23:38:18+00:00\",\"breadcrumb\":{\"@id\":\"https:\\\/\\\/cvinoticias.com\\\/v3\\\/las-cataratas-del-iguazu-entre-los-destinos-mas-elegidos-durante-el-fin-de-semana-largo\\\/#breadcrumb\"},\"inLanguage\":\"es\",\"potentialAction\":[{\"@type\":\"ReadAction\",\"target\":[\"https:\\\/\\\/cvinoticias.com\\\/v3\\\/las-cataratas-del-iguazu-entre-los-destinos-mas-elegidos-durante-el-fin-de-semana-largo\\\/\"]}]},{\"@type\":\"ImageObject\",\"inLanguage\":\"es\",\"@id\":\"https:\\\/\\\/cvinoticias.com\\\/v3\\\/las-cataratas-del-iguazu-entre-los-destinos-mas-elegidos-durante-el-fin-de-semana-largo\\\/#primaryimage\",\"url\":\"https:\\\/\\\/cvinoticias.com\\\/wp-content\\\/uploads\\\/2021\\\/11\\\/cataratas-iguazu-4-39h72hnuo7lg-3f0grtih7j60.jpg\",\"contentUrl\":\"https:\\\/\\\/cvinoticias.com\\\/wp-content\\\/uploads\\\/2021\\\/11\\\/cataratas-iguazu-4-39h72hnuo7lg-3f0grtih7j60.jpg\",\"width\":816,\"height\":500},{\"@type\":\"BreadcrumbList\",\"@id\":\"https:\\\/\\\/cvinoticias.com\\\/v3\\\/las-cataratas-del-iguazu-entre-los-destinos-mas-elegidos-durante-el-fin-de-semana-largo\\\/#breadcrumb\",\"itemListElement\":[{\"@type\":\"ListItem\",\"position\":1,\"name\":\"Portada\",\"item\":\"https:\\\/\\\/cvinoticias.com\\\/v3\\\/\"},{\"@type\":\"ListItem\",\"position\":2,\"name\":\"Las Cataratas del Iguaz\u00fa, entre los destinos m\u00e1s elegidos durante el fin de semana largo\"}]},{\"@type\":\"WebSite\",\"@id\":\"https:\\\/\\\/cvinoticias.com\\\/v3\\\/#website\",\"url\":\"https:\\\/\\\/cvinoticias.com\\\/v3\\\/\",\"name\":\"CVI NOTICIAS\",\"description\":\"\",\"publisher\":{\"@id\":\"https:\\\/\\\/cvinoticias.com\\\/v3\\\/#organization\"},\"alternateName\":\"CVI\",\"potentialAction\":[{\"@type\":\"SearchAction\",\"target\":{\"@type\":\"EntryPoint\",\"urlTemplate\":\"https:\\\/\\\/cvinoticias.com\\\/v3\\\/?s={search_term_string}\"},\"query-input\":{\"@type\":\"PropertyValueSpecification\",\"valueRequired\":true,\"valueName\":\"search_term_string\"}}],\"inLanguage\":\"es\"},{\"@type\":\"Organization\",\"@id\":\"https:\\\/\\\/cvinoticias.com\\\/v3\\\/#organization\",\"name\":\"CVI NOTICIAS\",\"url\":\"https:\\\/\\\/cvinoticias.com\\\/v3\\\/\",\"logo\":{\"@type\":\"ImageObject\",\"inLanguage\":\"es\",\"@id\":\"https:\\\/\\\/cvinoticias.com\\\/v3\\\/#\\\/schema\\\/logo\\\/image\\\/\",\"url\":\"https:\\\/\\\/cvinoticias.com\\\/wp-content\\\/uploads\\\/2023\\\/04\\\/cropped-cropped-cropped-cropped-cropped-3-1.png\",\"contentUrl\":\"https:\\\/\\\/cvinoticias.com\\\/wp-content\\\/uploads\\\/2023\\\/04\\\/cropped-cropped-cropped-cropped-cropped-3-1.png\",\"width\":95,\"height\":122,\"caption\":\"CVI NOTICIAS\"},\"image\":{\"@id\":\"https:\\\/\\\/cvinoticias.com\\\/v3\\\/#\\\/schema\\\/logo\\\/image\\\/\"},\"sameAs\":[\"https:\\\/\\\/www.facebook.com\\\/cvinoticias\",\"https:\\\/\\\/www.instagram.com\\\/cvinoticias\\\/\",\"https:\\\/\\\/www.youtube.com\\\/@CVINOTICIAS\"]},{\"@type\":\"Person\",\"@id\":\"https:\\\/\\\/cvinoticias.com\\\/v3\\\/#\\\/schema\\\/person\\\/2db77e3c6bc03c538495d7b2b8be9b66\",\"name\":\"f1000024\",\"image\":{\"@type\":\"ImageObject\",\"inLanguage\":\"es\",\"@id\":\"https:\\\/\\\/secure.gravatar.com\\\/avatar\\\/d4fe7459cfc51ff5129ce1a732bbef5928568b8092d412ef95611616376bbeed?s=96&d=mm&r=g\",\"url\":\"https:\\\/\\\/secure.gravatar.com\\\/avatar\\\/d4fe7459cfc51ff5129ce1a732bbef5928568b8092d412ef95611616376bbeed?s=96&d=mm&r=g\",\"contentUrl\":\"https:\\\/\\\/secure.gravatar.com\\\/avatar\\\/d4fe7459cfc51ff5129ce1a732bbef5928568b8092d412ef95611616376bbeed?s=96&d=mm&r=g\",\"caption\":\"f1000024\"},\"url\":\"https:\\\/\\\/cvinoticias.com\\\/v3\\\/author\\\/f1000024\\\/\"}]}<\/script>\n<!-- \/ Yoast SEO plugin. -->","yoast_head_json":{"title":"Las Cataratas del Iguaz\u00fa, entre los destinos m\u00e1s elegidos durante el fin de semana largo | CVI NOTICIAS","robots":{"index":"index","follow":"follow","max-snippet":"max-snippet:-1","max-image-preview":"max-image-preview:large","max-video-preview":"max-video-preview:-1"},"canonical":"https:\/\/cvinoticias.com\/v3\/las-cataratas-del-iguazu-entre-los-destinos-mas-elegidos-durante-el-fin-de-semana-largo\/","og_locale":"es_ES","og_type":"article","og_title":"Las Cataratas del Iguaz\u00fa, entre los destinos m\u00e1s elegidos durante el fin de semana largo | CVI NOTICIAS","og_description":"M\u00e1s de 12 mil turistas ingresaron, entre el s\u00e1bado y domingo, al Parque Nacional Iguaz\u00fa mientras que un total de 3.550.000 turistas se estaban movilizando por el pa\u00eds durante este fin de semana largo, seg\u00fan datos del sector privado. Es entre un 20 y un 25% m\u00e1s que el mismo fin de semana largo de [&hellip;]","og_url":"https:\/\/cvinoticias.com\/v3\/las-cataratas-del-iguazu-entre-los-destinos-mas-elegidos-durante-el-fin-de-semana-largo\/","og_site_name":"CVI NOTICIAS","article_publisher":"https:\/\/www.facebook.com\/cvinoticias","article_published_time":"2021-11-21T23:38:18+00:00","og_image":[{"width":816,"height":500,"url":"https:\/\/cvinoticias.com\/wp-content\/uploads\/2021\/11\/cataratas-iguazu-4-39h72hnuo7lg-3f0grtih7j60.jpg","type":"image\/jpeg"}],"author":"f1000024","twitter_card":"summary_large_image","twitter_misc":{"Escrito por":"f1000024","Tiempo de lectura":"2 minutos"},"schema":{"@context":"https:\/\/schema.org","@graph":[{"@type":"Article","@id":"https:\/\/cvinoticias.com\/v3\/las-cataratas-del-iguazu-entre-los-destinos-mas-elegidos-durante-el-fin-de-semana-largo\/#article","isPartOf":{"@id":"https:\/\/cvinoticias.com\/v3\/las-cataratas-del-iguazu-entre-los-destinos-mas-elegidos-durante-el-fin-de-semana-largo\/"},"author":{"name":"f1000024","@id":"https:\/\/cvinoticias.com\/v3\/#\/schema\/person\/2db77e3c6bc03c538495d7b2b8be9b66"},"headline":"Las Cataratas del Iguaz\u00fa, entre los destinos m\u00e1s elegidos durante el fin de semana largo","datePublished":"2021-11-21T23:38:18+00:00","mainEntityOfPage":{"@id":"https:\/\/cvinoticias.com\/v3\/las-cataratas-del-iguazu-entre-los-destinos-mas-elegidos-durante-el-fin-de-semana-largo\/"},"wordCount":410,"commentCount":0,"publisher":{"@id":"https:\/\/cvinoticias.com\/v3\/#organization"},"image":{"@id":"https:\/\/cvinoticias.com\/v3\/las-cataratas-del-iguazu-entre-los-destinos-mas-elegidos-durante-el-fin-de-semana-largo\/#primaryimage"},"thumbnailUrl":"https:\/\/cvinoticias.com\/wp-content\/uploads\/2021\/11\/cataratas-iguazu-4-39h72hnuo7lg-3f0grtih7j60.jpg","articleSection":["Turismo"],"inLanguage":"es","potentialAction":[{"@type":"CommentAction","name":"Comment","target":["https:\/\/cvinoticias.com\/v3\/las-cataratas-del-iguazu-entre-los-destinos-mas-elegidos-durante-el-fin-de-semana-largo\/#respond"]}]},{"@type":"WebPage","@id":"https:\/\/cvinoticias.com\/v3\/las-cataratas-del-iguazu-entre-los-destinos-mas-elegidos-durante-el-fin-de-semana-largo\/","url":"https:\/\/cvinoticias.com\/v3\/las-cataratas-del-iguazu-entre-los-destinos-mas-elegidos-durante-el-fin-de-semana-largo\/","name":"Las Cataratas del Iguaz\u00fa, entre los destinos m\u00e1s elegidos durante el fin de semana largo | CVI NOTICIAS","isPartOf":{"@id":"https:\/\/cvinoticias.com\/v3\/#website"},"primaryImageOfPage":{"@id":"https:\/\/cvinoticias.com\/v3\/las-cataratas-del-iguazu-entre-los-destinos-mas-elegidos-durante-el-fin-de-semana-largo\/#primaryimage"},"image":{"@id":"https:\/\/cvinoticias.com\/v3\/las-cataratas-del-iguazu-entre-los-destinos-mas-elegidos-durante-el-fin-de-semana-largo\/#primaryimage"},"thumbnailUrl":"https:\/\/cvinoticias.com\/wp-content\/uploads\/2021\/11\/cataratas-iguazu-4-39h72hnuo7lg-3f0grtih7j60.jpg","datePublished":"2021-11-21T23:38:18+00:00","breadcrumb":{"@id":"https:\/\/cvinoticias.com\/v3\/las-cataratas-del-iguazu-entre-los-destinos-mas-elegidos-durante-el-fin-de-semana-largo\/#breadcrumb"},"inLanguage":"es","potentialAction":[{"@type":"ReadAction","target":["https:\/\/cvinoticias.com\/v3\/las-cataratas-del-iguazu-entre-los-destinos-mas-elegidos-durante-el-fin-de-semana-largo\/"]}]},{"@type":"ImageObject","inLanguage":"es","@id":"https:\/\/cvinoticias.com\/v3\/las-cataratas-del-iguazu-entre-los-destinos-mas-elegidos-durante-el-fin-de-semana-largo\/#primaryimage","url":"https:\/\/cvinoticias.com\/wp-content\/uploads\/2021\/11\/cataratas-iguazu-4-39h72hnuo7lg-3f0grtih7j60.jpg","contentUrl":"https:\/\/cvinoticias.com\/wp-content\/uploads\/2021\/11\/cataratas-iguazu-4-39h72hnuo7lg-3f0grtih7j60.jpg","width":816,"height":500},{"@type":"BreadcrumbList","@id":"https:\/\/cvinoticias.com\/v3\/las-cataratas-del-iguazu-entre-los-destinos-mas-elegidos-durante-el-fin-de-semana-largo\/#breadcrumb","itemListElement":[{"@type":"ListItem","position":1,"name":"Portada","item":"https:\/\/cvinoticias.com\/v3\/"},{"@type":"ListItem","position":2,"name":"Las Cataratas del Iguaz\u00fa, entre los destinos m\u00e1s elegidos durante el fin de semana largo"}]},{"@type":"WebSite","@id":"https:\/\/cvinoticias.com\/v3\/#website","url":"https:\/\/cvinoticias.com\/v3\/","name":"CVI NOTICIAS","description":"","publisher":{"@id":"https:\/\/cvinoticias.com\/v3\/#organization"},"alternateName":"CVI","potentialAction":[{"@type":"SearchAction","target":{"@type":"EntryPoint","urlTemplate":"https:\/\/cvinoticias.com\/v3\/?s={search_term_string}"},"query-input":{"@type":"PropertyValueSpecification","valueRequired":true,"valueName":"search_term_string"}}],"inLanguage":"es"},{"@type":"Organization","@id":"https:\/\/cvinoticias.com\/v3\/#organization","name":"CVI NOTICIAS","url":"https:\/\/cvinoticias.com\/v3\/","logo":{"@type":"ImageObject","inLanguage":"es","@id":"https:\/\/cvinoticias.com\/v3\/#\/schema\/logo\/image\/","url":"https:\/\/cvinoticias.com\/wp-content\/uploads\/2023\/04\/cropped-cropped-cropped-cropped-cropped-3-1.png","contentUrl":"https:\/\/cvinoticias.com\/wp-content\/uploads\/2023\/04\/cropped-cropped-cropped-cropped-cropped-3-1.png","width":95,"height":122,"caption":"CVI NOTICIAS"},"image":{"@id":"https:\/\/cvinoticias.com\/v3\/#\/schema\/logo\/image\/"},"sameAs":["https:\/\/www.facebook.com\/cvinoticias","https:\/\/www.instagram.com\/cvinoticias\/","https:\/\/www.youtube.com\/@CVINOTICIAS"]},{"@type":"Person","@id":"https:\/\/cvinoticias.com\/v3\/#\/schema\/person\/2db77e3c6bc03c538495d7b2b8be9b66","name":"f1000024","image":{"@type":"ImageObject","inLanguage":"es","@id":"https:\/\/secure.gravatar.com\/avatar\/d4fe7459cfc51ff5129ce1a732bbef5928568b8092d412ef95611616376bbeed?s=96&d=mm&r=g","url":"https:\/\/secure.gravatar.com\/avatar\/d4fe7459cfc51ff5129ce1a732bbef5928568b8092d412ef95611616376bbeed?s=96&d=mm&r=g","contentUrl":"https:\/\/secure.gravatar.com\/avatar\/d4fe7459cfc51ff5129ce1a732bbef5928568b8092d412ef95611616376bbeed?s=96&d=mm&r=g","caption":"f1000024"},"url":"https:\/\/cvinoticias.com\/v3\/author\/f1000024\/"}]}},"_links":{"self":[{"href":"https:\/\/cvinoticias.com\/v3\/wp-json\/wp\/v2\/posts\/10846","targetHints":{"allow":["GET"]}}],"collection":[{"href":"https:\/\/cvinoticias.com\/v3\/wp-json\/wp\/v2\/posts"}],"about":[{"href":"https:\/\/cvinoticias.com\/v3\/wp-json\/wp\/v2\/types\/post"}],"author":[{"embeddable":true,"href":"https:\/\/cvinoticias.com\/v3\/wp-json\/wp\/v2\/users\/2"}],"replies":[{"embeddable":true,"href":"https:\/\/cvinoticias.com\/v3\/wp-json\/wp\/v2\/comments?post=10846"}],"version-history":[{"count":1,"href":"https:\/\/cvinoticias.com\/v3\/wp-json\/wp\/v2\/posts\/10846\/revisions"}],"predecessor-version":[{"id":10849,"href":"https:\/\/cvinoticias.com\/v3\/wp-json\/wp\/v2\/posts\/10846\/revisions\/10849"}],"wp:featuredmedia":[{"embeddable":true,"href":"https:\/\/cvinoticias.com\/v3\/wp-json\/wp\/v2\/media\/10848"}],"wp:attachment":[{"href":"https:\/\/cvinoticias.com\/v3\/wp-json\/wp\/v2\/media?parent=10846"}],"wp:term":[{"taxonomy":"category","embeddable":true,"href":"https:\/\/cvinoticias.com\/v3\/wp-json\/wp\/v2\/categories?post=10846"},{"taxonomy":"post_tag","embeddable":true,"href":"https:\/\/cvinoticias.com\/v3\/wp-json\/wp\/v2\/tags?post=10846"}],"curies":[{"name":"wp","href":"https:\/\/api.w.org\/{rel}","templated":true}]}}