{"id":10813,"date":"2021-11-20T12:30:37","date_gmt":"2021-11-20T12:30:37","guid":{"rendered":"https:\/\/cvinoticias.com\/v3\/?p=10813"},"modified":"2021-11-20T12:30:37","modified_gmt":"2021-11-20T12:30:37","slug":"bullying-entre-companeros-es-el-desafio-mas-senalado-por-docentes","status":"publish","type":"post","link":"https:\/\/cvinoticias.com\/v3\/bullying-entre-companeros-es-el-desafio-mas-senalado-por-docentes\/","title":{"rendered":"Bullying entre compa\u00f1eros es el desaf\u00edo m\u00e1s se\u00f1alado por docentes"},"content":{"rendered":"\n<p><strong><em>Ayer se llev\u00f3 a cabo la Jornada Educar en Igualdad en todo el pa\u00eds. En Misiones, las principales tem\u00e1ticas abordadas fueron el acoso en el aula y en redes sociales, violencia, grooming y sexting, entre otras.<\/em><\/strong><\/p>\n\n\n\n<p>Durante la Jornada Educar en Igualdad que se llev\u00f3 a cabo en todas las escuelas de Misiones, el bullying entre compa\u00f1eros fue la problem\u00e1tica m\u00e1s se\u00f1alada por los docentes.&nbsp;\u201cLo que m\u00e1s notamos son las burlas entre ellos. Durante los debates de la jornada, muchos alumnos ejemplificaron los conceptos con situaciones que viven diariamente en el aula\u201d,&nbsp;dijo la maestra de 6\u00b0 de la Escuela 110,&nbsp;Patricia N\u00fa\u00f1ez.<\/p>\n\n\n\n<p>En su caso, \u201cen el encuentro hablamos principalmente sobre abuso infantil. Le dimos consignas para hacer en sus hogares junto a sus pap\u00e1s y para cerrar ten\u00edan que hacer l\u00e1minas y contarles a sus compa\u00f1eros sus conclusiones\u201d. Seg\u00fan dijo&nbsp;\u201clo m\u00e1s mencionado fueron las burlas que entre ellos mismos se hacen\u201d.<\/p>\n\n\n\n<p>En la EPET 6&nbsp;\u201cuna profesora de matem\u00e1tica de tercer a\u00f1o nos pidi\u00f3 dar una charla especial sobre bullying en ese curso porque estaba viendo que hab\u00eda un grupo de alumnos que tienen comportamientos muy molestos hacia sus compa\u00f1eros\u201d, cont\u00f3 a este Diario la directora del establecimiento,&nbsp;Sonia Pantiu.<\/p>\n\n\n\n<h3 class=\"wp-block-heading\"><strong>No quieren que hablen de ESI<\/strong><\/h3>\n\n\n\n<p>A pesar que la Ley 26.150 de Educaci\u00f3n Sexual Integral establece el derecho de ni\u00f1as, ni\u00f1os y adolescentes a recibir educaci\u00f3n sexual integral en los establecimientos educativos, todav\u00eda hay padres, principalmente en el nivel primario, que se reh\u00fasan a que sus alumnos reciban este tipo de educaci\u00f3n. As\u00ed lo asegur\u00f3 N\u00fa\u00f1ez, quien cont\u00f3 que&nbsp;\u201clos chicos tienen muchas dudas, pero ellos mismos nos dicen que sus pap\u00e1s no quieren que se hable de ESI en las escuelas. Algunos son de otras religiones\u201d, cont\u00f3.<\/p>\n\n\n\n<p>Al igual que ella, la maestra de 5\u00b0 grado,&nbsp;Fabiana Ben\u00edtez, asegur\u00f3 que&nbsp;\u201cel tema de violencia y la ESI la trabajamos todo el a\u00f1o en la materia de \u00c9tica, pero tampoco es f\u00e1cil porque hay pap\u00e1s que no quieren que sus hijos tengan educaci\u00f3n sexual\u201d.&nbsp;No obstante, aclar\u00f3 que&nbsp;\u201cdebemos hacerlo por ley. Prevenir es hablar y para poder hacerlo, los chicos deben estar informados. S\u00f3lo as\u00ed van a perder el miedo a expresarse, y&nbsp;no hablo solamente del \u00e1mbito escolar\u201d.<\/p>\n\n\n\n<p>En el caso de los alumnos de Ben\u00edtez,\u00a0\u201ctrabajamos los docentes con los alumnos, pero durante la semana le mandamos fotocopias y actividades para que trabajen junto a sus familias y, el resultado final, lo tuvieron que exponer hoy frente a sus compa\u00f1eros\u201d, explic\u00f3.<\/p>\n\n\n\n<h3 class=\"wp-block-heading\"><strong>\u201cNo saben para qu\u00e9 sirve el preservativo\u201d<\/strong><\/h3>\n\n\n\n<p>En la EPET 6 preocup\u00f3 y sorprendi\u00f3\u00a0\u201cel gran desconocimiento que hay en los alumnos sobre temas b\u00e1sicos de ESI y las normativas\u201d,\u00a0dijo su directora, Sonia Pantiu. Seg\u00fan cont\u00f3\u00a0\u201clos chicos no saben para qu\u00e9 sirve el preservativo. Muchos piensan que es \u00fanicamente para prevenir embarazos, pero no saben que es necesario para prevenir enfermedades\u201d.<\/p>\n\n\n\n<p>Asimismo, esta experiencia\u00a0\u201cnos sirvi\u00f3 para darnos cuenta de que los docentes debemos capacitarnos m\u00e1s sobre el tema\u201d,\u00a0por lo que Pantiu propuso que\u00a0\u201cser\u00eda bueno que el pr\u00f3ximo a\u00f1o tengamos una jornada por trimestre\u201d.<\/p>\n\n\n\n<p>En cuanto a la jornada\u00a0\u201cestamos satisfechos con el trabajo que hizo cada docente, se prepararon un mont\u00f3n\u201d. As\u00ed, mientras que, en el turno de la ma\u00f1ana, cada \u00e1rea planific\u00f3 la incorporaci\u00f3n de la ESI dentro de su curr\u00edcula, los alumnos del turno tarde recibieron la visita de especialistas en ginecolog\u00eda, psicopedagog\u00eda y psicolog\u00eda.<\/p>\n\n\n\n<p>Los principales temas debatidos fueron sobre el cuidado del cuerpo, los cambios hormonales, la violencia y respeto por el otro y el consentimiento en los v\u00ednculos, entre otros.<\/p>\n\n\n\n<p>A diferencia del nivel primario consultado por este medio \u201cnos comunicamos con los padres para contarles que se iba a llevar a cabo la jornada y no tuvimos ninguna resistencia\u201d.<\/p>\n\n\n\n<p>Seg\u00fan dijo,\u00a0\u201cnos sorprendi\u00f3 porque ten\u00edamos miedo de que algunos pap\u00e1s decidieran no mandar a sus hijos a la escuela, pero incluso tuvimos mensajes positivos por parte de ellos\u201d.\u00a0La participaci\u00f3n de los alumnos de la EPET 6 tambi\u00e9n fue positiva:\u00a0\u201cSalieron muy buenas conclusiones, los chicos estaban s\u00faper entusiasmados\u201d. Tal es as\u00ed que, el \u00fanico curso de la escuela que todav\u00eda asiste en burbujas,\u00a0\u201cnos pidieron que tengamos estas charlas con ellos, as\u00ed que vamos a replicar estas actividades la pr\u00f3xima semana para que puedan participar\u201d.<\/p>\n\n\n\n<h3 class=\"wp-block-heading\"><strong>Diversidad y estereotipos<\/strong><\/h3>\n\n\n\n<p>En el Colegio Mart\u00edn de Moussy se realiz\u00f3 un taller donde hablaron principalmente de los estereotipos, diversidad en los v\u00ednculos, orientaci\u00f3n sexual, respeto por la identidad de g\u00e9nero y la violencia en redes sociales.<\/p>\n\n\n\n<p>\u201cSe trabaj\u00f3 con recursos audiovisuales y cada curso se dividi\u00f3 en grupos de debate. Los alumnos utilizaron el celular como herramienta para investigar y plasmaron todas las conclusiones en l\u00e1minas\u201d, explic\u00f3 a este Diario la jefa del departamento de apoyo escolar, Carolina Engel.<\/p>\n\n\n\n<p><strong>Jornada Educar en Igualdad<\/strong><\/p>\n\n\n\n<p>Ayer se llev\u00f3 a cabo en todos los establecimientos educativos de Misiones, la Jornada Educar en Igualdad: Prevenci\u00f3n y Erradicaci\u00f3n de la Violencia de G\u00e9nero en la que alumnos, docentes y padres tuvieron un encuentro especial de debate sobre ESI, diversos tipos de violencia, grooming y sexting, entre otros.<\/p>\n\n\n\n<p><strong>Educar en igualdad forma parte de la implementaci\u00f3n de la ley de Educaci\u00f3n Sexual Integral<\/strong>. Esta Ley Nacional (27.234) establece las bases para que en todos los establecimientos educativos del pa\u00eds, p\u00fablicos o privados, de nivel inicial, primario, secundario y terciario se realice esta jornada con el objetivo de que estudiantes y docentes desarrollen y consoliden saberes, actitudes y pr\u00e1cticas que promuevan la prevenci\u00f3n y la erradicaci\u00f3n de la violencia de g\u00e9nero.<\/p>\n\n\n\n<p>En nuestra provincia, y para facilitar el material, desde el Ministerio de Educaci\u00f3n se cre\u00f3 un bot\u00f3n especial en la Plataforma Guacurar\u00ed con contenido espec\u00edfico para cada nivel. No obstante, cada escuela los adecu\u00f3 seg\u00fan su realidad educativa.<\/p>\n\n\n\n<p><\/p>\n\n\n\n<p><strong>Fuente: Primera Edici\u00f3n <\/strong><\/p>\n","protected":false},"excerpt":{"rendered":"<p>Ayer se llev\u00f3 a cabo la Jornada Educar en Igualdad en todo el pa\u00eds. En Misiones, las principales tem\u00e1ticas abordadas fueron el acoso en el aula y en redes sociales, violencia, grooming y sexting, entre otras. Durante la Jornada Educar en Igualdad que se llev\u00f3 a cabo en todas las escuelas de Misiones, el bullying [&hellip;]<\/p>\n","protected":false},"author":2,"featured_media":10815,"comment_status":"open","ping_status":"open","sticky":false,"template":"","format":"standard","meta":{"footnotes":""},"categories":[26],"tags":[],"class_list":["post-10813","post","type-post","status-publish","format-standard","has-post-thumbnail","hentry","category-educacion"],"yoast_head":"<!-- This site is optimized with the Yoast SEO plugin v27.5 - https:\/\/yoast.com\/product\/yoast-seo-wordpress\/ -->\n<title>Bullying entre compa\u00f1eros es el desaf\u00edo m\u00e1s se\u00f1alado por docentes | CVI NOTICIAS<\/title>\n<meta name=\"robots\" content=\"index, follow, max-snippet:-1, max-image-preview:large, max-video-preview:-1\" \/>\n<link rel=\"canonical\" href=\"https:\/\/cvinoticias.com\/v3\/bullying-entre-companeros-es-el-desafio-mas-senalado-por-docentes\/\" \/>\n<meta property=\"og:locale\" content=\"es_ES\" \/>\n<meta property=\"og:type\" content=\"article\" \/>\n<meta property=\"og:title\" content=\"Bullying entre compa\u00f1eros es el desaf\u00edo m\u00e1s se\u00f1alado por docentes | CVI NOTICIAS\" \/>\n<meta property=\"og:description\" content=\"Ayer se llev\u00f3 a cabo la Jornada Educar en Igualdad en todo el pa\u00eds. En Misiones, las principales tem\u00e1ticas abordadas fueron el acoso en el aula y en redes sociales, violencia, grooming y sexting, entre otras. Durante la Jornada Educar en Igualdad que se llev\u00f3 a cabo en todas las escuelas de Misiones, el bullying [&hellip;]\" \/>\n<meta property=\"og:url\" content=\"https:\/\/cvinoticias.com\/v3\/bullying-entre-companeros-es-el-desafio-mas-senalado-por-docentes\/\" \/>\n<meta property=\"og:site_name\" content=\"CVI NOTICIAS\" \/>\n<meta property=\"article:publisher\" content=\"https:\/\/www.facebook.com\/cvinoticias\" \/>\n<meta property=\"article:published_time\" content=\"2021-11-20T12:30:37+00:00\" \/>\n<meta property=\"og:image\" content=\"https:\/\/cvinoticias.com\/wp-content\/uploads\/2021\/11\/educar-en-igualdad-2.jpg\" \/>\n\t<meta property=\"og:image:width\" content=\"784\" \/>\n\t<meta property=\"og:image:height\" content=\"1280\" \/>\n\t<meta property=\"og:image:type\" content=\"image\/jpeg\" \/>\n<meta name=\"author\" content=\"f1000024\" \/>\n<meta name=\"twitter:card\" content=\"summary_large_image\" \/>\n<meta name=\"twitter:label1\" content=\"Escrito por\" \/>\n\t<meta name=\"twitter:data1\" content=\"f1000024\" \/>\n\t<meta name=\"twitter:label2\" content=\"Tiempo de lectura\" \/>\n\t<meta name=\"twitter:data2\" content=\"5 minutos\" \/>\n<script type=\"application\/ld+json\" class=\"yoast-schema-graph\">{\"@context\":\"https:\\\/\\\/schema.org\",\"@graph\":[{\"@type\":\"Article\",\"@id\":\"https:\\\/\\\/cvinoticias.com\\\/v3\\\/bullying-entre-companeros-es-el-desafio-mas-senalado-por-docentes\\\/#article\",\"isPartOf\":{\"@id\":\"https:\\\/\\\/cvinoticias.com\\\/v3\\\/bullying-entre-companeros-es-el-desafio-mas-senalado-por-docentes\\\/\"},\"author\":{\"name\":\"f1000024\",\"@id\":\"https:\\\/\\\/cvinoticias.com\\\/v3\\\/#\\\/schema\\\/person\\\/2db77e3c6bc03c538495d7b2b8be9b66\"},\"headline\":\"Bullying entre compa\u00f1eros es el desaf\u00edo m\u00e1s se\u00f1alado por docentes\",\"datePublished\":\"2021-11-20T12:30:37+00:00\",\"mainEntityOfPage\":{\"@id\":\"https:\\\/\\\/cvinoticias.com\\\/v3\\\/bullying-entre-companeros-es-el-desafio-mas-senalado-por-docentes\\\/\"},\"wordCount\":1058,\"commentCount\":0,\"publisher\":{\"@id\":\"https:\\\/\\\/cvinoticias.com\\\/v3\\\/#organization\"},\"image\":{\"@id\":\"https:\\\/\\\/cvinoticias.com\\\/v3\\\/bullying-entre-companeros-es-el-desafio-mas-senalado-por-docentes\\\/#primaryimage\"},\"thumbnailUrl\":\"https:\\\/\\\/cvinoticias.com\\\/wp-content\\\/uploads\\\/2021\\\/11\\\/educar-en-igualdad-2.jpg\",\"articleSection\":[\"Educacion\"],\"inLanguage\":\"es\",\"potentialAction\":[{\"@type\":\"CommentAction\",\"name\":\"Comment\",\"target\":[\"https:\\\/\\\/cvinoticias.com\\\/v3\\\/bullying-entre-companeros-es-el-desafio-mas-senalado-por-docentes\\\/#respond\"]}]},{\"@type\":\"WebPage\",\"@id\":\"https:\\\/\\\/cvinoticias.com\\\/v3\\\/bullying-entre-companeros-es-el-desafio-mas-senalado-por-docentes\\\/\",\"url\":\"https:\\\/\\\/cvinoticias.com\\\/v3\\\/bullying-entre-companeros-es-el-desafio-mas-senalado-por-docentes\\\/\",\"name\":\"Bullying entre compa\u00f1eros es el desaf\u00edo m\u00e1s se\u00f1alado por docentes | CVI NOTICIAS\",\"isPartOf\":{\"@id\":\"https:\\\/\\\/cvinoticias.com\\\/v3\\\/#website\"},\"primaryImageOfPage\":{\"@id\":\"https:\\\/\\\/cvinoticias.com\\\/v3\\\/bullying-entre-companeros-es-el-desafio-mas-senalado-por-docentes\\\/#primaryimage\"},\"image\":{\"@id\":\"https:\\\/\\\/cvinoticias.com\\\/v3\\\/bullying-entre-companeros-es-el-desafio-mas-senalado-por-docentes\\\/#primaryimage\"},\"thumbnailUrl\":\"https:\\\/\\\/cvinoticias.com\\\/wp-content\\\/uploads\\\/2021\\\/11\\\/educar-en-igualdad-2.jpg\",\"datePublished\":\"2021-11-20T12:30:37+00:00\",\"breadcrumb\":{\"@id\":\"https:\\\/\\\/cvinoticias.com\\\/v3\\\/bullying-entre-companeros-es-el-desafio-mas-senalado-por-docentes\\\/#breadcrumb\"},\"inLanguage\":\"es\",\"potentialAction\":[{\"@type\":\"ReadAction\",\"target\":[\"https:\\\/\\\/cvinoticias.com\\\/v3\\\/bullying-entre-companeros-es-el-desafio-mas-senalado-por-docentes\\\/\"]}]},{\"@type\":\"ImageObject\",\"inLanguage\":\"es\",\"@id\":\"https:\\\/\\\/cvinoticias.com\\\/v3\\\/bullying-entre-companeros-es-el-desafio-mas-senalado-por-docentes\\\/#primaryimage\",\"url\":\"https:\\\/\\\/cvinoticias.com\\\/wp-content\\\/uploads\\\/2021\\\/11\\\/educar-en-igualdad-2.jpg\",\"contentUrl\":\"https:\\\/\\\/cvinoticias.com\\\/wp-content\\\/uploads\\\/2021\\\/11\\\/educar-en-igualdad-2.jpg\",\"width\":784,\"height\":1280},{\"@type\":\"BreadcrumbList\",\"@id\":\"https:\\\/\\\/cvinoticias.com\\\/v3\\\/bullying-entre-companeros-es-el-desafio-mas-senalado-por-docentes\\\/#breadcrumb\",\"itemListElement\":[{\"@type\":\"ListItem\",\"position\":1,\"name\":\"Portada\",\"item\":\"https:\\\/\\\/cvinoticias.com\\\/v3\\\/\"},{\"@type\":\"ListItem\",\"position\":2,\"name\":\"Bullying entre compa\u00f1eros es el desaf\u00edo m\u00e1s se\u00f1alado por docentes\"}]},{\"@type\":\"WebSite\",\"@id\":\"https:\\\/\\\/cvinoticias.com\\\/v3\\\/#website\",\"url\":\"https:\\\/\\\/cvinoticias.com\\\/v3\\\/\",\"name\":\"CVI NOTICIAS\",\"description\":\"\",\"publisher\":{\"@id\":\"https:\\\/\\\/cvinoticias.com\\\/v3\\\/#organization\"},\"alternateName\":\"CVI\",\"potentialAction\":[{\"@type\":\"SearchAction\",\"target\":{\"@type\":\"EntryPoint\",\"urlTemplate\":\"https:\\\/\\\/cvinoticias.com\\\/v3\\\/?s={search_term_string}\"},\"query-input\":{\"@type\":\"PropertyValueSpecification\",\"valueRequired\":true,\"valueName\":\"search_term_string\"}}],\"inLanguage\":\"es\"},{\"@type\":\"Organization\",\"@id\":\"https:\\\/\\\/cvinoticias.com\\\/v3\\\/#organization\",\"name\":\"CVI NOTICIAS\",\"url\":\"https:\\\/\\\/cvinoticias.com\\\/v3\\\/\",\"logo\":{\"@type\":\"ImageObject\",\"inLanguage\":\"es\",\"@id\":\"https:\\\/\\\/cvinoticias.com\\\/v3\\\/#\\\/schema\\\/logo\\\/image\\\/\",\"url\":\"https:\\\/\\\/cvinoticias.com\\\/wp-content\\\/uploads\\\/2023\\\/04\\\/cropped-cropped-cropped-cropped-cropped-3-1.png\",\"contentUrl\":\"https:\\\/\\\/cvinoticias.com\\\/wp-content\\\/uploads\\\/2023\\\/04\\\/cropped-cropped-cropped-cropped-cropped-3-1.png\",\"width\":95,\"height\":122,\"caption\":\"CVI NOTICIAS\"},\"image\":{\"@id\":\"https:\\\/\\\/cvinoticias.com\\\/v3\\\/#\\\/schema\\\/logo\\\/image\\\/\"},\"sameAs\":[\"https:\\\/\\\/www.facebook.com\\\/cvinoticias\",\"https:\\\/\\\/www.instagram.com\\\/cvinoticias\\\/\",\"https:\\\/\\\/www.youtube.com\\\/@CVINOTICIAS\"]},{\"@type\":\"Person\",\"@id\":\"https:\\\/\\\/cvinoticias.com\\\/v3\\\/#\\\/schema\\\/person\\\/2db77e3c6bc03c538495d7b2b8be9b66\",\"name\":\"f1000024\",\"image\":{\"@type\":\"ImageObject\",\"inLanguage\":\"es\",\"@id\":\"https:\\\/\\\/secure.gravatar.com\\\/avatar\\\/d4fe7459cfc51ff5129ce1a732bbef5928568b8092d412ef95611616376bbeed?s=96&d=mm&r=g\",\"url\":\"https:\\\/\\\/secure.gravatar.com\\\/avatar\\\/d4fe7459cfc51ff5129ce1a732bbef5928568b8092d412ef95611616376bbeed?s=96&d=mm&r=g\",\"contentUrl\":\"https:\\\/\\\/secure.gravatar.com\\\/avatar\\\/d4fe7459cfc51ff5129ce1a732bbef5928568b8092d412ef95611616376bbeed?s=96&d=mm&r=g\",\"caption\":\"f1000024\"},\"url\":\"https:\\\/\\\/cvinoticias.com\\\/v3\\\/author\\\/f1000024\\\/\"}]}<\/script>\n<!-- \/ Yoast SEO plugin. -->","yoast_head_json":{"title":"Bullying entre compa\u00f1eros es el desaf\u00edo m\u00e1s se\u00f1alado por docentes | CVI NOTICIAS","robots":{"index":"index","follow":"follow","max-snippet":"max-snippet:-1","max-image-preview":"max-image-preview:large","max-video-preview":"max-video-preview:-1"},"canonical":"https:\/\/cvinoticias.com\/v3\/bullying-entre-companeros-es-el-desafio-mas-senalado-por-docentes\/","og_locale":"es_ES","og_type":"article","og_title":"Bullying entre compa\u00f1eros es el desaf\u00edo m\u00e1s se\u00f1alado por docentes | CVI NOTICIAS","og_description":"Ayer se llev\u00f3 a cabo la Jornada Educar en Igualdad en todo el pa\u00eds. En Misiones, las principales tem\u00e1ticas abordadas fueron el acoso en el aula y en redes sociales, violencia, grooming y sexting, entre otras. Durante la Jornada Educar en Igualdad que se llev\u00f3 a cabo en todas las escuelas de Misiones, el bullying [&hellip;]","og_url":"https:\/\/cvinoticias.com\/v3\/bullying-entre-companeros-es-el-desafio-mas-senalado-por-docentes\/","og_site_name":"CVI NOTICIAS","article_publisher":"https:\/\/www.facebook.com\/cvinoticias","article_published_time":"2021-11-20T12:30:37+00:00","og_image":[{"width":784,"height":1280,"url":"https:\/\/cvinoticias.com\/wp-content\/uploads\/2021\/11\/educar-en-igualdad-2.jpg","type":"image\/jpeg"}],"author":"f1000024","twitter_card":"summary_large_image","twitter_misc":{"Escrito por":"f1000024","Tiempo de lectura":"5 minutos"},"schema":{"@context":"https:\/\/schema.org","@graph":[{"@type":"Article","@id":"https:\/\/cvinoticias.com\/v3\/bullying-entre-companeros-es-el-desafio-mas-senalado-por-docentes\/#article","isPartOf":{"@id":"https:\/\/cvinoticias.com\/v3\/bullying-entre-companeros-es-el-desafio-mas-senalado-por-docentes\/"},"author":{"name":"f1000024","@id":"https:\/\/cvinoticias.com\/v3\/#\/schema\/person\/2db77e3c6bc03c538495d7b2b8be9b66"},"headline":"Bullying entre compa\u00f1eros es el desaf\u00edo m\u00e1s se\u00f1alado por docentes","datePublished":"2021-11-20T12:30:37+00:00","mainEntityOfPage":{"@id":"https:\/\/cvinoticias.com\/v3\/bullying-entre-companeros-es-el-desafio-mas-senalado-por-docentes\/"},"wordCount":1058,"commentCount":0,"publisher":{"@id":"https:\/\/cvinoticias.com\/v3\/#organization"},"image":{"@id":"https:\/\/cvinoticias.com\/v3\/bullying-entre-companeros-es-el-desafio-mas-senalado-por-docentes\/#primaryimage"},"thumbnailUrl":"https:\/\/cvinoticias.com\/wp-content\/uploads\/2021\/11\/educar-en-igualdad-2.jpg","articleSection":["Educacion"],"inLanguage":"es","potentialAction":[{"@type":"CommentAction","name":"Comment","target":["https:\/\/cvinoticias.com\/v3\/bullying-entre-companeros-es-el-desafio-mas-senalado-por-docentes\/#respond"]}]},{"@type":"WebPage","@id":"https:\/\/cvinoticias.com\/v3\/bullying-entre-companeros-es-el-desafio-mas-senalado-por-docentes\/","url":"https:\/\/cvinoticias.com\/v3\/bullying-entre-companeros-es-el-desafio-mas-senalado-por-docentes\/","name":"Bullying entre compa\u00f1eros es el desaf\u00edo m\u00e1s se\u00f1alado por docentes | CVI NOTICIAS","isPartOf":{"@id":"https:\/\/cvinoticias.com\/v3\/#website"},"primaryImageOfPage":{"@id":"https:\/\/cvinoticias.com\/v3\/bullying-entre-companeros-es-el-desafio-mas-senalado-por-docentes\/#primaryimage"},"image":{"@id":"https:\/\/cvinoticias.com\/v3\/bullying-entre-companeros-es-el-desafio-mas-senalado-por-docentes\/#primaryimage"},"thumbnailUrl":"https:\/\/cvinoticias.com\/wp-content\/uploads\/2021\/11\/educar-en-igualdad-2.jpg","datePublished":"2021-11-20T12:30:37+00:00","breadcrumb":{"@id":"https:\/\/cvinoticias.com\/v3\/bullying-entre-companeros-es-el-desafio-mas-senalado-por-docentes\/#breadcrumb"},"inLanguage":"es","potentialAction":[{"@type":"ReadAction","target":["https:\/\/cvinoticias.com\/v3\/bullying-entre-companeros-es-el-desafio-mas-senalado-por-docentes\/"]}]},{"@type":"ImageObject","inLanguage":"es","@id":"https:\/\/cvinoticias.com\/v3\/bullying-entre-companeros-es-el-desafio-mas-senalado-por-docentes\/#primaryimage","url":"https:\/\/cvinoticias.com\/wp-content\/uploads\/2021\/11\/educar-en-igualdad-2.jpg","contentUrl":"https:\/\/cvinoticias.com\/wp-content\/uploads\/2021\/11\/educar-en-igualdad-2.jpg","width":784,"height":1280},{"@type":"BreadcrumbList","@id":"https:\/\/cvinoticias.com\/v3\/bullying-entre-companeros-es-el-desafio-mas-senalado-por-docentes\/#breadcrumb","itemListElement":[{"@type":"ListItem","position":1,"name":"Portada","item":"https:\/\/cvinoticias.com\/v3\/"},{"@type":"ListItem","position":2,"name":"Bullying entre compa\u00f1eros es el desaf\u00edo m\u00e1s se\u00f1alado por docentes"}]},{"@type":"WebSite","@id":"https:\/\/cvinoticias.com\/v3\/#website","url":"https:\/\/cvinoticias.com\/v3\/","name":"CVI NOTICIAS","description":"","publisher":{"@id":"https:\/\/cvinoticias.com\/v3\/#organization"},"alternateName":"CVI","potentialAction":[{"@type":"SearchAction","target":{"@type":"EntryPoint","urlTemplate":"https:\/\/cvinoticias.com\/v3\/?s={search_term_string}"},"query-input":{"@type":"PropertyValueSpecification","valueRequired":true,"valueName":"search_term_string"}}],"inLanguage":"es"},{"@type":"Organization","@id":"https:\/\/cvinoticias.com\/v3\/#organization","name":"CVI NOTICIAS","url":"https:\/\/cvinoticias.com\/v3\/","logo":{"@type":"ImageObject","inLanguage":"es","@id":"https:\/\/cvinoticias.com\/v3\/#\/schema\/logo\/image\/","url":"https:\/\/cvinoticias.com\/wp-content\/uploads\/2023\/04\/cropped-cropped-cropped-cropped-cropped-3-1.png","contentUrl":"https:\/\/cvinoticias.com\/wp-content\/uploads\/2023\/04\/cropped-cropped-cropped-cropped-cropped-3-1.png","width":95,"height":122,"caption":"CVI NOTICIAS"},"image":{"@id":"https:\/\/cvinoticias.com\/v3\/#\/schema\/logo\/image\/"},"sameAs":["https:\/\/www.facebook.com\/cvinoticias","https:\/\/www.instagram.com\/cvinoticias\/","https:\/\/www.youtube.com\/@CVINOTICIAS"]},{"@type":"Person","@id":"https:\/\/cvinoticias.com\/v3\/#\/schema\/person\/2db77e3c6bc03c538495d7b2b8be9b66","name":"f1000024","image":{"@type":"ImageObject","inLanguage":"es","@id":"https:\/\/secure.gravatar.com\/avatar\/d4fe7459cfc51ff5129ce1a732bbef5928568b8092d412ef95611616376bbeed?s=96&d=mm&r=g","url":"https:\/\/secure.gravatar.com\/avatar\/d4fe7459cfc51ff5129ce1a732bbef5928568b8092d412ef95611616376bbeed?s=96&d=mm&r=g","contentUrl":"https:\/\/secure.gravatar.com\/avatar\/d4fe7459cfc51ff5129ce1a732bbef5928568b8092d412ef95611616376bbeed?s=96&d=mm&r=g","caption":"f1000024"},"url":"https:\/\/cvinoticias.com\/v3\/author\/f1000024\/"}]}},"_links":{"self":[{"href":"https:\/\/cvinoticias.com\/v3\/wp-json\/wp\/v2\/posts\/10813","targetHints":{"allow":["GET"]}}],"collection":[{"href":"https:\/\/cvinoticias.com\/v3\/wp-json\/wp\/v2\/posts"}],"about":[{"href":"https:\/\/cvinoticias.com\/v3\/wp-json\/wp\/v2\/types\/post"}],"author":[{"embeddable":true,"href":"https:\/\/cvinoticias.com\/v3\/wp-json\/wp\/v2\/users\/2"}],"replies":[{"embeddable":true,"href":"https:\/\/cvinoticias.com\/v3\/wp-json\/wp\/v2\/comments?post=10813"}],"version-history":[{"count":1,"href":"https:\/\/cvinoticias.com\/v3\/wp-json\/wp\/v2\/posts\/10813\/revisions"}],"predecessor-version":[{"id":10816,"href":"https:\/\/cvinoticias.com\/v3\/wp-json\/wp\/v2\/posts\/10813\/revisions\/10816"}],"wp:featuredmedia":[{"embeddable":true,"href":"https:\/\/cvinoticias.com\/v3\/wp-json\/wp\/v2\/media\/10815"}],"wp:attachment":[{"href":"https:\/\/cvinoticias.com\/v3\/wp-json\/wp\/v2\/media?parent=10813"}],"wp:term":[{"taxonomy":"category","embeddable":true,"href":"https:\/\/cvinoticias.com\/v3\/wp-json\/wp\/v2\/categories?post=10813"},{"taxonomy":"post_tag","embeddable":true,"href":"https:\/\/cvinoticias.com\/v3\/wp-json\/wp\/v2\/tags?post=10813"}],"curies":[{"name":"wp","href":"https:\/\/api.w.org\/{rel}","templated":true}]}}