{"id":10687,"date":"2021-11-16T19:42:41","date_gmt":"2021-11-16T19:42:41","guid":{"rendered":"https:\/\/cvinoticias.com\/v3\/?p=10687"},"modified":"2021-11-16T19:42:41","modified_gmt":"2021-11-16T19:42:41","slug":"puerto-iguazu-policia-federal-detuvo-a-bushe-quien-era-buscado-por-hurto-agravado","status":"publish","type":"post","link":"https:\/\/cvinoticias.com\/v3\/puerto-iguazu-policia-federal-detuvo-a-bushe-quien-era-buscado-por-hurto-agravado\/","title":{"rendered":"Puerto Iguaz\u00fa: Polic\u00eda Federal, detuvo a \u00abBUSHE\u00bb qui\u00e9n era buscado por hurto agravado"},"content":{"rendered":"\n<p class=\"wp-block-paragraph\"><strong><em>En el d\u00eda de la fecha, en horas del mediod\u00eda, personal de Brigadas de la Divisi\u00f3n Triple Frontera, procedieron a la identificaci\u00f3n de ENRIQUE ANDRES E. (ALIAS \u00abBUSHE\u00bb), en el Barrio Villa Tacu\u00e1ra de Puerto Iguaz\u00fa.<\/em><\/strong><\/p>\n\n\n\n<p class=\"wp-block-paragraph\">Al ser consultado su filiaci\u00f3n en los sistemas inform\u00e1ticos policiales, arroj\u00f3 que el mismo pose\u00eda UN PEDIDO DE CAPTURA POR HURTO AGRAVADO a solicitud del Juzgado de Instrucci\u00f3n Nro. 03 Dr. Mart\u00edn Brites.<\/p>\n\n\n\n<p class=\"wp-block-paragraph\">Finalizadas las diligencias en la v\u00eda p\u00fablica, fue trasladado a la Sede ubicada en San Lorenzo 25, quedando a disposici\u00f3n judicial.<\/p>\n","protected":false},"excerpt":{"rendered":"<p>En el d\u00eda de la fecha, en horas del mediod\u00eda, personal de Brigadas de la Divisi\u00f3n Triple Frontera, procedieron a la identificaci\u00f3n de ENRIQUE ANDRES E. (ALIAS \u00abBUSHE\u00bb), en el Barrio Villa Tacu\u00e1ra de Puerto Iguaz\u00fa. Al ser consultado su filiaci\u00f3n en los sistemas inform\u00e1ticos policiales, arroj\u00f3 que el mismo pose\u00eda UN PEDIDO DE CAPTURA [&hellip;]<\/p>\n","protected":false},"author":2,"featured_media":10688,"comment_status":"open","ping_status":"open","sticky":false,"template":"","format":"standard","meta":{"footnotes":""},"categories":[29,41],"tags":[],"class_list":["post-10687","post","type-post","status-publish","format-standard","has-post-thumbnail","hentry","category-locales","category-policiales"],"yoast_head":"<!-- This site is optimized with the Yoast SEO plugin v28.4 - https:\/\/yoast.com\/product\/yoast-seo-wordpress\/ -->\n<title>Puerto Iguaz\u00fa: Polic\u00eda Federal, detuvo a &quot;BUSHE&quot; qui\u00e9n era buscado por hurto agravado | CVI NOTICIAS<\/title>\n<meta name=\"robots\" content=\"index, follow, max-snippet:-1, max-image-preview:large, max-video-preview:-1\" \/>\n<link rel=\"canonical\" href=\"https:\/\/cvinoticias.com\/v3\/puerto-iguazu-policia-federal-detuvo-a-bushe-quien-era-buscado-por-hurto-agravado\/\" \/>\n<meta property=\"og:locale\" content=\"es_ES\" \/>\n<meta property=\"og:type\" content=\"article\" \/>\n<meta property=\"og:title\" content=\"Puerto Iguaz\u00fa: Polic\u00eda Federal, detuvo a &quot;BUSHE&quot; qui\u00e9n era buscado por hurto agravado | CVI NOTICIAS\" \/>\n<meta property=\"og:description\" content=\"En el d\u00eda de la fecha, en horas del mediod\u00eda, personal de Brigadas de la Divisi\u00f3n Triple Frontera, procedieron a la identificaci\u00f3n de ENRIQUE ANDRES E. (ALIAS \u00abBUSHE\u00bb), en el Barrio Villa Tacu\u00e1ra de Puerto Iguaz\u00fa. Al ser consultado su filiaci\u00f3n en los sistemas inform\u00e1ticos policiales, arroj\u00f3 que el mismo pose\u00eda UN PEDIDO DE CAPTURA [&hellip;]\" \/>\n<meta property=\"og:url\" content=\"https:\/\/cvinoticias.com\/v3\/puerto-iguazu-policia-federal-detuvo-a-bushe-quien-era-buscado-por-hurto-agravado\/\" \/>\n<meta property=\"og:site_name\" content=\"CVI NOTICIAS\" \/>\n<meta property=\"article:publisher\" content=\"https:\/\/www.facebook.com\/cvinoticias\" \/>\n<meta property=\"article:published_time\" content=\"2021-11-16T19:42:41+00:00\" \/>\n<meta property=\"og:image\" content=\"https:\/\/cvinoticias.com\/wp-content\/uploads\/2021\/11\/IMG-20211116-WA0109.jpg\" \/>\n\t<meta property=\"og:image:width\" content=\"952\" \/>\n\t<meta property=\"og:image:height\" content=\"603\" \/>\n\t<meta property=\"og:image:type\" content=\"image\/jpeg\" \/>\n<meta name=\"author\" content=\"f1000024\" \/>\n<meta name=\"twitter:card\" content=\"summary_large_image\" \/>\n<meta name=\"twitter:label1\" content=\"Escrito por\" \/>\n\t<meta name=\"twitter:data1\" content=\"f1000024\" \/>\n\t<meta name=\"twitter:label2\" content=\"Tiempo de lectura\" \/>\n\t<meta name=\"twitter:data2\" content=\"1 minuto\" \/>\n<script type=\"application\/ld+json\" class=\"yoast-schema-graph\">{\"@context\":\"https:\\\/\\\/schema.org\",\"@graph\":[{\"@type\":\"Article\",\"@id\":\"https:\\\/\\\/cvinoticias.com\\\/v3\\\/puerto-iguazu-policia-federal-detuvo-a-bushe-quien-era-buscado-por-hurto-agravado\\\/#article\",\"isPartOf\":{\"@id\":\"https:\\\/\\\/cvinoticias.com\\\/v3\\\/puerto-iguazu-policia-federal-detuvo-a-bushe-quien-era-buscado-por-hurto-agravado\\\/\"},\"author\":{\"name\":\"f1000024\",\"@id\":\"https:\\\/\\\/cvinoticias.com\\\/v3\\\/#\\\/schema\\\/person\\\/2db77e3c6bc03c538495d7b2b8be9b66\"},\"headline\":\"Puerto Iguaz\u00fa: Polic\u00eda Federal, detuvo a \u00abBUSHE\u00bb qui\u00e9n era buscado por hurto agravado\",\"datePublished\":\"2021-11-16T19:42:41+00:00\",\"mainEntityOfPage\":{\"@id\":\"https:\\\/\\\/cvinoticias.com\\\/v3\\\/puerto-iguazu-policia-federal-detuvo-a-bushe-quien-era-buscado-por-hurto-agravado\\\/\"},\"wordCount\":116,\"commentCount\":0,\"publisher\":{\"@id\":\"https:\\\/\\\/cvinoticias.com\\\/v3\\\/#organization\"},\"image\":{\"@id\":\"https:\\\/\\\/cvinoticias.com\\\/v3\\\/puerto-iguazu-policia-federal-detuvo-a-bushe-quien-era-buscado-por-hurto-agravado\\\/#primaryimage\"},\"thumbnailUrl\":\"https:\\\/\\\/cvinoticias.com\\\/wp-content\\\/uploads\\\/2021\\\/11\\\/IMG-20211116-WA0109.jpg\",\"articleSection\":[\"Locales\",\"Policiales\"],\"inLanguage\":\"es\",\"potentialAction\":[{\"@type\":\"CommentAction\",\"name\":\"Comment\",\"target\":[\"https:\\\/\\\/cvinoticias.com\\\/v3\\\/puerto-iguazu-policia-federal-detuvo-a-bushe-quien-era-buscado-por-hurto-agravado\\\/#respond\"]}]},{\"@type\":\"WebPage\",\"@id\":\"https:\\\/\\\/cvinoticias.com\\\/v3\\\/puerto-iguazu-policia-federal-detuvo-a-bushe-quien-era-buscado-por-hurto-agravado\\\/\",\"url\":\"https:\\\/\\\/cvinoticias.com\\\/v3\\\/puerto-iguazu-policia-federal-detuvo-a-bushe-quien-era-buscado-por-hurto-agravado\\\/\",\"name\":\"Puerto Iguaz\u00fa: Polic\u00eda Federal, detuvo a \\\"BUSHE\\\" qui\u00e9n era buscado por hurto agravado | CVI NOTICIAS\",\"isPartOf\":{\"@id\":\"https:\\\/\\\/cvinoticias.com\\\/v3\\\/#website\"},\"primaryImageOfPage\":{\"@id\":\"https:\\\/\\\/cvinoticias.com\\\/v3\\\/puerto-iguazu-policia-federal-detuvo-a-bushe-quien-era-buscado-por-hurto-agravado\\\/#primaryimage\"},\"image\":{\"@id\":\"https:\\\/\\\/cvinoticias.com\\\/v3\\\/puerto-iguazu-policia-federal-detuvo-a-bushe-quien-era-buscado-por-hurto-agravado\\\/#primaryimage\"},\"thumbnailUrl\":\"https:\\\/\\\/cvinoticias.com\\\/wp-content\\\/uploads\\\/2021\\\/11\\\/IMG-20211116-WA0109.jpg\",\"datePublished\":\"2021-11-16T19:42:41+00:00\",\"breadcrumb\":{\"@id\":\"https:\\\/\\\/cvinoticias.com\\\/v3\\\/puerto-iguazu-policia-federal-detuvo-a-bushe-quien-era-buscado-por-hurto-agravado\\\/#breadcrumb\"},\"inLanguage\":\"es\",\"potentialAction\":[{\"@type\":\"ReadAction\",\"target\":[\"https:\\\/\\\/cvinoticias.com\\\/v3\\\/puerto-iguazu-policia-federal-detuvo-a-bushe-quien-era-buscado-por-hurto-agravado\\\/\"]}]},{\"@type\":\"ImageObject\",\"inLanguage\":\"es\",\"@id\":\"https:\\\/\\\/cvinoticias.com\\\/v3\\\/puerto-iguazu-policia-federal-detuvo-a-bushe-quien-era-buscado-por-hurto-agravado\\\/#primaryimage\",\"url\":\"https:\\\/\\\/cvinoticias.com\\\/wp-content\\\/uploads\\\/2021\\\/11\\\/IMG-20211116-WA0109.jpg\",\"contentUrl\":\"https:\\\/\\\/cvinoticias.com\\\/wp-content\\\/uploads\\\/2021\\\/11\\\/IMG-20211116-WA0109.jpg\",\"width\":952,\"height\":603},{\"@type\":\"BreadcrumbList\",\"@id\":\"https:\\\/\\\/cvinoticias.com\\\/v3\\\/puerto-iguazu-policia-federal-detuvo-a-bushe-quien-era-buscado-por-hurto-agravado\\\/#breadcrumb\",\"itemListElement\":[{\"@type\":\"ListItem\",\"position\":1,\"name\":\"Portada\",\"item\":\"https:\\\/\\\/cvinoticias.com\\\/v3\\\/\"},{\"@type\":\"ListItem\",\"position\":2,\"name\":\"Puerto Iguaz\u00fa: Polic\u00eda Federal, detuvo a \u00abBUSHE\u00bb qui\u00e9n era buscado por hurto agravado\"}]},{\"@type\":\"WebSite\",\"@id\":\"https:\\\/\\\/cvinoticias.com\\\/v3\\\/#website\",\"url\":\"https:\\\/\\\/cvinoticias.com\\\/v3\\\/\",\"name\":\"CVI NOTICIAS\",\"description\":\"\",\"publisher\":{\"@id\":\"https:\\\/\\\/cvinoticias.com\\\/v3\\\/#organization\"},\"alternateName\":\"CVI\",\"potentialAction\":[{\"@type\":\"SearchAction\",\"target\":{\"@type\":\"EntryPoint\",\"urlTemplate\":\"https:\\\/\\\/cvinoticias.com\\\/v3\\\/?s={search_term_string}\"},\"query-input\":{\"@type\":\"PropertyValueSpecification\",\"valueRequired\":true,\"valueName\":\"search_term_string\"}}],\"inLanguage\":\"es\"},{\"@type\":\"Organization\",\"@id\":\"https:\\\/\\\/cvinoticias.com\\\/v3\\\/#organization\",\"name\":\"CVI NOTICIAS\",\"url\":\"https:\\\/\\\/cvinoticias.com\\\/v3\\\/\",\"logo\":{\"@type\":\"ImageObject\",\"inLanguage\":\"es\",\"@id\":\"https:\\\/\\\/cvinoticias.com\\\/v3\\\/#\\\/schema\\\/logo\\\/image\\\/\",\"url\":\"https:\\\/\\\/cvinoticias.com\\\/wp-content\\\/uploads\\\/2023\\\/04\\\/cropped-cropped-cropped-cropped-cropped-3-1.png\",\"contentUrl\":\"https:\\\/\\\/cvinoticias.com\\\/wp-content\\\/uploads\\\/2023\\\/04\\\/cropped-cropped-cropped-cropped-cropped-3-1.png\",\"width\":95,\"height\":122,\"caption\":\"CVI NOTICIAS\"},\"image\":{\"@id\":\"https:\\\/\\\/cvinoticias.com\\\/v3\\\/#\\\/schema\\\/logo\\\/image\\\/\"},\"sameAs\":[\"https:\\\/\\\/www.facebook.com\\\/cvinoticias\",\"https:\\\/\\\/www.instagram.com\\\/cvinoticias\\\/\",\"https:\\\/\\\/www.youtube.com\\\/@CVINOTICIAS\"]},{\"@type\":\"Person\",\"@id\":\"https:\\\/\\\/cvinoticias.com\\\/v3\\\/#\\\/schema\\\/person\\\/2db77e3c6bc03c538495d7b2b8be9b66\",\"name\":\"f1000024\",\"image\":{\"@type\":\"ImageObject\",\"inLanguage\":\"es\",\"@id\":\"https:\\\/\\\/secure.gravatar.com\\\/avatar\\\/d4fe7459cfc51ff5129ce1a732bbef5928568b8092d412ef95611616376bbeed?s=96&d=mm&r=g\",\"url\":\"https:\\\/\\\/secure.gravatar.com\\\/avatar\\\/d4fe7459cfc51ff5129ce1a732bbef5928568b8092d412ef95611616376bbeed?s=96&d=mm&r=g\",\"contentUrl\":\"https:\\\/\\\/secure.gravatar.com\\\/avatar\\\/d4fe7459cfc51ff5129ce1a732bbef5928568b8092d412ef95611616376bbeed?s=96&d=mm&r=g\",\"caption\":\"f1000024\"},\"url\":\"https:\\\/\\\/cvinoticias.com\\\/v3\\\/author\\\/f1000024\\\/\"}]}<\/script>\n<!-- \/ Yoast SEO plugin. -->","yoast_head_json":{"title":"Puerto Iguaz\u00fa: Polic\u00eda Federal, detuvo a \"BUSHE\" qui\u00e9n era buscado por hurto agravado | CVI NOTICIAS","robots":{"index":"index","follow":"follow","max-snippet":"max-snippet:-1","max-image-preview":"max-image-preview:large","max-video-preview":"max-video-preview:-1"},"canonical":"https:\/\/cvinoticias.com\/v3\/puerto-iguazu-policia-federal-detuvo-a-bushe-quien-era-buscado-por-hurto-agravado\/","og_locale":"es_ES","og_type":"article","og_title":"Puerto Iguaz\u00fa: Polic\u00eda Federal, detuvo a \"BUSHE\" qui\u00e9n era buscado por hurto agravado | CVI NOTICIAS","og_description":"En el d\u00eda de la fecha, en horas del mediod\u00eda, personal de Brigadas de la Divisi\u00f3n Triple Frontera, procedieron a la identificaci\u00f3n de ENRIQUE ANDRES E. (ALIAS \u00abBUSHE\u00bb), en el Barrio Villa Tacu\u00e1ra de Puerto Iguaz\u00fa. Al ser consultado su filiaci\u00f3n en los sistemas inform\u00e1ticos policiales, arroj\u00f3 que el mismo pose\u00eda UN PEDIDO DE CAPTURA [&hellip;]","og_url":"https:\/\/cvinoticias.com\/v3\/puerto-iguazu-policia-federal-detuvo-a-bushe-quien-era-buscado-por-hurto-agravado\/","og_site_name":"CVI NOTICIAS","article_publisher":"https:\/\/www.facebook.com\/cvinoticias","article_published_time":"2021-11-16T19:42:41+00:00","og_image":[{"width":952,"height":603,"url":"https:\/\/cvinoticias.com\/wp-content\/uploads\/2021\/11\/IMG-20211116-WA0109.jpg","type":"image\/jpeg"}],"author":"f1000024","twitter_card":"summary_large_image","twitter_misc":{"Escrito por":"f1000024","Tiempo de lectura":"1 minuto"},"schema":{"@context":"https:\/\/schema.org","@graph":[{"@type":"Article","@id":"https:\/\/cvinoticias.com\/v3\/puerto-iguazu-policia-federal-detuvo-a-bushe-quien-era-buscado-por-hurto-agravado\/#article","isPartOf":{"@id":"https:\/\/cvinoticias.com\/v3\/puerto-iguazu-policia-federal-detuvo-a-bushe-quien-era-buscado-por-hurto-agravado\/"},"author":{"name":"f1000024","@id":"https:\/\/cvinoticias.com\/v3\/#\/schema\/person\/2db77e3c6bc03c538495d7b2b8be9b66"},"headline":"Puerto Iguaz\u00fa: Polic\u00eda Federal, detuvo a \u00abBUSHE\u00bb qui\u00e9n era buscado por hurto agravado","datePublished":"2021-11-16T19:42:41+00:00","mainEntityOfPage":{"@id":"https:\/\/cvinoticias.com\/v3\/puerto-iguazu-policia-federal-detuvo-a-bushe-quien-era-buscado-por-hurto-agravado\/"},"wordCount":116,"commentCount":0,"publisher":{"@id":"https:\/\/cvinoticias.com\/v3\/#organization"},"image":{"@id":"https:\/\/cvinoticias.com\/v3\/puerto-iguazu-policia-federal-detuvo-a-bushe-quien-era-buscado-por-hurto-agravado\/#primaryimage"},"thumbnailUrl":"https:\/\/cvinoticias.com\/wp-content\/uploads\/2021\/11\/IMG-20211116-WA0109.jpg","articleSection":["Locales","Policiales"],"inLanguage":"es","potentialAction":[{"@type":"CommentAction","name":"Comment","target":["https:\/\/cvinoticias.com\/v3\/puerto-iguazu-policia-federal-detuvo-a-bushe-quien-era-buscado-por-hurto-agravado\/#respond"]}]},{"@type":"WebPage","@id":"https:\/\/cvinoticias.com\/v3\/puerto-iguazu-policia-federal-detuvo-a-bushe-quien-era-buscado-por-hurto-agravado\/","url":"https:\/\/cvinoticias.com\/v3\/puerto-iguazu-policia-federal-detuvo-a-bushe-quien-era-buscado-por-hurto-agravado\/","name":"Puerto Iguaz\u00fa: Polic\u00eda Federal, detuvo a \"BUSHE\" qui\u00e9n era buscado por hurto agravado | CVI NOTICIAS","isPartOf":{"@id":"https:\/\/cvinoticias.com\/v3\/#website"},"primaryImageOfPage":{"@id":"https:\/\/cvinoticias.com\/v3\/puerto-iguazu-policia-federal-detuvo-a-bushe-quien-era-buscado-por-hurto-agravado\/#primaryimage"},"image":{"@id":"https:\/\/cvinoticias.com\/v3\/puerto-iguazu-policia-federal-detuvo-a-bushe-quien-era-buscado-por-hurto-agravado\/#primaryimage"},"thumbnailUrl":"https:\/\/cvinoticias.com\/wp-content\/uploads\/2021\/11\/IMG-20211116-WA0109.jpg","datePublished":"2021-11-16T19:42:41+00:00","breadcrumb":{"@id":"https:\/\/cvinoticias.com\/v3\/puerto-iguazu-policia-federal-detuvo-a-bushe-quien-era-buscado-por-hurto-agravado\/#breadcrumb"},"inLanguage":"es","potentialAction":[{"@type":"ReadAction","target":["https:\/\/cvinoticias.com\/v3\/puerto-iguazu-policia-federal-detuvo-a-bushe-quien-era-buscado-por-hurto-agravado\/"]}]},{"@type":"ImageObject","inLanguage":"es","@id":"https:\/\/cvinoticias.com\/v3\/puerto-iguazu-policia-federal-detuvo-a-bushe-quien-era-buscado-por-hurto-agravado\/#primaryimage","url":"https:\/\/cvinoticias.com\/wp-content\/uploads\/2021\/11\/IMG-20211116-WA0109.jpg","contentUrl":"https:\/\/cvinoticias.com\/wp-content\/uploads\/2021\/11\/IMG-20211116-WA0109.jpg","width":952,"height":603},{"@type":"BreadcrumbList","@id":"https:\/\/cvinoticias.com\/v3\/puerto-iguazu-policia-federal-detuvo-a-bushe-quien-era-buscado-por-hurto-agravado\/#breadcrumb","itemListElement":[{"@type":"ListItem","position":1,"name":"Portada","item":"https:\/\/cvinoticias.com\/v3\/"},{"@type":"ListItem","position":2,"name":"Puerto Iguaz\u00fa: Polic\u00eda Federal, detuvo a \u00abBUSHE\u00bb qui\u00e9n era buscado por hurto agravado"}]},{"@type":"WebSite","@id":"https:\/\/cvinoticias.com\/v3\/#website","url":"https:\/\/cvinoticias.com\/v3\/","name":"CVI NOTICIAS","description":"","publisher":{"@id":"https:\/\/cvinoticias.com\/v3\/#organization"},"alternateName":"CVI","potentialAction":[{"@type":"SearchAction","target":{"@type":"EntryPoint","urlTemplate":"https:\/\/cvinoticias.com\/v3\/?s={search_term_string}"},"query-input":{"@type":"PropertyValueSpecification","valueRequired":true,"valueName":"search_term_string"}}],"inLanguage":"es"},{"@type":"Organization","@id":"https:\/\/cvinoticias.com\/v3\/#organization","name":"CVI NOTICIAS","url":"https:\/\/cvinoticias.com\/v3\/","logo":{"@type":"ImageObject","inLanguage":"es","@id":"https:\/\/cvinoticias.com\/v3\/#\/schema\/logo\/image\/","url":"https:\/\/cvinoticias.com\/wp-content\/uploads\/2023\/04\/cropped-cropped-cropped-cropped-cropped-3-1.png","contentUrl":"https:\/\/cvinoticias.com\/wp-content\/uploads\/2023\/04\/cropped-cropped-cropped-cropped-cropped-3-1.png","width":95,"height":122,"caption":"CVI NOTICIAS"},"image":{"@id":"https:\/\/cvinoticias.com\/v3\/#\/schema\/logo\/image\/"},"sameAs":["https:\/\/www.facebook.com\/cvinoticias","https:\/\/www.instagram.com\/cvinoticias\/","https:\/\/www.youtube.com\/@CVINOTICIAS"]},{"@type":"Person","@id":"https:\/\/cvinoticias.com\/v3\/#\/schema\/person\/2db77e3c6bc03c538495d7b2b8be9b66","name":"f1000024","image":{"@type":"ImageObject","inLanguage":"es","@id":"https:\/\/secure.gravatar.com\/avatar\/d4fe7459cfc51ff5129ce1a732bbef5928568b8092d412ef95611616376bbeed?s=96&d=mm&r=g","url":"https:\/\/secure.gravatar.com\/avatar\/d4fe7459cfc51ff5129ce1a732bbef5928568b8092d412ef95611616376bbeed?s=96&d=mm&r=g","contentUrl":"https:\/\/secure.gravatar.com\/avatar\/d4fe7459cfc51ff5129ce1a732bbef5928568b8092d412ef95611616376bbeed?s=96&d=mm&r=g","caption":"f1000024"},"url":"https:\/\/cvinoticias.com\/v3\/author\/f1000024\/"}]}},"_links":{"self":[{"href":"https:\/\/cvinoticias.com\/v3\/wp-json\/wp\/v2\/posts\/10687","targetHints":{"allow":["GET"]}}],"collection":[{"href":"https:\/\/cvinoticias.com\/v3\/wp-json\/wp\/v2\/posts"}],"about":[{"href":"https:\/\/cvinoticias.com\/v3\/wp-json\/wp\/v2\/types\/post"}],"author":[{"embeddable":true,"href":"https:\/\/cvinoticias.com\/v3\/wp-json\/wp\/v2\/users\/2"}],"replies":[{"embeddable":true,"href":"https:\/\/cvinoticias.com\/v3\/wp-json\/wp\/v2\/comments?post=10687"}],"version-history":[{"count":1,"href":"https:\/\/cvinoticias.com\/v3\/wp-json\/wp\/v2\/posts\/10687\/revisions"}],"predecessor-version":[{"id":10689,"href":"https:\/\/cvinoticias.com\/v3\/wp-json\/wp\/v2\/posts\/10687\/revisions\/10689"}],"wp:featuredmedia":[{"embeddable":true,"href":"https:\/\/cvinoticias.com\/v3\/wp-json\/wp\/v2\/media\/10688"}],"wp:attachment":[{"href":"https:\/\/cvinoticias.com\/v3\/wp-json\/wp\/v2\/media?parent=10687"}],"wp:term":[{"taxonomy":"category","embeddable":true,"href":"https:\/\/cvinoticias.com\/v3\/wp-json\/wp\/v2\/categories?post=10687"},{"taxonomy":"post_tag","embeddable":true,"href":"https:\/\/cvinoticias.com\/v3\/wp-json\/wp\/v2\/tags?post=10687"}],"curies":[{"name":"wp","href":"https:\/\/api.w.org\/{rel}","templated":true}]}}