{"id":10632,"date":"2021-11-15T09:37:02","date_gmt":"2021-11-15T09:37:02","guid":{"rendered":"https:\/\/cvinoticias.com\/v3\/?p=10632"},"modified":"2021-11-15T09:37:02","modified_gmt":"2021-11-15T09:37:02","slug":"el-papa-francisco-llamo-a-alimentar-la-esperanza-del-manana-aliviando-el-dolor-de-hoy","status":"publish","type":"post","link":"https:\/\/cvinoticias.com\/v3\/el-papa-francisco-llamo-a-alimentar-la-esperanza-del-manana-aliviando-el-dolor-de-hoy\/","title":{"rendered":"El Papa Francisco llam\u00f3 a alimentar la esperanza del ma\u00f1ana aliviando el dolor de hoy"},"content":{"rendered":"\n<p><strong><em>El Papa Francisco exhort\u00f3 este domingo a la feligres\u00eda a \u00abalimentar la esperanza del ma\u00f1ana aliviando el dolor de hoy\u00bb con \u00abdecisiones y acciones.<\/em><\/strong><\/p>\n\n\n\n<p>El Papa Francisco exhort\u00f3 a la feligres\u00eda a \u00abalimentar la esperanza del ma\u00f1ana aliviando el dolor de hoy\u00bb con \u00abdecisiones y acciones concretas\u00bb para ayudar a los m\u00e1s vulnerables, en el marco de la misa celebrada, este domingo 14 de noviembre, en la Bas\u00edlica de San Pedro en ocasi\u00f3n de la V Jornada Mundial de los Pobres.<\/p>\n\n\n\n<p>\u00abSi nuestra esperanza no se traduce en elecciones concretas y gestos de atenci\u00f3n, justicia, solidaridad, cuidado de la casa com\u00fan, no se pueden aliviar los sufrimientos de los pobres, no se puede convertir la econom\u00eda derrochadora que los obliga a vivir al margen\u00bb, enfatiz\u00f3.<\/p>\n\n\n\n<p>Dijo que \u00abnos toca a nosotros, especialmente a los cristianos &#8216;organizar&#8217; la esperanza\u00bb y \u00abplasmarla en la vida concreta cada d\u00eda, en las relaciones humanas, en el compromiso social y pol\u00edtico\u00bb.<\/p>\n\n\n\n<p>En particular, Francisco invit\u00f3 a llevar esa \u00abmirada de esperanza\u00bb a los pobres, \u00abcon ternura\u00bb y \u00absin juzgarlos\u00bb.<\/p>\n\n\n\n<p>\u00abLa esperanza que viene del Evangelio, de hecho, no consiste en esperar pasivamente que las cosas mejoren ma\u00f1ana, esto no es posible, sino en hacer hoy concreta la promesa de salvaci\u00f3n de Dios. Hoy, todos los d\u00edas\u00bb, agreg\u00f3.<\/p>\n\n\n\n<p>El sumo pont\u00edfice apunt\u00f3 adem\u00e1s que \u00abla esperanza cristiana no es optimismo bendito, m\u00e1s bien dir\u00eda optimismo adolescente de quienes esperan que las cosas cambien\u00bb, aunque en paralelo \u00abcontin\u00faan haciendo su vida, pero es construir cada d\u00eda, con gestos concretos, el Reino de amor, justicia y fraternidad que inaugur\u00f3 Jes\u00fas\u00bb.<\/p>\n\n\n\n<p>Por eso, a los cristianos \u00abse les pide esto: ser, entre las ruinas cotidianas del mundo, constructores incansables de esperanza; ser testigos de la compasi\u00f3n mientras reina la distracci\u00f3n; ser presencias atentas en la indiferencia generalizada\u00bb, complet\u00f3.<\/p>\n\n\n\n<p>Asimismo, en el Angelus de este domingo, Francisco record\u00f3 que las cosas terrenales como el dinero, el \u00e9xito, la apariencia y el bienestar f\u00edsico no est\u00e1n destinadas a durar y, por el contrario, \u00ablo \u00fanico que permanecer\u00e1 es la caridad, el amor, el bien que permanece siempre\u00bb.<\/p>\n\n\n\n<p>\u00abCuando vemos una persona generosa y servicial, apacible, paciente, que no es envidiosa, no critica, no se jacta, no se hincha de orgullo, no falta al respeto, esta es una persona que construye el Cielo en la Tierra. Quiz\u00e1s no tenga visibilidad, no haga carrera, no ser\u00e1 noticia en los peri\u00f3dicos y, sin embargo, lo que hace no se perder\u00e1 porque el bien nunca se pierde, el bien permanece para siempre\u00bb, postul\u00f3.<\/p>\n","protected":false},"excerpt":{"rendered":"<p>El Papa Francisco exhort\u00f3 este domingo a la feligres\u00eda a \u00abalimentar la esperanza del ma\u00f1ana aliviando el dolor de hoy\u00bb con \u00abdecisiones y acciones. El Papa Francisco exhort\u00f3 a la feligres\u00eda a \u00abalimentar la esperanza del ma\u00f1ana aliviando el dolor de hoy\u00bb con \u00abdecisiones y acciones concretas\u00bb para ayudar a los m\u00e1s vulnerables, en el [&hellip;]<\/p>\n","protected":false},"author":2,"featured_media":10633,"comment_status":"open","ping_status":"open","sticky":false,"template":"","format":"standard","meta":{"footnotes":""},"categories":[47],"tags":[],"class_list":["post-10632","post","type-post","status-publish","format-standard","has-post-thumbnail","hentry","category-sociedad"],"yoast_head":"<!-- This site is optimized with the Yoast SEO plugin v27.5 - https:\/\/yoast.com\/product\/yoast-seo-wordpress\/ -->\n<title>El Papa Francisco llam\u00f3 a alimentar la esperanza del ma\u00f1ana aliviando el dolor de hoy | CVI NOTICIAS<\/title>\n<meta name=\"robots\" content=\"index, follow, max-snippet:-1, max-image-preview:large, max-video-preview:-1\" \/>\n<link rel=\"canonical\" href=\"https:\/\/cvinoticias.com\/v3\/el-papa-francisco-llamo-a-alimentar-la-esperanza-del-manana-aliviando-el-dolor-de-hoy\/\" \/>\n<meta property=\"og:locale\" content=\"es_ES\" \/>\n<meta property=\"og:type\" content=\"article\" \/>\n<meta property=\"og:title\" content=\"El Papa Francisco llam\u00f3 a alimentar la esperanza del ma\u00f1ana aliviando el dolor de hoy | CVI NOTICIAS\" \/>\n<meta property=\"og:description\" content=\"El Papa Francisco exhort\u00f3 este domingo a la feligres\u00eda a \u00abalimentar la esperanza del ma\u00f1ana aliviando el dolor de hoy\u00bb con \u00abdecisiones y acciones. El Papa Francisco exhort\u00f3 a la feligres\u00eda a \u00abalimentar la esperanza del ma\u00f1ana aliviando el dolor de hoy\u00bb con \u00abdecisiones y acciones concretas\u00bb para ayudar a los m\u00e1s vulnerables, en el [&hellip;]\" \/>\n<meta property=\"og:url\" content=\"https:\/\/cvinoticias.com\/v3\/el-papa-francisco-llamo-a-alimentar-la-esperanza-del-manana-aliviando-el-dolor-de-hoy\/\" \/>\n<meta property=\"og:site_name\" content=\"CVI NOTICIAS\" \/>\n<meta property=\"article:publisher\" content=\"https:\/\/www.facebook.com\/cvinoticias\" \/>\n<meta property=\"article:published_time\" content=\"2021-11-15T09:37:02+00:00\" \/>\n<meta property=\"og:image\" content=\"https:\/\/cvinoticias.com\/wp-content\/uploads\/2021\/11\/IMG-20211112-WA0067.jpg\" \/>\n\t<meta property=\"og:image:width\" content=\"1080\" \/>\n\t<meta property=\"og:image:height\" content=\"854\" \/>\n\t<meta property=\"og:image:type\" content=\"image\/jpeg\" \/>\n<meta name=\"author\" content=\"f1000024\" \/>\n<meta name=\"twitter:card\" content=\"summary_large_image\" \/>\n<meta name=\"twitter:label1\" content=\"Escrito por\" \/>\n\t<meta name=\"twitter:data1\" content=\"f1000024\" \/>\n\t<meta name=\"twitter:label2\" content=\"Tiempo de lectura\" \/>\n\t<meta name=\"twitter:data2\" content=\"2 minutos\" \/>\n<script type=\"application\/ld+json\" class=\"yoast-schema-graph\">{\"@context\":\"https:\\\/\\\/schema.org\",\"@graph\":[{\"@type\":\"Article\",\"@id\":\"https:\\\/\\\/cvinoticias.com\\\/v3\\\/el-papa-francisco-llamo-a-alimentar-la-esperanza-del-manana-aliviando-el-dolor-de-hoy\\\/#article\",\"isPartOf\":{\"@id\":\"https:\\\/\\\/cvinoticias.com\\\/v3\\\/el-papa-francisco-llamo-a-alimentar-la-esperanza-del-manana-aliviando-el-dolor-de-hoy\\\/\"},\"author\":{\"name\":\"f1000024\",\"@id\":\"https:\\\/\\\/cvinoticias.com\\\/v3\\\/#\\\/schema\\\/person\\\/2db77e3c6bc03c538495d7b2b8be9b66\"},\"headline\":\"El Papa Francisco llam\u00f3 a alimentar la esperanza del ma\u00f1ana aliviando el dolor de hoy\",\"datePublished\":\"2021-11-15T09:37:02+00:00\",\"mainEntityOfPage\":{\"@id\":\"https:\\\/\\\/cvinoticias.com\\\/v3\\\/el-papa-francisco-llamo-a-alimentar-la-esperanza-del-manana-aliviando-el-dolor-de-hoy\\\/\"},\"wordCount\":461,\"commentCount\":0,\"publisher\":{\"@id\":\"https:\\\/\\\/cvinoticias.com\\\/v3\\\/#organization\"},\"image\":{\"@id\":\"https:\\\/\\\/cvinoticias.com\\\/v3\\\/el-papa-francisco-llamo-a-alimentar-la-esperanza-del-manana-aliviando-el-dolor-de-hoy\\\/#primaryimage\"},\"thumbnailUrl\":\"https:\\\/\\\/cvinoticias.com\\\/wp-content\\\/uploads\\\/2021\\\/11\\\/IMG-20211112-WA0067.jpg\",\"articleSection\":[\"Sociedad\"],\"inLanguage\":\"es\",\"potentialAction\":[{\"@type\":\"CommentAction\",\"name\":\"Comment\",\"target\":[\"https:\\\/\\\/cvinoticias.com\\\/v3\\\/el-papa-francisco-llamo-a-alimentar-la-esperanza-del-manana-aliviando-el-dolor-de-hoy\\\/#respond\"]}]},{\"@type\":\"WebPage\",\"@id\":\"https:\\\/\\\/cvinoticias.com\\\/v3\\\/el-papa-francisco-llamo-a-alimentar-la-esperanza-del-manana-aliviando-el-dolor-de-hoy\\\/\",\"url\":\"https:\\\/\\\/cvinoticias.com\\\/v3\\\/el-papa-francisco-llamo-a-alimentar-la-esperanza-del-manana-aliviando-el-dolor-de-hoy\\\/\",\"name\":\"El Papa Francisco llam\u00f3 a alimentar la esperanza del ma\u00f1ana aliviando el dolor de hoy | CVI NOTICIAS\",\"isPartOf\":{\"@id\":\"https:\\\/\\\/cvinoticias.com\\\/v3\\\/#website\"},\"primaryImageOfPage\":{\"@id\":\"https:\\\/\\\/cvinoticias.com\\\/v3\\\/el-papa-francisco-llamo-a-alimentar-la-esperanza-del-manana-aliviando-el-dolor-de-hoy\\\/#primaryimage\"},\"image\":{\"@id\":\"https:\\\/\\\/cvinoticias.com\\\/v3\\\/el-papa-francisco-llamo-a-alimentar-la-esperanza-del-manana-aliviando-el-dolor-de-hoy\\\/#primaryimage\"},\"thumbnailUrl\":\"https:\\\/\\\/cvinoticias.com\\\/wp-content\\\/uploads\\\/2021\\\/11\\\/IMG-20211112-WA0067.jpg\",\"datePublished\":\"2021-11-15T09:37:02+00:00\",\"breadcrumb\":{\"@id\":\"https:\\\/\\\/cvinoticias.com\\\/v3\\\/el-papa-francisco-llamo-a-alimentar-la-esperanza-del-manana-aliviando-el-dolor-de-hoy\\\/#breadcrumb\"},\"inLanguage\":\"es\",\"potentialAction\":[{\"@type\":\"ReadAction\",\"target\":[\"https:\\\/\\\/cvinoticias.com\\\/v3\\\/el-papa-francisco-llamo-a-alimentar-la-esperanza-del-manana-aliviando-el-dolor-de-hoy\\\/\"]}]},{\"@type\":\"ImageObject\",\"inLanguage\":\"es\",\"@id\":\"https:\\\/\\\/cvinoticias.com\\\/v3\\\/el-papa-francisco-llamo-a-alimentar-la-esperanza-del-manana-aliviando-el-dolor-de-hoy\\\/#primaryimage\",\"url\":\"https:\\\/\\\/cvinoticias.com\\\/wp-content\\\/uploads\\\/2021\\\/11\\\/IMG-20211112-WA0067.jpg\",\"contentUrl\":\"https:\\\/\\\/cvinoticias.com\\\/wp-content\\\/uploads\\\/2021\\\/11\\\/IMG-20211112-WA0067.jpg\",\"width\":1080,\"height\":854},{\"@type\":\"BreadcrumbList\",\"@id\":\"https:\\\/\\\/cvinoticias.com\\\/v3\\\/el-papa-francisco-llamo-a-alimentar-la-esperanza-del-manana-aliviando-el-dolor-de-hoy\\\/#breadcrumb\",\"itemListElement\":[{\"@type\":\"ListItem\",\"position\":1,\"name\":\"Portada\",\"item\":\"https:\\\/\\\/cvinoticias.com\\\/v3\\\/\"},{\"@type\":\"ListItem\",\"position\":2,\"name\":\"El Papa Francisco llam\u00f3 a alimentar la esperanza del ma\u00f1ana aliviando el dolor de hoy\"}]},{\"@type\":\"WebSite\",\"@id\":\"https:\\\/\\\/cvinoticias.com\\\/v3\\\/#website\",\"url\":\"https:\\\/\\\/cvinoticias.com\\\/v3\\\/\",\"name\":\"CVI NOTICIAS\",\"description\":\"\",\"publisher\":{\"@id\":\"https:\\\/\\\/cvinoticias.com\\\/v3\\\/#organization\"},\"alternateName\":\"CVI\",\"potentialAction\":[{\"@type\":\"SearchAction\",\"target\":{\"@type\":\"EntryPoint\",\"urlTemplate\":\"https:\\\/\\\/cvinoticias.com\\\/v3\\\/?s={search_term_string}\"},\"query-input\":{\"@type\":\"PropertyValueSpecification\",\"valueRequired\":true,\"valueName\":\"search_term_string\"}}],\"inLanguage\":\"es\"},{\"@type\":\"Organization\",\"@id\":\"https:\\\/\\\/cvinoticias.com\\\/v3\\\/#organization\",\"name\":\"CVI NOTICIAS\",\"url\":\"https:\\\/\\\/cvinoticias.com\\\/v3\\\/\",\"logo\":{\"@type\":\"ImageObject\",\"inLanguage\":\"es\",\"@id\":\"https:\\\/\\\/cvinoticias.com\\\/v3\\\/#\\\/schema\\\/logo\\\/image\\\/\",\"url\":\"https:\\\/\\\/cvinoticias.com\\\/wp-content\\\/uploads\\\/2023\\\/04\\\/cropped-cropped-cropped-cropped-cropped-3-1.png\",\"contentUrl\":\"https:\\\/\\\/cvinoticias.com\\\/wp-content\\\/uploads\\\/2023\\\/04\\\/cropped-cropped-cropped-cropped-cropped-3-1.png\",\"width\":95,\"height\":122,\"caption\":\"CVI NOTICIAS\"},\"image\":{\"@id\":\"https:\\\/\\\/cvinoticias.com\\\/v3\\\/#\\\/schema\\\/logo\\\/image\\\/\"},\"sameAs\":[\"https:\\\/\\\/www.facebook.com\\\/cvinoticias\",\"https:\\\/\\\/www.instagram.com\\\/cvinoticias\\\/\",\"https:\\\/\\\/www.youtube.com\\\/@CVINOTICIAS\"]},{\"@type\":\"Person\",\"@id\":\"https:\\\/\\\/cvinoticias.com\\\/v3\\\/#\\\/schema\\\/person\\\/2db77e3c6bc03c538495d7b2b8be9b66\",\"name\":\"f1000024\",\"image\":{\"@type\":\"ImageObject\",\"inLanguage\":\"es\",\"@id\":\"https:\\\/\\\/secure.gravatar.com\\\/avatar\\\/d4fe7459cfc51ff5129ce1a732bbef5928568b8092d412ef95611616376bbeed?s=96&d=mm&r=g\",\"url\":\"https:\\\/\\\/secure.gravatar.com\\\/avatar\\\/d4fe7459cfc51ff5129ce1a732bbef5928568b8092d412ef95611616376bbeed?s=96&d=mm&r=g\",\"contentUrl\":\"https:\\\/\\\/secure.gravatar.com\\\/avatar\\\/d4fe7459cfc51ff5129ce1a732bbef5928568b8092d412ef95611616376bbeed?s=96&d=mm&r=g\",\"caption\":\"f1000024\"},\"url\":\"https:\\\/\\\/cvinoticias.com\\\/v3\\\/author\\\/f1000024\\\/\"}]}<\/script>\n<!-- \/ Yoast SEO plugin. -->","yoast_head_json":{"title":"El Papa Francisco llam\u00f3 a alimentar la esperanza del ma\u00f1ana aliviando el dolor de hoy | CVI NOTICIAS","robots":{"index":"index","follow":"follow","max-snippet":"max-snippet:-1","max-image-preview":"max-image-preview:large","max-video-preview":"max-video-preview:-1"},"canonical":"https:\/\/cvinoticias.com\/v3\/el-papa-francisco-llamo-a-alimentar-la-esperanza-del-manana-aliviando-el-dolor-de-hoy\/","og_locale":"es_ES","og_type":"article","og_title":"El Papa Francisco llam\u00f3 a alimentar la esperanza del ma\u00f1ana aliviando el dolor de hoy | CVI NOTICIAS","og_description":"El Papa Francisco exhort\u00f3 este domingo a la feligres\u00eda a \u00abalimentar la esperanza del ma\u00f1ana aliviando el dolor de hoy\u00bb con \u00abdecisiones y acciones. El Papa Francisco exhort\u00f3 a la feligres\u00eda a \u00abalimentar la esperanza del ma\u00f1ana aliviando el dolor de hoy\u00bb con \u00abdecisiones y acciones concretas\u00bb para ayudar a los m\u00e1s vulnerables, en el [&hellip;]","og_url":"https:\/\/cvinoticias.com\/v3\/el-papa-francisco-llamo-a-alimentar-la-esperanza-del-manana-aliviando-el-dolor-de-hoy\/","og_site_name":"CVI NOTICIAS","article_publisher":"https:\/\/www.facebook.com\/cvinoticias","article_published_time":"2021-11-15T09:37:02+00:00","og_image":[{"width":1080,"height":854,"url":"https:\/\/cvinoticias.com\/wp-content\/uploads\/2021\/11\/IMG-20211112-WA0067.jpg","type":"image\/jpeg"}],"author":"f1000024","twitter_card":"summary_large_image","twitter_misc":{"Escrito por":"f1000024","Tiempo de lectura":"2 minutos"},"schema":{"@context":"https:\/\/schema.org","@graph":[{"@type":"Article","@id":"https:\/\/cvinoticias.com\/v3\/el-papa-francisco-llamo-a-alimentar-la-esperanza-del-manana-aliviando-el-dolor-de-hoy\/#article","isPartOf":{"@id":"https:\/\/cvinoticias.com\/v3\/el-papa-francisco-llamo-a-alimentar-la-esperanza-del-manana-aliviando-el-dolor-de-hoy\/"},"author":{"name":"f1000024","@id":"https:\/\/cvinoticias.com\/v3\/#\/schema\/person\/2db77e3c6bc03c538495d7b2b8be9b66"},"headline":"El Papa Francisco llam\u00f3 a alimentar la esperanza del ma\u00f1ana aliviando el dolor de hoy","datePublished":"2021-11-15T09:37:02+00:00","mainEntityOfPage":{"@id":"https:\/\/cvinoticias.com\/v3\/el-papa-francisco-llamo-a-alimentar-la-esperanza-del-manana-aliviando-el-dolor-de-hoy\/"},"wordCount":461,"commentCount":0,"publisher":{"@id":"https:\/\/cvinoticias.com\/v3\/#organization"},"image":{"@id":"https:\/\/cvinoticias.com\/v3\/el-papa-francisco-llamo-a-alimentar-la-esperanza-del-manana-aliviando-el-dolor-de-hoy\/#primaryimage"},"thumbnailUrl":"https:\/\/cvinoticias.com\/wp-content\/uploads\/2021\/11\/IMG-20211112-WA0067.jpg","articleSection":["Sociedad"],"inLanguage":"es","potentialAction":[{"@type":"CommentAction","name":"Comment","target":["https:\/\/cvinoticias.com\/v3\/el-papa-francisco-llamo-a-alimentar-la-esperanza-del-manana-aliviando-el-dolor-de-hoy\/#respond"]}]},{"@type":"WebPage","@id":"https:\/\/cvinoticias.com\/v3\/el-papa-francisco-llamo-a-alimentar-la-esperanza-del-manana-aliviando-el-dolor-de-hoy\/","url":"https:\/\/cvinoticias.com\/v3\/el-papa-francisco-llamo-a-alimentar-la-esperanza-del-manana-aliviando-el-dolor-de-hoy\/","name":"El Papa Francisco llam\u00f3 a alimentar la esperanza del ma\u00f1ana aliviando el dolor de hoy | CVI NOTICIAS","isPartOf":{"@id":"https:\/\/cvinoticias.com\/v3\/#website"},"primaryImageOfPage":{"@id":"https:\/\/cvinoticias.com\/v3\/el-papa-francisco-llamo-a-alimentar-la-esperanza-del-manana-aliviando-el-dolor-de-hoy\/#primaryimage"},"image":{"@id":"https:\/\/cvinoticias.com\/v3\/el-papa-francisco-llamo-a-alimentar-la-esperanza-del-manana-aliviando-el-dolor-de-hoy\/#primaryimage"},"thumbnailUrl":"https:\/\/cvinoticias.com\/wp-content\/uploads\/2021\/11\/IMG-20211112-WA0067.jpg","datePublished":"2021-11-15T09:37:02+00:00","breadcrumb":{"@id":"https:\/\/cvinoticias.com\/v3\/el-papa-francisco-llamo-a-alimentar-la-esperanza-del-manana-aliviando-el-dolor-de-hoy\/#breadcrumb"},"inLanguage":"es","potentialAction":[{"@type":"ReadAction","target":["https:\/\/cvinoticias.com\/v3\/el-papa-francisco-llamo-a-alimentar-la-esperanza-del-manana-aliviando-el-dolor-de-hoy\/"]}]},{"@type":"ImageObject","inLanguage":"es","@id":"https:\/\/cvinoticias.com\/v3\/el-papa-francisco-llamo-a-alimentar-la-esperanza-del-manana-aliviando-el-dolor-de-hoy\/#primaryimage","url":"https:\/\/cvinoticias.com\/wp-content\/uploads\/2021\/11\/IMG-20211112-WA0067.jpg","contentUrl":"https:\/\/cvinoticias.com\/wp-content\/uploads\/2021\/11\/IMG-20211112-WA0067.jpg","width":1080,"height":854},{"@type":"BreadcrumbList","@id":"https:\/\/cvinoticias.com\/v3\/el-papa-francisco-llamo-a-alimentar-la-esperanza-del-manana-aliviando-el-dolor-de-hoy\/#breadcrumb","itemListElement":[{"@type":"ListItem","position":1,"name":"Portada","item":"https:\/\/cvinoticias.com\/v3\/"},{"@type":"ListItem","position":2,"name":"El Papa Francisco llam\u00f3 a alimentar la esperanza del ma\u00f1ana aliviando el dolor de hoy"}]},{"@type":"WebSite","@id":"https:\/\/cvinoticias.com\/v3\/#website","url":"https:\/\/cvinoticias.com\/v3\/","name":"CVI NOTICIAS","description":"","publisher":{"@id":"https:\/\/cvinoticias.com\/v3\/#organization"},"alternateName":"CVI","potentialAction":[{"@type":"SearchAction","target":{"@type":"EntryPoint","urlTemplate":"https:\/\/cvinoticias.com\/v3\/?s={search_term_string}"},"query-input":{"@type":"PropertyValueSpecification","valueRequired":true,"valueName":"search_term_string"}}],"inLanguage":"es"},{"@type":"Organization","@id":"https:\/\/cvinoticias.com\/v3\/#organization","name":"CVI NOTICIAS","url":"https:\/\/cvinoticias.com\/v3\/","logo":{"@type":"ImageObject","inLanguage":"es","@id":"https:\/\/cvinoticias.com\/v3\/#\/schema\/logo\/image\/","url":"https:\/\/cvinoticias.com\/wp-content\/uploads\/2023\/04\/cropped-cropped-cropped-cropped-cropped-3-1.png","contentUrl":"https:\/\/cvinoticias.com\/wp-content\/uploads\/2023\/04\/cropped-cropped-cropped-cropped-cropped-3-1.png","width":95,"height":122,"caption":"CVI NOTICIAS"},"image":{"@id":"https:\/\/cvinoticias.com\/v3\/#\/schema\/logo\/image\/"},"sameAs":["https:\/\/www.facebook.com\/cvinoticias","https:\/\/www.instagram.com\/cvinoticias\/","https:\/\/www.youtube.com\/@CVINOTICIAS"]},{"@type":"Person","@id":"https:\/\/cvinoticias.com\/v3\/#\/schema\/person\/2db77e3c6bc03c538495d7b2b8be9b66","name":"f1000024","image":{"@type":"ImageObject","inLanguage":"es","@id":"https:\/\/secure.gravatar.com\/avatar\/d4fe7459cfc51ff5129ce1a732bbef5928568b8092d412ef95611616376bbeed?s=96&d=mm&r=g","url":"https:\/\/secure.gravatar.com\/avatar\/d4fe7459cfc51ff5129ce1a732bbef5928568b8092d412ef95611616376bbeed?s=96&d=mm&r=g","contentUrl":"https:\/\/secure.gravatar.com\/avatar\/d4fe7459cfc51ff5129ce1a732bbef5928568b8092d412ef95611616376bbeed?s=96&d=mm&r=g","caption":"f1000024"},"url":"https:\/\/cvinoticias.com\/v3\/author\/f1000024\/"}]}},"_links":{"self":[{"href":"https:\/\/cvinoticias.com\/v3\/wp-json\/wp\/v2\/posts\/10632","targetHints":{"allow":["GET"]}}],"collection":[{"href":"https:\/\/cvinoticias.com\/v3\/wp-json\/wp\/v2\/posts"}],"about":[{"href":"https:\/\/cvinoticias.com\/v3\/wp-json\/wp\/v2\/types\/post"}],"author":[{"embeddable":true,"href":"https:\/\/cvinoticias.com\/v3\/wp-json\/wp\/v2\/users\/2"}],"replies":[{"embeddable":true,"href":"https:\/\/cvinoticias.com\/v3\/wp-json\/wp\/v2\/comments?post=10632"}],"version-history":[{"count":1,"href":"https:\/\/cvinoticias.com\/v3\/wp-json\/wp\/v2\/posts\/10632\/revisions"}],"predecessor-version":[{"id":10634,"href":"https:\/\/cvinoticias.com\/v3\/wp-json\/wp\/v2\/posts\/10632\/revisions\/10634"}],"wp:featuredmedia":[{"embeddable":true,"href":"https:\/\/cvinoticias.com\/v3\/wp-json\/wp\/v2\/media\/10633"}],"wp:attachment":[{"href":"https:\/\/cvinoticias.com\/v3\/wp-json\/wp\/v2\/media?parent=10632"}],"wp:term":[{"taxonomy":"category","embeddable":true,"href":"https:\/\/cvinoticias.com\/v3\/wp-json\/wp\/v2\/categories?post=10632"},{"taxonomy":"post_tag","embeddable":true,"href":"https:\/\/cvinoticias.com\/v3\/wp-json\/wp\/v2\/tags?post=10632"}],"curies":[{"name":"wp","href":"https:\/\/api.w.org\/{rel}","templated":true}]}}