{"id":10619,"date":"2021-11-15T04:09:00","date_gmt":"2021-11-15T04:09:00","guid":{"rendered":"https:\/\/cvinoticias.com\/v3\/?p=10619"},"modified":"2021-11-15T04:09:00","modified_gmt":"2021-11-15T04:09:00","slug":"victoria-de-juntos-por-el-cambio-a-nivel-nacional-el-gobierno-achico-la-diferencia-pero-no-le-alcanzo","status":"publish","type":"post","link":"https:\/\/cvinoticias.com\/v3\/victoria-de-juntos-por-el-cambio-a-nivel-nacional-el-gobierno-achico-la-diferencia-pero-no-le-alcanzo\/","title":{"rendered":"Victoria de Juntos por el Cambio a nivel nacional: el Gobierno achic\u00f3 la diferencia pero no le alcanz\u00f3"},"content":{"rendered":"\n<p><em><strong>El frente opositor, que ahora ganar\u00e1 terreno en Diputados y el Senado, reedit\u00f3 las victorias en Buenos Aires, CABA, C\u00f3rdoba, Santa Fe y Mendoza, los distritos de mayor peso electoral. El oficialismo logr\u00f3, por su parte, recortar la diferencia en PBA.<\/strong><\/em><\/p>\n\n\n\n<p>Juntos por el Cambio se impon\u00eda este domingo en los principales distritos del pa\u00eds y en algunos obten\u00eda un mejor resultado que en las PASO, elecci\u00f3n que el Gobierno busc\u00f3 revertir sin \u00e9xito, lo que le valdr\u00e1 un escenario de extrema polarizaci\u00f3n en el Congreso a partir del 10 de diciembre.<br><br>El frente opositor, que ahora ganar\u00e1 terreno en Diputados y el Senado, reedit\u00f3 las victorias en Buenos Aires, CABA, C\u00f3rdoba, Santa Fe y Mendoza, los distritos de mayor peso electoral.<br><br>Por su parte, el Frente de Todos no logr\u00f3 su objetivo de dar vuelta resultados para lograr mantener la mayor\u00eda en la C\u00e1mara Alta y una posici\u00f3n privilegiada en Diputados, aunque s\u00ed pudo recortar la diferencia en Buenos Aires. Adem\u00e1s, revirti\u00f3 la derrota de Chaco.<br><br>Los b\u00fankers de Juntos por el Cambio se manten\u00edan en un clima de festejo, con triunfos tambi\u00e9n en Jujuy, La Pampa, Chubut, Corrientes, Entre R\u00edos, Misiones, San Luis y Santa Cruz. En el comando de campa\u00f1a del oficialismo, ubicado en el barrio porte\u00f1o de Chacarita, se aguardaba la llegada del presidente Alberto Fern\u00e1ndez y la vicepresidenta Cristina Kirchner ya anticip\u00f3 que no acudir\u00e1.<\/p>\n","protected":false},"excerpt":{"rendered":"<p>El frente opositor, que ahora ganar\u00e1 terreno en Diputados y el Senado, reedit\u00f3 las victorias en Buenos Aires, CABA, C\u00f3rdoba, Santa Fe y Mendoza, los distritos de mayor peso electoral. El oficialismo logr\u00f3, por su parte, recortar la diferencia en PBA. Juntos por el Cambio se impon\u00eda este domingo en los principales distritos del pa\u00eds [&hellip;]<\/p>\n","protected":false},"author":2,"featured_media":10620,"comment_status":"open","ping_status":"open","sticky":false,"template":"","format":"standard","meta":{"footnotes":""},"categories":[39],"tags":[],"class_list":["post-10619","post","type-post","status-publish","format-standard","has-post-thumbnail","hentry","category-nacionales"],"yoast_head":"<!-- This site is optimized with the Yoast SEO plugin v27.5 - https:\/\/yoast.com\/product\/yoast-seo-wordpress\/ -->\n<title>Victoria de Juntos por el Cambio a nivel nacional: el Gobierno achic\u00f3 la diferencia pero no le alcanz\u00f3 | CVI NOTICIAS<\/title>\n<meta name=\"robots\" content=\"index, follow, max-snippet:-1, max-image-preview:large, max-video-preview:-1\" \/>\n<link rel=\"canonical\" href=\"https:\/\/cvinoticias.com\/v3\/victoria-de-juntos-por-el-cambio-a-nivel-nacional-el-gobierno-achico-la-diferencia-pero-no-le-alcanzo\/\" \/>\n<meta property=\"og:locale\" content=\"es_ES\" \/>\n<meta property=\"og:type\" content=\"article\" \/>\n<meta property=\"og:title\" content=\"Victoria de Juntos por el Cambio a nivel nacional: el Gobierno achic\u00f3 la diferencia pero no le alcanz\u00f3 | CVI NOTICIAS\" \/>\n<meta property=\"og:description\" content=\"El frente opositor, que ahora ganar\u00e1 terreno en Diputados y el Senado, reedit\u00f3 las victorias en Buenos Aires, CABA, C\u00f3rdoba, Santa Fe y Mendoza, los distritos de mayor peso electoral. El oficialismo logr\u00f3, por su parte, recortar la diferencia en PBA. Juntos por el Cambio se impon\u00eda este domingo en los principales distritos del pa\u00eds [&hellip;]\" \/>\n<meta property=\"og:url\" content=\"https:\/\/cvinoticias.com\/v3\/victoria-de-juntos-por-el-cambio-a-nivel-nacional-el-gobierno-achico-la-diferencia-pero-no-le-alcanzo\/\" \/>\n<meta property=\"og:site_name\" content=\"CVI NOTICIAS\" \/>\n<meta property=\"article:publisher\" content=\"https:\/\/www.facebook.com\/cvinoticias\" \/>\n<meta property=\"article:published_time\" content=\"2021-11-15T04:09:00+00:00\" \/>\n<meta property=\"og:image\" content=\"https:\/\/cvinoticias.com\/wp-content\/uploads\/2021\/11\/vidallarreta.jpeg\" \/>\n\t<meta property=\"og:image:width\" content=\"1280\" \/>\n\t<meta property=\"og:image:height\" content=\"853\" \/>\n\t<meta property=\"og:image:type\" content=\"image\/jpeg\" \/>\n<meta name=\"author\" content=\"f1000024\" \/>\n<meta name=\"twitter:card\" content=\"summary_large_image\" \/>\n<meta name=\"twitter:label1\" content=\"Escrito por\" \/>\n\t<meta name=\"twitter:data1\" content=\"f1000024\" \/>\n\t<meta name=\"twitter:label2\" content=\"Tiempo de lectura\" \/>\n\t<meta name=\"twitter:data2\" content=\"1 minuto\" \/>\n<script type=\"application\/ld+json\" class=\"yoast-schema-graph\">{\"@context\":\"https:\\\/\\\/schema.org\",\"@graph\":[{\"@type\":\"Article\",\"@id\":\"https:\\\/\\\/cvinoticias.com\\\/v3\\\/victoria-de-juntos-por-el-cambio-a-nivel-nacional-el-gobierno-achico-la-diferencia-pero-no-le-alcanzo\\\/#article\",\"isPartOf\":{\"@id\":\"https:\\\/\\\/cvinoticias.com\\\/v3\\\/victoria-de-juntos-por-el-cambio-a-nivel-nacional-el-gobierno-achico-la-diferencia-pero-no-le-alcanzo\\\/\"},\"author\":{\"name\":\"f1000024\",\"@id\":\"https:\\\/\\\/cvinoticias.com\\\/v3\\\/#\\\/schema\\\/person\\\/2db77e3c6bc03c538495d7b2b8be9b66\"},\"headline\":\"Victoria de Juntos por el Cambio a nivel nacional: el Gobierno achic\u00f3 la diferencia pero no le alcanz\u00f3\",\"datePublished\":\"2021-11-15T04:09:00+00:00\",\"mainEntityOfPage\":{\"@id\":\"https:\\\/\\\/cvinoticias.com\\\/v3\\\/victoria-de-juntos-por-el-cambio-a-nivel-nacional-el-gobierno-achico-la-diferencia-pero-no-le-alcanzo\\\/\"},\"wordCount\":265,\"commentCount\":0,\"publisher\":{\"@id\":\"https:\\\/\\\/cvinoticias.com\\\/v3\\\/#organization\"},\"image\":{\"@id\":\"https:\\\/\\\/cvinoticias.com\\\/v3\\\/victoria-de-juntos-por-el-cambio-a-nivel-nacional-el-gobierno-achico-la-diferencia-pero-no-le-alcanzo\\\/#primaryimage\"},\"thumbnailUrl\":\"https:\\\/\\\/cvinoticias.com\\\/wp-content\\\/uploads\\\/2021\\\/11\\\/vidallarreta.jpeg\",\"articleSection\":[\"Nacionales\"],\"inLanguage\":\"es\",\"potentialAction\":[{\"@type\":\"CommentAction\",\"name\":\"Comment\",\"target\":[\"https:\\\/\\\/cvinoticias.com\\\/v3\\\/victoria-de-juntos-por-el-cambio-a-nivel-nacional-el-gobierno-achico-la-diferencia-pero-no-le-alcanzo\\\/#respond\"]}]},{\"@type\":\"WebPage\",\"@id\":\"https:\\\/\\\/cvinoticias.com\\\/v3\\\/victoria-de-juntos-por-el-cambio-a-nivel-nacional-el-gobierno-achico-la-diferencia-pero-no-le-alcanzo\\\/\",\"url\":\"https:\\\/\\\/cvinoticias.com\\\/v3\\\/victoria-de-juntos-por-el-cambio-a-nivel-nacional-el-gobierno-achico-la-diferencia-pero-no-le-alcanzo\\\/\",\"name\":\"Victoria de Juntos por el Cambio a nivel nacional: el Gobierno achic\u00f3 la diferencia pero no le alcanz\u00f3 | CVI NOTICIAS\",\"isPartOf\":{\"@id\":\"https:\\\/\\\/cvinoticias.com\\\/v3\\\/#website\"},\"primaryImageOfPage\":{\"@id\":\"https:\\\/\\\/cvinoticias.com\\\/v3\\\/victoria-de-juntos-por-el-cambio-a-nivel-nacional-el-gobierno-achico-la-diferencia-pero-no-le-alcanzo\\\/#primaryimage\"},\"image\":{\"@id\":\"https:\\\/\\\/cvinoticias.com\\\/v3\\\/victoria-de-juntos-por-el-cambio-a-nivel-nacional-el-gobierno-achico-la-diferencia-pero-no-le-alcanzo\\\/#primaryimage\"},\"thumbnailUrl\":\"https:\\\/\\\/cvinoticias.com\\\/wp-content\\\/uploads\\\/2021\\\/11\\\/vidallarreta.jpeg\",\"datePublished\":\"2021-11-15T04:09:00+00:00\",\"breadcrumb\":{\"@id\":\"https:\\\/\\\/cvinoticias.com\\\/v3\\\/victoria-de-juntos-por-el-cambio-a-nivel-nacional-el-gobierno-achico-la-diferencia-pero-no-le-alcanzo\\\/#breadcrumb\"},\"inLanguage\":\"es\",\"potentialAction\":[{\"@type\":\"ReadAction\",\"target\":[\"https:\\\/\\\/cvinoticias.com\\\/v3\\\/victoria-de-juntos-por-el-cambio-a-nivel-nacional-el-gobierno-achico-la-diferencia-pero-no-le-alcanzo\\\/\"]}]},{\"@type\":\"ImageObject\",\"inLanguage\":\"es\",\"@id\":\"https:\\\/\\\/cvinoticias.com\\\/v3\\\/victoria-de-juntos-por-el-cambio-a-nivel-nacional-el-gobierno-achico-la-diferencia-pero-no-le-alcanzo\\\/#primaryimage\",\"url\":\"https:\\\/\\\/cvinoticias.com\\\/wp-content\\\/uploads\\\/2021\\\/11\\\/vidallarreta.jpeg\",\"contentUrl\":\"https:\\\/\\\/cvinoticias.com\\\/wp-content\\\/uploads\\\/2021\\\/11\\\/vidallarreta.jpeg\",\"width\":1280,\"height\":853},{\"@type\":\"BreadcrumbList\",\"@id\":\"https:\\\/\\\/cvinoticias.com\\\/v3\\\/victoria-de-juntos-por-el-cambio-a-nivel-nacional-el-gobierno-achico-la-diferencia-pero-no-le-alcanzo\\\/#breadcrumb\",\"itemListElement\":[{\"@type\":\"ListItem\",\"position\":1,\"name\":\"Portada\",\"item\":\"https:\\\/\\\/cvinoticias.com\\\/v3\\\/\"},{\"@type\":\"ListItem\",\"position\":2,\"name\":\"Victoria de Juntos por el Cambio a nivel nacional: el Gobierno achic\u00f3 la diferencia pero no le alcanz\u00f3\"}]},{\"@type\":\"WebSite\",\"@id\":\"https:\\\/\\\/cvinoticias.com\\\/v3\\\/#website\",\"url\":\"https:\\\/\\\/cvinoticias.com\\\/v3\\\/\",\"name\":\"CVI NOTICIAS\",\"description\":\"\",\"publisher\":{\"@id\":\"https:\\\/\\\/cvinoticias.com\\\/v3\\\/#organization\"},\"alternateName\":\"CVI\",\"potentialAction\":[{\"@type\":\"SearchAction\",\"target\":{\"@type\":\"EntryPoint\",\"urlTemplate\":\"https:\\\/\\\/cvinoticias.com\\\/v3\\\/?s={search_term_string}\"},\"query-input\":{\"@type\":\"PropertyValueSpecification\",\"valueRequired\":true,\"valueName\":\"search_term_string\"}}],\"inLanguage\":\"es\"},{\"@type\":\"Organization\",\"@id\":\"https:\\\/\\\/cvinoticias.com\\\/v3\\\/#organization\",\"name\":\"CVI NOTICIAS\",\"url\":\"https:\\\/\\\/cvinoticias.com\\\/v3\\\/\",\"logo\":{\"@type\":\"ImageObject\",\"inLanguage\":\"es\",\"@id\":\"https:\\\/\\\/cvinoticias.com\\\/v3\\\/#\\\/schema\\\/logo\\\/image\\\/\",\"url\":\"https:\\\/\\\/cvinoticias.com\\\/wp-content\\\/uploads\\\/2023\\\/04\\\/cropped-cropped-cropped-cropped-cropped-3-1.png\",\"contentUrl\":\"https:\\\/\\\/cvinoticias.com\\\/wp-content\\\/uploads\\\/2023\\\/04\\\/cropped-cropped-cropped-cropped-cropped-3-1.png\",\"width\":95,\"height\":122,\"caption\":\"CVI NOTICIAS\"},\"image\":{\"@id\":\"https:\\\/\\\/cvinoticias.com\\\/v3\\\/#\\\/schema\\\/logo\\\/image\\\/\"},\"sameAs\":[\"https:\\\/\\\/www.facebook.com\\\/cvinoticias\",\"https:\\\/\\\/www.instagram.com\\\/cvinoticias\\\/\",\"https:\\\/\\\/www.youtube.com\\\/@CVINOTICIAS\"]},{\"@type\":\"Person\",\"@id\":\"https:\\\/\\\/cvinoticias.com\\\/v3\\\/#\\\/schema\\\/person\\\/2db77e3c6bc03c538495d7b2b8be9b66\",\"name\":\"f1000024\",\"image\":{\"@type\":\"ImageObject\",\"inLanguage\":\"es\",\"@id\":\"https:\\\/\\\/secure.gravatar.com\\\/avatar\\\/d4fe7459cfc51ff5129ce1a732bbef5928568b8092d412ef95611616376bbeed?s=96&d=mm&r=g\",\"url\":\"https:\\\/\\\/secure.gravatar.com\\\/avatar\\\/d4fe7459cfc51ff5129ce1a732bbef5928568b8092d412ef95611616376bbeed?s=96&d=mm&r=g\",\"contentUrl\":\"https:\\\/\\\/secure.gravatar.com\\\/avatar\\\/d4fe7459cfc51ff5129ce1a732bbef5928568b8092d412ef95611616376bbeed?s=96&d=mm&r=g\",\"caption\":\"f1000024\"},\"url\":\"https:\\\/\\\/cvinoticias.com\\\/v3\\\/author\\\/f1000024\\\/\"}]}<\/script>\n<!-- \/ Yoast SEO plugin. -->","yoast_head_json":{"title":"Victoria de Juntos por el Cambio a nivel nacional: el Gobierno achic\u00f3 la diferencia pero no le alcanz\u00f3 | CVI NOTICIAS","robots":{"index":"index","follow":"follow","max-snippet":"max-snippet:-1","max-image-preview":"max-image-preview:large","max-video-preview":"max-video-preview:-1"},"canonical":"https:\/\/cvinoticias.com\/v3\/victoria-de-juntos-por-el-cambio-a-nivel-nacional-el-gobierno-achico-la-diferencia-pero-no-le-alcanzo\/","og_locale":"es_ES","og_type":"article","og_title":"Victoria de Juntos por el Cambio a nivel nacional: el Gobierno achic\u00f3 la diferencia pero no le alcanz\u00f3 | CVI NOTICIAS","og_description":"El frente opositor, que ahora ganar\u00e1 terreno en Diputados y el Senado, reedit\u00f3 las victorias en Buenos Aires, CABA, C\u00f3rdoba, Santa Fe y Mendoza, los distritos de mayor peso electoral. El oficialismo logr\u00f3, por su parte, recortar la diferencia en PBA. Juntos por el Cambio se impon\u00eda este domingo en los principales distritos del pa\u00eds [&hellip;]","og_url":"https:\/\/cvinoticias.com\/v3\/victoria-de-juntos-por-el-cambio-a-nivel-nacional-el-gobierno-achico-la-diferencia-pero-no-le-alcanzo\/","og_site_name":"CVI NOTICIAS","article_publisher":"https:\/\/www.facebook.com\/cvinoticias","article_published_time":"2021-11-15T04:09:00+00:00","og_image":[{"width":1280,"height":853,"url":"https:\/\/cvinoticias.com\/wp-content\/uploads\/2021\/11\/vidallarreta.jpeg","type":"image\/jpeg"}],"author":"f1000024","twitter_card":"summary_large_image","twitter_misc":{"Escrito por":"f1000024","Tiempo de lectura":"1 minuto"},"schema":{"@context":"https:\/\/schema.org","@graph":[{"@type":"Article","@id":"https:\/\/cvinoticias.com\/v3\/victoria-de-juntos-por-el-cambio-a-nivel-nacional-el-gobierno-achico-la-diferencia-pero-no-le-alcanzo\/#article","isPartOf":{"@id":"https:\/\/cvinoticias.com\/v3\/victoria-de-juntos-por-el-cambio-a-nivel-nacional-el-gobierno-achico-la-diferencia-pero-no-le-alcanzo\/"},"author":{"name":"f1000024","@id":"https:\/\/cvinoticias.com\/v3\/#\/schema\/person\/2db77e3c6bc03c538495d7b2b8be9b66"},"headline":"Victoria de Juntos por el Cambio a nivel nacional: el Gobierno achic\u00f3 la diferencia pero no le alcanz\u00f3","datePublished":"2021-11-15T04:09:00+00:00","mainEntityOfPage":{"@id":"https:\/\/cvinoticias.com\/v3\/victoria-de-juntos-por-el-cambio-a-nivel-nacional-el-gobierno-achico-la-diferencia-pero-no-le-alcanzo\/"},"wordCount":265,"commentCount":0,"publisher":{"@id":"https:\/\/cvinoticias.com\/v3\/#organization"},"image":{"@id":"https:\/\/cvinoticias.com\/v3\/victoria-de-juntos-por-el-cambio-a-nivel-nacional-el-gobierno-achico-la-diferencia-pero-no-le-alcanzo\/#primaryimage"},"thumbnailUrl":"https:\/\/cvinoticias.com\/wp-content\/uploads\/2021\/11\/vidallarreta.jpeg","articleSection":["Nacionales"],"inLanguage":"es","potentialAction":[{"@type":"CommentAction","name":"Comment","target":["https:\/\/cvinoticias.com\/v3\/victoria-de-juntos-por-el-cambio-a-nivel-nacional-el-gobierno-achico-la-diferencia-pero-no-le-alcanzo\/#respond"]}]},{"@type":"WebPage","@id":"https:\/\/cvinoticias.com\/v3\/victoria-de-juntos-por-el-cambio-a-nivel-nacional-el-gobierno-achico-la-diferencia-pero-no-le-alcanzo\/","url":"https:\/\/cvinoticias.com\/v3\/victoria-de-juntos-por-el-cambio-a-nivel-nacional-el-gobierno-achico-la-diferencia-pero-no-le-alcanzo\/","name":"Victoria de Juntos por el Cambio a nivel nacional: el Gobierno achic\u00f3 la diferencia pero no le alcanz\u00f3 | CVI NOTICIAS","isPartOf":{"@id":"https:\/\/cvinoticias.com\/v3\/#website"},"primaryImageOfPage":{"@id":"https:\/\/cvinoticias.com\/v3\/victoria-de-juntos-por-el-cambio-a-nivel-nacional-el-gobierno-achico-la-diferencia-pero-no-le-alcanzo\/#primaryimage"},"image":{"@id":"https:\/\/cvinoticias.com\/v3\/victoria-de-juntos-por-el-cambio-a-nivel-nacional-el-gobierno-achico-la-diferencia-pero-no-le-alcanzo\/#primaryimage"},"thumbnailUrl":"https:\/\/cvinoticias.com\/wp-content\/uploads\/2021\/11\/vidallarreta.jpeg","datePublished":"2021-11-15T04:09:00+00:00","breadcrumb":{"@id":"https:\/\/cvinoticias.com\/v3\/victoria-de-juntos-por-el-cambio-a-nivel-nacional-el-gobierno-achico-la-diferencia-pero-no-le-alcanzo\/#breadcrumb"},"inLanguage":"es","potentialAction":[{"@type":"ReadAction","target":["https:\/\/cvinoticias.com\/v3\/victoria-de-juntos-por-el-cambio-a-nivel-nacional-el-gobierno-achico-la-diferencia-pero-no-le-alcanzo\/"]}]},{"@type":"ImageObject","inLanguage":"es","@id":"https:\/\/cvinoticias.com\/v3\/victoria-de-juntos-por-el-cambio-a-nivel-nacional-el-gobierno-achico-la-diferencia-pero-no-le-alcanzo\/#primaryimage","url":"https:\/\/cvinoticias.com\/wp-content\/uploads\/2021\/11\/vidallarreta.jpeg","contentUrl":"https:\/\/cvinoticias.com\/wp-content\/uploads\/2021\/11\/vidallarreta.jpeg","width":1280,"height":853},{"@type":"BreadcrumbList","@id":"https:\/\/cvinoticias.com\/v3\/victoria-de-juntos-por-el-cambio-a-nivel-nacional-el-gobierno-achico-la-diferencia-pero-no-le-alcanzo\/#breadcrumb","itemListElement":[{"@type":"ListItem","position":1,"name":"Portada","item":"https:\/\/cvinoticias.com\/v3\/"},{"@type":"ListItem","position":2,"name":"Victoria de Juntos por el Cambio a nivel nacional: el Gobierno achic\u00f3 la diferencia pero no le alcanz\u00f3"}]},{"@type":"WebSite","@id":"https:\/\/cvinoticias.com\/v3\/#website","url":"https:\/\/cvinoticias.com\/v3\/","name":"CVI NOTICIAS","description":"","publisher":{"@id":"https:\/\/cvinoticias.com\/v3\/#organization"},"alternateName":"CVI","potentialAction":[{"@type":"SearchAction","target":{"@type":"EntryPoint","urlTemplate":"https:\/\/cvinoticias.com\/v3\/?s={search_term_string}"},"query-input":{"@type":"PropertyValueSpecification","valueRequired":true,"valueName":"search_term_string"}}],"inLanguage":"es"},{"@type":"Organization","@id":"https:\/\/cvinoticias.com\/v3\/#organization","name":"CVI NOTICIAS","url":"https:\/\/cvinoticias.com\/v3\/","logo":{"@type":"ImageObject","inLanguage":"es","@id":"https:\/\/cvinoticias.com\/v3\/#\/schema\/logo\/image\/","url":"https:\/\/cvinoticias.com\/wp-content\/uploads\/2023\/04\/cropped-cropped-cropped-cropped-cropped-3-1.png","contentUrl":"https:\/\/cvinoticias.com\/wp-content\/uploads\/2023\/04\/cropped-cropped-cropped-cropped-cropped-3-1.png","width":95,"height":122,"caption":"CVI NOTICIAS"},"image":{"@id":"https:\/\/cvinoticias.com\/v3\/#\/schema\/logo\/image\/"},"sameAs":["https:\/\/www.facebook.com\/cvinoticias","https:\/\/www.instagram.com\/cvinoticias\/","https:\/\/www.youtube.com\/@CVINOTICIAS"]},{"@type":"Person","@id":"https:\/\/cvinoticias.com\/v3\/#\/schema\/person\/2db77e3c6bc03c538495d7b2b8be9b66","name":"f1000024","image":{"@type":"ImageObject","inLanguage":"es","@id":"https:\/\/secure.gravatar.com\/avatar\/d4fe7459cfc51ff5129ce1a732bbef5928568b8092d412ef95611616376bbeed?s=96&d=mm&r=g","url":"https:\/\/secure.gravatar.com\/avatar\/d4fe7459cfc51ff5129ce1a732bbef5928568b8092d412ef95611616376bbeed?s=96&d=mm&r=g","contentUrl":"https:\/\/secure.gravatar.com\/avatar\/d4fe7459cfc51ff5129ce1a732bbef5928568b8092d412ef95611616376bbeed?s=96&d=mm&r=g","caption":"f1000024"},"url":"https:\/\/cvinoticias.com\/v3\/author\/f1000024\/"}]}},"_links":{"self":[{"href":"https:\/\/cvinoticias.com\/v3\/wp-json\/wp\/v2\/posts\/10619","targetHints":{"allow":["GET"]}}],"collection":[{"href":"https:\/\/cvinoticias.com\/v3\/wp-json\/wp\/v2\/posts"}],"about":[{"href":"https:\/\/cvinoticias.com\/v3\/wp-json\/wp\/v2\/types\/post"}],"author":[{"embeddable":true,"href":"https:\/\/cvinoticias.com\/v3\/wp-json\/wp\/v2\/users\/2"}],"replies":[{"embeddable":true,"href":"https:\/\/cvinoticias.com\/v3\/wp-json\/wp\/v2\/comments?post=10619"}],"version-history":[{"count":1,"href":"https:\/\/cvinoticias.com\/v3\/wp-json\/wp\/v2\/posts\/10619\/revisions"}],"predecessor-version":[{"id":10621,"href":"https:\/\/cvinoticias.com\/v3\/wp-json\/wp\/v2\/posts\/10619\/revisions\/10621"}],"wp:featuredmedia":[{"embeddable":true,"href":"https:\/\/cvinoticias.com\/v3\/wp-json\/wp\/v2\/media\/10620"}],"wp:attachment":[{"href":"https:\/\/cvinoticias.com\/v3\/wp-json\/wp\/v2\/media?parent=10619"}],"wp:term":[{"taxonomy":"category","embeddable":true,"href":"https:\/\/cvinoticias.com\/v3\/wp-json\/wp\/v2\/categories?post=10619"},{"taxonomy":"post_tag","embeddable":true,"href":"https:\/\/cvinoticias.com\/v3\/wp-json\/wp\/v2\/tags?post=10619"}],"curies":[{"name":"wp","href":"https:\/\/api.w.org\/{rel}","templated":true}]}}