{"id":10597,"date":"2021-11-14T16:45:31","date_gmt":"2021-11-14T16:45:31","guid":{"rendered":"https:\/\/cvinoticias.com\/v3\/?p=10597"},"modified":"2021-11-14T16:45:31","modified_gmt":"2021-11-14T16:45:31","slug":"que-pasa-si-no-voy-a-votar-este-domingo","status":"publish","type":"post","link":"https:\/\/cvinoticias.com\/v3\/que-pasa-si-no-voy-a-votar-este-domingo\/","title":{"rendered":"\u00bfQu\u00e9 pasa si no voy a votar este domingo?"},"content":{"rendered":"\n<p><strong><em>Los ciudadanos que no concurran a votar en las elecciones generales deben explicar la raz\u00f3n de su ausencia para no tener que afrontar infracciones en el futuro.<\/em><\/strong><\/p>\n\n\n\n<p>Los ciudadanos que no concurran a votar este domingo en las elecciones legislativas generales\u00a0deber\u00e1n justificar la no emisi\u00f3n del sufragio mediante un tr\u00e1mite en la Justicia Electoral, dentro de los 60 d\u00edas posteriores a los comicios.<\/p>\n\n\n\n<p>El tr\u00e1mite de justificaci\u00f3n de la no emisi\u00f3n del voto es de manera digital mediante la carga de datos en el Registro Nacional de Infractores al Deber de Votar.\u00a0All\u00ed el ciudadano tiene que indicar el n\u00famero de DNI, sexo y distrito para iniciar la gesti\u00f3n y luego, de acuerdo a la raz\u00f3n espec\u00edfica por la que no se pudo votar, deber\u00e1 subir el documento que avala la ausencia.<\/p>\n\n\n\n<p>La C\u00e1mara Nacional Electoral (CNE) se\u00f1ala que\u00a0\u201cse impondr\u00e1 multa de $50 a $500 al elector mayor de 18 y menor de setenta 70 a\u00f1os que dejare de emitir su voto y no se justificare ante la justicia nacional electoral dentro de los 60 d\u00edas de la respectiva elecci\u00f3n\u201d.<\/p>\n\n\n\n<p>Adem\u00e1s, quienes no realicen el tr\u00e1mite de justificaci\u00f3n\u00a0se ver\u00e1n inhabilitados para presentarse a cargos electivos por tres a\u00f1os.<\/p>\n\n\n\n<p>En caso de que transcurra un plazo de 60 d\u00edas desde las elecciones sin haber pagado la multa, al no votante le corresponder\u00e1 tambi\u00e9n la imposibilidad de realizar tr\u00e1mites a nivel nacional, provincial y municipal por un a\u00f1o.<\/p>\n\n\n\n<p>Quienes por alg\u00fan motivo no hayan podido votar en las PASO, podr\u00e1n hacerlo en las elecciones generales sin inconvenientes.<\/p>\n\n\n\n<p>En cuanto a la justificaci\u00f3n de la ausencia en la instancia electoral del 12 de septiembre, ya cerr\u00f3 el plazo el pasado jueves para presentar la documentaci\u00f3n correspondiente, por lo que deber\u00e1n abonarse las multas que no hayan sido apeladas.<\/p>\n\n\n\n<p>A las justificaciones de no emisi\u00f3n del voto que est\u00e1n comprendidas dentro de las previsiones del art\u00edculo 12 del C\u00f3digo Electoral Nacional,\u00a0esta vez se suman las ausencias por coronavirus o por tratarse de un caso sospechoso.<\/p>\n\n\n\n<p>En tanto, el resto de las justificaciones son las de siempre, como el caso de aquellos que el d\u00eda de la elecci\u00f3n se encuentren a m\u00e1s de quinientos (500) kil\u00f3metros del lugar donde deban votar. Deber\u00e1n dar cuenta de la situaci\u00f3n y obtener el certificado en la comisar\u00eda m\u00e1s pr\u00f3xima y luego subir la documentaci\u00f3n en el sitio web de la CNE.<\/p>\n\n\n\n<p>Los enfermos o imposibilitados por fuerza mayor, suficientemente comprobada, que les impida asistir al acto: estas causales deber\u00e1n ser justificadas en primer t\u00e9rmino por m\u00e9dicos del servicio de sanidad nacional; en su defecto por m\u00e9dicos oficiales, provinciales o municipales, y en ausencia de \u00e9stos por m\u00e9dicos particulares.<\/p>\n\n\n\n<p>Tambi\u00e9n esta el caso del personal de organismos y empresas de servicios p\u00fablicos que por razones atinentes a su cumplimiento deban realizar tareas que le impidan asistir a los comicios durante su desarrollo.<\/p>\n","protected":false},"excerpt":{"rendered":"<p>Los ciudadanos que no concurran a votar en las elecciones generales deben explicar la raz\u00f3n de su ausencia para no tener que afrontar infracciones en el futuro. Los ciudadanos que no concurran a votar este domingo en las elecciones legislativas generales\u00a0deber\u00e1n justificar la no emisi\u00f3n del sufragio mediante un tr\u00e1mite en la Justicia Electoral, dentro [&hellip;]<\/p>\n","protected":false},"author":2,"featured_media":10598,"comment_status":"open","ping_status":"open","sticky":false,"template":"","format":"standard","meta":{"footnotes":""},"categories":[42],"tags":[],"class_list":["post-10597","post","type-post","status-publish","format-standard","has-post-thumbnail","hentry","category-politica"],"yoast_head":"<!-- This site is optimized with the Yoast SEO plugin v27.5 - https:\/\/yoast.com\/product\/yoast-seo-wordpress\/ -->\n<title>\u00bfQu\u00e9 pasa si no voy a votar este domingo? | CVI NOTICIAS<\/title>\n<meta name=\"robots\" content=\"index, follow, max-snippet:-1, max-image-preview:large, max-video-preview:-1\" \/>\n<link rel=\"canonical\" href=\"https:\/\/cvinoticias.com\/v3\/que-pasa-si-no-voy-a-votar-este-domingo\/\" \/>\n<meta property=\"og:locale\" content=\"es_ES\" \/>\n<meta property=\"og:type\" content=\"article\" \/>\n<meta property=\"og:title\" content=\"\u00bfQu\u00e9 pasa si no voy a votar este domingo? | CVI NOTICIAS\" \/>\n<meta property=\"og:description\" content=\"Los ciudadanos que no concurran a votar en las elecciones generales deben explicar la raz\u00f3n de su ausencia para no tener que afrontar infracciones en el futuro. Los ciudadanos que no concurran a votar este domingo en las elecciones legislativas generales\u00a0deber\u00e1n justificar la no emisi\u00f3n del sufragio mediante un tr\u00e1mite en la Justicia Electoral, dentro [&hellip;]\" \/>\n<meta property=\"og:url\" content=\"https:\/\/cvinoticias.com\/v3\/que-pasa-si-no-voy-a-votar-este-domingo\/\" \/>\n<meta property=\"og:site_name\" content=\"CVI NOTICIAS\" \/>\n<meta property=\"article:publisher\" content=\"https:\/\/www.facebook.com\/cvinoticias\" \/>\n<meta property=\"article:published_time\" content=\"2021-11-14T16:45:31+00:00\" \/>\n<meta property=\"og:image\" content=\"https:\/\/cvinoticias.com\/wp-content\/uploads\/2021\/11\/Screenshot_20211114-134504_Gallery.jpg\" \/>\n\t<meta property=\"og:image:width\" content=\"1080\" \/>\n\t<meta property=\"og:image:height\" content=\"500\" \/>\n\t<meta property=\"og:image:type\" content=\"image\/jpeg\" \/>\n<meta name=\"author\" content=\"f1000024\" \/>\n<meta name=\"twitter:card\" content=\"summary_large_image\" \/>\n<meta name=\"twitter:label1\" content=\"Escrito por\" \/>\n\t<meta name=\"twitter:data1\" content=\"f1000024\" \/>\n\t<meta name=\"twitter:label2\" content=\"Tiempo de lectura\" \/>\n\t<meta name=\"twitter:data2\" content=\"3 minutos\" \/>\n<script type=\"application\/ld+json\" class=\"yoast-schema-graph\">{\"@context\":\"https:\\\/\\\/schema.org\",\"@graph\":[{\"@type\":\"Article\",\"@id\":\"https:\\\/\\\/cvinoticias.com\\\/v3\\\/que-pasa-si-no-voy-a-votar-este-domingo\\\/#article\",\"isPartOf\":{\"@id\":\"https:\\\/\\\/cvinoticias.com\\\/v3\\\/que-pasa-si-no-voy-a-votar-este-domingo\\\/\"},\"author\":{\"name\":\"f1000024\",\"@id\":\"https:\\\/\\\/cvinoticias.com\\\/v3\\\/#\\\/schema\\\/person\\\/2db77e3c6bc03c538495d7b2b8be9b66\"},\"headline\":\"\u00bfQu\u00e9 pasa si no voy a votar este domingo?\",\"datePublished\":\"2021-11-14T16:45:31+00:00\",\"mainEntityOfPage\":{\"@id\":\"https:\\\/\\\/cvinoticias.com\\\/v3\\\/que-pasa-si-no-voy-a-votar-este-domingo\\\/\"},\"wordCount\":528,\"commentCount\":0,\"publisher\":{\"@id\":\"https:\\\/\\\/cvinoticias.com\\\/v3\\\/#organization\"},\"image\":{\"@id\":\"https:\\\/\\\/cvinoticias.com\\\/v3\\\/que-pasa-si-no-voy-a-votar-este-domingo\\\/#primaryimage\"},\"thumbnailUrl\":\"https:\\\/\\\/cvinoticias.com\\\/wp-content\\\/uploads\\\/2021\\\/11\\\/Screenshot_20211114-134504_Gallery.jpg\",\"articleSection\":[\"Politica\"],\"inLanguage\":\"es\",\"potentialAction\":[{\"@type\":\"CommentAction\",\"name\":\"Comment\",\"target\":[\"https:\\\/\\\/cvinoticias.com\\\/v3\\\/que-pasa-si-no-voy-a-votar-este-domingo\\\/#respond\"]}]},{\"@type\":\"WebPage\",\"@id\":\"https:\\\/\\\/cvinoticias.com\\\/v3\\\/que-pasa-si-no-voy-a-votar-este-domingo\\\/\",\"url\":\"https:\\\/\\\/cvinoticias.com\\\/v3\\\/que-pasa-si-no-voy-a-votar-este-domingo\\\/\",\"name\":\"\u00bfQu\u00e9 pasa si no voy a votar este domingo? | CVI NOTICIAS\",\"isPartOf\":{\"@id\":\"https:\\\/\\\/cvinoticias.com\\\/v3\\\/#website\"},\"primaryImageOfPage\":{\"@id\":\"https:\\\/\\\/cvinoticias.com\\\/v3\\\/que-pasa-si-no-voy-a-votar-este-domingo\\\/#primaryimage\"},\"image\":{\"@id\":\"https:\\\/\\\/cvinoticias.com\\\/v3\\\/que-pasa-si-no-voy-a-votar-este-domingo\\\/#primaryimage\"},\"thumbnailUrl\":\"https:\\\/\\\/cvinoticias.com\\\/wp-content\\\/uploads\\\/2021\\\/11\\\/Screenshot_20211114-134504_Gallery.jpg\",\"datePublished\":\"2021-11-14T16:45:31+00:00\",\"breadcrumb\":{\"@id\":\"https:\\\/\\\/cvinoticias.com\\\/v3\\\/que-pasa-si-no-voy-a-votar-este-domingo\\\/#breadcrumb\"},\"inLanguage\":\"es\",\"potentialAction\":[{\"@type\":\"ReadAction\",\"target\":[\"https:\\\/\\\/cvinoticias.com\\\/v3\\\/que-pasa-si-no-voy-a-votar-este-domingo\\\/\"]}]},{\"@type\":\"ImageObject\",\"inLanguage\":\"es\",\"@id\":\"https:\\\/\\\/cvinoticias.com\\\/v3\\\/que-pasa-si-no-voy-a-votar-este-domingo\\\/#primaryimage\",\"url\":\"https:\\\/\\\/cvinoticias.com\\\/wp-content\\\/uploads\\\/2021\\\/11\\\/Screenshot_20211114-134504_Gallery.jpg\",\"contentUrl\":\"https:\\\/\\\/cvinoticias.com\\\/wp-content\\\/uploads\\\/2021\\\/11\\\/Screenshot_20211114-134504_Gallery.jpg\",\"width\":1080,\"height\":500},{\"@type\":\"BreadcrumbList\",\"@id\":\"https:\\\/\\\/cvinoticias.com\\\/v3\\\/que-pasa-si-no-voy-a-votar-este-domingo\\\/#breadcrumb\",\"itemListElement\":[{\"@type\":\"ListItem\",\"position\":1,\"name\":\"Portada\",\"item\":\"https:\\\/\\\/cvinoticias.com\\\/v3\\\/\"},{\"@type\":\"ListItem\",\"position\":2,\"name\":\"\u00bfQu\u00e9 pasa si no voy a votar este domingo?\"}]},{\"@type\":\"WebSite\",\"@id\":\"https:\\\/\\\/cvinoticias.com\\\/v3\\\/#website\",\"url\":\"https:\\\/\\\/cvinoticias.com\\\/v3\\\/\",\"name\":\"CVI NOTICIAS\",\"description\":\"\",\"publisher\":{\"@id\":\"https:\\\/\\\/cvinoticias.com\\\/v3\\\/#organization\"},\"alternateName\":\"CVI\",\"potentialAction\":[{\"@type\":\"SearchAction\",\"target\":{\"@type\":\"EntryPoint\",\"urlTemplate\":\"https:\\\/\\\/cvinoticias.com\\\/v3\\\/?s={search_term_string}\"},\"query-input\":{\"@type\":\"PropertyValueSpecification\",\"valueRequired\":true,\"valueName\":\"search_term_string\"}}],\"inLanguage\":\"es\"},{\"@type\":\"Organization\",\"@id\":\"https:\\\/\\\/cvinoticias.com\\\/v3\\\/#organization\",\"name\":\"CVI NOTICIAS\",\"url\":\"https:\\\/\\\/cvinoticias.com\\\/v3\\\/\",\"logo\":{\"@type\":\"ImageObject\",\"inLanguage\":\"es\",\"@id\":\"https:\\\/\\\/cvinoticias.com\\\/v3\\\/#\\\/schema\\\/logo\\\/image\\\/\",\"url\":\"https:\\\/\\\/cvinoticias.com\\\/wp-content\\\/uploads\\\/2023\\\/04\\\/cropped-cropped-cropped-cropped-cropped-3-1.png\",\"contentUrl\":\"https:\\\/\\\/cvinoticias.com\\\/wp-content\\\/uploads\\\/2023\\\/04\\\/cropped-cropped-cropped-cropped-cropped-3-1.png\",\"width\":95,\"height\":122,\"caption\":\"CVI NOTICIAS\"},\"image\":{\"@id\":\"https:\\\/\\\/cvinoticias.com\\\/v3\\\/#\\\/schema\\\/logo\\\/image\\\/\"},\"sameAs\":[\"https:\\\/\\\/www.facebook.com\\\/cvinoticias\",\"https:\\\/\\\/www.instagram.com\\\/cvinoticias\\\/\",\"https:\\\/\\\/www.youtube.com\\\/@CVINOTICIAS\"]},{\"@type\":\"Person\",\"@id\":\"https:\\\/\\\/cvinoticias.com\\\/v3\\\/#\\\/schema\\\/person\\\/2db77e3c6bc03c538495d7b2b8be9b66\",\"name\":\"f1000024\",\"image\":{\"@type\":\"ImageObject\",\"inLanguage\":\"es\",\"@id\":\"https:\\\/\\\/secure.gravatar.com\\\/avatar\\\/d4fe7459cfc51ff5129ce1a732bbef5928568b8092d412ef95611616376bbeed?s=96&d=mm&r=g\",\"url\":\"https:\\\/\\\/secure.gravatar.com\\\/avatar\\\/d4fe7459cfc51ff5129ce1a732bbef5928568b8092d412ef95611616376bbeed?s=96&d=mm&r=g\",\"contentUrl\":\"https:\\\/\\\/secure.gravatar.com\\\/avatar\\\/d4fe7459cfc51ff5129ce1a732bbef5928568b8092d412ef95611616376bbeed?s=96&d=mm&r=g\",\"caption\":\"f1000024\"},\"url\":\"https:\\\/\\\/cvinoticias.com\\\/v3\\\/author\\\/f1000024\\\/\"}]}<\/script>\n<!-- \/ Yoast SEO plugin. -->","yoast_head_json":{"title":"\u00bfQu\u00e9 pasa si no voy a votar este domingo? | CVI NOTICIAS","robots":{"index":"index","follow":"follow","max-snippet":"max-snippet:-1","max-image-preview":"max-image-preview:large","max-video-preview":"max-video-preview:-1"},"canonical":"https:\/\/cvinoticias.com\/v3\/que-pasa-si-no-voy-a-votar-este-domingo\/","og_locale":"es_ES","og_type":"article","og_title":"\u00bfQu\u00e9 pasa si no voy a votar este domingo? | CVI NOTICIAS","og_description":"Los ciudadanos que no concurran a votar en las elecciones generales deben explicar la raz\u00f3n de su ausencia para no tener que afrontar infracciones en el futuro. Los ciudadanos que no concurran a votar este domingo en las elecciones legislativas generales\u00a0deber\u00e1n justificar la no emisi\u00f3n del sufragio mediante un tr\u00e1mite en la Justicia Electoral, dentro [&hellip;]","og_url":"https:\/\/cvinoticias.com\/v3\/que-pasa-si-no-voy-a-votar-este-domingo\/","og_site_name":"CVI NOTICIAS","article_publisher":"https:\/\/www.facebook.com\/cvinoticias","article_published_time":"2021-11-14T16:45:31+00:00","og_image":[{"width":1080,"height":500,"url":"https:\/\/cvinoticias.com\/wp-content\/uploads\/2021\/11\/Screenshot_20211114-134504_Gallery.jpg","type":"image\/jpeg"}],"author":"f1000024","twitter_card":"summary_large_image","twitter_misc":{"Escrito por":"f1000024","Tiempo de lectura":"3 minutos"},"schema":{"@context":"https:\/\/schema.org","@graph":[{"@type":"Article","@id":"https:\/\/cvinoticias.com\/v3\/que-pasa-si-no-voy-a-votar-este-domingo\/#article","isPartOf":{"@id":"https:\/\/cvinoticias.com\/v3\/que-pasa-si-no-voy-a-votar-este-domingo\/"},"author":{"name":"f1000024","@id":"https:\/\/cvinoticias.com\/v3\/#\/schema\/person\/2db77e3c6bc03c538495d7b2b8be9b66"},"headline":"\u00bfQu\u00e9 pasa si no voy a votar este domingo?","datePublished":"2021-11-14T16:45:31+00:00","mainEntityOfPage":{"@id":"https:\/\/cvinoticias.com\/v3\/que-pasa-si-no-voy-a-votar-este-domingo\/"},"wordCount":528,"commentCount":0,"publisher":{"@id":"https:\/\/cvinoticias.com\/v3\/#organization"},"image":{"@id":"https:\/\/cvinoticias.com\/v3\/que-pasa-si-no-voy-a-votar-este-domingo\/#primaryimage"},"thumbnailUrl":"https:\/\/cvinoticias.com\/wp-content\/uploads\/2021\/11\/Screenshot_20211114-134504_Gallery.jpg","articleSection":["Politica"],"inLanguage":"es","potentialAction":[{"@type":"CommentAction","name":"Comment","target":["https:\/\/cvinoticias.com\/v3\/que-pasa-si-no-voy-a-votar-este-domingo\/#respond"]}]},{"@type":"WebPage","@id":"https:\/\/cvinoticias.com\/v3\/que-pasa-si-no-voy-a-votar-este-domingo\/","url":"https:\/\/cvinoticias.com\/v3\/que-pasa-si-no-voy-a-votar-este-domingo\/","name":"\u00bfQu\u00e9 pasa si no voy a votar este domingo? | CVI NOTICIAS","isPartOf":{"@id":"https:\/\/cvinoticias.com\/v3\/#website"},"primaryImageOfPage":{"@id":"https:\/\/cvinoticias.com\/v3\/que-pasa-si-no-voy-a-votar-este-domingo\/#primaryimage"},"image":{"@id":"https:\/\/cvinoticias.com\/v3\/que-pasa-si-no-voy-a-votar-este-domingo\/#primaryimage"},"thumbnailUrl":"https:\/\/cvinoticias.com\/wp-content\/uploads\/2021\/11\/Screenshot_20211114-134504_Gallery.jpg","datePublished":"2021-11-14T16:45:31+00:00","breadcrumb":{"@id":"https:\/\/cvinoticias.com\/v3\/que-pasa-si-no-voy-a-votar-este-domingo\/#breadcrumb"},"inLanguage":"es","potentialAction":[{"@type":"ReadAction","target":["https:\/\/cvinoticias.com\/v3\/que-pasa-si-no-voy-a-votar-este-domingo\/"]}]},{"@type":"ImageObject","inLanguage":"es","@id":"https:\/\/cvinoticias.com\/v3\/que-pasa-si-no-voy-a-votar-este-domingo\/#primaryimage","url":"https:\/\/cvinoticias.com\/wp-content\/uploads\/2021\/11\/Screenshot_20211114-134504_Gallery.jpg","contentUrl":"https:\/\/cvinoticias.com\/wp-content\/uploads\/2021\/11\/Screenshot_20211114-134504_Gallery.jpg","width":1080,"height":500},{"@type":"BreadcrumbList","@id":"https:\/\/cvinoticias.com\/v3\/que-pasa-si-no-voy-a-votar-este-domingo\/#breadcrumb","itemListElement":[{"@type":"ListItem","position":1,"name":"Portada","item":"https:\/\/cvinoticias.com\/v3\/"},{"@type":"ListItem","position":2,"name":"\u00bfQu\u00e9 pasa si no voy a votar este domingo?"}]},{"@type":"WebSite","@id":"https:\/\/cvinoticias.com\/v3\/#website","url":"https:\/\/cvinoticias.com\/v3\/","name":"CVI NOTICIAS","description":"","publisher":{"@id":"https:\/\/cvinoticias.com\/v3\/#organization"},"alternateName":"CVI","potentialAction":[{"@type":"SearchAction","target":{"@type":"EntryPoint","urlTemplate":"https:\/\/cvinoticias.com\/v3\/?s={search_term_string}"},"query-input":{"@type":"PropertyValueSpecification","valueRequired":true,"valueName":"search_term_string"}}],"inLanguage":"es"},{"@type":"Organization","@id":"https:\/\/cvinoticias.com\/v3\/#organization","name":"CVI NOTICIAS","url":"https:\/\/cvinoticias.com\/v3\/","logo":{"@type":"ImageObject","inLanguage":"es","@id":"https:\/\/cvinoticias.com\/v3\/#\/schema\/logo\/image\/","url":"https:\/\/cvinoticias.com\/wp-content\/uploads\/2023\/04\/cropped-cropped-cropped-cropped-cropped-3-1.png","contentUrl":"https:\/\/cvinoticias.com\/wp-content\/uploads\/2023\/04\/cropped-cropped-cropped-cropped-cropped-3-1.png","width":95,"height":122,"caption":"CVI NOTICIAS"},"image":{"@id":"https:\/\/cvinoticias.com\/v3\/#\/schema\/logo\/image\/"},"sameAs":["https:\/\/www.facebook.com\/cvinoticias","https:\/\/www.instagram.com\/cvinoticias\/","https:\/\/www.youtube.com\/@CVINOTICIAS"]},{"@type":"Person","@id":"https:\/\/cvinoticias.com\/v3\/#\/schema\/person\/2db77e3c6bc03c538495d7b2b8be9b66","name":"f1000024","image":{"@type":"ImageObject","inLanguage":"es","@id":"https:\/\/secure.gravatar.com\/avatar\/d4fe7459cfc51ff5129ce1a732bbef5928568b8092d412ef95611616376bbeed?s=96&d=mm&r=g","url":"https:\/\/secure.gravatar.com\/avatar\/d4fe7459cfc51ff5129ce1a732bbef5928568b8092d412ef95611616376bbeed?s=96&d=mm&r=g","contentUrl":"https:\/\/secure.gravatar.com\/avatar\/d4fe7459cfc51ff5129ce1a732bbef5928568b8092d412ef95611616376bbeed?s=96&d=mm&r=g","caption":"f1000024"},"url":"https:\/\/cvinoticias.com\/v3\/author\/f1000024\/"}]}},"_links":{"self":[{"href":"https:\/\/cvinoticias.com\/v3\/wp-json\/wp\/v2\/posts\/10597","targetHints":{"allow":["GET"]}}],"collection":[{"href":"https:\/\/cvinoticias.com\/v3\/wp-json\/wp\/v2\/posts"}],"about":[{"href":"https:\/\/cvinoticias.com\/v3\/wp-json\/wp\/v2\/types\/post"}],"author":[{"embeddable":true,"href":"https:\/\/cvinoticias.com\/v3\/wp-json\/wp\/v2\/users\/2"}],"replies":[{"embeddable":true,"href":"https:\/\/cvinoticias.com\/v3\/wp-json\/wp\/v2\/comments?post=10597"}],"version-history":[{"count":1,"href":"https:\/\/cvinoticias.com\/v3\/wp-json\/wp\/v2\/posts\/10597\/revisions"}],"predecessor-version":[{"id":10599,"href":"https:\/\/cvinoticias.com\/v3\/wp-json\/wp\/v2\/posts\/10597\/revisions\/10599"}],"wp:featuredmedia":[{"embeddable":true,"href":"https:\/\/cvinoticias.com\/v3\/wp-json\/wp\/v2\/media\/10598"}],"wp:attachment":[{"href":"https:\/\/cvinoticias.com\/v3\/wp-json\/wp\/v2\/media?parent=10597"}],"wp:term":[{"taxonomy":"category","embeddable":true,"href":"https:\/\/cvinoticias.com\/v3\/wp-json\/wp\/v2\/categories?post=10597"},{"taxonomy":"post_tag","embeddable":true,"href":"https:\/\/cvinoticias.com\/v3\/wp-json\/wp\/v2\/tags?post=10597"}],"curies":[{"name":"wp","href":"https:\/\/api.w.org\/{rel}","templated":true}]}}