{"id":10579,"date":"2021-11-14T04:51:23","date_gmt":"2021-11-14T04:51:23","guid":{"rendered":"https:\/\/cvinoticias.com\/v3\/?p=10579"},"modified":"2021-11-14T04:51:23","modified_gmt":"2021-11-14T04:51:23","slug":"preguntas-y-respuestas-sobre-el-protocolo-sanitario-electoral","status":"publish","type":"post","link":"https:\/\/cvinoticias.com\/v3\/preguntas-y-respuestas-sobre-el-protocolo-sanitario-electoral\/","title":{"rendered":"Preguntas y respuestas sobre el protocolo sanitario electoral"},"content":{"rendered":"\n<p><em><strong>Las medidas se mantendr\u00e1n pero ser\u00e1n m\u00e1s flexibles que en las PASO en la organizaci\u00f3n del proceso comicial con el objetivo de evitar demoras a la hora de sufragar.<\/strong><\/em><\/p>\n\n\n\n<p>Los argentinos concurrir\u00e1n este domingo a votar en las elecciones legislativas nacionales con el protocolo sanitario por la pandemia. Se mantendr\u00e1n las medidas de cuidados preventivos implementadas en las PASO para evitar contagios, pero ser\u00e1 m\u00e1s flexible en la organizaci\u00f3n del proceso comicial con el objetivo de evitar demoras a la hora de sufragar.<br><br>La flexibilizaci\u00f3n en el protocolo se debe a la mejora en la situaci\u00f3n epidemiol\u00f3gica del pa\u00eds, producto del avance en la vacunaci\u00f3n que registra al d\u00eda de hoy 63.747.075 de aplicaciones, seg\u00fan los datos del Monitor P\u00fablico de Vacunaci\u00f3n.<br><br>En esa acordada, los jueces de la CNE pidieron \u00abperfeccionar y flexibilizar\u00bb la organizaci\u00f3n del acto comicial y los accesos a los establecimientos de votaci\u00f3n. Se resolvi\u00f3 que los ciudadanos realizar\u00e1n una sola fila adentro del establecimiento para votar como antes de la pandemia, en lugar de las dos, una en el interior y otra en el exterior que se dispuso para las PASO, mientras que las medidas previstas en el Protocolo podr\u00e1n ser flexibilizadas por las juntas nacionales de distrito con el informe del Ministerio de Salud de cada jurisdicci\u00f3n.<br><br>Las siguientes preguntas y respuestas refieren a las principales medidas y recomendaciones previstas en el protocolo para el d\u00eda de la votaci\u00f3n:<br><br>1- \u00bfLos adultos mayores y las personas que integran grupos de riesgo, \u00bftienen alguna prioridad horaria para concurrir a votar?<br><br>S\u00ed, los adultos mayores y las personas de grupos de riesgo tienen prioridad para votar entre las 10.30 y las 12.30.<br><br>2- \u00bfDebo hacer fila en el exterior del establecimiento y luego otra en el interior para votar?<br><br>No, se podr\u00e1 hacer una sola fila en el interior del establecimiento, como antes de la pandemia.<br><br>3- \u00bfEs obligatorio el uso del barbijo para ir a votar?<br><br>S\u00ed, se debe utilizar barbijo correctamente durante toda la jornada de votaci\u00f3n.<\/p>\n\n\n\n<p>4- \u00bfLa distancia social ser\u00e1 obligatoria en los centros de votaci\u00f3n y mientras se espera para sufragar?<\/p>\n\n\n\n<p>Una de las recomendaciones del protocolo es mantener distancia con otras personas como forma de evitar contagios.<\/p>\n\n\n\n<p>5-\u00bfQu\u00e9 otras medidas sanitarias debo cumplir cuando voy a votar?<\/p>\n\n\n\n<p>Se recomienda toser o estornudar sobre el pliegue del codo y evitar tocarse la cara.<\/p>\n\n\n\n<p>6- \u00bfDebo usar alcohol en gel?<\/p>\n\n\n\n<p>Se recomienda higienizar las manos con alcohol en gel o soluci\u00f3n sanitizante antes y despu\u00e9s de ingresar al cuarto oscuro.<\/p>\n\n\n\n<p>7- \u00bfDebo llevar mi propio bol\u00edgrafo el d\u00eda de la elecci\u00f3n?<\/p>\n\n\n\n<p>Si, se recomienda llevar un bol\u00edgrafo propio para firmar el padr\u00f3n.<\/p>\n\n\n\n<p>8- \u00bfC\u00f3mo cierro el sobre?<\/p>\n\n\n\n<p>Se recomienda no salivar el sobre para cerrarlo. En su lugar, se puede utilizar pegamento o solamente introducir la solapa dentro del sobre.<\/p>\n\n\n\n<p>9- \u00bfCu\u00e1les son las medidas sanitarias para evitar la manipulaci\u00f3n de documentaci\u00f3n al momento de votar?<\/p>\n\n\n\n<p>Se solicitar\u00e1 que la persona muestre su DNI y lo apoye sobre la mesa, mientras que la autoridad de mesa podr\u00e1 indicar al elector que se baje moment\u00e1neamente el barbijo para corroborar su identidad.<\/p>\n\n\n\n<p>10- \u00bfCu\u00e1les son las medidas previstas despu\u00e9s de introducir el sobre en la urna?<\/p>\n\n\n\n<p>El elector deber\u00e1 recoger el troquel y su DNI de la mesa de votaci\u00f3n.<\/p>\n\n\n\n<p>11- \u00bfPuedo ir acompa\u00f1ado a votar?<\/p>\n\n\n\n<p>Solo en el caso de que sea estrictamente necesario, se permitir\u00e1 el ingreso con acompa\u00f1antes a los lugares de votaci\u00f3n.<\/p>\n\n\n\n<p>12- \u00bfQu\u00e9 pasa si a las 18, hora de cierre de los comicios, hay votantes haciendo fila afuera del establecimiento?<\/p>\n\n\n\n<p>En ese caso, el delegado judicial entregar\u00e1 un n\u00famero para certificar que a esa hora estaban presentes para votar, y se les permitir\u00e1 el ingreso a posterior.<\/p>\n\n\n\n<p>13- \u00bfQui\u00e9n es el facilitador sanitario?<\/p>\n\n\n\n<p>Se trata de una figura creada en el marco del Protocolo y ser\u00e1 un integrante del comando electoral que se desempe\u00f1a en cada establecimiento de votaci\u00f3n.<\/p>\n\n\n\n<p>14- \u00bfCu\u00e1l es el rol del facilitador sanitario?<\/p>\n\n\n\n<p>Se encarga de ordenar el ingreso de los votantes, constatar el correcto uso de tapabocas, hacer respetar el distanciamiento social de dos metros entre las personas y limitar la capacidad de personas en los lugares de votaci\u00f3n.<\/p>\n","protected":false},"excerpt":{"rendered":"<p>Las medidas se mantendr\u00e1n pero ser\u00e1n m\u00e1s flexibles que en las PASO en la organizaci\u00f3n del proceso comicial con el objetivo de evitar demoras a la hora de sufragar. Los argentinos concurrir\u00e1n este domingo a votar en las elecciones legislativas nacionales con el protocolo sanitario por la pandemia. Se mantendr\u00e1n las medidas de cuidados preventivos [&hellip;]<\/p>\n","protected":false},"author":2,"featured_media":10580,"comment_status":"open","ping_status":"open","sticky":false,"template":"","format":"standard","meta":{"footnotes":""},"categories":[47],"tags":[],"class_list":["post-10579","post","type-post","status-publish","format-standard","has-post-thumbnail","hentry","category-sociedad"],"yoast_head":"<!-- This site is optimized with the Yoast SEO plugin v27.5 - https:\/\/yoast.com\/product\/yoast-seo-wordpress\/ -->\n<title>Preguntas y respuestas sobre el protocolo sanitario electoral | CVI NOTICIAS<\/title>\n<meta name=\"robots\" content=\"index, follow, max-snippet:-1, max-image-preview:large, max-video-preview:-1\" \/>\n<link rel=\"canonical\" href=\"https:\/\/cvinoticias.com\/v3\/preguntas-y-respuestas-sobre-el-protocolo-sanitario-electoral\/\" \/>\n<meta property=\"og:locale\" content=\"es_ES\" \/>\n<meta property=\"og:type\" content=\"article\" \/>\n<meta property=\"og:title\" content=\"Preguntas y respuestas sobre el protocolo sanitario electoral | CVI NOTICIAS\" \/>\n<meta property=\"og:description\" content=\"Las medidas se mantendr\u00e1n pero ser\u00e1n m\u00e1s flexibles que en las PASO en la organizaci\u00f3n del proceso comicial con el objetivo de evitar demoras a la hora de sufragar. Los argentinos concurrir\u00e1n este domingo a votar en las elecciones legislativas nacionales con el protocolo sanitario por la pandemia. Se mantendr\u00e1n las medidas de cuidados preventivos [&hellip;]\" \/>\n<meta property=\"og:url\" content=\"https:\/\/cvinoticias.com\/v3\/preguntas-y-respuestas-sobre-el-protocolo-sanitario-electoral\/\" \/>\n<meta property=\"og:site_name\" content=\"CVI NOTICIAS\" \/>\n<meta property=\"article:publisher\" content=\"https:\/\/www.facebook.com\/cvinoticias\" \/>\n<meta property=\"article:published_time\" content=\"2021-11-14T04:51:23+00:00\" \/>\n<meta property=\"og:image\" content=\"https:\/\/cvinoticias.com\/wp-content\/uploads\/2021\/11\/3_1-1.png\" \/>\n\t<meta property=\"og:image:width\" content=\"780\" \/>\n\t<meta property=\"og:image:height\" content=\"350\" \/>\n\t<meta property=\"og:image:type\" content=\"image\/png\" \/>\n<meta name=\"author\" content=\"f1000024\" \/>\n<meta name=\"twitter:card\" content=\"summary_large_image\" \/>\n<meta name=\"twitter:label1\" content=\"Escrito por\" \/>\n\t<meta name=\"twitter:data1\" content=\"f1000024\" \/>\n\t<meta name=\"twitter:label2\" content=\"Tiempo de lectura\" \/>\n\t<meta name=\"twitter:data2\" content=\"4 minutos\" \/>\n<script type=\"application\/ld+json\" class=\"yoast-schema-graph\">{\"@context\":\"https:\\\/\\\/schema.org\",\"@graph\":[{\"@type\":\"Article\",\"@id\":\"https:\\\/\\\/cvinoticias.com\\\/v3\\\/preguntas-y-respuestas-sobre-el-protocolo-sanitario-electoral\\\/#article\",\"isPartOf\":{\"@id\":\"https:\\\/\\\/cvinoticias.com\\\/v3\\\/preguntas-y-respuestas-sobre-el-protocolo-sanitario-electoral\\\/\"},\"author\":{\"name\":\"f1000024\",\"@id\":\"https:\\\/\\\/cvinoticias.com\\\/v3\\\/#\\\/schema\\\/person\\\/2db77e3c6bc03c538495d7b2b8be9b66\"},\"headline\":\"Preguntas y respuestas sobre el protocolo sanitario electoral\",\"datePublished\":\"2021-11-14T04:51:23+00:00\",\"mainEntityOfPage\":{\"@id\":\"https:\\\/\\\/cvinoticias.com\\\/v3\\\/preguntas-y-respuestas-sobre-el-protocolo-sanitario-electoral\\\/\"},\"wordCount\":751,\"commentCount\":0,\"publisher\":{\"@id\":\"https:\\\/\\\/cvinoticias.com\\\/v3\\\/#organization\"},\"image\":{\"@id\":\"https:\\\/\\\/cvinoticias.com\\\/v3\\\/preguntas-y-respuestas-sobre-el-protocolo-sanitario-electoral\\\/#primaryimage\"},\"thumbnailUrl\":\"https:\\\/\\\/cvinoticias.com\\\/wp-content\\\/uploads\\\/2021\\\/11\\\/3_1-1.png\",\"articleSection\":[\"Sociedad\"],\"inLanguage\":\"es\",\"potentialAction\":[{\"@type\":\"CommentAction\",\"name\":\"Comment\",\"target\":[\"https:\\\/\\\/cvinoticias.com\\\/v3\\\/preguntas-y-respuestas-sobre-el-protocolo-sanitario-electoral\\\/#respond\"]}]},{\"@type\":\"WebPage\",\"@id\":\"https:\\\/\\\/cvinoticias.com\\\/v3\\\/preguntas-y-respuestas-sobre-el-protocolo-sanitario-electoral\\\/\",\"url\":\"https:\\\/\\\/cvinoticias.com\\\/v3\\\/preguntas-y-respuestas-sobre-el-protocolo-sanitario-electoral\\\/\",\"name\":\"Preguntas y respuestas sobre el protocolo sanitario electoral | CVI NOTICIAS\",\"isPartOf\":{\"@id\":\"https:\\\/\\\/cvinoticias.com\\\/v3\\\/#website\"},\"primaryImageOfPage\":{\"@id\":\"https:\\\/\\\/cvinoticias.com\\\/v3\\\/preguntas-y-respuestas-sobre-el-protocolo-sanitario-electoral\\\/#primaryimage\"},\"image\":{\"@id\":\"https:\\\/\\\/cvinoticias.com\\\/v3\\\/preguntas-y-respuestas-sobre-el-protocolo-sanitario-electoral\\\/#primaryimage\"},\"thumbnailUrl\":\"https:\\\/\\\/cvinoticias.com\\\/wp-content\\\/uploads\\\/2021\\\/11\\\/3_1-1.png\",\"datePublished\":\"2021-11-14T04:51:23+00:00\",\"breadcrumb\":{\"@id\":\"https:\\\/\\\/cvinoticias.com\\\/v3\\\/preguntas-y-respuestas-sobre-el-protocolo-sanitario-electoral\\\/#breadcrumb\"},\"inLanguage\":\"es\",\"potentialAction\":[{\"@type\":\"ReadAction\",\"target\":[\"https:\\\/\\\/cvinoticias.com\\\/v3\\\/preguntas-y-respuestas-sobre-el-protocolo-sanitario-electoral\\\/\"]}]},{\"@type\":\"ImageObject\",\"inLanguage\":\"es\",\"@id\":\"https:\\\/\\\/cvinoticias.com\\\/v3\\\/preguntas-y-respuestas-sobre-el-protocolo-sanitario-electoral\\\/#primaryimage\",\"url\":\"https:\\\/\\\/cvinoticias.com\\\/wp-content\\\/uploads\\\/2021\\\/11\\\/3_1-1.png\",\"contentUrl\":\"https:\\\/\\\/cvinoticias.com\\\/wp-content\\\/uploads\\\/2021\\\/11\\\/3_1-1.png\",\"width\":780,\"height\":350},{\"@type\":\"BreadcrumbList\",\"@id\":\"https:\\\/\\\/cvinoticias.com\\\/v3\\\/preguntas-y-respuestas-sobre-el-protocolo-sanitario-electoral\\\/#breadcrumb\",\"itemListElement\":[{\"@type\":\"ListItem\",\"position\":1,\"name\":\"Portada\",\"item\":\"https:\\\/\\\/cvinoticias.com\\\/v3\\\/\"},{\"@type\":\"ListItem\",\"position\":2,\"name\":\"Preguntas y respuestas sobre el protocolo sanitario electoral\"}]},{\"@type\":\"WebSite\",\"@id\":\"https:\\\/\\\/cvinoticias.com\\\/v3\\\/#website\",\"url\":\"https:\\\/\\\/cvinoticias.com\\\/v3\\\/\",\"name\":\"CVI NOTICIAS\",\"description\":\"\",\"publisher\":{\"@id\":\"https:\\\/\\\/cvinoticias.com\\\/v3\\\/#organization\"},\"alternateName\":\"CVI\",\"potentialAction\":[{\"@type\":\"SearchAction\",\"target\":{\"@type\":\"EntryPoint\",\"urlTemplate\":\"https:\\\/\\\/cvinoticias.com\\\/v3\\\/?s={search_term_string}\"},\"query-input\":{\"@type\":\"PropertyValueSpecification\",\"valueRequired\":true,\"valueName\":\"search_term_string\"}}],\"inLanguage\":\"es\"},{\"@type\":\"Organization\",\"@id\":\"https:\\\/\\\/cvinoticias.com\\\/v3\\\/#organization\",\"name\":\"CVI NOTICIAS\",\"url\":\"https:\\\/\\\/cvinoticias.com\\\/v3\\\/\",\"logo\":{\"@type\":\"ImageObject\",\"inLanguage\":\"es\",\"@id\":\"https:\\\/\\\/cvinoticias.com\\\/v3\\\/#\\\/schema\\\/logo\\\/image\\\/\",\"url\":\"https:\\\/\\\/cvinoticias.com\\\/wp-content\\\/uploads\\\/2023\\\/04\\\/cropped-cropped-cropped-cropped-cropped-3-1.png\",\"contentUrl\":\"https:\\\/\\\/cvinoticias.com\\\/wp-content\\\/uploads\\\/2023\\\/04\\\/cropped-cropped-cropped-cropped-cropped-3-1.png\",\"width\":95,\"height\":122,\"caption\":\"CVI NOTICIAS\"},\"image\":{\"@id\":\"https:\\\/\\\/cvinoticias.com\\\/v3\\\/#\\\/schema\\\/logo\\\/image\\\/\"},\"sameAs\":[\"https:\\\/\\\/www.facebook.com\\\/cvinoticias\",\"https:\\\/\\\/www.instagram.com\\\/cvinoticias\\\/\",\"https:\\\/\\\/www.youtube.com\\\/@CVINOTICIAS\"]},{\"@type\":\"Person\",\"@id\":\"https:\\\/\\\/cvinoticias.com\\\/v3\\\/#\\\/schema\\\/person\\\/2db77e3c6bc03c538495d7b2b8be9b66\",\"name\":\"f1000024\",\"image\":{\"@type\":\"ImageObject\",\"inLanguage\":\"es\",\"@id\":\"https:\\\/\\\/secure.gravatar.com\\\/avatar\\\/d4fe7459cfc51ff5129ce1a732bbef5928568b8092d412ef95611616376bbeed?s=96&d=mm&r=g\",\"url\":\"https:\\\/\\\/secure.gravatar.com\\\/avatar\\\/d4fe7459cfc51ff5129ce1a732bbef5928568b8092d412ef95611616376bbeed?s=96&d=mm&r=g\",\"contentUrl\":\"https:\\\/\\\/secure.gravatar.com\\\/avatar\\\/d4fe7459cfc51ff5129ce1a732bbef5928568b8092d412ef95611616376bbeed?s=96&d=mm&r=g\",\"caption\":\"f1000024\"},\"url\":\"https:\\\/\\\/cvinoticias.com\\\/v3\\\/author\\\/f1000024\\\/\"}]}<\/script>\n<!-- \/ Yoast SEO plugin. -->","yoast_head_json":{"title":"Preguntas y respuestas sobre el protocolo sanitario electoral | CVI NOTICIAS","robots":{"index":"index","follow":"follow","max-snippet":"max-snippet:-1","max-image-preview":"max-image-preview:large","max-video-preview":"max-video-preview:-1"},"canonical":"https:\/\/cvinoticias.com\/v3\/preguntas-y-respuestas-sobre-el-protocolo-sanitario-electoral\/","og_locale":"es_ES","og_type":"article","og_title":"Preguntas y respuestas sobre el protocolo sanitario electoral | CVI NOTICIAS","og_description":"Las medidas se mantendr\u00e1n pero ser\u00e1n m\u00e1s flexibles que en las PASO en la organizaci\u00f3n del proceso comicial con el objetivo de evitar demoras a la hora de sufragar. Los argentinos concurrir\u00e1n este domingo a votar en las elecciones legislativas nacionales con el protocolo sanitario por la pandemia. Se mantendr\u00e1n las medidas de cuidados preventivos [&hellip;]","og_url":"https:\/\/cvinoticias.com\/v3\/preguntas-y-respuestas-sobre-el-protocolo-sanitario-electoral\/","og_site_name":"CVI NOTICIAS","article_publisher":"https:\/\/www.facebook.com\/cvinoticias","article_published_time":"2021-11-14T04:51:23+00:00","og_image":[{"width":780,"height":350,"url":"https:\/\/cvinoticias.com\/wp-content\/uploads\/2021\/11\/3_1-1.png","type":"image\/png"}],"author":"f1000024","twitter_card":"summary_large_image","twitter_misc":{"Escrito por":"f1000024","Tiempo de lectura":"4 minutos"},"schema":{"@context":"https:\/\/schema.org","@graph":[{"@type":"Article","@id":"https:\/\/cvinoticias.com\/v3\/preguntas-y-respuestas-sobre-el-protocolo-sanitario-electoral\/#article","isPartOf":{"@id":"https:\/\/cvinoticias.com\/v3\/preguntas-y-respuestas-sobre-el-protocolo-sanitario-electoral\/"},"author":{"name":"f1000024","@id":"https:\/\/cvinoticias.com\/v3\/#\/schema\/person\/2db77e3c6bc03c538495d7b2b8be9b66"},"headline":"Preguntas y respuestas sobre el protocolo sanitario electoral","datePublished":"2021-11-14T04:51:23+00:00","mainEntityOfPage":{"@id":"https:\/\/cvinoticias.com\/v3\/preguntas-y-respuestas-sobre-el-protocolo-sanitario-electoral\/"},"wordCount":751,"commentCount":0,"publisher":{"@id":"https:\/\/cvinoticias.com\/v3\/#organization"},"image":{"@id":"https:\/\/cvinoticias.com\/v3\/preguntas-y-respuestas-sobre-el-protocolo-sanitario-electoral\/#primaryimage"},"thumbnailUrl":"https:\/\/cvinoticias.com\/wp-content\/uploads\/2021\/11\/3_1-1.png","articleSection":["Sociedad"],"inLanguage":"es","potentialAction":[{"@type":"CommentAction","name":"Comment","target":["https:\/\/cvinoticias.com\/v3\/preguntas-y-respuestas-sobre-el-protocolo-sanitario-electoral\/#respond"]}]},{"@type":"WebPage","@id":"https:\/\/cvinoticias.com\/v3\/preguntas-y-respuestas-sobre-el-protocolo-sanitario-electoral\/","url":"https:\/\/cvinoticias.com\/v3\/preguntas-y-respuestas-sobre-el-protocolo-sanitario-electoral\/","name":"Preguntas y respuestas sobre el protocolo sanitario electoral | CVI NOTICIAS","isPartOf":{"@id":"https:\/\/cvinoticias.com\/v3\/#website"},"primaryImageOfPage":{"@id":"https:\/\/cvinoticias.com\/v3\/preguntas-y-respuestas-sobre-el-protocolo-sanitario-electoral\/#primaryimage"},"image":{"@id":"https:\/\/cvinoticias.com\/v3\/preguntas-y-respuestas-sobre-el-protocolo-sanitario-electoral\/#primaryimage"},"thumbnailUrl":"https:\/\/cvinoticias.com\/wp-content\/uploads\/2021\/11\/3_1-1.png","datePublished":"2021-11-14T04:51:23+00:00","breadcrumb":{"@id":"https:\/\/cvinoticias.com\/v3\/preguntas-y-respuestas-sobre-el-protocolo-sanitario-electoral\/#breadcrumb"},"inLanguage":"es","potentialAction":[{"@type":"ReadAction","target":["https:\/\/cvinoticias.com\/v3\/preguntas-y-respuestas-sobre-el-protocolo-sanitario-electoral\/"]}]},{"@type":"ImageObject","inLanguage":"es","@id":"https:\/\/cvinoticias.com\/v3\/preguntas-y-respuestas-sobre-el-protocolo-sanitario-electoral\/#primaryimage","url":"https:\/\/cvinoticias.com\/wp-content\/uploads\/2021\/11\/3_1-1.png","contentUrl":"https:\/\/cvinoticias.com\/wp-content\/uploads\/2021\/11\/3_1-1.png","width":780,"height":350},{"@type":"BreadcrumbList","@id":"https:\/\/cvinoticias.com\/v3\/preguntas-y-respuestas-sobre-el-protocolo-sanitario-electoral\/#breadcrumb","itemListElement":[{"@type":"ListItem","position":1,"name":"Portada","item":"https:\/\/cvinoticias.com\/v3\/"},{"@type":"ListItem","position":2,"name":"Preguntas y respuestas sobre el protocolo sanitario electoral"}]},{"@type":"WebSite","@id":"https:\/\/cvinoticias.com\/v3\/#website","url":"https:\/\/cvinoticias.com\/v3\/","name":"CVI NOTICIAS","description":"","publisher":{"@id":"https:\/\/cvinoticias.com\/v3\/#organization"},"alternateName":"CVI","potentialAction":[{"@type":"SearchAction","target":{"@type":"EntryPoint","urlTemplate":"https:\/\/cvinoticias.com\/v3\/?s={search_term_string}"},"query-input":{"@type":"PropertyValueSpecification","valueRequired":true,"valueName":"search_term_string"}}],"inLanguage":"es"},{"@type":"Organization","@id":"https:\/\/cvinoticias.com\/v3\/#organization","name":"CVI NOTICIAS","url":"https:\/\/cvinoticias.com\/v3\/","logo":{"@type":"ImageObject","inLanguage":"es","@id":"https:\/\/cvinoticias.com\/v3\/#\/schema\/logo\/image\/","url":"https:\/\/cvinoticias.com\/wp-content\/uploads\/2023\/04\/cropped-cropped-cropped-cropped-cropped-3-1.png","contentUrl":"https:\/\/cvinoticias.com\/wp-content\/uploads\/2023\/04\/cropped-cropped-cropped-cropped-cropped-3-1.png","width":95,"height":122,"caption":"CVI NOTICIAS"},"image":{"@id":"https:\/\/cvinoticias.com\/v3\/#\/schema\/logo\/image\/"},"sameAs":["https:\/\/www.facebook.com\/cvinoticias","https:\/\/www.instagram.com\/cvinoticias\/","https:\/\/www.youtube.com\/@CVINOTICIAS"]},{"@type":"Person","@id":"https:\/\/cvinoticias.com\/v3\/#\/schema\/person\/2db77e3c6bc03c538495d7b2b8be9b66","name":"f1000024","image":{"@type":"ImageObject","inLanguage":"es","@id":"https:\/\/secure.gravatar.com\/avatar\/d4fe7459cfc51ff5129ce1a732bbef5928568b8092d412ef95611616376bbeed?s=96&d=mm&r=g","url":"https:\/\/secure.gravatar.com\/avatar\/d4fe7459cfc51ff5129ce1a732bbef5928568b8092d412ef95611616376bbeed?s=96&d=mm&r=g","contentUrl":"https:\/\/secure.gravatar.com\/avatar\/d4fe7459cfc51ff5129ce1a732bbef5928568b8092d412ef95611616376bbeed?s=96&d=mm&r=g","caption":"f1000024"},"url":"https:\/\/cvinoticias.com\/v3\/author\/f1000024\/"}]}},"_links":{"self":[{"href":"https:\/\/cvinoticias.com\/v3\/wp-json\/wp\/v2\/posts\/10579","targetHints":{"allow":["GET"]}}],"collection":[{"href":"https:\/\/cvinoticias.com\/v3\/wp-json\/wp\/v2\/posts"}],"about":[{"href":"https:\/\/cvinoticias.com\/v3\/wp-json\/wp\/v2\/types\/post"}],"author":[{"embeddable":true,"href":"https:\/\/cvinoticias.com\/v3\/wp-json\/wp\/v2\/users\/2"}],"replies":[{"embeddable":true,"href":"https:\/\/cvinoticias.com\/v3\/wp-json\/wp\/v2\/comments?post=10579"}],"version-history":[{"count":1,"href":"https:\/\/cvinoticias.com\/v3\/wp-json\/wp\/v2\/posts\/10579\/revisions"}],"predecessor-version":[{"id":10581,"href":"https:\/\/cvinoticias.com\/v3\/wp-json\/wp\/v2\/posts\/10579\/revisions\/10581"}],"wp:featuredmedia":[{"embeddable":true,"href":"https:\/\/cvinoticias.com\/v3\/wp-json\/wp\/v2\/media\/10580"}],"wp:attachment":[{"href":"https:\/\/cvinoticias.com\/v3\/wp-json\/wp\/v2\/media?parent=10579"}],"wp:term":[{"taxonomy":"category","embeddable":true,"href":"https:\/\/cvinoticias.com\/v3\/wp-json\/wp\/v2\/categories?post=10579"},{"taxonomy":"post_tag","embeddable":true,"href":"https:\/\/cvinoticias.com\/v3\/wp-json\/wp\/v2\/tags?post=10579"}],"curies":[{"name":"wp","href":"https:\/\/api.w.org\/{rel}","templated":true}]}}