{"id":10573,"date":"2021-11-13T12:54:59","date_gmt":"2021-11-13T12:54:59","guid":{"rendered":"https:\/\/cvinoticias.com\/v3\/?p=10573"},"modified":"2021-11-13T12:54:59","modified_gmt":"2021-11-13T12:54:59","slug":"iguazu-se-activo-el-protocolo-para-la-atencion-integral-de-las-personas-con-derecho-a-ive-ile","status":"publish","type":"post","link":"https:\/\/cvinoticias.com\/v3\/iguazu-se-activo-el-protocolo-para-la-atencion-integral-de-las-personas-con-derecho-a-ive-ile\/","title":{"rendered":"Iguaz\u00fa: Se activ\u00f3 el Protocolo para la Atenci\u00f3n Integral de las Personas con Derecho a IVE\/ILE"},"content":{"rendered":"\n<p><strong><em>Es por una ni\u00f1a&nbsp;mbya de 11 a\u00f1os, embarazada de casi 5 meses. Por el hecho interviene el Juzgado de Instrucci\u00f3n N\u00ba3, a cargo del juez Mart\u00edn Brites.<\/em><\/strong><\/p>\n\n\n\n<p>Una ni\u00f1a mbya guaran\u00ed de 11 a\u00f1os con un embarazo de casi cinco meses de gestaci\u00f3n no solo activ\u00f3 el Protocolo para la Atenci\u00f3n Integral de las Personas con Derecho a la Interrupci\u00f3n Voluntaria y Legal del Embarazo en el SAMIC en Puerto Iguaz\u00fa , sino tambi\u00e9n la intervenci\u00f3n de la Justicia a trav\u00e9s del Juzgado de Instrucci\u00f3n N\u00ba3, a cargo del juez Mart\u00edn Brites.<br><br>Las agentes sanitarias mbya de la comunidad Fort\u00edn Mboror\u00e9 fueron quienes detectaron el caso de la ni\u00f1a embarazada y decidieron buscarla en su hogar en resguardo de su integridad y llevarla al Hospital SAMIC de Iguaz\u00fa.<br><br>La ni\u00f1a ingres\u00f3 al SAMIC el viernes pasado, 5 de noviembre, y luego de confirmar que cursa un embarazo de 19 semanas, el \u00e1rea jur\u00eddica de ese nosocomio hizo la denuncia correspondiente a la Comisar\u00eda de la Mujer y de inmediato se dio intervenci\u00f3n al Juzgado de Instrucci\u00f3n N\u00ba 3 de Iguaz\u00fa.<\/p>\n\n\n\n<p><\/p>\n\n\n\n<p><\/p>\n","protected":false},"excerpt":{"rendered":"<p>Es por una ni\u00f1a&nbsp;mbya de 11 a\u00f1os, embarazada de casi 5 meses. Por el hecho interviene el Juzgado de Instrucci\u00f3n N\u00ba3, a cargo del juez Mart\u00edn Brites. Una ni\u00f1a mbya guaran\u00ed de 11 a\u00f1os con un embarazo de casi cinco meses de gestaci\u00f3n no solo activ\u00f3 el Protocolo para la Atenci\u00f3n Integral de las Personas [&hellip;]<\/p>\n","protected":false},"author":2,"featured_media":10574,"comment_status":"open","ping_status":"open","sticky":false,"template":"","format":"standard","meta":{"footnotes":""},"categories":[29],"tags":[],"class_list":["post-10573","post","type-post","status-publish","format-standard","has-post-thumbnail","hentry","category-locales"],"yoast_head":"<!-- This site is optimized with the Yoast SEO plugin v27.5 - https:\/\/yoast.com\/product\/yoast-seo-wordpress\/ -->\n<title>Iguaz\u00fa: Se activ\u00f3 el Protocolo para la Atenci\u00f3n Integral de las Personas con Derecho a IVE\/ILE | CVI NOTICIAS<\/title>\n<meta name=\"robots\" content=\"index, follow, max-snippet:-1, max-image-preview:large, max-video-preview:-1\" \/>\n<link rel=\"canonical\" href=\"https:\/\/cvinoticias.com\/v3\/iguazu-se-activo-el-protocolo-para-la-atencion-integral-de-las-personas-con-derecho-a-ive-ile\/\" \/>\n<meta property=\"og:locale\" content=\"es_ES\" \/>\n<meta property=\"og:type\" content=\"article\" \/>\n<meta property=\"og:title\" content=\"Iguaz\u00fa: Se activ\u00f3 el Protocolo para la Atenci\u00f3n Integral de las Personas con Derecho a IVE\/ILE | CVI NOTICIAS\" \/>\n<meta property=\"og:description\" content=\"Es por una ni\u00f1a&nbsp;mbya de 11 a\u00f1os, embarazada de casi 5 meses. Por el hecho interviene el Juzgado de Instrucci\u00f3n N\u00ba3, a cargo del juez Mart\u00edn Brites. Una ni\u00f1a mbya guaran\u00ed de 11 a\u00f1os con un embarazo de casi cinco meses de gestaci\u00f3n no solo activ\u00f3 el Protocolo para la Atenci\u00f3n Integral de las Personas [&hellip;]\" \/>\n<meta property=\"og:url\" content=\"https:\/\/cvinoticias.com\/v3\/iguazu-se-activo-el-protocolo-para-la-atencion-integral-de-las-personas-con-derecho-a-ive-ile\/\" \/>\n<meta property=\"og:site_name\" content=\"CVI NOTICIAS\" \/>\n<meta property=\"article:publisher\" content=\"https:\/\/www.facebook.com\/cvinoticias\" \/>\n<meta property=\"article:published_time\" content=\"2021-11-13T12:54:59+00:00\" \/>\n<meta property=\"og:image\" content=\"https:\/\/cvinoticias.com\/wp-content\/uploads\/2021\/11\/54e0d98e13f27-640x330-1.jpg\" \/>\n\t<meta property=\"og:image:width\" content=\"471\" \/>\n\t<meta property=\"og:image:height\" content=\"226\" \/>\n\t<meta property=\"og:image:type\" content=\"image\/jpeg\" \/>\n<meta name=\"author\" content=\"f1000024\" \/>\n<meta name=\"twitter:card\" content=\"summary_large_image\" \/>\n<meta name=\"twitter:label1\" content=\"Escrito por\" \/>\n\t<meta name=\"twitter:data1\" content=\"f1000024\" \/>\n\t<meta name=\"twitter:label2\" content=\"Tiempo de lectura\" \/>\n\t<meta name=\"twitter:data2\" content=\"1 minuto\" \/>\n<script type=\"application\/ld+json\" class=\"yoast-schema-graph\">{\"@context\":\"https:\\\/\\\/schema.org\",\"@graph\":[{\"@type\":\"Article\",\"@id\":\"https:\\\/\\\/cvinoticias.com\\\/v3\\\/iguazu-se-activo-el-protocolo-para-la-atencion-integral-de-las-personas-con-derecho-a-ive-ile\\\/#article\",\"isPartOf\":{\"@id\":\"https:\\\/\\\/cvinoticias.com\\\/v3\\\/iguazu-se-activo-el-protocolo-para-la-atencion-integral-de-las-personas-con-derecho-a-ive-ile\\\/\"},\"author\":{\"name\":\"f1000024\",\"@id\":\"https:\\\/\\\/cvinoticias.com\\\/v3\\\/#\\\/schema\\\/person\\\/2db77e3c6bc03c538495d7b2b8be9b66\"},\"headline\":\"Iguaz\u00fa: Se activ\u00f3 el Protocolo para la Atenci\u00f3n Integral de las Personas con Derecho a IVE\\\/ILE\",\"datePublished\":\"2021-11-13T12:54:59+00:00\",\"mainEntityOfPage\":{\"@id\":\"https:\\\/\\\/cvinoticias.com\\\/v3\\\/iguazu-se-activo-el-protocolo-para-la-atencion-integral-de-las-personas-con-derecho-a-ive-ile\\\/\"},\"wordCount\":214,\"commentCount\":0,\"publisher\":{\"@id\":\"https:\\\/\\\/cvinoticias.com\\\/v3\\\/#organization\"},\"image\":{\"@id\":\"https:\\\/\\\/cvinoticias.com\\\/v3\\\/iguazu-se-activo-el-protocolo-para-la-atencion-integral-de-las-personas-con-derecho-a-ive-ile\\\/#primaryimage\"},\"thumbnailUrl\":\"https:\\\/\\\/cvinoticias.com\\\/wp-content\\\/uploads\\\/2021\\\/11\\\/54e0d98e13f27-640x330-1.jpg\",\"articleSection\":[\"Locales\"],\"inLanguage\":\"es\",\"potentialAction\":[{\"@type\":\"CommentAction\",\"name\":\"Comment\",\"target\":[\"https:\\\/\\\/cvinoticias.com\\\/v3\\\/iguazu-se-activo-el-protocolo-para-la-atencion-integral-de-las-personas-con-derecho-a-ive-ile\\\/#respond\"]}]},{\"@type\":\"WebPage\",\"@id\":\"https:\\\/\\\/cvinoticias.com\\\/v3\\\/iguazu-se-activo-el-protocolo-para-la-atencion-integral-de-las-personas-con-derecho-a-ive-ile\\\/\",\"url\":\"https:\\\/\\\/cvinoticias.com\\\/v3\\\/iguazu-se-activo-el-protocolo-para-la-atencion-integral-de-las-personas-con-derecho-a-ive-ile\\\/\",\"name\":\"Iguaz\u00fa: Se activ\u00f3 el Protocolo para la Atenci\u00f3n Integral de las Personas con Derecho a IVE\\\/ILE | CVI NOTICIAS\",\"isPartOf\":{\"@id\":\"https:\\\/\\\/cvinoticias.com\\\/v3\\\/#website\"},\"primaryImageOfPage\":{\"@id\":\"https:\\\/\\\/cvinoticias.com\\\/v3\\\/iguazu-se-activo-el-protocolo-para-la-atencion-integral-de-las-personas-con-derecho-a-ive-ile\\\/#primaryimage\"},\"image\":{\"@id\":\"https:\\\/\\\/cvinoticias.com\\\/v3\\\/iguazu-se-activo-el-protocolo-para-la-atencion-integral-de-las-personas-con-derecho-a-ive-ile\\\/#primaryimage\"},\"thumbnailUrl\":\"https:\\\/\\\/cvinoticias.com\\\/wp-content\\\/uploads\\\/2021\\\/11\\\/54e0d98e13f27-640x330-1.jpg\",\"datePublished\":\"2021-11-13T12:54:59+00:00\",\"breadcrumb\":{\"@id\":\"https:\\\/\\\/cvinoticias.com\\\/v3\\\/iguazu-se-activo-el-protocolo-para-la-atencion-integral-de-las-personas-con-derecho-a-ive-ile\\\/#breadcrumb\"},\"inLanguage\":\"es\",\"potentialAction\":[{\"@type\":\"ReadAction\",\"target\":[\"https:\\\/\\\/cvinoticias.com\\\/v3\\\/iguazu-se-activo-el-protocolo-para-la-atencion-integral-de-las-personas-con-derecho-a-ive-ile\\\/\"]}]},{\"@type\":\"ImageObject\",\"inLanguage\":\"es\",\"@id\":\"https:\\\/\\\/cvinoticias.com\\\/v3\\\/iguazu-se-activo-el-protocolo-para-la-atencion-integral-de-las-personas-con-derecho-a-ive-ile\\\/#primaryimage\",\"url\":\"https:\\\/\\\/cvinoticias.com\\\/wp-content\\\/uploads\\\/2021\\\/11\\\/54e0d98e13f27-640x330-1.jpg\",\"contentUrl\":\"https:\\\/\\\/cvinoticias.com\\\/wp-content\\\/uploads\\\/2021\\\/11\\\/54e0d98e13f27-640x330-1.jpg\",\"width\":471,\"height\":226},{\"@type\":\"BreadcrumbList\",\"@id\":\"https:\\\/\\\/cvinoticias.com\\\/v3\\\/iguazu-se-activo-el-protocolo-para-la-atencion-integral-de-las-personas-con-derecho-a-ive-ile\\\/#breadcrumb\",\"itemListElement\":[{\"@type\":\"ListItem\",\"position\":1,\"name\":\"Portada\",\"item\":\"https:\\\/\\\/cvinoticias.com\\\/v3\\\/\"},{\"@type\":\"ListItem\",\"position\":2,\"name\":\"Iguaz\u00fa: Se activ\u00f3 el Protocolo para la Atenci\u00f3n Integral de las Personas con Derecho a IVE\\\/ILE\"}]},{\"@type\":\"WebSite\",\"@id\":\"https:\\\/\\\/cvinoticias.com\\\/v3\\\/#website\",\"url\":\"https:\\\/\\\/cvinoticias.com\\\/v3\\\/\",\"name\":\"CVI NOTICIAS\",\"description\":\"\",\"publisher\":{\"@id\":\"https:\\\/\\\/cvinoticias.com\\\/v3\\\/#organization\"},\"alternateName\":\"CVI\",\"potentialAction\":[{\"@type\":\"SearchAction\",\"target\":{\"@type\":\"EntryPoint\",\"urlTemplate\":\"https:\\\/\\\/cvinoticias.com\\\/v3\\\/?s={search_term_string}\"},\"query-input\":{\"@type\":\"PropertyValueSpecification\",\"valueRequired\":true,\"valueName\":\"search_term_string\"}}],\"inLanguage\":\"es\"},{\"@type\":\"Organization\",\"@id\":\"https:\\\/\\\/cvinoticias.com\\\/v3\\\/#organization\",\"name\":\"CVI NOTICIAS\",\"url\":\"https:\\\/\\\/cvinoticias.com\\\/v3\\\/\",\"logo\":{\"@type\":\"ImageObject\",\"inLanguage\":\"es\",\"@id\":\"https:\\\/\\\/cvinoticias.com\\\/v3\\\/#\\\/schema\\\/logo\\\/image\\\/\",\"url\":\"https:\\\/\\\/cvinoticias.com\\\/wp-content\\\/uploads\\\/2023\\\/04\\\/cropped-cropped-cropped-cropped-cropped-3-1.png\",\"contentUrl\":\"https:\\\/\\\/cvinoticias.com\\\/wp-content\\\/uploads\\\/2023\\\/04\\\/cropped-cropped-cropped-cropped-cropped-3-1.png\",\"width\":95,\"height\":122,\"caption\":\"CVI NOTICIAS\"},\"image\":{\"@id\":\"https:\\\/\\\/cvinoticias.com\\\/v3\\\/#\\\/schema\\\/logo\\\/image\\\/\"},\"sameAs\":[\"https:\\\/\\\/www.facebook.com\\\/cvinoticias\",\"https:\\\/\\\/www.instagram.com\\\/cvinoticias\\\/\",\"https:\\\/\\\/www.youtube.com\\\/@CVINOTICIAS\"]},{\"@type\":\"Person\",\"@id\":\"https:\\\/\\\/cvinoticias.com\\\/v3\\\/#\\\/schema\\\/person\\\/2db77e3c6bc03c538495d7b2b8be9b66\",\"name\":\"f1000024\",\"image\":{\"@type\":\"ImageObject\",\"inLanguage\":\"es\",\"@id\":\"https:\\\/\\\/secure.gravatar.com\\\/avatar\\\/d4fe7459cfc51ff5129ce1a732bbef5928568b8092d412ef95611616376bbeed?s=96&d=mm&r=g\",\"url\":\"https:\\\/\\\/secure.gravatar.com\\\/avatar\\\/d4fe7459cfc51ff5129ce1a732bbef5928568b8092d412ef95611616376bbeed?s=96&d=mm&r=g\",\"contentUrl\":\"https:\\\/\\\/secure.gravatar.com\\\/avatar\\\/d4fe7459cfc51ff5129ce1a732bbef5928568b8092d412ef95611616376bbeed?s=96&d=mm&r=g\",\"caption\":\"f1000024\"},\"url\":\"https:\\\/\\\/cvinoticias.com\\\/v3\\\/author\\\/f1000024\\\/\"}]}<\/script>\n<!-- \/ Yoast SEO plugin. -->","yoast_head_json":{"title":"Iguaz\u00fa: Se activ\u00f3 el Protocolo para la Atenci\u00f3n Integral de las Personas con Derecho a IVE\/ILE | CVI NOTICIAS","robots":{"index":"index","follow":"follow","max-snippet":"max-snippet:-1","max-image-preview":"max-image-preview:large","max-video-preview":"max-video-preview:-1"},"canonical":"https:\/\/cvinoticias.com\/v3\/iguazu-se-activo-el-protocolo-para-la-atencion-integral-de-las-personas-con-derecho-a-ive-ile\/","og_locale":"es_ES","og_type":"article","og_title":"Iguaz\u00fa: Se activ\u00f3 el Protocolo para la Atenci\u00f3n Integral de las Personas con Derecho a IVE\/ILE | CVI NOTICIAS","og_description":"Es por una ni\u00f1a&nbsp;mbya de 11 a\u00f1os, embarazada de casi 5 meses. Por el hecho interviene el Juzgado de Instrucci\u00f3n N\u00ba3, a cargo del juez Mart\u00edn Brites. Una ni\u00f1a mbya guaran\u00ed de 11 a\u00f1os con un embarazo de casi cinco meses de gestaci\u00f3n no solo activ\u00f3 el Protocolo para la Atenci\u00f3n Integral de las Personas [&hellip;]","og_url":"https:\/\/cvinoticias.com\/v3\/iguazu-se-activo-el-protocolo-para-la-atencion-integral-de-las-personas-con-derecho-a-ive-ile\/","og_site_name":"CVI NOTICIAS","article_publisher":"https:\/\/www.facebook.com\/cvinoticias","article_published_time":"2021-11-13T12:54:59+00:00","og_image":[{"width":471,"height":226,"url":"https:\/\/cvinoticias.com\/wp-content\/uploads\/2021\/11\/54e0d98e13f27-640x330-1.jpg","type":"image\/jpeg"}],"author":"f1000024","twitter_card":"summary_large_image","twitter_misc":{"Escrito por":"f1000024","Tiempo de lectura":"1 minuto"},"schema":{"@context":"https:\/\/schema.org","@graph":[{"@type":"Article","@id":"https:\/\/cvinoticias.com\/v3\/iguazu-se-activo-el-protocolo-para-la-atencion-integral-de-las-personas-con-derecho-a-ive-ile\/#article","isPartOf":{"@id":"https:\/\/cvinoticias.com\/v3\/iguazu-se-activo-el-protocolo-para-la-atencion-integral-de-las-personas-con-derecho-a-ive-ile\/"},"author":{"name":"f1000024","@id":"https:\/\/cvinoticias.com\/v3\/#\/schema\/person\/2db77e3c6bc03c538495d7b2b8be9b66"},"headline":"Iguaz\u00fa: Se activ\u00f3 el Protocolo para la Atenci\u00f3n Integral de las Personas con Derecho a IVE\/ILE","datePublished":"2021-11-13T12:54:59+00:00","mainEntityOfPage":{"@id":"https:\/\/cvinoticias.com\/v3\/iguazu-se-activo-el-protocolo-para-la-atencion-integral-de-las-personas-con-derecho-a-ive-ile\/"},"wordCount":214,"commentCount":0,"publisher":{"@id":"https:\/\/cvinoticias.com\/v3\/#organization"},"image":{"@id":"https:\/\/cvinoticias.com\/v3\/iguazu-se-activo-el-protocolo-para-la-atencion-integral-de-las-personas-con-derecho-a-ive-ile\/#primaryimage"},"thumbnailUrl":"https:\/\/cvinoticias.com\/wp-content\/uploads\/2021\/11\/54e0d98e13f27-640x330-1.jpg","articleSection":["Locales"],"inLanguage":"es","potentialAction":[{"@type":"CommentAction","name":"Comment","target":["https:\/\/cvinoticias.com\/v3\/iguazu-se-activo-el-protocolo-para-la-atencion-integral-de-las-personas-con-derecho-a-ive-ile\/#respond"]}]},{"@type":"WebPage","@id":"https:\/\/cvinoticias.com\/v3\/iguazu-se-activo-el-protocolo-para-la-atencion-integral-de-las-personas-con-derecho-a-ive-ile\/","url":"https:\/\/cvinoticias.com\/v3\/iguazu-se-activo-el-protocolo-para-la-atencion-integral-de-las-personas-con-derecho-a-ive-ile\/","name":"Iguaz\u00fa: Se activ\u00f3 el Protocolo para la Atenci\u00f3n Integral de las Personas con Derecho a IVE\/ILE | CVI NOTICIAS","isPartOf":{"@id":"https:\/\/cvinoticias.com\/v3\/#website"},"primaryImageOfPage":{"@id":"https:\/\/cvinoticias.com\/v3\/iguazu-se-activo-el-protocolo-para-la-atencion-integral-de-las-personas-con-derecho-a-ive-ile\/#primaryimage"},"image":{"@id":"https:\/\/cvinoticias.com\/v3\/iguazu-se-activo-el-protocolo-para-la-atencion-integral-de-las-personas-con-derecho-a-ive-ile\/#primaryimage"},"thumbnailUrl":"https:\/\/cvinoticias.com\/wp-content\/uploads\/2021\/11\/54e0d98e13f27-640x330-1.jpg","datePublished":"2021-11-13T12:54:59+00:00","breadcrumb":{"@id":"https:\/\/cvinoticias.com\/v3\/iguazu-se-activo-el-protocolo-para-la-atencion-integral-de-las-personas-con-derecho-a-ive-ile\/#breadcrumb"},"inLanguage":"es","potentialAction":[{"@type":"ReadAction","target":["https:\/\/cvinoticias.com\/v3\/iguazu-se-activo-el-protocolo-para-la-atencion-integral-de-las-personas-con-derecho-a-ive-ile\/"]}]},{"@type":"ImageObject","inLanguage":"es","@id":"https:\/\/cvinoticias.com\/v3\/iguazu-se-activo-el-protocolo-para-la-atencion-integral-de-las-personas-con-derecho-a-ive-ile\/#primaryimage","url":"https:\/\/cvinoticias.com\/wp-content\/uploads\/2021\/11\/54e0d98e13f27-640x330-1.jpg","contentUrl":"https:\/\/cvinoticias.com\/wp-content\/uploads\/2021\/11\/54e0d98e13f27-640x330-1.jpg","width":471,"height":226},{"@type":"BreadcrumbList","@id":"https:\/\/cvinoticias.com\/v3\/iguazu-se-activo-el-protocolo-para-la-atencion-integral-de-las-personas-con-derecho-a-ive-ile\/#breadcrumb","itemListElement":[{"@type":"ListItem","position":1,"name":"Portada","item":"https:\/\/cvinoticias.com\/v3\/"},{"@type":"ListItem","position":2,"name":"Iguaz\u00fa: Se activ\u00f3 el Protocolo para la Atenci\u00f3n Integral de las Personas con Derecho a IVE\/ILE"}]},{"@type":"WebSite","@id":"https:\/\/cvinoticias.com\/v3\/#website","url":"https:\/\/cvinoticias.com\/v3\/","name":"CVI NOTICIAS","description":"","publisher":{"@id":"https:\/\/cvinoticias.com\/v3\/#organization"},"alternateName":"CVI","potentialAction":[{"@type":"SearchAction","target":{"@type":"EntryPoint","urlTemplate":"https:\/\/cvinoticias.com\/v3\/?s={search_term_string}"},"query-input":{"@type":"PropertyValueSpecification","valueRequired":true,"valueName":"search_term_string"}}],"inLanguage":"es"},{"@type":"Organization","@id":"https:\/\/cvinoticias.com\/v3\/#organization","name":"CVI NOTICIAS","url":"https:\/\/cvinoticias.com\/v3\/","logo":{"@type":"ImageObject","inLanguage":"es","@id":"https:\/\/cvinoticias.com\/v3\/#\/schema\/logo\/image\/","url":"https:\/\/cvinoticias.com\/wp-content\/uploads\/2023\/04\/cropped-cropped-cropped-cropped-cropped-3-1.png","contentUrl":"https:\/\/cvinoticias.com\/wp-content\/uploads\/2023\/04\/cropped-cropped-cropped-cropped-cropped-3-1.png","width":95,"height":122,"caption":"CVI NOTICIAS"},"image":{"@id":"https:\/\/cvinoticias.com\/v3\/#\/schema\/logo\/image\/"},"sameAs":["https:\/\/www.facebook.com\/cvinoticias","https:\/\/www.instagram.com\/cvinoticias\/","https:\/\/www.youtube.com\/@CVINOTICIAS"]},{"@type":"Person","@id":"https:\/\/cvinoticias.com\/v3\/#\/schema\/person\/2db77e3c6bc03c538495d7b2b8be9b66","name":"f1000024","image":{"@type":"ImageObject","inLanguage":"es","@id":"https:\/\/secure.gravatar.com\/avatar\/d4fe7459cfc51ff5129ce1a732bbef5928568b8092d412ef95611616376bbeed?s=96&d=mm&r=g","url":"https:\/\/secure.gravatar.com\/avatar\/d4fe7459cfc51ff5129ce1a732bbef5928568b8092d412ef95611616376bbeed?s=96&d=mm&r=g","contentUrl":"https:\/\/secure.gravatar.com\/avatar\/d4fe7459cfc51ff5129ce1a732bbef5928568b8092d412ef95611616376bbeed?s=96&d=mm&r=g","caption":"f1000024"},"url":"https:\/\/cvinoticias.com\/v3\/author\/f1000024\/"}]}},"_links":{"self":[{"href":"https:\/\/cvinoticias.com\/v3\/wp-json\/wp\/v2\/posts\/10573","targetHints":{"allow":["GET"]}}],"collection":[{"href":"https:\/\/cvinoticias.com\/v3\/wp-json\/wp\/v2\/posts"}],"about":[{"href":"https:\/\/cvinoticias.com\/v3\/wp-json\/wp\/v2\/types\/post"}],"author":[{"embeddable":true,"href":"https:\/\/cvinoticias.com\/v3\/wp-json\/wp\/v2\/users\/2"}],"replies":[{"embeddable":true,"href":"https:\/\/cvinoticias.com\/v3\/wp-json\/wp\/v2\/comments?post=10573"}],"version-history":[{"count":1,"href":"https:\/\/cvinoticias.com\/v3\/wp-json\/wp\/v2\/posts\/10573\/revisions"}],"predecessor-version":[{"id":10575,"href":"https:\/\/cvinoticias.com\/v3\/wp-json\/wp\/v2\/posts\/10573\/revisions\/10575"}],"wp:featuredmedia":[{"embeddable":true,"href":"https:\/\/cvinoticias.com\/v3\/wp-json\/wp\/v2\/media\/10574"}],"wp:attachment":[{"href":"https:\/\/cvinoticias.com\/v3\/wp-json\/wp\/v2\/media?parent=10573"}],"wp:term":[{"taxonomy":"category","embeddable":true,"href":"https:\/\/cvinoticias.com\/v3\/wp-json\/wp\/v2\/categories?post=10573"},{"taxonomy":"post_tag","embeddable":true,"href":"https:\/\/cvinoticias.com\/v3\/wp-json\/wp\/v2\/tags?post=10573"}],"curies":[{"name":"wp","href":"https:\/\/api.w.org\/{rel}","templated":true}]}}