{"id":10533,"date":"2021-11-11T17:20:28","date_gmt":"2021-11-11T17:20:28","guid":{"rendered":"https:\/\/cvinoticias.com\/v3\/?p=10533"},"modified":"2021-11-11T17:20:28","modified_gmt":"2021-11-11T17:20:28","slug":"destacaron-el-trabajo-conjunto-entre-el-sector-publico-y-privado-en-el-lanzamiento-del-ahora-eventos","status":"publish","type":"post","link":"https:\/\/cvinoticias.com\/v3\/destacaron-el-trabajo-conjunto-entre-el-sector-publico-y-privado-en-el-lanzamiento-del-ahora-eventos\/","title":{"rendered":"Destacaron el trabajo conjunto entre el sector P\u00fablico y Privado en el lanzamiento del :Ahora Eventos\u00bb"},"content":{"rendered":"\n<p><strong><em>El Gobernador, juntos a representantes del sector empresario y comercial, anunci\u00f3 la puesta en marcha del \u201cAhora Eventos\u201d, un nuevo programa provincial que suma beneficios al \u201cAhora Misiones\u201d y al \u201cAhora Monedero\u201d. Tendr\u00e1 vigencia de lunes a mi\u00e9rcoles, con hasta 12 cuotas sin inter\u00e9s y reintegros de hasta 25%. En consonancia, Herrera Ahuad inform\u00f3 que el programa \u201cAhora Misiones+21\u201d, anunciado ayer, estar\u00e1 operativo a partir del 21 de diciembre.<\/em><\/strong><\/p>\n\n\n\n<p>Esta ma\u00f1ana, con el acompa\u00f1amiento de representantes del sector comercial y empresarial, el gobernador Oscar Herrera Ahuad present\u00f3 \u201cAhora Eventos\u201d, un nuevo programa provincial que suma beneficios a los ya activos \u201cAhora Misiones\u201d y \u201cAhora Monedero\u201d. Adem\u00e1s, anunci\u00f3 que a partir del 20 de diciembre se va a implementar ya en toda su dimensi\u00f3n el programa \u201cAhora Misiones+21\u201d especialmente para las temporadas de las fiestas para que los consumidores obtengan un descuento del 21%.<\/p>\n\n\n\n<p>En cuanto al programa \u201cAhora Eventos\u201d, el mandatario dio cuenta que est\u00e1 enfocado para que el \u00e1rea econ\u00f3mica de Misiones tenga \u201cel flujo financiero necesario para poder seguir avanzando con sus metas y con sus prop\u00f3sitos\u201d. Sobre todo, para el sector relacionado con eventos y fiestas, que fue uno de los m\u00e1s golpeados por la pandemia, porque \u201crepresenta un sector muy importante de la sociedad misionera, sobre todo para los tiempos dif\u00edciles y complejos que transita porque son servicios que hacen al bienestar del ser humano, de la persona\u201d, un bienestar relacionado al encuentro con las familias y amistades.<\/p>\n\n\n\n<p>En esa misma l\u00ednea, pidi\u00f3 a los diversos rubros que comprenden la iniciativa que se adhieran para que los beneficios puedan llegar a todos los misioneros.<\/p>\n\n\n\n<p>Por otro lado, a pesar de las cr\u00edticas que afirman que estos programas generan un gasto, Herrera Ahuad ratific\u00f3 que se trata de \u201cuna enorme inversi\u00f3n en la sociedad misionera\u201d. Tambi\u00e9n, recalc\u00f3 que el beneficio incluye a los consumidores que son los principales beneficiarios de estas pol\u00edticas p\u00fablicas de los programas de descuentos. Inclusive, se\u00f1al\u00f3 que \u201cMisiones no emite moneda, pero tiene pol\u00edticas p\u00fablicas para controlar los procesos inflacionarios y que no lleguen al bolsillo de nuestro pueblo\u201d. Y hacia al final, agradeci\u00f3 a las entidades financieras involucradas en la puesta en marcha de la nueva propuesta.<\/p>\n\n\n\n<figure class=\"wp-block-image size-large\"><a href=\"https:\/\/cvinoticias.com\/wp-content\/uploads\/2021\/11\/FB_IMG_1636650835213.jpg\"><img decoding=\"async\" width=\"1024\" height=\"683\" data-src=\"https:\/\/cvinoticias.com\/wp-content\/uploads\/2021\/11\/FB_IMG_1636650835213-1024x683.jpg\" alt=\"\" class=\"wp-image-10534 lazyload\" data-srcset=\"https:\/\/cvinoticias.com\/wp-content\/uploads\/2021\/11\/FB_IMG_1636650835213-1024x683.jpg 1024w, https:\/\/cvinoticias.com\/wp-content\/uploads\/2021\/11\/FB_IMG_1636650835213-300x200.jpg 300w, https:\/\/cvinoticias.com\/wp-content\/uploads\/2021\/11\/FB_IMG_1636650835213-768x512.jpg 768w, https:\/\/cvinoticias.com\/wp-content\/uploads\/2021\/11\/FB_IMG_1636650835213.jpg 1080w\" data-sizes=\"(max-width: 1024px) 100vw, 1024px\" src=\"data:image\/svg+xml;base64,PHN2ZyB3aWR0aD0iMSIgaGVpZ2h0PSIxIiB4bWxucz0iaHR0cDovL3d3dy53My5vcmcvMjAwMC9zdmciPjwvc3ZnPg==\" style=\"--smush-placeholder-width: 1024px; --smush-placeholder-aspect-ratio: 1024\/683;\" \/><\/a><\/figure>\n\n\n\n<p>En tanto, el ministro de Hacienda Adolfo Safr\u00e1n ofreci\u00f3 detalles del programa e inform\u00f3 que todas aquellas empresas, entidades y comercios que quieran adherirse pueden hacerlo partir del d\u00eda de la fecha. Por su parte los representantes del sector privado destacaron el valor de la propuesta por generar un ecosistema de trabajo entre el sector privado y el p\u00fablico.<\/p>\n\n\n\n<p>En cuanto a las autoridades que acompa\u00f1aron el anuncio, estuvieron el presidente de la Asociaci\u00f3n Misionera de Proveedores y Organizadores de Eventos (AMPROE), Gast\u00f3n Jilek; el presidente de la C\u00e1mara de Comercio de Posadas, Sergio Bresiski; el presidente de la Confederaci\u00f3n Econ\u00f3mica de Misiones, Alejandro Haene; el representante de Billetera Virtual Yacar\u00e9, Francisco Formanovich, el representante del Banco Macro, Miguel \u00c1ngel Ayala, adem\u00e1s de otros funcionarios p\u00fablicos.<\/p>\n\n\n\n<p><strong>UN PROGRAMA ESPECIAL PARA FIESTAS Y EVENTOS<\/strong><\/p>\n\n\n\n<p>Entre los beneficios -vigentes de lunes a mi\u00e9rcoles- con \u201cAhora Misiones\u201d se cuentan la posibilidad de comprar con hasta 12 cuotas sin intereses y 15 o 20% de reintegro pagando con tarjetas del Macro, Naci\u00f3n y Credicoop. El tope es de hasta $70.000 y reintegros de 25% o 20% con tope de reintegro de $5500. En tanto, con \u201cAhora Monedero\u201d se cuenta con un 20 o 25% de reintegro pagando con billetera virtual Yacar\u00e9 y con tope de reintegro de $3.000.<\/p>\n\n\n\n<p>Este programa cubre los rubros organizaci\u00f3n, coordinaci\u00f3n, sonido e iluminaci\u00f3n (abarcar\u00eda toda la parte t\u00e9cnica), decoraci\u00f3n, ambientaci\u00f3n, catering, barras de tragos, salones de eventos, fotograf\u00eda, filmaci\u00f3n, producci\u00f3n audiovisual, dj \u2013 animador, efectos especiales, vajilla y manteler\u00eda, alquiler de muebles, streaming, pantallas y proyectores como pasteler\u00eda (torta y mesas de dulces).<\/p>\n\n\n\n<figure class=\"wp-block-image size-large\"><a href=\"https:\/\/cvinoticias.com\/wp-content\/uploads\/2021\/11\/FB_IMG_1636650832323.jpg\"><img decoding=\"async\" width=\"1024\" height=\"683\" data-src=\"https:\/\/cvinoticias.com\/wp-content\/uploads\/2021\/11\/FB_IMG_1636650832323-1024x683.jpg\" alt=\"\" class=\"wp-image-10535 lazyload\" data-srcset=\"https:\/\/cvinoticias.com\/wp-content\/uploads\/2021\/11\/FB_IMG_1636650832323-1024x683.jpg 1024w, https:\/\/cvinoticias.com\/wp-content\/uploads\/2021\/11\/FB_IMG_1636650832323-300x200.jpg 300w, https:\/\/cvinoticias.com\/wp-content\/uploads\/2021\/11\/FB_IMG_1636650832323-768x512.jpg 768w, https:\/\/cvinoticias.com\/wp-content\/uploads\/2021\/11\/FB_IMG_1636650832323.jpg 1080w\" data-sizes=\"(max-width: 1024px) 100vw, 1024px\" src=\"data:image\/svg+xml;base64,PHN2ZyB3aWR0aD0iMSIgaGVpZ2h0PSIxIiB4bWxucz0iaHR0cDovL3d3dy53My5vcmcvMjAwMC9zdmciPjwvc3ZnPg==\" style=\"--smush-placeholder-width: 1024px; --smush-placeholder-aspect-ratio: 1024\/683;\" \/><\/a><\/figure>\n","protected":false},"excerpt":{"rendered":"<p>El Gobernador, juntos a representantes del sector empresario y comercial, anunci\u00f3 la puesta en marcha del \u201cAhora Eventos\u201d, un nuevo programa provincial que suma beneficios al \u201cAhora Misiones\u201d y al \u201cAhora Monedero\u201d. Tendr\u00e1 vigencia de lunes a mi\u00e9rcoles, con hasta 12 cuotas sin inter\u00e9s y reintegros de hasta 25%. En consonancia, Herrera Ahuad inform\u00f3 que [&hellip;]<\/p>\n","protected":false},"author":2,"featured_media":10536,"comment_status":"open","ping_status":"open","sticky":false,"template":"","format":"standard","meta":{"footnotes":""},"categories":[43],"tags":[],"class_list":["post-10533","post","type-post","status-publish","format-standard","has-post-thumbnail","hentry","category-provinciales"],"yoast_head":"<!-- This site is optimized with the Yoast SEO plugin v27.5 - https:\/\/yoast.com\/product\/yoast-seo-wordpress\/ -->\n<title>Destacaron el trabajo conjunto entre el sector P\u00fablico y Privado en el lanzamiento del :Ahora Eventos&quot; | CVI NOTICIAS<\/title>\n<meta name=\"robots\" content=\"index, follow, max-snippet:-1, max-image-preview:large, max-video-preview:-1\" \/>\n<link rel=\"canonical\" href=\"https:\/\/cvinoticias.com\/v3\/destacaron-el-trabajo-conjunto-entre-el-sector-publico-y-privado-en-el-lanzamiento-del-ahora-eventos\/\" \/>\n<meta property=\"og:locale\" content=\"es_ES\" \/>\n<meta property=\"og:type\" content=\"article\" \/>\n<meta property=\"og:title\" content=\"Destacaron el trabajo conjunto entre el sector P\u00fablico y Privado en el lanzamiento del :Ahora Eventos&quot; | CVI NOTICIAS\" \/>\n<meta property=\"og:description\" content=\"El Gobernador, juntos a representantes del sector empresario y comercial, anunci\u00f3 la puesta en marcha del \u201cAhora Eventos\u201d, un nuevo programa provincial que suma beneficios al \u201cAhora Misiones\u201d y al \u201cAhora Monedero\u201d. Tendr\u00e1 vigencia de lunes a mi\u00e9rcoles, con hasta 12 cuotas sin inter\u00e9s y reintegros de hasta 25%. En consonancia, Herrera Ahuad inform\u00f3 que [&hellip;]\" \/>\n<meta property=\"og:url\" content=\"https:\/\/cvinoticias.com\/v3\/destacaron-el-trabajo-conjunto-entre-el-sector-publico-y-privado-en-el-lanzamiento-del-ahora-eventos\/\" \/>\n<meta property=\"og:site_name\" content=\"CVI NOTICIAS\" \/>\n<meta property=\"article:publisher\" content=\"https:\/\/www.facebook.com\/cvinoticias\" \/>\n<meta property=\"article:published_time\" content=\"2021-11-11T17:20:28+00:00\" \/>\n<meta property=\"og:image\" content=\"https:\/\/cvinoticias.com\/wp-content\/uploads\/2021\/11\/FB_IMG_1636650829405.jpg\" \/>\n\t<meta property=\"og:image:width\" content=\"1080\" \/>\n\t<meta property=\"og:image:height\" content=\"720\" \/>\n\t<meta property=\"og:image:type\" content=\"image\/jpeg\" \/>\n<meta name=\"author\" content=\"f1000024\" \/>\n<meta name=\"twitter:card\" content=\"summary_large_image\" \/>\n<meta name=\"twitter:label1\" content=\"Escrito por\" \/>\n\t<meta name=\"twitter:data1\" content=\"f1000024\" \/>\n\t<meta name=\"twitter:label2\" content=\"Tiempo de lectura\" \/>\n\t<meta name=\"twitter:data2\" content=\"3 minutos\" \/>\n<script type=\"application\/ld+json\" class=\"yoast-schema-graph\">{\"@context\":\"https:\\\/\\\/schema.org\",\"@graph\":[{\"@type\":\"Article\",\"@id\":\"https:\\\/\\\/cvinoticias.com\\\/v3\\\/destacaron-el-trabajo-conjunto-entre-el-sector-publico-y-privado-en-el-lanzamiento-del-ahora-eventos\\\/#article\",\"isPartOf\":{\"@id\":\"https:\\\/\\\/cvinoticias.com\\\/v3\\\/destacaron-el-trabajo-conjunto-entre-el-sector-publico-y-privado-en-el-lanzamiento-del-ahora-eventos\\\/\"},\"author\":{\"name\":\"f1000024\",\"@id\":\"https:\\\/\\\/cvinoticias.com\\\/v3\\\/#\\\/schema\\\/person\\\/2db77e3c6bc03c538495d7b2b8be9b66\"},\"headline\":\"Destacaron el trabajo conjunto entre el sector P\u00fablico y Privado en el lanzamiento del :Ahora Eventos\u00bb\",\"datePublished\":\"2021-11-11T17:20:28+00:00\",\"mainEntityOfPage\":{\"@id\":\"https:\\\/\\\/cvinoticias.com\\\/v3\\\/destacaron-el-trabajo-conjunto-entre-el-sector-publico-y-privado-en-el-lanzamiento-del-ahora-eventos\\\/\"},\"wordCount\":674,\"commentCount\":0,\"publisher\":{\"@id\":\"https:\\\/\\\/cvinoticias.com\\\/v3\\\/#organization\"},\"image\":{\"@id\":\"https:\\\/\\\/cvinoticias.com\\\/v3\\\/destacaron-el-trabajo-conjunto-entre-el-sector-publico-y-privado-en-el-lanzamiento-del-ahora-eventos\\\/#primaryimage\"},\"thumbnailUrl\":\"https:\\\/\\\/cvinoticias.com\\\/wp-content\\\/uploads\\\/2021\\\/11\\\/FB_IMG_1636650829405.jpg\",\"articleSection\":[\"Provinciales\"],\"inLanguage\":\"es\",\"potentialAction\":[{\"@type\":\"CommentAction\",\"name\":\"Comment\",\"target\":[\"https:\\\/\\\/cvinoticias.com\\\/v3\\\/destacaron-el-trabajo-conjunto-entre-el-sector-publico-y-privado-en-el-lanzamiento-del-ahora-eventos\\\/#respond\"]}]},{\"@type\":\"WebPage\",\"@id\":\"https:\\\/\\\/cvinoticias.com\\\/v3\\\/destacaron-el-trabajo-conjunto-entre-el-sector-publico-y-privado-en-el-lanzamiento-del-ahora-eventos\\\/\",\"url\":\"https:\\\/\\\/cvinoticias.com\\\/v3\\\/destacaron-el-trabajo-conjunto-entre-el-sector-publico-y-privado-en-el-lanzamiento-del-ahora-eventos\\\/\",\"name\":\"Destacaron el trabajo conjunto entre el sector P\u00fablico y Privado en el lanzamiento del :Ahora Eventos\\\" | CVI NOTICIAS\",\"isPartOf\":{\"@id\":\"https:\\\/\\\/cvinoticias.com\\\/v3\\\/#website\"},\"primaryImageOfPage\":{\"@id\":\"https:\\\/\\\/cvinoticias.com\\\/v3\\\/destacaron-el-trabajo-conjunto-entre-el-sector-publico-y-privado-en-el-lanzamiento-del-ahora-eventos\\\/#primaryimage\"},\"image\":{\"@id\":\"https:\\\/\\\/cvinoticias.com\\\/v3\\\/destacaron-el-trabajo-conjunto-entre-el-sector-publico-y-privado-en-el-lanzamiento-del-ahora-eventos\\\/#primaryimage\"},\"thumbnailUrl\":\"https:\\\/\\\/cvinoticias.com\\\/wp-content\\\/uploads\\\/2021\\\/11\\\/FB_IMG_1636650829405.jpg\",\"datePublished\":\"2021-11-11T17:20:28+00:00\",\"breadcrumb\":{\"@id\":\"https:\\\/\\\/cvinoticias.com\\\/v3\\\/destacaron-el-trabajo-conjunto-entre-el-sector-publico-y-privado-en-el-lanzamiento-del-ahora-eventos\\\/#breadcrumb\"},\"inLanguage\":\"es\",\"potentialAction\":[{\"@type\":\"ReadAction\",\"target\":[\"https:\\\/\\\/cvinoticias.com\\\/v3\\\/destacaron-el-trabajo-conjunto-entre-el-sector-publico-y-privado-en-el-lanzamiento-del-ahora-eventos\\\/\"]}]},{\"@type\":\"ImageObject\",\"inLanguage\":\"es\",\"@id\":\"https:\\\/\\\/cvinoticias.com\\\/v3\\\/destacaron-el-trabajo-conjunto-entre-el-sector-publico-y-privado-en-el-lanzamiento-del-ahora-eventos\\\/#primaryimage\",\"url\":\"https:\\\/\\\/cvinoticias.com\\\/wp-content\\\/uploads\\\/2021\\\/11\\\/FB_IMG_1636650829405.jpg\",\"contentUrl\":\"https:\\\/\\\/cvinoticias.com\\\/wp-content\\\/uploads\\\/2021\\\/11\\\/FB_IMG_1636650829405.jpg\",\"width\":1080,\"height\":720},{\"@type\":\"BreadcrumbList\",\"@id\":\"https:\\\/\\\/cvinoticias.com\\\/v3\\\/destacaron-el-trabajo-conjunto-entre-el-sector-publico-y-privado-en-el-lanzamiento-del-ahora-eventos\\\/#breadcrumb\",\"itemListElement\":[{\"@type\":\"ListItem\",\"position\":1,\"name\":\"Portada\",\"item\":\"https:\\\/\\\/cvinoticias.com\\\/v3\\\/\"},{\"@type\":\"ListItem\",\"position\":2,\"name\":\"Destacaron el trabajo conjunto entre el sector P\u00fablico y Privado en el lanzamiento del :Ahora Eventos\u00bb\"}]},{\"@type\":\"WebSite\",\"@id\":\"https:\\\/\\\/cvinoticias.com\\\/v3\\\/#website\",\"url\":\"https:\\\/\\\/cvinoticias.com\\\/v3\\\/\",\"name\":\"CVI NOTICIAS\",\"description\":\"\",\"publisher\":{\"@id\":\"https:\\\/\\\/cvinoticias.com\\\/v3\\\/#organization\"},\"alternateName\":\"CVI\",\"potentialAction\":[{\"@type\":\"SearchAction\",\"target\":{\"@type\":\"EntryPoint\",\"urlTemplate\":\"https:\\\/\\\/cvinoticias.com\\\/v3\\\/?s={search_term_string}\"},\"query-input\":{\"@type\":\"PropertyValueSpecification\",\"valueRequired\":true,\"valueName\":\"search_term_string\"}}],\"inLanguage\":\"es\"},{\"@type\":\"Organization\",\"@id\":\"https:\\\/\\\/cvinoticias.com\\\/v3\\\/#organization\",\"name\":\"CVI NOTICIAS\",\"url\":\"https:\\\/\\\/cvinoticias.com\\\/v3\\\/\",\"logo\":{\"@type\":\"ImageObject\",\"inLanguage\":\"es\",\"@id\":\"https:\\\/\\\/cvinoticias.com\\\/v3\\\/#\\\/schema\\\/logo\\\/image\\\/\",\"url\":\"https:\\\/\\\/cvinoticias.com\\\/wp-content\\\/uploads\\\/2023\\\/04\\\/cropped-cropped-cropped-cropped-cropped-3-1.png\",\"contentUrl\":\"https:\\\/\\\/cvinoticias.com\\\/wp-content\\\/uploads\\\/2023\\\/04\\\/cropped-cropped-cropped-cropped-cropped-3-1.png\",\"width\":95,\"height\":122,\"caption\":\"CVI NOTICIAS\"},\"image\":{\"@id\":\"https:\\\/\\\/cvinoticias.com\\\/v3\\\/#\\\/schema\\\/logo\\\/image\\\/\"},\"sameAs\":[\"https:\\\/\\\/www.facebook.com\\\/cvinoticias\",\"https:\\\/\\\/www.instagram.com\\\/cvinoticias\\\/\",\"https:\\\/\\\/www.youtube.com\\\/@CVINOTICIAS\"]},{\"@type\":\"Person\",\"@id\":\"https:\\\/\\\/cvinoticias.com\\\/v3\\\/#\\\/schema\\\/person\\\/2db77e3c6bc03c538495d7b2b8be9b66\",\"name\":\"f1000024\",\"image\":{\"@type\":\"ImageObject\",\"inLanguage\":\"es\",\"@id\":\"https:\\\/\\\/secure.gravatar.com\\\/avatar\\\/d4fe7459cfc51ff5129ce1a732bbef5928568b8092d412ef95611616376bbeed?s=96&d=mm&r=g\",\"url\":\"https:\\\/\\\/secure.gravatar.com\\\/avatar\\\/d4fe7459cfc51ff5129ce1a732bbef5928568b8092d412ef95611616376bbeed?s=96&d=mm&r=g\",\"contentUrl\":\"https:\\\/\\\/secure.gravatar.com\\\/avatar\\\/d4fe7459cfc51ff5129ce1a732bbef5928568b8092d412ef95611616376bbeed?s=96&d=mm&r=g\",\"caption\":\"f1000024\"},\"url\":\"https:\\\/\\\/cvinoticias.com\\\/v3\\\/author\\\/f1000024\\\/\"}]}<\/script>\n<!-- \/ Yoast SEO plugin. -->","yoast_head_json":{"title":"Destacaron el trabajo conjunto entre el sector P\u00fablico y Privado en el lanzamiento del :Ahora Eventos\" | CVI NOTICIAS","robots":{"index":"index","follow":"follow","max-snippet":"max-snippet:-1","max-image-preview":"max-image-preview:large","max-video-preview":"max-video-preview:-1"},"canonical":"https:\/\/cvinoticias.com\/v3\/destacaron-el-trabajo-conjunto-entre-el-sector-publico-y-privado-en-el-lanzamiento-del-ahora-eventos\/","og_locale":"es_ES","og_type":"article","og_title":"Destacaron el trabajo conjunto entre el sector P\u00fablico y Privado en el lanzamiento del :Ahora Eventos\" | CVI NOTICIAS","og_description":"El Gobernador, juntos a representantes del sector empresario y comercial, anunci\u00f3 la puesta en marcha del \u201cAhora Eventos\u201d, un nuevo programa provincial que suma beneficios al \u201cAhora Misiones\u201d y al \u201cAhora Monedero\u201d. Tendr\u00e1 vigencia de lunes a mi\u00e9rcoles, con hasta 12 cuotas sin inter\u00e9s y reintegros de hasta 25%. En consonancia, Herrera Ahuad inform\u00f3 que [&hellip;]","og_url":"https:\/\/cvinoticias.com\/v3\/destacaron-el-trabajo-conjunto-entre-el-sector-publico-y-privado-en-el-lanzamiento-del-ahora-eventos\/","og_site_name":"CVI NOTICIAS","article_publisher":"https:\/\/www.facebook.com\/cvinoticias","article_published_time":"2021-11-11T17:20:28+00:00","og_image":[{"width":1080,"height":720,"url":"https:\/\/cvinoticias.com\/wp-content\/uploads\/2021\/11\/FB_IMG_1636650829405.jpg","type":"image\/jpeg"}],"author":"f1000024","twitter_card":"summary_large_image","twitter_misc":{"Escrito por":"f1000024","Tiempo de lectura":"3 minutos"},"schema":{"@context":"https:\/\/schema.org","@graph":[{"@type":"Article","@id":"https:\/\/cvinoticias.com\/v3\/destacaron-el-trabajo-conjunto-entre-el-sector-publico-y-privado-en-el-lanzamiento-del-ahora-eventos\/#article","isPartOf":{"@id":"https:\/\/cvinoticias.com\/v3\/destacaron-el-trabajo-conjunto-entre-el-sector-publico-y-privado-en-el-lanzamiento-del-ahora-eventos\/"},"author":{"name":"f1000024","@id":"https:\/\/cvinoticias.com\/v3\/#\/schema\/person\/2db77e3c6bc03c538495d7b2b8be9b66"},"headline":"Destacaron el trabajo conjunto entre el sector P\u00fablico y Privado en el lanzamiento del :Ahora Eventos\u00bb","datePublished":"2021-11-11T17:20:28+00:00","mainEntityOfPage":{"@id":"https:\/\/cvinoticias.com\/v3\/destacaron-el-trabajo-conjunto-entre-el-sector-publico-y-privado-en-el-lanzamiento-del-ahora-eventos\/"},"wordCount":674,"commentCount":0,"publisher":{"@id":"https:\/\/cvinoticias.com\/v3\/#organization"},"image":{"@id":"https:\/\/cvinoticias.com\/v3\/destacaron-el-trabajo-conjunto-entre-el-sector-publico-y-privado-en-el-lanzamiento-del-ahora-eventos\/#primaryimage"},"thumbnailUrl":"https:\/\/cvinoticias.com\/wp-content\/uploads\/2021\/11\/FB_IMG_1636650829405.jpg","articleSection":["Provinciales"],"inLanguage":"es","potentialAction":[{"@type":"CommentAction","name":"Comment","target":["https:\/\/cvinoticias.com\/v3\/destacaron-el-trabajo-conjunto-entre-el-sector-publico-y-privado-en-el-lanzamiento-del-ahora-eventos\/#respond"]}]},{"@type":"WebPage","@id":"https:\/\/cvinoticias.com\/v3\/destacaron-el-trabajo-conjunto-entre-el-sector-publico-y-privado-en-el-lanzamiento-del-ahora-eventos\/","url":"https:\/\/cvinoticias.com\/v3\/destacaron-el-trabajo-conjunto-entre-el-sector-publico-y-privado-en-el-lanzamiento-del-ahora-eventos\/","name":"Destacaron el trabajo conjunto entre el sector P\u00fablico y Privado en el lanzamiento del :Ahora Eventos\" | CVI NOTICIAS","isPartOf":{"@id":"https:\/\/cvinoticias.com\/v3\/#website"},"primaryImageOfPage":{"@id":"https:\/\/cvinoticias.com\/v3\/destacaron-el-trabajo-conjunto-entre-el-sector-publico-y-privado-en-el-lanzamiento-del-ahora-eventos\/#primaryimage"},"image":{"@id":"https:\/\/cvinoticias.com\/v3\/destacaron-el-trabajo-conjunto-entre-el-sector-publico-y-privado-en-el-lanzamiento-del-ahora-eventos\/#primaryimage"},"thumbnailUrl":"https:\/\/cvinoticias.com\/wp-content\/uploads\/2021\/11\/FB_IMG_1636650829405.jpg","datePublished":"2021-11-11T17:20:28+00:00","breadcrumb":{"@id":"https:\/\/cvinoticias.com\/v3\/destacaron-el-trabajo-conjunto-entre-el-sector-publico-y-privado-en-el-lanzamiento-del-ahora-eventos\/#breadcrumb"},"inLanguage":"es","potentialAction":[{"@type":"ReadAction","target":["https:\/\/cvinoticias.com\/v3\/destacaron-el-trabajo-conjunto-entre-el-sector-publico-y-privado-en-el-lanzamiento-del-ahora-eventos\/"]}]},{"@type":"ImageObject","inLanguage":"es","@id":"https:\/\/cvinoticias.com\/v3\/destacaron-el-trabajo-conjunto-entre-el-sector-publico-y-privado-en-el-lanzamiento-del-ahora-eventos\/#primaryimage","url":"https:\/\/cvinoticias.com\/wp-content\/uploads\/2021\/11\/FB_IMG_1636650829405.jpg","contentUrl":"https:\/\/cvinoticias.com\/wp-content\/uploads\/2021\/11\/FB_IMG_1636650829405.jpg","width":1080,"height":720},{"@type":"BreadcrumbList","@id":"https:\/\/cvinoticias.com\/v3\/destacaron-el-trabajo-conjunto-entre-el-sector-publico-y-privado-en-el-lanzamiento-del-ahora-eventos\/#breadcrumb","itemListElement":[{"@type":"ListItem","position":1,"name":"Portada","item":"https:\/\/cvinoticias.com\/v3\/"},{"@type":"ListItem","position":2,"name":"Destacaron el trabajo conjunto entre el sector P\u00fablico y Privado en el lanzamiento del :Ahora Eventos\u00bb"}]},{"@type":"WebSite","@id":"https:\/\/cvinoticias.com\/v3\/#website","url":"https:\/\/cvinoticias.com\/v3\/","name":"CVI NOTICIAS","description":"","publisher":{"@id":"https:\/\/cvinoticias.com\/v3\/#organization"},"alternateName":"CVI","potentialAction":[{"@type":"SearchAction","target":{"@type":"EntryPoint","urlTemplate":"https:\/\/cvinoticias.com\/v3\/?s={search_term_string}"},"query-input":{"@type":"PropertyValueSpecification","valueRequired":true,"valueName":"search_term_string"}}],"inLanguage":"es"},{"@type":"Organization","@id":"https:\/\/cvinoticias.com\/v3\/#organization","name":"CVI NOTICIAS","url":"https:\/\/cvinoticias.com\/v3\/","logo":{"@type":"ImageObject","inLanguage":"es","@id":"https:\/\/cvinoticias.com\/v3\/#\/schema\/logo\/image\/","url":"https:\/\/cvinoticias.com\/wp-content\/uploads\/2023\/04\/cropped-cropped-cropped-cropped-cropped-3-1.png","contentUrl":"https:\/\/cvinoticias.com\/wp-content\/uploads\/2023\/04\/cropped-cropped-cropped-cropped-cropped-3-1.png","width":95,"height":122,"caption":"CVI NOTICIAS"},"image":{"@id":"https:\/\/cvinoticias.com\/v3\/#\/schema\/logo\/image\/"},"sameAs":["https:\/\/www.facebook.com\/cvinoticias","https:\/\/www.instagram.com\/cvinoticias\/","https:\/\/www.youtube.com\/@CVINOTICIAS"]},{"@type":"Person","@id":"https:\/\/cvinoticias.com\/v3\/#\/schema\/person\/2db77e3c6bc03c538495d7b2b8be9b66","name":"f1000024","image":{"@type":"ImageObject","inLanguage":"es","@id":"https:\/\/secure.gravatar.com\/avatar\/d4fe7459cfc51ff5129ce1a732bbef5928568b8092d412ef95611616376bbeed?s=96&d=mm&r=g","url":"https:\/\/secure.gravatar.com\/avatar\/d4fe7459cfc51ff5129ce1a732bbef5928568b8092d412ef95611616376bbeed?s=96&d=mm&r=g","contentUrl":"https:\/\/secure.gravatar.com\/avatar\/d4fe7459cfc51ff5129ce1a732bbef5928568b8092d412ef95611616376bbeed?s=96&d=mm&r=g","caption":"f1000024"},"url":"https:\/\/cvinoticias.com\/v3\/author\/f1000024\/"}]}},"_links":{"self":[{"href":"https:\/\/cvinoticias.com\/v3\/wp-json\/wp\/v2\/posts\/10533","targetHints":{"allow":["GET"]}}],"collection":[{"href":"https:\/\/cvinoticias.com\/v3\/wp-json\/wp\/v2\/posts"}],"about":[{"href":"https:\/\/cvinoticias.com\/v3\/wp-json\/wp\/v2\/types\/post"}],"author":[{"embeddable":true,"href":"https:\/\/cvinoticias.com\/v3\/wp-json\/wp\/v2\/users\/2"}],"replies":[{"embeddable":true,"href":"https:\/\/cvinoticias.com\/v3\/wp-json\/wp\/v2\/comments?post=10533"}],"version-history":[{"count":1,"href":"https:\/\/cvinoticias.com\/v3\/wp-json\/wp\/v2\/posts\/10533\/revisions"}],"predecessor-version":[{"id":10537,"href":"https:\/\/cvinoticias.com\/v3\/wp-json\/wp\/v2\/posts\/10533\/revisions\/10537"}],"wp:featuredmedia":[{"embeddable":true,"href":"https:\/\/cvinoticias.com\/v3\/wp-json\/wp\/v2\/media\/10536"}],"wp:attachment":[{"href":"https:\/\/cvinoticias.com\/v3\/wp-json\/wp\/v2\/media?parent=10533"}],"wp:term":[{"taxonomy":"category","embeddable":true,"href":"https:\/\/cvinoticias.com\/v3\/wp-json\/wp\/v2\/categories?post=10533"},{"taxonomy":"post_tag","embeddable":true,"href":"https:\/\/cvinoticias.com\/v3\/wp-json\/wp\/v2\/tags?post=10533"}],"curies":[{"name":"wp","href":"https:\/\/api.w.org\/{rel}","templated":true}]}}